{"id":85366,"date":"2025-11-26T08:00:00","date_gmt":"2025-11-26T11:00:00","guid":{"rendered":"https:\/\/patagoniambiental.com.ar\/info\/?p=85366"},"modified":"2025-11-26T18:38:04","modified_gmt":"2025-11-26T21:38:04","slug":"para-2030-latam-incrementaria-hasta-460-generacion-de-energia-via-solar-y-eolica","status":"publish","type":"post","link":"https:\/\/patagoniambiental.com.ar\/info\/para-2030-latam-incrementaria-hasta-460-generacion-de-energia-via-solar-y-eolica\/","title":{"rendered":"Am\u00e9rica Latina al L\u00edmite: 2025 Decide Nuestro Futuro Clim\u00e1tico"},"content":{"rendered":"\n<!--more-->\n\n\n\n<p><a href=\"https:\/\/www.climatereality.lat\/\">C<\/a><\/p>\n\n\n\n<p>EBjenos Aires, Argentina, 25 de noviembre de 2025. n un a\u00f1o que ya es considerado por la comunidad cient\u00edfica y clim\u00e1tica internacional como uno de los m\u00e1s decisivos de nuestra historia reciente, Am\u00e9rica Latina y el Caribe se encuentran en el centro de un debate que podr\u00eda cambiar el destino del planeta. El 2025 marca un punto de inflexi\u00f3n en el cumplimiento del Acuerdo de Par\u00eds, un momento en el que los pa\u00edses deben presentar la actualizaci\u00f3n de sus Contribuciones Nacionalmente Determinadas (NDC), es decir, los compromisos clim\u00e1ticos que definir\u00e1n el rumbo de la acci\u00f3n ambiental hasta 2030 y m\u00e1s all\u00e1.<\/p>\n\n\n\n<p> Lo que ocurra este a\u00f1o tendr\u00e1 repercusiones que afectar\u00e1n nuestras ciudades, nuestras econom\u00edas, nuestra agricultura, la protecci\u00f3n de los bosques, el acceso al agua y a los alimentos, y hasta la magnitud de las migraciones clim\u00e1ticas. La pregunta que muchos expertos plantean es inevitable: <strong>\u00bfest\u00e1 la regi\u00f3n preparada para actuar al ritmo y escala que exige la crisis clim\u00e1tica?<\/strong> Ese es el gran interrogante que atraviesa esta noticia.<\/p>\n\n\n\n<p><strong>\ud83d\udd0e \u00bfPor qu\u00e9 2025 es el a\u00f1o m\u00e1s decisivo para la acci\u00f3n clim\u00e1tica global?<\/strong><\/p>\n\n\n\n<p>El 2025 representa el tercer ciclo formal de actualizaci\u00f3n de las NDCs desde la firma del Acuerdo de Par\u00eds en 2015. Esto significa que los pa\u00edses deben elevar sustancialmente su ambici\u00f3n clim\u00e1tica y proponer metas m\u00e1s estrictas de reducci\u00f3n de emisiones, adaptaci\u00f3n y transici\u00f3n hacia energ\u00edas limpias. De esta actualizaci\u00f3n depende que el mundo mantenga viva la posibilidad de limitar el calentamiento global a 1,5 \u00b0C, un umbral que, seg\u00fan m\u00faltiples informes cient\u00edficos, podr\u00eda marcar la diferencia entre un planeta a\u00fan habitable y uno sometido a olas de calor insoportables, p\u00e9rdidas irreversibles de biodiversidad, ciudades inundadas y millones de desplazados. En este contexto, los pa\u00edses latinoamericanos \u2014ricos en biodiversidad, recursos naturales y potencial energ\u00e9tico renovable\u2014 son actores estrat\u00e9gicos para garantizar un futuro estable y sostenible, pero tambi\u00e9n son regiones altamente vulnerables a eventos extremos cada vez m\u00e1s frecuentes.<\/p>\n\n\n\n<p><strong>\ud83c\udf0e Am\u00e9rica Latina: una regi\u00f3n clave para frenar el cambio clim\u00e1tico global<\/strong><\/p>\n\n\n\n<p>La importancia de Am\u00e9rica Latina en la lucha clim\u00e1tica no reside \u00fanicamente en su diversidad biol\u00f3gica o en la extensi\u00f3n de sus ecosistemas, sino tambi\u00e9n en su papel como regulador natural del clima. Territorios como el Amazonas, el Gran Chaco, la Mata Atl\u00e1ntica, los manglares del Caribe, los P\u00e1ramos de Argentina y Chile, la corriente de Humboldt y la Patagonia forman una red ambiental que absorbe enormes cantidades de CO\u2082 y amortigua los impactos de sequ\u00edas, inundaciones y tormentas. Sin embargo, estos ecosistemas se encuentran amenazados por la expansi\u00f3n agr\u00edcola, la deforestaci\u00f3n, la miner\u00eda, los incendios forestales y el extractivismo energ\u00e9tico. El aumento de la temperatura media global est\u00e1 acelerando procesos de degradaci\u00f3n que podr\u00edan tener efectos irreversibles si no se act\u00faa con urgencia en \u00e1reas de conservaci\u00f3n, pol\u00edticas de mitigaci\u00f3n y medidas de adaptaci\u00f3n.<\/p>\n\n\n\n<p><strong>\ud83d\udca5 El impacto del cambio clim\u00e1tico en la agricultura latinoamericana<\/strong><\/p>\n\n\n\n<p>Uno de los sectores m\u00e1s afectados por el calentamiento global es la agricultura, que en Am\u00e9rica Latina representa entre el 5% y el 18% del PIB regional y emplea a millones de personas. La degradaci\u00f3n de suelos, la proliferaci\u00f3n de plagas, la reducci\u00f3n de rendimientos y la incertidumbre clim\u00e1tica ponen en riesgo la seguridad alimentaria en una regi\u00f3n que posee el 28% de las tierras cultivables del mundo. A esto se suma una demanda global de alimentos que podr\u00eda aumentar un 60% para 2050, seg\u00fan la FAO. Si los pa\u00edses no integran estrategias de adaptaci\u00f3n robustas en sus NDCs \u2014como pr\u00e1cticas agr\u00edcolas regenerativas, manejo sostenible del agua y promoci\u00f3n de agricultura resiliente al clima\u2014 la regi\u00f3n podr\u00eda enfrentar p\u00e9rdidas econ\u00f3micas severas y mayor vulnerabilidad social.<\/p>\n\n\n\n<p><strong>\ud83d\udd25 Subsidios f\u00f3siles: el obst\u00e1culo gigante que impide la transici\u00f3n energ\u00e9tica<\/strong><\/p>\n\n\n\n<p>A pesar de los avances en energ\u00edas limpias, el mundo a\u00fan destina cifras colosales al mantenimiento de combustibles f\u00f3siles. S\u00f3lo en 2022, los subsidios al carb\u00f3n, petr\u00f3leo y gas alcanzaron <strong>1,3 billones de d\u00f3lares<\/strong>, m\u00e1s del doble que en 2020. En Am\u00e9rica Latina, estos subsidios contin\u00faan representando una barrera para la adopci\u00f3n de energ\u00edas renovables de bajo costo, adem\u00e1s de perpetuar un modelo energ\u00e9tico incompatible con los objetivos clim\u00e1ticos globales. Expertos ambientales advierten que seguir subvencionando combustibles f\u00f3siles es condenar a la regi\u00f3n a un futuro de vulnerabilidad, contaminaci\u00f3n y dependencia econ\u00f3mica, mientras se desaprovechan recursos clave que podr\u00edan destinarse a educaci\u00f3n, salud, innovaci\u00f3n y proyectos de transici\u00f3n energ\u00e9tica justa.<\/p>\n\n\n\n<p><strong>\u26a1 El potencial renovable de Am\u00e9rica Latina: una oportunidad hist\u00f3rica<\/strong><\/p>\n\n\n\n<p>Organizaciones como Global Energy Monitor anticipan que, si los pa\u00edses de la regi\u00f3n aceleran las inversiones en energ\u00eda e\u00f3lica y solar, para 2030 podr\u00eda alcanzarse un incremento del <strong>460% en la generaci\u00f3n renovable<\/strong>. Esto convertir\u00eda a Am\u00e9rica Latina en un referente mundial de transici\u00f3n energ\u00e9tica, con un modelo basado en fuentes limpias, baratas y abundantes. Argentina, Brasil y M\u00e9xico, por ejemplo, poseen algunos de los mejores recursos del mundo para expandir parques e\u00f3licos, solares y geot\u00e9rmicos, aunque todav\u00eda mantienen grandes inversiones en petr\u00f3leo y gas. Aprovechar este potencial no s\u00f3lo permitir\u00eda reducir emisiones, sino tambi\u00e9n crear empleo, dinamizar econom\u00edas regionales y garantizar seguridad energ\u00e9tica.<\/p>\n\n\n\n<p><strong>\ud83d\uded1 El gran problema: compromisos insuficientes y metas inconsistentes<\/strong><\/p>\n\n\n\n<p>A pesar del potencial de la regi\u00f3n, muchos compromisos clim\u00e1ticos contin\u00faan siendo insuficientes. Argentina y Brasil s\u00ed tienen metas de carbono neutralidad hacia 2050, pero ninguno de los tres pa\u00edses m\u00e1s influyentes \u2014Argentina, Brasil y M\u00e9xico\u2014 posee planes concretos para eliminar el carb\u00f3n, reducir dr\u00e1sticamente el gas o abandonar los subsidios a combustibles f\u00f3siles para 2030. Tampoco han adoptado metas de reducci\u00f3n de emisiones que sean completamente coherentes con el Acuerdo de Par\u00eds. Esto crea un desfasaje entre el discurso internacional y la acci\u00f3n interna. La actualizaci\u00f3n de las NDCs en 2025 debe cerrar este vac\u00edo con objetivos claros, medibles y vinculantes.<\/p>\n\n\n\n<p><strong>\ud83c\udf10 El G20 en Brasil: un escenario decisivo para la diplomacia clim\u00e1tica<\/strong><\/p>\n\n\n\n<p>En noviembre de 2025, Brasil ser\u00e1 sede del G20, una cita clave para la discusi\u00f3n del financiamiento clim\u00e1tico, la cooperaci\u00f3n internacional y la revisi\u00f3n de pol\u00edticas de mitigaci\u00f3n global. Los pa\u00edses del G20 representan el 80% de las emisiones mundiales, lo que convierte esta cumbre en un espacio cr\u00edtico para presionar por compromisos m\u00e1s ambiciosos. Am\u00e9rica Latina tendr\u00e1 una posici\u00f3n estrat\u00e9gica para influir en la redirecci\u00f3n de fondos hacia energ\u00edas limpias, la eliminaci\u00f3n gradual de subsidios f\u00f3siles y el fortalecimiento de bancos multilaterales de desarrollo que impulsen infraestructura resiliente y justicia clim\u00e1tica.<\/p>\n\n\n\n<p><strong>\ud83c\udf31 \u201cNuestro Desaf\u00edo Com\u00fan\u201d: la campa\u00f1a que busca movilizar a millones<\/strong><\/p>\n\n\n\n<p>Frente a este panorama, The Climate Reality Project Am\u00e9rica Latina lanz\u00f3 la campa\u00f1a <strong>\u201cNuestro Desaf\u00edo Com\u00fan\u201d<\/strong>, una iniciativa que busca empoderar a la ciudadan\u00eda para participar en las consultas p\u00fablicas sobre las NDCs y exigir compromisos m\u00e1s ambiciosos a los gobiernos. Durante agosto, organizaciones ambientales y expertos ofrecer\u00e1n capacitaciones, webinars y materiales informativos con el objetivo de generar una base social informada capaz de influir en el proceso pol\u00edtico. Esta es una oportunidad hist\u00f3rica para promover la participaci\u00f3n civil en decisiones que definir\u00e1n el futuro de la regi\u00f3n.<\/p>\n\n\n\n<p><strong>\ud83e\udded \u00bfQu\u00e9 deber\u00eda incluir una NDC verdaderamente ambiciosa?<\/strong><\/p>\n\n\n\n<p>Una NDC s\u00f3lida debe incluir metas claras de reducci\u00f3n de emisiones alineadas con 1,5 \u00b0C, eliminaci\u00f3n progresiva de combustibles f\u00f3siles, protecci\u00f3n estricta de ecosistemas cr\u00edticos, financiamiento para adaptaci\u00f3n, transici\u00f3n justa para trabajadores y expansi\u00f3n masiva de energ\u00edas renovables. Adem\u00e1s, debe incorporar justicia clim\u00e1tica, equidad social y mecanismos de seguimiento y reporte transparentes. La regi\u00f3n tiene la capacidad t\u00e9cnica y los recursos naturales para cumplir estas metas, pero requiere voluntad pol\u00edtica, cooperaci\u00f3n internacional y presi\u00f3n social.<\/p>\n\n\n\n<p><strong>\ud83c\udf0a Am\u00e9rica Latina ante un punto de no retorno<\/strong><\/p>\n\n\n\n<p>Los cient\u00edficos coinciden en que el planeta se acerca peligrosamente a umbrales irreversibles. El aumento del nivel del mar, la intensificaci\u00f3n de tormentas tropicales, la desertificaci\u00f3n acelerada y la p\u00e9rdida de glaciares son se\u00f1ales de un clima cada vez m\u00e1s inestable. Am\u00e9rica Latina, una regi\u00f3n altamente vulnerable pero tambi\u00e9n repleta de soluciones naturales, se encuentra en una carrera contra el tiempo. Las decisiones que tomen los gobiernos en 2025 ser\u00e1n determinantes para saber si la regi\u00f3n caminar\u00e1 hacia la resiliencia o hacia el colapso clim\u00e1tico.<\/p>\n\n\n\n<p><\/p>\n\n\n\n<p><br><\/p>\n\n\n\n<figure class=\"wp-block-image\" id=\"attachment_18985\"><img decoding=\"async\" src=\"https:\/\/www.pv-magazine-mexico.com\/wp-content\/uploads\/sites\/10\/2019\/10\/arboles-caidos-II-600x450.jpg\" alt=\"\" class=\"wp-image-18985\"\/><figcaption class=\"wp-element-caption\">La fuerza de la naturaleza. \u00c1rboles derribados por las inclemencias naturales de tormentas tropicales. Selva Lacandona, Chiapas. Imagen de Jorge Zarco<\/figcaption><\/figure>\n\n\n\n<p>.<\/p>\n\n\n\n<figure class=\"wp-block-image\" id=\"attachment_16728\"><img decoding=\"async\" src=\"https:\/\/www.pv-magazine-mexico.com\/wp-content\/uploads\/sites\/10\/2019\/03\/Ilum%C3%ADnate-en-Jalisco-5-600x450.jpeg\" alt=\"\" class=\"wp-image-16728\"\/><figcaption class=\"wp-element-caption\">Transportando equipo fotovoltaico hasta regiones donde no llegar\u00e1 la red el\u00e9ctrica. Imagen de Asolmex.<\/figcaption><\/figure>\n\n\n\n<p><\/p>\n","protected":false},"excerpt":{"rendered":"","protected":false},"author":2,"featured_media":99846,"comment_status":"open","ping_status":"open","sticky":false,"template":"","format":"standard","meta":{"site-sidebar-layout":"default","site-content-layout":"","ast-site-content-layout":"default","site-content-style":"default","site-sidebar-style":"default","ast-global-header-display":"","ast-banner-title-visibility":"","ast-main-header-display":"","ast-hfb-above-header-display":"","ast-hfb-below-header-display":"","ast-hfb-mobile-header-display":"","site-post-title":"","ast-breadcrumbs-content":"","ast-featured-img":"","footer-sml-layout":"","ast-disable-related-posts":"","theme-transparent-header-meta":"","adv-header-id-meta":"","stick-header-meta":"","header-above-stick-meta":"","header-main-stick-meta":"","header-below-stick-meta":"","astra-migrate-meta-layouts":"default","ast-page-background-enabled":"default","ast-page-background-meta":{"desktop":{"background-color":"var(--ast-global-color-5)","background-image":"","background-repeat":"repeat","background-position":"center center","background-size":"auto","background-attachment":"scroll","background-type":"","background-media":"","overlay-type":"","overlay-color":"","overlay-opacity":"","overlay-gradient":""},"tablet":{"background-color":"","background-image":"","background-repeat":"repeat","background-position":"center center","background-size":"auto","background-attachment":"scroll","background-type":"","background-media":"","overlay-type":"","overlay-color":"","overlay-opacity":"","overlay-gradient":""},"mobile":{"background-color":"","background-image":"","background-repeat":"repeat","background-position":"center center","background-size":"auto","background-attachment":"scroll","background-type":"","background-media":"","overlay-type":"","overlay-color":"","overlay-opacity":"","overlay-gradient":""}},"ast-content-background-meta":{"desktop":{"background-color":"var(--ast-global-color-4)","background-image":"","background-repeat":"repeat","background-position":"center center","background-size":"auto","background-attachment":"scroll","background-type":"","background-media":"","overlay-type":"","overlay-color":"","overlay-opacity":"","overlay-gradient":""},"tablet":{"background-color":"var(--ast-global-color-4)","background-image":"","background-repeat":"repeat","background-position":"center center","background-size":"auto","background-attachment":"scroll","background-type":"","background-media":"","overlay-type":"","overlay-color":"","overlay-opacity":"","overlay-gradient":""},"mobile":{"background-color":"var(--ast-global-color-4)","background-image":"","background-repeat":"repeat","background-position":"center center","background-size":"auto","background-attachment":"scroll","background-type":"","background-media":"","overlay-type":"","overlay-color":"","overlay-opacity":"","overlay-gradient":""}},"footnotes":""},"categories":[3379,1],"tags":[],"class_list":["post-85366","post","type-post","status-publish","format-standard","has-post-thumbnail","hentry","category-america-latina","category-noticias"],"yoast_head":"<!-- This site is optimized with the Yoast SEO Premium plugin v23.0 (Yoast SEO v27.5) - https:\/\/yoast.com\/product\/yoast-seo-premium-wordpress\/ -->\n<title>Am\u00e9rica Latina al L\u00edmite: 2025 Decide Nuestro Futuro Clim\u00e1tico En un a\u00f1o que ya es considerado por la comunidad cient\u00edfica y clim\u00e1tica internacional como uno de los m\u00e1s decisivos de nuestra historia reciente<\/title>\n<meta name=\"description\" content=\"En un a\u00f1o que ya es considerado por la comunidad cient\u00edfica y clim\u00e1tica internacional como uno de los m\u00e1s decisivos de nuestra historia reciente, Am\u00e9rica Latina y el Caribe se encuentran en el centro de un debate que podr\u00eda cambiar el destino del planeta. El 2025 marca un punto de inflexi\u00f3n en el cumplimiento del Acuerdo de Par\u00eds, un momento en el que\" \/>\n<meta name=\"robots\" content=\"index, follow, max-snippet:-1, max-image-preview:large, max-video-preview:-1\" \/>\n<link rel=\"canonical\" href=\"https:\/\/patagoniambiental.com.ar\/info\/para-2030-latam-incrementaria-hasta-460-generacion-de-energia-via-solar-y-eolica\/\" \/>\n<meta property=\"og:locale\" content=\"es_ES\" \/>\n<meta property=\"og:type\" content=\"article\" \/>\n<meta property=\"og:title\" content=\"Am\u00e9rica Latina al L\u00edmite: 2025 Decide Nuestro Futuro Clim\u00e1tico\" \/>\n<meta property=\"og:description\" content=\"En un a\u00f1o que ya es considerado por la comunidad cient\u00edfica y clim\u00e1tica internacional como uno de los m\u00e1s decisivos de nuestra historia reciente, Am\u00e9rica Latina y el Caribe se encuentran en el centro de un debate que podr\u00eda cambiar el destino del planeta. El 2025 marca un punto de inflexi\u00f3n en el cumplimiento del Acuerdo de Par\u00eds, un momento en el que\" \/>\n<meta property=\"og:url\" content=\"https:\/\/patagoniambiental.com.ar\/info\/para-2030-latam-incrementaria-hasta-460-generacion-de-energia-via-solar-y-eolica\/\" \/>\n<meta property=\"og:site_name\" content=\"Patagonia Ambiental\" \/>\n<meta property=\"article:publisher\" content=\"https:\/\/www.facebook.com\/patagonia.ambiental\" \/>\n<meta property=\"article:author\" content=\"https:\/\/www.facebook.com\/share\/1C1V8Gv9BX\/?mibextid=qi2Omg\" \/>\n<meta property=\"article:published_time\" content=\"2025-11-26T11:00:00+00:00\" \/>\n<meta property=\"article:modified_time\" content=\"2025-11-26T21:38:04+00:00\" \/>\n<meta property=\"og:image\" content=\"https:\/\/patagoniambiental.com.ar\/info\/wp-content\/uploads\/2024\/08\/1000205306.png\" \/>\n\t<meta property=\"og:image:width\" content=\"857\" \/>\n\t<meta property=\"og:image:height\" content=\"478\" \/>\n\t<meta property=\"og:image:type\" content=\"image\/png\" \/>\n<meta name=\"author\" content=\"Patagonia Ambiental\" \/>\n<meta name=\"twitter:card\" content=\"summary_large_image\" \/>\n<meta name=\"twitter:creator\" content=\"@PatAmb\" \/>\n<meta name=\"twitter:site\" content=\"@PatAmb\" \/>\n<script type=\"application\/ld+json\" class=\"yoast-schema-graph\">{\"@context\":\"https:\\\/\\\/schema.org\",\"@graph\":[{\"@type\":\"Article\",\"@id\":\"https:\\\/\\\/patagoniambiental.com.ar\\\/info\\\/para-2030-latam-incrementaria-hasta-460-generacion-de-energia-via-solar-y-eolica\\\/#article\",\"isPartOf\":{\"@id\":\"https:\\\/\\\/patagoniambiental.com.ar\\\/info\\\/para-2030-latam-incrementaria-hasta-460-generacion-de-energia-via-solar-y-eolica\\\/\"},\"author\":{\"name\":\"Patagonia Ambiental\",\"@id\":\"https:\\\/\\\/patagoniambiental.com.ar\\\/info\\\/#\\\/schema\\\/person\\\/db12bff64bbcbf6a253710bf0ea37b5d\"},\"headline\":\"Am\u00e9rica Latina al L\u00edmite: 2025 Decide Nuestro Futuro Clim\u00e1tico\",\"datePublished\":\"2025-11-26T11:00:00+00:00\",\"dateModified\":\"2025-11-26T21:38:04+00:00\",\"mainEntityOfPage\":{\"@id\":\"https:\\\/\\\/patagoniambiental.com.ar\\\/info\\\/para-2030-latam-incrementaria-hasta-460-generacion-de-energia-via-solar-y-eolica\\\/\"},\"wordCount\":1560,\"commentCount\":0,\"publisher\":{\"@id\":\"https:\\\/\\\/patagoniambiental.com.ar\\\/info\\\/#organization\"},\"image\":{\"@id\":\"https:\\\/\\\/patagoniambiental.com.ar\\\/info\\\/para-2030-latam-incrementaria-hasta-460-generacion-de-energia-via-solar-y-eolica\\\/#primaryimage\"},\"thumbnailUrl\":\"https:\\\/\\\/patagoniambiental.com.ar\\\/info\\\/wp-content\\\/uploads\\\/2024\\\/08\\\/1000205306.png\",\"articleSection\":[\"Am\u00e9rica Latina\",\"Noticias\"],\"inLanguage\":\"es\",\"potentialAction\":[{\"@type\":\"CommentAction\",\"name\":\"Comment\",\"target\":[\"https:\\\/\\\/patagoniambiental.com.ar\\\/info\\\/para-2030-latam-incrementaria-hasta-460-generacion-de-energia-via-solar-y-eolica\\\/#respond\"]}]},{\"@type\":\"WebPage\",\"@id\":\"https:\\\/\\\/patagoniambiental.com.ar\\\/info\\\/para-2030-latam-incrementaria-hasta-460-generacion-de-energia-via-solar-y-eolica\\\/\",\"url\":\"https:\\\/\\\/patagoniambiental.com.ar\\\/info\\\/para-2030-latam-incrementaria-hasta-460-generacion-de-energia-via-solar-y-eolica\\\/\",\"name\":\"Am\u00e9rica Latina al L\u00edmite: 2025 Decide Nuestro Futuro Clim\u00e1tico En un a\u00f1o que ya es considerado por la comunidad cient\u00edfica y clim\u00e1tica internacional como uno de los m\u00e1s decisivos de nuestra historia reciente\",\"isPartOf\":{\"@id\":\"https:\\\/\\\/patagoniambiental.com.ar\\\/info\\\/#website\"},\"primaryImageOfPage\":{\"@id\":\"https:\\\/\\\/patagoniambiental.com.ar\\\/info\\\/para-2030-latam-incrementaria-hasta-460-generacion-de-energia-via-solar-y-eolica\\\/#primaryimage\"},\"image\":{\"@id\":\"https:\\\/\\\/patagoniambiental.com.ar\\\/info\\\/para-2030-latam-incrementaria-hasta-460-generacion-de-energia-via-solar-y-eolica\\\/#primaryimage\"},\"thumbnailUrl\":\"https:\\\/\\\/patagoniambiental.com.ar\\\/info\\\/wp-content\\\/uploads\\\/2024\\\/08\\\/1000205306.png\",\"datePublished\":\"2025-11-26T11:00:00+00:00\",\"dateModified\":\"2025-11-26T21:38:04+00:00\",\"description\":\"En un a\u00f1o que ya es considerado por la comunidad cient\u00edfica y clim\u00e1tica internacional como uno de los m\u00e1s decisivos de nuestra historia reciente, Am\u00e9rica Latina y el Caribe se encuentran en el centro de un debate que podr\u00eda cambiar el destino del planeta. El 2025 marca un punto de inflexi\u00f3n en el cumplimiento del Acuerdo de Par\u00eds, un momento en el que\",\"breadcrumb\":{\"@id\":\"https:\\\/\\\/patagoniambiental.com.ar\\\/info\\\/para-2030-latam-incrementaria-hasta-460-generacion-de-energia-via-solar-y-eolica\\\/#breadcrumb\"},\"inLanguage\":\"es\",\"potentialAction\":[{\"@type\":\"ReadAction\",\"target\":[\"https:\\\/\\\/patagoniambiental.com.ar\\\/info\\\/para-2030-latam-incrementaria-hasta-460-generacion-de-energia-via-solar-y-eolica\\\/\"]}]},{\"@type\":\"ImageObject\",\"inLanguage\":\"es\",\"@id\":\"https:\\\/\\\/patagoniambiental.com.ar\\\/info\\\/para-2030-latam-incrementaria-hasta-460-generacion-de-energia-via-solar-y-eolica\\\/#primaryimage\",\"url\":\"https:\\\/\\\/patagoniambiental.com.ar\\\/info\\\/wp-content\\\/uploads\\\/2024\\\/08\\\/1000205306.png\",\"contentUrl\":\"https:\\\/\\\/patagoniambiental.com.ar\\\/info\\\/wp-content\\\/uploads\\\/2024\\\/08\\\/1000205306.png\",\"width\":857,\"height\":478,\"caption\":\"Imagen: NASA\"},{\"@type\":\"BreadcrumbList\",\"@id\":\"https:\\\/\\\/patagoniambiental.com.ar\\\/info\\\/para-2030-latam-incrementaria-hasta-460-generacion-de-energia-via-solar-y-eolica\\\/#breadcrumb\",\"itemListElement\":[{\"@type\":\"ListItem\",\"position\":1,\"name\":\"Inicio\",\"item\":\"https:\\\/\\\/patagoniambiental.com.ar\\\/info\\\/\"},{\"@type\":\"ListItem\",\"position\":2,\"name\":\"Am\u00e9rica Latina al L\u00edmite: 2025 Decide Nuestro Futuro Clim\u00e1tico\"}]},{\"@type\":\"WebSite\",\"@id\":\"https:\\\/\\\/patagoniambiental.com.ar\\\/info\\\/#website\",\"url\":\"https:\\\/\\\/patagoniambiental.com.ar\\\/info\\\/\",\"name\":\"Patagonia Ambiental\",\"description\":\"Monitoreo y an\u00e1lisis de la situaci\u00f3n geopol\u00edtica en el mundo y su implicancia en la Patagonia\",\"publisher\":{\"@id\":\"https:\\\/\\\/patagoniambiental.com.ar\\\/info\\\/#organization\"},\"potentialAction\":[{\"@type\":\"SearchAction\",\"target\":{\"@type\":\"EntryPoint\",\"urlTemplate\":\"https:\\\/\\\/patagoniambiental.com.ar\\\/info\\\/?s={search_term_string}\"},\"query-input\":{\"@type\":\"PropertyValueSpecification\",\"valueRequired\":true,\"valueName\":\"search_term_string\"}}],\"inLanguage\":\"es\"},{\"@type\":\"Organization\",\"@id\":\"https:\\\/\\\/patagoniambiental.com.ar\\\/info\\\/#organization\",\"name\":\"Patagonia Ambiental\",\"url\":\"https:\\\/\\\/patagoniambiental.com.ar\\\/info\\\/\",\"logo\":{\"@type\":\"ImageObject\",\"inLanguage\":\"es\",\"@id\":\"https:\\\/\\\/patagoniambiental.com.ar\\\/info\\\/#\\\/schema\\\/logo\\\/image\\\/\",\"url\":\"https:\\\/\\\/patagoniambiental.com.ar\\\/info\\\/wp-content\\\/uploads\\\/2025\\\/05\\\/LOGO-PATAGONIA-AMBIENTAL.png\",\"contentUrl\":\"https:\\\/\\\/patagoniambiental.com.ar\\\/info\\\/wp-content\\\/uploads\\\/2025\\\/05\\\/LOGO-PATAGONIA-AMBIENTAL.png\",\"width\":433,\"height\":250,\"caption\":\"Patagonia Ambiental\"},\"image\":{\"@id\":\"https:\\\/\\\/patagoniambiental.com.ar\\\/info\\\/#\\\/schema\\\/logo\\\/image\\\/\"},\"sameAs\":[\"https:\\\/\\\/www.facebook.com\\\/patagonia.ambiental\",\"https:\\\/\\\/x.com\\\/PatAmb\"]},{\"@type\":\"Person\",\"@id\":\"https:\\\/\\\/patagoniambiental.com.ar\\\/info\\\/#\\\/schema\\\/person\\\/db12bff64bbcbf6a253710bf0ea37b5d\",\"name\":\"Patagonia Ambiental\",\"description\":\"Andr\u00e9s Nievas T\u00e9cnico en manejo ambiental, consultor Ambiental y escritor para medios locales e internacionales sobre temas de geopolitica y medio ambiente.\",\"sameAs\":[\"http:\\\/\\\/www.patagoniambiental.com.ar\",\"https:\\\/\\\/www.facebook.com\\\/share\\\/1C1V8Gv9BX\\\/?mibextid=qi2Omg\",\"@patagoniambiental\",\"https:\\\/\\\/youtube.com\\\/@patagoniaambiental2023?si=BLt58t0wuXquxlYZ\"]}]}<\/script>\n<!-- \/ Yoast SEO Premium plugin. -->","yoast_head_json":{"title":"Am\u00e9rica Latina al L\u00edmite: 2025 Decide Nuestro Futuro Clim\u00e1tico En un a\u00f1o que ya es considerado por la comunidad cient\u00edfica y clim\u00e1tica internacional como uno de los m\u00e1s decisivos de nuestra historia reciente","description":"En un a\u00f1o que ya es considerado por la comunidad cient\u00edfica y clim\u00e1tica internacional como uno de los m\u00e1s decisivos de nuestra historia reciente, Am\u00e9rica Latina y el Caribe se encuentran en el centro de un debate que podr\u00eda cambiar el destino del planeta. El 2025 marca un punto de inflexi\u00f3n en el cumplimiento del Acuerdo de Par\u00eds, un momento en el que","robots":{"index":"index","follow":"follow","max-snippet":"max-snippet:-1","max-image-preview":"max-image-preview:large","max-video-preview":"max-video-preview:-1"},"canonical":"https:\/\/patagoniambiental.com.ar\/info\/para-2030-latam-incrementaria-hasta-460-generacion-de-energia-via-solar-y-eolica\/","og_locale":"es_ES","og_type":"article","og_title":"Am\u00e9rica Latina al L\u00edmite: 2025 Decide Nuestro Futuro Clim\u00e1tico","og_description":"En un a\u00f1o que ya es considerado por la comunidad cient\u00edfica y clim\u00e1tica internacional como uno de los m\u00e1s decisivos de nuestra historia reciente, Am\u00e9rica Latina y el Caribe se encuentran en el centro de un debate que podr\u00eda cambiar el destino del planeta. El 2025 marca un punto de inflexi\u00f3n en el cumplimiento del Acuerdo de Par\u00eds, un momento en el que","og_url":"https:\/\/patagoniambiental.com.ar\/info\/para-2030-latam-incrementaria-hasta-460-generacion-de-energia-via-solar-y-eolica\/","og_site_name":"Patagonia Ambiental","article_publisher":"https:\/\/www.facebook.com\/patagonia.ambiental","article_author":"https:\/\/www.facebook.com\/share\/1C1V8Gv9BX\/?mibextid=qi2Omg","article_published_time":"2025-11-26T11:00:00+00:00","article_modified_time":"2025-11-26T21:38:04+00:00","og_image":[{"width":857,"height":478,"url":"https:\/\/patagoniambiental.com.ar\/info\/wp-content\/uploads\/2024\/08\/1000205306.png","type":"image\/png"}],"author":"Patagonia Ambiental","twitter_card":"summary_large_image","twitter_creator":"@PatAmb","twitter_site":"@PatAmb","schema":{"@context":"https:\/\/schema.org","@graph":[{"@type":"Article","@id":"https:\/\/patagoniambiental.com.ar\/info\/para-2030-latam-incrementaria-hasta-460-generacion-de-energia-via-solar-y-eolica\/#article","isPartOf":{"@id":"https:\/\/patagoniambiental.com.ar\/info\/para-2030-latam-incrementaria-hasta-460-generacion-de-energia-via-solar-y-eolica\/"},"author":{"name":"Patagonia Ambiental","@id":"https:\/\/patagoniambiental.com.ar\/info\/#\/schema\/person\/db12bff64bbcbf6a253710bf0ea37b5d"},"headline":"Am\u00e9rica Latina al L\u00edmite: 2025 Decide Nuestro Futuro Clim\u00e1tico","datePublished":"2025-11-26T11:00:00+00:00","dateModified":"2025-11-26T21:38:04+00:00","mainEntityOfPage":{"@id":"https:\/\/patagoniambiental.com.ar\/info\/para-2030-latam-incrementaria-hasta-460-generacion-de-energia-via-solar-y-eolica\/"},"wordCount":1560,"commentCount":0,"publisher":{"@id":"https:\/\/patagoniambiental.com.ar\/info\/#organization"},"image":{"@id":"https:\/\/patagoniambiental.com.ar\/info\/para-2030-latam-incrementaria-hasta-460-generacion-de-energia-via-solar-y-eolica\/#primaryimage"},"thumbnailUrl":"https:\/\/patagoniambiental.com.ar\/info\/wp-content\/uploads\/2024\/08\/1000205306.png","articleSection":["Am\u00e9rica Latina","Noticias"],"inLanguage":"es","potentialAction":[{"@type":"CommentAction","name":"Comment","target":["https:\/\/patagoniambiental.com.ar\/info\/para-2030-latam-incrementaria-hasta-460-generacion-de-energia-via-solar-y-eolica\/#respond"]}]},{"@type":"WebPage","@id":"https:\/\/patagoniambiental.com.ar\/info\/para-2030-latam-incrementaria-hasta-460-generacion-de-energia-via-solar-y-eolica\/","url":"https:\/\/patagoniambiental.com.ar\/info\/para-2030-latam-incrementaria-hasta-460-generacion-de-energia-via-solar-y-eolica\/","name":"Am\u00e9rica Latina al L\u00edmite: 2025 Decide Nuestro Futuro Clim\u00e1tico En un a\u00f1o que ya es considerado por la comunidad cient\u00edfica y clim\u00e1tica internacional como uno de los m\u00e1s decisivos de nuestra historia reciente","isPartOf":{"@id":"https:\/\/patagoniambiental.com.ar\/info\/#website"},"primaryImageOfPage":{"@id":"https:\/\/patagoniambiental.com.ar\/info\/para-2030-latam-incrementaria-hasta-460-generacion-de-energia-via-solar-y-eolica\/#primaryimage"},"image":{"@id":"https:\/\/patagoniambiental.com.ar\/info\/para-2030-latam-incrementaria-hasta-460-generacion-de-energia-via-solar-y-eolica\/#primaryimage"},"thumbnailUrl":"https:\/\/patagoniambiental.com.ar\/info\/wp-content\/uploads\/2024\/08\/1000205306.png","datePublished":"2025-11-26T11:00:00+00:00","dateModified":"2025-11-26T21:38:04+00:00","description":"En un a\u00f1o que ya es considerado por la comunidad cient\u00edfica y clim\u00e1tica internacional como uno de los m\u00e1s decisivos de nuestra historia reciente, Am\u00e9rica Latina y el Caribe se encuentran en el centro de un debate que podr\u00eda cambiar el destino del planeta. El 2025 marca un punto de inflexi\u00f3n en el cumplimiento del Acuerdo de Par\u00eds, un momento en el que","breadcrumb":{"@id":"https:\/\/patagoniambiental.com.ar\/info\/para-2030-latam-incrementaria-hasta-460-generacion-de-energia-via-solar-y-eolica\/#breadcrumb"},"inLanguage":"es","potentialAction":[{"@type":"ReadAction","target":["https:\/\/patagoniambiental.com.ar\/info\/para-2030-latam-incrementaria-hasta-460-generacion-de-energia-via-solar-y-eolica\/"]}]},{"@type":"ImageObject","inLanguage":"es","@id":"https:\/\/patagoniambiental.com.ar\/info\/para-2030-latam-incrementaria-hasta-460-generacion-de-energia-via-solar-y-eolica\/#primaryimage","url":"https:\/\/patagoniambiental.com.ar\/info\/wp-content\/uploads\/2024\/08\/1000205306.png","contentUrl":"https:\/\/patagoniambiental.com.ar\/info\/wp-content\/uploads\/2024\/08\/1000205306.png","width":857,"height":478,"caption":"Imagen: NASA"},{"@type":"BreadcrumbList","@id":"https:\/\/patagoniambiental.com.ar\/info\/para-2030-latam-incrementaria-hasta-460-generacion-de-energia-via-solar-y-eolica\/#breadcrumb","itemListElement":[{"@type":"ListItem","position":1,"name":"Inicio","item":"https:\/\/patagoniambiental.com.ar\/info\/"},{"@type":"ListItem","position":2,"name":"Am\u00e9rica Latina al L\u00edmite: 2025 Decide Nuestro Futuro Clim\u00e1tico"}]},{"@type":"WebSite","@id":"https:\/\/patagoniambiental.com.ar\/info\/#website","url":"https:\/\/patagoniambiental.com.ar\/info\/","name":"Patagonia Ambiental","description":"Monitoreo y an\u00e1lisis de la situaci\u00f3n geopol\u00edtica en el mundo y su implicancia en la Patagonia","publisher":{"@id":"https:\/\/patagoniambiental.com.ar\/info\/#organization"},"potentialAction":[{"@type":"SearchAction","target":{"@type":"EntryPoint","urlTemplate":"https:\/\/patagoniambiental.com.ar\/info\/?s={search_term_string}"},"query-input":{"@type":"PropertyValueSpecification","valueRequired":true,"valueName":"search_term_string"}}],"inLanguage":"es"},{"@type":"Organization","@id":"https:\/\/patagoniambiental.com.ar\/info\/#organization","name":"Patagonia Ambiental","url":"https:\/\/patagoniambiental.com.ar\/info\/","logo":{"@type":"ImageObject","inLanguage":"es","@id":"https:\/\/patagoniambiental.com.ar\/info\/#\/schema\/logo\/image\/","url":"https:\/\/patagoniambiental.com.ar\/info\/wp-content\/uploads\/2025\/05\/LOGO-PATAGONIA-AMBIENTAL.png","contentUrl":"https:\/\/patagoniambiental.com.ar\/info\/wp-content\/uploads\/2025\/05\/LOGO-PATAGONIA-AMBIENTAL.png","width":433,"height":250,"caption":"Patagonia Ambiental"},"image":{"@id":"https:\/\/patagoniambiental.com.ar\/info\/#\/schema\/logo\/image\/"},"sameAs":["https:\/\/www.facebook.com\/patagonia.ambiental","https:\/\/x.com\/PatAmb"]},{"@type":"Person","@id":"https:\/\/patagoniambiental.com.ar\/info\/#\/schema\/person\/db12bff64bbcbf6a253710bf0ea37b5d","name":"Patagonia Ambiental","description":"Andr\u00e9s Nievas T\u00e9cnico en manejo ambiental, consultor Ambiental y escritor para medios locales e internacionales sobre temas de geopolitica y medio ambiente.","sameAs":["http:\/\/www.patagoniambiental.com.ar","https:\/\/www.facebook.com\/share\/1C1V8Gv9BX\/?mibextid=qi2Omg","@patagoniambiental","https:\/\/youtube.com\/@patagoniaambiental2023?si=BLt58t0wuXquxlYZ"]}]}},"_links":{"self":[{"href":"https:\/\/patagoniambiental.com.ar\/info\/wp-json\/wp\/v2\/posts\/85366","targetHints":{"allow":["GET"]}}],"collection":[{"href":"https:\/\/patagoniambiental.com.ar\/info\/wp-json\/wp\/v2\/posts"}],"about":[{"href":"https:\/\/patagoniambiental.com.ar\/info\/wp-json\/wp\/v2\/types\/post"}],"author":[{"embeddable":true,"href":"https:\/\/patagoniambiental.com.ar\/info\/wp-json\/wp\/v2\/users\/2"}],"replies":[{"embeddable":true,"href":"https:\/\/patagoniambiental.com.ar\/info\/wp-json\/wp\/v2\/comments?post=85366"}],"version-history":[{"count":3,"href":"https:\/\/patagoniambiental.com.ar\/info\/wp-json\/wp\/v2\/posts\/85366\/revisions"}],"predecessor-version":[{"id":99849,"href":"https:\/\/patagoniambiental.com.ar\/info\/wp-json\/wp\/v2\/posts\/85366\/revisions\/99849"}],"wp:featuredmedia":[{"embeddable":true,"href":"https:\/\/patagoniambiental.com.ar\/info\/wp-json\/wp\/v2\/media\/99846"}],"wp:attachment":[{"href":"https:\/\/patagoniambiental.com.ar\/info\/wp-json\/wp\/v2\/media?parent=85366"}],"wp:term":[{"taxonomy":"category","embeddable":true,"href":"https:\/\/patagoniambiental.com.ar\/info\/wp-json\/wp\/v2\/categories?post=85366"},{"taxonomy":"post_tag","embeddable":true,"href":"https:\/\/patagoniambiental.com.ar\/info\/wp-json\/wp\/v2\/tags?post=85366"}],"curies":[{"name":"wp","href":"https:\/\/api.w.org\/{rel}","templated":true}]}}