{"id":8741,"date":"2015-02-27T19:30:49","date_gmt":"2015-02-27T22:30:49","guid":{"rendered":"http:\/\/patagoniambiental.com.ar\/?p=8741"},"modified":"2015-02-27T19:30:49","modified_gmt":"2015-02-27T22:30:49","slug":"viedma-recomiendan-extremar-el-uso-del-agua-para-manana-en-el-barrio-ceferino","status":"publish","type":"post","link":"https:\/\/patagoniambiental.com.ar\/info\/viedma-recomiendan-extremar-el-uso-del-agua-para-manana-en-el-barrio-ceferino\/","title":{"rendered":"Viedma: recomiendan extremar el uso del agua para ma\u00f1ana en el barrio Ceferino"},"content":{"rendered":"<p style=\"text-align: justify;\">Viedma &#8211; La empresa estatal Aguas Rionegrinas recomienda a los vecinos y vecinas del barrio Ceferino, de Viedma, tomar los recaudos necesarios y cuidar el recurso para evitar la faltante del mismo durante la ma\u00f1ana de este s\u00e1bado 28.<\/p>\n<p style=\"text-align: justify;\">Personal de la firma rionegrina revisar\u00e1 el manto interno del tanque elevado del barrio tras detectar una filtraci\u00f3n, para luego poder solucionar el inconveniente. Por esta situaci\u00f3n, estar\u00e1 afectado el suministro de agua potable en este sector de la ciudad.<\/p>\n<p style=\"text-align: justify;\">Se prev\u00e9 que el servicio se normalice, paulatinamente, a partir del mediod\u00eda del s\u00e1bado.<\/p>\n<p style=\"text-align: justify;\">Hasta entonces, se destaca la importancia de cuidar las reservas domiciliarias y hacer un uso racional del agua potable.<\/p>\n<p style=\"text-align: justify;\">Por dudas, consultas o reclamos est\u00e1 disponible la l\u00ednea telef\u00f3nica gratuita 0800 999 24827.<\/p>\n","protected":false},"excerpt":{"rendered":"<p>Viedma &#8211; La empresa estatal Aguas Rionegrinas recomienda a los vecinos y vecinas del barrio Ceferino, de Viedma, tomar los [&hellip;]<\/p>\n","protected":false},"author":2,"featured_media":8324,"comment_status":"closed","ping_status":"closed","sticky":false,"template":"","format":"standard","meta":{"site-sidebar-layout":"default","site-content-layout":"","ast-site-content-layout":"default","site-content-style":"default","site-sidebar-style":"default","ast-global-header-display":"","ast-banner-title-visibility":"","ast-main-header-display":"","ast-hfb-above-header-display":"","ast-hfb-below-header-display":"","ast-hfb-mobile-header-display":"","site-post-title":"","ast-breadcrumbs-content":"","ast-featured-img":"","footer-sml-layout":"","ast-disable-related-posts":"","theme-transparent-header-meta":"","adv-header-id-meta":"","stick-header-meta":"","header-above-stick-meta":"","header-main-stick-meta":"","header-below-stick-meta":"","astra-migrate-meta-layouts":"default","ast-page-background-enabled":"default","ast-page-background-meta":{"desktop":{"background-color":"var(--ast-global-color-5)","background-image":"","background-repeat":"repeat","background-position":"center center","background-size":"auto","background-attachment":"scroll","background-type":"","background-media":"","overlay-type":"","overlay-color":"","overlay-opacity":"","overlay-gradient":""},"tablet":{"background-color":"","background-image":"","background-repeat":"repeat","background-position":"center center","background-size":"auto","background-attachment":"scroll","background-type":"","background-media":"","overlay-type":"","overlay-color":"","overlay-opacity":"","overlay-gradient":""},"mobile":{"background-color":"","background-image":"","background-repeat":"repeat","background-position":"center center","background-size":"auto","background-attachment":"scroll","background-type":"","background-media":"","overlay-type":"","overlay-color":"","overlay-opacity":"","overlay-gradient":""}},"ast-content-background-meta":{"desktop":{"background-color":"var(--ast-global-color-4)","background-image":"","background-repeat":"repeat","background-position":"center center","background-size":"auto","background-attachment":"scroll","background-type":"","background-media":"","overlay-type":"","overlay-color":"","overlay-opacity":"","overlay-gradient":""},"tablet":{"background-color":"var(--ast-global-color-4)","background-image":"","background-repeat":"repeat","background-position":"center center","background-size":"auto","background-attachment":"scroll","background-type":"","background-media":"","overlay-type":"","overlay-color":"","overlay-opacity":"","overlay-gradient":""},"mobile":{"background-color":"var(--ast-global-color-4)","background-image":"","background-repeat":"repeat","background-position":"center center","background-size":"auto","background-attachment":"scroll","background-type":"","background-media":"","overlay-type":"","overlay-color":"","overlay-opacity":"","overlay-gradient":""}},"footnotes":""},"categories":[16,1],"tags":[1820,2745,2746],"class_list":["post-8741","post","type-post","status-publish","format-standard","has-post-thumbnail","hentry","category-municipales","category-noticias","tag-aguas-rionegrinas","tag-cuidar-el-recurso","tag-faltante"],"yoast_head":"<!-- This site is optimized with the Yoast SEO Premium plugin v23.0 (Yoast SEO v27.5) - https:\/\/yoast.com\/product\/yoast-seo-premium-wordpress\/ -->\n<title>Viedma: recomiendan extremar el uso del agua para ma\u00f1ana en el barrio Ceferino<\/title>\n<meta name=\"robots\" content=\"index, follow, max-snippet:-1, max-image-preview:large, max-video-preview:-1\" \/>\n<link rel=\"canonical\" href=\"https:\/\/patagoniambiental.com.ar\/info\/viedma-recomiendan-extremar-el-uso-del-agua-para-manana-en-el-barrio-ceferino\/\" \/>\n<meta property=\"og:locale\" content=\"es_ES\" \/>\n<meta property=\"og:type\" content=\"article\" \/>\n<meta property=\"og:title\" content=\"Viedma: recomiendan extremar el uso del agua para ma\u00f1ana en el barrio Ceferino\" \/>\n<meta property=\"og:description\" content=\"Viedma &#8211; La empresa estatal Aguas Rionegrinas recomienda a los vecinos y vecinas del barrio Ceferino, de Viedma, tomar los [&hellip;]\" \/>\n<meta property=\"og:url\" content=\"https:\/\/patagoniambiental.com.ar\/info\/viedma-recomiendan-extremar-el-uso-del-agua-para-manana-en-el-barrio-ceferino\/\" \/>\n<meta property=\"og:site_name\" content=\"Patagonia Ambiental\" \/>\n<meta property=\"article:publisher\" content=\"https:\/\/www.facebook.com\/patagonia.ambiental\" \/>\n<meta property=\"article:author\" content=\"https:\/\/www.facebook.com\/share\/1C1V8Gv9BX\/?mibextid=qi2Omg\" \/>\n<meta property=\"article:published_time\" content=\"2015-02-27T22:30:49+00:00\" \/>\n<meta name=\"author\" content=\"Patagonia Ambiental\" \/>\n<meta name=\"twitter:card\" content=\"summary_large_image\" \/>\n<meta name=\"twitter:creator\" content=\"@PatAmb\" \/>\n<meta name=\"twitter:site\" content=\"@PatAmb\" \/>\n<script type=\"application\/ld+json\" class=\"yoast-schema-graph\">{\"@context\":\"https:\\\/\\\/schema.org\",\"@graph\":[{\"@type\":\"Article\",\"@id\":\"https:\\\/\\\/patagoniambiental.com.ar\\\/info\\\/viedma-recomiendan-extremar-el-uso-del-agua-para-manana-en-el-barrio-ceferino\\\/#article\",\"isPartOf\":{\"@id\":\"https:\\\/\\\/patagoniambiental.com.ar\\\/info\\\/viedma-recomiendan-extremar-el-uso-del-agua-para-manana-en-el-barrio-ceferino\\\/\"},\"author\":{\"name\":\"Patagonia Ambiental\",\"@id\":\"https:\\\/\\\/patagoniambiental.com.ar\\\/info\\\/#\\\/schema\\\/person\\\/db12bff64bbcbf6a253710bf0ea37b5d\"},\"headline\":\"Viedma: recomiendan extremar el uso del agua para ma\u00f1ana en el barrio Ceferino\",\"datePublished\":\"2015-02-27T22:30:49+00:00\",\"mainEntityOfPage\":{\"@id\":\"https:\\\/\\\/patagoniambiental.com.ar\\\/info\\\/viedma-recomiendan-extremar-el-uso-del-agua-para-manana-en-el-barrio-ceferino\\\/\"},\"wordCount\":144,\"publisher\":{\"@id\":\"https:\\\/\\\/patagoniambiental.com.ar\\\/info\\\/#organization\"},\"image\":{\"@id\":\"https:\\\/\\\/patagoniambiental.com.ar\\\/info\\\/viedma-recomiendan-extremar-el-uso-del-agua-para-manana-en-el-barrio-ceferino\\\/#primaryimage\"},\"thumbnailUrl\":\"\",\"keywords\":[\"Aguas rionegrinas\",\"cuidar el recurso\",\"faltante\"],\"articleSection\":[\"Municipales\",\"Noticias\"],\"inLanguage\":\"es\"},{\"@type\":\"WebPage\",\"@id\":\"https:\\\/\\\/patagoniambiental.com.ar\\\/info\\\/viedma-recomiendan-extremar-el-uso-del-agua-para-manana-en-el-barrio-ceferino\\\/\",\"url\":\"https:\\\/\\\/patagoniambiental.com.ar\\\/info\\\/viedma-recomiendan-extremar-el-uso-del-agua-para-manana-en-el-barrio-ceferino\\\/\",\"name\":\"Viedma: recomiendan extremar el uso del agua para ma\u00f1ana en el barrio Ceferino\",\"isPartOf\":{\"@id\":\"https:\\\/\\\/patagoniambiental.com.ar\\\/info\\\/#website\"},\"primaryImageOfPage\":{\"@id\":\"https:\\\/\\\/patagoniambiental.com.ar\\\/info\\\/viedma-recomiendan-extremar-el-uso-del-agua-para-manana-en-el-barrio-ceferino\\\/#primaryimage\"},\"image\":{\"@id\":\"https:\\\/\\\/patagoniambiental.com.ar\\\/info\\\/viedma-recomiendan-extremar-el-uso-del-agua-para-manana-en-el-barrio-ceferino\\\/#primaryimage\"},\"thumbnailUrl\":\"\",\"datePublished\":\"2015-02-27T22:30:49+00:00\",\"breadcrumb\":{\"@id\":\"https:\\\/\\\/patagoniambiental.com.ar\\\/info\\\/viedma-recomiendan-extremar-el-uso-del-agua-para-manana-en-el-barrio-ceferino\\\/#breadcrumb\"},\"inLanguage\":\"es\",\"potentialAction\":[{\"@type\":\"ReadAction\",\"target\":[\"https:\\\/\\\/patagoniambiental.com.ar\\\/info\\\/viedma-recomiendan-extremar-el-uso-del-agua-para-manana-en-el-barrio-ceferino\\\/\"]}]},{\"@type\":\"ImageObject\",\"inLanguage\":\"es\",\"@id\":\"https:\\\/\\\/patagoniambiental.com.ar\\\/info\\\/viedma-recomiendan-extremar-el-uso-del-agua-para-manana-en-el-barrio-ceferino\\\/#primaryimage\",\"url\":\"\",\"contentUrl\":\"\"},{\"@type\":\"BreadcrumbList\",\"@id\":\"https:\\\/\\\/patagoniambiental.com.ar\\\/info\\\/viedma-recomiendan-extremar-el-uso-del-agua-para-manana-en-el-barrio-ceferino\\\/#breadcrumb\",\"itemListElement\":[{\"@type\":\"ListItem\",\"position\":1,\"name\":\"Inicio\",\"item\":\"https:\\\/\\\/patagoniambiental.com.ar\\\/info\\\/\"},{\"@type\":\"ListItem\",\"position\":2,\"name\":\"Viedma: recomiendan extremar el uso del agua para ma\u00f1ana en el barrio Ceferino\"}]},{\"@type\":\"WebSite\",\"@id\":\"https:\\\/\\\/patagoniambiental.com.ar\\\/info\\\/#website\",\"url\":\"https:\\\/\\\/patagoniambiental.com.ar\\\/info\\\/\",\"name\":\"Patagonia Ambiental\",\"description\":\"Monitoreo y an\u00e1lisis de la situaci\u00f3n geopol\u00edtica en el mundo y su implicancia en la Patagonia\",\"publisher\":{\"@id\":\"https:\\\/\\\/patagoniambiental.com.ar\\\/info\\\/#organization\"},\"potentialAction\":[{\"@type\":\"SearchAction\",\"target\":{\"@type\":\"EntryPoint\",\"urlTemplate\":\"https:\\\/\\\/patagoniambiental.com.ar\\\/info\\\/?s={search_term_string}\"},\"query-input\":{\"@type\":\"PropertyValueSpecification\",\"valueRequired\":true,\"valueName\":\"search_term_string\"}}],\"inLanguage\":\"es\"},{\"@type\":\"Organization\",\"@id\":\"https:\\\/\\\/patagoniambiental.com.ar\\\/info\\\/#organization\",\"name\":\"Patagonia Ambiental\",\"url\":\"https:\\\/\\\/patagoniambiental.com.ar\\\/info\\\/\",\"logo\":{\"@type\":\"ImageObject\",\"inLanguage\":\"es\",\"@id\":\"https:\\\/\\\/patagoniambiental.com.ar\\\/info\\\/#\\\/schema\\\/logo\\\/image\\\/\",\"url\":\"https:\\\/\\\/patagoniambiental.com.ar\\\/info\\\/wp-content\\\/uploads\\\/2025\\\/05\\\/LOGO-PATAGONIA-AMBIENTAL.png\",\"contentUrl\":\"https:\\\/\\\/patagoniambiental.com.ar\\\/info\\\/wp-content\\\/uploads\\\/2025\\\/05\\\/LOGO-PATAGONIA-AMBIENTAL.png\",\"width\":433,\"height\":250,\"caption\":\"Patagonia Ambiental\"},\"image\":{\"@id\":\"https:\\\/\\\/patagoniambiental.com.ar\\\/info\\\/#\\\/schema\\\/logo\\\/image\\\/\"},\"sameAs\":[\"https:\\\/\\\/www.facebook.com\\\/patagonia.ambiental\",\"https:\\\/\\\/x.com\\\/PatAmb\"]},{\"@type\":\"Person\",\"@id\":\"https:\\\/\\\/patagoniambiental.com.ar\\\/info\\\/#\\\/schema\\\/person\\\/db12bff64bbcbf6a253710bf0ea37b5d\",\"name\":\"Patagonia Ambiental\",\"description\":\"Andr\u00e9s Nievas T\u00e9cnico en manejo ambiental, consultor Ambiental y escritor para medios locales e internacionales sobre temas de geopolitica y medio ambiente.\",\"sameAs\":[\"http:\\\/\\\/www.patagoniambiental.com.ar\",\"https:\\\/\\\/www.facebook.com\\\/share\\\/1C1V8Gv9BX\\\/?mibextid=qi2Omg\",\"@patagoniambiental\",\"https:\\\/\\\/youtube.com\\\/@patagoniaambiental2023?si=BLt58t0wuXquxlYZ\"]}]}<\/script>\n<!-- \/ Yoast SEO Premium plugin. -->","yoast_head_json":{"title":"Viedma: recomiendan extremar el uso del agua para ma\u00f1ana en el barrio Ceferino","robots":{"index":"index","follow":"follow","max-snippet":"max-snippet:-1","max-image-preview":"max-image-preview:large","max-video-preview":"max-video-preview:-1"},"canonical":"https:\/\/patagoniambiental.com.ar\/info\/viedma-recomiendan-extremar-el-uso-del-agua-para-manana-en-el-barrio-ceferino\/","og_locale":"es_ES","og_type":"article","og_title":"Viedma: recomiendan extremar el uso del agua para ma\u00f1ana en el barrio Ceferino","og_description":"Viedma &#8211; La empresa estatal Aguas Rionegrinas recomienda a los vecinos y vecinas del barrio Ceferino, de Viedma, tomar los [&hellip;]","og_url":"https:\/\/patagoniambiental.com.ar\/info\/viedma-recomiendan-extremar-el-uso-del-agua-para-manana-en-el-barrio-ceferino\/","og_site_name":"Patagonia Ambiental","article_publisher":"https:\/\/www.facebook.com\/patagonia.ambiental","article_author":"https:\/\/www.facebook.com\/share\/1C1V8Gv9BX\/?mibextid=qi2Omg","article_published_time":"2015-02-27T22:30:49+00:00","author":"Patagonia Ambiental","twitter_card":"summary_large_image","twitter_creator":"@PatAmb","twitter_site":"@PatAmb","schema":{"@context":"https:\/\/schema.org","@graph":[{"@type":"Article","@id":"https:\/\/patagoniambiental.com.ar\/info\/viedma-recomiendan-extremar-el-uso-del-agua-para-manana-en-el-barrio-ceferino\/#article","isPartOf":{"@id":"https:\/\/patagoniambiental.com.ar\/info\/viedma-recomiendan-extremar-el-uso-del-agua-para-manana-en-el-barrio-ceferino\/"},"author":{"name":"Patagonia Ambiental","@id":"https:\/\/patagoniambiental.com.ar\/info\/#\/schema\/person\/db12bff64bbcbf6a253710bf0ea37b5d"},"headline":"Viedma: recomiendan extremar el uso del agua para ma\u00f1ana en el barrio Ceferino","datePublished":"2015-02-27T22:30:49+00:00","mainEntityOfPage":{"@id":"https:\/\/patagoniambiental.com.ar\/info\/viedma-recomiendan-extremar-el-uso-del-agua-para-manana-en-el-barrio-ceferino\/"},"wordCount":144,"publisher":{"@id":"https:\/\/patagoniambiental.com.ar\/info\/#organization"},"image":{"@id":"https:\/\/patagoniambiental.com.ar\/info\/viedma-recomiendan-extremar-el-uso-del-agua-para-manana-en-el-barrio-ceferino\/#primaryimage"},"thumbnailUrl":"","keywords":["Aguas rionegrinas","cuidar el recurso","faltante"],"articleSection":["Municipales","Noticias"],"inLanguage":"es"},{"@type":"WebPage","@id":"https:\/\/patagoniambiental.com.ar\/info\/viedma-recomiendan-extremar-el-uso-del-agua-para-manana-en-el-barrio-ceferino\/","url":"https:\/\/patagoniambiental.com.ar\/info\/viedma-recomiendan-extremar-el-uso-del-agua-para-manana-en-el-barrio-ceferino\/","name":"Viedma: recomiendan extremar el uso del agua para ma\u00f1ana en el barrio Ceferino","isPartOf":{"@id":"https:\/\/patagoniambiental.com.ar\/info\/#website"},"primaryImageOfPage":{"@id":"https:\/\/patagoniambiental.com.ar\/info\/viedma-recomiendan-extremar-el-uso-del-agua-para-manana-en-el-barrio-ceferino\/#primaryimage"},"image":{"@id":"https:\/\/patagoniambiental.com.ar\/info\/viedma-recomiendan-extremar-el-uso-del-agua-para-manana-en-el-barrio-ceferino\/#primaryimage"},"thumbnailUrl":"","datePublished":"2015-02-27T22:30:49+00:00","breadcrumb":{"@id":"https:\/\/patagoniambiental.com.ar\/info\/viedma-recomiendan-extremar-el-uso-del-agua-para-manana-en-el-barrio-ceferino\/#breadcrumb"},"inLanguage":"es","potentialAction":[{"@type":"ReadAction","target":["https:\/\/patagoniambiental.com.ar\/info\/viedma-recomiendan-extremar-el-uso-del-agua-para-manana-en-el-barrio-ceferino\/"]}]},{"@type":"ImageObject","inLanguage":"es","@id":"https:\/\/patagoniambiental.com.ar\/info\/viedma-recomiendan-extremar-el-uso-del-agua-para-manana-en-el-barrio-ceferino\/#primaryimage","url":"","contentUrl":""},{"@type":"BreadcrumbList","@id":"https:\/\/patagoniambiental.com.ar\/info\/viedma-recomiendan-extremar-el-uso-del-agua-para-manana-en-el-barrio-ceferino\/#breadcrumb","itemListElement":[{"@type":"ListItem","position":1,"name":"Inicio","item":"https:\/\/patagoniambiental.com.ar\/info\/"},{"@type":"ListItem","position":2,"name":"Viedma: recomiendan extremar el uso del agua para ma\u00f1ana en el barrio Ceferino"}]},{"@type":"WebSite","@id":"https:\/\/patagoniambiental.com.ar\/info\/#website","url":"https:\/\/patagoniambiental.com.ar\/info\/","name":"Patagonia Ambiental","description":"Monitoreo y an\u00e1lisis de la situaci\u00f3n geopol\u00edtica en el mundo y su implicancia en la Patagonia","publisher":{"@id":"https:\/\/patagoniambiental.com.ar\/info\/#organization"},"potentialAction":[{"@type":"SearchAction","target":{"@type":"EntryPoint","urlTemplate":"https:\/\/patagoniambiental.com.ar\/info\/?s={search_term_string}"},"query-input":{"@type":"PropertyValueSpecification","valueRequired":true,"valueName":"search_term_string"}}],"inLanguage":"es"},{"@type":"Organization","@id":"https:\/\/patagoniambiental.com.ar\/info\/#organization","name":"Patagonia Ambiental","url":"https:\/\/patagoniambiental.com.ar\/info\/","logo":{"@type":"ImageObject","inLanguage":"es","@id":"https:\/\/patagoniambiental.com.ar\/info\/#\/schema\/logo\/image\/","url":"https:\/\/patagoniambiental.com.ar\/info\/wp-content\/uploads\/2025\/05\/LOGO-PATAGONIA-AMBIENTAL.png","contentUrl":"https:\/\/patagoniambiental.com.ar\/info\/wp-content\/uploads\/2025\/05\/LOGO-PATAGONIA-AMBIENTAL.png","width":433,"height":250,"caption":"Patagonia Ambiental"},"image":{"@id":"https:\/\/patagoniambiental.com.ar\/info\/#\/schema\/logo\/image\/"},"sameAs":["https:\/\/www.facebook.com\/patagonia.ambiental","https:\/\/x.com\/PatAmb"]},{"@type":"Person","@id":"https:\/\/patagoniambiental.com.ar\/info\/#\/schema\/person\/db12bff64bbcbf6a253710bf0ea37b5d","name":"Patagonia Ambiental","description":"Andr\u00e9s Nievas T\u00e9cnico en manejo ambiental, consultor Ambiental y escritor para medios locales e internacionales sobre temas de geopolitica y medio ambiente.","sameAs":["http:\/\/www.patagoniambiental.com.ar","https:\/\/www.facebook.com\/share\/1C1V8Gv9BX\/?mibextid=qi2Omg","@patagoniambiental","https:\/\/youtube.com\/@patagoniaambiental2023?si=BLt58t0wuXquxlYZ"]}]}},"_links":{"self":[{"href":"https:\/\/patagoniambiental.com.ar\/info\/wp-json\/wp\/v2\/posts\/8741","targetHints":{"allow":["GET"]}}],"collection":[{"href":"https:\/\/patagoniambiental.com.ar\/info\/wp-json\/wp\/v2\/posts"}],"about":[{"href":"https:\/\/patagoniambiental.com.ar\/info\/wp-json\/wp\/v2\/types\/post"}],"author":[{"embeddable":true,"href":"https:\/\/patagoniambiental.com.ar\/info\/wp-json\/wp\/v2\/users\/2"}],"replies":[{"embeddable":true,"href":"https:\/\/patagoniambiental.com.ar\/info\/wp-json\/wp\/v2\/comments?post=8741"}],"version-history":[{"count":0,"href":"https:\/\/patagoniambiental.com.ar\/info\/wp-json\/wp\/v2\/posts\/8741\/revisions"}],"wp:featuredmedia":[{"embeddable":true,"href":"https:\/\/patagoniambiental.com.ar\/info\/wp-json\/"}],"wp:attachment":[{"href":"https:\/\/patagoniambiental.com.ar\/info\/wp-json\/wp\/v2\/media?parent=8741"}],"wp:term":[{"taxonomy":"category","embeddable":true,"href":"https:\/\/patagoniambiental.com.ar\/info\/wp-json\/wp\/v2\/categories?post=8741"},{"taxonomy":"post_tag","embeddable":true,"href":"https:\/\/patagoniambiental.com.ar\/info\/wp-json\/wp\/v2\/tags?post=8741"}],"curies":[{"name":"wp","href":"https:\/\/api.w.org\/{rel}","templated":true}]}}