{"id":8774,"date":"2015-02-28T11:08:29","date_gmt":"2015-02-28T14:08:29","guid":{"rendered":"http:\/\/patagoniambiental.com.ar\/?p=8774"},"modified":"2015-02-28T11:08:29","modified_gmt":"2015-02-28T14:08:29","slug":"nacion-se-ocupa-de-la-gestion-de-los-residuos-de-aparatos-electricos-o-electronicos","status":"publish","type":"post","link":"https:\/\/patagoniambiental.com.ar\/info\/nacion-se-ocupa-de-la-gestion-de-los-residuos-de-aparatos-electricos-o-electronicos\/","title":{"rendered":"Naci\u00f3n se ocupa de la gesti\u00f3n de los Residuos de Aparatos El\u00e9ctricos o Electr\u00f3nicos"},"content":{"rendered":"<p style=\"text-align: justify;\">Viedma &#8211; Se realiz\u00f3, en el \u00e1mbito de la Secretar\u00eda de Ambiente y Desarrollo Sustentable (SAyDS), una reuni\u00f3n informativa nacional sobre el Proyecto Organizaci\u00f3n de las Naciones Unidas para el Desarrollo Industrial (ONUDI) &#8211; Fondo para el Medio Ambiente Mundial (FMAM) \u201cFortalecimiento de Iniciativas Nacionales y Mejoramiento de la Cooperaci\u00f3n Regional para el Manejo Ambientalmente Racional de los Compuestos Org\u00e1nicos Persistentes (COPs) en Residuos de Aparatos El\u00e9ctricos o Electr\u00f3nicos (RAEE) en pa\u00edses de Am\u00e9rica Latina\u201d.<!--more--><\/p>\n<p style=\"text-align: justify;\">\n<p style=\"text-align: justify;\">El titular del \u00e1rea, Omar Judis, destac\u00f3 la realizaci\u00f3n de este encuentro y el trabajo que hace nuestro pa\u00eds al respecto.<\/p>\n<p style=\"text-align: justify;\">\n<p style=\"text-align: justify;\">Los objetivos principales del proyecto son asistir a los pa\u00edses participantes en el fortalecimiento de las iniciativas y capacidades nacionales de gesti\u00f3n de los RAEE, fortalecer la infraestructura para el desmantelamiento y valorizaci\u00f3n de los RAEE, as\u00ed como mejorar la cooperaci\u00f3n regional e internacional en la gesti\u00f3n de este tipo de residuos.<\/p>\n<p style=\"text-align: justify;\">\n<p style=\"text-align: justify;\">Dicho proyecto es financiado por el FMAM y tiene como agencia de implementaci\u00f3n a la ONUDI, siendo la SAyDS, a trav\u00e9s de la Subsecretar\u00eda de Control y Fiscalizaci\u00f3n Ambiental y Prevenci\u00f3n de la Contaminaci\u00f3n la repartici\u00f3n que oficiar\u00e1 como socio estrat\u00e9gico a nivel nacional de la iniciativa.<\/p>\n<p style=\"text-align: justify;\">\n<p style=\"text-align: justify;\">La reuni\u00f3n estuvo precedida por autoridades de la SAyDS, la subsecretaria de Control y Fiscalizaci\u00f3n Ambiental y Prevenci\u00f3n de la Contaminaci\u00f3n Dra. Beatriz Domingorena, el Punto Focal Operativo FMAM en el pa\u00eds Dr. German Oestmann y el Punto de Contacto T\u00e9cnico del Convenio de Basilea en la Argentina, Lic. Alberto Santos Capra.<\/p>\n<p style=\"text-align: justify;\">\n<p style=\"text-align: justify;\">En la misma se trataron diversos temas administrativos, t\u00e9cnicos y financieros asociados al Proyecto y sus distintos componentes, convocando a los asistentes a sumarse a la iniciativa presentando las respectivas Cartas Compromiso y de Co-financiamiento necesarias para ser socios de la iniciativa.<\/p>\n<p style=\"text-align: justify;\">\n<p style=\"text-align: justify;\">Al evento fueron invitados y asistieron representantes de organismos de la Administraci\u00f3n P\u00fablica Nacional: Direcci\u00f3n General de Asuntos Ambientales del Ministerio de Relaciones Exteriores y Culto en su rol de Punto Focal Institucional del FMAM en el pa\u00eds; Unidad de Medio Ambiente del Ministerio de Industria; Direcci\u00f3n Nacional de Pol\u00edticas y Planificaci\u00f3n del Ministerio de Ciencia, Tecnolog\u00eda e Innovaci\u00f3n Productiva; el Instituto Nacional de Tecnolog\u00eda Industrial (INTI); Universidad Nacional de La Plata y Universidad Nacional Arturo Jauretche; c\u00e1maras del sector: C\u00e1mara Argentina de M\u00e1quinas de Oficina Comerciales y Afines (CAMOCA), C\u00e1mara de Inform\u00e1tica y Comunicaciones de la Rep\u00fablica Argentina (CICOMRA), C\u00e1mara de Importadores de Pilas y Bater\u00edas (CIPIBA), Federaci\u00f3n de C\u00e1maras Industriales de Artefactos para el Hogar (FEDEHOGAR); empresas del sector que han requerido la inscripci\u00f3n o est\u00e1n habilitadas en el Registro Nacional de Generadores y Operadores de Residuos Peligrosos de la SAyDS: GESTI\u00d3N AMBIENTAL AGRUPACI\u00d3N DE COLABORACI\u00d3N, PROGEAS ARGENTINA, PELCO, SCRAP Y REZAGOS, INDUSTRIAS DALAFER, TAYM, PROTEA, RECICLARG RECYCLING TECHNOLOGY; y asociaciones no gubernamentales y otros: Fundaci\u00f3n Compa\u00f1\u00eda Social Equidad y Centro Regional Basilea para Am\u00e9rica del Sur (CRBAS).<\/p>\n","protected":false},"excerpt":{"rendered":"<p>Viedma &#8211; Se realiz\u00f3, en el \u00e1mbito de la Secretar\u00eda de Ambiente y Desarrollo Sustentable (SAyDS), una reuni\u00f3n informativa nacional [&hellip;]<\/p>\n","protected":false},"author":2,"featured_media":8775,"comment_status":"closed","ping_status":"closed","sticky":false,"template":"","format":"standard","meta":{"site-sidebar-layout":"default","site-content-layout":"","ast-site-content-layout":"default","site-content-style":"default","site-sidebar-style":"default","ast-global-header-display":"","ast-banner-title-visibility":"","ast-main-header-display":"","ast-hfb-above-header-display":"","ast-hfb-below-header-display":"","ast-hfb-mobile-header-display":"","site-post-title":"","ast-breadcrumbs-content":"","ast-featured-img":"","footer-sml-layout":"","ast-disable-related-posts":"","theme-transparent-header-meta":"","adv-header-id-meta":"","stick-header-meta":"","header-above-stick-meta":"","header-main-stick-meta":"","header-below-stick-meta":"","astra-migrate-meta-layouts":"default","ast-page-background-enabled":"default","ast-page-background-meta":{"desktop":{"background-color":"var(--ast-global-color-5)","background-image":"","background-repeat":"repeat","background-position":"center center","background-size":"auto","background-attachment":"scroll","background-type":"","background-media":"","overlay-type":"","overlay-color":"","overlay-opacity":"","overlay-gradient":""},"tablet":{"background-color":"","background-image":"","background-repeat":"repeat","background-position":"center center","background-size":"auto","background-attachment":"scroll","background-type":"","background-media":"","overlay-type":"","overlay-color":"","overlay-opacity":"","overlay-gradient":""},"mobile":{"background-color":"","background-image":"","background-repeat":"repeat","background-position":"center center","background-size":"auto","background-attachment":"scroll","background-type":"","background-media":"","overlay-type":"","overlay-color":"","overlay-opacity":"","overlay-gradient":""}},"ast-content-background-meta":{"desktop":{"background-color":"var(--ast-global-color-4)","background-image":"","background-repeat":"repeat","background-position":"center center","background-size":"auto","background-attachment":"scroll","background-type":"","background-media":"","overlay-type":"","overlay-color":"","overlay-opacity":"","overlay-gradient":""},"tablet":{"background-color":"var(--ast-global-color-4)","background-image":"","background-repeat":"repeat","background-position":"center center","background-size":"auto","background-attachment":"scroll","background-type":"","background-media":"","overlay-type":"","overlay-color":"","overlay-opacity":"","overlay-gradient":""},"mobile":{"background-color":"var(--ast-global-color-4)","background-image":"","background-repeat":"repeat","background-position":"center center","background-size":"auto","background-attachment":"scroll","background-type":"","background-media":"","overlay-type":"","overlay-color":"","overlay-opacity":"","overlay-gradient":""}},"footnotes":""},"categories":[19,1],"tags":[65,2756,2757,365],"class_list":["post-8774","post","type-post","status-publish","format-standard","has-post-thumbnail","hentry","category-nacionales","category-noticias","tag-ambiente","tag-onudi","tag-raee","tag-residuos-electricos-y-electronicos"],"yoast_head":"<!-- This site is optimized with the Yoast SEO Premium plugin v23.0 (Yoast SEO v27.5) - https:\/\/yoast.com\/product\/yoast-seo-premium-wordpress\/ -->\n<title>Naci\u00f3n se ocupa de la gesti\u00f3n de los Residuos de Aparatos El\u00e9ctricos o Electr\u00f3nicos<\/title>\n<meta name=\"robots\" content=\"index, follow, max-snippet:-1, max-image-preview:large, max-video-preview:-1\" \/>\n<link rel=\"canonical\" href=\"https:\/\/patagoniambiental.com.ar\/info\/nacion-se-ocupa-de-la-gestion-de-los-residuos-de-aparatos-electricos-o-electronicos\/\" \/>\n<meta property=\"og:locale\" content=\"es_ES\" \/>\n<meta property=\"og:type\" content=\"article\" \/>\n<meta property=\"og:title\" content=\"Naci\u00f3n se ocupa de la gesti\u00f3n de los Residuos de Aparatos El\u00e9ctricos o Electr\u00f3nicos\" \/>\n<meta property=\"og:description\" content=\"Viedma &#8211; Se realiz\u00f3, en el \u00e1mbito de la Secretar\u00eda de Ambiente y Desarrollo Sustentable (SAyDS), una reuni\u00f3n informativa nacional [&hellip;]\" \/>\n<meta property=\"og:url\" content=\"https:\/\/patagoniambiental.com.ar\/info\/nacion-se-ocupa-de-la-gestion-de-los-residuos-de-aparatos-electricos-o-electronicos\/\" \/>\n<meta property=\"og:site_name\" content=\"Patagonia Ambiental\" \/>\n<meta property=\"article:publisher\" content=\"https:\/\/www.facebook.com\/patagonia.ambiental\" \/>\n<meta property=\"article:author\" content=\"https:\/\/www.facebook.com\/share\/1C1V8Gv9BX\/?mibextid=qi2Omg\" \/>\n<meta property=\"article:published_time\" content=\"2015-02-28T14:08:29+00:00\" \/>\n<meta name=\"author\" content=\"Patagonia Ambiental\" \/>\n<meta name=\"twitter:card\" content=\"summary_large_image\" \/>\n<meta name=\"twitter:creator\" content=\"@PatAmb\" \/>\n<meta name=\"twitter:site\" content=\"@PatAmb\" \/>\n<script type=\"application\/ld+json\" class=\"yoast-schema-graph\">{\"@context\":\"https:\\\/\\\/schema.org\",\"@graph\":[{\"@type\":\"Article\",\"@id\":\"https:\\\/\\\/patagoniambiental.com.ar\\\/info\\\/nacion-se-ocupa-de-la-gestion-de-los-residuos-de-aparatos-electricos-o-electronicos\\\/#article\",\"isPartOf\":{\"@id\":\"https:\\\/\\\/patagoniambiental.com.ar\\\/info\\\/nacion-se-ocupa-de-la-gestion-de-los-residuos-de-aparatos-electricos-o-electronicos\\\/\"},\"author\":{\"name\":\"Patagonia Ambiental\",\"@id\":\"https:\\\/\\\/patagoniambiental.com.ar\\\/info\\\/#\\\/schema\\\/person\\\/db12bff64bbcbf6a253710bf0ea37b5d\"},\"headline\":\"Naci\u00f3n se ocupa de la gesti\u00f3n de los Residuos de Aparatos El\u00e9ctricos o Electr\u00f3nicos\",\"datePublished\":\"2015-02-28T14:08:29+00:00\",\"mainEntityOfPage\":{\"@id\":\"https:\\\/\\\/patagoniambiental.com.ar\\\/info\\\/nacion-se-ocupa-de-la-gestion-de-los-residuos-de-aparatos-electricos-o-electronicos\\\/\"},\"wordCount\":546,\"publisher\":{\"@id\":\"https:\\\/\\\/patagoniambiental.com.ar\\\/info\\\/#organization\"},\"image\":{\"@id\":\"https:\\\/\\\/patagoniambiental.com.ar\\\/info\\\/nacion-se-ocupa-de-la-gestion-de-los-residuos-de-aparatos-electricos-o-electronicos\\\/#primaryimage\"},\"thumbnailUrl\":\"\",\"keywords\":[\"ambiente\",\"ONUDI\",\"RAEE\",\"residuos el\u00e9ctricos y electr\u00f3nicos\"],\"articleSection\":[\"Nacionales\",\"Noticias\"],\"inLanguage\":\"es\"},{\"@type\":\"WebPage\",\"@id\":\"https:\\\/\\\/patagoniambiental.com.ar\\\/info\\\/nacion-se-ocupa-de-la-gestion-de-los-residuos-de-aparatos-electricos-o-electronicos\\\/\",\"url\":\"https:\\\/\\\/patagoniambiental.com.ar\\\/info\\\/nacion-se-ocupa-de-la-gestion-de-los-residuos-de-aparatos-electricos-o-electronicos\\\/\",\"name\":\"Naci\u00f3n se ocupa de la gesti\u00f3n de los Residuos de Aparatos El\u00e9ctricos o Electr\u00f3nicos\",\"isPartOf\":{\"@id\":\"https:\\\/\\\/patagoniambiental.com.ar\\\/info\\\/#website\"},\"primaryImageOfPage\":{\"@id\":\"https:\\\/\\\/patagoniambiental.com.ar\\\/info\\\/nacion-se-ocupa-de-la-gestion-de-los-residuos-de-aparatos-electricos-o-electronicos\\\/#primaryimage\"},\"image\":{\"@id\":\"https:\\\/\\\/patagoniambiental.com.ar\\\/info\\\/nacion-se-ocupa-de-la-gestion-de-los-residuos-de-aparatos-electricos-o-electronicos\\\/#primaryimage\"},\"thumbnailUrl\":\"\",\"datePublished\":\"2015-02-28T14:08:29+00:00\",\"breadcrumb\":{\"@id\":\"https:\\\/\\\/patagoniambiental.com.ar\\\/info\\\/nacion-se-ocupa-de-la-gestion-de-los-residuos-de-aparatos-electricos-o-electronicos\\\/#breadcrumb\"},\"inLanguage\":\"es\",\"potentialAction\":[{\"@type\":\"ReadAction\",\"target\":[\"https:\\\/\\\/patagoniambiental.com.ar\\\/info\\\/nacion-se-ocupa-de-la-gestion-de-los-residuos-de-aparatos-electricos-o-electronicos\\\/\"]}]},{\"@type\":\"ImageObject\",\"inLanguage\":\"es\",\"@id\":\"https:\\\/\\\/patagoniambiental.com.ar\\\/info\\\/nacion-se-ocupa-de-la-gestion-de-los-residuos-de-aparatos-electricos-o-electronicos\\\/#primaryimage\",\"url\":\"\",\"contentUrl\":\"\"},{\"@type\":\"BreadcrumbList\",\"@id\":\"https:\\\/\\\/patagoniambiental.com.ar\\\/info\\\/nacion-se-ocupa-de-la-gestion-de-los-residuos-de-aparatos-electricos-o-electronicos\\\/#breadcrumb\",\"itemListElement\":[{\"@type\":\"ListItem\",\"position\":1,\"name\":\"Inicio\",\"item\":\"https:\\\/\\\/patagoniambiental.com.ar\\\/info\\\/\"},{\"@type\":\"ListItem\",\"position\":2,\"name\":\"Naci\u00f3n se ocupa de la gesti\u00f3n de los Residuos de Aparatos El\u00e9ctricos o Electr\u00f3nicos\"}]},{\"@type\":\"WebSite\",\"@id\":\"https:\\\/\\\/patagoniambiental.com.ar\\\/info\\\/#website\",\"url\":\"https:\\\/\\\/patagoniambiental.com.ar\\\/info\\\/\",\"name\":\"Patagonia Ambiental\",\"description\":\"Monitoreo y an\u00e1lisis de la situaci\u00f3n geopol\u00edtica en el mundo y su implicancia en la Patagonia\",\"publisher\":{\"@id\":\"https:\\\/\\\/patagoniambiental.com.ar\\\/info\\\/#organization\"},\"potentialAction\":[{\"@type\":\"SearchAction\",\"target\":{\"@type\":\"EntryPoint\",\"urlTemplate\":\"https:\\\/\\\/patagoniambiental.com.ar\\\/info\\\/?s={search_term_string}\"},\"query-input\":{\"@type\":\"PropertyValueSpecification\",\"valueRequired\":true,\"valueName\":\"search_term_string\"}}],\"inLanguage\":\"es\"},{\"@type\":\"Organization\",\"@id\":\"https:\\\/\\\/patagoniambiental.com.ar\\\/info\\\/#organization\",\"name\":\"Patagonia Ambiental\",\"url\":\"https:\\\/\\\/patagoniambiental.com.ar\\\/info\\\/\",\"logo\":{\"@type\":\"ImageObject\",\"inLanguage\":\"es\",\"@id\":\"https:\\\/\\\/patagoniambiental.com.ar\\\/info\\\/#\\\/schema\\\/logo\\\/image\\\/\",\"url\":\"https:\\\/\\\/patagoniambiental.com.ar\\\/info\\\/wp-content\\\/uploads\\\/2025\\\/05\\\/LOGO-PATAGONIA-AMBIENTAL.png\",\"contentUrl\":\"https:\\\/\\\/patagoniambiental.com.ar\\\/info\\\/wp-content\\\/uploads\\\/2025\\\/05\\\/LOGO-PATAGONIA-AMBIENTAL.png\",\"width\":433,\"height\":250,\"caption\":\"Patagonia Ambiental\"},\"image\":{\"@id\":\"https:\\\/\\\/patagoniambiental.com.ar\\\/info\\\/#\\\/schema\\\/logo\\\/image\\\/\"},\"sameAs\":[\"https:\\\/\\\/www.facebook.com\\\/patagonia.ambiental\",\"https:\\\/\\\/x.com\\\/PatAmb\"]},{\"@type\":\"Person\",\"@id\":\"https:\\\/\\\/patagoniambiental.com.ar\\\/info\\\/#\\\/schema\\\/person\\\/db12bff64bbcbf6a253710bf0ea37b5d\",\"name\":\"Patagonia Ambiental\",\"description\":\"Andr\u00e9s Nievas T\u00e9cnico en manejo ambiental, consultor Ambiental y escritor para medios locales e internacionales sobre temas de geopolitica y medio ambiente.\",\"sameAs\":[\"http:\\\/\\\/www.patagoniambiental.com.ar\",\"https:\\\/\\\/www.facebook.com\\\/share\\\/1C1V8Gv9BX\\\/?mibextid=qi2Omg\",\"@patagoniambiental\",\"https:\\\/\\\/youtube.com\\\/@patagoniaambiental2023?si=BLt58t0wuXquxlYZ\"]}]}<\/script>\n<!-- \/ Yoast SEO Premium plugin. -->","yoast_head_json":{"title":"Naci\u00f3n se ocupa de la gesti\u00f3n de los Residuos de Aparatos El\u00e9ctricos o Electr\u00f3nicos","robots":{"index":"index","follow":"follow","max-snippet":"max-snippet:-1","max-image-preview":"max-image-preview:large","max-video-preview":"max-video-preview:-1"},"canonical":"https:\/\/patagoniambiental.com.ar\/info\/nacion-se-ocupa-de-la-gestion-de-los-residuos-de-aparatos-electricos-o-electronicos\/","og_locale":"es_ES","og_type":"article","og_title":"Naci\u00f3n se ocupa de la gesti\u00f3n de los Residuos de Aparatos El\u00e9ctricos o Electr\u00f3nicos","og_description":"Viedma &#8211; Se realiz\u00f3, en el \u00e1mbito de la Secretar\u00eda de Ambiente y Desarrollo Sustentable (SAyDS), una reuni\u00f3n informativa nacional [&hellip;]","og_url":"https:\/\/patagoniambiental.com.ar\/info\/nacion-se-ocupa-de-la-gestion-de-los-residuos-de-aparatos-electricos-o-electronicos\/","og_site_name":"Patagonia Ambiental","article_publisher":"https:\/\/www.facebook.com\/patagonia.ambiental","article_author":"https:\/\/www.facebook.com\/share\/1C1V8Gv9BX\/?mibextid=qi2Omg","article_published_time":"2015-02-28T14:08:29+00:00","author":"Patagonia Ambiental","twitter_card":"summary_large_image","twitter_creator":"@PatAmb","twitter_site":"@PatAmb","schema":{"@context":"https:\/\/schema.org","@graph":[{"@type":"Article","@id":"https:\/\/patagoniambiental.com.ar\/info\/nacion-se-ocupa-de-la-gestion-de-los-residuos-de-aparatos-electricos-o-electronicos\/#article","isPartOf":{"@id":"https:\/\/patagoniambiental.com.ar\/info\/nacion-se-ocupa-de-la-gestion-de-los-residuos-de-aparatos-electricos-o-electronicos\/"},"author":{"name":"Patagonia Ambiental","@id":"https:\/\/patagoniambiental.com.ar\/info\/#\/schema\/person\/db12bff64bbcbf6a253710bf0ea37b5d"},"headline":"Naci\u00f3n se ocupa de la gesti\u00f3n de los Residuos de Aparatos El\u00e9ctricos o Electr\u00f3nicos","datePublished":"2015-02-28T14:08:29+00:00","mainEntityOfPage":{"@id":"https:\/\/patagoniambiental.com.ar\/info\/nacion-se-ocupa-de-la-gestion-de-los-residuos-de-aparatos-electricos-o-electronicos\/"},"wordCount":546,"publisher":{"@id":"https:\/\/patagoniambiental.com.ar\/info\/#organization"},"image":{"@id":"https:\/\/patagoniambiental.com.ar\/info\/nacion-se-ocupa-de-la-gestion-de-los-residuos-de-aparatos-electricos-o-electronicos\/#primaryimage"},"thumbnailUrl":"","keywords":["ambiente","ONUDI","RAEE","residuos el\u00e9ctricos y electr\u00f3nicos"],"articleSection":["Nacionales","Noticias"],"inLanguage":"es"},{"@type":"WebPage","@id":"https:\/\/patagoniambiental.com.ar\/info\/nacion-se-ocupa-de-la-gestion-de-los-residuos-de-aparatos-electricos-o-electronicos\/","url":"https:\/\/patagoniambiental.com.ar\/info\/nacion-se-ocupa-de-la-gestion-de-los-residuos-de-aparatos-electricos-o-electronicos\/","name":"Naci\u00f3n se ocupa de la gesti\u00f3n de los Residuos de Aparatos El\u00e9ctricos o Electr\u00f3nicos","isPartOf":{"@id":"https:\/\/patagoniambiental.com.ar\/info\/#website"},"primaryImageOfPage":{"@id":"https:\/\/patagoniambiental.com.ar\/info\/nacion-se-ocupa-de-la-gestion-de-los-residuos-de-aparatos-electricos-o-electronicos\/#primaryimage"},"image":{"@id":"https:\/\/patagoniambiental.com.ar\/info\/nacion-se-ocupa-de-la-gestion-de-los-residuos-de-aparatos-electricos-o-electronicos\/#primaryimage"},"thumbnailUrl":"","datePublished":"2015-02-28T14:08:29+00:00","breadcrumb":{"@id":"https:\/\/patagoniambiental.com.ar\/info\/nacion-se-ocupa-de-la-gestion-de-los-residuos-de-aparatos-electricos-o-electronicos\/#breadcrumb"},"inLanguage":"es","potentialAction":[{"@type":"ReadAction","target":["https:\/\/patagoniambiental.com.ar\/info\/nacion-se-ocupa-de-la-gestion-de-los-residuos-de-aparatos-electricos-o-electronicos\/"]}]},{"@type":"ImageObject","inLanguage":"es","@id":"https:\/\/patagoniambiental.com.ar\/info\/nacion-se-ocupa-de-la-gestion-de-los-residuos-de-aparatos-electricos-o-electronicos\/#primaryimage","url":"","contentUrl":""},{"@type":"BreadcrumbList","@id":"https:\/\/patagoniambiental.com.ar\/info\/nacion-se-ocupa-de-la-gestion-de-los-residuos-de-aparatos-electricos-o-electronicos\/#breadcrumb","itemListElement":[{"@type":"ListItem","position":1,"name":"Inicio","item":"https:\/\/patagoniambiental.com.ar\/info\/"},{"@type":"ListItem","position":2,"name":"Naci\u00f3n se ocupa de la gesti\u00f3n de los Residuos de Aparatos El\u00e9ctricos o Electr\u00f3nicos"}]},{"@type":"WebSite","@id":"https:\/\/patagoniambiental.com.ar\/info\/#website","url":"https:\/\/patagoniambiental.com.ar\/info\/","name":"Patagonia Ambiental","description":"Monitoreo y an\u00e1lisis de la situaci\u00f3n geopol\u00edtica en el mundo y su implicancia en la Patagonia","publisher":{"@id":"https:\/\/patagoniambiental.com.ar\/info\/#organization"},"potentialAction":[{"@type":"SearchAction","target":{"@type":"EntryPoint","urlTemplate":"https:\/\/patagoniambiental.com.ar\/info\/?s={search_term_string}"},"query-input":{"@type":"PropertyValueSpecification","valueRequired":true,"valueName":"search_term_string"}}],"inLanguage":"es"},{"@type":"Organization","@id":"https:\/\/patagoniambiental.com.ar\/info\/#organization","name":"Patagonia Ambiental","url":"https:\/\/patagoniambiental.com.ar\/info\/","logo":{"@type":"ImageObject","inLanguage":"es","@id":"https:\/\/patagoniambiental.com.ar\/info\/#\/schema\/logo\/image\/","url":"https:\/\/patagoniambiental.com.ar\/info\/wp-content\/uploads\/2025\/05\/LOGO-PATAGONIA-AMBIENTAL.png","contentUrl":"https:\/\/patagoniambiental.com.ar\/info\/wp-content\/uploads\/2025\/05\/LOGO-PATAGONIA-AMBIENTAL.png","width":433,"height":250,"caption":"Patagonia Ambiental"},"image":{"@id":"https:\/\/patagoniambiental.com.ar\/info\/#\/schema\/logo\/image\/"},"sameAs":["https:\/\/www.facebook.com\/patagonia.ambiental","https:\/\/x.com\/PatAmb"]},{"@type":"Person","@id":"https:\/\/patagoniambiental.com.ar\/info\/#\/schema\/person\/db12bff64bbcbf6a253710bf0ea37b5d","name":"Patagonia Ambiental","description":"Andr\u00e9s Nievas T\u00e9cnico en manejo ambiental, consultor Ambiental y escritor para medios locales e internacionales sobre temas de geopolitica y medio ambiente.","sameAs":["http:\/\/www.patagoniambiental.com.ar","https:\/\/www.facebook.com\/share\/1C1V8Gv9BX\/?mibextid=qi2Omg","@patagoniambiental","https:\/\/youtube.com\/@patagoniaambiental2023?si=BLt58t0wuXquxlYZ"]}]}},"_links":{"self":[{"href":"https:\/\/patagoniambiental.com.ar\/info\/wp-json\/wp\/v2\/posts\/8774","targetHints":{"allow":["GET"]}}],"collection":[{"href":"https:\/\/patagoniambiental.com.ar\/info\/wp-json\/wp\/v2\/posts"}],"about":[{"href":"https:\/\/patagoniambiental.com.ar\/info\/wp-json\/wp\/v2\/types\/post"}],"author":[{"embeddable":true,"href":"https:\/\/patagoniambiental.com.ar\/info\/wp-json\/wp\/v2\/users\/2"}],"replies":[{"embeddable":true,"href":"https:\/\/patagoniambiental.com.ar\/info\/wp-json\/wp\/v2\/comments?post=8774"}],"version-history":[{"count":0,"href":"https:\/\/patagoniambiental.com.ar\/info\/wp-json\/wp\/v2\/posts\/8774\/revisions"}],"wp:featuredmedia":[{"embeddable":true,"href":"https:\/\/patagoniambiental.com.ar\/info\/wp-json\/"}],"wp:attachment":[{"href":"https:\/\/patagoniambiental.com.ar\/info\/wp-json\/wp\/v2\/media?parent=8774"}],"wp:term":[{"taxonomy":"category","embeddable":true,"href":"https:\/\/patagoniambiental.com.ar\/info\/wp-json\/wp\/v2\/categories?post=8774"},{"taxonomy":"post_tag","embeddable":true,"href":"https:\/\/patagoniambiental.com.ar\/info\/wp-json\/wp\/v2\/tags?post=8774"}],"curies":[{"name":"wp","href":"https:\/\/api.w.org\/{rel}","templated":true}]}}