{"id":88545,"date":"2024-08-21T19:00:00","date_gmt":"2024-08-21T22:00:00","guid":{"rendered":"https:\/\/patagoniambiental.com.ar\/info\/?p=88545"},"modified":"2025-05-04T17:39:59","modified_gmt":"2025-05-04T20:39:59","slug":"nueva-investigacion-sobre-el-impacto-de-los-guanacos-en-pastizales","status":"publish","type":"post","link":"https:\/\/patagoniambiental.com.ar\/info\/nueva-investigacion-sobre-el-impacto-de-los-guanacos-en-pastizales\/","title":{"rendered":"Nueva investigaci\u00f3n sobre el impacto de los Guanacos en pastizales"},"content":{"rendered":"\n<!--more-->\n\n\n\n<p>En medio de la preocupaci\u00f3n creciente por la cantidad de guanacos en la provincia de Santa Cruz, una investigaci\u00f3n reciente realizada por el Instituto Nacional de Tecnolog\u00eda Agropecuaria (INTA) ha arrojado resultados sorprendentes sobre el impacto de estos animales en los pastizales locales.<a class=\"\" href=\"javascript: void(0)\"><\/a><a class=\" \" href=\"javascript: void(0)\"><\/a><a href=\"whatsapp:\/\/send?text=Mira%20esto:%20Nueva%20investigaci%C3%B3n%20sobre%20el%20impacto%20de%20los%20Guanacos%20en%20pastizales%20|%20https:\/\/www.tiemposur.com.ar\/info-general\/nueva-investigacion-sobre-el-impacto-de-los-guanacos-en-pastizales\"><\/a><a class=\"\" href=\"mailto:?subject=Mira%20esto:%20Nueva%20investigaci%C3%B3n%20sobre%20el%20impacto%20de%20los%20Guanacos%20en%20pastizales%20|%20https:\/\/www.tiemposur.com.ar\/info-general\/nueva-investigacion-sobre-el-impacto-de-los-guanacos-en-pastizales\"><\/a><a href=\"javascript:;\"><\/a><\/p>\n\n\n\n<p>Una investigaci\u00f3n permite conocer el impacto de los guanacos sobre los pastizales de Santa Cruz. El trabajo dirigido\u00a0por Carla Cepeda, integrante del grupo de recursos naturales de la estaci\u00f3n experimental agropecuaria de Santa Cruz, comenz\u00f3 en 2017 como parte de una tesis doctoral. Cepeda explic\u00f3 en una reciente entrevista que el estudio se llev\u00f3 a cabo en el Parque Monte Le\u00f3n y la Estancia Ca\u00f1ado de Vacas, dos \u00e1reas sin pastoreo de ovino, para evaluar el efecto exclusivo del guanaco en los pastizales.<\/p>\n\n\n\n<p>\u00abA lo largo de la investigaci\u00f3n, montamos un ensayo en el que comparamos \u00e1reas con y sin guanacos\u00bb, detall\u00f3 Cepeda en&nbsp;<strong>Tiempo FM<\/strong>. \u00abQuer\u00edamos verificar una hip\u00f3tesis que sugiere que, siendo el guanaco una especie nativa, no deber\u00eda afectar negativamente a los pastizales como lo hace la oveja\u00bb. Sin embargo, los resultados revelaron lo contrario: los guanacos s\u00ed generan un impacto en la vegetaci\u00f3n.<\/p>\n\n\n\n<p>Contrario a lo que algunos especialistas hab\u00edan sostenido, la investigaci\u00f3n demostr\u00f3 que la presencia de guanacos afecta el pastizal, aunque no en la misma medida que el pastoreo de ovejas. \u00abAunque el guanaco no est\u00e1 en toda la Patagonia en altas cargas, s\u00ed hay sitios espec\u00edficos donde su presencia supera la capacidad de regeneraci\u00f3n del pastizal\u00bb, explic\u00f3 Cepeda.<\/p>\n\n\n\n<p>Este hallazgo pone en tela de juicio las creencias establecidas de que los guanacos,&nbsp;<strong>al ser parte del ecosistema, no causan da\u00f1o significativo<\/strong>. \u00abLa tesis ha generado un debate importante, ya que desaf\u00eda una l\u00ednea de investigaci\u00f3n que sosten\u00eda que los guanacos podr\u00edan coexistir sin afectar el medio ambiente\u00bb, agreg\u00f3 Cepeda.<\/p>\n\n\n\n<p>La investigaci\u00f3n tambi\u00e9n&nbsp;despert\u00f3&nbsp;el inter\u00e9s de los productores locales, quienes han expresado su preocupaci\u00f3n por la cantidad creciente de guanacos y su impacto en los pastizales. La investigaci\u00f3n proporciona datos cruciales para comprender mejor la din\u00e1mica entre guanacos y pastizales y podr\u00eda influir en futuras pol\u00edticas de manejo de fauna.<\/p>\n\n\n\n<p>Cepeda concluy\u00f3 su intervenci\u00f3n agradeciendo el espacio para difundir los resultados de la investigaci\u00f3n, destacando la importancia de conectar la ciencia con la sociedad para tomar decisiones informadas. \u00abEsperamos que estos resultados ayuden a encontrar un punto de consenso y a desarrollar estrategias efectivas para manejar la situaci\u00f3n\u00bb, afirm\u00f3.<\/p>\n\n\n\n<p>La investigaci\u00f3n contin\u00faa siendo un tema de gran relevancia en la provincia, y se espera que sus hallazgos contribuyan a una mejor comprensi\u00f3n y manejo de la fauna en Santa Cruz.<\/p>\n\n\n\n<p>Fuente: www.tiemposur.com.ar<\/p>\n","protected":false},"excerpt":{"rendered":"","protected":false},"author":2,"featured_media":88546,"comment_status":"open","ping_status":"open","sticky":false,"template":"","format":"standard","meta":{"site-sidebar-layout":"default","site-content-layout":"","ast-site-content-layout":"default","site-content-style":"default","site-sidebar-style":"default","ast-global-header-display":"","ast-banner-title-visibility":"","ast-main-header-display":"","ast-hfb-above-header-display":"","ast-hfb-below-header-display":"","ast-hfb-mobile-header-display":"","site-post-title":"","ast-breadcrumbs-content":"","ast-featured-img":"","footer-sml-layout":"","ast-disable-related-posts":"","theme-transparent-header-meta":"","adv-header-id-meta":"","stick-header-meta":"","header-above-stick-meta":"","header-main-stick-meta":"","header-below-stick-meta":"","astra-migrate-meta-layouts":"default","ast-page-background-enabled":"default","ast-page-background-meta":{"desktop":{"background-color":"var(--ast-global-color-5)","background-image":"","background-repeat":"repeat","background-position":"center center","background-size":"auto","background-attachment":"scroll","background-type":"","background-media":"","overlay-type":"","overlay-color":"","overlay-opacity":"","overlay-gradient":""},"tablet":{"background-color":"","background-image":"","background-repeat":"repeat","background-position":"center center","background-size":"auto","background-attachment":"scroll","background-type":"","background-media":"","overlay-type":"","overlay-color":"","overlay-opacity":"","overlay-gradient":""},"mobile":{"background-color":"","background-image":"","background-repeat":"repeat","background-position":"center center","background-size":"auto","background-attachment":"scroll","background-type":"","background-media":"","overlay-type":"","overlay-color":"","overlay-opacity":"","overlay-gradient":""}},"ast-content-background-meta":{"desktop":{"background-color":"var(--ast-global-color-4)","background-image":"","background-repeat":"repeat","background-position":"center center","background-size":"auto","background-attachment":"scroll","background-type":"","background-media":"","overlay-type":"","overlay-color":"","overlay-opacity":"","overlay-gradient":""},"tablet":{"background-color":"var(--ast-global-color-4)","background-image":"","background-repeat":"repeat","background-position":"center center","background-size":"auto","background-attachment":"scroll","background-type":"","background-media":"","overlay-type":"","overlay-color":"","overlay-opacity":"","overlay-gradient":""},"mobile":{"background-color":"var(--ast-global-color-4)","background-image":"","background-repeat":"repeat","background-position":"center center","background-size":"auto","background-attachment":"scroll","background-type":"","background-media":"","overlay-type":"","overlay-color":"","overlay-opacity":"","overlay-gradient":""}},"footnotes":""},"categories":[11,1,13,20],"tags":[],"class_list":["post-88545","post","type-post","status-publish","format-standard","has-post-thumbnail","hentry","category-boletin","category-noticias","category-provinciales","category-santa-cruz"],"yoast_head":"<!-- This site is optimized with the Yoast SEO Premium plugin v23.0 (Yoast SEO v27.5) - https:\/\/yoast.com\/product\/yoast-seo-premium-wordpress\/ -->\n<title>Santa Cruz: Impacto del Guanaco en los pastizales (INTA)<\/title>\n<meta name=\"description\" content=\"Santa Cruz: Nueva investigaci\u00f3n del INTA sobre el impacto de los Guanacos en pastizales arroja resultados sorprendentes\" \/>\n<meta name=\"robots\" content=\"index, follow, max-snippet:-1, max-image-preview:large, max-video-preview:-1\" \/>\n<link rel=\"canonical\" href=\"https:\/\/patagoniambiental.com.ar\/info\/nueva-investigacion-sobre-el-impacto-de-los-guanacos-en-pastizales\/\" \/>\n<meta property=\"og:locale\" content=\"es_ES\" \/>\n<meta property=\"og:type\" content=\"article\" \/>\n<meta property=\"og:title\" content=\"Nueva investigaci\u00f3n sobre el impacto de los Guanacos en pastizales\" \/>\n<meta property=\"og:description\" content=\"Santa Cruz: Impacto del Guanaco en los pastizales (INTA)\" \/>\n<meta property=\"og:url\" content=\"https:\/\/patagoniambiental.com.ar\/info\/nueva-investigacion-sobre-el-impacto-de-los-guanacos-en-pastizales\/\" \/>\n<meta property=\"og:site_name\" content=\"Patagonia Ambiental\" \/>\n<meta property=\"article:publisher\" content=\"https:\/\/www.facebook.com\/patagonia.ambiental\" \/>\n<meta property=\"article:author\" content=\"https:\/\/www.facebook.com\/share\/1C1V8Gv9BX\/?mibextid=qi2Omg\" \/>\n<meta property=\"article:published_time\" content=\"2024-08-21T22:00:00+00:00\" \/>\n<meta property=\"article:modified_time\" content=\"2025-05-04T20:39:59+00:00\" \/>\n<meta property=\"og:image\" content=\"https:\/\/patagoniambiental.com.ar\/info\/wp-content\/uploads\/2024\/08\/guanacos.png\" \/>\n\t<meta property=\"og:image:width\" content=\"735\" \/>\n\t<meta property=\"og:image:height\" content=\"420\" \/>\n\t<meta property=\"og:image:type\" content=\"image\/png\" \/>\n<meta name=\"author\" content=\"Patagonia Ambiental\" \/>\n<meta name=\"twitter:card\" content=\"summary_large_image\" \/>\n<meta name=\"twitter:creator\" content=\"@PatAmb\" \/>\n<meta name=\"twitter:site\" content=\"@PatAmb\" \/>\n<script type=\"application\/ld+json\" class=\"yoast-schema-graph\">{\"@context\":\"https:\\\/\\\/schema.org\",\"@graph\":[{\"@type\":\"Article\",\"@id\":\"https:\\\/\\\/patagoniambiental.com.ar\\\/info\\\/nueva-investigacion-sobre-el-impacto-de-los-guanacos-en-pastizales\\\/#article\",\"isPartOf\":{\"@id\":\"https:\\\/\\\/patagoniambiental.com.ar\\\/info\\\/nueva-investigacion-sobre-el-impacto-de-los-guanacos-en-pastizales\\\/\"},\"author\":{\"name\":\"Patagonia Ambiental\",\"@id\":\"https:\\\/\\\/patagoniambiental.com.ar\\\/info\\\/#\\\/schema\\\/person\\\/db12bff64bbcbf6a253710bf0ea37b5d\"},\"headline\":\"Nueva investigaci\u00f3n sobre el impacto de los Guanacos en pastizales\",\"datePublished\":\"2024-08-21T22:00:00+00:00\",\"dateModified\":\"2025-05-04T20:39:59+00:00\",\"mainEntityOfPage\":{\"@id\":\"https:\\\/\\\/patagoniambiental.com.ar\\\/info\\\/nueva-investigacion-sobre-el-impacto-de-los-guanacos-en-pastizales\\\/\"},\"wordCount\":486,\"commentCount\":0,\"publisher\":{\"@id\":\"https:\\\/\\\/patagoniambiental.com.ar\\\/info\\\/#organization\"},\"image\":{\"@id\":\"https:\\\/\\\/patagoniambiental.com.ar\\\/info\\\/nueva-investigacion-sobre-el-impacto-de-los-guanacos-en-pastizales\\\/#primaryimage\"},\"thumbnailUrl\":\"https:\\\/\\\/patagoniambiental.com.ar\\\/info\\\/wp-content\\\/uploads\\\/2024\\\/08\\\/guanacos.png\",\"articleSection\":[\"Bolet\u00edn\",\"Noticias\",\"Provinciales\",\"Santa Cruz\"],\"inLanguage\":\"es\",\"potentialAction\":[{\"@type\":\"CommentAction\",\"name\":\"Comment\",\"target\":[\"https:\\\/\\\/patagoniambiental.com.ar\\\/info\\\/nueva-investigacion-sobre-el-impacto-de-los-guanacos-en-pastizales\\\/#respond\"]}]},{\"@type\":\"WebPage\",\"@id\":\"https:\\\/\\\/patagoniambiental.com.ar\\\/info\\\/nueva-investigacion-sobre-el-impacto-de-los-guanacos-en-pastizales\\\/\",\"url\":\"https:\\\/\\\/patagoniambiental.com.ar\\\/info\\\/nueva-investigacion-sobre-el-impacto-de-los-guanacos-en-pastizales\\\/\",\"name\":\"Santa Cruz: Impacto del Guanaco en los pastizales (INTA)\",\"isPartOf\":{\"@id\":\"https:\\\/\\\/patagoniambiental.com.ar\\\/info\\\/#website\"},\"primaryImageOfPage\":{\"@id\":\"https:\\\/\\\/patagoniambiental.com.ar\\\/info\\\/nueva-investigacion-sobre-el-impacto-de-los-guanacos-en-pastizales\\\/#primaryimage\"},\"image\":{\"@id\":\"https:\\\/\\\/patagoniambiental.com.ar\\\/info\\\/nueva-investigacion-sobre-el-impacto-de-los-guanacos-en-pastizales\\\/#primaryimage\"},\"thumbnailUrl\":\"https:\\\/\\\/patagoniambiental.com.ar\\\/info\\\/wp-content\\\/uploads\\\/2024\\\/08\\\/guanacos.png\",\"datePublished\":\"2024-08-21T22:00:00+00:00\",\"dateModified\":\"2025-05-04T20:39:59+00:00\",\"description\":\"Santa Cruz: Nueva investigaci\u00f3n del INTA sobre el impacto de los Guanacos en pastizales arroja resultados sorprendentes\",\"breadcrumb\":{\"@id\":\"https:\\\/\\\/patagoniambiental.com.ar\\\/info\\\/nueva-investigacion-sobre-el-impacto-de-los-guanacos-en-pastizales\\\/#breadcrumb\"},\"inLanguage\":\"es\",\"potentialAction\":[{\"@type\":\"ReadAction\",\"target\":[\"https:\\\/\\\/patagoniambiental.com.ar\\\/info\\\/nueva-investigacion-sobre-el-impacto-de-los-guanacos-en-pastizales\\\/\"]}]},{\"@type\":\"ImageObject\",\"inLanguage\":\"es\",\"@id\":\"https:\\\/\\\/patagoniambiental.com.ar\\\/info\\\/nueva-investigacion-sobre-el-impacto-de-los-guanacos-en-pastizales\\\/#primaryimage\",\"url\":\"https:\\\/\\\/patagoniambiental.com.ar\\\/info\\\/wp-content\\\/uploads\\\/2024\\\/08\\\/guanacos.png\",\"contentUrl\":\"https:\\\/\\\/patagoniambiental.com.ar\\\/info\\\/wp-content\\\/uploads\\\/2024\\\/08\\\/guanacos.png\",\"width\":735,\"height\":420,\"caption\":\"El Impacto de los guanacos en pastizales\"},{\"@type\":\"BreadcrumbList\",\"@id\":\"https:\\\/\\\/patagoniambiental.com.ar\\\/info\\\/nueva-investigacion-sobre-el-impacto-de-los-guanacos-en-pastizales\\\/#breadcrumb\",\"itemListElement\":[{\"@type\":\"ListItem\",\"position\":1,\"name\":\"Inicio\",\"item\":\"https:\\\/\\\/patagoniambiental.com.ar\\\/info\\\/\"},{\"@type\":\"ListItem\",\"position\":2,\"name\":\"Nueva investigaci\u00f3n sobre el impacto de los Guanacos en pastizales\"}]},{\"@type\":\"WebSite\",\"@id\":\"https:\\\/\\\/patagoniambiental.com.ar\\\/info\\\/#website\",\"url\":\"https:\\\/\\\/patagoniambiental.com.ar\\\/info\\\/\",\"name\":\"Patagonia Ambiental\",\"description\":\"Monitoreo y an\u00e1lisis de la situaci\u00f3n geopol\u00edtica en el mundo y su implicancia en la Patagonia\",\"publisher\":{\"@id\":\"https:\\\/\\\/patagoniambiental.com.ar\\\/info\\\/#organization\"},\"potentialAction\":[{\"@type\":\"SearchAction\",\"target\":{\"@type\":\"EntryPoint\",\"urlTemplate\":\"https:\\\/\\\/patagoniambiental.com.ar\\\/info\\\/?s={search_term_string}\"},\"query-input\":{\"@type\":\"PropertyValueSpecification\",\"valueRequired\":true,\"valueName\":\"search_term_string\"}}],\"inLanguage\":\"es\"},{\"@type\":\"Organization\",\"@id\":\"https:\\\/\\\/patagoniambiental.com.ar\\\/info\\\/#organization\",\"name\":\"Patagonia Ambiental\",\"url\":\"https:\\\/\\\/patagoniambiental.com.ar\\\/info\\\/\",\"logo\":{\"@type\":\"ImageObject\",\"inLanguage\":\"es\",\"@id\":\"https:\\\/\\\/patagoniambiental.com.ar\\\/info\\\/#\\\/schema\\\/logo\\\/image\\\/\",\"url\":\"https:\\\/\\\/patagoniambiental.com.ar\\\/info\\\/wp-content\\\/uploads\\\/2025\\\/05\\\/LOGO-PATAGONIA-AMBIENTAL.png\",\"contentUrl\":\"https:\\\/\\\/patagoniambiental.com.ar\\\/info\\\/wp-content\\\/uploads\\\/2025\\\/05\\\/LOGO-PATAGONIA-AMBIENTAL.png\",\"width\":433,\"height\":250,\"caption\":\"Patagonia Ambiental\"},\"image\":{\"@id\":\"https:\\\/\\\/patagoniambiental.com.ar\\\/info\\\/#\\\/schema\\\/logo\\\/image\\\/\"},\"sameAs\":[\"https:\\\/\\\/www.facebook.com\\\/patagonia.ambiental\",\"https:\\\/\\\/x.com\\\/PatAmb\"]},{\"@type\":\"Person\",\"@id\":\"https:\\\/\\\/patagoniambiental.com.ar\\\/info\\\/#\\\/schema\\\/person\\\/db12bff64bbcbf6a253710bf0ea37b5d\",\"name\":\"Patagonia Ambiental\",\"description\":\"Andr\u00e9s Nievas T\u00e9cnico en manejo ambiental, consultor Ambiental y escritor para medios locales e internacionales sobre temas de geopolitica y medio ambiente.\",\"sameAs\":[\"http:\\\/\\\/www.patagoniambiental.com.ar\",\"https:\\\/\\\/www.facebook.com\\\/share\\\/1C1V8Gv9BX\\\/?mibextid=qi2Omg\",\"@patagoniambiental\",\"https:\\\/\\\/youtube.com\\\/@patagoniaambiental2023?si=BLt58t0wuXquxlYZ\"]}]}<\/script>\n<!-- \/ Yoast SEO Premium plugin. -->","yoast_head_json":{"title":"Santa Cruz: Impacto del Guanaco en los pastizales (INTA)","description":"Santa Cruz: Nueva investigaci\u00f3n del INTA sobre el impacto de los Guanacos en pastizales arroja resultados sorprendentes","robots":{"index":"index","follow":"follow","max-snippet":"max-snippet:-1","max-image-preview":"max-image-preview:large","max-video-preview":"max-video-preview:-1"},"canonical":"https:\/\/patagoniambiental.com.ar\/info\/nueva-investigacion-sobre-el-impacto-de-los-guanacos-en-pastizales\/","og_locale":"es_ES","og_type":"article","og_title":"Nueva investigaci\u00f3n sobre el impacto de los Guanacos en pastizales","og_description":"Santa Cruz: Impacto del Guanaco en los pastizales (INTA)","og_url":"https:\/\/patagoniambiental.com.ar\/info\/nueva-investigacion-sobre-el-impacto-de-los-guanacos-en-pastizales\/","og_site_name":"Patagonia Ambiental","article_publisher":"https:\/\/www.facebook.com\/patagonia.ambiental","article_author":"https:\/\/www.facebook.com\/share\/1C1V8Gv9BX\/?mibextid=qi2Omg","article_published_time":"2024-08-21T22:00:00+00:00","article_modified_time":"2025-05-04T20:39:59+00:00","og_image":[{"width":735,"height":420,"url":"https:\/\/patagoniambiental.com.ar\/info\/wp-content\/uploads\/2024\/08\/guanacos.png","type":"image\/png"}],"author":"Patagonia Ambiental","twitter_card":"summary_large_image","twitter_creator":"@PatAmb","twitter_site":"@PatAmb","schema":{"@context":"https:\/\/schema.org","@graph":[{"@type":"Article","@id":"https:\/\/patagoniambiental.com.ar\/info\/nueva-investigacion-sobre-el-impacto-de-los-guanacos-en-pastizales\/#article","isPartOf":{"@id":"https:\/\/patagoniambiental.com.ar\/info\/nueva-investigacion-sobre-el-impacto-de-los-guanacos-en-pastizales\/"},"author":{"name":"Patagonia Ambiental","@id":"https:\/\/patagoniambiental.com.ar\/info\/#\/schema\/person\/db12bff64bbcbf6a253710bf0ea37b5d"},"headline":"Nueva investigaci\u00f3n sobre el impacto de los Guanacos en pastizales","datePublished":"2024-08-21T22:00:00+00:00","dateModified":"2025-05-04T20:39:59+00:00","mainEntityOfPage":{"@id":"https:\/\/patagoniambiental.com.ar\/info\/nueva-investigacion-sobre-el-impacto-de-los-guanacos-en-pastizales\/"},"wordCount":486,"commentCount":0,"publisher":{"@id":"https:\/\/patagoniambiental.com.ar\/info\/#organization"},"image":{"@id":"https:\/\/patagoniambiental.com.ar\/info\/nueva-investigacion-sobre-el-impacto-de-los-guanacos-en-pastizales\/#primaryimage"},"thumbnailUrl":"https:\/\/patagoniambiental.com.ar\/info\/wp-content\/uploads\/2024\/08\/guanacos.png","articleSection":["Bolet\u00edn","Noticias","Provinciales","Santa Cruz"],"inLanguage":"es","potentialAction":[{"@type":"CommentAction","name":"Comment","target":["https:\/\/patagoniambiental.com.ar\/info\/nueva-investigacion-sobre-el-impacto-de-los-guanacos-en-pastizales\/#respond"]}]},{"@type":"WebPage","@id":"https:\/\/patagoniambiental.com.ar\/info\/nueva-investigacion-sobre-el-impacto-de-los-guanacos-en-pastizales\/","url":"https:\/\/patagoniambiental.com.ar\/info\/nueva-investigacion-sobre-el-impacto-de-los-guanacos-en-pastizales\/","name":"Santa Cruz: Impacto del Guanaco en los pastizales (INTA)","isPartOf":{"@id":"https:\/\/patagoniambiental.com.ar\/info\/#website"},"primaryImageOfPage":{"@id":"https:\/\/patagoniambiental.com.ar\/info\/nueva-investigacion-sobre-el-impacto-de-los-guanacos-en-pastizales\/#primaryimage"},"image":{"@id":"https:\/\/patagoniambiental.com.ar\/info\/nueva-investigacion-sobre-el-impacto-de-los-guanacos-en-pastizales\/#primaryimage"},"thumbnailUrl":"https:\/\/patagoniambiental.com.ar\/info\/wp-content\/uploads\/2024\/08\/guanacos.png","datePublished":"2024-08-21T22:00:00+00:00","dateModified":"2025-05-04T20:39:59+00:00","description":"Santa Cruz: Nueva investigaci\u00f3n del INTA sobre el impacto de los Guanacos en pastizales arroja resultados sorprendentes","breadcrumb":{"@id":"https:\/\/patagoniambiental.com.ar\/info\/nueva-investigacion-sobre-el-impacto-de-los-guanacos-en-pastizales\/#breadcrumb"},"inLanguage":"es","potentialAction":[{"@type":"ReadAction","target":["https:\/\/patagoniambiental.com.ar\/info\/nueva-investigacion-sobre-el-impacto-de-los-guanacos-en-pastizales\/"]}]},{"@type":"ImageObject","inLanguage":"es","@id":"https:\/\/patagoniambiental.com.ar\/info\/nueva-investigacion-sobre-el-impacto-de-los-guanacos-en-pastizales\/#primaryimage","url":"https:\/\/patagoniambiental.com.ar\/info\/wp-content\/uploads\/2024\/08\/guanacos.png","contentUrl":"https:\/\/patagoniambiental.com.ar\/info\/wp-content\/uploads\/2024\/08\/guanacos.png","width":735,"height":420,"caption":"El Impacto de los guanacos en pastizales"},{"@type":"BreadcrumbList","@id":"https:\/\/patagoniambiental.com.ar\/info\/nueva-investigacion-sobre-el-impacto-de-los-guanacos-en-pastizales\/#breadcrumb","itemListElement":[{"@type":"ListItem","position":1,"name":"Inicio","item":"https:\/\/patagoniambiental.com.ar\/info\/"},{"@type":"ListItem","position":2,"name":"Nueva investigaci\u00f3n sobre el impacto de los Guanacos en pastizales"}]},{"@type":"WebSite","@id":"https:\/\/patagoniambiental.com.ar\/info\/#website","url":"https:\/\/patagoniambiental.com.ar\/info\/","name":"Patagonia Ambiental","description":"Monitoreo y an\u00e1lisis de la situaci\u00f3n geopol\u00edtica en el mundo y su implicancia en la Patagonia","publisher":{"@id":"https:\/\/patagoniambiental.com.ar\/info\/#organization"},"potentialAction":[{"@type":"SearchAction","target":{"@type":"EntryPoint","urlTemplate":"https:\/\/patagoniambiental.com.ar\/info\/?s={search_term_string}"},"query-input":{"@type":"PropertyValueSpecification","valueRequired":true,"valueName":"search_term_string"}}],"inLanguage":"es"},{"@type":"Organization","@id":"https:\/\/patagoniambiental.com.ar\/info\/#organization","name":"Patagonia Ambiental","url":"https:\/\/patagoniambiental.com.ar\/info\/","logo":{"@type":"ImageObject","inLanguage":"es","@id":"https:\/\/patagoniambiental.com.ar\/info\/#\/schema\/logo\/image\/","url":"https:\/\/patagoniambiental.com.ar\/info\/wp-content\/uploads\/2025\/05\/LOGO-PATAGONIA-AMBIENTAL.png","contentUrl":"https:\/\/patagoniambiental.com.ar\/info\/wp-content\/uploads\/2025\/05\/LOGO-PATAGONIA-AMBIENTAL.png","width":433,"height":250,"caption":"Patagonia Ambiental"},"image":{"@id":"https:\/\/patagoniambiental.com.ar\/info\/#\/schema\/logo\/image\/"},"sameAs":["https:\/\/www.facebook.com\/patagonia.ambiental","https:\/\/x.com\/PatAmb"]},{"@type":"Person","@id":"https:\/\/patagoniambiental.com.ar\/info\/#\/schema\/person\/db12bff64bbcbf6a253710bf0ea37b5d","name":"Patagonia Ambiental","description":"Andr\u00e9s Nievas T\u00e9cnico en manejo ambiental, consultor Ambiental y escritor para medios locales e internacionales sobre temas de geopolitica y medio ambiente.","sameAs":["http:\/\/www.patagoniambiental.com.ar","https:\/\/www.facebook.com\/share\/1C1V8Gv9BX\/?mibextid=qi2Omg","@patagoniambiental","https:\/\/youtube.com\/@patagoniaambiental2023?si=BLt58t0wuXquxlYZ"]}]}},"_links":{"self":[{"href":"https:\/\/patagoniambiental.com.ar\/info\/wp-json\/wp\/v2\/posts\/88545","targetHints":{"allow":["GET"]}}],"collection":[{"href":"https:\/\/patagoniambiental.com.ar\/info\/wp-json\/wp\/v2\/posts"}],"about":[{"href":"https:\/\/patagoniambiental.com.ar\/info\/wp-json\/wp\/v2\/types\/post"}],"author":[{"embeddable":true,"href":"https:\/\/patagoniambiental.com.ar\/info\/wp-json\/wp\/v2\/users\/2"}],"replies":[{"embeddable":true,"href":"https:\/\/patagoniambiental.com.ar\/info\/wp-json\/wp\/v2\/comments?post=88545"}],"version-history":[{"count":0,"href":"https:\/\/patagoniambiental.com.ar\/info\/wp-json\/wp\/v2\/posts\/88545\/revisions"}],"wp:featuredmedia":[{"embeddable":true,"href":"https:\/\/patagoniambiental.com.ar\/info\/wp-json\/wp\/v2\/media\/88546"}],"wp:attachment":[{"href":"https:\/\/patagoniambiental.com.ar\/info\/wp-json\/wp\/v2\/media?parent=88545"}],"wp:term":[{"taxonomy":"category","embeddable":true,"href":"https:\/\/patagoniambiental.com.ar\/info\/wp-json\/wp\/v2\/categories?post=88545"},{"taxonomy":"post_tag","embeddable":true,"href":"https:\/\/patagoniambiental.com.ar\/info\/wp-json\/wp\/v2\/tags?post=88545"}],"curies":[{"name":"wp","href":"https:\/\/api.w.org\/{rel}","templated":true}]}}