{"id":88607,"date":"2024-08-22T15:56:51","date_gmt":"2024-08-22T18:56:51","guid":{"rendered":"https:\/\/patagoniambiental.com.ar\/info\/?p=88607"},"modified":"2025-05-04T17:39:47","modified_gmt":"2025-05-04T20:39:47","slug":"exito-en-la-limpieza-costera-de-isla-leones-y-caleta-san-roque-en-la-patagonia-austral","status":"publish","type":"post","link":"https:\/\/patagoniambiental.com.ar\/info\/exito-en-la-limpieza-costera-de-isla-leones-y-caleta-san-roque-en-la-patagonia-austral\/","title":{"rendered":"\u00c9xito en la Limpieza Costera de Isla Leones en la Patagonia Austral"},"content":{"rendered":"\n<!--more-->\n\n\n\n<p>Los d\u00edas 19 y 20 de agosto se llev\u00f3 a cabo una significativa operaci\u00f3n de limpieza en Isla Leones y Caleta San Roque, ubicadas en el Parque Interjurisdiccional Marino Costero Patagonia Austral (<a href=\"https:\/\/www.argentina.gob.ar\/interior\/ambiente\/parquesnacionales\/marinocostero\">PIMCPA<\/a>). Esta acci\u00f3n, parte del \u201cProyecto MaRes\u201d y apoyada por diversas organizaciones, busca combatir la amenaza que los residuos pl\u00e1sticos representan para estas \u00e1reas naturales.<\/p>\n\n\n\n<p>La operaci\u00f3n, que involucr\u00f3 una colaboraci\u00f3n estrecha entre la Administraci\u00f3n de Parques Nacionales, la Subsecretar\u00eda de Gesti\u00f3n Ambiental y Desarrollo Sustentable, la Subsecretar\u00eda de Conservaci\u00f3n y \u00c1reas Protegidas del Gobierno de la Provincia del Chubut, el Foro para la Conservaci\u00f3n del Mar Patag\u00f3nico, y la Fundaci\u00f3n Rewilding Argentina, moviliz\u00f3 a 25 personas con siete camionetas y dos embarcaciones. Durante la jornada, se cubrieron 358 kil\u00f3metros en navegaci\u00f3n y 442 kil\u00f3metros a pie, logrando la recolecci\u00f3n de 51 bolsones de residuos en Isla Leones y 19 bolsones en Caleta San Roque.<\/p>\n\n\n\n<p>En total, se retiraron 4,9 toneladas de basura, que incluyeron cajones, cabos, redes y boyas, los cuales fueron trasladados al continente para su adecuado manejo. Este esfuerzo tambi\u00e9n estuvo respaldado por 4 guardaparques del PIMCPA, 3 guardafaunas de la Secretar\u00eda de Conservaci\u00f3n y \u00c1reas Protegidas de Chubut, 2 agentes de la Secretar\u00eda de Ambiente de la provincia, y 12 voluntarios de Fundaci\u00f3n Rewilding, junto con 4 del Proyecto MaRes.<\/p>\n\n\n\n<p>Isla Leones, conocida por su alta vulnerabilidad a los residuos arrastrados por corrientes y vientos, ha sido identificada como una zona cr\u00edtica debido a la acumulaci\u00f3n de desechos pesqueros y urbanos. La contaminaci\u00f3n afecta directamente a la fauna local, incluyendo a petreles gigantes que ingieren pl\u00e1sticos y lobos marinos que a menudo quedan atrapados en redes y zunchos.<\/p>\n\n\n\n<p>Esta limpieza es parte de un esfuerzo mayor para proteger \u00e1reas vitales para la biodiversidad marina en la regi\u00f3n. Iniciativas previas, como la limpieza en el \u00c1rea Natural Protegida Pen\u00ednsula Vald\u00e9s, han demostrado la necesidad de una estrategia integral para enfrentar la contaminaci\u00f3n pl\u00e1stica y fortalecer la resiliencia de los ecosistemas costeros y marinos.<\/p>\n\n\n\n<p>El trabajo colaborativo de distintas entidades nacionales, provinciales y organizaciones no gubernamentales subraya el compromiso compartido para preservar la biodiversidad y asegurar la salud de estos ecosistemas marinos esenciales.<\/p>\n\n\n\n<p><\/p>\n\n\n\n<p><\/p>\n","protected":false},"excerpt":{"rendered":"","protected":false},"author":2,"featured_media":88608,"comment_status":"open","ping_status":"open","sticky":false,"template":"","format":"standard","meta":{"site-sidebar-layout":"default","site-content-layout":"","ast-site-content-layout":"default","site-content-style":"default","site-sidebar-style":"default","ast-global-header-display":"","ast-banner-title-visibility":"","ast-main-header-display":"","ast-hfb-above-header-display":"","ast-hfb-below-header-display":"","ast-hfb-mobile-header-display":"","site-post-title":"","ast-breadcrumbs-content":"","ast-featured-img":"","footer-sml-layout":"","ast-disable-related-posts":"","theme-transparent-header-meta":"","adv-header-id-meta":"","stick-header-meta":"","header-above-stick-meta":"","header-main-stick-meta":"","header-below-stick-meta":"","astra-migrate-meta-layouts":"default","ast-page-background-enabled":"default","ast-page-background-meta":{"desktop":{"background-color":"var(--ast-global-color-5)","background-image":"","background-repeat":"repeat","background-position":"center center","background-size":"auto","background-attachment":"scroll","background-type":"","background-media":"","overlay-type":"","overlay-color":"","overlay-opacity":"","overlay-gradient":""},"tablet":{"background-color":"","background-image":"","background-repeat":"repeat","background-position":"center center","background-size":"auto","background-attachment":"scroll","background-type":"","background-media":"","overlay-type":"","overlay-color":"","overlay-opacity":"","overlay-gradient":""},"mobile":{"background-color":"","background-image":"","background-repeat":"repeat","background-position":"center center","background-size":"auto","background-attachment":"scroll","background-type":"","background-media":"","overlay-type":"","overlay-color":"","overlay-opacity":"","overlay-gradient":""}},"ast-content-background-meta":{"desktop":{"background-color":"var(--ast-global-color-4)","background-image":"","background-repeat":"repeat","background-position":"center center","background-size":"auto","background-attachment":"scroll","background-type":"","background-media":"","overlay-type":"","overlay-color":"","overlay-opacity":"","overlay-gradient":""},"tablet":{"background-color":"var(--ast-global-color-4)","background-image":"","background-repeat":"repeat","background-position":"center center","background-size":"auto","background-attachment":"scroll","background-type":"","background-media":"","overlay-type":"","overlay-color":"","overlay-opacity":"","overlay-gradient":""},"mobile":{"background-color":"var(--ast-global-color-4)","background-image":"","background-repeat":"repeat","background-position":"center center","background-size":"auto","background-attachment":"scroll","background-type":"","background-media":"","overlay-type":"","overlay-color":"","overlay-opacity":"","overlay-gradient":""}},"footnotes":""},"categories":[19,1],"tags":[],"class_list":["post-88607","post","type-post","status-publish","format-standard","has-post-thumbnail","hentry","category-nacionales","category-noticias"],"yoast_head":"<!-- This site is optimized with the Yoast SEO Premium plugin v23.0 (Yoast SEO v27.5) - https:\/\/yoast.com\/product\/yoast-seo-premium-wordpress\/ -->\n<title>\u00c9xito en la Limpieza Costera de Isla Leones en la Patagonia Austral<\/title>\n<meta name=\"description\" content=\"Los d\u00edas 19 y 20 de agosto se llev\u00f3 a cabo una significativa operaci\u00f3n de limpieza en Isla Leones y Caleta San Roque, ubicadas en el Parque Interjurisdiccional Marino Costero Patagonia Austral (PIMCPA). Esta acci\u00f3n, parte del \u201cProyecto MaRes\u201d y apoyada por diversas organizaciones, busca combatir la amenaza que los residuos pl\u00e1sticos representan para estas \u00e1reas naturales.\" \/>\n<meta name=\"robots\" content=\"index, follow, max-snippet:-1, max-image-preview:large, max-video-preview:-1\" \/>\n<link rel=\"canonical\" href=\"https:\/\/patagoniambiental.com.ar\/info\/exito-en-la-limpieza-costera-de-isla-leones-y-caleta-san-roque-en-la-patagonia-austral\/\" \/>\n<meta property=\"og:locale\" content=\"es_ES\" \/>\n<meta property=\"og:type\" content=\"article\" \/>\n<meta property=\"og:title\" content=\"\u00c9xito en la Limpieza Costera de Isla Leones en la Patagonia Austral\" \/>\n<meta property=\"og:description\" content=\"Los d\u00edas 19 y 20 de agosto se llev\u00f3 a cabo una significativa operaci\u00f3n de limpieza en Isla Leones y Caleta San Roque, ubicadas en el Parque Interjurisdiccional Marino Costero Patagonia Austral (PIMCPA). Esta acci\u00f3n, parte del \u201cProyecto MaRes\u201d y apoyada por diversas organizaciones, busca combatir la amenaza que los residuos pl\u00e1sticos representan para estas \u00e1reas naturales.\" \/>\n<meta property=\"og:url\" content=\"https:\/\/patagoniambiental.com.ar\/info\/exito-en-la-limpieza-costera-de-isla-leones-y-caleta-san-roque-en-la-patagonia-austral\/\" \/>\n<meta property=\"og:site_name\" content=\"Patagonia Ambiental\" \/>\n<meta property=\"article:publisher\" content=\"https:\/\/www.facebook.com\/patagonia.ambiental\" \/>\n<meta property=\"article:author\" content=\"https:\/\/www.facebook.com\/share\/1C1V8Gv9BX\/?mibextid=qi2Omg\" \/>\n<meta property=\"article:published_time\" content=\"2024-08-22T18:56:51+00:00\" \/>\n<meta property=\"article:modified_time\" content=\"2025-05-04T20:39:47+00:00\" \/>\n<meta property=\"og:image\" content=\"https:\/\/patagoniambiental.com.ar\/info\/wp-content\/uploads\/2024\/08\/parque-marino-costero.png\" \/>\n\t<meta property=\"og:image:width\" content=\"800\" \/>\n\t<meta property=\"og:image:height\" content=\"357\" \/>\n\t<meta property=\"og:image:type\" content=\"image\/png\" \/>\n<meta name=\"author\" content=\"Patagonia Ambiental\" \/>\n<meta name=\"twitter:card\" content=\"summary_large_image\" \/>\n<meta name=\"twitter:creator\" content=\"@PatAmb\" \/>\n<meta name=\"twitter:site\" content=\"@PatAmb\" \/>\n<script type=\"application\/ld+json\" class=\"yoast-schema-graph\">{\"@context\":\"https:\\\/\\\/schema.org\",\"@graph\":[{\"@type\":\"Article\",\"@id\":\"https:\\\/\\\/patagoniambiental.com.ar\\\/info\\\/exito-en-la-limpieza-costera-de-isla-leones-y-caleta-san-roque-en-la-patagonia-austral\\\/#article\",\"isPartOf\":{\"@id\":\"https:\\\/\\\/patagoniambiental.com.ar\\\/info\\\/exito-en-la-limpieza-costera-de-isla-leones-y-caleta-san-roque-en-la-patagonia-austral\\\/\"},\"author\":{\"name\":\"Patagonia Ambiental\",\"@id\":\"https:\\\/\\\/patagoniambiental.com.ar\\\/info\\\/#\\\/schema\\\/person\\\/db12bff64bbcbf6a253710bf0ea37b5d\"},\"headline\":\"\u00c9xito en la Limpieza Costera de Isla Leones en la Patagonia Austral\",\"datePublished\":\"2024-08-22T18:56:51+00:00\",\"dateModified\":\"2025-05-04T20:39:47+00:00\",\"mainEntityOfPage\":{\"@id\":\"https:\\\/\\\/patagoniambiental.com.ar\\\/info\\\/exito-en-la-limpieza-costera-de-isla-leones-y-caleta-san-roque-en-la-patagonia-austral\\\/\"},\"wordCount\":388,\"commentCount\":0,\"publisher\":{\"@id\":\"https:\\\/\\\/patagoniambiental.com.ar\\\/info\\\/#organization\"},\"image\":{\"@id\":\"https:\\\/\\\/patagoniambiental.com.ar\\\/info\\\/exito-en-la-limpieza-costera-de-isla-leones-y-caleta-san-roque-en-la-patagonia-austral\\\/#primaryimage\"},\"thumbnailUrl\":\"https:\\\/\\\/patagoniambiental.com.ar\\\/info\\\/wp-content\\\/uploads\\\/2024\\\/08\\\/parque-marino-costero.png\",\"articleSection\":[\"Nacionales\",\"Noticias\"],\"inLanguage\":\"es\",\"potentialAction\":[{\"@type\":\"CommentAction\",\"name\":\"Comment\",\"target\":[\"https:\\\/\\\/patagoniambiental.com.ar\\\/info\\\/exito-en-la-limpieza-costera-de-isla-leones-y-caleta-san-roque-en-la-patagonia-austral\\\/#respond\"]}]},{\"@type\":\"WebPage\",\"@id\":\"https:\\\/\\\/patagoniambiental.com.ar\\\/info\\\/exito-en-la-limpieza-costera-de-isla-leones-y-caleta-san-roque-en-la-patagonia-austral\\\/\",\"url\":\"https:\\\/\\\/patagoniambiental.com.ar\\\/info\\\/exito-en-la-limpieza-costera-de-isla-leones-y-caleta-san-roque-en-la-patagonia-austral\\\/\",\"name\":\"\u00c9xito en la Limpieza Costera de Isla Leones en la Patagonia Austral\",\"isPartOf\":{\"@id\":\"https:\\\/\\\/patagoniambiental.com.ar\\\/info\\\/#website\"},\"primaryImageOfPage\":{\"@id\":\"https:\\\/\\\/patagoniambiental.com.ar\\\/info\\\/exito-en-la-limpieza-costera-de-isla-leones-y-caleta-san-roque-en-la-patagonia-austral\\\/#primaryimage\"},\"image\":{\"@id\":\"https:\\\/\\\/patagoniambiental.com.ar\\\/info\\\/exito-en-la-limpieza-costera-de-isla-leones-y-caleta-san-roque-en-la-patagonia-austral\\\/#primaryimage\"},\"thumbnailUrl\":\"https:\\\/\\\/patagoniambiental.com.ar\\\/info\\\/wp-content\\\/uploads\\\/2024\\\/08\\\/parque-marino-costero.png\",\"datePublished\":\"2024-08-22T18:56:51+00:00\",\"dateModified\":\"2025-05-04T20:39:47+00:00\",\"description\":\"Los d\u00edas 19 y 20 de agosto se llev\u00f3 a cabo una significativa operaci\u00f3n de limpieza en Isla Leones y Caleta San Roque, ubicadas en el Parque Interjurisdiccional Marino Costero Patagonia Austral (PIMCPA). Esta acci\u00f3n, parte del \u201cProyecto MaRes\u201d y apoyada por diversas organizaciones, busca combatir la amenaza que los residuos pl\u00e1sticos representan para estas \u00e1reas naturales.\",\"breadcrumb\":{\"@id\":\"https:\\\/\\\/patagoniambiental.com.ar\\\/info\\\/exito-en-la-limpieza-costera-de-isla-leones-y-caleta-san-roque-en-la-patagonia-austral\\\/#breadcrumb\"},\"inLanguage\":\"es\",\"potentialAction\":[{\"@type\":\"ReadAction\",\"target\":[\"https:\\\/\\\/patagoniambiental.com.ar\\\/info\\\/exito-en-la-limpieza-costera-de-isla-leones-y-caleta-san-roque-en-la-patagonia-austral\\\/\"]}]},{\"@type\":\"ImageObject\",\"inLanguage\":\"es\",\"@id\":\"https:\\\/\\\/patagoniambiental.com.ar\\\/info\\\/exito-en-la-limpieza-costera-de-isla-leones-y-caleta-san-roque-en-la-patagonia-austral\\\/#primaryimage\",\"url\":\"https:\\\/\\\/patagoniambiental.com.ar\\\/info\\\/wp-content\\\/uploads\\\/2024\\\/08\\\/parque-marino-costero.png\",\"contentUrl\":\"https:\\\/\\\/patagoniambiental.com.ar\\\/info\\\/wp-content\\\/uploads\\\/2024\\\/08\\\/parque-marino-costero.png\",\"width\":800,\"height\":357},{\"@type\":\"BreadcrumbList\",\"@id\":\"https:\\\/\\\/patagoniambiental.com.ar\\\/info\\\/exito-en-la-limpieza-costera-de-isla-leones-y-caleta-san-roque-en-la-patagonia-austral\\\/#breadcrumb\",\"itemListElement\":[{\"@type\":\"ListItem\",\"position\":1,\"name\":\"Inicio\",\"item\":\"https:\\\/\\\/patagoniambiental.com.ar\\\/info\\\/\"},{\"@type\":\"ListItem\",\"position\":2,\"name\":\"\u00c9xito en la Limpieza Costera de Isla Leones en la Patagonia Austral\"}]},{\"@type\":\"WebSite\",\"@id\":\"https:\\\/\\\/patagoniambiental.com.ar\\\/info\\\/#website\",\"url\":\"https:\\\/\\\/patagoniambiental.com.ar\\\/info\\\/\",\"name\":\"Patagonia Ambiental\",\"description\":\"Monitoreo y an\u00e1lisis de la situaci\u00f3n geopol\u00edtica en el mundo y su implicancia en la Patagonia\",\"publisher\":{\"@id\":\"https:\\\/\\\/patagoniambiental.com.ar\\\/info\\\/#organization\"},\"potentialAction\":[{\"@type\":\"SearchAction\",\"target\":{\"@type\":\"EntryPoint\",\"urlTemplate\":\"https:\\\/\\\/patagoniambiental.com.ar\\\/info\\\/?s={search_term_string}\"},\"query-input\":{\"@type\":\"PropertyValueSpecification\",\"valueRequired\":true,\"valueName\":\"search_term_string\"}}],\"inLanguage\":\"es\"},{\"@type\":\"Organization\",\"@id\":\"https:\\\/\\\/patagoniambiental.com.ar\\\/info\\\/#organization\",\"name\":\"Patagonia Ambiental\",\"url\":\"https:\\\/\\\/patagoniambiental.com.ar\\\/info\\\/\",\"logo\":{\"@type\":\"ImageObject\",\"inLanguage\":\"es\",\"@id\":\"https:\\\/\\\/patagoniambiental.com.ar\\\/info\\\/#\\\/schema\\\/logo\\\/image\\\/\",\"url\":\"https:\\\/\\\/patagoniambiental.com.ar\\\/info\\\/wp-content\\\/uploads\\\/2025\\\/05\\\/LOGO-PATAGONIA-AMBIENTAL.png\",\"contentUrl\":\"https:\\\/\\\/patagoniambiental.com.ar\\\/info\\\/wp-content\\\/uploads\\\/2025\\\/05\\\/LOGO-PATAGONIA-AMBIENTAL.png\",\"width\":433,\"height\":250,\"caption\":\"Patagonia Ambiental\"},\"image\":{\"@id\":\"https:\\\/\\\/patagoniambiental.com.ar\\\/info\\\/#\\\/schema\\\/logo\\\/image\\\/\"},\"sameAs\":[\"https:\\\/\\\/www.facebook.com\\\/patagonia.ambiental\",\"https:\\\/\\\/x.com\\\/PatAmb\"]},{\"@type\":\"Person\",\"@id\":\"https:\\\/\\\/patagoniambiental.com.ar\\\/info\\\/#\\\/schema\\\/person\\\/db12bff64bbcbf6a253710bf0ea37b5d\",\"name\":\"Patagonia Ambiental\",\"description\":\"Andr\u00e9s Nievas T\u00e9cnico en manejo ambiental, consultor Ambiental y escritor para medios locales e internacionales sobre temas de geopolitica y medio ambiente.\",\"sameAs\":[\"http:\\\/\\\/www.patagoniambiental.com.ar\",\"https:\\\/\\\/www.facebook.com\\\/share\\\/1C1V8Gv9BX\\\/?mibextid=qi2Omg\",\"@patagoniambiental\",\"https:\\\/\\\/youtube.com\\\/@patagoniaambiental2023?si=BLt58t0wuXquxlYZ\"]}]}<\/script>\n<!-- \/ Yoast SEO Premium plugin. -->","yoast_head_json":{"title":"\u00c9xito en la Limpieza Costera de Isla Leones en la Patagonia Austral","description":"Los d\u00edas 19 y 20 de agosto se llev\u00f3 a cabo una significativa operaci\u00f3n de limpieza en Isla Leones y Caleta San Roque, ubicadas en el Parque Interjurisdiccional Marino Costero Patagonia Austral (PIMCPA). Esta acci\u00f3n, parte del \u201cProyecto MaRes\u201d y apoyada por diversas organizaciones, busca combatir la amenaza que los residuos pl\u00e1sticos representan para estas \u00e1reas naturales.","robots":{"index":"index","follow":"follow","max-snippet":"max-snippet:-1","max-image-preview":"max-image-preview:large","max-video-preview":"max-video-preview:-1"},"canonical":"https:\/\/patagoniambiental.com.ar\/info\/exito-en-la-limpieza-costera-de-isla-leones-y-caleta-san-roque-en-la-patagonia-austral\/","og_locale":"es_ES","og_type":"article","og_title":"\u00c9xito en la Limpieza Costera de Isla Leones en la Patagonia Austral","og_description":"Los d\u00edas 19 y 20 de agosto se llev\u00f3 a cabo una significativa operaci\u00f3n de limpieza en Isla Leones y Caleta San Roque, ubicadas en el Parque Interjurisdiccional Marino Costero Patagonia Austral (PIMCPA). Esta acci\u00f3n, parte del \u201cProyecto MaRes\u201d y apoyada por diversas organizaciones, busca combatir la amenaza que los residuos pl\u00e1sticos representan para estas \u00e1reas naturales.","og_url":"https:\/\/patagoniambiental.com.ar\/info\/exito-en-la-limpieza-costera-de-isla-leones-y-caleta-san-roque-en-la-patagonia-austral\/","og_site_name":"Patagonia Ambiental","article_publisher":"https:\/\/www.facebook.com\/patagonia.ambiental","article_author":"https:\/\/www.facebook.com\/share\/1C1V8Gv9BX\/?mibextid=qi2Omg","article_published_time":"2024-08-22T18:56:51+00:00","article_modified_time":"2025-05-04T20:39:47+00:00","og_image":[{"width":800,"height":357,"url":"https:\/\/patagoniambiental.com.ar\/info\/wp-content\/uploads\/2024\/08\/parque-marino-costero.png","type":"image\/png"}],"author":"Patagonia Ambiental","twitter_card":"summary_large_image","twitter_creator":"@PatAmb","twitter_site":"@PatAmb","schema":{"@context":"https:\/\/schema.org","@graph":[{"@type":"Article","@id":"https:\/\/patagoniambiental.com.ar\/info\/exito-en-la-limpieza-costera-de-isla-leones-y-caleta-san-roque-en-la-patagonia-austral\/#article","isPartOf":{"@id":"https:\/\/patagoniambiental.com.ar\/info\/exito-en-la-limpieza-costera-de-isla-leones-y-caleta-san-roque-en-la-patagonia-austral\/"},"author":{"name":"Patagonia Ambiental","@id":"https:\/\/patagoniambiental.com.ar\/info\/#\/schema\/person\/db12bff64bbcbf6a253710bf0ea37b5d"},"headline":"\u00c9xito en la Limpieza Costera de Isla Leones en la Patagonia Austral","datePublished":"2024-08-22T18:56:51+00:00","dateModified":"2025-05-04T20:39:47+00:00","mainEntityOfPage":{"@id":"https:\/\/patagoniambiental.com.ar\/info\/exito-en-la-limpieza-costera-de-isla-leones-y-caleta-san-roque-en-la-patagonia-austral\/"},"wordCount":388,"commentCount":0,"publisher":{"@id":"https:\/\/patagoniambiental.com.ar\/info\/#organization"},"image":{"@id":"https:\/\/patagoniambiental.com.ar\/info\/exito-en-la-limpieza-costera-de-isla-leones-y-caleta-san-roque-en-la-patagonia-austral\/#primaryimage"},"thumbnailUrl":"https:\/\/patagoniambiental.com.ar\/info\/wp-content\/uploads\/2024\/08\/parque-marino-costero.png","articleSection":["Nacionales","Noticias"],"inLanguage":"es","potentialAction":[{"@type":"CommentAction","name":"Comment","target":["https:\/\/patagoniambiental.com.ar\/info\/exito-en-la-limpieza-costera-de-isla-leones-y-caleta-san-roque-en-la-patagonia-austral\/#respond"]}]},{"@type":"WebPage","@id":"https:\/\/patagoniambiental.com.ar\/info\/exito-en-la-limpieza-costera-de-isla-leones-y-caleta-san-roque-en-la-patagonia-austral\/","url":"https:\/\/patagoniambiental.com.ar\/info\/exito-en-la-limpieza-costera-de-isla-leones-y-caleta-san-roque-en-la-patagonia-austral\/","name":"\u00c9xito en la Limpieza Costera de Isla Leones en la Patagonia Austral","isPartOf":{"@id":"https:\/\/patagoniambiental.com.ar\/info\/#website"},"primaryImageOfPage":{"@id":"https:\/\/patagoniambiental.com.ar\/info\/exito-en-la-limpieza-costera-de-isla-leones-y-caleta-san-roque-en-la-patagonia-austral\/#primaryimage"},"image":{"@id":"https:\/\/patagoniambiental.com.ar\/info\/exito-en-la-limpieza-costera-de-isla-leones-y-caleta-san-roque-en-la-patagonia-austral\/#primaryimage"},"thumbnailUrl":"https:\/\/patagoniambiental.com.ar\/info\/wp-content\/uploads\/2024\/08\/parque-marino-costero.png","datePublished":"2024-08-22T18:56:51+00:00","dateModified":"2025-05-04T20:39:47+00:00","description":"Los d\u00edas 19 y 20 de agosto se llev\u00f3 a cabo una significativa operaci\u00f3n de limpieza en Isla Leones y Caleta San Roque, ubicadas en el Parque Interjurisdiccional Marino Costero Patagonia Austral (PIMCPA). Esta acci\u00f3n, parte del \u201cProyecto MaRes\u201d y apoyada por diversas organizaciones, busca combatir la amenaza que los residuos pl\u00e1sticos representan para estas \u00e1reas naturales.","breadcrumb":{"@id":"https:\/\/patagoniambiental.com.ar\/info\/exito-en-la-limpieza-costera-de-isla-leones-y-caleta-san-roque-en-la-patagonia-austral\/#breadcrumb"},"inLanguage":"es","potentialAction":[{"@type":"ReadAction","target":["https:\/\/patagoniambiental.com.ar\/info\/exito-en-la-limpieza-costera-de-isla-leones-y-caleta-san-roque-en-la-patagonia-austral\/"]}]},{"@type":"ImageObject","inLanguage":"es","@id":"https:\/\/patagoniambiental.com.ar\/info\/exito-en-la-limpieza-costera-de-isla-leones-y-caleta-san-roque-en-la-patagonia-austral\/#primaryimage","url":"https:\/\/patagoniambiental.com.ar\/info\/wp-content\/uploads\/2024\/08\/parque-marino-costero.png","contentUrl":"https:\/\/patagoniambiental.com.ar\/info\/wp-content\/uploads\/2024\/08\/parque-marino-costero.png","width":800,"height":357},{"@type":"BreadcrumbList","@id":"https:\/\/patagoniambiental.com.ar\/info\/exito-en-la-limpieza-costera-de-isla-leones-y-caleta-san-roque-en-la-patagonia-austral\/#breadcrumb","itemListElement":[{"@type":"ListItem","position":1,"name":"Inicio","item":"https:\/\/patagoniambiental.com.ar\/info\/"},{"@type":"ListItem","position":2,"name":"\u00c9xito en la Limpieza Costera de Isla Leones en la Patagonia Austral"}]},{"@type":"WebSite","@id":"https:\/\/patagoniambiental.com.ar\/info\/#website","url":"https:\/\/patagoniambiental.com.ar\/info\/","name":"Patagonia Ambiental","description":"Monitoreo y an\u00e1lisis de la situaci\u00f3n geopol\u00edtica en el mundo y su implicancia en la Patagonia","publisher":{"@id":"https:\/\/patagoniambiental.com.ar\/info\/#organization"},"potentialAction":[{"@type":"SearchAction","target":{"@type":"EntryPoint","urlTemplate":"https:\/\/patagoniambiental.com.ar\/info\/?s={search_term_string}"},"query-input":{"@type":"PropertyValueSpecification","valueRequired":true,"valueName":"search_term_string"}}],"inLanguage":"es"},{"@type":"Organization","@id":"https:\/\/patagoniambiental.com.ar\/info\/#organization","name":"Patagonia Ambiental","url":"https:\/\/patagoniambiental.com.ar\/info\/","logo":{"@type":"ImageObject","inLanguage":"es","@id":"https:\/\/patagoniambiental.com.ar\/info\/#\/schema\/logo\/image\/","url":"https:\/\/patagoniambiental.com.ar\/info\/wp-content\/uploads\/2025\/05\/LOGO-PATAGONIA-AMBIENTAL.png","contentUrl":"https:\/\/patagoniambiental.com.ar\/info\/wp-content\/uploads\/2025\/05\/LOGO-PATAGONIA-AMBIENTAL.png","width":433,"height":250,"caption":"Patagonia Ambiental"},"image":{"@id":"https:\/\/patagoniambiental.com.ar\/info\/#\/schema\/logo\/image\/"},"sameAs":["https:\/\/www.facebook.com\/patagonia.ambiental","https:\/\/x.com\/PatAmb"]},{"@type":"Person","@id":"https:\/\/patagoniambiental.com.ar\/info\/#\/schema\/person\/db12bff64bbcbf6a253710bf0ea37b5d","name":"Patagonia Ambiental","description":"Andr\u00e9s Nievas T\u00e9cnico en manejo ambiental, consultor Ambiental y escritor para medios locales e internacionales sobre temas de geopolitica y medio ambiente.","sameAs":["http:\/\/www.patagoniambiental.com.ar","https:\/\/www.facebook.com\/share\/1C1V8Gv9BX\/?mibextid=qi2Omg","@patagoniambiental","https:\/\/youtube.com\/@patagoniaambiental2023?si=BLt58t0wuXquxlYZ"]}]}},"_links":{"self":[{"href":"https:\/\/patagoniambiental.com.ar\/info\/wp-json\/wp\/v2\/posts\/88607","targetHints":{"allow":["GET"]}}],"collection":[{"href":"https:\/\/patagoniambiental.com.ar\/info\/wp-json\/wp\/v2\/posts"}],"about":[{"href":"https:\/\/patagoniambiental.com.ar\/info\/wp-json\/wp\/v2\/types\/post"}],"author":[{"embeddable":true,"href":"https:\/\/patagoniambiental.com.ar\/info\/wp-json\/wp\/v2\/users\/2"}],"replies":[{"embeddable":true,"href":"https:\/\/patagoniambiental.com.ar\/info\/wp-json\/wp\/v2\/comments?post=88607"}],"version-history":[{"count":0,"href":"https:\/\/patagoniambiental.com.ar\/info\/wp-json\/wp\/v2\/posts\/88607\/revisions"}],"wp:featuredmedia":[{"embeddable":true,"href":"https:\/\/patagoniambiental.com.ar\/info\/wp-json\/wp\/v2\/media\/88608"}],"wp:attachment":[{"href":"https:\/\/patagoniambiental.com.ar\/info\/wp-json\/wp\/v2\/media?parent=88607"}],"wp:term":[{"taxonomy":"category","embeddable":true,"href":"https:\/\/patagoniambiental.com.ar\/info\/wp-json\/wp\/v2\/categories?post=88607"},{"taxonomy":"post_tag","embeddable":true,"href":"https:\/\/patagoniambiental.com.ar\/info\/wp-json\/wp\/v2\/tags?post=88607"}],"curies":[{"name":"wp","href":"https:\/\/api.w.org\/{rel}","templated":true}]}}