{"id":89047,"date":"2024-08-30T21:20:00","date_gmt":"2024-08-31T00:20:00","guid":{"rendered":"https:\/\/patagoniambiental.com.ar\/info\/?p=89047"},"modified":"2025-05-04T17:19:55","modified_gmt":"2025-05-04T20:19:55","slug":"inicia-la-temporada-alta-de-avistaje-de-ballenas","status":"publish","type":"post","link":"https:\/\/patagoniambiental.com.ar\/info\/inicia-la-temporada-alta-de-avistaje-de-ballenas\/","title":{"rendered":"Inicia la Temporada Alta de Avistaje de Ballenas"},"content":{"rendered":"\n<!--more-->\n\n\n\n<p>Este viernes marc\u00f3 el inicio oficial de la Temporada Alta de Avistaje de Ballenas en Las Grutas, un evento destacado en el Golfo San Mat\u00edas. Se anticipa un aumento en la presencia de estos majestuosos mam\u00edferos el pr\u00f3ximo mes, ya que las ballenas han comenzado a frecuentar la regi\u00f3n desde mayo.<\/p>\n\n\n\n<p>La temporada es gestionada por cinco operadores autorizados en San Antonio Oeste, el Puerto del Este y Las Grutas. <\/p>\n\n\n\n<p>Ofrecen excursiones en embarcaciones peque\u00f1as que permiten una visi\u00f3n cercana y respetuosa del entorno natural de las ballenas. En ocasiones, tambi\u00e9n es posible verlas desde la costa.<\/p>\n\n\n\n<p>Durante la presentaci\u00f3n, Marcos Barberis, secretario de Turismo, expres\u00f3 su satisfacci\u00f3n con el inicio de la temporada. Destac\u00f3 que las ballenas han estado presentes desde hace meses, permitiendo a los operadores realizar hasta cinco salidas diarias durante las vacaciones de invierno. <\/p>\n\n\n\n<p>Barberis tambi\u00e9n subray\u00f3 la importancia de la colaboraci\u00f3n entre el municipio y el sector privado para convertir Las Grutas en un destino de turismo destacado durante todo el a\u00f1o.<\/p>\n\n\n\n<p>La Costa Atl\u00e1ntica Rionegrina, con sus caracter\u00edsticas geogr\u00e1ficas \u00fanicas, ofrece condiciones ideales para el avistaje de la ballena franca austral en esta \u00e9poca del a\u00f1o. <\/p>\n\n\n\n<p>Las excursiones embarcadas permiten a los visitantes disfrutar de un espect\u00e1culo marino inolvidable y de la observaci\u00f3n de diversas especies de mam\u00edferos y aves locales.<\/p>\n\n\n\n<p><\/p>\n","protected":false},"excerpt":{"rendered":"","protected":false},"author":2,"featured_media":89048,"comment_status":"open","ping_status":"open","sticky":false,"template":"","format":"standard","meta":{"site-sidebar-layout":"default","site-content-layout":"","ast-site-content-layout":"default","site-content-style":"default","site-sidebar-style":"default","ast-global-header-display":"","ast-banner-title-visibility":"","ast-main-header-display":"","ast-hfb-above-header-display":"","ast-hfb-below-header-display":"","ast-hfb-mobile-header-display":"","site-post-title":"","ast-breadcrumbs-content":"","ast-featured-img":"","footer-sml-layout":"","ast-disable-related-posts":"","theme-transparent-header-meta":"","adv-header-id-meta":"","stick-header-meta":"","header-above-stick-meta":"","header-main-stick-meta":"","header-below-stick-meta":"","astra-migrate-meta-layouts":"default","ast-page-background-enabled":"default","ast-page-background-meta":{"desktop":{"background-color":"var(--ast-global-color-5)","background-image":"","background-repeat":"repeat","background-position":"center center","background-size":"auto","background-attachment":"scroll","background-type":"","background-media":"","overlay-type":"","overlay-color":"","overlay-opacity":"","overlay-gradient":""},"tablet":{"background-color":"","background-image":"","background-repeat":"repeat","background-position":"center center","background-size":"auto","background-attachment":"scroll","background-type":"","background-media":"","overlay-type":"","overlay-color":"","overlay-opacity":"","overlay-gradient":""},"mobile":{"background-color":"","background-image":"","background-repeat":"repeat","background-position":"center center","background-size":"auto","background-attachment":"scroll","background-type":"","background-media":"","overlay-type":"","overlay-color":"","overlay-opacity":"","overlay-gradient":""}},"ast-content-background-meta":{"desktop":{"background-color":"var(--ast-global-color-4)","background-image":"","background-repeat":"repeat","background-position":"center center","background-size":"auto","background-attachment":"scroll","background-type":"","background-media":"","overlay-type":"","overlay-color":"","overlay-opacity":"","overlay-gradient":""},"tablet":{"background-color":"var(--ast-global-color-4)","background-image":"","background-repeat":"repeat","background-position":"center center","background-size":"auto","background-attachment":"scroll","background-type":"","background-media":"","overlay-type":"","overlay-color":"","overlay-opacity":"","overlay-gradient":""},"mobile":{"background-color":"var(--ast-global-color-4)","background-image":"","background-repeat":"repeat","background-position":"center center","background-size":"auto","background-attachment":"scroll","background-type":"","background-media":"","overlay-type":"","overlay-color":"","overlay-opacity":"","overlay-gradient":""}},"footnotes":""},"categories":[11,1,13],"tags":[],"class_list":["post-89047","post","type-post","status-publish","format-standard","has-post-thumbnail","hentry","category-boletin","category-noticias","category-provinciales"],"yoast_head":"<!-- This site is optimized with the Yoast SEO Premium plugin v23.0 (Yoast SEO v27.5) - https:\/\/yoast.com\/product\/yoast-seo-premium-wordpress\/ -->\n<title>Inicia la Temporada Alta de Avistaje de Ballenas<\/title>\n<meta name=\"description\" content=\"Este viernes marc\u00f3 el inicio oficial de la Temporada Alta de Avistaje de Ballenas en Las Grutas, un evento destacado en el Golfo San Mat\u00edas. Se anticipa un aumento en la presencia de estos majestuosos mam\u00edferos el pr\u00f3ximo mes, ya que las ballenas han comenzado a frecuentar la regi\u00f3n desde mayo.\" \/>\n<meta name=\"robots\" content=\"index, follow, max-snippet:-1, max-image-preview:large, max-video-preview:-1\" \/>\n<link rel=\"canonical\" href=\"https:\/\/patagoniambiental.com.ar\/info\/inicia-la-temporada-alta-de-avistaje-de-ballenas\/\" \/>\n<meta property=\"og:locale\" content=\"es_ES\" \/>\n<meta property=\"og:type\" content=\"article\" \/>\n<meta property=\"og:title\" content=\"Inicia la Temporada Alta de Avistaje de Ballenas\" \/>\n<meta property=\"og:description\" content=\"Este viernes marc\u00f3 el inicio oficial de la Temporada Alta de Avistaje de Ballenas en Las Grutas, un evento destacado en el Golfo San Mat\u00edas. Se anticipa un aumento en la presencia de estos majestuosos mam\u00edferos el pr\u00f3ximo mes, ya que las ballenas han comenzado a frecuentar la regi\u00f3n desde mayo.\" \/>\n<meta property=\"og:url\" content=\"https:\/\/patagoniambiental.com.ar\/info\/inicia-la-temporada-alta-de-avistaje-de-ballenas\/\" \/>\n<meta property=\"og:site_name\" content=\"Patagonia Ambiental\" \/>\n<meta property=\"article:publisher\" content=\"https:\/\/www.facebook.com\/patagonia.ambiental\" \/>\n<meta property=\"article:author\" content=\"https:\/\/www.facebook.com\/share\/1C1V8Gv9BX\/?mibextid=qi2Omg\" \/>\n<meta property=\"article:published_time\" content=\"2024-08-31T00:20:00+00:00\" \/>\n<meta property=\"article:modified_time\" content=\"2025-05-04T20:19:55+00:00\" \/>\n<meta property=\"og:image\" content=\"https:\/\/patagoniambiental.com.ar\/info\/wp-content\/uploads\/2024\/08\/1725046033_c497c667342400e573ac-1.jpeg\" \/>\n\t<meta property=\"og:image:width\" content=\"1080\" \/>\n\t<meta property=\"og:image:height\" content=\"607\" \/>\n\t<meta property=\"og:image:type\" content=\"image\/jpeg\" \/>\n<meta name=\"author\" content=\"Patagonia Ambiental\" \/>\n<meta name=\"twitter:card\" content=\"summary_large_image\" \/>\n<meta name=\"twitter:creator\" content=\"@PatAmb\" \/>\n<meta name=\"twitter:site\" content=\"@PatAmb\" \/>\n<script type=\"application\/ld+json\" class=\"yoast-schema-graph\">{\"@context\":\"https:\\\/\\\/schema.org\",\"@graph\":[{\"@type\":\"Article\",\"@id\":\"https:\\\/\\\/patagoniambiental.com.ar\\\/info\\\/inicia-la-temporada-alta-de-avistaje-de-ballenas\\\/#article\",\"isPartOf\":{\"@id\":\"https:\\\/\\\/patagoniambiental.com.ar\\\/info\\\/inicia-la-temporada-alta-de-avistaje-de-ballenas\\\/\"},\"author\":{\"name\":\"Patagonia Ambiental\",\"@id\":\"https:\\\/\\\/patagoniambiental.com.ar\\\/info\\\/#\\\/schema\\\/person\\\/db12bff64bbcbf6a253710bf0ea37b5d\"},\"headline\":\"Inicia la Temporada Alta de Avistaje de Ballenas\",\"datePublished\":\"2024-08-31T00:20:00+00:00\",\"dateModified\":\"2025-05-04T20:19:55+00:00\",\"mainEntityOfPage\":{\"@id\":\"https:\\\/\\\/patagoniambiental.com.ar\\\/info\\\/inicia-la-temporada-alta-de-avistaje-de-ballenas\\\/\"},\"wordCount\":244,\"commentCount\":0,\"publisher\":{\"@id\":\"https:\\\/\\\/patagoniambiental.com.ar\\\/info\\\/#organization\"},\"image\":{\"@id\":\"https:\\\/\\\/patagoniambiental.com.ar\\\/info\\\/inicia-la-temporada-alta-de-avistaje-de-ballenas\\\/#primaryimage\"},\"thumbnailUrl\":\"https:\\\/\\\/patagoniambiental.com.ar\\\/info\\\/wp-content\\\/uploads\\\/2024\\\/08\\\/1725046033_c497c667342400e573ac-1.jpeg\",\"articleSection\":[\"Bolet\u00edn\",\"Noticias\",\"Provinciales\"],\"inLanguage\":\"es\",\"potentialAction\":[{\"@type\":\"CommentAction\",\"name\":\"Comment\",\"target\":[\"https:\\\/\\\/patagoniambiental.com.ar\\\/info\\\/inicia-la-temporada-alta-de-avistaje-de-ballenas\\\/#respond\"]}]},{\"@type\":\"WebPage\",\"@id\":\"https:\\\/\\\/patagoniambiental.com.ar\\\/info\\\/inicia-la-temporada-alta-de-avistaje-de-ballenas\\\/\",\"url\":\"https:\\\/\\\/patagoniambiental.com.ar\\\/info\\\/inicia-la-temporada-alta-de-avistaje-de-ballenas\\\/\",\"name\":\"Inicia la Temporada Alta de Avistaje de Ballenas\",\"isPartOf\":{\"@id\":\"https:\\\/\\\/patagoniambiental.com.ar\\\/info\\\/#website\"},\"primaryImageOfPage\":{\"@id\":\"https:\\\/\\\/patagoniambiental.com.ar\\\/info\\\/inicia-la-temporada-alta-de-avistaje-de-ballenas\\\/#primaryimage\"},\"image\":{\"@id\":\"https:\\\/\\\/patagoniambiental.com.ar\\\/info\\\/inicia-la-temporada-alta-de-avistaje-de-ballenas\\\/#primaryimage\"},\"thumbnailUrl\":\"https:\\\/\\\/patagoniambiental.com.ar\\\/info\\\/wp-content\\\/uploads\\\/2024\\\/08\\\/1725046033_c497c667342400e573ac-1.jpeg\",\"datePublished\":\"2024-08-31T00:20:00+00:00\",\"dateModified\":\"2025-05-04T20:19:55+00:00\",\"description\":\"Este viernes marc\u00f3 el inicio oficial de la Temporada Alta de Avistaje de Ballenas en Las Grutas, un evento destacado en el Golfo San Mat\u00edas. Se anticipa un aumento en la presencia de estos majestuosos mam\u00edferos el pr\u00f3ximo mes, ya que las ballenas han comenzado a frecuentar la regi\u00f3n desde mayo.\",\"breadcrumb\":{\"@id\":\"https:\\\/\\\/patagoniambiental.com.ar\\\/info\\\/inicia-la-temporada-alta-de-avistaje-de-ballenas\\\/#breadcrumb\"},\"inLanguage\":\"es\",\"potentialAction\":[{\"@type\":\"ReadAction\",\"target\":[\"https:\\\/\\\/patagoniambiental.com.ar\\\/info\\\/inicia-la-temporada-alta-de-avistaje-de-ballenas\\\/\"]}]},{\"@type\":\"ImageObject\",\"inLanguage\":\"es\",\"@id\":\"https:\\\/\\\/patagoniambiental.com.ar\\\/info\\\/inicia-la-temporada-alta-de-avistaje-de-ballenas\\\/#primaryimage\",\"url\":\"https:\\\/\\\/patagoniambiental.com.ar\\\/info\\\/wp-content\\\/uploads\\\/2024\\\/08\\\/1725046033_c497c667342400e573ac-1.jpeg\",\"contentUrl\":\"https:\\\/\\\/patagoniambiental.com.ar\\\/info\\\/wp-content\\\/uploads\\\/2024\\\/08\\\/1725046033_c497c667342400e573ac-1.jpeg\",\"width\":1080,\"height\":607},{\"@type\":\"BreadcrumbList\",\"@id\":\"https:\\\/\\\/patagoniambiental.com.ar\\\/info\\\/inicia-la-temporada-alta-de-avistaje-de-ballenas\\\/#breadcrumb\",\"itemListElement\":[{\"@type\":\"ListItem\",\"position\":1,\"name\":\"Inicio\",\"item\":\"https:\\\/\\\/patagoniambiental.com.ar\\\/info\\\/\"},{\"@type\":\"ListItem\",\"position\":2,\"name\":\"Inicia la Temporada Alta de Avistaje de Ballenas\"}]},{\"@type\":\"WebSite\",\"@id\":\"https:\\\/\\\/patagoniambiental.com.ar\\\/info\\\/#website\",\"url\":\"https:\\\/\\\/patagoniambiental.com.ar\\\/info\\\/\",\"name\":\"Patagonia Ambiental\",\"description\":\"Monitoreo y an\u00e1lisis de la situaci\u00f3n geopol\u00edtica en el mundo y su implicancia en la Patagonia\",\"publisher\":{\"@id\":\"https:\\\/\\\/patagoniambiental.com.ar\\\/info\\\/#organization\"},\"potentialAction\":[{\"@type\":\"SearchAction\",\"target\":{\"@type\":\"EntryPoint\",\"urlTemplate\":\"https:\\\/\\\/patagoniambiental.com.ar\\\/info\\\/?s={search_term_string}\"},\"query-input\":{\"@type\":\"PropertyValueSpecification\",\"valueRequired\":true,\"valueName\":\"search_term_string\"}}],\"inLanguage\":\"es\"},{\"@type\":\"Organization\",\"@id\":\"https:\\\/\\\/patagoniambiental.com.ar\\\/info\\\/#organization\",\"name\":\"Patagonia Ambiental\",\"url\":\"https:\\\/\\\/patagoniambiental.com.ar\\\/info\\\/\",\"logo\":{\"@type\":\"ImageObject\",\"inLanguage\":\"es\",\"@id\":\"https:\\\/\\\/patagoniambiental.com.ar\\\/info\\\/#\\\/schema\\\/logo\\\/image\\\/\",\"url\":\"https:\\\/\\\/patagoniambiental.com.ar\\\/info\\\/wp-content\\\/uploads\\\/2025\\\/05\\\/LOGO-PATAGONIA-AMBIENTAL.png\",\"contentUrl\":\"https:\\\/\\\/patagoniambiental.com.ar\\\/info\\\/wp-content\\\/uploads\\\/2025\\\/05\\\/LOGO-PATAGONIA-AMBIENTAL.png\",\"width\":433,\"height\":250,\"caption\":\"Patagonia Ambiental\"},\"image\":{\"@id\":\"https:\\\/\\\/patagoniambiental.com.ar\\\/info\\\/#\\\/schema\\\/logo\\\/image\\\/\"},\"sameAs\":[\"https:\\\/\\\/www.facebook.com\\\/patagonia.ambiental\",\"https:\\\/\\\/x.com\\\/PatAmb\"]},{\"@type\":\"Person\",\"@id\":\"https:\\\/\\\/patagoniambiental.com.ar\\\/info\\\/#\\\/schema\\\/person\\\/db12bff64bbcbf6a253710bf0ea37b5d\",\"name\":\"Patagonia Ambiental\",\"description\":\"Andr\u00e9s Nievas T\u00e9cnico en manejo ambiental, consultor Ambiental y escritor para medios locales e internacionales sobre temas de geopolitica y medio ambiente.\",\"sameAs\":[\"http:\\\/\\\/www.patagoniambiental.com.ar\",\"https:\\\/\\\/www.facebook.com\\\/share\\\/1C1V8Gv9BX\\\/?mibextid=qi2Omg\",\"@patagoniambiental\",\"https:\\\/\\\/youtube.com\\\/@patagoniaambiental2023?si=BLt58t0wuXquxlYZ\"]}]}<\/script>\n<!-- \/ Yoast SEO Premium plugin. -->","yoast_head_json":{"title":"Inicia la Temporada Alta de Avistaje de Ballenas","description":"Este viernes marc\u00f3 el inicio oficial de la Temporada Alta de Avistaje de Ballenas en Las Grutas, un evento destacado en el Golfo San Mat\u00edas. Se anticipa un aumento en la presencia de estos majestuosos mam\u00edferos el pr\u00f3ximo mes, ya que las ballenas han comenzado a frecuentar la regi\u00f3n desde mayo.","robots":{"index":"index","follow":"follow","max-snippet":"max-snippet:-1","max-image-preview":"max-image-preview:large","max-video-preview":"max-video-preview:-1"},"canonical":"https:\/\/patagoniambiental.com.ar\/info\/inicia-la-temporada-alta-de-avistaje-de-ballenas\/","og_locale":"es_ES","og_type":"article","og_title":"Inicia la Temporada Alta de Avistaje de Ballenas","og_description":"Este viernes marc\u00f3 el inicio oficial de la Temporada Alta de Avistaje de Ballenas en Las Grutas, un evento destacado en el Golfo San Mat\u00edas. Se anticipa un aumento en la presencia de estos majestuosos mam\u00edferos el pr\u00f3ximo mes, ya que las ballenas han comenzado a frecuentar la regi\u00f3n desde mayo.","og_url":"https:\/\/patagoniambiental.com.ar\/info\/inicia-la-temporada-alta-de-avistaje-de-ballenas\/","og_site_name":"Patagonia Ambiental","article_publisher":"https:\/\/www.facebook.com\/patagonia.ambiental","article_author":"https:\/\/www.facebook.com\/share\/1C1V8Gv9BX\/?mibextid=qi2Omg","article_published_time":"2024-08-31T00:20:00+00:00","article_modified_time":"2025-05-04T20:19:55+00:00","og_image":[{"width":1080,"height":607,"url":"https:\/\/patagoniambiental.com.ar\/info\/wp-content\/uploads\/2024\/08\/1725046033_c497c667342400e573ac-1.jpeg","type":"image\/jpeg"}],"author":"Patagonia Ambiental","twitter_card":"summary_large_image","twitter_creator":"@PatAmb","twitter_site":"@PatAmb","schema":{"@context":"https:\/\/schema.org","@graph":[{"@type":"Article","@id":"https:\/\/patagoniambiental.com.ar\/info\/inicia-la-temporada-alta-de-avistaje-de-ballenas\/#article","isPartOf":{"@id":"https:\/\/patagoniambiental.com.ar\/info\/inicia-la-temporada-alta-de-avistaje-de-ballenas\/"},"author":{"name":"Patagonia Ambiental","@id":"https:\/\/patagoniambiental.com.ar\/info\/#\/schema\/person\/db12bff64bbcbf6a253710bf0ea37b5d"},"headline":"Inicia la Temporada Alta de Avistaje de Ballenas","datePublished":"2024-08-31T00:20:00+00:00","dateModified":"2025-05-04T20:19:55+00:00","mainEntityOfPage":{"@id":"https:\/\/patagoniambiental.com.ar\/info\/inicia-la-temporada-alta-de-avistaje-de-ballenas\/"},"wordCount":244,"commentCount":0,"publisher":{"@id":"https:\/\/patagoniambiental.com.ar\/info\/#organization"},"image":{"@id":"https:\/\/patagoniambiental.com.ar\/info\/inicia-la-temporada-alta-de-avistaje-de-ballenas\/#primaryimage"},"thumbnailUrl":"https:\/\/patagoniambiental.com.ar\/info\/wp-content\/uploads\/2024\/08\/1725046033_c497c667342400e573ac-1.jpeg","articleSection":["Bolet\u00edn","Noticias","Provinciales"],"inLanguage":"es","potentialAction":[{"@type":"CommentAction","name":"Comment","target":["https:\/\/patagoniambiental.com.ar\/info\/inicia-la-temporada-alta-de-avistaje-de-ballenas\/#respond"]}]},{"@type":"WebPage","@id":"https:\/\/patagoniambiental.com.ar\/info\/inicia-la-temporada-alta-de-avistaje-de-ballenas\/","url":"https:\/\/patagoniambiental.com.ar\/info\/inicia-la-temporada-alta-de-avistaje-de-ballenas\/","name":"Inicia la Temporada Alta de Avistaje de Ballenas","isPartOf":{"@id":"https:\/\/patagoniambiental.com.ar\/info\/#website"},"primaryImageOfPage":{"@id":"https:\/\/patagoniambiental.com.ar\/info\/inicia-la-temporada-alta-de-avistaje-de-ballenas\/#primaryimage"},"image":{"@id":"https:\/\/patagoniambiental.com.ar\/info\/inicia-la-temporada-alta-de-avistaje-de-ballenas\/#primaryimage"},"thumbnailUrl":"https:\/\/patagoniambiental.com.ar\/info\/wp-content\/uploads\/2024\/08\/1725046033_c497c667342400e573ac-1.jpeg","datePublished":"2024-08-31T00:20:00+00:00","dateModified":"2025-05-04T20:19:55+00:00","description":"Este viernes marc\u00f3 el inicio oficial de la Temporada Alta de Avistaje de Ballenas en Las Grutas, un evento destacado en el Golfo San Mat\u00edas. Se anticipa un aumento en la presencia de estos majestuosos mam\u00edferos el pr\u00f3ximo mes, ya que las ballenas han comenzado a frecuentar la regi\u00f3n desde mayo.","breadcrumb":{"@id":"https:\/\/patagoniambiental.com.ar\/info\/inicia-la-temporada-alta-de-avistaje-de-ballenas\/#breadcrumb"},"inLanguage":"es","potentialAction":[{"@type":"ReadAction","target":["https:\/\/patagoniambiental.com.ar\/info\/inicia-la-temporada-alta-de-avistaje-de-ballenas\/"]}]},{"@type":"ImageObject","inLanguage":"es","@id":"https:\/\/patagoniambiental.com.ar\/info\/inicia-la-temporada-alta-de-avistaje-de-ballenas\/#primaryimage","url":"https:\/\/patagoniambiental.com.ar\/info\/wp-content\/uploads\/2024\/08\/1725046033_c497c667342400e573ac-1.jpeg","contentUrl":"https:\/\/patagoniambiental.com.ar\/info\/wp-content\/uploads\/2024\/08\/1725046033_c497c667342400e573ac-1.jpeg","width":1080,"height":607},{"@type":"BreadcrumbList","@id":"https:\/\/patagoniambiental.com.ar\/info\/inicia-la-temporada-alta-de-avistaje-de-ballenas\/#breadcrumb","itemListElement":[{"@type":"ListItem","position":1,"name":"Inicio","item":"https:\/\/patagoniambiental.com.ar\/info\/"},{"@type":"ListItem","position":2,"name":"Inicia la Temporada Alta de Avistaje de Ballenas"}]},{"@type":"WebSite","@id":"https:\/\/patagoniambiental.com.ar\/info\/#website","url":"https:\/\/patagoniambiental.com.ar\/info\/","name":"Patagonia Ambiental","description":"Monitoreo y an\u00e1lisis de la situaci\u00f3n geopol\u00edtica en el mundo y su implicancia en la Patagonia","publisher":{"@id":"https:\/\/patagoniambiental.com.ar\/info\/#organization"},"potentialAction":[{"@type":"SearchAction","target":{"@type":"EntryPoint","urlTemplate":"https:\/\/patagoniambiental.com.ar\/info\/?s={search_term_string}"},"query-input":{"@type":"PropertyValueSpecification","valueRequired":true,"valueName":"search_term_string"}}],"inLanguage":"es"},{"@type":"Organization","@id":"https:\/\/patagoniambiental.com.ar\/info\/#organization","name":"Patagonia Ambiental","url":"https:\/\/patagoniambiental.com.ar\/info\/","logo":{"@type":"ImageObject","inLanguage":"es","@id":"https:\/\/patagoniambiental.com.ar\/info\/#\/schema\/logo\/image\/","url":"https:\/\/patagoniambiental.com.ar\/info\/wp-content\/uploads\/2025\/05\/LOGO-PATAGONIA-AMBIENTAL.png","contentUrl":"https:\/\/patagoniambiental.com.ar\/info\/wp-content\/uploads\/2025\/05\/LOGO-PATAGONIA-AMBIENTAL.png","width":433,"height":250,"caption":"Patagonia Ambiental"},"image":{"@id":"https:\/\/patagoniambiental.com.ar\/info\/#\/schema\/logo\/image\/"},"sameAs":["https:\/\/www.facebook.com\/patagonia.ambiental","https:\/\/x.com\/PatAmb"]},{"@type":"Person","@id":"https:\/\/patagoniambiental.com.ar\/info\/#\/schema\/person\/db12bff64bbcbf6a253710bf0ea37b5d","name":"Patagonia Ambiental","description":"Andr\u00e9s Nievas T\u00e9cnico en manejo ambiental, consultor Ambiental y escritor para medios locales e internacionales sobre temas de geopolitica y medio ambiente.","sameAs":["http:\/\/www.patagoniambiental.com.ar","https:\/\/www.facebook.com\/share\/1C1V8Gv9BX\/?mibextid=qi2Omg","@patagoniambiental","https:\/\/youtube.com\/@patagoniaambiental2023?si=BLt58t0wuXquxlYZ"]}]}},"_links":{"self":[{"href":"https:\/\/patagoniambiental.com.ar\/info\/wp-json\/wp\/v2\/posts\/89047","targetHints":{"allow":["GET"]}}],"collection":[{"href":"https:\/\/patagoniambiental.com.ar\/info\/wp-json\/wp\/v2\/posts"}],"about":[{"href":"https:\/\/patagoniambiental.com.ar\/info\/wp-json\/wp\/v2\/types\/post"}],"author":[{"embeddable":true,"href":"https:\/\/patagoniambiental.com.ar\/info\/wp-json\/wp\/v2\/users\/2"}],"replies":[{"embeddable":true,"href":"https:\/\/patagoniambiental.com.ar\/info\/wp-json\/wp\/v2\/comments?post=89047"}],"version-history":[{"count":0,"href":"https:\/\/patagoniambiental.com.ar\/info\/wp-json\/wp\/v2\/posts\/89047\/revisions"}],"wp:featuredmedia":[{"embeddable":true,"href":"https:\/\/patagoniambiental.com.ar\/info\/wp-json\/wp\/v2\/media\/89048"}],"wp:attachment":[{"href":"https:\/\/patagoniambiental.com.ar\/info\/wp-json\/wp\/v2\/media?parent=89047"}],"wp:term":[{"taxonomy":"category","embeddable":true,"href":"https:\/\/patagoniambiental.com.ar\/info\/wp-json\/wp\/v2\/categories?post=89047"},{"taxonomy":"post_tag","embeddable":true,"href":"https:\/\/patagoniambiental.com.ar\/info\/wp-json\/wp\/v2\/tags?post=89047"}],"curies":[{"name":"wp","href":"https:\/\/api.w.org\/{rel}","templated":true}]}}