{"id":89396,"date":"2024-09-06T07:00:00","date_gmt":"2024-09-06T10:00:00","guid":{"rendered":"https:\/\/patagoniambiental.com.ar\/info\/?p=89396"},"modified":"2025-05-04T17:05:51","modified_gmt":"2025-05-04T20:05:51","slug":"neuquen-lanza-programa-de-reciclaje-para-aparatos-electronicos-en-desuso","status":"publish","type":"post","link":"https:\/\/patagoniambiental.com.ar\/info\/neuquen-lanza-programa-de-reciclaje-para-aparatos-electronicos-en-desuso\/","title":{"rendered":"Neuqu\u00e9n lanza programa de reciclaje para aparatos electr\u00f3nicos en desuso"},"content":{"rendered":"\n<!--more-->\n\n\n\n<p>Neuqu\u00e9n.-La Municipalidad de Neuqu\u00e9n ha presentado un nuevo <strong>Programa Municipal de Gesti\u00f3n de RAEE (Residuos de Aparatos El\u00e9ctricos y Electr\u00f3nicos)<\/strong>, destinado a facilitar el reciclaje de equipos electr\u00f3nicos obsoletos o da\u00f1ados. Este programa permite a los vecinos de la ciudad reciclar sus dispositivos en desuso de forma gratuita, contribuyendo as\u00ed a la econom\u00eda circular y a la protecci\u00f3n del medio ambiente.<\/p>\n\n\n\n<p>El programa se implementar\u00e1 en la sede de la subsecretar\u00eda de medio ambiente, donde se han dispuesto contenedores especialmente dise\u00f1ados para la recepci\u00f3n de estos residuos. Los aparatos aceptados incluyen equipos inform\u00e1ticos como CPUs, teclados y monitores, as\u00ed como televisores, equipos de audio, tel\u00e9fonos y electrodom\u00e9sticos. Estos art\u00edculos, que contienen pl\u00e1sticos, cobre, aluminio y metales, ser\u00e1n tratados y reciclados para su reutilizaci\u00f3n.<\/p>\n\n\n\n<p>El objetivo principal es evitar que estos residuos electr\u00f3nicos terminen en la basura com\u00fan, reduciendo as\u00ed la contaminaci\u00f3n y asegurando una gesti\u00f3n adecuada de los desechos. La recolecci\u00f3n de los RAEE se realiza de lunes a viernes, de 9 a 14 horas, en la delegaci\u00f3n municipal de Progreso, ubicada en Ant\u00e1rtida Argentina y Arabarco, y en los dos Centros de Transferencia de la ciudad: Boerr y Tronador, y Novela y Quimey.<\/p>\n\n\n\n<p>Este programa no solo ofrece un servicio gratuito a los ciudadanos, sino que tambi\u00e9n representa un paso significativo hacia la gesti\u00f3n sostenible de residuos electr\u00f3nicos, promoviendo pr\u00e1cticas responsables en la comunidad.<\/p>\n","protected":false},"excerpt":{"rendered":"","protected":false},"author":2,"featured_media":89397,"comment_status":"open","ping_status":"open","sticky":false,"template":"","format":"standard","meta":{"site-sidebar-layout":"default","site-content-layout":"","ast-site-content-layout":"default","site-content-style":"default","site-sidebar-style":"default","ast-global-header-display":"","ast-banner-title-visibility":"","ast-main-header-display":"","ast-hfb-above-header-display":"","ast-hfb-below-header-display":"","ast-hfb-mobile-header-display":"","site-post-title":"","ast-breadcrumbs-content":"","ast-featured-img":"","footer-sml-layout":"","ast-disable-related-posts":"","theme-transparent-header-meta":"","adv-header-id-meta":"","stick-header-meta":"","header-above-stick-meta":"","header-main-stick-meta":"","header-below-stick-meta":"","astra-migrate-meta-layouts":"default","ast-page-background-enabled":"default","ast-page-background-meta":{"desktop":{"background-color":"var(--ast-global-color-5)","background-image":"","background-repeat":"repeat","background-position":"center center","background-size":"auto","background-attachment":"scroll","background-type":"","background-media":"","overlay-type":"","overlay-color":"","overlay-opacity":"","overlay-gradient":""},"tablet":{"background-color":"","background-image":"","background-repeat":"repeat","background-position":"center center","background-size":"auto","background-attachment":"scroll","background-type":"","background-media":"","overlay-type":"","overlay-color":"","overlay-opacity":"","overlay-gradient":""},"mobile":{"background-color":"","background-image":"","background-repeat":"repeat","background-position":"center center","background-size":"auto","background-attachment":"scroll","background-type":"","background-media":"","overlay-type":"","overlay-color":"","overlay-opacity":"","overlay-gradient":""}},"ast-content-background-meta":{"desktop":{"background-color":"var(--ast-global-color-4)","background-image":"","background-repeat":"repeat","background-position":"center center","background-size":"auto","background-attachment":"scroll","background-type":"","background-media":"","overlay-type":"","overlay-color":"","overlay-opacity":"","overlay-gradient":""},"tablet":{"background-color":"var(--ast-global-color-4)","background-image":"","background-repeat":"repeat","background-position":"center center","background-size":"auto","background-attachment":"scroll","background-type":"","background-media":"","overlay-type":"","overlay-color":"","overlay-opacity":"","overlay-gradient":""},"mobile":{"background-color":"var(--ast-global-color-4)","background-image":"","background-repeat":"repeat","background-position":"center center","background-size":"auto","background-attachment":"scroll","background-type":"","background-media":"","overlay-type":"","overlay-color":"","overlay-opacity":"","overlay-gradient":""}},"footnotes":""},"categories":[16,1],"tags":[],"class_list":["post-89396","post","type-post","status-publish","format-standard","has-post-thumbnail","hentry","category-municipales","category-noticias"],"yoast_head":"<!-- This site is optimized with the Yoast SEO Premium plugin v23.0 (Yoast SEO v27.5) - https:\/\/yoast.com\/product\/yoast-seo-premium-wordpress\/ -->\n<title>Neuqu\u00e9n lanza programa de reciclaje para aparatos electr\u00f3nicos en desuso<\/title>\n<meta name=\"description\" content=\"Neuqu\u00e9n.-La Municipalidad de Neuqu\u00e9n ha presentado un nuevo Programa Municipal de Gesti\u00f3n de RAEE (Residuos de Aparatos El\u00e9ctricos y Electr\u00f3nicos), destinado a facilitar el reciclaje de equipos electr\u00f3nicos obsoletos o da\u00f1ados. Este programa permite a los vecinos de la ciudad reciclar sus dispositivos en desuso de forma gratuita, contribuyendo as\u00ed a la econom\u00eda circular y a la protecci\u00f3n del medio ambiente.\" \/>\n<meta name=\"robots\" content=\"index, follow, max-snippet:-1, max-image-preview:large, max-video-preview:-1\" \/>\n<link rel=\"canonical\" href=\"https:\/\/patagoniambiental.com.ar\/info\/neuquen-lanza-programa-de-reciclaje-para-aparatos-electronicos-en-desuso\/\" \/>\n<meta property=\"og:locale\" content=\"es_ES\" \/>\n<meta property=\"og:type\" content=\"article\" \/>\n<meta property=\"og:title\" content=\"Neuqu\u00e9n lanza programa de reciclaje para aparatos electr\u00f3nicos en desuso\" \/>\n<meta property=\"og:description\" content=\"Neuqu\u00e9n.-La Municipalidad de Neuqu\u00e9n ha presentado un nuevo Programa Municipal de Gesti\u00f3n de RAEE (Residuos de Aparatos El\u00e9ctricos y Electr\u00f3nicos), destinado a facilitar el reciclaje de equipos electr\u00f3nicos obsoletos o da\u00f1ados. Este programa permite a los vecinos de la ciudad reciclar sus dispositivos en desuso de forma gratuita, contribuyendo as\u00ed a la econom\u00eda circular y a la protecci\u00f3n del medio ambiente.\" \/>\n<meta property=\"og:url\" content=\"https:\/\/patagoniambiental.com.ar\/info\/neuquen-lanza-programa-de-reciclaje-para-aparatos-electronicos-en-desuso\/\" \/>\n<meta property=\"og:site_name\" content=\"Patagonia Ambiental\" \/>\n<meta property=\"article:publisher\" content=\"https:\/\/www.facebook.com\/patagonia.ambiental\" \/>\n<meta property=\"article:author\" content=\"https:\/\/www.facebook.com\/share\/1C1V8Gv9BX\/?mibextid=qi2Omg\" \/>\n<meta property=\"article:published_time\" content=\"2024-09-06T10:00:00+00:00\" \/>\n<meta property=\"article:modified_time\" content=\"2025-05-04T20:05:51+00:00\" \/>\n<meta property=\"og:image\" content=\"https:\/\/patagoniambiental.com.ar\/info\/wp-content\/uploads\/2024\/09\/Screenshot-2024-09-04-at-12-31-41-Programa-municipal-de-gestion-de-raees-Neuquen.png\" \/>\n\t<meta property=\"og:image:width\" content=\"433\" \/>\n\t<meta property=\"og:image:height\" content=\"343\" \/>\n\t<meta property=\"og:image:type\" content=\"image\/png\" \/>\n<meta name=\"author\" content=\"Patagonia Ambiental\" \/>\n<meta name=\"twitter:card\" content=\"summary_large_image\" \/>\n<meta name=\"twitter:creator\" content=\"@PatAmb\" \/>\n<meta name=\"twitter:site\" content=\"@PatAmb\" \/>\n<script type=\"application\/ld+json\" class=\"yoast-schema-graph\">{\"@context\":\"https:\\\/\\\/schema.org\",\"@graph\":[{\"@type\":\"Article\",\"@id\":\"https:\\\/\\\/patagoniambiental.com.ar\\\/info\\\/neuquen-lanza-programa-de-reciclaje-para-aparatos-electronicos-en-desuso\\\/#article\",\"isPartOf\":{\"@id\":\"https:\\\/\\\/patagoniambiental.com.ar\\\/info\\\/neuquen-lanza-programa-de-reciclaje-para-aparatos-electronicos-en-desuso\\\/\"},\"author\":{\"name\":\"Patagonia Ambiental\",\"@id\":\"https:\\\/\\\/patagoniambiental.com.ar\\\/info\\\/#\\\/schema\\\/person\\\/db12bff64bbcbf6a253710bf0ea37b5d\"},\"headline\":\"Neuqu\u00e9n lanza programa de reciclaje para aparatos electr\u00f3nicos en desuso\",\"datePublished\":\"2024-09-06T10:00:00+00:00\",\"dateModified\":\"2025-05-04T20:05:51+00:00\",\"mainEntityOfPage\":{\"@id\":\"https:\\\/\\\/patagoniambiental.com.ar\\\/info\\\/neuquen-lanza-programa-de-reciclaje-para-aparatos-electronicos-en-desuso\\\/\"},\"wordCount\":266,\"commentCount\":0,\"publisher\":{\"@id\":\"https:\\\/\\\/patagoniambiental.com.ar\\\/info\\\/#organization\"},\"image\":{\"@id\":\"https:\\\/\\\/patagoniambiental.com.ar\\\/info\\\/neuquen-lanza-programa-de-reciclaje-para-aparatos-electronicos-en-desuso\\\/#primaryimage\"},\"thumbnailUrl\":\"https:\\\/\\\/patagoniambiental.com.ar\\\/info\\\/wp-content\\\/uploads\\\/2024\\\/09\\\/Screenshot-2024-09-04-at-12-31-41-Programa-municipal-de-gestion-de-raees-Neuquen.png\",\"articleSection\":[\"Municipales\",\"Noticias\"],\"inLanguage\":\"es\",\"potentialAction\":[{\"@type\":\"CommentAction\",\"name\":\"Comment\",\"target\":[\"https:\\\/\\\/patagoniambiental.com.ar\\\/info\\\/neuquen-lanza-programa-de-reciclaje-para-aparatos-electronicos-en-desuso\\\/#respond\"]}]},{\"@type\":\"WebPage\",\"@id\":\"https:\\\/\\\/patagoniambiental.com.ar\\\/info\\\/neuquen-lanza-programa-de-reciclaje-para-aparatos-electronicos-en-desuso\\\/\",\"url\":\"https:\\\/\\\/patagoniambiental.com.ar\\\/info\\\/neuquen-lanza-programa-de-reciclaje-para-aparatos-electronicos-en-desuso\\\/\",\"name\":\"Neuqu\u00e9n lanza programa de reciclaje para aparatos electr\u00f3nicos en desuso\",\"isPartOf\":{\"@id\":\"https:\\\/\\\/patagoniambiental.com.ar\\\/info\\\/#website\"},\"primaryImageOfPage\":{\"@id\":\"https:\\\/\\\/patagoniambiental.com.ar\\\/info\\\/neuquen-lanza-programa-de-reciclaje-para-aparatos-electronicos-en-desuso\\\/#primaryimage\"},\"image\":{\"@id\":\"https:\\\/\\\/patagoniambiental.com.ar\\\/info\\\/neuquen-lanza-programa-de-reciclaje-para-aparatos-electronicos-en-desuso\\\/#primaryimage\"},\"thumbnailUrl\":\"https:\\\/\\\/patagoniambiental.com.ar\\\/info\\\/wp-content\\\/uploads\\\/2024\\\/09\\\/Screenshot-2024-09-04-at-12-31-41-Programa-municipal-de-gestion-de-raees-Neuquen.png\",\"datePublished\":\"2024-09-06T10:00:00+00:00\",\"dateModified\":\"2025-05-04T20:05:51+00:00\",\"description\":\"Neuqu\u00e9n.-La Municipalidad de Neuqu\u00e9n ha presentado un nuevo Programa Municipal de Gesti\u00f3n de RAEE (Residuos de Aparatos El\u00e9ctricos y Electr\u00f3nicos), destinado a facilitar el reciclaje de equipos electr\u00f3nicos obsoletos o da\u00f1ados. Este programa permite a los vecinos de la ciudad reciclar sus dispositivos en desuso de forma gratuita, contribuyendo as\u00ed a la econom\u00eda circular y a la protecci\u00f3n del medio ambiente.\",\"breadcrumb\":{\"@id\":\"https:\\\/\\\/patagoniambiental.com.ar\\\/info\\\/neuquen-lanza-programa-de-reciclaje-para-aparatos-electronicos-en-desuso\\\/#breadcrumb\"},\"inLanguage\":\"es\",\"potentialAction\":[{\"@type\":\"ReadAction\",\"target\":[\"https:\\\/\\\/patagoniambiental.com.ar\\\/info\\\/neuquen-lanza-programa-de-reciclaje-para-aparatos-electronicos-en-desuso\\\/\"]}]},{\"@type\":\"ImageObject\",\"inLanguage\":\"es\",\"@id\":\"https:\\\/\\\/patagoniambiental.com.ar\\\/info\\\/neuquen-lanza-programa-de-reciclaje-para-aparatos-electronicos-en-desuso\\\/#primaryimage\",\"url\":\"https:\\\/\\\/patagoniambiental.com.ar\\\/info\\\/wp-content\\\/uploads\\\/2024\\\/09\\\/Screenshot-2024-09-04-at-12-31-41-Programa-municipal-de-gestion-de-raees-Neuquen.png\",\"contentUrl\":\"https:\\\/\\\/patagoniambiental.com.ar\\\/info\\\/wp-content\\\/uploads\\\/2024\\\/09\\\/Screenshot-2024-09-04-at-12-31-41-Programa-municipal-de-gestion-de-raees-Neuquen.png\",\"width\":433,\"height\":343},{\"@type\":\"BreadcrumbList\",\"@id\":\"https:\\\/\\\/patagoniambiental.com.ar\\\/info\\\/neuquen-lanza-programa-de-reciclaje-para-aparatos-electronicos-en-desuso\\\/#breadcrumb\",\"itemListElement\":[{\"@type\":\"ListItem\",\"position\":1,\"name\":\"Inicio\",\"item\":\"https:\\\/\\\/patagoniambiental.com.ar\\\/info\\\/\"},{\"@type\":\"ListItem\",\"position\":2,\"name\":\"Neuqu\u00e9n lanza programa de reciclaje para aparatos electr\u00f3nicos en desuso\"}]},{\"@type\":\"WebSite\",\"@id\":\"https:\\\/\\\/patagoniambiental.com.ar\\\/info\\\/#website\",\"url\":\"https:\\\/\\\/patagoniambiental.com.ar\\\/info\\\/\",\"name\":\"Patagonia Ambiental\",\"description\":\"Monitoreo y an\u00e1lisis de la situaci\u00f3n geopol\u00edtica en el mundo y su implicancia en la Patagonia\",\"publisher\":{\"@id\":\"https:\\\/\\\/patagoniambiental.com.ar\\\/info\\\/#organization\"},\"potentialAction\":[{\"@type\":\"SearchAction\",\"target\":{\"@type\":\"EntryPoint\",\"urlTemplate\":\"https:\\\/\\\/patagoniambiental.com.ar\\\/info\\\/?s={search_term_string}\"},\"query-input\":{\"@type\":\"PropertyValueSpecification\",\"valueRequired\":true,\"valueName\":\"search_term_string\"}}],\"inLanguage\":\"es\"},{\"@type\":\"Organization\",\"@id\":\"https:\\\/\\\/patagoniambiental.com.ar\\\/info\\\/#organization\",\"name\":\"Patagonia Ambiental\",\"url\":\"https:\\\/\\\/patagoniambiental.com.ar\\\/info\\\/\",\"logo\":{\"@type\":\"ImageObject\",\"inLanguage\":\"es\",\"@id\":\"https:\\\/\\\/patagoniambiental.com.ar\\\/info\\\/#\\\/schema\\\/logo\\\/image\\\/\",\"url\":\"https:\\\/\\\/patagoniambiental.com.ar\\\/info\\\/wp-content\\\/uploads\\\/2025\\\/05\\\/LOGO-PATAGONIA-AMBIENTAL.png\",\"contentUrl\":\"https:\\\/\\\/patagoniambiental.com.ar\\\/info\\\/wp-content\\\/uploads\\\/2025\\\/05\\\/LOGO-PATAGONIA-AMBIENTAL.png\",\"width\":433,\"height\":250,\"caption\":\"Patagonia Ambiental\"},\"image\":{\"@id\":\"https:\\\/\\\/patagoniambiental.com.ar\\\/info\\\/#\\\/schema\\\/logo\\\/image\\\/\"},\"sameAs\":[\"https:\\\/\\\/www.facebook.com\\\/patagonia.ambiental\",\"https:\\\/\\\/x.com\\\/PatAmb\"]},{\"@type\":\"Person\",\"@id\":\"https:\\\/\\\/patagoniambiental.com.ar\\\/info\\\/#\\\/schema\\\/person\\\/db12bff64bbcbf6a253710bf0ea37b5d\",\"name\":\"Patagonia Ambiental\",\"description\":\"Andr\u00e9s Nievas T\u00e9cnico en manejo ambiental, consultor Ambiental y escritor para medios locales e internacionales sobre temas de geopolitica y medio ambiente.\",\"sameAs\":[\"http:\\\/\\\/www.patagoniambiental.com.ar\",\"https:\\\/\\\/www.facebook.com\\\/share\\\/1C1V8Gv9BX\\\/?mibextid=qi2Omg\",\"@patagoniambiental\",\"https:\\\/\\\/youtube.com\\\/@patagoniaambiental2023?si=BLt58t0wuXquxlYZ\"]}]}<\/script>\n<!-- \/ Yoast SEO Premium plugin. -->","yoast_head_json":{"title":"Neuqu\u00e9n lanza programa de reciclaje para aparatos electr\u00f3nicos en desuso","description":"Neuqu\u00e9n.-La Municipalidad de Neuqu\u00e9n ha presentado un nuevo Programa Municipal de Gesti\u00f3n de RAEE (Residuos de Aparatos El\u00e9ctricos y Electr\u00f3nicos), destinado a facilitar el reciclaje de equipos electr\u00f3nicos obsoletos o da\u00f1ados. Este programa permite a los vecinos de la ciudad reciclar sus dispositivos en desuso de forma gratuita, contribuyendo as\u00ed a la econom\u00eda circular y a la protecci\u00f3n del medio ambiente.","robots":{"index":"index","follow":"follow","max-snippet":"max-snippet:-1","max-image-preview":"max-image-preview:large","max-video-preview":"max-video-preview:-1"},"canonical":"https:\/\/patagoniambiental.com.ar\/info\/neuquen-lanza-programa-de-reciclaje-para-aparatos-electronicos-en-desuso\/","og_locale":"es_ES","og_type":"article","og_title":"Neuqu\u00e9n lanza programa de reciclaje para aparatos electr\u00f3nicos en desuso","og_description":"Neuqu\u00e9n.-La Municipalidad de Neuqu\u00e9n ha presentado un nuevo Programa Municipal de Gesti\u00f3n de RAEE (Residuos de Aparatos El\u00e9ctricos y Electr\u00f3nicos), destinado a facilitar el reciclaje de equipos electr\u00f3nicos obsoletos o da\u00f1ados. Este programa permite a los vecinos de la ciudad reciclar sus dispositivos en desuso de forma gratuita, contribuyendo as\u00ed a la econom\u00eda circular y a la protecci\u00f3n del medio ambiente.","og_url":"https:\/\/patagoniambiental.com.ar\/info\/neuquen-lanza-programa-de-reciclaje-para-aparatos-electronicos-en-desuso\/","og_site_name":"Patagonia Ambiental","article_publisher":"https:\/\/www.facebook.com\/patagonia.ambiental","article_author":"https:\/\/www.facebook.com\/share\/1C1V8Gv9BX\/?mibextid=qi2Omg","article_published_time":"2024-09-06T10:00:00+00:00","article_modified_time":"2025-05-04T20:05:51+00:00","og_image":[{"width":433,"height":343,"url":"https:\/\/patagoniambiental.com.ar\/info\/wp-content\/uploads\/2024\/09\/Screenshot-2024-09-04-at-12-31-41-Programa-municipal-de-gestion-de-raees-Neuquen.png","type":"image\/png"}],"author":"Patagonia Ambiental","twitter_card":"summary_large_image","twitter_creator":"@PatAmb","twitter_site":"@PatAmb","schema":{"@context":"https:\/\/schema.org","@graph":[{"@type":"Article","@id":"https:\/\/patagoniambiental.com.ar\/info\/neuquen-lanza-programa-de-reciclaje-para-aparatos-electronicos-en-desuso\/#article","isPartOf":{"@id":"https:\/\/patagoniambiental.com.ar\/info\/neuquen-lanza-programa-de-reciclaje-para-aparatos-electronicos-en-desuso\/"},"author":{"name":"Patagonia Ambiental","@id":"https:\/\/patagoniambiental.com.ar\/info\/#\/schema\/person\/db12bff64bbcbf6a253710bf0ea37b5d"},"headline":"Neuqu\u00e9n lanza programa de reciclaje para aparatos electr\u00f3nicos en desuso","datePublished":"2024-09-06T10:00:00+00:00","dateModified":"2025-05-04T20:05:51+00:00","mainEntityOfPage":{"@id":"https:\/\/patagoniambiental.com.ar\/info\/neuquen-lanza-programa-de-reciclaje-para-aparatos-electronicos-en-desuso\/"},"wordCount":266,"commentCount":0,"publisher":{"@id":"https:\/\/patagoniambiental.com.ar\/info\/#organization"},"image":{"@id":"https:\/\/patagoniambiental.com.ar\/info\/neuquen-lanza-programa-de-reciclaje-para-aparatos-electronicos-en-desuso\/#primaryimage"},"thumbnailUrl":"https:\/\/patagoniambiental.com.ar\/info\/wp-content\/uploads\/2024\/09\/Screenshot-2024-09-04-at-12-31-41-Programa-municipal-de-gestion-de-raees-Neuquen.png","articleSection":["Municipales","Noticias"],"inLanguage":"es","potentialAction":[{"@type":"CommentAction","name":"Comment","target":["https:\/\/patagoniambiental.com.ar\/info\/neuquen-lanza-programa-de-reciclaje-para-aparatos-electronicos-en-desuso\/#respond"]}]},{"@type":"WebPage","@id":"https:\/\/patagoniambiental.com.ar\/info\/neuquen-lanza-programa-de-reciclaje-para-aparatos-electronicos-en-desuso\/","url":"https:\/\/patagoniambiental.com.ar\/info\/neuquen-lanza-programa-de-reciclaje-para-aparatos-electronicos-en-desuso\/","name":"Neuqu\u00e9n lanza programa de reciclaje para aparatos electr\u00f3nicos en desuso","isPartOf":{"@id":"https:\/\/patagoniambiental.com.ar\/info\/#website"},"primaryImageOfPage":{"@id":"https:\/\/patagoniambiental.com.ar\/info\/neuquen-lanza-programa-de-reciclaje-para-aparatos-electronicos-en-desuso\/#primaryimage"},"image":{"@id":"https:\/\/patagoniambiental.com.ar\/info\/neuquen-lanza-programa-de-reciclaje-para-aparatos-electronicos-en-desuso\/#primaryimage"},"thumbnailUrl":"https:\/\/patagoniambiental.com.ar\/info\/wp-content\/uploads\/2024\/09\/Screenshot-2024-09-04-at-12-31-41-Programa-municipal-de-gestion-de-raees-Neuquen.png","datePublished":"2024-09-06T10:00:00+00:00","dateModified":"2025-05-04T20:05:51+00:00","description":"Neuqu\u00e9n.-La Municipalidad de Neuqu\u00e9n ha presentado un nuevo Programa Municipal de Gesti\u00f3n de RAEE (Residuos de Aparatos El\u00e9ctricos y Electr\u00f3nicos), destinado a facilitar el reciclaje de equipos electr\u00f3nicos obsoletos o da\u00f1ados. Este programa permite a los vecinos de la ciudad reciclar sus dispositivos en desuso de forma gratuita, contribuyendo as\u00ed a la econom\u00eda circular y a la protecci\u00f3n del medio ambiente.","breadcrumb":{"@id":"https:\/\/patagoniambiental.com.ar\/info\/neuquen-lanza-programa-de-reciclaje-para-aparatos-electronicos-en-desuso\/#breadcrumb"},"inLanguage":"es","potentialAction":[{"@type":"ReadAction","target":["https:\/\/patagoniambiental.com.ar\/info\/neuquen-lanza-programa-de-reciclaje-para-aparatos-electronicos-en-desuso\/"]}]},{"@type":"ImageObject","inLanguage":"es","@id":"https:\/\/patagoniambiental.com.ar\/info\/neuquen-lanza-programa-de-reciclaje-para-aparatos-electronicos-en-desuso\/#primaryimage","url":"https:\/\/patagoniambiental.com.ar\/info\/wp-content\/uploads\/2024\/09\/Screenshot-2024-09-04-at-12-31-41-Programa-municipal-de-gestion-de-raees-Neuquen.png","contentUrl":"https:\/\/patagoniambiental.com.ar\/info\/wp-content\/uploads\/2024\/09\/Screenshot-2024-09-04-at-12-31-41-Programa-municipal-de-gestion-de-raees-Neuquen.png","width":433,"height":343},{"@type":"BreadcrumbList","@id":"https:\/\/patagoniambiental.com.ar\/info\/neuquen-lanza-programa-de-reciclaje-para-aparatos-electronicos-en-desuso\/#breadcrumb","itemListElement":[{"@type":"ListItem","position":1,"name":"Inicio","item":"https:\/\/patagoniambiental.com.ar\/info\/"},{"@type":"ListItem","position":2,"name":"Neuqu\u00e9n lanza programa de reciclaje para aparatos electr\u00f3nicos en desuso"}]},{"@type":"WebSite","@id":"https:\/\/patagoniambiental.com.ar\/info\/#website","url":"https:\/\/patagoniambiental.com.ar\/info\/","name":"Patagonia Ambiental","description":"Monitoreo y an\u00e1lisis de la situaci\u00f3n geopol\u00edtica en el mundo y su implicancia en la Patagonia","publisher":{"@id":"https:\/\/patagoniambiental.com.ar\/info\/#organization"},"potentialAction":[{"@type":"SearchAction","target":{"@type":"EntryPoint","urlTemplate":"https:\/\/patagoniambiental.com.ar\/info\/?s={search_term_string}"},"query-input":{"@type":"PropertyValueSpecification","valueRequired":true,"valueName":"search_term_string"}}],"inLanguage":"es"},{"@type":"Organization","@id":"https:\/\/patagoniambiental.com.ar\/info\/#organization","name":"Patagonia Ambiental","url":"https:\/\/patagoniambiental.com.ar\/info\/","logo":{"@type":"ImageObject","inLanguage":"es","@id":"https:\/\/patagoniambiental.com.ar\/info\/#\/schema\/logo\/image\/","url":"https:\/\/patagoniambiental.com.ar\/info\/wp-content\/uploads\/2025\/05\/LOGO-PATAGONIA-AMBIENTAL.png","contentUrl":"https:\/\/patagoniambiental.com.ar\/info\/wp-content\/uploads\/2025\/05\/LOGO-PATAGONIA-AMBIENTAL.png","width":433,"height":250,"caption":"Patagonia Ambiental"},"image":{"@id":"https:\/\/patagoniambiental.com.ar\/info\/#\/schema\/logo\/image\/"},"sameAs":["https:\/\/www.facebook.com\/patagonia.ambiental","https:\/\/x.com\/PatAmb"]},{"@type":"Person","@id":"https:\/\/patagoniambiental.com.ar\/info\/#\/schema\/person\/db12bff64bbcbf6a253710bf0ea37b5d","name":"Patagonia Ambiental","description":"Andr\u00e9s Nievas T\u00e9cnico en manejo ambiental, consultor Ambiental y escritor para medios locales e internacionales sobre temas de geopolitica y medio ambiente.","sameAs":["http:\/\/www.patagoniambiental.com.ar","https:\/\/www.facebook.com\/share\/1C1V8Gv9BX\/?mibextid=qi2Omg","@patagoniambiental","https:\/\/youtube.com\/@patagoniaambiental2023?si=BLt58t0wuXquxlYZ"]}]}},"_links":{"self":[{"href":"https:\/\/patagoniambiental.com.ar\/info\/wp-json\/wp\/v2\/posts\/89396","targetHints":{"allow":["GET"]}}],"collection":[{"href":"https:\/\/patagoniambiental.com.ar\/info\/wp-json\/wp\/v2\/posts"}],"about":[{"href":"https:\/\/patagoniambiental.com.ar\/info\/wp-json\/wp\/v2\/types\/post"}],"author":[{"embeddable":true,"href":"https:\/\/patagoniambiental.com.ar\/info\/wp-json\/wp\/v2\/users\/2"}],"replies":[{"embeddable":true,"href":"https:\/\/patagoniambiental.com.ar\/info\/wp-json\/wp\/v2\/comments?post=89396"}],"version-history":[{"count":0,"href":"https:\/\/patagoniambiental.com.ar\/info\/wp-json\/wp\/v2\/posts\/89396\/revisions"}],"wp:featuredmedia":[{"embeddable":true,"href":"https:\/\/patagoniambiental.com.ar\/info\/wp-json\/wp\/v2\/media\/89397"}],"wp:attachment":[{"href":"https:\/\/patagoniambiental.com.ar\/info\/wp-json\/wp\/v2\/media?parent=89396"}],"wp:term":[{"taxonomy":"category","embeddable":true,"href":"https:\/\/patagoniambiental.com.ar\/info\/wp-json\/wp\/v2\/categories?post=89396"},{"taxonomy":"post_tag","embeddable":true,"href":"https:\/\/patagoniambiental.com.ar\/info\/wp-json\/wp\/v2\/tags?post=89396"}],"curies":[{"name":"wp","href":"https:\/\/api.w.org\/{rel}","templated":true}]}}