{"id":89938,"date":"2024-09-12T09:53:00","date_gmt":"2024-09-12T12:53:00","guid":{"rendered":"https:\/\/patagoniambiental.com.ar\/info\/?p=89938"},"modified":"2025-05-04T17:03:10","modified_gmt":"2025-05-04T20:03:10","slug":"ambiente-de-nacion-inspecciona-cargamentos-de-madera-ilegal","status":"publish","type":"post","link":"https:\/\/patagoniambiental.com.ar\/info\/ambiente-de-nacion-inspecciona-cargamentos-de-madera-ilegal\/","title":{"rendered":"Ambiente de Naci\u00f3n inspecciona cargamentos de madera ilegal"},"content":{"rendered":"\n<!--more-->\n\n\n\n<p>El Ministerio de Ambiente de la Naci\u00f3n, liderado por Ana Lamas, junto con organismos nacionales como el Ministerio de Seguridad, el INTI y la Universidad Nacional de Misiones (UNAM), est\u00e1n coordinando esfuerzos para intensificar el control de cargamentos madereros en tr\u00e1nsito. Este trabajo colaborativo tiene como objetivo fortalecer la capacidad de las fuerzas de seguridad argentinas para identificar la madera ilegal y mejorar los procedimientos de inspecci\u00f3n en distintas regiones del pa\u00eds.<\/p>\n\n\n\n<p>Uno de los puntos clave de esta colaboraci\u00f3n es el desarrollo de programas de formaci\u00f3n espec\u00edficos para las fuerzas de seguridad, que incluir\u00e1n a la Gendarmer\u00eda, Prefectura Naval, Polic\u00eda Aeron\u00e1utica y Polic\u00eda Federal. Estas capacitaciones est\u00e1n dise\u00f1adas para mejorar la identificaci\u00f3n de diferentes tipos de madera, gu\u00edas de tr\u00e1nsito provinciales, y las t\u00e9cnicas para medir el peso y volumen de los cargamentos transportados.<\/p>\n\n\n\n<p>La primera fase de entrenamiento se llevar\u00e1 a cabo en El Dorado, Misiones, los d\u00edas 26 y 27 de octubre, con futuras instancias previstas en regiones como Chaco, Yungas, Monte, Espinal y la zona Andina Patag\u00f3nica.<\/p>\n\n\n\n<p>Este esfuerzo coordinado es un paso importante en la lucha contra la tala ilegal, reforzando la protecci\u00f3n de los recursos forestales del pa\u00eds y asegurando que los controles se mantengan actualizados con las normativas vigentes.<\/p>\n","protected":false},"excerpt":{"rendered":"","protected":false},"author":2,"featured_media":90005,"comment_status":"open","ping_status":"open","sticky":false,"template":"","format":"standard","meta":{"site-sidebar-layout":"default","site-content-layout":"","ast-site-content-layout":"default","site-content-style":"default","site-sidebar-style":"default","ast-global-header-display":"","ast-banner-title-visibility":"","ast-main-header-display":"","ast-hfb-above-header-display":"","ast-hfb-below-header-display":"","ast-hfb-mobile-header-display":"","site-post-title":"","ast-breadcrumbs-content":"","ast-featured-img":"","footer-sml-layout":"","ast-disable-related-posts":"","theme-transparent-header-meta":"","adv-header-id-meta":"","stick-header-meta":"","header-above-stick-meta":"","header-main-stick-meta":"","header-below-stick-meta":"","astra-migrate-meta-layouts":"default","ast-page-background-enabled":"default","ast-page-background-meta":{"desktop":{"background-color":"var(--ast-global-color-5)","background-image":"","background-repeat":"repeat","background-position":"center center","background-size":"auto","background-attachment":"scroll","background-type":"","background-media":"","overlay-type":"","overlay-color":"","overlay-opacity":"","overlay-gradient":""},"tablet":{"background-color":"","background-image":"","background-repeat":"repeat","background-position":"center center","background-size":"auto","background-attachment":"scroll","background-type":"","background-media":"","overlay-type":"","overlay-color":"","overlay-opacity":"","overlay-gradient":""},"mobile":{"background-color":"","background-image":"","background-repeat":"repeat","background-position":"center center","background-size":"auto","background-attachment":"scroll","background-type":"","background-media":"","overlay-type":"","overlay-color":"","overlay-opacity":"","overlay-gradient":""}},"ast-content-background-meta":{"desktop":{"background-color":"var(--ast-global-color-4)","background-image":"","background-repeat":"repeat","background-position":"center center","background-size":"auto","background-attachment":"scroll","background-type":"","background-media":"","overlay-type":"","overlay-color":"","overlay-opacity":"","overlay-gradient":""},"tablet":{"background-color":"var(--ast-global-color-4)","background-image":"","background-repeat":"repeat","background-position":"center center","background-size":"auto","background-attachment":"scroll","background-type":"","background-media":"","overlay-type":"","overlay-color":"","overlay-opacity":"","overlay-gradient":""},"mobile":{"background-color":"var(--ast-global-color-4)","background-image":"","background-repeat":"repeat","background-position":"center center","background-size":"auto","background-attachment":"scroll","background-type":"","background-media":"","overlay-type":"","overlay-color":"","overlay-opacity":"","overlay-gradient":""}},"footnotes":""},"categories":[19,1],"tags":[],"class_list":["post-89938","post","type-post","status-publish","format-standard","has-post-thumbnail","hentry","category-nacionales","category-noticias"],"yoast_head":"<!-- This site is optimized with the Yoast SEO Premium plugin v23.0 (Yoast SEO v27.5) - https:\/\/yoast.com\/product\/yoast-seo-premium-wordpress\/ -->\n<title>Ambiente de Naci\u00f3n inspecciona cargamentos de madera ilegal<\/title>\n<meta name=\"description\" content=\"El Ministerio de Ambiente de la Naci\u00f3n, con organismos nacionales est\u00e1n coordinando esfuerzos para el control de cargamentos madereros.\" \/>\n<meta name=\"robots\" content=\"index, follow, max-snippet:-1, max-image-preview:large, max-video-preview:-1\" \/>\n<link rel=\"canonical\" href=\"https:\/\/patagoniambiental.com.ar\/info\/ambiente-de-nacion-inspecciona-cargamentos-de-madera-ilegal\/\" \/>\n<meta property=\"og:locale\" content=\"es_ES\" \/>\n<meta property=\"og:type\" content=\"article\" \/>\n<meta property=\"og:title\" content=\"Ambiente de Naci\u00f3n inspecciona cargamentos de madera ilegal\" \/>\n<meta property=\"og:description\" content=\"El Ministerio de Ambiente de la Naci\u00f3n, con organismos nacionales est\u00e1n coordinando esfuerzos para el control de cargamentos madereros.\" \/>\n<meta property=\"og:url\" content=\"https:\/\/patagoniambiental.com.ar\/info\/ambiente-de-nacion-inspecciona-cargamentos-de-madera-ilegal\/\" \/>\n<meta property=\"og:site_name\" content=\"Patagonia Ambiental\" \/>\n<meta property=\"article:publisher\" content=\"https:\/\/www.facebook.com\/patagonia.ambiental\" \/>\n<meta property=\"article:author\" content=\"https:\/\/www.facebook.com\/share\/1C1V8Gv9BX\/?mibextid=qi2Omg\" \/>\n<meta property=\"article:published_time\" content=\"2024-09-12T12:53:00+00:00\" \/>\n<meta property=\"article:modified_time\" content=\"2025-05-04T20:03:10+00:00\" \/>\n<meta property=\"og:image\" content=\"https:\/\/patagoniambiental.com.ar\/info\/wp-content\/uploads\/2024\/09\/Ambiente-de-Nacion-inspecciona-cargamentos-de-madera-ilegal.jpg\" \/>\n\t<meta property=\"og:image:width\" content=\"745\" \/>\n\t<meta property=\"og:image:height\" content=\"501\" \/>\n\t<meta property=\"og:image:type\" content=\"image\/jpeg\" \/>\n<meta name=\"author\" content=\"Patagonia Ambiental\" \/>\n<meta name=\"twitter:card\" content=\"summary_large_image\" \/>\n<meta name=\"twitter:creator\" content=\"@PatAmb\" \/>\n<meta name=\"twitter:site\" content=\"@PatAmb\" \/>\n<script type=\"application\/ld+json\" class=\"yoast-schema-graph\">{\"@context\":\"https:\\\/\\\/schema.org\",\"@graph\":[{\"@type\":\"Article\",\"@id\":\"https:\\\/\\\/patagoniambiental.com.ar\\\/info\\\/ambiente-de-nacion-inspecciona-cargamentos-de-madera-ilegal\\\/#article\",\"isPartOf\":{\"@id\":\"https:\\\/\\\/patagoniambiental.com.ar\\\/info\\\/ambiente-de-nacion-inspecciona-cargamentos-de-madera-ilegal\\\/\"},\"author\":{\"name\":\"Patagonia Ambiental\",\"@id\":\"https:\\\/\\\/patagoniambiental.com.ar\\\/info\\\/#\\\/schema\\\/person\\\/db12bff64bbcbf6a253710bf0ea37b5d\"},\"headline\":\"Ambiente de Naci\u00f3n inspecciona cargamentos de madera ilegal\",\"datePublished\":\"2024-09-12T12:53:00+00:00\",\"dateModified\":\"2025-05-04T20:03:10+00:00\",\"mainEntityOfPage\":{\"@id\":\"https:\\\/\\\/patagoniambiental.com.ar\\\/info\\\/ambiente-de-nacion-inspecciona-cargamentos-de-madera-ilegal\\\/\"},\"wordCount\":236,\"commentCount\":0,\"publisher\":{\"@id\":\"https:\\\/\\\/patagoniambiental.com.ar\\\/info\\\/#organization\"},\"image\":{\"@id\":\"https:\\\/\\\/patagoniambiental.com.ar\\\/info\\\/ambiente-de-nacion-inspecciona-cargamentos-de-madera-ilegal\\\/#primaryimage\"},\"thumbnailUrl\":\"https:\\\/\\\/patagoniambiental.com.ar\\\/info\\\/wp-content\\\/uploads\\\/2024\\\/09\\\/Ambiente-de-Nacion-inspecciona-cargamentos-de-madera-ilegal.jpg\",\"articleSection\":[\"Nacionales\",\"Noticias\"],\"inLanguage\":\"es\",\"potentialAction\":[{\"@type\":\"CommentAction\",\"name\":\"Comment\",\"target\":[\"https:\\\/\\\/patagoniambiental.com.ar\\\/info\\\/ambiente-de-nacion-inspecciona-cargamentos-de-madera-ilegal\\\/#respond\"]}]},{\"@type\":\"WebPage\",\"@id\":\"https:\\\/\\\/patagoniambiental.com.ar\\\/info\\\/ambiente-de-nacion-inspecciona-cargamentos-de-madera-ilegal\\\/\",\"url\":\"https:\\\/\\\/patagoniambiental.com.ar\\\/info\\\/ambiente-de-nacion-inspecciona-cargamentos-de-madera-ilegal\\\/\",\"name\":\"Ambiente de Naci\u00f3n inspecciona cargamentos de madera ilegal\",\"isPartOf\":{\"@id\":\"https:\\\/\\\/patagoniambiental.com.ar\\\/info\\\/#website\"},\"primaryImageOfPage\":{\"@id\":\"https:\\\/\\\/patagoniambiental.com.ar\\\/info\\\/ambiente-de-nacion-inspecciona-cargamentos-de-madera-ilegal\\\/#primaryimage\"},\"image\":{\"@id\":\"https:\\\/\\\/patagoniambiental.com.ar\\\/info\\\/ambiente-de-nacion-inspecciona-cargamentos-de-madera-ilegal\\\/#primaryimage\"},\"thumbnailUrl\":\"https:\\\/\\\/patagoniambiental.com.ar\\\/info\\\/wp-content\\\/uploads\\\/2024\\\/09\\\/Ambiente-de-Nacion-inspecciona-cargamentos-de-madera-ilegal.jpg\",\"datePublished\":\"2024-09-12T12:53:00+00:00\",\"dateModified\":\"2025-05-04T20:03:10+00:00\",\"description\":\"El Ministerio de Ambiente de la Naci\u00f3n, con organismos nacionales est\u00e1n coordinando esfuerzos para el control de cargamentos madereros.\",\"breadcrumb\":{\"@id\":\"https:\\\/\\\/patagoniambiental.com.ar\\\/info\\\/ambiente-de-nacion-inspecciona-cargamentos-de-madera-ilegal\\\/#breadcrumb\"},\"inLanguage\":\"es\",\"potentialAction\":[{\"@type\":\"ReadAction\",\"target\":[\"https:\\\/\\\/patagoniambiental.com.ar\\\/info\\\/ambiente-de-nacion-inspecciona-cargamentos-de-madera-ilegal\\\/\"]}]},{\"@type\":\"ImageObject\",\"inLanguage\":\"es\",\"@id\":\"https:\\\/\\\/patagoniambiental.com.ar\\\/info\\\/ambiente-de-nacion-inspecciona-cargamentos-de-madera-ilegal\\\/#primaryimage\",\"url\":\"https:\\\/\\\/patagoniambiental.com.ar\\\/info\\\/wp-content\\\/uploads\\\/2024\\\/09\\\/Ambiente-de-Nacion-inspecciona-cargamentos-de-madera-ilegal.jpg\",\"contentUrl\":\"https:\\\/\\\/patagoniambiental.com.ar\\\/info\\\/wp-content\\\/uploads\\\/2024\\\/09\\\/Ambiente-de-Nacion-inspecciona-cargamentos-de-madera-ilegal.jpg\",\"width\":745,\"height\":501,\"caption\":\"Ambiente de Naci\u00f3n inspecciona cargamentos de madera ilegal\"},{\"@type\":\"BreadcrumbList\",\"@id\":\"https:\\\/\\\/patagoniambiental.com.ar\\\/info\\\/ambiente-de-nacion-inspecciona-cargamentos-de-madera-ilegal\\\/#breadcrumb\",\"itemListElement\":[{\"@type\":\"ListItem\",\"position\":1,\"name\":\"Inicio\",\"item\":\"https:\\\/\\\/patagoniambiental.com.ar\\\/info\\\/\"},{\"@type\":\"ListItem\",\"position\":2,\"name\":\"Ambiente de Naci\u00f3n inspecciona cargamentos de madera ilegal\"}]},{\"@type\":\"WebSite\",\"@id\":\"https:\\\/\\\/patagoniambiental.com.ar\\\/info\\\/#website\",\"url\":\"https:\\\/\\\/patagoniambiental.com.ar\\\/info\\\/\",\"name\":\"Patagonia Ambiental\",\"description\":\"Monitoreo y an\u00e1lisis de la situaci\u00f3n geopol\u00edtica en el mundo y su implicancia en la Patagonia\",\"publisher\":{\"@id\":\"https:\\\/\\\/patagoniambiental.com.ar\\\/info\\\/#organization\"},\"potentialAction\":[{\"@type\":\"SearchAction\",\"target\":{\"@type\":\"EntryPoint\",\"urlTemplate\":\"https:\\\/\\\/patagoniambiental.com.ar\\\/info\\\/?s={search_term_string}\"},\"query-input\":{\"@type\":\"PropertyValueSpecification\",\"valueRequired\":true,\"valueName\":\"search_term_string\"}}],\"inLanguage\":\"es\"},{\"@type\":\"Organization\",\"@id\":\"https:\\\/\\\/patagoniambiental.com.ar\\\/info\\\/#organization\",\"name\":\"Patagonia Ambiental\",\"url\":\"https:\\\/\\\/patagoniambiental.com.ar\\\/info\\\/\",\"logo\":{\"@type\":\"ImageObject\",\"inLanguage\":\"es\",\"@id\":\"https:\\\/\\\/patagoniambiental.com.ar\\\/info\\\/#\\\/schema\\\/logo\\\/image\\\/\",\"url\":\"https:\\\/\\\/patagoniambiental.com.ar\\\/info\\\/wp-content\\\/uploads\\\/2025\\\/05\\\/LOGO-PATAGONIA-AMBIENTAL.png\",\"contentUrl\":\"https:\\\/\\\/patagoniambiental.com.ar\\\/info\\\/wp-content\\\/uploads\\\/2025\\\/05\\\/LOGO-PATAGONIA-AMBIENTAL.png\",\"width\":433,\"height\":250,\"caption\":\"Patagonia Ambiental\"},\"image\":{\"@id\":\"https:\\\/\\\/patagoniambiental.com.ar\\\/info\\\/#\\\/schema\\\/logo\\\/image\\\/\"},\"sameAs\":[\"https:\\\/\\\/www.facebook.com\\\/patagonia.ambiental\",\"https:\\\/\\\/x.com\\\/PatAmb\"]},{\"@type\":\"Person\",\"@id\":\"https:\\\/\\\/patagoniambiental.com.ar\\\/info\\\/#\\\/schema\\\/person\\\/db12bff64bbcbf6a253710bf0ea37b5d\",\"name\":\"Patagonia Ambiental\",\"description\":\"Andr\u00e9s Nievas T\u00e9cnico en manejo ambiental, consultor Ambiental y escritor para medios locales e internacionales sobre temas de geopolitica y medio ambiente.\",\"sameAs\":[\"http:\\\/\\\/www.patagoniambiental.com.ar\",\"https:\\\/\\\/www.facebook.com\\\/share\\\/1C1V8Gv9BX\\\/?mibextid=qi2Omg\",\"@patagoniambiental\",\"https:\\\/\\\/youtube.com\\\/@patagoniaambiental2023?si=BLt58t0wuXquxlYZ\"]}]}<\/script>\n<!-- \/ Yoast SEO Premium plugin. -->","yoast_head_json":{"title":"Ambiente de Naci\u00f3n inspecciona cargamentos de madera ilegal","description":"El Ministerio de Ambiente de la Naci\u00f3n, con organismos nacionales est\u00e1n coordinando esfuerzos para el control de cargamentos madereros.","robots":{"index":"index","follow":"follow","max-snippet":"max-snippet:-1","max-image-preview":"max-image-preview:large","max-video-preview":"max-video-preview:-1"},"canonical":"https:\/\/patagoniambiental.com.ar\/info\/ambiente-de-nacion-inspecciona-cargamentos-de-madera-ilegal\/","og_locale":"es_ES","og_type":"article","og_title":"Ambiente de Naci\u00f3n inspecciona cargamentos de madera ilegal","og_description":"El Ministerio de Ambiente de la Naci\u00f3n, con organismos nacionales est\u00e1n coordinando esfuerzos para el control de cargamentos madereros.","og_url":"https:\/\/patagoniambiental.com.ar\/info\/ambiente-de-nacion-inspecciona-cargamentos-de-madera-ilegal\/","og_site_name":"Patagonia Ambiental","article_publisher":"https:\/\/www.facebook.com\/patagonia.ambiental","article_author":"https:\/\/www.facebook.com\/share\/1C1V8Gv9BX\/?mibextid=qi2Omg","article_published_time":"2024-09-12T12:53:00+00:00","article_modified_time":"2025-05-04T20:03:10+00:00","og_image":[{"width":745,"height":501,"url":"https:\/\/patagoniambiental.com.ar\/info\/wp-content\/uploads\/2024\/09\/Ambiente-de-Nacion-inspecciona-cargamentos-de-madera-ilegal.jpg","type":"image\/jpeg"}],"author":"Patagonia Ambiental","twitter_card":"summary_large_image","twitter_creator":"@PatAmb","twitter_site":"@PatAmb","schema":{"@context":"https:\/\/schema.org","@graph":[{"@type":"Article","@id":"https:\/\/patagoniambiental.com.ar\/info\/ambiente-de-nacion-inspecciona-cargamentos-de-madera-ilegal\/#article","isPartOf":{"@id":"https:\/\/patagoniambiental.com.ar\/info\/ambiente-de-nacion-inspecciona-cargamentos-de-madera-ilegal\/"},"author":{"name":"Patagonia Ambiental","@id":"https:\/\/patagoniambiental.com.ar\/info\/#\/schema\/person\/db12bff64bbcbf6a253710bf0ea37b5d"},"headline":"Ambiente de Naci\u00f3n inspecciona cargamentos de madera ilegal","datePublished":"2024-09-12T12:53:00+00:00","dateModified":"2025-05-04T20:03:10+00:00","mainEntityOfPage":{"@id":"https:\/\/patagoniambiental.com.ar\/info\/ambiente-de-nacion-inspecciona-cargamentos-de-madera-ilegal\/"},"wordCount":236,"commentCount":0,"publisher":{"@id":"https:\/\/patagoniambiental.com.ar\/info\/#organization"},"image":{"@id":"https:\/\/patagoniambiental.com.ar\/info\/ambiente-de-nacion-inspecciona-cargamentos-de-madera-ilegal\/#primaryimage"},"thumbnailUrl":"https:\/\/patagoniambiental.com.ar\/info\/wp-content\/uploads\/2024\/09\/Ambiente-de-Nacion-inspecciona-cargamentos-de-madera-ilegal.jpg","articleSection":["Nacionales","Noticias"],"inLanguage":"es","potentialAction":[{"@type":"CommentAction","name":"Comment","target":["https:\/\/patagoniambiental.com.ar\/info\/ambiente-de-nacion-inspecciona-cargamentos-de-madera-ilegal\/#respond"]}]},{"@type":"WebPage","@id":"https:\/\/patagoniambiental.com.ar\/info\/ambiente-de-nacion-inspecciona-cargamentos-de-madera-ilegal\/","url":"https:\/\/patagoniambiental.com.ar\/info\/ambiente-de-nacion-inspecciona-cargamentos-de-madera-ilegal\/","name":"Ambiente de Naci\u00f3n inspecciona cargamentos de madera ilegal","isPartOf":{"@id":"https:\/\/patagoniambiental.com.ar\/info\/#website"},"primaryImageOfPage":{"@id":"https:\/\/patagoniambiental.com.ar\/info\/ambiente-de-nacion-inspecciona-cargamentos-de-madera-ilegal\/#primaryimage"},"image":{"@id":"https:\/\/patagoniambiental.com.ar\/info\/ambiente-de-nacion-inspecciona-cargamentos-de-madera-ilegal\/#primaryimage"},"thumbnailUrl":"https:\/\/patagoniambiental.com.ar\/info\/wp-content\/uploads\/2024\/09\/Ambiente-de-Nacion-inspecciona-cargamentos-de-madera-ilegal.jpg","datePublished":"2024-09-12T12:53:00+00:00","dateModified":"2025-05-04T20:03:10+00:00","description":"El Ministerio de Ambiente de la Naci\u00f3n, con organismos nacionales est\u00e1n coordinando esfuerzos para el control de cargamentos madereros.","breadcrumb":{"@id":"https:\/\/patagoniambiental.com.ar\/info\/ambiente-de-nacion-inspecciona-cargamentos-de-madera-ilegal\/#breadcrumb"},"inLanguage":"es","potentialAction":[{"@type":"ReadAction","target":["https:\/\/patagoniambiental.com.ar\/info\/ambiente-de-nacion-inspecciona-cargamentos-de-madera-ilegal\/"]}]},{"@type":"ImageObject","inLanguage":"es","@id":"https:\/\/patagoniambiental.com.ar\/info\/ambiente-de-nacion-inspecciona-cargamentos-de-madera-ilegal\/#primaryimage","url":"https:\/\/patagoniambiental.com.ar\/info\/wp-content\/uploads\/2024\/09\/Ambiente-de-Nacion-inspecciona-cargamentos-de-madera-ilegal.jpg","contentUrl":"https:\/\/patagoniambiental.com.ar\/info\/wp-content\/uploads\/2024\/09\/Ambiente-de-Nacion-inspecciona-cargamentos-de-madera-ilegal.jpg","width":745,"height":501,"caption":"Ambiente de Naci\u00f3n inspecciona cargamentos de madera ilegal"},{"@type":"BreadcrumbList","@id":"https:\/\/patagoniambiental.com.ar\/info\/ambiente-de-nacion-inspecciona-cargamentos-de-madera-ilegal\/#breadcrumb","itemListElement":[{"@type":"ListItem","position":1,"name":"Inicio","item":"https:\/\/patagoniambiental.com.ar\/info\/"},{"@type":"ListItem","position":2,"name":"Ambiente de Naci\u00f3n inspecciona cargamentos de madera ilegal"}]},{"@type":"WebSite","@id":"https:\/\/patagoniambiental.com.ar\/info\/#website","url":"https:\/\/patagoniambiental.com.ar\/info\/","name":"Patagonia Ambiental","description":"Monitoreo y an\u00e1lisis de la situaci\u00f3n geopol\u00edtica en el mundo y su implicancia en la Patagonia","publisher":{"@id":"https:\/\/patagoniambiental.com.ar\/info\/#organization"},"potentialAction":[{"@type":"SearchAction","target":{"@type":"EntryPoint","urlTemplate":"https:\/\/patagoniambiental.com.ar\/info\/?s={search_term_string}"},"query-input":{"@type":"PropertyValueSpecification","valueRequired":true,"valueName":"search_term_string"}}],"inLanguage":"es"},{"@type":"Organization","@id":"https:\/\/patagoniambiental.com.ar\/info\/#organization","name":"Patagonia Ambiental","url":"https:\/\/patagoniambiental.com.ar\/info\/","logo":{"@type":"ImageObject","inLanguage":"es","@id":"https:\/\/patagoniambiental.com.ar\/info\/#\/schema\/logo\/image\/","url":"https:\/\/patagoniambiental.com.ar\/info\/wp-content\/uploads\/2025\/05\/LOGO-PATAGONIA-AMBIENTAL.png","contentUrl":"https:\/\/patagoniambiental.com.ar\/info\/wp-content\/uploads\/2025\/05\/LOGO-PATAGONIA-AMBIENTAL.png","width":433,"height":250,"caption":"Patagonia Ambiental"},"image":{"@id":"https:\/\/patagoniambiental.com.ar\/info\/#\/schema\/logo\/image\/"},"sameAs":["https:\/\/www.facebook.com\/patagonia.ambiental","https:\/\/x.com\/PatAmb"]},{"@type":"Person","@id":"https:\/\/patagoniambiental.com.ar\/info\/#\/schema\/person\/db12bff64bbcbf6a253710bf0ea37b5d","name":"Patagonia Ambiental","description":"Andr\u00e9s Nievas T\u00e9cnico en manejo ambiental, consultor Ambiental y escritor para medios locales e internacionales sobre temas de geopolitica y medio ambiente.","sameAs":["http:\/\/www.patagoniambiental.com.ar","https:\/\/www.facebook.com\/share\/1C1V8Gv9BX\/?mibextid=qi2Omg","@patagoniambiental","https:\/\/youtube.com\/@patagoniaambiental2023?si=BLt58t0wuXquxlYZ"]}]}},"_links":{"self":[{"href":"https:\/\/patagoniambiental.com.ar\/info\/wp-json\/wp\/v2\/posts\/89938","targetHints":{"allow":["GET"]}}],"collection":[{"href":"https:\/\/patagoniambiental.com.ar\/info\/wp-json\/wp\/v2\/posts"}],"about":[{"href":"https:\/\/patagoniambiental.com.ar\/info\/wp-json\/wp\/v2\/types\/post"}],"author":[{"embeddable":true,"href":"https:\/\/patagoniambiental.com.ar\/info\/wp-json\/wp\/v2\/users\/2"}],"replies":[{"embeddable":true,"href":"https:\/\/patagoniambiental.com.ar\/info\/wp-json\/wp\/v2\/comments?post=89938"}],"version-history":[{"count":0,"href":"https:\/\/patagoniambiental.com.ar\/info\/wp-json\/wp\/v2\/posts\/89938\/revisions"}],"wp:featuredmedia":[{"embeddable":true,"href":"https:\/\/patagoniambiental.com.ar\/info\/wp-json\/wp\/v2\/media\/90005"}],"wp:attachment":[{"href":"https:\/\/patagoniambiental.com.ar\/info\/wp-json\/wp\/v2\/media?parent=89938"}],"wp:term":[{"taxonomy":"category","embeddable":true,"href":"https:\/\/patagoniambiental.com.ar\/info\/wp-json\/wp\/v2\/categories?post=89938"},{"taxonomy":"post_tag","embeddable":true,"href":"https:\/\/patagoniambiental.com.ar\/info\/wp-json\/wp\/v2\/tags?post=89938"}],"curies":[{"name":"wp","href":"https:\/\/api.w.org\/{rel}","templated":true}]}}