{"id":90478,"date":"2024-09-18T11:04:18","date_gmt":"2024-09-18T14:04:18","guid":{"rendered":"https:\/\/patagoniambiental.com.ar\/info\/?p=90478"},"modified":"2025-05-04T17:00:30","modified_gmt":"2025-05-04T20:00:30","slug":"tu-barrio-verde-anade-cuatro-nuevos-puntos-de-entrega-de-arboles-en-zapala","status":"publish","type":"post","link":"https:\/\/patagoniambiental.com.ar\/info\/tu-barrio-verde-anade-cuatro-nuevos-puntos-de-entrega-de-arboles-en-zapala\/","title":{"rendered":"\u00abTu Barrio Verde\u00bb a\u00f1ade cuatro nuevos puntos de entrega de arboles en Zapala"},"content":{"rendered":"\n<!--more-->\n\n\n\n<p>Zapala.-La iniciativa \u00abTu Barrio Verde\u00bb del Municipio de Zapala contin\u00faa su expansi\u00f3n, contando con el apoyo activo de la comunidad. La campa\u00f1a de arbolado urbano ha sumado cuatro nuevas plazas donde los vecinos podr\u00e1n recoger sus \u00e1rboles y contribuir a una ciudad m\u00e1s verde.<\/p>\n\n\n\n<p>Recientemente, el barrio Loma Negra fue el \u00faltimo en recibir la visita del personal municipal, donde una gran cantidad de residentes se acerc\u00f3 para recoger sus \u00e1rboles. Ahora, se ha anunciado que durante el resto de septiembre, las entregas seguir\u00e1n como de costumbre los mi\u00e9rcoles y viernes, en cuatro puntos clave de la localidad.<\/p>\n\n\n\n<p>La pr\u00f3xima cita ser\u00e1 el mi\u00e9rcoles 18 de septiembre a las 11:00 horas en la Plaza Espa\u00f1a del barrio Chachil. Luego, el viernes 20, a la misma hora, los vecinos de Plaza Burdes en el Lado Viejo podr\u00e1n obtener su ejemplar de sorbus o fresno. Las actividades continuar\u00e1n los d\u00edas 25 y 27 de septiembre en la Plaza Estrellas Amarillas (barrio Zona II) y la Plaza Sirio Liban\u00e9s (barrio Pino Azul), marcando el cierre de esta etapa de la iniciativa.<\/p>\n\n\n\n<p>Para garantizar la supervivencia de los \u00e1rboles entregados, que se entregan con ra\u00edz desnuda, se recomienda a los vecinos tener listo el lugar de plantaci\u00f3n. De esta manera, se evita da\u00f1ar la ra\u00edz y se contribuye a que el \u00e1rbol tenga una vida larga y saludable.<\/p>\n\n\n\n<p>Con estas acciones, Zapala sigue firme en su camino hacia un entorno m\u00e1s ecol\u00f3gico y habitable, promoviendo la conciencia ambiental y el cuidado de los espacios verdes para todos.<\/p>\n","protected":false},"excerpt":{"rendered":"","protected":false},"author":2,"featured_media":90479,"comment_status":"open","ping_status":"open","sticky":false,"template":"","format":"standard","meta":{"site-sidebar-layout":"default","site-content-layout":"","ast-site-content-layout":"default","site-content-style":"default","site-sidebar-style":"default","ast-global-header-display":"","ast-banner-title-visibility":"","ast-main-header-display":"","ast-hfb-above-header-display":"","ast-hfb-below-header-display":"","ast-hfb-mobile-header-display":"","site-post-title":"","ast-breadcrumbs-content":"","ast-featured-img":"","footer-sml-layout":"","ast-disable-related-posts":"","theme-transparent-header-meta":"","adv-header-id-meta":"","stick-header-meta":"","header-above-stick-meta":"","header-main-stick-meta":"","header-below-stick-meta":"","astra-migrate-meta-layouts":"default","ast-page-background-enabled":"default","ast-page-background-meta":{"desktop":{"background-color":"var(--ast-global-color-5)","background-image":"","background-repeat":"repeat","background-position":"center center","background-size":"auto","background-attachment":"scroll","background-type":"","background-media":"","overlay-type":"","overlay-color":"","overlay-opacity":"","overlay-gradient":""},"tablet":{"background-color":"","background-image":"","background-repeat":"repeat","background-position":"center center","background-size":"auto","background-attachment":"scroll","background-type":"","background-media":"","overlay-type":"","overlay-color":"","overlay-opacity":"","overlay-gradient":""},"mobile":{"background-color":"","background-image":"","background-repeat":"repeat","background-position":"center center","background-size":"auto","background-attachment":"scroll","background-type":"","background-media":"","overlay-type":"","overlay-color":"","overlay-opacity":"","overlay-gradient":""}},"ast-content-background-meta":{"desktop":{"background-color":"var(--ast-global-color-4)","background-image":"","background-repeat":"repeat","background-position":"center center","background-size":"auto","background-attachment":"scroll","background-type":"","background-media":"","overlay-type":"","overlay-color":"","overlay-opacity":"","overlay-gradient":""},"tablet":{"background-color":"var(--ast-global-color-4)","background-image":"","background-repeat":"repeat","background-position":"center center","background-size":"auto","background-attachment":"scroll","background-type":"","background-media":"","overlay-type":"","overlay-color":"","overlay-opacity":"","overlay-gradient":""},"mobile":{"background-color":"var(--ast-global-color-4)","background-image":"","background-repeat":"repeat","background-position":"center center","background-size":"auto","background-attachment":"scroll","background-type":"","background-media":"","overlay-type":"","overlay-color":"","overlay-opacity":"","overlay-gradient":""}},"footnotes":""},"categories":[16,1],"tags":[],"class_list":["post-90478","post","type-post","status-publish","format-standard","has-post-thumbnail","hentry","category-municipales","category-noticias"],"yoast_head":"<!-- This site is optimized with the Yoast SEO Premium plugin v23.0 (Yoast SEO v27.5) - https:\/\/yoast.com\/product\/yoast-seo-premium-wordpress\/ -->\n<title>&quot;Tu Barrio Verde&quot; a\u00f1ade cuatro nuevos puntos de entrega de arboles en Zapala<\/title>\n<meta name=\"description\" content=\"La iniciativa &quot;Tu Barrio Verde&quot; del Municipio de Zapala contin\u00faa su expansi\u00f3n, contando con el apoyo activo de la comunidad.\" \/>\n<meta name=\"robots\" content=\"index, follow, max-snippet:-1, max-image-preview:large, max-video-preview:-1\" \/>\n<link rel=\"canonical\" href=\"https:\/\/patagoniambiental.com.ar\/info\/tu-barrio-verde-anade-cuatro-nuevos-puntos-de-entrega-de-arboles-en-zapala\/\" \/>\n<meta property=\"og:locale\" content=\"es_ES\" \/>\n<meta property=\"og:type\" content=\"article\" \/>\n<meta property=\"og:title\" content=\"&quot;Tu Barrio Verde&quot; a\u00f1ade cuatro nuevos puntos de entrega de arboles en Zapala\" \/>\n<meta property=\"og:description\" content=\"La iniciativa &quot;Tu Barrio Verde&quot; del Municipio de Zapala contin\u00faa su expansi\u00f3n, contando con el apoyo activo de la comunidad.\" \/>\n<meta property=\"og:url\" content=\"https:\/\/patagoniambiental.com.ar\/info\/tu-barrio-verde-anade-cuatro-nuevos-puntos-de-entrega-de-arboles-en-zapala\/\" \/>\n<meta property=\"og:site_name\" content=\"Patagonia Ambiental\" \/>\n<meta property=\"article:publisher\" content=\"https:\/\/www.facebook.com\/patagonia.ambiental\" \/>\n<meta property=\"article:author\" content=\"https:\/\/www.facebook.com\/share\/1C1V8Gv9BX\/?mibextid=qi2Omg\" \/>\n<meta property=\"article:published_time\" content=\"2024-09-18T14:04:18+00:00\" \/>\n<meta property=\"article:modified_time\" content=\"2025-05-04T20:00:30+00:00\" \/>\n<meta property=\"og:image\" content=\"https:\/\/patagoniambiental.com.ar\/info\/wp-content\/uploads\/2024\/09\/tu-barrio-verde.jpg\" \/>\n\t<meta property=\"og:image:width\" content=\"1024\" \/>\n\t<meta property=\"og:image:height\" content=\"640\" \/>\n\t<meta property=\"og:image:type\" content=\"image\/jpeg\" \/>\n<meta name=\"author\" content=\"Patagonia Ambiental\" \/>\n<meta name=\"twitter:card\" content=\"summary_large_image\" \/>\n<meta name=\"twitter:creator\" content=\"@PatAmb\" \/>\n<meta name=\"twitter:site\" content=\"@PatAmb\" \/>\n<script type=\"application\/ld+json\" class=\"yoast-schema-graph\">{\"@context\":\"https:\\\/\\\/schema.org\",\"@graph\":[{\"@type\":\"Article\",\"@id\":\"https:\\\/\\\/patagoniambiental.com.ar\\\/info\\\/tu-barrio-verde-anade-cuatro-nuevos-puntos-de-entrega-de-arboles-en-zapala\\\/#article\",\"isPartOf\":{\"@id\":\"https:\\\/\\\/patagoniambiental.com.ar\\\/info\\\/tu-barrio-verde-anade-cuatro-nuevos-puntos-de-entrega-de-arboles-en-zapala\\\/\"},\"author\":{\"name\":\"Patagonia Ambiental\",\"@id\":\"https:\\\/\\\/patagoniambiental.com.ar\\\/info\\\/#\\\/schema\\\/person\\\/db12bff64bbcbf6a253710bf0ea37b5d\"},\"headline\":\"\u00abTu Barrio Verde\u00bb a\u00f1ade cuatro nuevos puntos de entrega de arboles en Zapala\",\"datePublished\":\"2024-09-18T14:04:18+00:00\",\"dateModified\":\"2025-05-04T20:00:30+00:00\",\"mainEntityOfPage\":{\"@id\":\"https:\\\/\\\/patagoniambiental.com.ar\\\/info\\\/tu-barrio-verde-anade-cuatro-nuevos-puntos-de-entrega-de-arboles-en-zapala\\\/\"},\"wordCount\":283,\"commentCount\":0,\"publisher\":{\"@id\":\"https:\\\/\\\/patagoniambiental.com.ar\\\/info\\\/#organization\"},\"image\":{\"@id\":\"https:\\\/\\\/patagoniambiental.com.ar\\\/info\\\/tu-barrio-verde-anade-cuatro-nuevos-puntos-de-entrega-de-arboles-en-zapala\\\/#primaryimage\"},\"thumbnailUrl\":\"https:\\\/\\\/patagoniambiental.com.ar\\\/info\\\/wp-content\\\/uploads\\\/2024\\\/09\\\/tu-barrio-verde.jpg\",\"articleSection\":[\"Municipales\",\"Noticias\"],\"inLanguage\":\"es\",\"potentialAction\":[{\"@type\":\"CommentAction\",\"name\":\"Comment\",\"target\":[\"https:\\\/\\\/patagoniambiental.com.ar\\\/info\\\/tu-barrio-verde-anade-cuatro-nuevos-puntos-de-entrega-de-arboles-en-zapala\\\/#respond\"]}]},{\"@type\":\"WebPage\",\"@id\":\"https:\\\/\\\/patagoniambiental.com.ar\\\/info\\\/tu-barrio-verde-anade-cuatro-nuevos-puntos-de-entrega-de-arboles-en-zapala\\\/\",\"url\":\"https:\\\/\\\/patagoniambiental.com.ar\\\/info\\\/tu-barrio-verde-anade-cuatro-nuevos-puntos-de-entrega-de-arboles-en-zapala\\\/\",\"name\":\"\\\"Tu Barrio Verde\\\" a\u00f1ade cuatro nuevos puntos de entrega de arboles en Zapala\",\"isPartOf\":{\"@id\":\"https:\\\/\\\/patagoniambiental.com.ar\\\/info\\\/#website\"},\"primaryImageOfPage\":{\"@id\":\"https:\\\/\\\/patagoniambiental.com.ar\\\/info\\\/tu-barrio-verde-anade-cuatro-nuevos-puntos-de-entrega-de-arboles-en-zapala\\\/#primaryimage\"},\"image\":{\"@id\":\"https:\\\/\\\/patagoniambiental.com.ar\\\/info\\\/tu-barrio-verde-anade-cuatro-nuevos-puntos-de-entrega-de-arboles-en-zapala\\\/#primaryimage\"},\"thumbnailUrl\":\"https:\\\/\\\/patagoniambiental.com.ar\\\/info\\\/wp-content\\\/uploads\\\/2024\\\/09\\\/tu-barrio-verde.jpg\",\"datePublished\":\"2024-09-18T14:04:18+00:00\",\"dateModified\":\"2025-05-04T20:00:30+00:00\",\"description\":\"La iniciativa \\\"Tu Barrio Verde\\\" del Municipio de Zapala contin\u00faa su expansi\u00f3n, contando con el apoyo activo de la comunidad.\",\"breadcrumb\":{\"@id\":\"https:\\\/\\\/patagoniambiental.com.ar\\\/info\\\/tu-barrio-verde-anade-cuatro-nuevos-puntos-de-entrega-de-arboles-en-zapala\\\/#breadcrumb\"},\"inLanguage\":\"es\",\"potentialAction\":[{\"@type\":\"ReadAction\",\"target\":[\"https:\\\/\\\/patagoniambiental.com.ar\\\/info\\\/tu-barrio-verde-anade-cuatro-nuevos-puntos-de-entrega-de-arboles-en-zapala\\\/\"]}]},{\"@type\":\"ImageObject\",\"inLanguage\":\"es\",\"@id\":\"https:\\\/\\\/patagoniambiental.com.ar\\\/info\\\/tu-barrio-verde-anade-cuatro-nuevos-puntos-de-entrega-de-arboles-en-zapala\\\/#primaryimage\",\"url\":\"https:\\\/\\\/patagoniambiental.com.ar\\\/info\\\/wp-content\\\/uploads\\\/2024\\\/09\\\/tu-barrio-verde.jpg\",\"contentUrl\":\"https:\\\/\\\/patagoniambiental.com.ar\\\/info\\\/wp-content\\\/uploads\\\/2024\\\/09\\\/tu-barrio-verde.jpg\",\"width\":960,\"height\":600},{\"@type\":\"BreadcrumbList\",\"@id\":\"https:\\\/\\\/patagoniambiental.com.ar\\\/info\\\/tu-barrio-verde-anade-cuatro-nuevos-puntos-de-entrega-de-arboles-en-zapala\\\/#breadcrumb\",\"itemListElement\":[{\"@type\":\"ListItem\",\"position\":1,\"name\":\"Inicio\",\"item\":\"https:\\\/\\\/patagoniambiental.com.ar\\\/info\\\/\"},{\"@type\":\"ListItem\",\"position\":2,\"name\":\"\u00abTu Barrio Verde\u00bb a\u00f1ade cuatro nuevos puntos de entrega de arboles en Zapala\"}]},{\"@type\":\"WebSite\",\"@id\":\"https:\\\/\\\/patagoniambiental.com.ar\\\/info\\\/#website\",\"url\":\"https:\\\/\\\/patagoniambiental.com.ar\\\/info\\\/\",\"name\":\"Patagonia Ambiental\",\"description\":\"Monitoreo y an\u00e1lisis de la situaci\u00f3n geopol\u00edtica en el mundo y su implicancia en la Patagonia\",\"publisher\":{\"@id\":\"https:\\\/\\\/patagoniambiental.com.ar\\\/info\\\/#organization\"},\"potentialAction\":[{\"@type\":\"SearchAction\",\"target\":{\"@type\":\"EntryPoint\",\"urlTemplate\":\"https:\\\/\\\/patagoniambiental.com.ar\\\/info\\\/?s={search_term_string}\"},\"query-input\":{\"@type\":\"PropertyValueSpecification\",\"valueRequired\":true,\"valueName\":\"search_term_string\"}}],\"inLanguage\":\"es\"},{\"@type\":\"Organization\",\"@id\":\"https:\\\/\\\/patagoniambiental.com.ar\\\/info\\\/#organization\",\"name\":\"Patagonia Ambiental\",\"url\":\"https:\\\/\\\/patagoniambiental.com.ar\\\/info\\\/\",\"logo\":{\"@type\":\"ImageObject\",\"inLanguage\":\"es\",\"@id\":\"https:\\\/\\\/patagoniambiental.com.ar\\\/info\\\/#\\\/schema\\\/logo\\\/image\\\/\",\"url\":\"https:\\\/\\\/patagoniambiental.com.ar\\\/info\\\/wp-content\\\/uploads\\\/2025\\\/05\\\/LOGO-PATAGONIA-AMBIENTAL.png\",\"contentUrl\":\"https:\\\/\\\/patagoniambiental.com.ar\\\/info\\\/wp-content\\\/uploads\\\/2025\\\/05\\\/LOGO-PATAGONIA-AMBIENTAL.png\",\"width\":433,\"height\":250,\"caption\":\"Patagonia Ambiental\"},\"image\":{\"@id\":\"https:\\\/\\\/patagoniambiental.com.ar\\\/info\\\/#\\\/schema\\\/logo\\\/image\\\/\"},\"sameAs\":[\"https:\\\/\\\/www.facebook.com\\\/patagonia.ambiental\",\"https:\\\/\\\/x.com\\\/PatAmb\"]},{\"@type\":\"Person\",\"@id\":\"https:\\\/\\\/patagoniambiental.com.ar\\\/info\\\/#\\\/schema\\\/person\\\/db12bff64bbcbf6a253710bf0ea37b5d\",\"name\":\"Patagonia Ambiental\",\"description\":\"Andr\u00e9s Nievas T\u00e9cnico en manejo ambiental, consultor Ambiental y escritor para medios locales e internacionales sobre temas de geopolitica y medio ambiente.\",\"sameAs\":[\"http:\\\/\\\/www.patagoniambiental.com.ar\",\"https:\\\/\\\/www.facebook.com\\\/share\\\/1C1V8Gv9BX\\\/?mibextid=qi2Omg\",\"@patagoniambiental\",\"https:\\\/\\\/youtube.com\\\/@patagoniaambiental2023?si=BLt58t0wuXquxlYZ\"]}]}<\/script>\n<!-- \/ Yoast SEO Premium plugin. -->","yoast_head_json":{"title":"\"Tu Barrio Verde\" a\u00f1ade cuatro nuevos puntos de entrega de arboles en Zapala","description":"La iniciativa \"Tu Barrio Verde\" del Municipio de Zapala contin\u00faa su expansi\u00f3n, contando con el apoyo activo de la comunidad.","robots":{"index":"index","follow":"follow","max-snippet":"max-snippet:-1","max-image-preview":"max-image-preview:large","max-video-preview":"max-video-preview:-1"},"canonical":"https:\/\/patagoniambiental.com.ar\/info\/tu-barrio-verde-anade-cuatro-nuevos-puntos-de-entrega-de-arboles-en-zapala\/","og_locale":"es_ES","og_type":"article","og_title":"\"Tu Barrio Verde\" a\u00f1ade cuatro nuevos puntos de entrega de arboles en Zapala","og_description":"La iniciativa \"Tu Barrio Verde\" del Municipio de Zapala contin\u00faa su expansi\u00f3n, contando con el apoyo activo de la comunidad.","og_url":"https:\/\/patagoniambiental.com.ar\/info\/tu-barrio-verde-anade-cuatro-nuevos-puntos-de-entrega-de-arboles-en-zapala\/","og_site_name":"Patagonia Ambiental","article_publisher":"https:\/\/www.facebook.com\/patagonia.ambiental","article_author":"https:\/\/www.facebook.com\/share\/1C1V8Gv9BX\/?mibextid=qi2Omg","article_published_time":"2024-09-18T14:04:18+00:00","article_modified_time":"2025-05-04T20:00:30+00:00","og_image":[{"width":1024,"height":640,"url":"https:\/\/patagoniambiental.com.ar\/info\/wp-content\/uploads\/2024\/09\/tu-barrio-verde.jpg","type":"image\/jpeg"}],"author":"Patagonia Ambiental","twitter_card":"summary_large_image","twitter_creator":"@PatAmb","twitter_site":"@PatAmb","schema":{"@context":"https:\/\/schema.org","@graph":[{"@type":"Article","@id":"https:\/\/patagoniambiental.com.ar\/info\/tu-barrio-verde-anade-cuatro-nuevos-puntos-de-entrega-de-arboles-en-zapala\/#article","isPartOf":{"@id":"https:\/\/patagoniambiental.com.ar\/info\/tu-barrio-verde-anade-cuatro-nuevos-puntos-de-entrega-de-arboles-en-zapala\/"},"author":{"name":"Patagonia Ambiental","@id":"https:\/\/patagoniambiental.com.ar\/info\/#\/schema\/person\/db12bff64bbcbf6a253710bf0ea37b5d"},"headline":"\u00abTu Barrio Verde\u00bb a\u00f1ade cuatro nuevos puntos de entrega de arboles en Zapala","datePublished":"2024-09-18T14:04:18+00:00","dateModified":"2025-05-04T20:00:30+00:00","mainEntityOfPage":{"@id":"https:\/\/patagoniambiental.com.ar\/info\/tu-barrio-verde-anade-cuatro-nuevos-puntos-de-entrega-de-arboles-en-zapala\/"},"wordCount":283,"commentCount":0,"publisher":{"@id":"https:\/\/patagoniambiental.com.ar\/info\/#organization"},"image":{"@id":"https:\/\/patagoniambiental.com.ar\/info\/tu-barrio-verde-anade-cuatro-nuevos-puntos-de-entrega-de-arboles-en-zapala\/#primaryimage"},"thumbnailUrl":"https:\/\/patagoniambiental.com.ar\/info\/wp-content\/uploads\/2024\/09\/tu-barrio-verde.jpg","articleSection":["Municipales","Noticias"],"inLanguage":"es","potentialAction":[{"@type":"CommentAction","name":"Comment","target":["https:\/\/patagoniambiental.com.ar\/info\/tu-barrio-verde-anade-cuatro-nuevos-puntos-de-entrega-de-arboles-en-zapala\/#respond"]}]},{"@type":"WebPage","@id":"https:\/\/patagoniambiental.com.ar\/info\/tu-barrio-verde-anade-cuatro-nuevos-puntos-de-entrega-de-arboles-en-zapala\/","url":"https:\/\/patagoniambiental.com.ar\/info\/tu-barrio-verde-anade-cuatro-nuevos-puntos-de-entrega-de-arboles-en-zapala\/","name":"\"Tu Barrio Verde\" a\u00f1ade cuatro nuevos puntos de entrega de arboles en Zapala","isPartOf":{"@id":"https:\/\/patagoniambiental.com.ar\/info\/#website"},"primaryImageOfPage":{"@id":"https:\/\/patagoniambiental.com.ar\/info\/tu-barrio-verde-anade-cuatro-nuevos-puntos-de-entrega-de-arboles-en-zapala\/#primaryimage"},"image":{"@id":"https:\/\/patagoniambiental.com.ar\/info\/tu-barrio-verde-anade-cuatro-nuevos-puntos-de-entrega-de-arboles-en-zapala\/#primaryimage"},"thumbnailUrl":"https:\/\/patagoniambiental.com.ar\/info\/wp-content\/uploads\/2024\/09\/tu-barrio-verde.jpg","datePublished":"2024-09-18T14:04:18+00:00","dateModified":"2025-05-04T20:00:30+00:00","description":"La iniciativa \"Tu Barrio Verde\" del Municipio de Zapala contin\u00faa su expansi\u00f3n, contando con el apoyo activo de la comunidad.","breadcrumb":{"@id":"https:\/\/patagoniambiental.com.ar\/info\/tu-barrio-verde-anade-cuatro-nuevos-puntos-de-entrega-de-arboles-en-zapala\/#breadcrumb"},"inLanguage":"es","potentialAction":[{"@type":"ReadAction","target":["https:\/\/patagoniambiental.com.ar\/info\/tu-barrio-verde-anade-cuatro-nuevos-puntos-de-entrega-de-arboles-en-zapala\/"]}]},{"@type":"ImageObject","inLanguage":"es","@id":"https:\/\/patagoniambiental.com.ar\/info\/tu-barrio-verde-anade-cuatro-nuevos-puntos-de-entrega-de-arboles-en-zapala\/#primaryimage","url":"https:\/\/patagoniambiental.com.ar\/info\/wp-content\/uploads\/2024\/09\/tu-barrio-verde.jpg","contentUrl":"https:\/\/patagoniambiental.com.ar\/info\/wp-content\/uploads\/2024\/09\/tu-barrio-verde.jpg","width":960,"height":600},{"@type":"BreadcrumbList","@id":"https:\/\/patagoniambiental.com.ar\/info\/tu-barrio-verde-anade-cuatro-nuevos-puntos-de-entrega-de-arboles-en-zapala\/#breadcrumb","itemListElement":[{"@type":"ListItem","position":1,"name":"Inicio","item":"https:\/\/patagoniambiental.com.ar\/info\/"},{"@type":"ListItem","position":2,"name":"\u00abTu Barrio Verde\u00bb a\u00f1ade cuatro nuevos puntos de entrega de arboles en Zapala"}]},{"@type":"WebSite","@id":"https:\/\/patagoniambiental.com.ar\/info\/#website","url":"https:\/\/patagoniambiental.com.ar\/info\/","name":"Patagonia Ambiental","description":"Monitoreo y an\u00e1lisis de la situaci\u00f3n geopol\u00edtica en el mundo y su implicancia en la Patagonia","publisher":{"@id":"https:\/\/patagoniambiental.com.ar\/info\/#organization"},"potentialAction":[{"@type":"SearchAction","target":{"@type":"EntryPoint","urlTemplate":"https:\/\/patagoniambiental.com.ar\/info\/?s={search_term_string}"},"query-input":{"@type":"PropertyValueSpecification","valueRequired":true,"valueName":"search_term_string"}}],"inLanguage":"es"},{"@type":"Organization","@id":"https:\/\/patagoniambiental.com.ar\/info\/#organization","name":"Patagonia Ambiental","url":"https:\/\/patagoniambiental.com.ar\/info\/","logo":{"@type":"ImageObject","inLanguage":"es","@id":"https:\/\/patagoniambiental.com.ar\/info\/#\/schema\/logo\/image\/","url":"https:\/\/patagoniambiental.com.ar\/info\/wp-content\/uploads\/2025\/05\/LOGO-PATAGONIA-AMBIENTAL.png","contentUrl":"https:\/\/patagoniambiental.com.ar\/info\/wp-content\/uploads\/2025\/05\/LOGO-PATAGONIA-AMBIENTAL.png","width":433,"height":250,"caption":"Patagonia Ambiental"},"image":{"@id":"https:\/\/patagoniambiental.com.ar\/info\/#\/schema\/logo\/image\/"},"sameAs":["https:\/\/www.facebook.com\/patagonia.ambiental","https:\/\/x.com\/PatAmb"]},{"@type":"Person","@id":"https:\/\/patagoniambiental.com.ar\/info\/#\/schema\/person\/db12bff64bbcbf6a253710bf0ea37b5d","name":"Patagonia Ambiental","description":"Andr\u00e9s Nievas T\u00e9cnico en manejo ambiental, consultor Ambiental y escritor para medios locales e internacionales sobre temas de geopolitica y medio ambiente.","sameAs":["http:\/\/www.patagoniambiental.com.ar","https:\/\/www.facebook.com\/share\/1C1V8Gv9BX\/?mibextid=qi2Omg","@patagoniambiental","https:\/\/youtube.com\/@patagoniaambiental2023?si=BLt58t0wuXquxlYZ"]}]}},"_links":{"self":[{"href":"https:\/\/patagoniambiental.com.ar\/info\/wp-json\/wp\/v2\/posts\/90478","targetHints":{"allow":["GET"]}}],"collection":[{"href":"https:\/\/patagoniambiental.com.ar\/info\/wp-json\/wp\/v2\/posts"}],"about":[{"href":"https:\/\/patagoniambiental.com.ar\/info\/wp-json\/wp\/v2\/types\/post"}],"author":[{"embeddable":true,"href":"https:\/\/patagoniambiental.com.ar\/info\/wp-json\/wp\/v2\/users\/2"}],"replies":[{"embeddable":true,"href":"https:\/\/patagoniambiental.com.ar\/info\/wp-json\/wp\/v2\/comments?post=90478"}],"version-history":[{"count":0,"href":"https:\/\/patagoniambiental.com.ar\/info\/wp-json\/wp\/v2\/posts\/90478\/revisions"}],"wp:featuredmedia":[{"embeddable":true,"href":"https:\/\/patagoniambiental.com.ar\/info\/wp-json\/wp\/v2\/media\/90479"}],"wp:attachment":[{"href":"https:\/\/patagoniambiental.com.ar\/info\/wp-json\/wp\/v2\/media?parent=90478"}],"wp:term":[{"taxonomy":"category","embeddable":true,"href":"https:\/\/patagoniambiental.com.ar\/info\/wp-json\/wp\/v2\/categories?post=90478"},{"taxonomy":"post_tag","embeddable":true,"href":"https:\/\/patagoniambiental.com.ar\/info\/wp-json\/wp\/v2\/tags?post=90478"}],"curies":[{"name":"wp","href":"https:\/\/api.w.org\/{rel}","templated":true}]}}