{"id":90525,"date":"2024-09-19T09:54:34","date_gmt":"2024-09-19T12:54:34","guid":{"rendered":"https:\/\/patagoniambiental.com.ar\/info\/?p=90525"},"modified":"2025-05-04T17:00:19","modified_gmt":"2025-05-04T20:00:19","slug":"rio-negro-impulsa-el-desarrollo-sustentable-tras-visita-a-cerro-vanguardia","status":"publish","type":"post","link":"https:\/\/patagoniambiental.com.ar\/info\/rio-negro-impulsa-el-desarrollo-sustentable-tras-visita-a-cerro-vanguardia\/","title":{"rendered":"R\u00edo Negro impulsa el desarrollo sustentable tras visita a Cerro Vanguardia"},"content":{"rendered":"\n<!--more-->\n\n\n\n<p>Santa Cruz, 19 de septiembre de 2024. Una delegaci\u00f3n de autoridades de R\u00edo Negro, encabezada por el intendente de Ingeniero Jacobacci, Jos\u00e9 Mellado, y el secretario de Miner\u00eda, Joaqu\u00edn Aberastain Oro, concluy\u00f3 su visita oficial a la mina Cerro Vanguardia en Santa Cruz. Este encuentro permiti\u00f3 a los funcionarios conocer de primera mano los procesos de producci\u00f3n de oro y plata, as\u00ed como los rigurosos est\u00e1ndares de operaci\u00f3n que se implementan en la mina.<\/p>\n\n\n\n<p>Aberastain Oro subray\u00f3 la relevancia de esta experiencia, destacando que \u00abhemos adquirido valiosos conocimientos sobre los procesos productivos y los requisitos que deben cumplir las minas para garantizar su sostenibilidad y competitividad\u00bb. Cerro Vanguardia, que inici\u00f3 sus operaciones con una proyecci\u00f3n de vida \u00fatil de entre seis y diez a\u00f1os, ha logrado extender su producci\u00f3n a m\u00e1s de 25 a\u00f1os gracias a su capacidad de adaptarse a nuevas tecnolog\u00edas y a las fluctuaciones del mercado.<\/p>\n\n\n\n<p>El intendente Mellado tambi\u00e9n enfatiz\u00f3 la importancia de la visita: \u00abObservar c\u00f3mo se gestiona el yacimiento nos brindar\u00e1 herramientas para implementar buenas pr\u00e1cticas en R\u00edo Negro\u00bb. La delegaci\u00f3n incluy\u00f3 al subsecretario de Control y Fiscalizaci\u00f3n Ambiental, Nicol\u00e1s Jurgeit, y otros especialistas en Miner\u00eda y Medio Ambiente, quienes analizaron los procesos operativos y los mecanismos de control de la mina.<\/p>\n\n\n\n<p>Con miras al futuro, el Gobierno de R\u00edo Negro se compromete a aplicar los conocimientos adquiridos en el desarrollo del Proyecto Calcatreu, buscando establecer un modelo de miner\u00eda sustentable que incorpore las mejores pr\u00e1cticas observadas en otras experiencias exitosas del pa\u00eds. Esta iniciativa refleja el compromiso de la provincia de fomentar una miner\u00eda responsable y respetuosa con el medio ambiente, asegurando as\u00ed un desarrollo equilibrado y sustentable para las pr\u00f3ximas generaciones.<\/p>\n","protected":false},"excerpt":{"rendered":"","protected":false},"author":2,"featured_media":90526,"comment_status":"open","ping_status":"open","sticky":false,"template":"","format":"standard","meta":{"site-sidebar-layout":"default","site-content-layout":"","ast-site-content-layout":"default","site-content-style":"default","site-sidebar-style":"default","ast-global-header-display":"","ast-banner-title-visibility":"","ast-main-header-display":"","ast-hfb-above-header-display":"","ast-hfb-below-header-display":"","ast-hfb-mobile-header-display":"","site-post-title":"","ast-breadcrumbs-content":"","ast-featured-img":"","footer-sml-layout":"","ast-disable-related-posts":"","theme-transparent-header-meta":"","adv-header-id-meta":"","stick-header-meta":"","header-above-stick-meta":"","header-main-stick-meta":"","header-below-stick-meta":"","astra-migrate-meta-layouts":"default","ast-page-background-enabled":"default","ast-page-background-meta":{"desktop":{"background-color":"var(--ast-global-color-5)","background-image":"","background-repeat":"repeat","background-position":"center center","background-size":"auto","background-attachment":"scroll","background-type":"","background-media":"","overlay-type":"","overlay-color":"","overlay-opacity":"","overlay-gradient":""},"tablet":{"background-color":"","background-image":"","background-repeat":"repeat","background-position":"center center","background-size":"auto","background-attachment":"scroll","background-type":"","background-media":"","overlay-type":"","overlay-color":"","overlay-opacity":"","overlay-gradient":""},"mobile":{"background-color":"","background-image":"","background-repeat":"repeat","background-position":"center center","background-size":"auto","background-attachment":"scroll","background-type":"","background-media":"","overlay-type":"","overlay-color":"","overlay-opacity":"","overlay-gradient":""}},"ast-content-background-meta":{"desktop":{"background-color":"var(--ast-global-color-4)","background-image":"","background-repeat":"repeat","background-position":"center center","background-size":"auto","background-attachment":"scroll","background-type":"","background-media":"","overlay-type":"","overlay-color":"","overlay-opacity":"","overlay-gradient":""},"tablet":{"background-color":"var(--ast-global-color-4)","background-image":"","background-repeat":"repeat","background-position":"center center","background-size":"auto","background-attachment":"scroll","background-type":"","background-media":"","overlay-type":"","overlay-color":"","overlay-opacity":"","overlay-gradient":""},"mobile":{"background-color":"var(--ast-global-color-4)","background-image":"","background-repeat":"repeat","background-position":"center center","background-size":"auto","background-attachment":"scroll","background-type":"","background-media":"","overlay-type":"","overlay-color":"","overlay-opacity":"","overlay-gradient":""}},"footnotes":""},"categories":[1,13,20],"tags":[],"class_list":["post-90525","post","type-post","status-publish","format-standard","has-post-thumbnail","hentry","category-noticias","category-provinciales","category-santa-cruz"],"yoast_head":"<!-- This site is optimized with the Yoast SEO Premium plugin v23.0 (Yoast SEO v27.5) - https:\/\/yoast.com\/product\/yoast-seo-premium-wordpress\/ -->\n<title>R\u00edo Negro impulsa el desarrollo sustentable tras visita a Cerro Vanguardia<\/title>\n<meta name=\"description\" content=\"Una delegaci\u00f3n de autoridades de R\u00edo Negro,, concluy\u00f3 su visita oficial a la mina Cerro Vanguardia en Santa Cruz.\" \/>\n<meta name=\"robots\" content=\"index, follow, max-snippet:-1, max-image-preview:large, max-video-preview:-1\" \/>\n<link rel=\"canonical\" href=\"https:\/\/patagoniambiental.com.ar\/info\/rio-negro-impulsa-el-desarrollo-sustentable-tras-visita-a-cerro-vanguardia\/\" \/>\n<meta property=\"og:locale\" content=\"es_ES\" \/>\n<meta property=\"og:type\" content=\"article\" \/>\n<meta property=\"og:title\" content=\"R\u00edo Negro impulsa el desarrollo sustentable tras visita a Cerro Vanguardia\" \/>\n<meta property=\"og:description\" content=\"Una delegaci\u00f3n de autoridades de R\u00edo Negro,, concluy\u00f3 su visita oficial a la mina Cerro Vanguardia en Santa Cruz.\" \/>\n<meta property=\"og:url\" content=\"https:\/\/patagoniambiental.com.ar\/info\/rio-negro-impulsa-el-desarrollo-sustentable-tras-visita-a-cerro-vanguardia\/\" \/>\n<meta property=\"og:site_name\" content=\"Patagonia Ambiental\" \/>\n<meta property=\"article:publisher\" content=\"https:\/\/www.facebook.com\/patagonia.ambiental\" \/>\n<meta property=\"article:author\" content=\"https:\/\/www.facebook.com\/share\/1C1V8Gv9BX\/?mibextid=qi2Omg\" \/>\n<meta property=\"article:published_time\" content=\"2024-09-19T12:54:34+00:00\" \/>\n<meta property=\"article:modified_time\" content=\"2025-05-04T20:00:19+00:00\" \/>\n<meta property=\"og:image\" content=\"https:\/\/patagoniambiental.com.ar\/info\/wp-content\/uploads\/2024\/09\/1726695566-30061d8d4ced902833eb.jpeg\" \/>\n\t<meta property=\"og:image:width\" content=\"1080\" \/>\n\t<meta property=\"og:image:height\" content=\"607\" \/>\n\t<meta property=\"og:image:type\" content=\"image\/jpeg\" \/>\n<meta name=\"author\" content=\"Patagonia Ambiental\" \/>\n<meta name=\"twitter:card\" content=\"summary_large_image\" \/>\n<meta name=\"twitter:creator\" content=\"@PatAmb\" \/>\n<meta name=\"twitter:site\" content=\"@PatAmb\" \/>\n<script type=\"application\/ld+json\" class=\"yoast-schema-graph\">{\"@context\":\"https:\\\/\\\/schema.org\",\"@graph\":[{\"@type\":\"Article\",\"@id\":\"https:\\\/\\\/patagoniambiental.com.ar\\\/info\\\/rio-negro-impulsa-el-desarrollo-sustentable-tras-visita-a-cerro-vanguardia\\\/#article\",\"isPartOf\":{\"@id\":\"https:\\\/\\\/patagoniambiental.com.ar\\\/info\\\/rio-negro-impulsa-el-desarrollo-sustentable-tras-visita-a-cerro-vanguardia\\\/\"},\"author\":{\"name\":\"Patagonia Ambiental\",\"@id\":\"https:\\\/\\\/patagoniambiental.com.ar\\\/info\\\/#\\\/schema\\\/person\\\/db12bff64bbcbf6a253710bf0ea37b5d\"},\"headline\":\"R\u00edo Negro impulsa el desarrollo sustentable tras visita a Cerro Vanguardia\",\"datePublished\":\"2024-09-19T12:54:34+00:00\",\"dateModified\":\"2025-05-04T20:00:19+00:00\",\"mainEntityOfPage\":{\"@id\":\"https:\\\/\\\/patagoniambiental.com.ar\\\/info\\\/rio-negro-impulsa-el-desarrollo-sustentable-tras-visita-a-cerro-vanguardia\\\/\"},\"wordCount\":315,\"commentCount\":0,\"publisher\":{\"@id\":\"https:\\\/\\\/patagoniambiental.com.ar\\\/info\\\/#organization\"},\"image\":{\"@id\":\"https:\\\/\\\/patagoniambiental.com.ar\\\/info\\\/rio-negro-impulsa-el-desarrollo-sustentable-tras-visita-a-cerro-vanguardia\\\/#primaryimage\"},\"thumbnailUrl\":\"https:\\\/\\\/patagoniambiental.com.ar\\\/info\\\/wp-content\\\/uploads\\\/2024\\\/09\\\/1726695566-30061d8d4ced902833eb.jpeg\",\"articleSection\":[\"Noticias\",\"Provinciales\",\"Santa Cruz\"],\"inLanguage\":\"es\",\"potentialAction\":[{\"@type\":\"CommentAction\",\"name\":\"Comment\",\"target\":[\"https:\\\/\\\/patagoniambiental.com.ar\\\/info\\\/rio-negro-impulsa-el-desarrollo-sustentable-tras-visita-a-cerro-vanguardia\\\/#respond\"]}]},{\"@type\":\"WebPage\",\"@id\":\"https:\\\/\\\/patagoniambiental.com.ar\\\/info\\\/rio-negro-impulsa-el-desarrollo-sustentable-tras-visita-a-cerro-vanguardia\\\/\",\"url\":\"https:\\\/\\\/patagoniambiental.com.ar\\\/info\\\/rio-negro-impulsa-el-desarrollo-sustentable-tras-visita-a-cerro-vanguardia\\\/\",\"name\":\"R\u00edo Negro impulsa el desarrollo sustentable tras visita a Cerro Vanguardia\",\"isPartOf\":{\"@id\":\"https:\\\/\\\/patagoniambiental.com.ar\\\/info\\\/#website\"},\"primaryImageOfPage\":{\"@id\":\"https:\\\/\\\/patagoniambiental.com.ar\\\/info\\\/rio-negro-impulsa-el-desarrollo-sustentable-tras-visita-a-cerro-vanguardia\\\/#primaryimage\"},\"image\":{\"@id\":\"https:\\\/\\\/patagoniambiental.com.ar\\\/info\\\/rio-negro-impulsa-el-desarrollo-sustentable-tras-visita-a-cerro-vanguardia\\\/#primaryimage\"},\"thumbnailUrl\":\"https:\\\/\\\/patagoniambiental.com.ar\\\/info\\\/wp-content\\\/uploads\\\/2024\\\/09\\\/1726695566-30061d8d4ced902833eb.jpeg\",\"datePublished\":\"2024-09-19T12:54:34+00:00\",\"dateModified\":\"2025-05-04T20:00:19+00:00\",\"description\":\"Una delegaci\u00f3n de autoridades de R\u00edo Negro,, concluy\u00f3 su visita oficial a la mina Cerro Vanguardia en Santa Cruz.\",\"breadcrumb\":{\"@id\":\"https:\\\/\\\/patagoniambiental.com.ar\\\/info\\\/rio-negro-impulsa-el-desarrollo-sustentable-tras-visita-a-cerro-vanguardia\\\/#breadcrumb\"},\"inLanguage\":\"es\",\"potentialAction\":[{\"@type\":\"ReadAction\",\"target\":[\"https:\\\/\\\/patagoniambiental.com.ar\\\/info\\\/rio-negro-impulsa-el-desarrollo-sustentable-tras-visita-a-cerro-vanguardia\\\/\"]}]},{\"@type\":\"ImageObject\",\"inLanguage\":\"es\",\"@id\":\"https:\\\/\\\/patagoniambiental.com.ar\\\/info\\\/rio-negro-impulsa-el-desarrollo-sustentable-tras-visita-a-cerro-vanguardia\\\/#primaryimage\",\"url\":\"https:\\\/\\\/patagoniambiental.com.ar\\\/info\\\/wp-content\\\/uploads\\\/2024\\\/09\\\/1726695566-30061d8d4ced902833eb.jpeg\",\"contentUrl\":\"https:\\\/\\\/patagoniambiental.com.ar\\\/info\\\/wp-content\\\/uploads\\\/2024\\\/09\\\/1726695566-30061d8d4ced902833eb.jpeg\",\"width\":1080,\"height\":607},{\"@type\":\"BreadcrumbList\",\"@id\":\"https:\\\/\\\/patagoniambiental.com.ar\\\/info\\\/rio-negro-impulsa-el-desarrollo-sustentable-tras-visita-a-cerro-vanguardia\\\/#breadcrumb\",\"itemListElement\":[{\"@type\":\"ListItem\",\"position\":1,\"name\":\"Inicio\",\"item\":\"https:\\\/\\\/patagoniambiental.com.ar\\\/info\\\/\"},{\"@type\":\"ListItem\",\"position\":2,\"name\":\"R\u00edo Negro impulsa el desarrollo sustentable tras visita a Cerro Vanguardia\"}]},{\"@type\":\"WebSite\",\"@id\":\"https:\\\/\\\/patagoniambiental.com.ar\\\/info\\\/#website\",\"url\":\"https:\\\/\\\/patagoniambiental.com.ar\\\/info\\\/\",\"name\":\"Patagonia Ambiental\",\"description\":\"Monitoreo y an\u00e1lisis de la situaci\u00f3n geopol\u00edtica en el mundo y su implicancia en la Patagonia\",\"publisher\":{\"@id\":\"https:\\\/\\\/patagoniambiental.com.ar\\\/info\\\/#organization\"},\"potentialAction\":[{\"@type\":\"SearchAction\",\"target\":{\"@type\":\"EntryPoint\",\"urlTemplate\":\"https:\\\/\\\/patagoniambiental.com.ar\\\/info\\\/?s={search_term_string}\"},\"query-input\":{\"@type\":\"PropertyValueSpecification\",\"valueRequired\":true,\"valueName\":\"search_term_string\"}}],\"inLanguage\":\"es\"},{\"@type\":\"Organization\",\"@id\":\"https:\\\/\\\/patagoniambiental.com.ar\\\/info\\\/#organization\",\"name\":\"Patagonia Ambiental\",\"url\":\"https:\\\/\\\/patagoniambiental.com.ar\\\/info\\\/\",\"logo\":{\"@type\":\"ImageObject\",\"inLanguage\":\"es\",\"@id\":\"https:\\\/\\\/patagoniambiental.com.ar\\\/info\\\/#\\\/schema\\\/logo\\\/image\\\/\",\"url\":\"https:\\\/\\\/patagoniambiental.com.ar\\\/info\\\/wp-content\\\/uploads\\\/2025\\\/05\\\/LOGO-PATAGONIA-AMBIENTAL.png\",\"contentUrl\":\"https:\\\/\\\/patagoniambiental.com.ar\\\/info\\\/wp-content\\\/uploads\\\/2025\\\/05\\\/LOGO-PATAGONIA-AMBIENTAL.png\",\"width\":433,\"height\":250,\"caption\":\"Patagonia Ambiental\"},\"image\":{\"@id\":\"https:\\\/\\\/patagoniambiental.com.ar\\\/info\\\/#\\\/schema\\\/logo\\\/image\\\/\"},\"sameAs\":[\"https:\\\/\\\/www.facebook.com\\\/patagonia.ambiental\",\"https:\\\/\\\/x.com\\\/PatAmb\"]},{\"@type\":\"Person\",\"@id\":\"https:\\\/\\\/patagoniambiental.com.ar\\\/info\\\/#\\\/schema\\\/person\\\/db12bff64bbcbf6a253710bf0ea37b5d\",\"name\":\"Patagonia Ambiental\",\"description\":\"Andr\u00e9s Nievas T\u00e9cnico en manejo ambiental, consultor Ambiental y escritor para medios locales e internacionales sobre temas de geopolitica y medio ambiente.\",\"sameAs\":[\"http:\\\/\\\/www.patagoniambiental.com.ar\",\"https:\\\/\\\/www.facebook.com\\\/share\\\/1C1V8Gv9BX\\\/?mibextid=qi2Omg\",\"@patagoniambiental\",\"https:\\\/\\\/youtube.com\\\/@patagoniaambiental2023?si=BLt58t0wuXquxlYZ\"]}]}<\/script>\n<!-- \/ Yoast SEO Premium plugin. -->","yoast_head_json":{"title":"R\u00edo Negro impulsa el desarrollo sustentable tras visita a Cerro Vanguardia","description":"Una delegaci\u00f3n de autoridades de R\u00edo Negro,, concluy\u00f3 su visita oficial a la mina Cerro Vanguardia en Santa Cruz.","robots":{"index":"index","follow":"follow","max-snippet":"max-snippet:-1","max-image-preview":"max-image-preview:large","max-video-preview":"max-video-preview:-1"},"canonical":"https:\/\/patagoniambiental.com.ar\/info\/rio-negro-impulsa-el-desarrollo-sustentable-tras-visita-a-cerro-vanguardia\/","og_locale":"es_ES","og_type":"article","og_title":"R\u00edo Negro impulsa el desarrollo sustentable tras visita a Cerro Vanguardia","og_description":"Una delegaci\u00f3n de autoridades de R\u00edo Negro,, concluy\u00f3 su visita oficial a la mina Cerro Vanguardia en Santa Cruz.","og_url":"https:\/\/patagoniambiental.com.ar\/info\/rio-negro-impulsa-el-desarrollo-sustentable-tras-visita-a-cerro-vanguardia\/","og_site_name":"Patagonia Ambiental","article_publisher":"https:\/\/www.facebook.com\/patagonia.ambiental","article_author":"https:\/\/www.facebook.com\/share\/1C1V8Gv9BX\/?mibextid=qi2Omg","article_published_time":"2024-09-19T12:54:34+00:00","article_modified_time":"2025-05-04T20:00:19+00:00","og_image":[{"width":1080,"height":607,"url":"https:\/\/patagoniambiental.com.ar\/info\/wp-content\/uploads\/2024\/09\/1726695566-30061d8d4ced902833eb.jpeg","type":"image\/jpeg"}],"author":"Patagonia Ambiental","twitter_card":"summary_large_image","twitter_creator":"@PatAmb","twitter_site":"@PatAmb","schema":{"@context":"https:\/\/schema.org","@graph":[{"@type":"Article","@id":"https:\/\/patagoniambiental.com.ar\/info\/rio-negro-impulsa-el-desarrollo-sustentable-tras-visita-a-cerro-vanguardia\/#article","isPartOf":{"@id":"https:\/\/patagoniambiental.com.ar\/info\/rio-negro-impulsa-el-desarrollo-sustentable-tras-visita-a-cerro-vanguardia\/"},"author":{"name":"Patagonia Ambiental","@id":"https:\/\/patagoniambiental.com.ar\/info\/#\/schema\/person\/db12bff64bbcbf6a253710bf0ea37b5d"},"headline":"R\u00edo Negro impulsa el desarrollo sustentable tras visita a Cerro Vanguardia","datePublished":"2024-09-19T12:54:34+00:00","dateModified":"2025-05-04T20:00:19+00:00","mainEntityOfPage":{"@id":"https:\/\/patagoniambiental.com.ar\/info\/rio-negro-impulsa-el-desarrollo-sustentable-tras-visita-a-cerro-vanguardia\/"},"wordCount":315,"commentCount":0,"publisher":{"@id":"https:\/\/patagoniambiental.com.ar\/info\/#organization"},"image":{"@id":"https:\/\/patagoniambiental.com.ar\/info\/rio-negro-impulsa-el-desarrollo-sustentable-tras-visita-a-cerro-vanguardia\/#primaryimage"},"thumbnailUrl":"https:\/\/patagoniambiental.com.ar\/info\/wp-content\/uploads\/2024\/09\/1726695566-30061d8d4ced902833eb.jpeg","articleSection":["Noticias","Provinciales","Santa Cruz"],"inLanguage":"es","potentialAction":[{"@type":"CommentAction","name":"Comment","target":["https:\/\/patagoniambiental.com.ar\/info\/rio-negro-impulsa-el-desarrollo-sustentable-tras-visita-a-cerro-vanguardia\/#respond"]}]},{"@type":"WebPage","@id":"https:\/\/patagoniambiental.com.ar\/info\/rio-negro-impulsa-el-desarrollo-sustentable-tras-visita-a-cerro-vanguardia\/","url":"https:\/\/patagoniambiental.com.ar\/info\/rio-negro-impulsa-el-desarrollo-sustentable-tras-visita-a-cerro-vanguardia\/","name":"R\u00edo Negro impulsa el desarrollo sustentable tras visita a Cerro Vanguardia","isPartOf":{"@id":"https:\/\/patagoniambiental.com.ar\/info\/#website"},"primaryImageOfPage":{"@id":"https:\/\/patagoniambiental.com.ar\/info\/rio-negro-impulsa-el-desarrollo-sustentable-tras-visita-a-cerro-vanguardia\/#primaryimage"},"image":{"@id":"https:\/\/patagoniambiental.com.ar\/info\/rio-negro-impulsa-el-desarrollo-sustentable-tras-visita-a-cerro-vanguardia\/#primaryimage"},"thumbnailUrl":"https:\/\/patagoniambiental.com.ar\/info\/wp-content\/uploads\/2024\/09\/1726695566-30061d8d4ced902833eb.jpeg","datePublished":"2024-09-19T12:54:34+00:00","dateModified":"2025-05-04T20:00:19+00:00","description":"Una delegaci\u00f3n de autoridades de R\u00edo Negro,, concluy\u00f3 su visita oficial a la mina Cerro Vanguardia en Santa Cruz.","breadcrumb":{"@id":"https:\/\/patagoniambiental.com.ar\/info\/rio-negro-impulsa-el-desarrollo-sustentable-tras-visita-a-cerro-vanguardia\/#breadcrumb"},"inLanguage":"es","potentialAction":[{"@type":"ReadAction","target":["https:\/\/patagoniambiental.com.ar\/info\/rio-negro-impulsa-el-desarrollo-sustentable-tras-visita-a-cerro-vanguardia\/"]}]},{"@type":"ImageObject","inLanguage":"es","@id":"https:\/\/patagoniambiental.com.ar\/info\/rio-negro-impulsa-el-desarrollo-sustentable-tras-visita-a-cerro-vanguardia\/#primaryimage","url":"https:\/\/patagoniambiental.com.ar\/info\/wp-content\/uploads\/2024\/09\/1726695566-30061d8d4ced902833eb.jpeg","contentUrl":"https:\/\/patagoniambiental.com.ar\/info\/wp-content\/uploads\/2024\/09\/1726695566-30061d8d4ced902833eb.jpeg","width":1080,"height":607},{"@type":"BreadcrumbList","@id":"https:\/\/patagoniambiental.com.ar\/info\/rio-negro-impulsa-el-desarrollo-sustentable-tras-visita-a-cerro-vanguardia\/#breadcrumb","itemListElement":[{"@type":"ListItem","position":1,"name":"Inicio","item":"https:\/\/patagoniambiental.com.ar\/info\/"},{"@type":"ListItem","position":2,"name":"R\u00edo Negro impulsa el desarrollo sustentable tras visita a Cerro Vanguardia"}]},{"@type":"WebSite","@id":"https:\/\/patagoniambiental.com.ar\/info\/#website","url":"https:\/\/patagoniambiental.com.ar\/info\/","name":"Patagonia Ambiental","description":"Monitoreo y an\u00e1lisis de la situaci\u00f3n geopol\u00edtica en el mundo y su implicancia en la Patagonia","publisher":{"@id":"https:\/\/patagoniambiental.com.ar\/info\/#organization"},"potentialAction":[{"@type":"SearchAction","target":{"@type":"EntryPoint","urlTemplate":"https:\/\/patagoniambiental.com.ar\/info\/?s={search_term_string}"},"query-input":{"@type":"PropertyValueSpecification","valueRequired":true,"valueName":"search_term_string"}}],"inLanguage":"es"},{"@type":"Organization","@id":"https:\/\/patagoniambiental.com.ar\/info\/#organization","name":"Patagonia Ambiental","url":"https:\/\/patagoniambiental.com.ar\/info\/","logo":{"@type":"ImageObject","inLanguage":"es","@id":"https:\/\/patagoniambiental.com.ar\/info\/#\/schema\/logo\/image\/","url":"https:\/\/patagoniambiental.com.ar\/info\/wp-content\/uploads\/2025\/05\/LOGO-PATAGONIA-AMBIENTAL.png","contentUrl":"https:\/\/patagoniambiental.com.ar\/info\/wp-content\/uploads\/2025\/05\/LOGO-PATAGONIA-AMBIENTAL.png","width":433,"height":250,"caption":"Patagonia Ambiental"},"image":{"@id":"https:\/\/patagoniambiental.com.ar\/info\/#\/schema\/logo\/image\/"},"sameAs":["https:\/\/www.facebook.com\/patagonia.ambiental","https:\/\/x.com\/PatAmb"]},{"@type":"Person","@id":"https:\/\/patagoniambiental.com.ar\/info\/#\/schema\/person\/db12bff64bbcbf6a253710bf0ea37b5d","name":"Patagonia Ambiental","description":"Andr\u00e9s Nievas T\u00e9cnico en manejo ambiental, consultor Ambiental y escritor para medios locales e internacionales sobre temas de geopolitica y medio ambiente.","sameAs":["http:\/\/www.patagoniambiental.com.ar","https:\/\/www.facebook.com\/share\/1C1V8Gv9BX\/?mibextid=qi2Omg","@patagoniambiental","https:\/\/youtube.com\/@patagoniaambiental2023?si=BLt58t0wuXquxlYZ"]}]}},"_links":{"self":[{"href":"https:\/\/patagoniambiental.com.ar\/info\/wp-json\/wp\/v2\/posts\/90525","targetHints":{"allow":["GET"]}}],"collection":[{"href":"https:\/\/patagoniambiental.com.ar\/info\/wp-json\/wp\/v2\/posts"}],"about":[{"href":"https:\/\/patagoniambiental.com.ar\/info\/wp-json\/wp\/v2\/types\/post"}],"author":[{"embeddable":true,"href":"https:\/\/patagoniambiental.com.ar\/info\/wp-json\/wp\/v2\/users\/2"}],"replies":[{"embeddable":true,"href":"https:\/\/patagoniambiental.com.ar\/info\/wp-json\/wp\/v2\/comments?post=90525"}],"version-history":[{"count":0,"href":"https:\/\/patagoniambiental.com.ar\/info\/wp-json\/wp\/v2\/posts\/90525\/revisions"}],"wp:featuredmedia":[{"embeddable":true,"href":"https:\/\/patagoniambiental.com.ar\/info\/wp-json\/wp\/v2\/media\/90526"}],"wp:attachment":[{"href":"https:\/\/patagoniambiental.com.ar\/info\/wp-json\/wp\/v2\/media?parent=90525"}],"wp:term":[{"taxonomy":"category","embeddable":true,"href":"https:\/\/patagoniambiental.com.ar\/info\/wp-json\/wp\/v2\/categories?post=90525"},{"taxonomy":"post_tag","embeddable":true,"href":"https:\/\/patagoniambiental.com.ar\/info\/wp-json\/wp\/v2\/tags?post=90525"}],"curies":[{"name":"wp","href":"https:\/\/api.w.org\/{rel}","templated":true}]}}