{"id":90794,"date":"2024-09-25T10:21:25","date_gmt":"2024-09-25T13:21:25","guid":{"rendered":"https:\/\/patagoniambiental.com.ar\/info\/?p=90794"},"modified":"2025-05-04T16:57:03","modified_gmt":"2025-05-04T19:57:03","slug":"proyecto-si-pulverizas-nos-cuidas-promueve-la-conciencia-ambiental-en-general-conesa","status":"publish","type":"post","link":"https:\/\/patagoniambiental.com.ar\/info\/proyecto-si-pulverizas-nos-cuidas-promueve-la-conciencia-ambiental-en-general-conesa\/","title":{"rendered":"Proyecto \u00abSi Pulverizas, Nos Cuidas\u00bb promueve la conciencia ambiental en General Conesa"},"content":{"rendered":"\n<!--more-->\n\n\n\n<p><strong>General Conesa, 25 de septiembre de 2024<\/strong> \u2013 El proyecto ambiental \u201cSi pulverizas, Nos cuidas\u201d busca fomentar la responsabilidad en el uso de productos fitosanitarios en establecimientos agropecuarios, as\u00ed como gestionar adecuadamente los envases vac\u00edos de estos productos. Esta iniciativa interinstitucional est\u00e1 dise\u00f1ada para sensibilizar a la comunidad sobre la importancia de cuidar el medio ambiente.<\/p>\n\n\n\n<p>El equipo detr\u00e1s de esta propuesta est\u00e1 encabezado por el M\u00e9dico Veterinario Marcos Sebasti\u00e1n Carosso y el Ingeniero Emmanuel Montovio del Ente de Desarrollo de General Conesa (ENDECON), junto con la Agencia de Extensi\u00f3n Rural del INTA, representada por el Ingeniero Manuel Aramburu y Raquel Gavi\u00f1a.<\/p>\n\n\n\n<p>La pr\u00f3xima jornada educativa se llevar\u00e1 a cabo el 2 de octubre en la Chacra 14 del C.E.T. N\u00ba 4 de General Conesa. Durante esta actividad, se presentar\u00e1n contenidos sobre el uso responsable de fitosanitarios y su impacto ambiental. Adem\u00e1s, los legisladores Marcelo Szczygol, Facundo L\u00f3pez, Maricel C\u00e9voli y Andrea Escudero han propuesto declarar este proyecto de inter\u00e9s ambiental, educativo y comunitario, destacando su relevancia para la educaci\u00f3n de los estudiantes de las Escuelas Primarias Rurales de la zona.<\/p>\n\n\n\n<p>El proyecto \u00abSi pulverizas, Nos cuidas\u00bb no solo busca informar, sino tambi\u00e9n promover una cultura de sustentabilidad en la comunidad, asegurando que las futuras generaciones comprendan la importancia de cuidar su entorno.<\/p>\n","protected":false},"excerpt":{"rendered":"","protected":false},"author":2,"featured_media":90795,"comment_status":"open","ping_status":"open","sticky":false,"template":"","format":"standard","meta":{"site-sidebar-layout":"default","site-content-layout":"","ast-site-content-layout":"default","site-content-style":"default","site-sidebar-style":"default","ast-global-header-display":"","ast-banner-title-visibility":"","ast-main-header-display":"","ast-hfb-above-header-display":"","ast-hfb-below-header-display":"","ast-hfb-mobile-header-display":"","site-post-title":"","ast-breadcrumbs-content":"","ast-featured-img":"","footer-sml-layout":"","ast-disable-related-posts":"","theme-transparent-header-meta":"","adv-header-id-meta":"","stick-header-meta":"","header-above-stick-meta":"","header-main-stick-meta":"","header-below-stick-meta":"","astra-migrate-meta-layouts":"default","ast-page-background-enabled":"default","ast-page-background-meta":{"desktop":{"background-color":"var(--ast-global-color-5)","background-image":"","background-repeat":"repeat","background-position":"center center","background-size":"auto","background-attachment":"scroll","background-type":"","background-media":"","overlay-type":"","overlay-color":"","overlay-opacity":"","overlay-gradient":""},"tablet":{"background-color":"","background-image":"","background-repeat":"repeat","background-position":"center center","background-size":"auto","background-attachment":"scroll","background-type":"","background-media":"","overlay-type":"","overlay-color":"","overlay-opacity":"","overlay-gradient":""},"mobile":{"background-color":"","background-image":"","background-repeat":"repeat","background-position":"center center","background-size":"auto","background-attachment":"scroll","background-type":"","background-media":"","overlay-type":"","overlay-color":"","overlay-opacity":"","overlay-gradient":""}},"ast-content-background-meta":{"desktop":{"background-color":"var(--ast-global-color-4)","background-image":"","background-repeat":"repeat","background-position":"center center","background-size":"auto","background-attachment":"scroll","background-type":"","background-media":"","overlay-type":"","overlay-color":"","overlay-opacity":"","overlay-gradient":""},"tablet":{"background-color":"var(--ast-global-color-4)","background-image":"","background-repeat":"repeat","background-position":"center center","background-size":"auto","background-attachment":"scroll","background-type":"","background-media":"","overlay-type":"","overlay-color":"","overlay-opacity":"","overlay-gradient":""},"mobile":{"background-color":"var(--ast-global-color-4)","background-image":"","background-repeat":"repeat","background-position":"center center","background-size":"auto","background-attachment":"scroll","background-type":"","background-media":"","overlay-type":"","overlay-color":"","overlay-opacity":"","overlay-gradient":""}},"footnotes":""},"categories":[12,3386,1,13,14],"tags":[],"class_list":["post-90794","post","type-post","status-publish","format-standard","has-post-thumbnail","hentry","category-agenda-ambiental","category-destacadas","category-noticias","category-provinciales","category-rio-negro"],"yoast_head":"<!-- This site is optimized with the Yoast SEO Premium plugin v23.0 (Yoast SEO v27.5) - https:\/\/yoast.com\/product\/yoast-seo-premium-wordpress\/ -->\n<title>Proyecto &quot;Si Pulverizas, Nos Cuidas&quot; promueve la conciencia ambiental en General Conesa<\/title>\n<meta name=\"description\" content=\"El proyecto ambiental \u201cSi pulverizas, Nos cuidas\u201d busca fomentar la responsabilidad en el uso de productos fitosanitarios en establecimientos agropecuarios.\" \/>\n<meta name=\"robots\" content=\"index, follow, max-snippet:-1, max-image-preview:large, max-video-preview:-1\" \/>\n<link rel=\"canonical\" href=\"https:\/\/patagoniambiental.com.ar\/info\/proyecto-si-pulverizas-nos-cuidas-promueve-la-conciencia-ambiental-en-general-conesa\/\" \/>\n<meta property=\"og:locale\" content=\"es_ES\" \/>\n<meta property=\"og:type\" content=\"article\" \/>\n<meta property=\"og:title\" content=\"Proyecto &quot;Si Pulverizas, Nos Cuidas&quot; promueve la conciencia ambiental en General Conesa\" \/>\n<meta property=\"og:description\" content=\"El proyecto ambiental \u201cSi pulverizas, Nos cuidas\u201d busca fomentar la responsabilidad en el uso de productos fitosanitarios en establecimientos agropecuarios.\" \/>\n<meta property=\"og:url\" content=\"https:\/\/patagoniambiental.com.ar\/info\/proyecto-si-pulverizas-nos-cuidas-promueve-la-conciencia-ambiental-en-general-conesa\/\" \/>\n<meta property=\"og:site_name\" content=\"Patagonia Ambiental\" \/>\n<meta property=\"article:publisher\" content=\"https:\/\/www.facebook.com\/patagonia.ambiental\" \/>\n<meta property=\"article:author\" content=\"https:\/\/www.facebook.com\/share\/1C1V8Gv9BX\/?mibextid=qi2Omg\" \/>\n<meta property=\"article:published_time\" content=\"2024-09-25T13:21:25+00:00\" \/>\n<meta property=\"article:modified_time\" content=\"2025-05-04T19:57:03+00:00\" \/>\n<meta property=\"og:image\" content=\"https:\/\/patagoniambiental.com.ar\/info\/wp-content\/uploads\/2024\/09\/pulverizador.jpg\" \/>\n\t<meta property=\"og:image:width\" content=\"275\" \/>\n\t<meta property=\"og:image:height\" content=\"183\" \/>\n\t<meta property=\"og:image:type\" content=\"image\/jpeg\" \/>\n<meta name=\"author\" content=\"Patagonia Ambiental\" \/>\n<meta name=\"twitter:card\" content=\"summary_large_image\" \/>\n<meta name=\"twitter:creator\" content=\"@PatAmb\" \/>\n<meta name=\"twitter:site\" content=\"@PatAmb\" \/>\n<script type=\"application\/ld+json\" class=\"yoast-schema-graph\">{\"@context\":\"https:\\\/\\\/schema.org\",\"@graph\":[{\"@type\":\"Article\",\"@id\":\"https:\\\/\\\/patagoniambiental.com.ar\\\/info\\\/proyecto-si-pulverizas-nos-cuidas-promueve-la-conciencia-ambiental-en-general-conesa\\\/#article\",\"isPartOf\":{\"@id\":\"https:\\\/\\\/patagoniambiental.com.ar\\\/info\\\/proyecto-si-pulverizas-nos-cuidas-promueve-la-conciencia-ambiental-en-general-conesa\\\/\"},\"author\":{\"name\":\"Patagonia Ambiental\",\"@id\":\"https:\\\/\\\/patagoniambiental.com.ar\\\/info\\\/#\\\/schema\\\/person\\\/db12bff64bbcbf6a253710bf0ea37b5d\"},\"headline\":\"Proyecto \u00abSi Pulverizas, Nos Cuidas\u00bb promueve la conciencia ambiental en General Conesa\",\"datePublished\":\"2024-09-25T13:21:25+00:00\",\"dateModified\":\"2025-05-04T19:57:03+00:00\",\"mainEntityOfPage\":{\"@id\":\"https:\\\/\\\/patagoniambiental.com.ar\\\/info\\\/proyecto-si-pulverizas-nos-cuidas-promueve-la-conciencia-ambiental-en-general-conesa\\\/\"},\"wordCount\":236,\"commentCount\":0,\"publisher\":{\"@id\":\"https:\\\/\\\/patagoniambiental.com.ar\\\/info\\\/#organization\"},\"image\":{\"@id\":\"https:\\\/\\\/patagoniambiental.com.ar\\\/info\\\/proyecto-si-pulverizas-nos-cuidas-promueve-la-conciencia-ambiental-en-general-conesa\\\/#primaryimage\"},\"thumbnailUrl\":\"https:\\\/\\\/patagoniambiental.com.ar\\\/info\\\/wp-content\\\/uploads\\\/2024\\\/09\\\/pulverizador.jpg\",\"articleSection\":[\"Agenda Ambiental\",\"Destacadas\",\"Noticias\",\"Provinciales\",\"R\u00edo Negro\"],\"inLanguage\":\"es\",\"potentialAction\":[{\"@type\":\"CommentAction\",\"name\":\"Comment\",\"target\":[\"https:\\\/\\\/patagoniambiental.com.ar\\\/info\\\/proyecto-si-pulverizas-nos-cuidas-promueve-la-conciencia-ambiental-en-general-conesa\\\/#respond\"]}]},{\"@type\":\"WebPage\",\"@id\":\"https:\\\/\\\/patagoniambiental.com.ar\\\/info\\\/proyecto-si-pulverizas-nos-cuidas-promueve-la-conciencia-ambiental-en-general-conesa\\\/\",\"url\":\"https:\\\/\\\/patagoniambiental.com.ar\\\/info\\\/proyecto-si-pulverizas-nos-cuidas-promueve-la-conciencia-ambiental-en-general-conesa\\\/\",\"name\":\"Proyecto \\\"Si Pulverizas, Nos Cuidas\\\" promueve la conciencia ambiental en General Conesa\",\"isPartOf\":{\"@id\":\"https:\\\/\\\/patagoniambiental.com.ar\\\/info\\\/#website\"},\"primaryImageOfPage\":{\"@id\":\"https:\\\/\\\/patagoniambiental.com.ar\\\/info\\\/proyecto-si-pulverizas-nos-cuidas-promueve-la-conciencia-ambiental-en-general-conesa\\\/#primaryimage\"},\"image\":{\"@id\":\"https:\\\/\\\/patagoniambiental.com.ar\\\/info\\\/proyecto-si-pulverizas-nos-cuidas-promueve-la-conciencia-ambiental-en-general-conesa\\\/#primaryimage\"},\"thumbnailUrl\":\"https:\\\/\\\/patagoniambiental.com.ar\\\/info\\\/wp-content\\\/uploads\\\/2024\\\/09\\\/pulverizador.jpg\",\"datePublished\":\"2024-09-25T13:21:25+00:00\",\"dateModified\":\"2025-05-04T19:57:03+00:00\",\"description\":\"El proyecto ambiental \u201cSi pulverizas, Nos cuidas\u201d busca fomentar la responsabilidad en el uso de productos fitosanitarios en establecimientos agropecuarios.\",\"breadcrumb\":{\"@id\":\"https:\\\/\\\/patagoniambiental.com.ar\\\/info\\\/proyecto-si-pulverizas-nos-cuidas-promueve-la-conciencia-ambiental-en-general-conesa\\\/#breadcrumb\"},\"inLanguage\":\"es\",\"potentialAction\":[{\"@type\":\"ReadAction\",\"target\":[\"https:\\\/\\\/patagoniambiental.com.ar\\\/info\\\/proyecto-si-pulverizas-nos-cuidas-promueve-la-conciencia-ambiental-en-general-conesa\\\/\"]}]},{\"@type\":\"ImageObject\",\"inLanguage\":\"es\",\"@id\":\"https:\\\/\\\/patagoniambiental.com.ar\\\/info\\\/proyecto-si-pulverizas-nos-cuidas-promueve-la-conciencia-ambiental-en-general-conesa\\\/#primaryimage\",\"url\":\"https:\\\/\\\/patagoniambiental.com.ar\\\/info\\\/wp-content\\\/uploads\\\/2024\\\/09\\\/pulverizador.jpg\",\"contentUrl\":\"https:\\\/\\\/patagoniambiental.com.ar\\\/info\\\/wp-content\\\/uploads\\\/2024\\\/09\\\/pulverizador.jpg\",\"width\":275,\"height\":183},{\"@type\":\"BreadcrumbList\",\"@id\":\"https:\\\/\\\/patagoniambiental.com.ar\\\/info\\\/proyecto-si-pulverizas-nos-cuidas-promueve-la-conciencia-ambiental-en-general-conesa\\\/#breadcrumb\",\"itemListElement\":[{\"@type\":\"ListItem\",\"position\":1,\"name\":\"Inicio\",\"item\":\"https:\\\/\\\/patagoniambiental.com.ar\\\/info\\\/\"},{\"@type\":\"ListItem\",\"position\":2,\"name\":\"Proyecto \u00abSi Pulverizas, Nos Cuidas\u00bb promueve la conciencia ambiental en General Conesa\"}]},{\"@type\":\"WebSite\",\"@id\":\"https:\\\/\\\/patagoniambiental.com.ar\\\/info\\\/#website\",\"url\":\"https:\\\/\\\/patagoniambiental.com.ar\\\/info\\\/\",\"name\":\"Patagonia Ambiental\",\"description\":\"Monitoreo y an\u00e1lisis de la situaci\u00f3n geopol\u00edtica en el mundo y su implicancia en la Patagonia\",\"publisher\":{\"@id\":\"https:\\\/\\\/patagoniambiental.com.ar\\\/info\\\/#organization\"},\"potentialAction\":[{\"@type\":\"SearchAction\",\"target\":{\"@type\":\"EntryPoint\",\"urlTemplate\":\"https:\\\/\\\/patagoniambiental.com.ar\\\/info\\\/?s={search_term_string}\"},\"query-input\":{\"@type\":\"PropertyValueSpecification\",\"valueRequired\":true,\"valueName\":\"search_term_string\"}}],\"inLanguage\":\"es\"},{\"@type\":\"Organization\",\"@id\":\"https:\\\/\\\/patagoniambiental.com.ar\\\/info\\\/#organization\",\"name\":\"Patagonia Ambiental\",\"url\":\"https:\\\/\\\/patagoniambiental.com.ar\\\/info\\\/\",\"logo\":{\"@type\":\"ImageObject\",\"inLanguage\":\"es\",\"@id\":\"https:\\\/\\\/patagoniambiental.com.ar\\\/info\\\/#\\\/schema\\\/logo\\\/image\\\/\",\"url\":\"https:\\\/\\\/patagoniambiental.com.ar\\\/info\\\/wp-content\\\/uploads\\\/2025\\\/05\\\/LOGO-PATAGONIA-AMBIENTAL.png\",\"contentUrl\":\"https:\\\/\\\/patagoniambiental.com.ar\\\/info\\\/wp-content\\\/uploads\\\/2025\\\/05\\\/LOGO-PATAGONIA-AMBIENTAL.png\",\"width\":433,\"height\":250,\"caption\":\"Patagonia Ambiental\"},\"image\":{\"@id\":\"https:\\\/\\\/patagoniambiental.com.ar\\\/info\\\/#\\\/schema\\\/logo\\\/image\\\/\"},\"sameAs\":[\"https:\\\/\\\/www.facebook.com\\\/patagonia.ambiental\",\"https:\\\/\\\/x.com\\\/PatAmb\"]},{\"@type\":\"Person\",\"@id\":\"https:\\\/\\\/patagoniambiental.com.ar\\\/info\\\/#\\\/schema\\\/person\\\/db12bff64bbcbf6a253710bf0ea37b5d\",\"name\":\"Patagonia Ambiental\",\"description\":\"Andr\u00e9s Nievas T\u00e9cnico en manejo ambiental, consultor Ambiental y escritor para medios locales e internacionales sobre temas de geopolitica y medio ambiente.\",\"sameAs\":[\"http:\\\/\\\/www.patagoniambiental.com.ar\",\"https:\\\/\\\/www.facebook.com\\\/share\\\/1C1V8Gv9BX\\\/?mibextid=qi2Omg\",\"@patagoniambiental\",\"https:\\\/\\\/youtube.com\\\/@patagoniaambiental2023?si=BLt58t0wuXquxlYZ\"]}]}<\/script>\n<!-- \/ Yoast SEO Premium plugin. -->","yoast_head_json":{"title":"Proyecto \"Si Pulverizas, Nos Cuidas\" promueve la conciencia ambiental en General Conesa","description":"El proyecto ambiental \u201cSi pulverizas, Nos cuidas\u201d busca fomentar la responsabilidad en el uso de productos fitosanitarios en establecimientos agropecuarios.","robots":{"index":"index","follow":"follow","max-snippet":"max-snippet:-1","max-image-preview":"max-image-preview:large","max-video-preview":"max-video-preview:-1"},"canonical":"https:\/\/patagoniambiental.com.ar\/info\/proyecto-si-pulverizas-nos-cuidas-promueve-la-conciencia-ambiental-en-general-conesa\/","og_locale":"es_ES","og_type":"article","og_title":"Proyecto \"Si Pulverizas, Nos Cuidas\" promueve la conciencia ambiental en General Conesa","og_description":"El proyecto ambiental \u201cSi pulverizas, Nos cuidas\u201d busca fomentar la responsabilidad en el uso de productos fitosanitarios en establecimientos agropecuarios.","og_url":"https:\/\/patagoniambiental.com.ar\/info\/proyecto-si-pulverizas-nos-cuidas-promueve-la-conciencia-ambiental-en-general-conesa\/","og_site_name":"Patagonia Ambiental","article_publisher":"https:\/\/www.facebook.com\/patagonia.ambiental","article_author":"https:\/\/www.facebook.com\/share\/1C1V8Gv9BX\/?mibextid=qi2Omg","article_published_time":"2024-09-25T13:21:25+00:00","article_modified_time":"2025-05-04T19:57:03+00:00","og_image":[{"width":275,"height":183,"url":"https:\/\/patagoniambiental.com.ar\/info\/wp-content\/uploads\/2024\/09\/pulverizador.jpg","type":"image\/jpeg"}],"author":"Patagonia Ambiental","twitter_card":"summary_large_image","twitter_creator":"@PatAmb","twitter_site":"@PatAmb","schema":{"@context":"https:\/\/schema.org","@graph":[{"@type":"Article","@id":"https:\/\/patagoniambiental.com.ar\/info\/proyecto-si-pulverizas-nos-cuidas-promueve-la-conciencia-ambiental-en-general-conesa\/#article","isPartOf":{"@id":"https:\/\/patagoniambiental.com.ar\/info\/proyecto-si-pulverizas-nos-cuidas-promueve-la-conciencia-ambiental-en-general-conesa\/"},"author":{"name":"Patagonia Ambiental","@id":"https:\/\/patagoniambiental.com.ar\/info\/#\/schema\/person\/db12bff64bbcbf6a253710bf0ea37b5d"},"headline":"Proyecto \u00abSi Pulverizas, Nos Cuidas\u00bb promueve la conciencia ambiental en General Conesa","datePublished":"2024-09-25T13:21:25+00:00","dateModified":"2025-05-04T19:57:03+00:00","mainEntityOfPage":{"@id":"https:\/\/patagoniambiental.com.ar\/info\/proyecto-si-pulverizas-nos-cuidas-promueve-la-conciencia-ambiental-en-general-conesa\/"},"wordCount":236,"commentCount":0,"publisher":{"@id":"https:\/\/patagoniambiental.com.ar\/info\/#organization"},"image":{"@id":"https:\/\/patagoniambiental.com.ar\/info\/proyecto-si-pulverizas-nos-cuidas-promueve-la-conciencia-ambiental-en-general-conesa\/#primaryimage"},"thumbnailUrl":"https:\/\/patagoniambiental.com.ar\/info\/wp-content\/uploads\/2024\/09\/pulverizador.jpg","articleSection":["Agenda Ambiental","Destacadas","Noticias","Provinciales","R\u00edo Negro"],"inLanguage":"es","potentialAction":[{"@type":"CommentAction","name":"Comment","target":["https:\/\/patagoniambiental.com.ar\/info\/proyecto-si-pulverizas-nos-cuidas-promueve-la-conciencia-ambiental-en-general-conesa\/#respond"]}]},{"@type":"WebPage","@id":"https:\/\/patagoniambiental.com.ar\/info\/proyecto-si-pulverizas-nos-cuidas-promueve-la-conciencia-ambiental-en-general-conesa\/","url":"https:\/\/patagoniambiental.com.ar\/info\/proyecto-si-pulverizas-nos-cuidas-promueve-la-conciencia-ambiental-en-general-conesa\/","name":"Proyecto \"Si Pulverizas, Nos Cuidas\" promueve la conciencia ambiental en General Conesa","isPartOf":{"@id":"https:\/\/patagoniambiental.com.ar\/info\/#website"},"primaryImageOfPage":{"@id":"https:\/\/patagoniambiental.com.ar\/info\/proyecto-si-pulverizas-nos-cuidas-promueve-la-conciencia-ambiental-en-general-conesa\/#primaryimage"},"image":{"@id":"https:\/\/patagoniambiental.com.ar\/info\/proyecto-si-pulverizas-nos-cuidas-promueve-la-conciencia-ambiental-en-general-conesa\/#primaryimage"},"thumbnailUrl":"https:\/\/patagoniambiental.com.ar\/info\/wp-content\/uploads\/2024\/09\/pulverizador.jpg","datePublished":"2024-09-25T13:21:25+00:00","dateModified":"2025-05-04T19:57:03+00:00","description":"El proyecto ambiental \u201cSi pulverizas, Nos cuidas\u201d busca fomentar la responsabilidad en el uso de productos fitosanitarios en establecimientos agropecuarios.","breadcrumb":{"@id":"https:\/\/patagoniambiental.com.ar\/info\/proyecto-si-pulverizas-nos-cuidas-promueve-la-conciencia-ambiental-en-general-conesa\/#breadcrumb"},"inLanguage":"es","potentialAction":[{"@type":"ReadAction","target":["https:\/\/patagoniambiental.com.ar\/info\/proyecto-si-pulverizas-nos-cuidas-promueve-la-conciencia-ambiental-en-general-conesa\/"]}]},{"@type":"ImageObject","inLanguage":"es","@id":"https:\/\/patagoniambiental.com.ar\/info\/proyecto-si-pulverizas-nos-cuidas-promueve-la-conciencia-ambiental-en-general-conesa\/#primaryimage","url":"https:\/\/patagoniambiental.com.ar\/info\/wp-content\/uploads\/2024\/09\/pulverizador.jpg","contentUrl":"https:\/\/patagoniambiental.com.ar\/info\/wp-content\/uploads\/2024\/09\/pulverizador.jpg","width":275,"height":183},{"@type":"BreadcrumbList","@id":"https:\/\/patagoniambiental.com.ar\/info\/proyecto-si-pulverizas-nos-cuidas-promueve-la-conciencia-ambiental-en-general-conesa\/#breadcrumb","itemListElement":[{"@type":"ListItem","position":1,"name":"Inicio","item":"https:\/\/patagoniambiental.com.ar\/info\/"},{"@type":"ListItem","position":2,"name":"Proyecto \u00abSi Pulverizas, Nos Cuidas\u00bb promueve la conciencia ambiental en General Conesa"}]},{"@type":"WebSite","@id":"https:\/\/patagoniambiental.com.ar\/info\/#website","url":"https:\/\/patagoniambiental.com.ar\/info\/","name":"Patagonia Ambiental","description":"Monitoreo y an\u00e1lisis de la situaci\u00f3n geopol\u00edtica en el mundo y su implicancia en la Patagonia","publisher":{"@id":"https:\/\/patagoniambiental.com.ar\/info\/#organization"},"potentialAction":[{"@type":"SearchAction","target":{"@type":"EntryPoint","urlTemplate":"https:\/\/patagoniambiental.com.ar\/info\/?s={search_term_string}"},"query-input":{"@type":"PropertyValueSpecification","valueRequired":true,"valueName":"search_term_string"}}],"inLanguage":"es"},{"@type":"Organization","@id":"https:\/\/patagoniambiental.com.ar\/info\/#organization","name":"Patagonia Ambiental","url":"https:\/\/patagoniambiental.com.ar\/info\/","logo":{"@type":"ImageObject","inLanguage":"es","@id":"https:\/\/patagoniambiental.com.ar\/info\/#\/schema\/logo\/image\/","url":"https:\/\/patagoniambiental.com.ar\/info\/wp-content\/uploads\/2025\/05\/LOGO-PATAGONIA-AMBIENTAL.png","contentUrl":"https:\/\/patagoniambiental.com.ar\/info\/wp-content\/uploads\/2025\/05\/LOGO-PATAGONIA-AMBIENTAL.png","width":433,"height":250,"caption":"Patagonia Ambiental"},"image":{"@id":"https:\/\/patagoniambiental.com.ar\/info\/#\/schema\/logo\/image\/"},"sameAs":["https:\/\/www.facebook.com\/patagonia.ambiental","https:\/\/x.com\/PatAmb"]},{"@type":"Person","@id":"https:\/\/patagoniambiental.com.ar\/info\/#\/schema\/person\/db12bff64bbcbf6a253710bf0ea37b5d","name":"Patagonia Ambiental","description":"Andr\u00e9s Nievas T\u00e9cnico en manejo ambiental, consultor Ambiental y escritor para medios locales e internacionales sobre temas de geopolitica y medio ambiente.","sameAs":["http:\/\/www.patagoniambiental.com.ar","https:\/\/www.facebook.com\/share\/1C1V8Gv9BX\/?mibextid=qi2Omg","@patagoniambiental","https:\/\/youtube.com\/@patagoniaambiental2023?si=BLt58t0wuXquxlYZ"]}]}},"_links":{"self":[{"href":"https:\/\/patagoniambiental.com.ar\/info\/wp-json\/wp\/v2\/posts\/90794","targetHints":{"allow":["GET"]}}],"collection":[{"href":"https:\/\/patagoniambiental.com.ar\/info\/wp-json\/wp\/v2\/posts"}],"about":[{"href":"https:\/\/patagoniambiental.com.ar\/info\/wp-json\/wp\/v2\/types\/post"}],"author":[{"embeddable":true,"href":"https:\/\/patagoniambiental.com.ar\/info\/wp-json\/wp\/v2\/users\/2"}],"replies":[{"embeddable":true,"href":"https:\/\/patagoniambiental.com.ar\/info\/wp-json\/wp\/v2\/comments?post=90794"}],"version-history":[{"count":0,"href":"https:\/\/patagoniambiental.com.ar\/info\/wp-json\/wp\/v2\/posts\/90794\/revisions"}],"wp:featuredmedia":[{"embeddable":true,"href":"https:\/\/patagoniambiental.com.ar\/info\/wp-json\/wp\/v2\/media\/90795"}],"wp:attachment":[{"href":"https:\/\/patagoniambiental.com.ar\/info\/wp-json\/wp\/v2\/media?parent=90794"}],"wp:term":[{"taxonomy":"category","embeddable":true,"href":"https:\/\/patagoniambiental.com.ar\/info\/wp-json\/wp\/v2\/categories?post=90794"},{"taxonomy":"post_tag","embeddable":true,"href":"https:\/\/patagoniambiental.com.ar\/info\/wp-json\/wp\/v2\/tags?post=90794"}],"curies":[{"name":"wp","href":"https:\/\/api.w.org\/{rel}","templated":true}]}}