{"id":90882,"date":"2024-09-27T21:40:20","date_gmt":"2024-09-28T00:40:20","guid":{"rendered":"https:\/\/patagoniambiental.com.ar\/info\/?p=90882"},"modified":"2025-05-04T16:56:41","modified_gmt":"2025-05-04T19:56:41","slug":"puerto-madryn-anuncia-nuevas-fechas-para-la-campana-de-limpieza-barrial","status":"publish","type":"post","link":"https:\/\/patagoniambiental.com.ar\/info\/puerto-madryn-anuncia-nuevas-fechas-para-la-campana-de-limpieza-barrial\/","title":{"rendered":"Puerto Madryn anuncia nuevas fechas para la campa\u00f1a de limpieza barrial"},"content":{"rendered":"\n<!--more-->\n\n\n\n<p>Puerto Madryn, 27 de septiembre de 2024. La Municipalidad de Puerto Madryn ha dado a conocer el pr\u00f3ximo cronograma de su campa\u00f1a de limpieza, que se llevar\u00e1 a cabo en diferentes barrios de la ciudad. A partir del 30 de septiembre, el barrio Uni\u00f3n Obrera ser\u00e1 el primero en recibir contenedores destinados a la recolecci\u00f3n de residuos voluminosos.<\/p>\n\n\n\n<p>Los residentes de Uni\u00f3n Obrera podr\u00e1n depositar sus desechos en contenedores que estar\u00e1n ubicados en varios puntos estrat\u00e9gicos, como R. Berwyn entre Evita y Jos\u00e9 Men\u00e9ndez. El siguiente destino ser\u00e1 el barrio Anon Car, donde los contenedores estar\u00e1n disponibles el 1 y 2 de octubre en diversas intersecciones.<\/p>\n\n\n\n<p>La campa\u00f1a concluir\u00e1 en el barrio Mapu Ngefu, con contenedores programados para el 3 y 4 de octubre. Los vecinos podr\u00e1n deshacerse de chatarra, maderas, escombros, neum\u00e1ticos y residuos electr\u00f3nicos, mientras que se solicita evitar dejar otros tipos de desechos.<\/p>\n\n\n\n<p>Esta iniciativa, coordinada por las \u00e1reas de Gobierno y Ecolog\u00eda y Protecci\u00f3n Ambiental, busca fomentar la limpieza y el cuidado del medio ambiente en la ciudad. La colocaci\u00f3n de los contenedores comenzar\u00e1 a las 16:30 horas en cada barrio, y se espera que los vecinos participen activamente en esta importante acci\u00f3n comunitaria.<\/p>\n","protected":false},"excerpt":{"rendered":"","protected":false},"author":2,"featured_media":90883,"comment_status":"open","ping_status":"open","sticky":false,"template":"","format":"standard","meta":{"site-sidebar-layout":"default","site-content-layout":"","ast-site-content-layout":"default","site-content-style":"default","site-sidebar-style":"default","ast-global-header-display":"","ast-banner-title-visibility":"","ast-main-header-display":"","ast-hfb-above-header-display":"","ast-hfb-below-header-display":"","ast-hfb-mobile-header-display":"","site-post-title":"","ast-breadcrumbs-content":"","ast-featured-img":"","footer-sml-layout":"","ast-disable-related-posts":"","theme-transparent-header-meta":"","adv-header-id-meta":"","stick-header-meta":"","header-above-stick-meta":"","header-main-stick-meta":"","header-below-stick-meta":"","astra-migrate-meta-layouts":"default","ast-page-background-enabled":"default","ast-page-background-meta":{"desktop":{"background-color":"var(--ast-global-color-5)","background-image":"","background-repeat":"repeat","background-position":"center center","background-size":"auto","background-attachment":"scroll","background-type":"","background-media":"","overlay-type":"","overlay-color":"","overlay-opacity":"","overlay-gradient":""},"tablet":{"background-color":"","background-image":"","background-repeat":"repeat","background-position":"center center","background-size":"auto","background-attachment":"scroll","background-type":"","background-media":"","overlay-type":"","overlay-color":"","overlay-opacity":"","overlay-gradient":""},"mobile":{"background-color":"","background-image":"","background-repeat":"repeat","background-position":"center center","background-size":"auto","background-attachment":"scroll","background-type":"","background-media":"","overlay-type":"","overlay-color":"","overlay-opacity":"","overlay-gradient":""}},"ast-content-background-meta":{"desktop":{"background-color":"var(--ast-global-color-4)","background-image":"","background-repeat":"repeat","background-position":"center center","background-size":"auto","background-attachment":"scroll","background-type":"","background-media":"","overlay-type":"","overlay-color":"","overlay-opacity":"","overlay-gradient":""},"tablet":{"background-color":"var(--ast-global-color-4)","background-image":"","background-repeat":"repeat","background-position":"center center","background-size":"auto","background-attachment":"scroll","background-type":"","background-media":"","overlay-type":"","overlay-color":"","overlay-opacity":"","overlay-gradient":""},"mobile":{"background-color":"var(--ast-global-color-4)","background-image":"","background-repeat":"repeat","background-position":"center center","background-size":"auto","background-attachment":"scroll","background-type":"","background-media":"","overlay-type":"","overlay-color":"","overlay-opacity":"","overlay-gradient":""}},"footnotes":""},"categories":[11,16,1],"tags":[],"class_list":["post-90882","post","type-post","status-publish","format-standard","has-post-thumbnail","hentry","category-boletin","category-municipales","category-noticias"],"yoast_head":"<!-- This site is optimized with the Yoast SEO Premium plugin v23.0 (Yoast SEO v27.5) - https:\/\/yoast.com\/product\/yoast-seo-premium-wordpress\/ -->\n<title>Puerto Madryn anuncia nuevas fechas para la campa\u00f1a de limpieza barrial<\/title>\n<meta name=\"description\" content=\"La Municipalidad de Puerto Madryn ha dado a conocer el pr\u00f3ximo cronograma de su campa\u00f1a de limpieza, que se llevar\u00e1 a cabo en los barrios.\" \/>\n<meta name=\"robots\" content=\"index, follow, max-snippet:-1, max-image-preview:large, max-video-preview:-1\" \/>\n<link rel=\"canonical\" href=\"https:\/\/patagoniambiental.com.ar\/info\/puerto-madryn-anuncia-nuevas-fechas-para-la-campana-de-limpieza-barrial\/\" \/>\n<meta property=\"og:locale\" content=\"es_ES\" \/>\n<meta property=\"og:type\" content=\"article\" \/>\n<meta property=\"og:title\" content=\"Puerto Madryn anuncia nuevas fechas para la campa\u00f1a de limpieza barrial\" \/>\n<meta property=\"og:description\" content=\"La Municipalidad de Puerto Madryn ha dado a conocer el pr\u00f3ximo cronograma de su campa\u00f1a de limpieza, que se llevar\u00e1 a cabo en los barrios.\" \/>\n<meta property=\"og:url\" content=\"https:\/\/patagoniambiental.com.ar\/info\/puerto-madryn-anuncia-nuevas-fechas-para-la-campana-de-limpieza-barrial\/\" \/>\n<meta property=\"og:site_name\" content=\"Patagonia Ambiental\" \/>\n<meta property=\"article:publisher\" content=\"https:\/\/www.facebook.com\/patagonia.ambiental\" \/>\n<meta property=\"article:author\" content=\"https:\/\/www.facebook.com\/share\/1C1V8Gv9BX\/?mibextid=qi2Omg\" \/>\n<meta property=\"article:published_time\" content=\"2024-09-28T00:40:20+00:00\" \/>\n<meta property=\"article:modified_time\" content=\"2025-05-04T19:56:41+00:00\" \/>\n<meta property=\"og:image\" content=\"https:\/\/patagoniambiental.com.ar\/info\/wp-content\/uploads\/2024\/09\/1fab0af3-19ea-40cc-acb8-71c45ef818b0-1.jpeg\" \/>\n\t<meta property=\"og:image:width\" content=\"1024\" \/>\n\t<meta property=\"og:image:height\" content=\"768\" \/>\n\t<meta property=\"og:image:type\" content=\"image\/jpeg\" \/>\n<meta name=\"author\" content=\"Patagonia Ambiental\" \/>\n<meta name=\"twitter:card\" content=\"summary_large_image\" \/>\n<meta name=\"twitter:creator\" content=\"@PatAmb\" \/>\n<meta name=\"twitter:site\" content=\"@PatAmb\" \/>\n<script type=\"application\/ld+json\" class=\"yoast-schema-graph\">{\"@context\":\"https:\\\/\\\/schema.org\",\"@graph\":[{\"@type\":\"Article\",\"@id\":\"https:\\\/\\\/patagoniambiental.com.ar\\\/info\\\/puerto-madryn-anuncia-nuevas-fechas-para-la-campana-de-limpieza-barrial\\\/#article\",\"isPartOf\":{\"@id\":\"https:\\\/\\\/patagoniambiental.com.ar\\\/info\\\/puerto-madryn-anuncia-nuevas-fechas-para-la-campana-de-limpieza-barrial\\\/\"},\"author\":{\"name\":\"Patagonia Ambiental\",\"@id\":\"https:\\\/\\\/patagoniambiental.com.ar\\\/info\\\/#\\\/schema\\\/person\\\/db12bff64bbcbf6a253710bf0ea37b5d\"},\"headline\":\"Puerto Madryn anuncia nuevas fechas para la campa\u00f1a de limpieza barrial\",\"datePublished\":\"2024-09-28T00:40:20+00:00\",\"dateModified\":\"2025-05-04T19:56:41+00:00\",\"mainEntityOfPage\":{\"@id\":\"https:\\\/\\\/patagoniambiental.com.ar\\\/info\\\/puerto-madryn-anuncia-nuevas-fechas-para-la-campana-de-limpieza-barrial\\\/\"},\"wordCount\":220,\"commentCount\":0,\"publisher\":{\"@id\":\"https:\\\/\\\/patagoniambiental.com.ar\\\/info\\\/#organization\"},\"image\":{\"@id\":\"https:\\\/\\\/patagoniambiental.com.ar\\\/info\\\/puerto-madryn-anuncia-nuevas-fechas-para-la-campana-de-limpieza-barrial\\\/#primaryimage\"},\"thumbnailUrl\":\"https:\\\/\\\/patagoniambiental.com.ar\\\/info\\\/wp-content\\\/uploads\\\/2024\\\/09\\\/1fab0af3-19ea-40cc-acb8-71c45ef818b0-1.jpeg\",\"articleSection\":[\"Bolet\u00edn\",\"Municipales\",\"Noticias\"],\"inLanguage\":\"es\",\"potentialAction\":[{\"@type\":\"CommentAction\",\"name\":\"Comment\",\"target\":[\"https:\\\/\\\/patagoniambiental.com.ar\\\/info\\\/puerto-madryn-anuncia-nuevas-fechas-para-la-campana-de-limpieza-barrial\\\/#respond\"]}]},{\"@type\":\"WebPage\",\"@id\":\"https:\\\/\\\/patagoniambiental.com.ar\\\/info\\\/puerto-madryn-anuncia-nuevas-fechas-para-la-campana-de-limpieza-barrial\\\/\",\"url\":\"https:\\\/\\\/patagoniambiental.com.ar\\\/info\\\/puerto-madryn-anuncia-nuevas-fechas-para-la-campana-de-limpieza-barrial\\\/\",\"name\":\"Puerto Madryn anuncia nuevas fechas para la campa\u00f1a de limpieza barrial\",\"isPartOf\":{\"@id\":\"https:\\\/\\\/patagoniambiental.com.ar\\\/info\\\/#website\"},\"primaryImageOfPage\":{\"@id\":\"https:\\\/\\\/patagoniambiental.com.ar\\\/info\\\/puerto-madryn-anuncia-nuevas-fechas-para-la-campana-de-limpieza-barrial\\\/#primaryimage\"},\"image\":{\"@id\":\"https:\\\/\\\/patagoniambiental.com.ar\\\/info\\\/puerto-madryn-anuncia-nuevas-fechas-para-la-campana-de-limpieza-barrial\\\/#primaryimage\"},\"thumbnailUrl\":\"https:\\\/\\\/patagoniambiental.com.ar\\\/info\\\/wp-content\\\/uploads\\\/2024\\\/09\\\/1fab0af3-19ea-40cc-acb8-71c45ef818b0-1.jpeg\",\"datePublished\":\"2024-09-28T00:40:20+00:00\",\"dateModified\":\"2025-05-04T19:56:41+00:00\",\"description\":\"La Municipalidad de Puerto Madryn ha dado a conocer el pr\u00f3ximo cronograma de su campa\u00f1a de limpieza, que se llevar\u00e1 a cabo en los barrios.\",\"breadcrumb\":{\"@id\":\"https:\\\/\\\/patagoniambiental.com.ar\\\/info\\\/puerto-madryn-anuncia-nuevas-fechas-para-la-campana-de-limpieza-barrial\\\/#breadcrumb\"},\"inLanguage\":\"es\",\"potentialAction\":[{\"@type\":\"ReadAction\",\"target\":[\"https:\\\/\\\/patagoniambiental.com.ar\\\/info\\\/puerto-madryn-anuncia-nuevas-fechas-para-la-campana-de-limpieza-barrial\\\/\"]}]},{\"@type\":\"ImageObject\",\"inLanguage\":\"es\",\"@id\":\"https:\\\/\\\/patagoniambiental.com.ar\\\/info\\\/puerto-madryn-anuncia-nuevas-fechas-para-la-campana-de-limpieza-barrial\\\/#primaryimage\",\"url\":\"https:\\\/\\\/patagoniambiental.com.ar\\\/info\\\/wp-content\\\/uploads\\\/2024\\\/09\\\/1fab0af3-19ea-40cc-acb8-71c45ef818b0-1.jpeg\",\"contentUrl\":\"https:\\\/\\\/patagoniambiental.com.ar\\\/info\\\/wp-content\\\/uploads\\\/2024\\\/09\\\/1fab0af3-19ea-40cc-acb8-71c45ef818b0-1.jpeg\",\"width\":800,\"height\":600},{\"@type\":\"BreadcrumbList\",\"@id\":\"https:\\\/\\\/patagoniambiental.com.ar\\\/info\\\/puerto-madryn-anuncia-nuevas-fechas-para-la-campana-de-limpieza-barrial\\\/#breadcrumb\",\"itemListElement\":[{\"@type\":\"ListItem\",\"position\":1,\"name\":\"Inicio\",\"item\":\"https:\\\/\\\/patagoniambiental.com.ar\\\/info\\\/\"},{\"@type\":\"ListItem\",\"position\":2,\"name\":\"Puerto Madryn anuncia nuevas fechas para la campa\u00f1a de limpieza barrial\"}]},{\"@type\":\"WebSite\",\"@id\":\"https:\\\/\\\/patagoniambiental.com.ar\\\/info\\\/#website\",\"url\":\"https:\\\/\\\/patagoniambiental.com.ar\\\/info\\\/\",\"name\":\"Patagonia Ambiental\",\"description\":\"Monitoreo y an\u00e1lisis de la situaci\u00f3n geopol\u00edtica en el mundo y su implicancia en la Patagonia\",\"publisher\":{\"@id\":\"https:\\\/\\\/patagoniambiental.com.ar\\\/info\\\/#organization\"},\"potentialAction\":[{\"@type\":\"SearchAction\",\"target\":{\"@type\":\"EntryPoint\",\"urlTemplate\":\"https:\\\/\\\/patagoniambiental.com.ar\\\/info\\\/?s={search_term_string}\"},\"query-input\":{\"@type\":\"PropertyValueSpecification\",\"valueRequired\":true,\"valueName\":\"search_term_string\"}}],\"inLanguage\":\"es\"},{\"@type\":\"Organization\",\"@id\":\"https:\\\/\\\/patagoniambiental.com.ar\\\/info\\\/#organization\",\"name\":\"Patagonia Ambiental\",\"url\":\"https:\\\/\\\/patagoniambiental.com.ar\\\/info\\\/\",\"logo\":{\"@type\":\"ImageObject\",\"inLanguage\":\"es\",\"@id\":\"https:\\\/\\\/patagoniambiental.com.ar\\\/info\\\/#\\\/schema\\\/logo\\\/image\\\/\",\"url\":\"https:\\\/\\\/patagoniambiental.com.ar\\\/info\\\/wp-content\\\/uploads\\\/2025\\\/05\\\/LOGO-PATAGONIA-AMBIENTAL.png\",\"contentUrl\":\"https:\\\/\\\/patagoniambiental.com.ar\\\/info\\\/wp-content\\\/uploads\\\/2025\\\/05\\\/LOGO-PATAGONIA-AMBIENTAL.png\",\"width\":433,\"height\":250,\"caption\":\"Patagonia Ambiental\"},\"image\":{\"@id\":\"https:\\\/\\\/patagoniambiental.com.ar\\\/info\\\/#\\\/schema\\\/logo\\\/image\\\/\"},\"sameAs\":[\"https:\\\/\\\/www.facebook.com\\\/patagonia.ambiental\",\"https:\\\/\\\/x.com\\\/PatAmb\"]},{\"@type\":\"Person\",\"@id\":\"https:\\\/\\\/patagoniambiental.com.ar\\\/info\\\/#\\\/schema\\\/person\\\/db12bff64bbcbf6a253710bf0ea37b5d\",\"name\":\"Patagonia Ambiental\",\"description\":\"Andr\u00e9s Nievas T\u00e9cnico en manejo ambiental, consultor Ambiental y escritor para medios locales e internacionales sobre temas de geopolitica y medio ambiente.\",\"sameAs\":[\"http:\\\/\\\/www.patagoniambiental.com.ar\",\"https:\\\/\\\/www.facebook.com\\\/share\\\/1C1V8Gv9BX\\\/?mibextid=qi2Omg\",\"@patagoniambiental\",\"https:\\\/\\\/youtube.com\\\/@patagoniaambiental2023?si=BLt58t0wuXquxlYZ\"]}]}<\/script>\n<!-- \/ Yoast SEO Premium plugin. -->","yoast_head_json":{"title":"Puerto Madryn anuncia nuevas fechas para la campa\u00f1a de limpieza barrial","description":"La Municipalidad de Puerto Madryn ha dado a conocer el pr\u00f3ximo cronograma de su campa\u00f1a de limpieza, que se llevar\u00e1 a cabo en los barrios.","robots":{"index":"index","follow":"follow","max-snippet":"max-snippet:-1","max-image-preview":"max-image-preview:large","max-video-preview":"max-video-preview:-1"},"canonical":"https:\/\/patagoniambiental.com.ar\/info\/puerto-madryn-anuncia-nuevas-fechas-para-la-campana-de-limpieza-barrial\/","og_locale":"es_ES","og_type":"article","og_title":"Puerto Madryn anuncia nuevas fechas para la campa\u00f1a de limpieza barrial","og_description":"La Municipalidad de Puerto Madryn ha dado a conocer el pr\u00f3ximo cronograma de su campa\u00f1a de limpieza, que se llevar\u00e1 a cabo en los barrios.","og_url":"https:\/\/patagoniambiental.com.ar\/info\/puerto-madryn-anuncia-nuevas-fechas-para-la-campana-de-limpieza-barrial\/","og_site_name":"Patagonia Ambiental","article_publisher":"https:\/\/www.facebook.com\/patagonia.ambiental","article_author":"https:\/\/www.facebook.com\/share\/1C1V8Gv9BX\/?mibextid=qi2Omg","article_published_time":"2024-09-28T00:40:20+00:00","article_modified_time":"2025-05-04T19:56:41+00:00","og_image":[{"width":1024,"height":768,"url":"https:\/\/patagoniambiental.com.ar\/info\/wp-content\/uploads\/2024\/09\/1fab0af3-19ea-40cc-acb8-71c45ef818b0-1.jpeg","type":"image\/jpeg"}],"author":"Patagonia Ambiental","twitter_card":"summary_large_image","twitter_creator":"@PatAmb","twitter_site":"@PatAmb","schema":{"@context":"https:\/\/schema.org","@graph":[{"@type":"Article","@id":"https:\/\/patagoniambiental.com.ar\/info\/puerto-madryn-anuncia-nuevas-fechas-para-la-campana-de-limpieza-barrial\/#article","isPartOf":{"@id":"https:\/\/patagoniambiental.com.ar\/info\/puerto-madryn-anuncia-nuevas-fechas-para-la-campana-de-limpieza-barrial\/"},"author":{"name":"Patagonia Ambiental","@id":"https:\/\/patagoniambiental.com.ar\/info\/#\/schema\/person\/db12bff64bbcbf6a253710bf0ea37b5d"},"headline":"Puerto Madryn anuncia nuevas fechas para la campa\u00f1a de limpieza barrial","datePublished":"2024-09-28T00:40:20+00:00","dateModified":"2025-05-04T19:56:41+00:00","mainEntityOfPage":{"@id":"https:\/\/patagoniambiental.com.ar\/info\/puerto-madryn-anuncia-nuevas-fechas-para-la-campana-de-limpieza-barrial\/"},"wordCount":220,"commentCount":0,"publisher":{"@id":"https:\/\/patagoniambiental.com.ar\/info\/#organization"},"image":{"@id":"https:\/\/patagoniambiental.com.ar\/info\/puerto-madryn-anuncia-nuevas-fechas-para-la-campana-de-limpieza-barrial\/#primaryimage"},"thumbnailUrl":"https:\/\/patagoniambiental.com.ar\/info\/wp-content\/uploads\/2024\/09\/1fab0af3-19ea-40cc-acb8-71c45ef818b0-1.jpeg","articleSection":["Bolet\u00edn","Municipales","Noticias"],"inLanguage":"es","potentialAction":[{"@type":"CommentAction","name":"Comment","target":["https:\/\/patagoniambiental.com.ar\/info\/puerto-madryn-anuncia-nuevas-fechas-para-la-campana-de-limpieza-barrial\/#respond"]}]},{"@type":"WebPage","@id":"https:\/\/patagoniambiental.com.ar\/info\/puerto-madryn-anuncia-nuevas-fechas-para-la-campana-de-limpieza-barrial\/","url":"https:\/\/patagoniambiental.com.ar\/info\/puerto-madryn-anuncia-nuevas-fechas-para-la-campana-de-limpieza-barrial\/","name":"Puerto Madryn anuncia nuevas fechas para la campa\u00f1a de limpieza barrial","isPartOf":{"@id":"https:\/\/patagoniambiental.com.ar\/info\/#website"},"primaryImageOfPage":{"@id":"https:\/\/patagoniambiental.com.ar\/info\/puerto-madryn-anuncia-nuevas-fechas-para-la-campana-de-limpieza-barrial\/#primaryimage"},"image":{"@id":"https:\/\/patagoniambiental.com.ar\/info\/puerto-madryn-anuncia-nuevas-fechas-para-la-campana-de-limpieza-barrial\/#primaryimage"},"thumbnailUrl":"https:\/\/patagoniambiental.com.ar\/info\/wp-content\/uploads\/2024\/09\/1fab0af3-19ea-40cc-acb8-71c45ef818b0-1.jpeg","datePublished":"2024-09-28T00:40:20+00:00","dateModified":"2025-05-04T19:56:41+00:00","description":"La Municipalidad de Puerto Madryn ha dado a conocer el pr\u00f3ximo cronograma de su campa\u00f1a de limpieza, que se llevar\u00e1 a cabo en los barrios.","breadcrumb":{"@id":"https:\/\/patagoniambiental.com.ar\/info\/puerto-madryn-anuncia-nuevas-fechas-para-la-campana-de-limpieza-barrial\/#breadcrumb"},"inLanguage":"es","potentialAction":[{"@type":"ReadAction","target":["https:\/\/patagoniambiental.com.ar\/info\/puerto-madryn-anuncia-nuevas-fechas-para-la-campana-de-limpieza-barrial\/"]}]},{"@type":"ImageObject","inLanguage":"es","@id":"https:\/\/patagoniambiental.com.ar\/info\/puerto-madryn-anuncia-nuevas-fechas-para-la-campana-de-limpieza-barrial\/#primaryimage","url":"https:\/\/patagoniambiental.com.ar\/info\/wp-content\/uploads\/2024\/09\/1fab0af3-19ea-40cc-acb8-71c45ef818b0-1.jpeg","contentUrl":"https:\/\/patagoniambiental.com.ar\/info\/wp-content\/uploads\/2024\/09\/1fab0af3-19ea-40cc-acb8-71c45ef818b0-1.jpeg","width":800,"height":600},{"@type":"BreadcrumbList","@id":"https:\/\/patagoniambiental.com.ar\/info\/puerto-madryn-anuncia-nuevas-fechas-para-la-campana-de-limpieza-barrial\/#breadcrumb","itemListElement":[{"@type":"ListItem","position":1,"name":"Inicio","item":"https:\/\/patagoniambiental.com.ar\/info\/"},{"@type":"ListItem","position":2,"name":"Puerto Madryn anuncia nuevas fechas para la campa\u00f1a de limpieza barrial"}]},{"@type":"WebSite","@id":"https:\/\/patagoniambiental.com.ar\/info\/#website","url":"https:\/\/patagoniambiental.com.ar\/info\/","name":"Patagonia Ambiental","description":"Monitoreo y an\u00e1lisis de la situaci\u00f3n geopol\u00edtica en el mundo y su implicancia en la Patagonia","publisher":{"@id":"https:\/\/patagoniambiental.com.ar\/info\/#organization"},"potentialAction":[{"@type":"SearchAction","target":{"@type":"EntryPoint","urlTemplate":"https:\/\/patagoniambiental.com.ar\/info\/?s={search_term_string}"},"query-input":{"@type":"PropertyValueSpecification","valueRequired":true,"valueName":"search_term_string"}}],"inLanguage":"es"},{"@type":"Organization","@id":"https:\/\/patagoniambiental.com.ar\/info\/#organization","name":"Patagonia Ambiental","url":"https:\/\/patagoniambiental.com.ar\/info\/","logo":{"@type":"ImageObject","inLanguage":"es","@id":"https:\/\/patagoniambiental.com.ar\/info\/#\/schema\/logo\/image\/","url":"https:\/\/patagoniambiental.com.ar\/info\/wp-content\/uploads\/2025\/05\/LOGO-PATAGONIA-AMBIENTAL.png","contentUrl":"https:\/\/patagoniambiental.com.ar\/info\/wp-content\/uploads\/2025\/05\/LOGO-PATAGONIA-AMBIENTAL.png","width":433,"height":250,"caption":"Patagonia Ambiental"},"image":{"@id":"https:\/\/patagoniambiental.com.ar\/info\/#\/schema\/logo\/image\/"},"sameAs":["https:\/\/www.facebook.com\/patagonia.ambiental","https:\/\/x.com\/PatAmb"]},{"@type":"Person","@id":"https:\/\/patagoniambiental.com.ar\/info\/#\/schema\/person\/db12bff64bbcbf6a253710bf0ea37b5d","name":"Patagonia Ambiental","description":"Andr\u00e9s Nievas T\u00e9cnico en manejo ambiental, consultor Ambiental y escritor para medios locales e internacionales sobre temas de geopolitica y medio ambiente.","sameAs":["http:\/\/www.patagoniambiental.com.ar","https:\/\/www.facebook.com\/share\/1C1V8Gv9BX\/?mibextid=qi2Omg","@patagoniambiental","https:\/\/youtube.com\/@patagoniaambiental2023?si=BLt58t0wuXquxlYZ"]}]}},"_links":{"self":[{"href":"https:\/\/patagoniambiental.com.ar\/info\/wp-json\/wp\/v2\/posts\/90882","targetHints":{"allow":["GET"]}}],"collection":[{"href":"https:\/\/patagoniambiental.com.ar\/info\/wp-json\/wp\/v2\/posts"}],"about":[{"href":"https:\/\/patagoniambiental.com.ar\/info\/wp-json\/wp\/v2\/types\/post"}],"author":[{"embeddable":true,"href":"https:\/\/patagoniambiental.com.ar\/info\/wp-json\/wp\/v2\/users\/2"}],"replies":[{"embeddable":true,"href":"https:\/\/patagoniambiental.com.ar\/info\/wp-json\/wp\/v2\/comments?post=90882"}],"version-history":[{"count":0,"href":"https:\/\/patagoniambiental.com.ar\/info\/wp-json\/wp\/v2\/posts\/90882\/revisions"}],"wp:featuredmedia":[{"embeddable":true,"href":"https:\/\/patagoniambiental.com.ar\/info\/wp-json\/wp\/v2\/media\/90883"}],"wp:attachment":[{"href":"https:\/\/patagoniambiental.com.ar\/info\/wp-json\/wp\/v2\/media?parent=90882"}],"wp:term":[{"taxonomy":"category","embeddable":true,"href":"https:\/\/patagoniambiental.com.ar\/info\/wp-json\/wp\/v2\/categories?post=90882"},{"taxonomy":"post_tag","embeddable":true,"href":"https:\/\/patagoniambiental.com.ar\/info\/wp-json\/wp\/v2\/tags?post=90882"}],"curies":[{"name":"wp","href":"https:\/\/api.w.org\/{rel}","templated":true}]}}