{"id":90900,"date":"2024-09-28T15:13:31","date_gmt":"2024-09-28T18:13:31","guid":{"rendered":"https:\/\/patagoniambiental.com.ar\/info\/?p=90900"},"modified":"2025-05-04T16:56:00","modified_gmt":"2025-05-04T19:56:00","slug":"iniciativa-chau-derroche-promueve-uso-eficiente-de-agua-y-energia","status":"publish","type":"post","link":"https:\/\/patagoniambiental.com.ar\/info\/iniciativa-chau-derroche-promueve-uso-eficiente-de-agua-y-energia\/","title":{"rendered":"Iniciativa \u00abChau Derroche\u00bb promueve uso eficiente de agua y energ\u00eda"},"content":{"rendered":"\n<!--more-->\n\n\n\n<p>Neuquen, 28 de septiembre de 2024. El gobierno provincial ha lanzado un innovador programa llamado \u201cChau Derroche\u201d, que busca concientizar a los ciudadanos sobre el uso eficiente de agua y energ\u00eda en sus hogares. Esta iniciativa comenzar\u00e1 con visitas domiciliarias en tres localidades: Pic\u00fan Leuf\u00fa, Alumin\u00e9 y la Ciudad de Neuqu\u00e9n, con el objetivo de atender a 300 viviendas en cada lugar.<\/p>\n\n\n\n<p>El ministro de Infraestructura, Rub\u00e9n Etcheverry, subray\u00f3 la importancia de reducir el consumo excesivo, especialmente en el uso de sistemas de climatizaci\u00f3n. \u201cCon peque\u00f1os ajustes, se puede lograr un gran ahorro\u201d, indic\u00f3.<\/p>\n\n\n\n<p>El programa no solo se centra en el ahorro energ\u00e9tico, sino tambi\u00e9n en la detecci\u00f3n de riesgos de incendios y otros peligros en los hogares. Durante las visitas, se proporcionar\u00e1n folletos informativos con recomendaciones pr\u00e1cticas para mejorar la eficiencia en el consumo de recursos.<\/p>\n\n\n\n<p>La iniciativa involucra a varios ministerios y a la Facultad de Ingenier\u00eda de la Universidad Nacional del Comahue, y tiene como fin fomentar cambios sencillos que generen un impacto significativo en la comunidad y en el medio ambiente. Se planea realizar un diagn\u00f3stico inicial en cada vivienda, que permitir\u00e1 identificar \u00e1reas de mejora y sentar las bases para futuras acciones.<\/p>\n\n\n\n<p>Es importante destacar que las visitas estar\u00e1n dirigidas exclusivamente a residencias particulares, excluyendo negocios. A trav\u00e9s de este enfoque, el programa espera contribuir a un uso m\u00e1s consciente y responsable de los recursos naturales, beneficiando tanto a la comunidad actual como a las futuras generaciones.<\/p>\n\n\n\n<p><\/p>\n","protected":false},"excerpt":{"rendered":"","protected":false},"author":2,"featured_media":90901,"comment_status":"open","ping_status":"open","sticky":false,"template":"","format":"standard","meta":{"site-sidebar-layout":"default","site-content-layout":"","ast-site-content-layout":"default","site-content-style":"default","site-sidebar-style":"default","ast-global-header-display":"","ast-banner-title-visibility":"","ast-main-header-display":"","ast-hfb-above-header-display":"","ast-hfb-below-header-display":"","ast-hfb-mobile-header-display":"","site-post-title":"","ast-breadcrumbs-content":"","ast-featured-img":"","footer-sml-layout":"","ast-disable-related-posts":"","theme-transparent-header-meta":"","adv-header-id-meta":"","stick-header-meta":"","header-above-stick-meta":"","header-main-stick-meta":"","header-below-stick-meta":"","astra-migrate-meta-layouts":"default","ast-page-background-enabled":"default","ast-page-background-meta":{"desktop":{"background-color":"var(--ast-global-color-5)","background-image":"","background-repeat":"repeat","background-position":"center center","background-size":"auto","background-attachment":"scroll","background-type":"","background-media":"","overlay-type":"","overlay-color":"","overlay-opacity":"","overlay-gradient":""},"tablet":{"background-color":"","background-image":"","background-repeat":"repeat","background-position":"center center","background-size":"auto","background-attachment":"scroll","background-type":"","background-media":"","overlay-type":"","overlay-color":"","overlay-opacity":"","overlay-gradient":""},"mobile":{"background-color":"","background-image":"","background-repeat":"repeat","background-position":"center center","background-size":"auto","background-attachment":"scroll","background-type":"","background-media":"","overlay-type":"","overlay-color":"","overlay-opacity":"","overlay-gradient":""}},"ast-content-background-meta":{"desktop":{"background-color":"var(--ast-global-color-4)","background-image":"","background-repeat":"repeat","background-position":"center center","background-size":"auto","background-attachment":"scroll","background-type":"","background-media":"","overlay-type":"","overlay-color":"","overlay-opacity":"","overlay-gradient":""},"tablet":{"background-color":"var(--ast-global-color-4)","background-image":"","background-repeat":"repeat","background-position":"center center","background-size":"auto","background-attachment":"scroll","background-type":"","background-media":"","overlay-type":"","overlay-color":"","overlay-opacity":"","overlay-gradient":""},"mobile":{"background-color":"var(--ast-global-color-4)","background-image":"","background-repeat":"repeat","background-position":"center center","background-size":"auto","background-attachment":"scroll","background-type":"","background-media":"","overlay-type":"","overlay-color":"","overlay-opacity":"","overlay-gradient":""}},"footnotes":""},"categories":[18,1,13],"tags":[],"class_list":["post-90900","post","type-post","status-publish","format-standard","has-post-thumbnail","hentry","category-neuquen","category-noticias","category-provinciales"],"yoast_head":"<!-- This site is optimized with the Yoast SEO Premium plugin v23.0 (Yoast SEO v27.5) - https:\/\/yoast.com\/product\/yoast-seo-premium-wordpress\/ -->\n<title>Iniciativa &quot;Chau Derroche&quot; promueve uso eficiente de agua y energ\u00eda<\/title>\n<meta name=\"description\" content=\"El gobierno provincial ha lanzado un innovador programa llamado \u201cChau Derroche\u201d, que busca concientizar a los ciudadanos sobre el uso eficiente de agua y energ\u00eda en sus hogares.\" \/>\n<meta name=\"robots\" content=\"index, follow, max-snippet:-1, max-image-preview:large, max-video-preview:-1\" \/>\n<link rel=\"canonical\" href=\"https:\/\/patagoniambiental.com.ar\/info\/iniciativa-chau-derroche-promueve-uso-eficiente-de-agua-y-energia\/\" \/>\n<meta property=\"og:locale\" content=\"es_ES\" \/>\n<meta property=\"og:type\" content=\"article\" \/>\n<meta property=\"og:title\" content=\"Iniciativa &quot;Chau Derroche&quot; promueve uso eficiente de agua y energ\u00eda\" \/>\n<meta property=\"og:description\" content=\"El gobierno provincial ha lanzado un innovador programa llamado \u201cChau Derroche\u201d, que busca concientizar a los ciudadanos sobre el uso eficiente de agua y energ\u00eda en sus hogares.\" \/>\n<meta property=\"og:url\" content=\"https:\/\/patagoniambiental.com.ar\/info\/iniciativa-chau-derroche-promueve-uso-eficiente-de-agua-y-energia\/\" \/>\n<meta property=\"og:site_name\" content=\"Patagonia Ambiental\" \/>\n<meta property=\"article:publisher\" content=\"https:\/\/www.facebook.com\/patagonia.ambiental\" \/>\n<meta property=\"article:author\" content=\"https:\/\/www.facebook.com\/share\/1C1V8Gv9BX\/?mibextid=qi2Omg\" \/>\n<meta property=\"article:published_time\" content=\"2024-09-28T18:13:31+00:00\" \/>\n<meta property=\"article:modified_time\" content=\"2025-05-04T19:56:00+00:00\" \/>\n<meta property=\"og:image\" content=\"https:\/\/patagoniambiental.com.ar\/info\/wp-content\/uploads\/2024\/09\/whatsapp-image-2024-09-27-at-7-34-37-pm-1068x570.jpeg\" \/>\n\t<meta property=\"og:image:width\" content=\"1068\" \/>\n\t<meta property=\"og:image:height\" content=\"570\" \/>\n\t<meta property=\"og:image:type\" content=\"image\/jpeg\" \/>\n<meta name=\"author\" content=\"Patagonia Ambiental\" \/>\n<meta name=\"twitter:card\" content=\"summary_large_image\" \/>\n<meta name=\"twitter:creator\" content=\"@PatAmb\" \/>\n<meta name=\"twitter:site\" content=\"@PatAmb\" \/>\n<script type=\"application\/ld+json\" class=\"yoast-schema-graph\">{\"@context\":\"https:\\\/\\\/schema.org\",\"@graph\":[{\"@type\":\"Article\",\"@id\":\"https:\\\/\\\/patagoniambiental.com.ar\\\/info\\\/iniciativa-chau-derroche-promueve-uso-eficiente-de-agua-y-energia\\\/#article\",\"isPartOf\":{\"@id\":\"https:\\\/\\\/patagoniambiental.com.ar\\\/info\\\/iniciativa-chau-derroche-promueve-uso-eficiente-de-agua-y-energia\\\/\"},\"author\":{\"name\":\"Patagonia Ambiental\",\"@id\":\"https:\\\/\\\/patagoniambiental.com.ar\\\/info\\\/#\\\/schema\\\/person\\\/db12bff64bbcbf6a253710bf0ea37b5d\"},\"headline\":\"Iniciativa \u00abChau Derroche\u00bb promueve uso eficiente de agua y energ\u00eda\",\"datePublished\":\"2024-09-28T18:13:31+00:00\",\"dateModified\":\"2025-05-04T19:56:00+00:00\",\"mainEntityOfPage\":{\"@id\":\"https:\\\/\\\/patagoniambiental.com.ar\\\/info\\\/iniciativa-chau-derroche-promueve-uso-eficiente-de-agua-y-energia\\\/\"},\"wordCount\":267,\"commentCount\":0,\"publisher\":{\"@id\":\"https:\\\/\\\/patagoniambiental.com.ar\\\/info\\\/#organization\"},\"image\":{\"@id\":\"https:\\\/\\\/patagoniambiental.com.ar\\\/info\\\/iniciativa-chau-derroche-promueve-uso-eficiente-de-agua-y-energia\\\/#primaryimage\"},\"thumbnailUrl\":\"https:\\\/\\\/patagoniambiental.com.ar\\\/info\\\/wp-content\\\/uploads\\\/2024\\\/09\\\/whatsapp-image-2024-09-27-at-7-34-37-pm-1068x570.jpeg\",\"articleSection\":[\"Neuqu\u00e9n\",\"Noticias\",\"Provinciales\"],\"inLanguage\":\"es\",\"potentialAction\":[{\"@type\":\"CommentAction\",\"name\":\"Comment\",\"target\":[\"https:\\\/\\\/patagoniambiental.com.ar\\\/info\\\/iniciativa-chau-derroche-promueve-uso-eficiente-de-agua-y-energia\\\/#respond\"]}]},{\"@type\":\"WebPage\",\"@id\":\"https:\\\/\\\/patagoniambiental.com.ar\\\/info\\\/iniciativa-chau-derroche-promueve-uso-eficiente-de-agua-y-energia\\\/\",\"url\":\"https:\\\/\\\/patagoniambiental.com.ar\\\/info\\\/iniciativa-chau-derroche-promueve-uso-eficiente-de-agua-y-energia\\\/\",\"name\":\"Iniciativa \\\"Chau Derroche\\\" promueve uso eficiente de agua y energ\u00eda\",\"isPartOf\":{\"@id\":\"https:\\\/\\\/patagoniambiental.com.ar\\\/info\\\/#website\"},\"primaryImageOfPage\":{\"@id\":\"https:\\\/\\\/patagoniambiental.com.ar\\\/info\\\/iniciativa-chau-derroche-promueve-uso-eficiente-de-agua-y-energia\\\/#primaryimage\"},\"image\":{\"@id\":\"https:\\\/\\\/patagoniambiental.com.ar\\\/info\\\/iniciativa-chau-derroche-promueve-uso-eficiente-de-agua-y-energia\\\/#primaryimage\"},\"thumbnailUrl\":\"https:\\\/\\\/patagoniambiental.com.ar\\\/info\\\/wp-content\\\/uploads\\\/2024\\\/09\\\/whatsapp-image-2024-09-27-at-7-34-37-pm-1068x570.jpeg\",\"datePublished\":\"2024-09-28T18:13:31+00:00\",\"dateModified\":\"2025-05-04T19:56:00+00:00\",\"description\":\"El gobierno provincial ha lanzado un innovador programa llamado \u201cChau Derroche\u201d, que busca concientizar a los ciudadanos sobre el uso eficiente de agua y energ\u00eda en sus hogares.\",\"breadcrumb\":{\"@id\":\"https:\\\/\\\/patagoniambiental.com.ar\\\/info\\\/iniciativa-chau-derroche-promueve-uso-eficiente-de-agua-y-energia\\\/#breadcrumb\"},\"inLanguage\":\"es\",\"potentialAction\":[{\"@type\":\"ReadAction\",\"target\":[\"https:\\\/\\\/patagoniambiental.com.ar\\\/info\\\/iniciativa-chau-derroche-promueve-uso-eficiente-de-agua-y-energia\\\/\"]}]},{\"@type\":\"ImageObject\",\"inLanguage\":\"es\",\"@id\":\"https:\\\/\\\/patagoniambiental.com.ar\\\/info\\\/iniciativa-chau-derroche-promueve-uso-eficiente-de-agua-y-energia\\\/#primaryimage\",\"url\":\"https:\\\/\\\/patagoniambiental.com.ar\\\/info\\\/wp-content\\\/uploads\\\/2024\\\/09\\\/whatsapp-image-2024-09-27-at-7-34-37-pm-1068x570.jpeg\",\"contentUrl\":\"https:\\\/\\\/patagoniambiental.com.ar\\\/info\\\/wp-content\\\/uploads\\\/2024\\\/09\\\/whatsapp-image-2024-09-27-at-7-34-37-pm-1068x570.jpeg\",\"width\":1068,\"height\":570},{\"@type\":\"BreadcrumbList\",\"@id\":\"https:\\\/\\\/patagoniambiental.com.ar\\\/info\\\/iniciativa-chau-derroche-promueve-uso-eficiente-de-agua-y-energia\\\/#breadcrumb\",\"itemListElement\":[{\"@type\":\"ListItem\",\"position\":1,\"name\":\"Inicio\",\"item\":\"https:\\\/\\\/patagoniambiental.com.ar\\\/info\\\/\"},{\"@type\":\"ListItem\",\"position\":2,\"name\":\"Iniciativa \u00abChau Derroche\u00bb promueve uso eficiente de agua y energ\u00eda\"}]},{\"@type\":\"WebSite\",\"@id\":\"https:\\\/\\\/patagoniambiental.com.ar\\\/info\\\/#website\",\"url\":\"https:\\\/\\\/patagoniambiental.com.ar\\\/info\\\/\",\"name\":\"Patagonia Ambiental\",\"description\":\"Monitoreo y an\u00e1lisis de la situaci\u00f3n geopol\u00edtica en el mundo y su implicancia en la Patagonia\",\"publisher\":{\"@id\":\"https:\\\/\\\/patagoniambiental.com.ar\\\/info\\\/#organization\"},\"potentialAction\":[{\"@type\":\"SearchAction\",\"target\":{\"@type\":\"EntryPoint\",\"urlTemplate\":\"https:\\\/\\\/patagoniambiental.com.ar\\\/info\\\/?s={search_term_string}\"},\"query-input\":{\"@type\":\"PropertyValueSpecification\",\"valueRequired\":true,\"valueName\":\"search_term_string\"}}],\"inLanguage\":\"es\"},{\"@type\":\"Organization\",\"@id\":\"https:\\\/\\\/patagoniambiental.com.ar\\\/info\\\/#organization\",\"name\":\"Patagonia Ambiental\",\"url\":\"https:\\\/\\\/patagoniambiental.com.ar\\\/info\\\/\",\"logo\":{\"@type\":\"ImageObject\",\"inLanguage\":\"es\",\"@id\":\"https:\\\/\\\/patagoniambiental.com.ar\\\/info\\\/#\\\/schema\\\/logo\\\/image\\\/\",\"url\":\"https:\\\/\\\/patagoniambiental.com.ar\\\/info\\\/wp-content\\\/uploads\\\/2025\\\/05\\\/LOGO-PATAGONIA-AMBIENTAL.png\",\"contentUrl\":\"https:\\\/\\\/patagoniambiental.com.ar\\\/info\\\/wp-content\\\/uploads\\\/2025\\\/05\\\/LOGO-PATAGONIA-AMBIENTAL.png\",\"width\":433,\"height\":250,\"caption\":\"Patagonia Ambiental\"},\"image\":{\"@id\":\"https:\\\/\\\/patagoniambiental.com.ar\\\/info\\\/#\\\/schema\\\/logo\\\/image\\\/\"},\"sameAs\":[\"https:\\\/\\\/www.facebook.com\\\/patagonia.ambiental\",\"https:\\\/\\\/x.com\\\/PatAmb\"]},{\"@type\":\"Person\",\"@id\":\"https:\\\/\\\/patagoniambiental.com.ar\\\/info\\\/#\\\/schema\\\/person\\\/db12bff64bbcbf6a253710bf0ea37b5d\",\"name\":\"Patagonia Ambiental\",\"description\":\"Andr\u00e9s Nievas T\u00e9cnico en manejo ambiental, consultor Ambiental y escritor para medios locales e internacionales sobre temas de geopolitica y medio ambiente.\",\"sameAs\":[\"http:\\\/\\\/www.patagoniambiental.com.ar\",\"https:\\\/\\\/www.facebook.com\\\/share\\\/1C1V8Gv9BX\\\/?mibextid=qi2Omg\",\"@patagoniambiental\",\"https:\\\/\\\/youtube.com\\\/@patagoniaambiental2023?si=BLt58t0wuXquxlYZ\"]}]}<\/script>\n<!-- \/ Yoast SEO Premium plugin. -->","yoast_head_json":{"title":"Iniciativa \"Chau Derroche\" promueve uso eficiente de agua y energ\u00eda","description":"El gobierno provincial ha lanzado un innovador programa llamado \u201cChau Derroche\u201d, que busca concientizar a los ciudadanos sobre el uso eficiente de agua y energ\u00eda en sus hogares.","robots":{"index":"index","follow":"follow","max-snippet":"max-snippet:-1","max-image-preview":"max-image-preview:large","max-video-preview":"max-video-preview:-1"},"canonical":"https:\/\/patagoniambiental.com.ar\/info\/iniciativa-chau-derroche-promueve-uso-eficiente-de-agua-y-energia\/","og_locale":"es_ES","og_type":"article","og_title":"Iniciativa \"Chau Derroche\" promueve uso eficiente de agua y energ\u00eda","og_description":"El gobierno provincial ha lanzado un innovador programa llamado \u201cChau Derroche\u201d, que busca concientizar a los ciudadanos sobre el uso eficiente de agua y energ\u00eda en sus hogares.","og_url":"https:\/\/patagoniambiental.com.ar\/info\/iniciativa-chau-derroche-promueve-uso-eficiente-de-agua-y-energia\/","og_site_name":"Patagonia Ambiental","article_publisher":"https:\/\/www.facebook.com\/patagonia.ambiental","article_author":"https:\/\/www.facebook.com\/share\/1C1V8Gv9BX\/?mibextid=qi2Omg","article_published_time":"2024-09-28T18:13:31+00:00","article_modified_time":"2025-05-04T19:56:00+00:00","og_image":[{"width":1068,"height":570,"url":"https:\/\/patagoniambiental.com.ar\/info\/wp-content\/uploads\/2024\/09\/whatsapp-image-2024-09-27-at-7-34-37-pm-1068x570.jpeg","type":"image\/jpeg"}],"author":"Patagonia Ambiental","twitter_card":"summary_large_image","twitter_creator":"@PatAmb","twitter_site":"@PatAmb","schema":{"@context":"https:\/\/schema.org","@graph":[{"@type":"Article","@id":"https:\/\/patagoniambiental.com.ar\/info\/iniciativa-chau-derroche-promueve-uso-eficiente-de-agua-y-energia\/#article","isPartOf":{"@id":"https:\/\/patagoniambiental.com.ar\/info\/iniciativa-chau-derroche-promueve-uso-eficiente-de-agua-y-energia\/"},"author":{"name":"Patagonia Ambiental","@id":"https:\/\/patagoniambiental.com.ar\/info\/#\/schema\/person\/db12bff64bbcbf6a253710bf0ea37b5d"},"headline":"Iniciativa \u00abChau Derroche\u00bb promueve uso eficiente de agua y energ\u00eda","datePublished":"2024-09-28T18:13:31+00:00","dateModified":"2025-05-04T19:56:00+00:00","mainEntityOfPage":{"@id":"https:\/\/patagoniambiental.com.ar\/info\/iniciativa-chau-derroche-promueve-uso-eficiente-de-agua-y-energia\/"},"wordCount":267,"commentCount":0,"publisher":{"@id":"https:\/\/patagoniambiental.com.ar\/info\/#organization"},"image":{"@id":"https:\/\/patagoniambiental.com.ar\/info\/iniciativa-chau-derroche-promueve-uso-eficiente-de-agua-y-energia\/#primaryimage"},"thumbnailUrl":"https:\/\/patagoniambiental.com.ar\/info\/wp-content\/uploads\/2024\/09\/whatsapp-image-2024-09-27-at-7-34-37-pm-1068x570.jpeg","articleSection":["Neuqu\u00e9n","Noticias","Provinciales"],"inLanguage":"es","potentialAction":[{"@type":"CommentAction","name":"Comment","target":["https:\/\/patagoniambiental.com.ar\/info\/iniciativa-chau-derroche-promueve-uso-eficiente-de-agua-y-energia\/#respond"]}]},{"@type":"WebPage","@id":"https:\/\/patagoniambiental.com.ar\/info\/iniciativa-chau-derroche-promueve-uso-eficiente-de-agua-y-energia\/","url":"https:\/\/patagoniambiental.com.ar\/info\/iniciativa-chau-derroche-promueve-uso-eficiente-de-agua-y-energia\/","name":"Iniciativa \"Chau Derroche\" promueve uso eficiente de agua y energ\u00eda","isPartOf":{"@id":"https:\/\/patagoniambiental.com.ar\/info\/#website"},"primaryImageOfPage":{"@id":"https:\/\/patagoniambiental.com.ar\/info\/iniciativa-chau-derroche-promueve-uso-eficiente-de-agua-y-energia\/#primaryimage"},"image":{"@id":"https:\/\/patagoniambiental.com.ar\/info\/iniciativa-chau-derroche-promueve-uso-eficiente-de-agua-y-energia\/#primaryimage"},"thumbnailUrl":"https:\/\/patagoniambiental.com.ar\/info\/wp-content\/uploads\/2024\/09\/whatsapp-image-2024-09-27-at-7-34-37-pm-1068x570.jpeg","datePublished":"2024-09-28T18:13:31+00:00","dateModified":"2025-05-04T19:56:00+00:00","description":"El gobierno provincial ha lanzado un innovador programa llamado \u201cChau Derroche\u201d, que busca concientizar a los ciudadanos sobre el uso eficiente de agua y energ\u00eda en sus hogares.","breadcrumb":{"@id":"https:\/\/patagoniambiental.com.ar\/info\/iniciativa-chau-derroche-promueve-uso-eficiente-de-agua-y-energia\/#breadcrumb"},"inLanguage":"es","potentialAction":[{"@type":"ReadAction","target":["https:\/\/patagoniambiental.com.ar\/info\/iniciativa-chau-derroche-promueve-uso-eficiente-de-agua-y-energia\/"]}]},{"@type":"ImageObject","inLanguage":"es","@id":"https:\/\/patagoniambiental.com.ar\/info\/iniciativa-chau-derroche-promueve-uso-eficiente-de-agua-y-energia\/#primaryimage","url":"https:\/\/patagoniambiental.com.ar\/info\/wp-content\/uploads\/2024\/09\/whatsapp-image-2024-09-27-at-7-34-37-pm-1068x570.jpeg","contentUrl":"https:\/\/patagoniambiental.com.ar\/info\/wp-content\/uploads\/2024\/09\/whatsapp-image-2024-09-27-at-7-34-37-pm-1068x570.jpeg","width":1068,"height":570},{"@type":"BreadcrumbList","@id":"https:\/\/patagoniambiental.com.ar\/info\/iniciativa-chau-derroche-promueve-uso-eficiente-de-agua-y-energia\/#breadcrumb","itemListElement":[{"@type":"ListItem","position":1,"name":"Inicio","item":"https:\/\/patagoniambiental.com.ar\/info\/"},{"@type":"ListItem","position":2,"name":"Iniciativa \u00abChau Derroche\u00bb promueve uso eficiente de agua y energ\u00eda"}]},{"@type":"WebSite","@id":"https:\/\/patagoniambiental.com.ar\/info\/#website","url":"https:\/\/patagoniambiental.com.ar\/info\/","name":"Patagonia Ambiental","description":"Monitoreo y an\u00e1lisis de la situaci\u00f3n geopol\u00edtica en el mundo y su implicancia en la Patagonia","publisher":{"@id":"https:\/\/patagoniambiental.com.ar\/info\/#organization"},"potentialAction":[{"@type":"SearchAction","target":{"@type":"EntryPoint","urlTemplate":"https:\/\/patagoniambiental.com.ar\/info\/?s={search_term_string}"},"query-input":{"@type":"PropertyValueSpecification","valueRequired":true,"valueName":"search_term_string"}}],"inLanguage":"es"},{"@type":"Organization","@id":"https:\/\/patagoniambiental.com.ar\/info\/#organization","name":"Patagonia Ambiental","url":"https:\/\/patagoniambiental.com.ar\/info\/","logo":{"@type":"ImageObject","inLanguage":"es","@id":"https:\/\/patagoniambiental.com.ar\/info\/#\/schema\/logo\/image\/","url":"https:\/\/patagoniambiental.com.ar\/info\/wp-content\/uploads\/2025\/05\/LOGO-PATAGONIA-AMBIENTAL.png","contentUrl":"https:\/\/patagoniambiental.com.ar\/info\/wp-content\/uploads\/2025\/05\/LOGO-PATAGONIA-AMBIENTAL.png","width":433,"height":250,"caption":"Patagonia Ambiental"},"image":{"@id":"https:\/\/patagoniambiental.com.ar\/info\/#\/schema\/logo\/image\/"},"sameAs":["https:\/\/www.facebook.com\/patagonia.ambiental","https:\/\/x.com\/PatAmb"]},{"@type":"Person","@id":"https:\/\/patagoniambiental.com.ar\/info\/#\/schema\/person\/db12bff64bbcbf6a253710bf0ea37b5d","name":"Patagonia Ambiental","description":"Andr\u00e9s Nievas T\u00e9cnico en manejo ambiental, consultor Ambiental y escritor para medios locales e internacionales sobre temas de geopolitica y medio ambiente.","sameAs":["http:\/\/www.patagoniambiental.com.ar","https:\/\/www.facebook.com\/share\/1C1V8Gv9BX\/?mibextid=qi2Omg","@patagoniambiental","https:\/\/youtube.com\/@patagoniaambiental2023?si=BLt58t0wuXquxlYZ"]}]}},"_links":{"self":[{"href":"https:\/\/patagoniambiental.com.ar\/info\/wp-json\/wp\/v2\/posts\/90900","targetHints":{"allow":["GET"]}}],"collection":[{"href":"https:\/\/patagoniambiental.com.ar\/info\/wp-json\/wp\/v2\/posts"}],"about":[{"href":"https:\/\/patagoniambiental.com.ar\/info\/wp-json\/wp\/v2\/types\/post"}],"author":[{"embeddable":true,"href":"https:\/\/patagoniambiental.com.ar\/info\/wp-json\/wp\/v2\/users\/2"}],"replies":[{"embeddable":true,"href":"https:\/\/patagoniambiental.com.ar\/info\/wp-json\/wp\/v2\/comments?post=90900"}],"version-history":[{"count":0,"href":"https:\/\/patagoniambiental.com.ar\/info\/wp-json\/wp\/v2\/posts\/90900\/revisions"}],"wp:featuredmedia":[{"embeddable":true,"href":"https:\/\/patagoniambiental.com.ar\/info\/wp-json\/wp\/v2\/media\/90901"}],"wp:attachment":[{"href":"https:\/\/patagoniambiental.com.ar\/info\/wp-json\/wp\/v2\/media?parent=90900"}],"wp:term":[{"taxonomy":"category","embeddable":true,"href":"https:\/\/patagoniambiental.com.ar\/info\/wp-json\/wp\/v2\/categories?post=90900"},{"taxonomy":"post_tag","embeddable":true,"href":"https:\/\/patagoniambiental.com.ar\/info\/wp-json\/wp\/v2\/tags?post=90900"}],"curies":[{"name":"wp","href":"https:\/\/api.w.org\/{rel}","templated":true}]}}