{"id":90961,"date":"2024-10-01T10:08:53","date_gmt":"2024-10-01T13:08:53","guid":{"rendered":"https:\/\/patagoniambiental.com.ar\/info\/?p=90961"},"modified":"2025-05-04T16:55:50","modified_gmt":"2025-05-04T19:55:50","slug":"parques-nacionales-90-anos-de-conservacion-y-nueva-campana-turistica","status":"publish","type":"post","link":"https:\/\/patagoniambiental.com.ar\/info\/parques-nacionales-90-anos-de-conservacion-y-nueva-campana-turistica\/","title":{"rendered":"Parques Nacionales: 90 a\u00f1os de conservaci\u00f3n y nueva campa\u00f1a tur\u00edstica"},"content":{"rendered":"\n<!--more-->\n\n\n\n<p>La Administraci\u00f3n de Parques Nacionales (<a href=\"https:\/\/www.argentina.gob.ar\/noticias\/parques-nacionales-celebro-sus-90-anos-y-lanzo-la-campana-nuestros-parques-nuestras\">APN<\/a>) celebr\u00f3 sus 90 a\u00f1os de historia en la Feria Internacional de Turismo (FIT) con el lanzamiento de la campa\u00f1a \u00abNuestros Parques, nuestras maravillas del mundo\u00bb. Durante el evento, que reuni\u00f3 a autoridades del turismo y el medio ambiente, el presidente de la APN, Cristian Larsen, destac\u00f3 que menos del 20% de los casi 7 millones de turistas internacionales que llegan a Argentina visitan un Parque Nacional, en comparaci\u00f3n con m\u00e1s del 50% en pa\u00edses como Chile y Estados Unidos.<\/p>\n\n\n\n<p>Larsen subray\u00f3 la importancia de transformar este panorama, enfatizando que la APN recaud\u00f3 solo el 25% de sus gastos el a\u00f1o pasado, y que el 75% restante provino de los argentinos. Con un enfoque en el desarrollo tur\u00edstico sostenible, la APN busca crear recursos propios a trav\u00e9s de un convenio con la C\u00e1mara de Concesionarios de Parques Nacionales. Esto permitir\u00e1 fusionar la eficiencia del sector privado con la misi\u00f3n p\u00fablica de conservaci\u00f3n.<\/p>\n\n\n\n<p>El secretario de Turismo, Ambiente y Deportes, Daniel Scioli, respald\u00f3 la iniciativa, se\u00f1alando la necesidad de mejorar la oferta tur\u00edstica y la visibilidad de estos espacios naturales. Resalt\u00f3 que el objetivo es facilitar la inversi\u00f3n privada y aumentar la llegada de turistas, generando as\u00ed divisas y puestos de trabajo.<\/p>\n\n\n\n<p>En este contexto, Larsen hizo un llamado a la colaboraci\u00f3n de todos los actores involucrados en el sector, afirmando que el futuro de los Parques Nacionales depende del esfuerzo conjunto. La campa\u00f1a busca no solo proteger la biodiversidad, sino tambi\u00e9n hacerla accesible, invitando a los visitantes a encontrar en la naturaleza un refugio y una fuente de inspiraci\u00f3n.<\/p>\n\n\n\n<p>Con m\u00e1s de 50 \u00e1reas protegidas abarcando m\u00e1s de 18 millones de hect\u00e1reas, la APN reafirma su compromiso con la conservaci\u00f3n y el desarrollo de un turismo responsable, marcando un paso significativo hacia un futuro donde los Parques Nacionales sean reconocidos como destinos de excelencia en el turismo de naturaleza.<\/p>\n\n\n\n<p><\/p>\n","protected":false},"excerpt":{"rendered":"","protected":false},"author":2,"featured_media":90962,"comment_status":"open","ping_status":"open","sticky":false,"template":"","format":"standard","meta":{"site-sidebar-layout":"default","site-content-layout":"","ast-site-content-layout":"default","site-content-style":"default","site-sidebar-style":"default","ast-global-header-display":"","ast-banner-title-visibility":"","ast-main-header-display":"","ast-hfb-above-header-display":"","ast-hfb-below-header-display":"","ast-hfb-mobile-header-display":"","site-post-title":"","ast-breadcrumbs-content":"","ast-featured-img":"","footer-sml-layout":"","ast-disable-related-posts":"","theme-transparent-header-meta":"","adv-header-id-meta":"","stick-header-meta":"","header-above-stick-meta":"","header-main-stick-meta":"","header-below-stick-meta":"","astra-migrate-meta-layouts":"default","ast-page-background-enabled":"default","ast-page-background-meta":{"desktop":{"background-color":"var(--ast-global-color-5)","background-image":"","background-repeat":"repeat","background-position":"center center","background-size":"auto","background-attachment":"scroll","background-type":"","background-media":"","overlay-type":"","overlay-color":"","overlay-opacity":"","overlay-gradient":""},"tablet":{"background-color":"","background-image":"","background-repeat":"repeat","background-position":"center center","background-size":"auto","background-attachment":"scroll","background-type":"","background-media":"","overlay-type":"","overlay-color":"","overlay-opacity":"","overlay-gradient":""},"mobile":{"background-color":"","background-image":"","background-repeat":"repeat","background-position":"center center","background-size":"auto","background-attachment":"scroll","background-type":"","background-media":"","overlay-type":"","overlay-color":"","overlay-opacity":"","overlay-gradient":""}},"ast-content-background-meta":{"desktop":{"background-color":"var(--ast-global-color-4)","background-image":"","background-repeat":"repeat","background-position":"center center","background-size":"auto","background-attachment":"scroll","background-type":"","background-media":"","overlay-type":"","overlay-color":"","overlay-opacity":"","overlay-gradient":""},"tablet":{"background-color":"var(--ast-global-color-4)","background-image":"","background-repeat":"repeat","background-position":"center center","background-size":"auto","background-attachment":"scroll","background-type":"","background-media":"","overlay-type":"","overlay-color":"","overlay-opacity":"","overlay-gradient":""},"mobile":{"background-color":"var(--ast-global-color-4)","background-image":"","background-repeat":"repeat","background-position":"center center","background-size":"auto","background-attachment":"scroll","background-type":"","background-media":"","overlay-type":"","overlay-color":"","overlay-opacity":"","overlay-gradient":""}},"footnotes":""},"categories":[19,1],"tags":[],"class_list":["post-90961","post","type-post","status-publish","format-standard","has-post-thumbnail","hentry","category-nacionales","category-noticias"],"yoast_head":"<!-- This site is optimized with the Yoast SEO Premium plugin v23.0 (Yoast SEO v27.5) - https:\/\/yoast.com\/product\/yoast-seo-premium-wordpress\/ -->\n<title>Parques Nacionales: 90 a\u00f1os de conservaci\u00f3n y nueva campa\u00f1a tur\u00edstica<\/title>\n<meta name=\"description\" content=\"La Administraci\u00f3n de Parques Nacionales celebr\u00f3 sus 90 a\u00f1os de historia en la Feria Internacional de Turismo\" \/>\n<meta name=\"robots\" content=\"index, follow, max-snippet:-1, max-image-preview:large, max-video-preview:-1\" \/>\n<link rel=\"canonical\" href=\"https:\/\/patagoniambiental.com.ar\/info\/parques-nacionales-90-anos-de-conservacion-y-nueva-campana-turistica\/\" \/>\n<meta property=\"og:locale\" content=\"es_ES\" \/>\n<meta property=\"og:type\" content=\"article\" \/>\n<meta property=\"og:title\" content=\"Parques Nacionales: 90 a\u00f1os de conservaci\u00f3n y nueva campa\u00f1a tur\u00edstica\" \/>\n<meta property=\"og:description\" content=\"La Administraci\u00f3n de Parques Nacionales celebr\u00f3 sus 90 a\u00f1os de historia en la Feria Internacional de Turismo\" \/>\n<meta property=\"og:url\" content=\"https:\/\/patagoniambiental.com.ar\/info\/parques-nacionales-90-anos-de-conservacion-y-nueva-campana-turistica\/\" \/>\n<meta property=\"og:site_name\" content=\"Patagonia Ambiental\" \/>\n<meta property=\"article:publisher\" content=\"https:\/\/www.facebook.com\/patagonia.ambiental\" \/>\n<meta property=\"article:author\" content=\"https:\/\/www.facebook.com\/share\/1C1V8Gv9BX\/?mibextid=qi2Omg\" \/>\n<meta property=\"article:published_time\" content=\"2024-10-01T13:08:53+00:00\" \/>\n<meta property=\"article:modified_time\" content=\"2025-05-04T19:55:50+00:00\" \/>\n<meta property=\"og:image\" content=\"https:\/\/patagoniambiental.com.ar\/info\/wp-content\/uploads\/2024\/10\/parques.jpg\" \/>\n\t<meta property=\"og:image:width\" content=\"1068\" \/>\n\t<meta property=\"og:image:height\" content=\"509\" \/>\n\t<meta property=\"og:image:type\" content=\"image\/jpeg\" \/>\n<meta name=\"author\" content=\"Patagonia Ambiental\" \/>\n<meta name=\"twitter:card\" content=\"summary_large_image\" \/>\n<meta name=\"twitter:creator\" content=\"@PatAmb\" \/>\n<meta name=\"twitter:site\" content=\"@PatAmb\" \/>\n<script type=\"application\/ld+json\" class=\"yoast-schema-graph\">{\"@context\":\"https:\\\/\\\/schema.org\",\"@graph\":[{\"@type\":\"Article\",\"@id\":\"https:\\\/\\\/patagoniambiental.com.ar\\\/info\\\/parques-nacionales-90-anos-de-conservacion-y-nueva-campana-turistica\\\/#article\",\"isPartOf\":{\"@id\":\"https:\\\/\\\/patagoniambiental.com.ar\\\/info\\\/parques-nacionales-90-anos-de-conservacion-y-nueva-campana-turistica\\\/\"},\"author\":{\"name\":\"Patagonia Ambiental\",\"@id\":\"https:\\\/\\\/patagoniambiental.com.ar\\\/info\\\/#\\\/schema\\\/person\\\/db12bff64bbcbf6a253710bf0ea37b5d\"},\"headline\":\"Parques Nacionales: 90 a\u00f1os de conservaci\u00f3n y nueva campa\u00f1a tur\u00edstica\",\"datePublished\":\"2024-10-01T13:08:53+00:00\",\"dateModified\":\"2025-05-04T19:55:50+00:00\",\"mainEntityOfPage\":{\"@id\":\"https:\\\/\\\/patagoniambiental.com.ar\\\/info\\\/parques-nacionales-90-anos-de-conservacion-y-nueva-campana-turistica\\\/\"},\"wordCount\":343,\"commentCount\":0,\"publisher\":{\"@id\":\"https:\\\/\\\/patagoniambiental.com.ar\\\/info\\\/#organization\"},\"image\":{\"@id\":\"https:\\\/\\\/patagoniambiental.com.ar\\\/info\\\/parques-nacionales-90-anos-de-conservacion-y-nueva-campana-turistica\\\/#primaryimage\"},\"thumbnailUrl\":\"https:\\\/\\\/patagoniambiental.com.ar\\\/info\\\/wp-content\\\/uploads\\\/2024\\\/10\\\/parques.jpg\",\"articleSection\":[\"Nacionales\",\"Noticias\"],\"inLanguage\":\"es\",\"potentialAction\":[{\"@type\":\"CommentAction\",\"name\":\"Comment\",\"target\":[\"https:\\\/\\\/patagoniambiental.com.ar\\\/info\\\/parques-nacionales-90-anos-de-conservacion-y-nueva-campana-turistica\\\/#respond\"]}]},{\"@type\":\"WebPage\",\"@id\":\"https:\\\/\\\/patagoniambiental.com.ar\\\/info\\\/parques-nacionales-90-anos-de-conservacion-y-nueva-campana-turistica\\\/\",\"url\":\"https:\\\/\\\/patagoniambiental.com.ar\\\/info\\\/parques-nacionales-90-anos-de-conservacion-y-nueva-campana-turistica\\\/\",\"name\":\"Parques Nacionales: 90 a\u00f1os de conservaci\u00f3n y nueva campa\u00f1a tur\u00edstica\",\"isPartOf\":{\"@id\":\"https:\\\/\\\/patagoniambiental.com.ar\\\/info\\\/#website\"},\"primaryImageOfPage\":{\"@id\":\"https:\\\/\\\/patagoniambiental.com.ar\\\/info\\\/parques-nacionales-90-anos-de-conservacion-y-nueva-campana-turistica\\\/#primaryimage\"},\"image\":{\"@id\":\"https:\\\/\\\/patagoniambiental.com.ar\\\/info\\\/parques-nacionales-90-anos-de-conservacion-y-nueva-campana-turistica\\\/#primaryimage\"},\"thumbnailUrl\":\"https:\\\/\\\/patagoniambiental.com.ar\\\/info\\\/wp-content\\\/uploads\\\/2024\\\/10\\\/parques.jpg\",\"datePublished\":\"2024-10-01T13:08:53+00:00\",\"dateModified\":\"2025-05-04T19:55:50+00:00\",\"description\":\"La Administraci\u00f3n de Parques Nacionales celebr\u00f3 sus 90 a\u00f1os de historia en la Feria Internacional de Turismo\",\"breadcrumb\":{\"@id\":\"https:\\\/\\\/patagoniambiental.com.ar\\\/info\\\/parques-nacionales-90-anos-de-conservacion-y-nueva-campana-turistica\\\/#breadcrumb\"},\"inLanguage\":\"es\",\"potentialAction\":[{\"@type\":\"ReadAction\",\"target\":[\"https:\\\/\\\/patagoniambiental.com.ar\\\/info\\\/parques-nacionales-90-anos-de-conservacion-y-nueva-campana-turistica\\\/\"]}]},{\"@type\":\"ImageObject\",\"inLanguage\":\"es\",\"@id\":\"https:\\\/\\\/patagoniambiental.com.ar\\\/info\\\/parques-nacionales-90-anos-de-conservacion-y-nueva-campana-turistica\\\/#primaryimage\",\"url\":\"https:\\\/\\\/patagoniambiental.com.ar\\\/info\\\/wp-content\\\/uploads\\\/2024\\\/10\\\/parques.jpg\",\"contentUrl\":\"https:\\\/\\\/patagoniambiental.com.ar\\\/info\\\/wp-content\\\/uploads\\\/2024\\\/10\\\/parques.jpg\",\"width\":1068,\"height\":509},{\"@type\":\"BreadcrumbList\",\"@id\":\"https:\\\/\\\/patagoniambiental.com.ar\\\/info\\\/parques-nacionales-90-anos-de-conservacion-y-nueva-campana-turistica\\\/#breadcrumb\",\"itemListElement\":[{\"@type\":\"ListItem\",\"position\":1,\"name\":\"Inicio\",\"item\":\"https:\\\/\\\/patagoniambiental.com.ar\\\/info\\\/\"},{\"@type\":\"ListItem\",\"position\":2,\"name\":\"Parques Nacionales: 90 a\u00f1os de conservaci\u00f3n y nueva campa\u00f1a tur\u00edstica\"}]},{\"@type\":\"WebSite\",\"@id\":\"https:\\\/\\\/patagoniambiental.com.ar\\\/info\\\/#website\",\"url\":\"https:\\\/\\\/patagoniambiental.com.ar\\\/info\\\/\",\"name\":\"Patagonia Ambiental\",\"description\":\"Monitoreo y an\u00e1lisis de la situaci\u00f3n geopol\u00edtica en el mundo y su implicancia en la Patagonia\",\"publisher\":{\"@id\":\"https:\\\/\\\/patagoniambiental.com.ar\\\/info\\\/#organization\"},\"potentialAction\":[{\"@type\":\"SearchAction\",\"target\":{\"@type\":\"EntryPoint\",\"urlTemplate\":\"https:\\\/\\\/patagoniambiental.com.ar\\\/info\\\/?s={search_term_string}\"},\"query-input\":{\"@type\":\"PropertyValueSpecification\",\"valueRequired\":true,\"valueName\":\"search_term_string\"}}],\"inLanguage\":\"es\"},{\"@type\":\"Organization\",\"@id\":\"https:\\\/\\\/patagoniambiental.com.ar\\\/info\\\/#organization\",\"name\":\"Patagonia Ambiental\",\"url\":\"https:\\\/\\\/patagoniambiental.com.ar\\\/info\\\/\",\"logo\":{\"@type\":\"ImageObject\",\"inLanguage\":\"es\",\"@id\":\"https:\\\/\\\/patagoniambiental.com.ar\\\/info\\\/#\\\/schema\\\/logo\\\/image\\\/\",\"url\":\"https:\\\/\\\/patagoniambiental.com.ar\\\/info\\\/wp-content\\\/uploads\\\/2025\\\/05\\\/LOGO-PATAGONIA-AMBIENTAL.png\",\"contentUrl\":\"https:\\\/\\\/patagoniambiental.com.ar\\\/info\\\/wp-content\\\/uploads\\\/2025\\\/05\\\/LOGO-PATAGONIA-AMBIENTAL.png\",\"width\":433,\"height\":250,\"caption\":\"Patagonia Ambiental\"},\"image\":{\"@id\":\"https:\\\/\\\/patagoniambiental.com.ar\\\/info\\\/#\\\/schema\\\/logo\\\/image\\\/\"},\"sameAs\":[\"https:\\\/\\\/www.facebook.com\\\/patagonia.ambiental\",\"https:\\\/\\\/x.com\\\/PatAmb\"]},{\"@type\":\"Person\",\"@id\":\"https:\\\/\\\/patagoniambiental.com.ar\\\/info\\\/#\\\/schema\\\/person\\\/db12bff64bbcbf6a253710bf0ea37b5d\",\"name\":\"Patagonia Ambiental\",\"description\":\"Andr\u00e9s Nievas T\u00e9cnico en manejo ambiental, consultor Ambiental y escritor para medios locales e internacionales sobre temas de geopolitica y medio ambiente.\",\"sameAs\":[\"http:\\\/\\\/www.patagoniambiental.com.ar\",\"https:\\\/\\\/www.facebook.com\\\/share\\\/1C1V8Gv9BX\\\/?mibextid=qi2Omg\",\"@patagoniambiental\",\"https:\\\/\\\/youtube.com\\\/@patagoniaambiental2023?si=BLt58t0wuXquxlYZ\"]}]}<\/script>\n<!-- \/ Yoast SEO Premium plugin. -->","yoast_head_json":{"title":"Parques Nacionales: 90 a\u00f1os de conservaci\u00f3n y nueva campa\u00f1a tur\u00edstica","description":"La Administraci\u00f3n de Parques Nacionales celebr\u00f3 sus 90 a\u00f1os de historia en la Feria Internacional de Turismo","robots":{"index":"index","follow":"follow","max-snippet":"max-snippet:-1","max-image-preview":"max-image-preview:large","max-video-preview":"max-video-preview:-1"},"canonical":"https:\/\/patagoniambiental.com.ar\/info\/parques-nacionales-90-anos-de-conservacion-y-nueva-campana-turistica\/","og_locale":"es_ES","og_type":"article","og_title":"Parques Nacionales: 90 a\u00f1os de conservaci\u00f3n y nueva campa\u00f1a tur\u00edstica","og_description":"La Administraci\u00f3n de Parques Nacionales celebr\u00f3 sus 90 a\u00f1os de historia en la Feria Internacional de Turismo","og_url":"https:\/\/patagoniambiental.com.ar\/info\/parques-nacionales-90-anos-de-conservacion-y-nueva-campana-turistica\/","og_site_name":"Patagonia Ambiental","article_publisher":"https:\/\/www.facebook.com\/patagonia.ambiental","article_author":"https:\/\/www.facebook.com\/share\/1C1V8Gv9BX\/?mibextid=qi2Omg","article_published_time":"2024-10-01T13:08:53+00:00","article_modified_time":"2025-05-04T19:55:50+00:00","og_image":[{"width":1068,"height":509,"url":"https:\/\/patagoniambiental.com.ar\/info\/wp-content\/uploads\/2024\/10\/parques.jpg","type":"image\/jpeg"}],"author":"Patagonia Ambiental","twitter_card":"summary_large_image","twitter_creator":"@PatAmb","twitter_site":"@PatAmb","schema":{"@context":"https:\/\/schema.org","@graph":[{"@type":"Article","@id":"https:\/\/patagoniambiental.com.ar\/info\/parques-nacionales-90-anos-de-conservacion-y-nueva-campana-turistica\/#article","isPartOf":{"@id":"https:\/\/patagoniambiental.com.ar\/info\/parques-nacionales-90-anos-de-conservacion-y-nueva-campana-turistica\/"},"author":{"name":"Patagonia Ambiental","@id":"https:\/\/patagoniambiental.com.ar\/info\/#\/schema\/person\/db12bff64bbcbf6a253710bf0ea37b5d"},"headline":"Parques Nacionales: 90 a\u00f1os de conservaci\u00f3n y nueva campa\u00f1a tur\u00edstica","datePublished":"2024-10-01T13:08:53+00:00","dateModified":"2025-05-04T19:55:50+00:00","mainEntityOfPage":{"@id":"https:\/\/patagoniambiental.com.ar\/info\/parques-nacionales-90-anos-de-conservacion-y-nueva-campana-turistica\/"},"wordCount":343,"commentCount":0,"publisher":{"@id":"https:\/\/patagoniambiental.com.ar\/info\/#organization"},"image":{"@id":"https:\/\/patagoniambiental.com.ar\/info\/parques-nacionales-90-anos-de-conservacion-y-nueva-campana-turistica\/#primaryimage"},"thumbnailUrl":"https:\/\/patagoniambiental.com.ar\/info\/wp-content\/uploads\/2024\/10\/parques.jpg","articleSection":["Nacionales","Noticias"],"inLanguage":"es","potentialAction":[{"@type":"CommentAction","name":"Comment","target":["https:\/\/patagoniambiental.com.ar\/info\/parques-nacionales-90-anos-de-conservacion-y-nueva-campana-turistica\/#respond"]}]},{"@type":"WebPage","@id":"https:\/\/patagoniambiental.com.ar\/info\/parques-nacionales-90-anos-de-conservacion-y-nueva-campana-turistica\/","url":"https:\/\/patagoniambiental.com.ar\/info\/parques-nacionales-90-anos-de-conservacion-y-nueva-campana-turistica\/","name":"Parques Nacionales: 90 a\u00f1os de conservaci\u00f3n y nueva campa\u00f1a tur\u00edstica","isPartOf":{"@id":"https:\/\/patagoniambiental.com.ar\/info\/#website"},"primaryImageOfPage":{"@id":"https:\/\/patagoniambiental.com.ar\/info\/parques-nacionales-90-anos-de-conservacion-y-nueva-campana-turistica\/#primaryimage"},"image":{"@id":"https:\/\/patagoniambiental.com.ar\/info\/parques-nacionales-90-anos-de-conservacion-y-nueva-campana-turistica\/#primaryimage"},"thumbnailUrl":"https:\/\/patagoniambiental.com.ar\/info\/wp-content\/uploads\/2024\/10\/parques.jpg","datePublished":"2024-10-01T13:08:53+00:00","dateModified":"2025-05-04T19:55:50+00:00","description":"La Administraci\u00f3n de Parques Nacionales celebr\u00f3 sus 90 a\u00f1os de historia en la Feria Internacional de Turismo","breadcrumb":{"@id":"https:\/\/patagoniambiental.com.ar\/info\/parques-nacionales-90-anos-de-conservacion-y-nueva-campana-turistica\/#breadcrumb"},"inLanguage":"es","potentialAction":[{"@type":"ReadAction","target":["https:\/\/patagoniambiental.com.ar\/info\/parques-nacionales-90-anos-de-conservacion-y-nueva-campana-turistica\/"]}]},{"@type":"ImageObject","inLanguage":"es","@id":"https:\/\/patagoniambiental.com.ar\/info\/parques-nacionales-90-anos-de-conservacion-y-nueva-campana-turistica\/#primaryimage","url":"https:\/\/patagoniambiental.com.ar\/info\/wp-content\/uploads\/2024\/10\/parques.jpg","contentUrl":"https:\/\/patagoniambiental.com.ar\/info\/wp-content\/uploads\/2024\/10\/parques.jpg","width":1068,"height":509},{"@type":"BreadcrumbList","@id":"https:\/\/patagoniambiental.com.ar\/info\/parques-nacionales-90-anos-de-conservacion-y-nueva-campana-turistica\/#breadcrumb","itemListElement":[{"@type":"ListItem","position":1,"name":"Inicio","item":"https:\/\/patagoniambiental.com.ar\/info\/"},{"@type":"ListItem","position":2,"name":"Parques Nacionales: 90 a\u00f1os de conservaci\u00f3n y nueva campa\u00f1a tur\u00edstica"}]},{"@type":"WebSite","@id":"https:\/\/patagoniambiental.com.ar\/info\/#website","url":"https:\/\/patagoniambiental.com.ar\/info\/","name":"Patagonia Ambiental","description":"Monitoreo y an\u00e1lisis de la situaci\u00f3n geopol\u00edtica en el mundo y su implicancia en la Patagonia","publisher":{"@id":"https:\/\/patagoniambiental.com.ar\/info\/#organization"},"potentialAction":[{"@type":"SearchAction","target":{"@type":"EntryPoint","urlTemplate":"https:\/\/patagoniambiental.com.ar\/info\/?s={search_term_string}"},"query-input":{"@type":"PropertyValueSpecification","valueRequired":true,"valueName":"search_term_string"}}],"inLanguage":"es"},{"@type":"Organization","@id":"https:\/\/patagoniambiental.com.ar\/info\/#organization","name":"Patagonia Ambiental","url":"https:\/\/patagoniambiental.com.ar\/info\/","logo":{"@type":"ImageObject","inLanguage":"es","@id":"https:\/\/patagoniambiental.com.ar\/info\/#\/schema\/logo\/image\/","url":"https:\/\/patagoniambiental.com.ar\/info\/wp-content\/uploads\/2025\/05\/LOGO-PATAGONIA-AMBIENTAL.png","contentUrl":"https:\/\/patagoniambiental.com.ar\/info\/wp-content\/uploads\/2025\/05\/LOGO-PATAGONIA-AMBIENTAL.png","width":433,"height":250,"caption":"Patagonia Ambiental"},"image":{"@id":"https:\/\/patagoniambiental.com.ar\/info\/#\/schema\/logo\/image\/"},"sameAs":["https:\/\/www.facebook.com\/patagonia.ambiental","https:\/\/x.com\/PatAmb"]},{"@type":"Person","@id":"https:\/\/patagoniambiental.com.ar\/info\/#\/schema\/person\/db12bff64bbcbf6a253710bf0ea37b5d","name":"Patagonia Ambiental","description":"Andr\u00e9s Nievas T\u00e9cnico en manejo ambiental, consultor Ambiental y escritor para medios locales e internacionales sobre temas de geopolitica y medio ambiente.","sameAs":["http:\/\/www.patagoniambiental.com.ar","https:\/\/www.facebook.com\/share\/1C1V8Gv9BX\/?mibextid=qi2Omg","@patagoniambiental","https:\/\/youtube.com\/@patagoniaambiental2023?si=BLt58t0wuXquxlYZ"]}]}},"_links":{"self":[{"href":"https:\/\/patagoniambiental.com.ar\/info\/wp-json\/wp\/v2\/posts\/90961","targetHints":{"allow":["GET"]}}],"collection":[{"href":"https:\/\/patagoniambiental.com.ar\/info\/wp-json\/wp\/v2\/posts"}],"about":[{"href":"https:\/\/patagoniambiental.com.ar\/info\/wp-json\/wp\/v2\/types\/post"}],"author":[{"embeddable":true,"href":"https:\/\/patagoniambiental.com.ar\/info\/wp-json\/wp\/v2\/users\/2"}],"replies":[{"embeddable":true,"href":"https:\/\/patagoniambiental.com.ar\/info\/wp-json\/wp\/v2\/comments?post=90961"}],"version-history":[{"count":0,"href":"https:\/\/patagoniambiental.com.ar\/info\/wp-json\/wp\/v2\/posts\/90961\/revisions"}],"wp:featuredmedia":[{"embeddable":true,"href":"https:\/\/patagoniambiental.com.ar\/info\/wp-json\/wp\/v2\/media\/90962"}],"wp:attachment":[{"href":"https:\/\/patagoniambiental.com.ar\/info\/wp-json\/wp\/v2\/media?parent=90961"}],"wp:term":[{"taxonomy":"category","embeddable":true,"href":"https:\/\/patagoniambiental.com.ar\/info\/wp-json\/wp\/v2\/categories?post=90961"},{"taxonomy":"post_tag","embeddable":true,"href":"https:\/\/patagoniambiental.com.ar\/info\/wp-json\/wp\/v2\/tags?post=90961"}],"curies":[{"name":"wp","href":"https:\/\/api.w.org\/{rel}","templated":true}]}}