{"id":91052,"date":"2024-10-03T19:08:00","date_gmt":"2024-10-03T22:08:00","guid":{"rendered":"https:\/\/patagoniambiental.com.ar\/info\/?p=91052"},"modified":"2025-05-04T16:54:21","modified_gmt":"2025-05-04T19:54:21","slug":"delegacion-de-la-utn-explora-planta-de-hidrogeno-verde-en-punta-arenas","status":"publish","type":"post","link":"https:\/\/patagoniambiental.com.ar\/info\/delegacion-de-la-utn-explora-planta-de-hidrogeno-verde-en-punta-arenas\/","title":{"rendered":"Delegaci\u00f3n de la UTN explora planta de hidr\u00f3geno verde en Punta Arenas"},"content":{"rendered":"\n<!--more-->\n\n\n\n<p>Punta Arenas (Chile), 3 de octubre de 2024. Una destacada delegaci\u00f3n de la Universidad Tecnol\u00f3gica Nacional (UTN) de R\u00edo Grande visit\u00f3 la planta de producci\u00f3n de hidr\u00f3geno verde de la multinacional HIF en Punta Arenas. El decano, ingeniero Mario Ferreyra, calific\u00f3 la experiencia como \u00abmuy rica y gratificante\u00bb, destacando la avanzada tecnolog\u00eda utilizada en el proceso de producci\u00f3n de este combustible limpio, impulsado por energ\u00eda e\u00f3lica.<\/p>\n\n\n\n<p>Ferreyra subray\u00f3 la importancia de esta visita, que permiti\u00f3 a docentes, investigadores y alumnos comprender de manera pr\u00e1ctica los procesos involucrados en la producci\u00f3n de hidr\u00f3geno verde y sus potenciales usos para combatir el cambio clim\u00e1tico. La delegaci\u00f3n recibi\u00f3 una completa gu\u00eda durante la visita, lo que result\u00f3 en un gran nivel de satisfacci\u00f3n entre los participantes.<\/p>\n\n\n\n<p>Adem\u00e1s, la jornada incluy\u00f3 una reuni\u00f3n con autoridades de la Universidad de Magallanes (UMAG) para discutir un posible acuerdo de cooperaci\u00f3n que fomentar\u00eda el intercambio de estudiantes y la colaboraci\u00f3n en proyectos de investigaci\u00f3n. Ferreyra agradeci\u00f3 al C\u00f3nsul de Chile en R\u00edo Grande, Roberto Ruiz Pirac\u00e9s, por facilitar los contactos necesarios, as\u00ed como a los ingenieros de HIF por su c\u00e1lida recepci\u00f3n y atenci\u00f3n a la comitiva.<\/p>\n","protected":false},"excerpt":{"rendered":"","protected":false},"author":2,"featured_media":91053,"comment_status":"open","ping_status":"open","sticky":false,"template":"","format":"standard","meta":{"site-sidebar-layout":"default","site-content-layout":"","ast-site-content-layout":"default","site-content-style":"default","site-sidebar-style":"default","ast-global-header-display":"","ast-banner-title-visibility":"","ast-main-header-display":"","ast-hfb-above-header-display":"","ast-hfb-below-header-display":"","ast-hfb-mobile-header-display":"","site-post-title":"","ast-breadcrumbs-content":"","ast-featured-img":"","footer-sml-layout":"","ast-disable-related-posts":"","theme-transparent-header-meta":"","adv-header-id-meta":"","stick-header-meta":"","header-above-stick-meta":"","header-main-stick-meta":"","header-below-stick-meta":"","astra-migrate-meta-layouts":"default","ast-page-background-enabled":"default","ast-page-background-meta":{"desktop":{"background-color":"var(--ast-global-color-5)","background-image":"","background-repeat":"repeat","background-position":"center center","background-size":"auto","background-attachment":"scroll","background-type":"","background-media":"","overlay-type":"","overlay-color":"","overlay-opacity":"","overlay-gradient":""},"tablet":{"background-color":"","background-image":"","background-repeat":"repeat","background-position":"center center","background-size":"auto","background-attachment":"scroll","background-type":"","background-media":"","overlay-type":"","overlay-color":"","overlay-opacity":"","overlay-gradient":""},"mobile":{"background-color":"","background-image":"","background-repeat":"repeat","background-position":"center center","background-size":"auto","background-attachment":"scroll","background-type":"","background-media":"","overlay-type":"","overlay-color":"","overlay-opacity":"","overlay-gradient":""}},"ast-content-background-meta":{"desktop":{"background-color":"var(--ast-global-color-4)","background-image":"","background-repeat":"repeat","background-position":"center center","background-size":"auto","background-attachment":"scroll","background-type":"","background-media":"","overlay-type":"","overlay-color":"","overlay-opacity":"","overlay-gradient":""},"tablet":{"background-color":"var(--ast-global-color-4)","background-image":"","background-repeat":"repeat","background-position":"center center","background-size":"auto","background-attachment":"scroll","background-type":"","background-media":"","overlay-type":"","overlay-color":"","overlay-opacity":"","overlay-gradient":""},"mobile":{"background-color":"var(--ast-global-color-4)","background-image":"","background-repeat":"repeat","background-position":"center center","background-size":"auto","background-attachment":"scroll","background-type":"","background-media":"","overlay-type":"","overlay-color":"","overlay-opacity":"","overlay-gradient":""}},"footnotes":""},"categories":[3379,11,1],"tags":[],"class_list":["post-91052","post","type-post","status-publish","format-standard","has-post-thumbnail","hentry","category-america-latina","category-boletin","category-noticias"],"yoast_head":"<!-- This site is optimized with the Yoast SEO Premium plugin v23.0 (Yoast SEO v27.5) - https:\/\/yoast.com\/product\/yoast-seo-premium-wordpress\/ -->\n<title>Delegaci\u00f3n de la UTN explora planta de hidr\u00f3geno verde en Punta Arenas<\/title>\n<meta name=\"description\" content=\"Una delegaci\u00f3n de la UTN de R\u00edo Grande visit\u00f3 la planta de producci\u00f3n de hidr\u00f3geno verde de la multinacional HIF en Punta Arenas.\" \/>\n<meta name=\"robots\" content=\"index, follow, max-snippet:-1, max-image-preview:large, max-video-preview:-1\" \/>\n<link rel=\"canonical\" href=\"https:\/\/patagoniambiental.com.ar\/info\/delegacion-de-la-utn-explora-planta-de-hidrogeno-verde-en-punta-arenas\/\" \/>\n<meta property=\"og:locale\" content=\"es_ES\" \/>\n<meta property=\"og:type\" content=\"article\" \/>\n<meta property=\"og:title\" content=\"Delegaci\u00f3n de la UTN explora planta de hidr\u00f3geno verde en Punta Arenas\" \/>\n<meta property=\"og:description\" content=\"Una delegaci\u00f3n de la UTN de R\u00edo Grande visit\u00f3 la planta de producci\u00f3n de hidr\u00f3geno verde de la multinacional HIF en Punta Arenas.\" \/>\n<meta property=\"og:url\" content=\"https:\/\/patagoniambiental.com.ar\/info\/delegacion-de-la-utn-explora-planta-de-hidrogeno-verde-en-punta-arenas\/\" \/>\n<meta property=\"og:site_name\" content=\"Patagonia Ambiental\" \/>\n<meta property=\"article:publisher\" content=\"https:\/\/www.facebook.com\/patagonia.ambiental\" \/>\n<meta property=\"article:author\" content=\"https:\/\/www.facebook.com\/share\/1C1V8Gv9BX\/?mibextid=qi2Omg\" \/>\n<meta property=\"article:published_time\" content=\"2024-10-03T22:08:00+00:00\" \/>\n<meta property=\"article:modified_time\" content=\"2025-05-04T19:54:21+00:00\" \/>\n<meta property=\"og:image\" content=\"https:\/\/patagoniambiental.com.ar\/info\/wp-content\/uploads\/2024\/10\/punta-arenas.jpeg\" \/>\n\t<meta property=\"og:image:width\" content=\"1280\" \/>\n\t<meta property=\"og:image:height\" content=\"960\" \/>\n\t<meta property=\"og:image:type\" content=\"image\/jpeg\" \/>\n<meta name=\"author\" content=\"Patagonia Ambiental\" \/>\n<meta name=\"twitter:card\" content=\"summary_large_image\" \/>\n<meta name=\"twitter:creator\" content=\"@PatAmb\" \/>\n<meta name=\"twitter:site\" content=\"@PatAmb\" \/>\n<script type=\"application\/ld+json\" class=\"yoast-schema-graph\">{\"@context\":\"https:\\\/\\\/schema.org\",\"@graph\":[{\"@type\":\"Article\",\"@id\":\"https:\\\/\\\/patagoniambiental.com.ar\\\/info\\\/delegacion-de-la-utn-explora-planta-de-hidrogeno-verde-en-punta-arenas\\\/#article\",\"isPartOf\":{\"@id\":\"https:\\\/\\\/patagoniambiental.com.ar\\\/info\\\/delegacion-de-la-utn-explora-planta-de-hidrogeno-verde-en-punta-arenas\\\/\"},\"author\":{\"name\":\"Patagonia Ambiental\",\"@id\":\"https:\\\/\\\/patagoniambiental.com.ar\\\/info\\\/#\\\/schema\\\/person\\\/db12bff64bbcbf6a253710bf0ea37b5d\"},\"headline\":\"Delegaci\u00f3n de la UTN explora planta de hidr\u00f3geno verde en Punta Arenas\",\"datePublished\":\"2024-10-03T22:08:00+00:00\",\"dateModified\":\"2025-05-04T19:54:21+00:00\",\"mainEntityOfPage\":{\"@id\":\"https:\\\/\\\/patagoniambiental.com.ar\\\/info\\\/delegacion-de-la-utn-explora-planta-de-hidrogeno-verde-en-punta-arenas\\\/\"},\"wordCount\":230,\"commentCount\":0,\"publisher\":{\"@id\":\"https:\\\/\\\/patagoniambiental.com.ar\\\/info\\\/#organization\"},\"image\":{\"@id\":\"https:\\\/\\\/patagoniambiental.com.ar\\\/info\\\/delegacion-de-la-utn-explora-planta-de-hidrogeno-verde-en-punta-arenas\\\/#primaryimage\"},\"thumbnailUrl\":\"https:\\\/\\\/patagoniambiental.com.ar\\\/info\\\/wp-content\\\/uploads\\\/2024\\\/10\\\/punta-arenas.jpeg\",\"articleSection\":[\"Am\u00e9rica Latina\",\"Bolet\u00edn\",\"Noticias\"],\"inLanguage\":\"es\",\"potentialAction\":[{\"@type\":\"CommentAction\",\"name\":\"Comment\",\"target\":[\"https:\\\/\\\/patagoniambiental.com.ar\\\/info\\\/delegacion-de-la-utn-explora-planta-de-hidrogeno-verde-en-punta-arenas\\\/#respond\"]}]},{\"@type\":\"WebPage\",\"@id\":\"https:\\\/\\\/patagoniambiental.com.ar\\\/info\\\/delegacion-de-la-utn-explora-planta-de-hidrogeno-verde-en-punta-arenas\\\/\",\"url\":\"https:\\\/\\\/patagoniambiental.com.ar\\\/info\\\/delegacion-de-la-utn-explora-planta-de-hidrogeno-verde-en-punta-arenas\\\/\",\"name\":\"Delegaci\u00f3n de la UTN explora planta de hidr\u00f3geno verde en Punta Arenas\",\"isPartOf\":{\"@id\":\"https:\\\/\\\/patagoniambiental.com.ar\\\/info\\\/#website\"},\"primaryImageOfPage\":{\"@id\":\"https:\\\/\\\/patagoniambiental.com.ar\\\/info\\\/delegacion-de-la-utn-explora-planta-de-hidrogeno-verde-en-punta-arenas\\\/#primaryimage\"},\"image\":{\"@id\":\"https:\\\/\\\/patagoniambiental.com.ar\\\/info\\\/delegacion-de-la-utn-explora-planta-de-hidrogeno-verde-en-punta-arenas\\\/#primaryimage\"},\"thumbnailUrl\":\"https:\\\/\\\/patagoniambiental.com.ar\\\/info\\\/wp-content\\\/uploads\\\/2024\\\/10\\\/punta-arenas.jpeg\",\"datePublished\":\"2024-10-03T22:08:00+00:00\",\"dateModified\":\"2025-05-04T19:54:21+00:00\",\"description\":\"Una delegaci\u00f3n de la UTN de R\u00edo Grande visit\u00f3 la planta de producci\u00f3n de hidr\u00f3geno verde de la multinacional HIF en Punta Arenas.\",\"breadcrumb\":{\"@id\":\"https:\\\/\\\/patagoniambiental.com.ar\\\/info\\\/delegacion-de-la-utn-explora-planta-de-hidrogeno-verde-en-punta-arenas\\\/#breadcrumb\"},\"inLanguage\":\"es\",\"potentialAction\":[{\"@type\":\"ReadAction\",\"target\":[\"https:\\\/\\\/patagoniambiental.com.ar\\\/info\\\/delegacion-de-la-utn-explora-planta-de-hidrogeno-verde-en-punta-arenas\\\/\"]}]},{\"@type\":\"ImageObject\",\"inLanguage\":\"es\",\"@id\":\"https:\\\/\\\/patagoniambiental.com.ar\\\/info\\\/delegacion-de-la-utn-explora-planta-de-hidrogeno-verde-en-punta-arenas\\\/#primaryimage\",\"url\":\"https:\\\/\\\/patagoniambiental.com.ar\\\/info\\\/wp-content\\\/uploads\\\/2024\\\/10\\\/punta-arenas.jpeg\",\"contentUrl\":\"https:\\\/\\\/patagoniambiental.com.ar\\\/info\\\/wp-content\\\/uploads\\\/2024\\\/10\\\/punta-arenas.jpeg\",\"width\":800,\"height\":600},{\"@type\":\"BreadcrumbList\",\"@id\":\"https:\\\/\\\/patagoniambiental.com.ar\\\/info\\\/delegacion-de-la-utn-explora-planta-de-hidrogeno-verde-en-punta-arenas\\\/#breadcrumb\",\"itemListElement\":[{\"@type\":\"ListItem\",\"position\":1,\"name\":\"Inicio\",\"item\":\"https:\\\/\\\/patagoniambiental.com.ar\\\/info\\\/\"},{\"@type\":\"ListItem\",\"position\":2,\"name\":\"Delegaci\u00f3n de la UTN explora planta de hidr\u00f3geno verde en Punta Arenas\"}]},{\"@type\":\"WebSite\",\"@id\":\"https:\\\/\\\/patagoniambiental.com.ar\\\/info\\\/#website\",\"url\":\"https:\\\/\\\/patagoniambiental.com.ar\\\/info\\\/\",\"name\":\"Patagonia Ambiental\",\"description\":\"Monitoreo y an\u00e1lisis de la situaci\u00f3n geopol\u00edtica en el mundo y su implicancia en la Patagonia\",\"publisher\":{\"@id\":\"https:\\\/\\\/patagoniambiental.com.ar\\\/info\\\/#organization\"},\"potentialAction\":[{\"@type\":\"SearchAction\",\"target\":{\"@type\":\"EntryPoint\",\"urlTemplate\":\"https:\\\/\\\/patagoniambiental.com.ar\\\/info\\\/?s={search_term_string}\"},\"query-input\":{\"@type\":\"PropertyValueSpecification\",\"valueRequired\":true,\"valueName\":\"search_term_string\"}}],\"inLanguage\":\"es\"},{\"@type\":\"Organization\",\"@id\":\"https:\\\/\\\/patagoniambiental.com.ar\\\/info\\\/#organization\",\"name\":\"Patagonia Ambiental\",\"url\":\"https:\\\/\\\/patagoniambiental.com.ar\\\/info\\\/\",\"logo\":{\"@type\":\"ImageObject\",\"inLanguage\":\"es\",\"@id\":\"https:\\\/\\\/patagoniambiental.com.ar\\\/info\\\/#\\\/schema\\\/logo\\\/image\\\/\",\"url\":\"https:\\\/\\\/patagoniambiental.com.ar\\\/info\\\/wp-content\\\/uploads\\\/2025\\\/05\\\/LOGO-PATAGONIA-AMBIENTAL.png\",\"contentUrl\":\"https:\\\/\\\/patagoniambiental.com.ar\\\/info\\\/wp-content\\\/uploads\\\/2025\\\/05\\\/LOGO-PATAGONIA-AMBIENTAL.png\",\"width\":433,\"height\":250,\"caption\":\"Patagonia Ambiental\"},\"image\":{\"@id\":\"https:\\\/\\\/patagoniambiental.com.ar\\\/info\\\/#\\\/schema\\\/logo\\\/image\\\/\"},\"sameAs\":[\"https:\\\/\\\/www.facebook.com\\\/patagonia.ambiental\",\"https:\\\/\\\/x.com\\\/PatAmb\"]},{\"@type\":\"Person\",\"@id\":\"https:\\\/\\\/patagoniambiental.com.ar\\\/info\\\/#\\\/schema\\\/person\\\/db12bff64bbcbf6a253710bf0ea37b5d\",\"name\":\"Patagonia Ambiental\",\"description\":\"Andr\u00e9s Nievas T\u00e9cnico en manejo ambiental, consultor Ambiental y escritor para medios locales e internacionales sobre temas de geopolitica y medio ambiente.\",\"sameAs\":[\"http:\\\/\\\/www.patagoniambiental.com.ar\",\"https:\\\/\\\/www.facebook.com\\\/share\\\/1C1V8Gv9BX\\\/?mibextid=qi2Omg\",\"@patagoniambiental\",\"https:\\\/\\\/youtube.com\\\/@patagoniaambiental2023?si=BLt58t0wuXquxlYZ\"]}]}<\/script>\n<!-- \/ Yoast SEO Premium plugin. -->","yoast_head_json":{"title":"Delegaci\u00f3n de la UTN explora planta de hidr\u00f3geno verde en Punta Arenas","description":"Una delegaci\u00f3n de la UTN de R\u00edo Grande visit\u00f3 la planta de producci\u00f3n de hidr\u00f3geno verde de la multinacional HIF en Punta Arenas.","robots":{"index":"index","follow":"follow","max-snippet":"max-snippet:-1","max-image-preview":"max-image-preview:large","max-video-preview":"max-video-preview:-1"},"canonical":"https:\/\/patagoniambiental.com.ar\/info\/delegacion-de-la-utn-explora-planta-de-hidrogeno-verde-en-punta-arenas\/","og_locale":"es_ES","og_type":"article","og_title":"Delegaci\u00f3n de la UTN explora planta de hidr\u00f3geno verde en Punta Arenas","og_description":"Una delegaci\u00f3n de la UTN de R\u00edo Grande visit\u00f3 la planta de producci\u00f3n de hidr\u00f3geno verde de la multinacional HIF en Punta Arenas.","og_url":"https:\/\/patagoniambiental.com.ar\/info\/delegacion-de-la-utn-explora-planta-de-hidrogeno-verde-en-punta-arenas\/","og_site_name":"Patagonia Ambiental","article_publisher":"https:\/\/www.facebook.com\/patagonia.ambiental","article_author":"https:\/\/www.facebook.com\/share\/1C1V8Gv9BX\/?mibextid=qi2Omg","article_published_time":"2024-10-03T22:08:00+00:00","article_modified_time":"2025-05-04T19:54:21+00:00","og_image":[{"width":1280,"height":960,"url":"https:\/\/patagoniambiental.com.ar\/info\/wp-content\/uploads\/2024\/10\/punta-arenas.jpeg","type":"image\/jpeg"}],"author":"Patagonia Ambiental","twitter_card":"summary_large_image","twitter_creator":"@PatAmb","twitter_site":"@PatAmb","schema":{"@context":"https:\/\/schema.org","@graph":[{"@type":"Article","@id":"https:\/\/patagoniambiental.com.ar\/info\/delegacion-de-la-utn-explora-planta-de-hidrogeno-verde-en-punta-arenas\/#article","isPartOf":{"@id":"https:\/\/patagoniambiental.com.ar\/info\/delegacion-de-la-utn-explora-planta-de-hidrogeno-verde-en-punta-arenas\/"},"author":{"name":"Patagonia Ambiental","@id":"https:\/\/patagoniambiental.com.ar\/info\/#\/schema\/person\/db12bff64bbcbf6a253710bf0ea37b5d"},"headline":"Delegaci\u00f3n de la UTN explora planta de hidr\u00f3geno verde en Punta Arenas","datePublished":"2024-10-03T22:08:00+00:00","dateModified":"2025-05-04T19:54:21+00:00","mainEntityOfPage":{"@id":"https:\/\/patagoniambiental.com.ar\/info\/delegacion-de-la-utn-explora-planta-de-hidrogeno-verde-en-punta-arenas\/"},"wordCount":230,"commentCount":0,"publisher":{"@id":"https:\/\/patagoniambiental.com.ar\/info\/#organization"},"image":{"@id":"https:\/\/patagoniambiental.com.ar\/info\/delegacion-de-la-utn-explora-planta-de-hidrogeno-verde-en-punta-arenas\/#primaryimage"},"thumbnailUrl":"https:\/\/patagoniambiental.com.ar\/info\/wp-content\/uploads\/2024\/10\/punta-arenas.jpeg","articleSection":["Am\u00e9rica Latina","Bolet\u00edn","Noticias"],"inLanguage":"es","potentialAction":[{"@type":"CommentAction","name":"Comment","target":["https:\/\/patagoniambiental.com.ar\/info\/delegacion-de-la-utn-explora-planta-de-hidrogeno-verde-en-punta-arenas\/#respond"]}]},{"@type":"WebPage","@id":"https:\/\/patagoniambiental.com.ar\/info\/delegacion-de-la-utn-explora-planta-de-hidrogeno-verde-en-punta-arenas\/","url":"https:\/\/patagoniambiental.com.ar\/info\/delegacion-de-la-utn-explora-planta-de-hidrogeno-verde-en-punta-arenas\/","name":"Delegaci\u00f3n de la UTN explora planta de hidr\u00f3geno verde en Punta Arenas","isPartOf":{"@id":"https:\/\/patagoniambiental.com.ar\/info\/#website"},"primaryImageOfPage":{"@id":"https:\/\/patagoniambiental.com.ar\/info\/delegacion-de-la-utn-explora-planta-de-hidrogeno-verde-en-punta-arenas\/#primaryimage"},"image":{"@id":"https:\/\/patagoniambiental.com.ar\/info\/delegacion-de-la-utn-explora-planta-de-hidrogeno-verde-en-punta-arenas\/#primaryimage"},"thumbnailUrl":"https:\/\/patagoniambiental.com.ar\/info\/wp-content\/uploads\/2024\/10\/punta-arenas.jpeg","datePublished":"2024-10-03T22:08:00+00:00","dateModified":"2025-05-04T19:54:21+00:00","description":"Una delegaci\u00f3n de la UTN de R\u00edo Grande visit\u00f3 la planta de producci\u00f3n de hidr\u00f3geno verde de la multinacional HIF en Punta Arenas.","breadcrumb":{"@id":"https:\/\/patagoniambiental.com.ar\/info\/delegacion-de-la-utn-explora-planta-de-hidrogeno-verde-en-punta-arenas\/#breadcrumb"},"inLanguage":"es","potentialAction":[{"@type":"ReadAction","target":["https:\/\/patagoniambiental.com.ar\/info\/delegacion-de-la-utn-explora-planta-de-hidrogeno-verde-en-punta-arenas\/"]}]},{"@type":"ImageObject","inLanguage":"es","@id":"https:\/\/patagoniambiental.com.ar\/info\/delegacion-de-la-utn-explora-planta-de-hidrogeno-verde-en-punta-arenas\/#primaryimage","url":"https:\/\/patagoniambiental.com.ar\/info\/wp-content\/uploads\/2024\/10\/punta-arenas.jpeg","contentUrl":"https:\/\/patagoniambiental.com.ar\/info\/wp-content\/uploads\/2024\/10\/punta-arenas.jpeg","width":800,"height":600},{"@type":"BreadcrumbList","@id":"https:\/\/patagoniambiental.com.ar\/info\/delegacion-de-la-utn-explora-planta-de-hidrogeno-verde-en-punta-arenas\/#breadcrumb","itemListElement":[{"@type":"ListItem","position":1,"name":"Inicio","item":"https:\/\/patagoniambiental.com.ar\/info\/"},{"@type":"ListItem","position":2,"name":"Delegaci\u00f3n de la UTN explora planta de hidr\u00f3geno verde en Punta Arenas"}]},{"@type":"WebSite","@id":"https:\/\/patagoniambiental.com.ar\/info\/#website","url":"https:\/\/patagoniambiental.com.ar\/info\/","name":"Patagonia Ambiental","description":"Monitoreo y an\u00e1lisis de la situaci\u00f3n geopol\u00edtica en el mundo y su implicancia en la Patagonia","publisher":{"@id":"https:\/\/patagoniambiental.com.ar\/info\/#organization"},"potentialAction":[{"@type":"SearchAction","target":{"@type":"EntryPoint","urlTemplate":"https:\/\/patagoniambiental.com.ar\/info\/?s={search_term_string}"},"query-input":{"@type":"PropertyValueSpecification","valueRequired":true,"valueName":"search_term_string"}}],"inLanguage":"es"},{"@type":"Organization","@id":"https:\/\/patagoniambiental.com.ar\/info\/#organization","name":"Patagonia Ambiental","url":"https:\/\/patagoniambiental.com.ar\/info\/","logo":{"@type":"ImageObject","inLanguage":"es","@id":"https:\/\/patagoniambiental.com.ar\/info\/#\/schema\/logo\/image\/","url":"https:\/\/patagoniambiental.com.ar\/info\/wp-content\/uploads\/2025\/05\/LOGO-PATAGONIA-AMBIENTAL.png","contentUrl":"https:\/\/patagoniambiental.com.ar\/info\/wp-content\/uploads\/2025\/05\/LOGO-PATAGONIA-AMBIENTAL.png","width":433,"height":250,"caption":"Patagonia Ambiental"},"image":{"@id":"https:\/\/patagoniambiental.com.ar\/info\/#\/schema\/logo\/image\/"},"sameAs":["https:\/\/www.facebook.com\/patagonia.ambiental","https:\/\/x.com\/PatAmb"]},{"@type":"Person","@id":"https:\/\/patagoniambiental.com.ar\/info\/#\/schema\/person\/db12bff64bbcbf6a253710bf0ea37b5d","name":"Patagonia Ambiental","description":"Andr\u00e9s Nievas T\u00e9cnico en manejo ambiental, consultor Ambiental y escritor para medios locales e internacionales sobre temas de geopolitica y medio ambiente.","sameAs":["http:\/\/www.patagoniambiental.com.ar","https:\/\/www.facebook.com\/share\/1C1V8Gv9BX\/?mibextid=qi2Omg","@patagoniambiental","https:\/\/youtube.com\/@patagoniaambiental2023?si=BLt58t0wuXquxlYZ"]}]}},"_links":{"self":[{"href":"https:\/\/patagoniambiental.com.ar\/info\/wp-json\/wp\/v2\/posts\/91052","targetHints":{"allow":["GET"]}}],"collection":[{"href":"https:\/\/patagoniambiental.com.ar\/info\/wp-json\/wp\/v2\/posts"}],"about":[{"href":"https:\/\/patagoniambiental.com.ar\/info\/wp-json\/wp\/v2\/types\/post"}],"author":[{"embeddable":true,"href":"https:\/\/patagoniambiental.com.ar\/info\/wp-json\/wp\/v2\/users\/2"}],"replies":[{"embeddable":true,"href":"https:\/\/patagoniambiental.com.ar\/info\/wp-json\/wp\/v2\/comments?post=91052"}],"version-history":[{"count":0,"href":"https:\/\/patagoniambiental.com.ar\/info\/wp-json\/wp\/v2\/posts\/91052\/revisions"}],"wp:featuredmedia":[{"embeddable":true,"href":"https:\/\/patagoniambiental.com.ar\/info\/wp-json\/wp\/v2\/media\/91053"}],"wp:attachment":[{"href":"https:\/\/patagoniambiental.com.ar\/info\/wp-json\/wp\/v2\/media?parent=91052"}],"wp:term":[{"taxonomy":"category","embeddable":true,"href":"https:\/\/patagoniambiental.com.ar\/info\/wp-json\/wp\/v2\/categories?post=91052"},{"taxonomy":"post_tag","embeddable":true,"href":"https:\/\/patagoniambiental.com.ar\/info\/wp-json\/wp\/v2\/tags?post=91052"}],"curies":[{"name":"wp","href":"https:\/\/api.w.org\/{rel}","templated":true}]}}