{"id":91061,"date":"2024-10-04T12:04:01","date_gmt":"2024-10-04T15:04:01","guid":{"rendered":"https:\/\/patagoniambiental.com.ar\/info\/?p=91061"},"modified":"2025-05-10T13:27:01","modified_gmt":"2025-05-10T16:27:01","slug":"vuoto-impulsa-colaboracion-con-cooperativa-renacer-para-reciclado-en-ushuaia","status":"publish","type":"post","link":"https:\/\/patagoniambiental.com.ar\/info\/vuoto-impulsa-colaboracion-con-cooperativa-renacer-para-reciclado-en-ushuaia\/","title":{"rendered":"Vuoto impulsa colaboraci\u00f3n con Cooperativa Renacer para reciclado en Ushuaia"},"content":{"rendered":"\n<!--more-->\n\n\n\n<p>Ushuaia (Tierra del Fuego), 4 de octubre de 2024. El intendente de Ushuaia, Walter Vuoto, visit\u00f3 las instalaciones de la Cooperativa Renacer para explorar la posibilidad de establecer un Centro de Econom\u00eda Circular en el predio de la cooperativa. <\/p>\n\n\n\n<p>Durante el recorrido, acompa\u00f1ado por el secretario de Ambiente y Desarrollo Sustentable, Jorge Herrera, se discutieron estrategias para potenciar los programas de reciclaje en la ciudad.<\/p>\n\n\n\n<p>Herrera destac\u00f3 la importancia de esta alianza para fortalecer las iniciativas de reciclado de residuos del municipio. La cooperativa cuenta con una planta especializada en el tratamiento de productos PET y pl\u00e1sticos recuperados, lo que abre oportunidades para un trabajo conjunto. <\/p>\n\n\n\n<p>Roberto Trujillo, subsecretario de Desarrollo Econ\u00f3mico, mencion\u00f3 la intenci\u00f3n de articular convenios de colaboraci\u00f3n y realizar mesas de trabajo para avanzar en acciones conjuntas que beneficien a la comunidad y al medio ambiente.<\/p>\n","protected":false},"excerpt":{"rendered":"","protected":false},"author":2,"featured_media":91062,"comment_status":"open","ping_status":"open","sticky":false,"template":"","format":"standard","meta":{"site-sidebar-layout":"default","site-content-layout":"","ast-site-content-layout":"default","site-content-style":"default","site-sidebar-style":"default","ast-global-header-display":"","ast-banner-title-visibility":"","ast-main-header-display":"","ast-hfb-above-header-display":"","ast-hfb-below-header-display":"","ast-hfb-mobile-header-display":"","site-post-title":"","ast-breadcrumbs-content":"","ast-featured-img":"","footer-sml-layout":"","ast-disable-related-posts":"","theme-transparent-header-meta":"","adv-header-id-meta":"","stick-header-meta":"","header-above-stick-meta":"","header-main-stick-meta":"","header-below-stick-meta":"","astra-migrate-meta-layouts":"default","ast-page-background-enabled":"default","ast-page-background-meta":{"desktop":{"background-color":"var(--ast-global-color-5)","background-image":"","background-repeat":"repeat","background-position":"center center","background-size":"auto","background-attachment":"scroll","background-type":"","background-media":"","overlay-type":"","overlay-color":"","overlay-opacity":"","overlay-gradient":""},"tablet":{"background-color":"","background-image":"","background-repeat":"repeat","background-position":"center center","background-size":"auto","background-attachment":"scroll","background-type":"","background-media":"","overlay-type":"","overlay-color":"","overlay-opacity":"","overlay-gradient":""},"mobile":{"background-color":"","background-image":"","background-repeat":"repeat","background-position":"center center","background-size":"auto","background-attachment":"scroll","background-type":"","background-media":"","overlay-type":"","overlay-color":"","overlay-opacity":"","overlay-gradient":""}},"ast-content-background-meta":{"desktop":{"background-color":"var(--ast-global-color-4)","background-image":"","background-repeat":"repeat","background-position":"center center","background-size":"auto","background-attachment":"scroll","background-type":"","background-media":"","overlay-type":"","overlay-color":"","overlay-opacity":"","overlay-gradient":""},"tablet":{"background-color":"var(--ast-global-color-4)","background-image":"","background-repeat":"repeat","background-position":"center center","background-size":"auto","background-attachment":"scroll","background-type":"","background-media":"","overlay-type":"","overlay-color":"","overlay-opacity":"","overlay-gradient":""},"mobile":{"background-color":"var(--ast-global-color-4)","background-image":"","background-repeat":"repeat","background-position":"center center","background-size":"auto","background-attachment":"scroll","background-type":"","background-media":"","overlay-type":"","overlay-color":"","overlay-opacity":"","overlay-gradient":""}},"footnotes":""},"categories":[16,1],"tags":[],"class_list":["post-91061","post","type-post","status-publish","format-standard","has-post-thumbnail","hentry","category-municipales","category-noticias"],"yoast_head":"<!-- This site is optimized with the Yoast SEO Premium plugin v23.0 (Yoast SEO v27.5) - https:\/\/yoast.com\/product\/yoast-seo-premium-wordpress\/ -->\n<title>Vuoto impulsa colaboraci\u00f3n con Cooperativa Renacer para reciclado en Ushuaia<\/title>\n<meta name=\"description\" content=\"El intendente de Ushuaia visit\u00f3 instalaciones de la Cooperativa Renacer para explorar la posibilidad de establecer Centro de Econom\u00eda Circular\" \/>\n<meta name=\"robots\" content=\"index, follow, max-snippet:-1, max-image-preview:large, max-video-preview:-1\" \/>\n<link rel=\"canonical\" href=\"https:\/\/patagoniambiental.com.ar\/info\/vuoto-impulsa-colaboracion-con-cooperativa-renacer-para-reciclado-en-ushuaia\/\" \/>\n<meta property=\"og:locale\" content=\"es_ES\" \/>\n<meta property=\"og:type\" content=\"article\" \/>\n<meta property=\"og:title\" content=\"Vuoto impulsa colaboraci\u00f3n con Cooperativa Renacer para reciclado en Ushuaia\" \/>\n<meta property=\"og:description\" content=\"El intendente de Ushuaia visit\u00f3 instalaciones de la Cooperativa Renacer para explorar la posibilidad de establecer Centro de Econom\u00eda Circular\" \/>\n<meta property=\"og:url\" content=\"https:\/\/patagoniambiental.com.ar\/info\/vuoto-impulsa-colaboracion-con-cooperativa-renacer-para-reciclado-en-ushuaia\/\" \/>\n<meta property=\"og:site_name\" content=\"Patagonia Ambiental\" \/>\n<meta property=\"article:publisher\" content=\"https:\/\/www.facebook.com\/patagonia.ambiental\" \/>\n<meta property=\"article:author\" content=\"https:\/\/www.facebook.com\/share\/1C1V8Gv9BX\/?mibextid=qi2Omg\" \/>\n<meta property=\"article:published_time\" content=\"2024-10-04T15:04:01+00:00\" \/>\n<meta property=\"article:modified_time\" content=\"2025-05-10T16:27:01+00:00\" \/>\n<meta property=\"og:image\" content=\"https:\/\/patagoniambiental.com.ar\/info\/wp-content\/uploads\/2024\/10\/ushuaia-2.jpg\" \/>\n\t<meta property=\"og:image:width\" content=\"600\" \/>\n\t<meta property=\"og:image:height\" content=\"344\" \/>\n\t<meta property=\"og:image:type\" content=\"image\/jpeg\" \/>\n<meta name=\"author\" content=\"Patagonia Ambiental\" \/>\n<meta name=\"twitter:card\" content=\"summary_large_image\" \/>\n<meta name=\"twitter:creator\" content=\"@PatAmb\" \/>\n<meta name=\"twitter:site\" content=\"@PatAmb\" \/>\n<script type=\"application\/ld+json\" class=\"yoast-schema-graph\">{\"@context\":\"https:\\\/\\\/schema.org\",\"@graph\":[{\"@type\":\"Article\",\"@id\":\"https:\\\/\\\/patagoniambiental.com.ar\\\/info\\\/vuoto-impulsa-colaboracion-con-cooperativa-renacer-para-reciclado-en-ushuaia\\\/#article\",\"isPartOf\":{\"@id\":\"https:\\\/\\\/patagoniambiental.com.ar\\\/info\\\/vuoto-impulsa-colaboracion-con-cooperativa-renacer-para-reciclado-en-ushuaia\\\/\"},\"author\":{\"name\":\"Patagonia Ambiental\",\"@id\":\"https:\\\/\\\/patagoniambiental.com.ar\\\/info\\\/#\\\/schema\\\/person\\\/db12bff64bbcbf6a253710bf0ea37b5d\"},\"headline\":\"Vuoto impulsa colaboraci\u00f3n con Cooperativa Renacer para reciclado en Ushuaia\",\"datePublished\":\"2024-10-04T15:04:01+00:00\",\"dateModified\":\"2025-05-10T16:27:01+00:00\",\"mainEntityOfPage\":{\"@id\":\"https:\\\/\\\/patagoniambiental.com.ar\\\/info\\\/vuoto-impulsa-colaboracion-con-cooperativa-renacer-para-reciclado-en-ushuaia\\\/\"},\"wordCount\":154,\"commentCount\":0,\"publisher\":{\"@id\":\"https:\\\/\\\/patagoniambiental.com.ar\\\/info\\\/#organization\"},\"image\":{\"@id\":\"https:\\\/\\\/patagoniambiental.com.ar\\\/info\\\/vuoto-impulsa-colaboracion-con-cooperativa-renacer-para-reciclado-en-ushuaia\\\/#primaryimage\"},\"thumbnailUrl\":\"https:\\\/\\\/patagoniambiental.com.ar\\\/info\\\/wp-content\\\/uploads\\\/2024\\\/10\\\/ushuaia-2.jpg\",\"articleSection\":[\"Municipales\",\"Noticias\"],\"inLanguage\":\"es\",\"potentialAction\":[{\"@type\":\"CommentAction\",\"name\":\"Comment\",\"target\":[\"https:\\\/\\\/patagoniambiental.com.ar\\\/info\\\/vuoto-impulsa-colaboracion-con-cooperativa-renacer-para-reciclado-en-ushuaia\\\/#respond\"]}]},{\"@type\":\"WebPage\",\"@id\":\"https:\\\/\\\/patagoniambiental.com.ar\\\/info\\\/vuoto-impulsa-colaboracion-con-cooperativa-renacer-para-reciclado-en-ushuaia\\\/\",\"url\":\"https:\\\/\\\/patagoniambiental.com.ar\\\/info\\\/vuoto-impulsa-colaboracion-con-cooperativa-renacer-para-reciclado-en-ushuaia\\\/\",\"name\":\"Vuoto impulsa colaboraci\u00f3n con Cooperativa Renacer para reciclado en Ushuaia\",\"isPartOf\":{\"@id\":\"https:\\\/\\\/patagoniambiental.com.ar\\\/info\\\/#website\"},\"primaryImageOfPage\":{\"@id\":\"https:\\\/\\\/patagoniambiental.com.ar\\\/info\\\/vuoto-impulsa-colaboracion-con-cooperativa-renacer-para-reciclado-en-ushuaia\\\/#primaryimage\"},\"image\":{\"@id\":\"https:\\\/\\\/patagoniambiental.com.ar\\\/info\\\/vuoto-impulsa-colaboracion-con-cooperativa-renacer-para-reciclado-en-ushuaia\\\/#primaryimage\"},\"thumbnailUrl\":\"https:\\\/\\\/patagoniambiental.com.ar\\\/info\\\/wp-content\\\/uploads\\\/2024\\\/10\\\/ushuaia-2.jpg\",\"datePublished\":\"2024-10-04T15:04:01+00:00\",\"dateModified\":\"2025-05-10T16:27:01+00:00\",\"description\":\"El intendente de Ushuaia visit\u00f3 instalaciones de la Cooperativa Renacer para explorar la posibilidad de establecer Centro de Econom\u00eda Circular\",\"breadcrumb\":{\"@id\":\"https:\\\/\\\/patagoniambiental.com.ar\\\/info\\\/vuoto-impulsa-colaboracion-con-cooperativa-renacer-para-reciclado-en-ushuaia\\\/#breadcrumb\"},\"inLanguage\":\"es\",\"potentialAction\":[{\"@type\":\"ReadAction\",\"target\":[\"https:\\\/\\\/patagoniambiental.com.ar\\\/info\\\/vuoto-impulsa-colaboracion-con-cooperativa-renacer-para-reciclado-en-ushuaia\\\/\"]}]},{\"@type\":\"ImageObject\",\"inLanguage\":\"es\",\"@id\":\"https:\\\/\\\/patagoniambiental.com.ar\\\/info\\\/vuoto-impulsa-colaboracion-con-cooperativa-renacer-para-reciclado-en-ushuaia\\\/#primaryimage\",\"url\":\"https:\\\/\\\/patagoniambiental.com.ar\\\/info\\\/wp-content\\\/uploads\\\/2024\\\/10\\\/ushuaia-2.jpg\",\"contentUrl\":\"https:\\\/\\\/patagoniambiental.com.ar\\\/info\\\/wp-content\\\/uploads\\\/2024\\\/10\\\/ushuaia-2.jpg\",\"width\":600,\"height\":344},{\"@type\":\"BreadcrumbList\",\"@id\":\"https:\\\/\\\/patagoniambiental.com.ar\\\/info\\\/vuoto-impulsa-colaboracion-con-cooperativa-renacer-para-reciclado-en-ushuaia\\\/#breadcrumb\",\"itemListElement\":[{\"@type\":\"ListItem\",\"position\":1,\"name\":\"Inicio\",\"item\":\"https:\\\/\\\/patagoniambiental.com.ar\\\/info\\\/\"},{\"@type\":\"ListItem\",\"position\":2,\"name\":\"Vuoto impulsa colaboraci\u00f3n con Cooperativa Renacer para reciclado en Ushuaia\"}]},{\"@type\":\"WebSite\",\"@id\":\"https:\\\/\\\/patagoniambiental.com.ar\\\/info\\\/#website\",\"url\":\"https:\\\/\\\/patagoniambiental.com.ar\\\/info\\\/\",\"name\":\"Patagonia Ambiental\",\"description\":\"Monitoreo y an\u00e1lisis de la situaci\u00f3n geopol\u00edtica en el mundo y su implicancia en la Patagonia\",\"publisher\":{\"@id\":\"https:\\\/\\\/patagoniambiental.com.ar\\\/info\\\/#organization\"},\"potentialAction\":[{\"@type\":\"SearchAction\",\"target\":{\"@type\":\"EntryPoint\",\"urlTemplate\":\"https:\\\/\\\/patagoniambiental.com.ar\\\/info\\\/?s={search_term_string}\"},\"query-input\":{\"@type\":\"PropertyValueSpecification\",\"valueRequired\":true,\"valueName\":\"search_term_string\"}}],\"inLanguage\":\"es\"},{\"@type\":\"Organization\",\"@id\":\"https:\\\/\\\/patagoniambiental.com.ar\\\/info\\\/#organization\",\"name\":\"Patagonia Ambiental\",\"url\":\"https:\\\/\\\/patagoniambiental.com.ar\\\/info\\\/\",\"logo\":{\"@type\":\"ImageObject\",\"inLanguage\":\"es\",\"@id\":\"https:\\\/\\\/patagoniambiental.com.ar\\\/info\\\/#\\\/schema\\\/logo\\\/image\\\/\",\"url\":\"https:\\\/\\\/patagoniambiental.com.ar\\\/info\\\/wp-content\\\/uploads\\\/2025\\\/05\\\/LOGO-PATAGONIA-AMBIENTAL.png\",\"contentUrl\":\"https:\\\/\\\/patagoniambiental.com.ar\\\/info\\\/wp-content\\\/uploads\\\/2025\\\/05\\\/LOGO-PATAGONIA-AMBIENTAL.png\",\"width\":433,\"height\":250,\"caption\":\"Patagonia Ambiental\"},\"image\":{\"@id\":\"https:\\\/\\\/patagoniambiental.com.ar\\\/info\\\/#\\\/schema\\\/logo\\\/image\\\/\"},\"sameAs\":[\"https:\\\/\\\/www.facebook.com\\\/patagonia.ambiental\",\"https:\\\/\\\/x.com\\\/PatAmb\"]},{\"@type\":\"Person\",\"@id\":\"https:\\\/\\\/patagoniambiental.com.ar\\\/info\\\/#\\\/schema\\\/person\\\/db12bff64bbcbf6a253710bf0ea37b5d\",\"name\":\"Patagonia Ambiental\",\"description\":\"Andr\u00e9s Nievas T\u00e9cnico en manejo ambiental, consultor Ambiental y escritor para medios locales e internacionales sobre temas de geopolitica y medio ambiente.\",\"sameAs\":[\"http:\\\/\\\/www.patagoniambiental.com.ar\",\"https:\\\/\\\/www.facebook.com\\\/share\\\/1C1V8Gv9BX\\\/?mibextid=qi2Omg\",\"@patagoniambiental\",\"https:\\\/\\\/youtube.com\\\/@patagoniaambiental2023?si=BLt58t0wuXquxlYZ\"]}]}<\/script>\n<!-- \/ Yoast SEO Premium plugin. -->","yoast_head_json":{"title":"Vuoto impulsa colaboraci\u00f3n con Cooperativa Renacer para reciclado en Ushuaia","description":"El intendente de Ushuaia visit\u00f3 instalaciones de la Cooperativa Renacer para explorar la posibilidad de establecer Centro de Econom\u00eda Circular","robots":{"index":"index","follow":"follow","max-snippet":"max-snippet:-1","max-image-preview":"max-image-preview:large","max-video-preview":"max-video-preview:-1"},"canonical":"https:\/\/patagoniambiental.com.ar\/info\/vuoto-impulsa-colaboracion-con-cooperativa-renacer-para-reciclado-en-ushuaia\/","og_locale":"es_ES","og_type":"article","og_title":"Vuoto impulsa colaboraci\u00f3n con Cooperativa Renacer para reciclado en Ushuaia","og_description":"El intendente de Ushuaia visit\u00f3 instalaciones de la Cooperativa Renacer para explorar la posibilidad de establecer Centro de Econom\u00eda Circular","og_url":"https:\/\/patagoniambiental.com.ar\/info\/vuoto-impulsa-colaboracion-con-cooperativa-renacer-para-reciclado-en-ushuaia\/","og_site_name":"Patagonia Ambiental","article_publisher":"https:\/\/www.facebook.com\/patagonia.ambiental","article_author":"https:\/\/www.facebook.com\/share\/1C1V8Gv9BX\/?mibextid=qi2Omg","article_published_time":"2024-10-04T15:04:01+00:00","article_modified_time":"2025-05-10T16:27:01+00:00","og_image":[{"width":600,"height":344,"url":"https:\/\/patagoniambiental.com.ar\/info\/wp-content\/uploads\/2024\/10\/ushuaia-2.jpg","type":"image\/jpeg"}],"author":"Patagonia Ambiental","twitter_card":"summary_large_image","twitter_creator":"@PatAmb","twitter_site":"@PatAmb","schema":{"@context":"https:\/\/schema.org","@graph":[{"@type":"Article","@id":"https:\/\/patagoniambiental.com.ar\/info\/vuoto-impulsa-colaboracion-con-cooperativa-renacer-para-reciclado-en-ushuaia\/#article","isPartOf":{"@id":"https:\/\/patagoniambiental.com.ar\/info\/vuoto-impulsa-colaboracion-con-cooperativa-renacer-para-reciclado-en-ushuaia\/"},"author":{"name":"Patagonia Ambiental","@id":"https:\/\/patagoniambiental.com.ar\/info\/#\/schema\/person\/db12bff64bbcbf6a253710bf0ea37b5d"},"headline":"Vuoto impulsa colaboraci\u00f3n con Cooperativa Renacer para reciclado en Ushuaia","datePublished":"2024-10-04T15:04:01+00:00","dateModified":"2025-05-10T16:27:01+00:00","mainEntityOfPage":{"@id":"https:\/\/patagoniambiental.com.ar\/info\/vuoto-impulsa-colaboracion-con-cooperativa-renacer-para-reciclado-en-ushuaia\/"},"wordCount":154,"commentCount":0,"publisher":{"@id":"https:\/\/patagoniambiental.com.ar\/info\/#organization"},"image":{"@id":"https:\/\/patagoniambiental.com.ar\/info\/vuoto-impulsa-colaboracion-con-cooperativa-renacer-para-reciclado-en-ushuaia\/#primaryimage"},"thumbnailUrl":"https:\/\/patagoniambiental.com.ar\/info\/wp-content\/uploads\/2024\/10\/ushuaia-2.jpg","articleSection":["Municipales","Noticias"],"inLanguage":"es","potentialAction":[{"@type":"CommentAction","name":"Comment","target":["https:\/\/patagoniambiental.com.ar\/info\/vuoto-impulsa-colaboracion-con-cooperativa-renacer-para-reciclado-en-ushuaia\/#respond"]}]},{"@type":"WebPage","@id":"https:\/\/patagoniambiental.com.ar\/info\/vuoto-impulsa-colaboracion-con-cooperativa-renacer-para-reciclado-en-ushuaia\/","url":"https:\/\/patagoniambiental.com.ar\/info\/vuoto-impulsa-colaboracion-con-cooperativa-renacer-para-reciclado-en-ushuaia\/","name":"Vuoto impulsa colaboraci\u00f3n con Cooperativa Renacer para reciclado en Ushuaia","isPartOf":{"@id":"https:\/\/patagoniambiental.com.ar\/info\/#website"},"primaryImageOfPage":{"@id":"https:\/\/patagoniambiental.com.ar\/info\/vuoto-impulsa-colaboracion-con-cooperativa-renacer-para-reciclado-en-ushuaia\/#primaryimage"},"image":{"@id":"https:\/\/patagoniambiental.com.ar\/info\/vuoto-impulsa-colaboracion-con-cooperativa-renacer-para-reciclado-en-ushuaia\/#primaryimage"},"thumbnailUrl":"https:\/\/patagoniambiental.com.ar\/info\/wp-content\/uploads\/2024\/10\/ushuaia-2.jpg","datePublished":"2024-10-04T15:04:01+00:00","dateModified":"2025-05-10T16:27:01+00:00","description":"El intendente de Ushuaia visit\u00f3 instalaciones de la Cooperativa Renacer para explorar la posibilidad de establecer Centro de Econom\u00eda Circular","breadcrumb":{"@id":"https:\/\/patagoniambiental.com.ar\/info\/vuoto-impulsa-colaboracion-con-cooperativa-renacer-para-reciclado-en-ushuaia\/#breadcrumb"},"inLanguage":"es","potentialAction":[{"@type":"ReadAction","target":["https:\/\/patagoniambiental.com.ar\/info\/vuoto-impulsa-colaboracion-con-cooperativa-renacer-para-reciclado-en-ushuaia\/"]}]},{"@type":"ImageObject","inLanguage":"es","@id":"https:\/\/patagoniambiental.com.ar\/info\/vuoto-impulsa-colaboracion-con-cooperativa-renacer-para-reciclado-en-ushuaia\/#primaryimage","url":"https:\/\/patagoniambiental.com.ar\/info\/wp-content\/uploads\/2024\/10\/ushuaia-2.jpg","contentUrl":"https:\/\/patagoniambiental.com.ar\/info\/wp-content\/uploads\/2024\/10\/ushuaia-2.jpg","width":600,"height":344},{"@type":"BreadcrumbList","@id":"https:\/\/patagoniambiental.com.ar\/info\/vuoto-impulsa-colaboracion-con-cooperativa-renacer-para-reciclado-en-ushuaia\/#breadcrumb","itemListElement":[{"@type":"ListItem","position":1,"name":"Inicio","item":"https:\/\/patagoniambiental.com.ar\/info\/"},{"@type":"ListItem","position":2,"name":"Vuoto impulsa colaboraci\u00f3n con Cooperativa Renacer para reciclado en Ushuaia"}]},{"@type":"WebSite","@id":"https:\/\/patagoniambiental.com.ar\/info\/#website","url":"https:\/\/patagoniambiental.com.ar\/info\/","name":"Patagonia Ambiental","description":"Monitoreo y an\u00e1lisis de la situaci\u00f3n geopol\u00edtica en el mundo y su implicancia en la Patagonia","publisher":{"@id":"https:\/\/patagoniambiental.com.ar\/info\/#organization"},"potentialAction":[{"@type":"SearchAction","target":{"@type":"EntryPoint","urlTemplate":"https:\/\/patagoniambiental.com.ar\/info\/?s={search_term_string}"},"query-input":{"@type":"PropertyValueSpecification","valueRequired":true,"valueName":"search_term_string"}}],"inLanguage":"es"},{"@type":"Organization","@id":"https:\/\/patagoniambiental.com.ar\/info\/#organization","name":"Patagonia Ambiental","url":"https:\/\/patagoniambiental.com.ar\/info\/","logo":{"@type":"ImageObject","inLanguage":"es","@id":"https:\/\/patagoniambiental.com.ar\/info\/#\/schema\/logo\/image\/","url":"https:\/\/patagoniambiental.com.ar\/info\/wp-content\/uploads\/2025\/05\/LOGO-PATAGONIA-AMBIENTAL.png","contentUrl":"https:\/\/patagoniambiental.com.ar\/info\/wp-content\/uploads\/2025\/05\/LOGO-PATAGONIA-AMBIENTAL.png","width":433,"height":250,"caption":"Patagonia Ambiental"},"image":{"@id":"https:\/\/patagoniambiental.com.ar\/info\/#\/schema\/logo\/image\/"},"sameAs":["https:\/\/www.facebook.com\/patagonia.ambiental","https:\/\/x.com\/PatAmb"]},{"@type":"Person","@id":"https:\/\/patagoniambiental.com.ar\/info\/#\/schema\/person\/db12bff64bbcbf6a253710bf0ea37b5d","name":"Patagonia Ambiental","description":"Andr\u00e9s Nievas T\u00e9cnico en manejo ambiental, consultor Ambiental y escritor para medios locales e internacionales sobre temas de geopolitica y medio ambiente.","sameAs":["http:\/\/www.patagoniambiental.com.ar","https:\/\/www.facebook.com\/share\/1C1V8Gv9BX\/?mibextid=qi2Omg","@patagoniambiental","https:\/\/youtube.com\/@patagoniaambiental2023?si=BLt58t0wuXquxlYZ"]}]}},"_links":{"self":[{"href":"https:\/\/patagoniambiental.com.ar\/info\/wp-json\/wp\/v2\/posts\/91061","targetHints":{"allow":["GET"]}}],"collection":[{"href":"https:\/\/patagoniambiental.com.ar\/info\/wp-json\/wp\/v2\/posts"}],"about":[{"href":"https:\/\/patagoniambiental.com.ar\/info\/wp-json\/wp\/v2\/types\/post"}],"author":[{"embeddable":true,"href":"https:\/\/patagoniambiental.com.ar\/info\/wp-json\/wp\/v2\/users\/2"}],"replies":[{"embeddable":true,"href":"https:\/\/patagoniambiental.com.ar\/info\/wp-json\/wp\/v2\/comments?post=91061"}],"version-history":[{"count":0,"href":"https:\/\/patagoniambiental.com.ar\/info\/wp-json\/wp\/v2\/posts\/91061\/revisions"}],"wp:featuredmedia":[{"embeddable":true,"href":"https:\/\/patagoniambiental.com.ar\/info\/wp-json\/wp\/v2\/media\/91062"}],"wp:attachment":[{"href":"https:\/\/patagoniambiental.com.ar\/info\/wp-json\/wp\/v2\/media?parent=91061"}],"wp:term":[{"taxonomy":"category","embeddable":true,"href":"https:\/\/patagoniambiental.com.ar\/info\/wp-json\/wp\/v2\/categories?post=91061"},{"taxonomy":"post_tag","embeddable":true,"href":"https:\/\/patagoniambiental.com.ar\/info\/wp-json\/wp\/v2\/tags?post=91061"}],"curies":[{"name":"wp","href":"https:\/\/api.w.org\/{rel}","templated":true}]}}