{"id":91064,"date":"2024-10-04T12:49:01","date_gmt":"2024-10-04T15:49:01","guid":{"rendered":"https:\/\/patagoniambiental.com.ar\/info\/?p=91064"},"modified":"2025-05-04T16:54:13","modified_gmt":"2025-05-04T19:54:13","slug":"cumbre-petrolera-en-neuquen-hacia-un-futuro-sustentable-en-vaca-muerta","status":"publish","type":"post","link":"https:\/\/patagoniambiental.com.ar\/info\/cumbre-petrolera-en-neuquen-hacia-un-futuro-sustentable-en-vaca-muerta\/","title":{"rendered":"Cumbre petrolera en Neuqu\u00e9n: hacia un futuro sustentable en Vaca Muerta"},"content":{"rendered":"\n<!--more-->\n\n\n\n<p>Neuqu\u00e9n, 4 de octubre de 2024. La provincia de Neuqu\u00e9n se prepara para la Argentina Oil &amp; Gas Expo Patagonia 2024, que se llevar\u00e1 a cabo del 23 al 25 de octubre en el Espacio DUAM. Este evento, organizado por el Instituto Argentino del Petr\u00f3leo y del Gas (IAPG), promete ser un punto de encuentro clave para el sector de Oil &amp; Gas, enfoc\u00e1ndose en la sostenibilidad y la transici\u00f3n energ\u00e9tica.<\/p>\n\n\n\n<p>Con la participaci\u00f3n de m\u00e1s de 250 expositores y una proyecci\u00f3n de 11,000 visitantes, la cumbre abordar\u00e1 temas cruciales como la seguridad en el trabajo, innovaciones tecnol\u00f3gicas y, especialmente, la integraci\u00f3n de pr\u00e1cticas sustentables en la industria. La agenda incluye la 3\u00aa Jornada de Revoluci\u00f3n Digital e Innovaci\u00f3n Tecnol\u00f3gica, as\u00ed como actividades destinadas a j\u00f3venes profesionales y a l\u00edderes del sector.<\/p>\n\n\n\n<p>Entre los destacados, se presentar\u00e1n soluciones para la eficiencia energ\u00e9tica y la incorporaci\u00f3n de fuentes renovables, vitales en un contexto de creciente preocupaci\u00f3n por el medio ambiente. Este evento no solo promete ser un espacio de actualizaci\u00f3n profesional, sino tambi\u00e9n un impulso para fomentar la econom\u00eda del conocimiento y la colaboraci\u00f3n entre empresas, universidades y el Estado en la regi\u00f3n de Vaca Muerta.<\/p>\n\n\n\n<p>La cumbre se posiciona as\u00ed como un escenario clave para el desarrollo sostenible de la industria hidrocarbur\u00edfera en Argentina, donde la innovaci\u00f3n y la responsabilidad ambiental marcar\u00e1n el camino hacia el futuro.<\/p>\n","protected":false},"excerpt":{"rendered":"","protected":false},"author":2,"featured_media":91065,"comment_status":"open","ping_status":"open","sticky":false,"template":"","format":"standard","meta":{"site-sidebar-layout":"default","site-content-layout":"","ast-site-content-layout":"default","site-content-style":"default","site-sidebar-style":"default","ast-global-header-display":"","ast-banner-title-visibility":"","ast-main-header-display":"","ast-hfb-above-header-display":"","ast-hfb-below-header-display":"","ast-hfb-mobile-header-display":"","site-post-title":"","ast-breadcrumbs-content":"","ast-featured-img":"","footer-sml-layout":"","ast-disable-related-posts":"","theme-transparent-header-meta":"","adv-header-id-meta":"","stick-header-meta":"","header-above-stick-meta":"","header-main-stick-meta":"","header-below-stick-meta":"","astra-migrate-meta-layouts":"default","ast-page-background-enabled":"default","ast-page-background-meta":{"desktop":{"background-color":"var(--ast-global-color-5)","background-image":"","background-repeat":"repeat","background-position":"center center","background-size":"auto","background-attachment":"scroll","background-type":"","background-media":"","overlay-type":"","overlay-color":"","overlay-opacity":"","overlay-gradient":""},"tablet":{"background-color":"","background-image":"","background-repeat":"repeat","background-position":"center center","background-size":"auto","background-attachment":"scroll","background-type":"","background-media":"","overlay-type":"","overlay-color":"","overlay-opacity":"","overlay-gradient":""},"mobile":{"background-color":"","background-image":"","background-repeat":"repeat","background-position":"center center","background-size":"auto","background-attachment":"scroll","background-type":"","background-media":"","overlay-type":"","overlay-color":"","overlay-opacity":"","overlay-gradient":""}},"ast-content-background-meta":{"desktop":{"background-color":"var(--ast-global-color-4)","background-image":"","background-repeat":"repeat","background-position":"center center","background-size":"auto","background-attachment":"scroll","background-type":"","background-media":"","overlay-type":"","overlay-color":"","overlay-opacity":"","overlay-gradient":""},"tablet":{"background-color":"var(--ast-global-color-4)","background-image":"","background-repeat":"repeat","background-position":"center center","background-size":"auto","background-attachment":"scroll","background-type":"","background-media":"","overlay-type":"","overlay-color":"","overlay-opacity":"","overlay-gradient":""},"mobile":{"background-color":"var(--ast-global-color-4)","background-image":"","background-repeat":"repeat","background-position":"center center","background-size":"auto","background-attachment":"scroll","background-type":"","background-media":"","overlay-type":"","overlay-color":"","overlay-opacity":"","overlay-gradient":""}},"footnotes":""},"categories":[12,18,1,13],"tags":[],"class_list":["post-91064","post","type-post","status-publish","format-standard","has-post-thumbnail","hentry","category-agenda-ambiental","category-neuquen","category-noticias","category-provinciales"],"yoast_head":"<!-- This site is optimized with the Yoast SEO Premium plugin v23.0 (Yoast SEO v27.5) - https:\/\/yoast.com\/product\/yoast-seo-premium-wordpress\/ -->\n<title>Cumbre petrolera en Neuqu\u00e9n: hacia un futuro sustentable en Vaca Muerta<\/title>\n<meta name=\"description\" content=\"La provincia de Neuqu\u00e9n se prepara para la Argentina Oil &amp; Gas Expo Patagonia 2024, que se llevar\u00e1 a cabo del 23 al 25 de octubre.\" \/>\n<meta name=\"robots\" content=\"index, follow, max-snippet:-1, max-image-preview:large, max-video-preview:-1\" \/>\n<link rel=\"canonical\" href=\"https:\/\/patagoniambiental.com.ar\/info\/cumbre-petrolera-en-neuquen-hacia-un-futuro-sustentable-en-vaca-muerta\/\" \/>\n<meta property=\"og:locale\" content=\"es_ES\" \/>\n<meta property=\"og:type\" content=\"article\" \/>\n<meta property=\"og:title\" content=\"Cumbre petrolera en Neuqu\u00e9n: hacia un futuro sustentable en Vaca Muerta\" \/>\n<meta property=\"og:description\" content=\"La provincia de Neuqu\u00e9n se prepara para la Argentina Oil &amp; Gas Expo Patagonia 2024, que se llevar\u00e1 a cabo del 23 al 25 de octubre.\" \/>\n<meta property=\"og:url\" content=\"https:\/\/patagoniambiental.com.ar\/info\/cumbre-petrolera-en-neuquen-hacia-un-futuro-sustentable-en-vaca-muerta\/\" \/>\n<meta property=\"og:site_name\" content=\"Patagonia Ambiental\" \/>\n<meta property=\"article:publisher\" content=\"https:\/\/www.facebook.com\/patagonia.ambiental\" \/>\n<meta property=\"article:author\" content=\"https:\/\/www.facebook.com\/share\/1C1V8Gv9BX\/?mibextid=qi2Omg\" \/>\n<meta property=\"article:published_time\" content=\"2024-10-04T15:49:01+00:00\" \/>\n<meta property=\"article:modified_time\" content=\"2025-05-04T19:54:13+00:00\" \/>\n<meta property=\"og:image\" content=\"https:\/\/patagoniambiental.com.ar\/info\/wp-content\/uploads\/2024\/10\/sin-titulo.jpg\" \/>\n\t<meta property=\"og:image:width\" content=\"861\" \/>\n\t<meta property=\"og:image:height\" content=\"443\" \/>\n\t<meta property=\"og:image:type\" content=\"image\/jpeg\" \/>\n<meta name=\"author\" content=\"Patagonia Ambiental\" \/>\n<meta name=\"twitter:card\" content=\"summary_large_image\" \/>\n<meta name=\"twitter:creator\" content=\"@PatAmb\" \/>\n<meta name=\"twitter:site\" content=\"@PatAmb\" \/>\n<script type=\"application\/ld+json\" class=\"yoast-schema-graph\">{\"@context\":\"https:\\\/\\\/schema.org\",\"@graph\":[{\"@type\":\"Article\",\"@id\":\"https:\\\/\\\/patagoniambiental.com.ar\\\/info\\\/cumbre-petrolera-en-neuquen-hacia-un-futuro-sustentable-en-vaca-muerta\\\/#article\",\"isPartOf\":{\"@id\":\"https:\\\/\\\/patagoniambiental.com.ar\\\/info\\\/cumbre-petrolera-en-neuquen-hacia-un-futuro-sustentable-en-vaca-muerta\\\/\"},\"author\":{\"name\":\"Patagonia Ambiental\",\"@id\":\"https:\\\/\\\/patagoniambiental.com.ar\\\/info\\\/#\\\/schema\\\/person\\\/db12bff64bbcbf6a253710bf0ea37b5d\"},\"headline\":\"Cumbre petrolera en Neuqu\u00e9n: hacia un futuro sustentable en Vaca Muerta\",\"datePublished\":\"2024-10-04T15:49:01+00:00\",\"dateModified\":\"2025-05-04T19:54:13+00:00\",\"mainEntityOfPage\":{\"@id\":\"https:\\\/\\\/patagoniambiental.com.ar\\\/info\\\/cumbre-petrolera-en-neuquen-hacia-un-futuro-sustentable-en-vaca-muerta\\\/\"},\"wordCount\":260,\"commentCount\":0,\"publisher\":{\"@id\":\"https:\\\/\\\/patagoniambiental.com.ar\\\/info\\\/#organization\"},\"image\":{\"@id\":\"https:\\\/\\\/patagoniambiental.com.ar\\\/info\\\/cumbre-petrolera-en-neuquen-hacia-un-futuro-sustentable-en-vaca-muerta\\\/#primaryimage\"},\"thumbnailUrl\":\"https:\\\/\\\/patagoniambiental.com.ar\\\/info\\\/wp-content\\\/uploads\\\/2024\\\/10\\\/sin-titulo.jpg\",\"articleSection\":[\"Agenda Ambiental\",\"Neuqu\u00e9n\",\"Noticias\",\"Provinciales\"],\"inLanguage\":\"es\",\"potentialAction\":[{\"@type\":\"CommentAction\",\"name\":\"Comment\",\"target\":[\"https:\\\/\\\/patagoniambiental.com.ar\\\/info\\\/cumbre-petrolera-en-neuquen-hacia-un-futuro-sustentable-en-vaca-muerta\\\/#respond\"]}]},{\"@type\":\"WebPage\",\"@id\":\"https:\\\/\\\/patagoniambiental.com.ar\\\/info\\\/cumbre-petrolera-en-neuquen-hacia-un-futuro-sustentable-en-vaca-muerta\\\/\",\"url\":\"https:\\\/\\\/patagoniambiental.com.ar\\\/info\\\/cumbre-petrolera-en-neuquen-hacia-un-futuro-sustentable-en-vaca-muerta\\\/\",\"name\":\"Cumbre petrolera en Neuqu\u00e9n: hacia un futuro sustentable en Vaca Muerta\",\"isPartOf\":{\"@id\":\"https:\\\/\\\/patagoniambiental.com.ar\\\/info\\\/#website\"},\"primaryImageOfPage\":{\"@id\":\"https:\\\/\\\/patagoniambiental.com.ar\\\/info\\\/cumbre-petrolera-en-neuquen-hacia-un-futuro-sustentable-en-vaca-muerta\\\/#primaryimage\"},\"image\":{\"@id\":\"https:\\\/\\\/patagoniambiental.com.ar\\\/info\\\/cumbre-petrolera-en-neuquen-hacia-un-futuro-sustentable-en-vaca-muerta\\\/#primaryimage\"},\"thumbnailUrl\":\"https:\\\/\\\/patagoniambiental.com.ar\\\/info\\\/wp-content\\\/uploads\\\/2024\\\/10\\\/sin-titulo.jpg\",\"datePublished\":\"2024-10-04T15:49:01+00:00\",\"dateModified\":\"2025-05-04T19:54:13+00:00\",\"description\":\"La provincia de Neuqu\u00e9n se prepara para la Argentina Oil & Gas Expo Patagonia 2024, que se llevar\u00e1 a cabo del 23 al 25 de octubre.\",\"breadcrumb\":{\"@id\":\"https:\\\/\\\/patagoniambiental.com.ar\\\/info\\\/cumbre-petrolera-en-neuquen-hacia-un-futuro-sustentable-en-vaca-muerta\\\/#breadcrumb\"},\"inLanguage\":\"es\",\"potentialAction\":[{\"@type\":\"ReadAction\",\"target\":[\"https:\\\/\\\/patagoniambiental.com.ar\\\/info\\\/cumbre-petrolera-en-neuquen-hacia-un-futuro-sustentable-en-vaca-muerta\\\/\"]}]},{\"@type\":\"ImageObject\",\"inLanguage\":\"es\",\"@id\":\"https:\\\/\\\/patagoniambiental.com.ar\\\/info\\\/cumbre-petrolera-en-neuquen-hacia-un-futuro-sustentable-en-vaca-muerta\\\/#primaryimage\",\"url\":\"https:\\\/\\\/patagoniambiental.com.ar\\\/info\\\/wp-content\\\/uploads\\\/2024\\\/10\\\/sin-titulo.jpg\",\"contentUrl\":\"https:\\\/\\\/patagoniambiental.com.ar\\\/info\\\/wp-content\\\/uploads\\\/2024\\\/10\\\/sin-titulo.jpg\",\"width\":861,\"height\":443},{\"@type\":\"BreadcrumbList\",\"@id\":\"https:\\\/\\\/patagoniambiental.com.ar\\\/info\\\/cumbre-petrolera-en-neuquen-hacia-un-futuro-sustentable-en-vaca-muerta\\\/#breadcrumb\",\"itemListElement\":[{\"@type\":\"ListItem\",\"position\":1,\"name\":\"Inicio\",\"item\":\"https:\\\/\\\/patagoniambiental.com.ar\\\/info\\\/\"},{\"@type\":\"ListItem\",\"position\":2,\"name\":\"Cumbre petrolera en Neuqu\u00e9n: hacia un futuro sustentable en Vaca Muerta\"}]},{\"@type\":\"WebSite\",\"@id\":\"https:\\\/\\\/patagoniambiental.com.ar\\\/info\\\/#website\",\"url\":\"https:\\\/\\\/patagoniambiental.com.ar\\\/info\\\/\",\"name\":\"Patagonia Ambiental\",\"description\":\"Monitoreo y an\u00e1lisis de la situaci\u00f3n geopol\u00edtica en el mundo y su implicancia en la Patagonia\",\"publisher\":{\"@id\":\"https:\\\/\\\/patagoniambiental.com.ar\\\/info\\\/#organization\"},\"potentialAction\":[{\"@type\":\"SearchAction\",\"target\":{\"@type\":\"EntryPoint\",\"urlTemplate\":\"https:\\\/\\\/patagoniambiental.com.ar\\\/info\\\/?s={search_term_string}\"},\"query-input\":{\"@type\":\"PropertyValueSpecification\",\"valueRequired\":true,\"valueName\":\"search_term_string\"}}],\"inLanguage\":\"es\"},{\"@type\":\"Organization\",\"@id\":\"https:\\\/\\\/patagoniambiental.com.ar\\\/info\\\/#organization\",\"name\":\"Patagonia Ambiental\",\"url\":\"https:\\\/\\\/patagoniambiental.com.ar\\\/info\\\/\",\"logo\":{\"@type\":\"ImageObject\",\"inLanguage\":\"es\",\"@id\":\"https:\\\/\\\/patagoniambiental.com.ar\\\/info\\\/#\\\/schema\\\/logo\\\/image\\\/\",\"url\":\"https:\\\/\\\/patagoniambiental.com.ar\\\/info\\\/wp-content\\\/uploads\\\/2025\\\/05\\\/LOGO-PATAGONIA-AMBIENTAL.png\",\"contentUrl\":\"https:\\\/\\\/patagoniambiental.com.ar\\\/info\\\/wp-content\\\/uploads\\\/2025\\\/05\\\/LOGO-PATAGONIA-AMBIENTAL.png\",\"width\":433,\"height\":250,\"caption\":\"Patagonia Ambiental\"},\"image\":{\"@id\":\"https:\\\/\\\/patagoniambiental.com.ar\\\/info\\\/#\\\/schema\\\/logo\\\/image\\\/\"},\"sameAs\":[\"https:\\\/\\\/www.facebook.com\\\/patagonia.ambiental\",\"https:\\\/\\\/x.com\\\/PatAmb\"]},{\"@type\":\"Person\",\"@id\":\"https:\\\/\\\/patagoniambiental.com.ar\\\/info\\\/#\\\/schema\\\/person\\\/db12bff64bbcbf6a253710bf0ea37b5d\",\"name\":\"Patagonia Ambiental\",\"description\":\"Andr\u00e9s Nievas T\u00e9cnico en manejo ambiental, consultor Ambiental y escritor para medios locales e internacionales sobre temas de geopolitica y medio ambiente.\",\"sameAs\":[\"http:\\\/\\\/www.patagoniambiental.com.ar\",\"https:\\\/\\\/www.facebook.com\\\/share\\\/1C1V8Gv9BX\\\/?mibextid=qi2Omg\",\"@patagoniambiental\",\"https:\\\/\\\/youtube.com\\\/@patagoniaambiental2023?si=BLt58t0wuXquxlYZ\"]}]}<\/script>\n<!-- \/ Yoast SEO Premium plugin. -->","yoast_head_json":{"title":"Cumbre petrolera en Neuqu\u00e9n: hacia un futuro sustentable en Vaca Muerta","description":"La provincia de Neuqu\u00e9n se prepara para la Argentina Oil & Gas Expo Patagonia 2024, que se llevar\u00e1 a cabo del 23 al 25 de octubre.","robots":{"index":"index","follow":"follow","max-snippet":"max-snippet:-1","max-image-preview":"max-image-preview:large","max-video-preview":"max-video-preview:-1"},"canonical":"https:\/\/patagoniambiental.com.ar\/info\/cumbre-petrolera-en-neuquen-hacia-un-futuro-sustentable-en-vaca-muerta\/","og_locale":"es_ES","og_type":"article","og_title":"Cumbre petrolera en Neuqu\u00e9n: hacia un futuro sustentable en Vaca Muerta","og_description":"La provincia de Neuqu\u00e9n se prepara para la Argentina Oil & Gas Expo Patagonia 2024, que se llevar\u00e1 a cabo del 23 al 25 de octubre.","og_url":"https:\/\/patagoniambiental.com.ar\/info\/cumbre-petrolera-en-neuquen-hacia-un-futuro-sustentable-en-vaca-muerta\/","og_site_name":"Patagonia Ambiental","article_publisher":"https:\/\/www.facebook.com\/patagonia.ambiental","article_author":"https:\/\/www.facebook.com\/share\/1C1V8Gv9BX\/?mibextid=qi2Omg","article_published_time":"2024-10-04T15:49:01+00:00","article_modified_time":"2025-05-04T19:54:13+00:00","og_image":[{"width":861,"height":443,"url":"https:\/\/patagoniambiental.com.ar\/info\/wp-content\/uploads\/2024\/10\/sin-titulo.jpg","type":"image\/jpeg"}],"author":"Patagonia Ambiental","twitter_card":"summary_large_image","twitter_creator":"@PatAmb","twitter_site":"@PatAmb","schema":{"@context":"https:\/\/schema.org","@graph":[{"@type":"Article","@id":"https:\/\/patagoniambiental.com.ar\/info\/cumbre-petrolera-en-neuquen-hacia-un-futuro-sustentable-en-vaca-muerta\/#article","isPartOf":{"@id":"https:\/\/patagoniambiental.com.ar\/info\/cumbre-petrolera-en-neuquen-hacia-un-futuro-sustentable-en-vaca-muerta\/"},"author":{"name":"Patagonia Ambiental","@id":"https:\/\/patagoniambiental.com.ar\/info\/#\/schema\/person\/db12bff64bbcbf6a253710bf0ea37b5d"},"headline":"Cumbre petrolera en Neuqu\u00e9n: hacia un futuro sustentable en Vaca Muerta","datePublished":"2024-10-04T15:49:01+00:00","dateModified":"2025-05-04T19:54:13+00:00","mainEntityOfPage":{"@id":"https:\/\/patagoniambiental.com.ar\/info\/cumbre-petrolera-en-neuquen-hacia-un-futuro-sustentable-en-vaca-muerta\/"},"wordCount":260,"commentCount":0,"publisher":{"@id":"https:\/\/patagoniambiental.com.ar\/info\/#organization"},"image":{"@id":"https:\/\/patagoniambiental.com.ar\/info\/cumbre-petrolera-en-neuquen-hacia-un-futuro-sustentable-en-vaca-muerta\/#primaryimage"},"thumbnailUrl":"https:\/\/patagoniambiental.com.ar\/info\/wp-content\/uploads\/2024\/10\/sin-titulo.jpg","articleSection":["Agenda Ambiental","Neuqu\u00e9n","Noticias","Provinciales"],"inLanguage":"es","potentialAction":[{"@type":"CommentAction","name":"Comment","target":["https:\/\/patagoniambiental.com.ar\/info\/cumbre-petrolera-en-neuquen-hacia-un-futuro-sustentable-en-vaca-muerta\/#respond"]}]},{"@type":"WebPage","@id":"https:\/\/patagoniambiental.com.ar\/info\/cumbre-petrolera-en-neuquen-hacia-un-futuro-sustentable-en-vaca-muerta\/","url":"https:\/\/patagoniambiental.com.ar\/info\/cumbre-petrolera-en-neuquen-hacia-un-futuro-sustentable-en-vaca-muerta\/","name":"Cumbre petrolera en Neuqu\u00e9n: hacia un futuro sustentable en Vaca Muerta","isPartOf":{"@id":"https:\/\/patagoniambiental.com.ar\/info\/#website"},"primaryImageOfPage":{"@id":"https:\/\/patagoniambiental.com.ar\/info\/cumbre-petrolera-en-neuquen-hacia-un-futuro-sustentable-en-vaca-muerta\/#primaryimage"},"image":{"@id":"https:\/\/patagoniambiental.com.ar\/info\/cumbre-petrolera-en-neuquen-hacia-un-futuro-sustentable-en-vaca-muerta\/#primaryimage"},"thumbnailUrl":"https:\/\/patagoniambiental.com.ar\/info\/wp-content\/uploads\/2024\/10\/sin-titulo.jpg","datePublished":"2024-10-04T15:49:01+00:00","dateModified":"2025-05-04T19:54:13+00:00","description":"La provincia de Neuqu\u00e9n se prepara para la Argentina Oil & Gas Expo Patagonia 2024, que se llevar\u00e1 a cabo del 23 al 25 de octubre.","breadcrumb":{"@id":"https:\/\/patagoniambiental.com.ar\/info\/cumbre-petrolera-en-neuquen-hacia-un-futuro-sustentable-en-vaca-muerta\/#breadcrumb"},"inLanguage":"es","potentialAction":[{"@type":"ReadAction","target":["https:\/\/patagoniambiental.com.ar\/info\/cumbre-petrolera-en-neuquen-hacia-un-futuro-sustentable-en-vaca-muerta\/"]}]},{"@type":"ImageObject","inLanguage":"es","@id":"https:\/\/patagoniambiental.com.ar\/info\/cumbre-petrolera-en-neuquen-hacia-un-futuro-sustentable-en-vaca-muerta\/#primaryimage","url":"https:\/\/patagoniambiental.com.ar\/info\/wp-content\/uploads\/2024\/10\/sin-titulo.jpg","contentUrl":"https:\/\/patagoniambiental.com.ar\/info\/wp-content\/uploads\/2024\/10\/sin-titulo.jpg","width":861,"height":443},{"@type":"BreadcrumbList","@id":"https:\/\/patagoniambiental.com.ar\/info\/cumbre-petrolera-en-neuquen-hacia-un-futuro-sustentable-en-vaca-muerta\/#breadcrumb","itemListElement":[{"@type":"ListItem","position":1,"name":"Inicio","item":"https:\/\/patagoniambiental.com.ar\/info\/"},{"@type":"ListItem","position":2,"name":"Cumbre petrolera en Neuqu\u00e9n: hacia un futuro sustentable en Vaca Muerta"}]},{"@type":"WebSite","@id":"https:\/\/patagoniambiental.com.ar\/info\/#website","url":"https:\/\/patagoniambiental.com.ar\/info\/","name":"Patagonia Ambiental","description":"Monitoreo y an\u00e1lisis de la situaci\u00f3n geopol\u00edtica en el mundo y su implicancia en la Patagonia","publisher":{"@id":"https:\/\/patagoniambiental.com.ar\/info\/#organization"},"potentialAction":[{"@type":"SearchAction","target":{"@type":"EntryPoint","urlTemplate":"https:\/\/patagoniambiental.com.ar\/info\/?s={search_term_string}"},"query-input":{"@type":"PropertyValueSpecification","valueRequired":true,"valueName":"search_term_string"}}],"inLanguage":"es"},{"@type":"Organization","@id":"https:\/\/patagoniambiental.com.ar\/info\/#organization","name":"Patagonia Ambiental","url":"https:\/\/patagoniambiental.com.ar\/info\/","logo":{"@type":"ImageObject","inLanguage":"es","@id":"https:\/\/patagoniambiental.com.ar\/info\/#\/schema\/logo\/image\/","url":"https:\/\/patagoniambiental.com.ar\/info\/wp-content\/uploads\/2025\/05\/LOGO-PATAGONIA-AMBIENTAL.png","contentUrl":"https:\/\/patagoniambiental.com.ar\/info\/wp-content\/uploads\/2025\/05\/LOGO-PATAGONIA-AMBIENTAL.png","width":433,"height":250,"caption":"Patagonia Ambiental"},"image":{"@id":"https:\/\/patagoniambiental.com.ar\/info\/#\/schema\/logo\/image\/"},"sameAs":["https:\/\/www.facebook.com\/patagonia.ambiental","https:\/\/x.com\/PatAmb"]},{"@type":"Person","@id":"https:\/\/patagoniambiental.com.ar\/info\/#\/schema\/person\/db12bff64bbcbf6a253710bf0ea37b5d","name":"Patagonia Ambiental","description":"Andr\u00e9s Nievas T\u00e9cnico en manejo ambiental, consultor Ambiental y escritor para medios locales e internacionales sobre temas de geopolitica y medio ambiente.","sameAs":["http:\/\/www.patagoniambiental.com.ar","https:\/\/www.facebook.com\/share\/1C1V8Gv9BX\/?mibextid=qi2Omg","@patagoniambiental","https:\/\/youtube.com\/@patagoniaambiental2023?si=BLt58t0wuXquxlYZ"]}]}},"_links":{"self":[{"href":"https:\/\/patagoniambiental.com.ar\/info\/wp-json\/wp\/v2\/posts\/91064","targetHints":{"allow":["GET"]}}],"collection":[{"href":"https:\/\/patagoniambiental.com.ar\/info\/wp-json\/wp\/v2\/posts"}],"about":[{"href":"https:\/\/patagoniambiental.com.ar\/info\/wp-json\/wp\/v2\/types\/post"}],"author":[{"embeddable":true,"href":"https:\/\/patagoniambiental.com.ar\/info\/wp-json\/wp\/v2\/users\/2"}],"replies":[{"embeddable":true,"href":"https:\/\/patagoniambiental.com.ar\/info\/wp-json\/wp\/v2\/comments?post=91064"}],"version-history":[{"count":0,"href":"https:\/\/patagoniambiental.com.ar\/info\/wp-json\/wp\/v2\/posts\/91064\/revisions"}],"wp:featuredmedia":[{"embeddable":true,"href":"https:\/\/patagoniambiental.com.ar\/info\/wp-json\/wp\/v2\/media\/91065"}],"wp:attachment":[{"href":"https:\/\/patagoniambiental.com.ar\/info\/wp-json\/wp\/v2\/media?parent=91064"}],"wp:term":[{"taxonomy":"category","embeddable":true,"href":"https:\/\/patagoniambiental.com.ar\/info\/wp-json\/wp\/v2\/categories?post=91064"},{"taxonomy":"post_tag","embeddable":true,"href":"https:\/\/patagoniambiental.com.ar\/info\/wp-json\/wp\/v2\/tags?post=91064"}],"curies":[{"name":"wp","href":"https:\/\/api.w.org\/{rel}","templated":true}]}}