{"id":91082,"date":"2024-10-08T23:42:56","date_gmt":"2024-10-09T02:42:56","guid":{"rendered":"https:\/\/patagoniambiental.com.ar\/info\/?p=91082"},"modified":"2025-05-04T16:54:06","modified_gmt":"2025-05-04T19:54:06","slug":"capacitacion-en-gestion-de-residuos-electronicos-en-trelew","status":"publish","type":"post","link":"https:\/\/patagoniambiental.com.ar\/info\/capacitacion-en-gestion-de-residuos-electronicos-en-trelew\/","title":{"rendered":"Capacitaci\u00f3n en gesti\u00f3n de residuos electr\u00f3nicos en Trelew"},"content":{"rendered":"\n<!--more-->\n\n\n\n<p>ETrelew, 8 de octubre de 2024. Se dio inicio a una serie de capacitaciones en Trelew sobre gesti\u00f3n de residuos el\u00e9ctricos y electr\u00f3nicos, en el marco del Programa \u00abFomentar Empleo Verde\u00bb. Este programa, impulsado por el gobernador Ignacio Torres, busca fomentar la econom\u00eda circular y generar empleo en el sector del reciclaje.<\/p>\n\n\n\n<p>La primera sesi\u00f3n se llev\u00f3 a cabo en la Sociedad Rural de Trelew, donde un grupo significativo de participantes se reuni\u00f3 para aprender sobre el manejo de residuos electr\u00f3nicos, considerado un potencial generador de empleo. La capacitaci\u00f3n ser\u00e1 replicada en otras localidades de la provincia, incluyendo Esquel y R\u00edo Mayo.<\/p>\n\n\n\n<p>El programa, gestionado por las Secretar\u00edas de Trabajo y de Ambiente, tiene como objetivo promover la sostenibilidad y reducir el impacto ambiental mediante el reciclaje y la producci\u00f3n de energ\u00edas renovables. Durante la formaci\u00f3n, los asistentes recibir\u00e1n instrucci\u00f3n te\u00f3rica y pr\u00e1ctica, que abarca desde el desguace de aparatos hasta la identificaci\u00f3n de piezas \u00fatiles.<\/p>\n\n\n\n<p>El impacto de esta iniciativa no solo se limita a la formaci\u00f3n, sino que tambi\u00e9n incluye apoyo financiero y t\u00e9cnico para proyectos que contribuyan a una econom\u00eda m\u00e1s verde. Se espera que los beneficiarios puedan aprovechar incentivos fiscales y asistencia en el desarrollo de habilidades relacionadas con el empleo sostenible, abarcando sectores como energ\u00edas renovables, eficiencia energ\u00e9tica y agroecolog\u00eda.<\/p>\n\n\n\n<p>Con estas acciones, el Gobierno de Chubut reafirma su compromiso con el desarrollo sustentable y la creaci\u00f3n de oportunidades laborales en un \u00e1mbito cada vez m\u00e1s relevante para el futuro del medio ambiente.<\/p>\n","protected":false},"excerpt":{"rendered":"","protected":false},"author":2,"featured_media":91083,"comment_status":"open","ping_status":"open","sticky":false,"template":"","format":"standard","meta":{"site-sidebar-layout":"default","site-content-layout":"","ast-site-content-layout":"default","site-content-style":"default","site-sidebar-style":"default","ast-global-header-display":"","ast-banner-title-visibility":"","ast-main-header-display":"","ast-hfb-above-header-display":"","ast-hfb-below-header-display":"","ast-hfb-mobile-header-display":"","site-post-title":"","ast-breadcrumbs-content":"","ast-featured-img":"","footer-sml-layout":"","ast-disable-related-posts":"","theme-transparent-header-meta":"","adv-header-id-meta":"","stick-header-meta":"","header-above-stick-meta":"","header-main-stick-meta":"","header-below-stick-meta":"","astra-migrate-meta-layouts":"default","ast-page-background-enabled":"default","ast-page-background-meta":{"desktop":{"background-color":"var(--ast-global-color-5)","background-image":"","background-repeat":"repeat","background-position":"center center","background-size":"auto","background-attachment":"scroll","background-type":"","background-media":"","overlay-type":"","overlay-color":"","overlay-opacity":"","overlay-gradient":""},"tablet":{"background-color":"","background-image":"","background-repeat":"repeat","background-position":"center center","background-size":"auto","background-attachment":"scroll","background-type":"","background-media":"","overlay-type":"","overlay-color":"","overlay-opacity":"","overlay-gradient":""},"mobile":{"background-color":"","background-image":"","background-repeat":"repeat","background-position":"center center","background-size":"auto","background-attachment":"scroll","background-type":"","background-media":"","overlay-type":"","overlay-color":"","overlay-opacity":"","overlay-gradient":""}},"ast-content-background-meta":{"desktop":{"background-color":"var(--ast-global-color-4)","background-image":"","background-repeat":"repeat","background-position":"center center","background-size":"auto","background-attachment":"scroll","background-type":"","background-media":"","overlay-type":"","overlay-color":"","overlay-opacity":"","overlay-gradient":""},"tablet":{"background-color":"var(--ast-global-color-4)","background-image":"","background-repeat":"repeat","background-position":"center center","background-size":"auto","background-attachment":"scroll","background-type":"","background-media":"","overlay-type":"","overlay-color":"","overlay-opacity":"","overlay-gradient":""},"mobile":{"background-color":"var(--ast-global-color-4)","background-image":"","background-repeat":"repeat","background-position":"center center","background-size":"auto","background-attachment":"scroll","background-type":"","background-media":"","overlay-type":"","overlay-color":"","overlay-opacity":"","overlay-gradient":""}},"footnotes":""},"categories":[12,16,1],"tags":[],"class_list":["post-91082","post","type-post","status-publish","format-standard","has-post-thumbnail","hentry","category-agenda-ambiental","category-municipales","category-noticias"],"yoast_head":"<!-- This site is optimized with the Yoast SEO Premium plugin v23.0 (Yoast SEO v27.5) - https:\/\/yoast.com\/product\/yoast-seo-premium-wordpress\/ -->\n<title>Capacitaci\u00f3n en gesti\u00f3n de residuos electr\u00f3nicos en Trelew<\/title>\n<meta name=\"description\" content=\"Se dio inicio a una serie de capacitaciones en Trelew sobre gesti\u00f3n de residuos el\u00e9ctricos y electr\u00f3nicos&quot;.\" \/>\n<meta name=\"robots\" content=\"index, follow, max-snippet:-1, max-image-preview:large, max-video-preview:-1\" \/>\n<link rel=\"canonical\" href=\"https:\/\/patagoniambiental.com.ar\/info\/capacitacion-en-gestion-de-residuos-electronicos-en-trelew\/\" \/>\n<meta property=\"og:locale\" content=\"es_ES\" \/>\n<meta property=\"og:type\" content=\"article\" \/>\n<meta property=\"og:title\" content=\"Capacitaci\u00f3n en gesti\u00f3n de residuos electr\u00f3nicos en Trelew\" \/>\n<meta property=\"og:description\" content=\"Se dio inicio a una serie de capacitaciones en Trelew sobre gesti\u00f3n de residuos el\u00e9ctricos y electr\u00f3nicos&quot;.\" \/>\n<meta property=\"og:url\" content=\"https:\/\/patagoniambiental.com.ar\/info\/capacitacion-en-gestion-de-residuos-electronicos-en-trelew\/\" \/>\n<meta property=\"og:site_name\" content=\"Patagonia Ambiental\" \/>\n<meta property=\"article:publisher\" content=\"https:\/\/www.facebook.com\/patagonia.ambiental\" \/>\n<meta property=\"article:author\" content=\"https:\/\/www.facebook.com\/share\/1C1V8Gv9BX\/?mibextid=qi2Omg\" \/>\n<meta property=\"article:published_time\" content=\"2024-10-09T02:42:56+00:00\" \/>\n<meta property=\"article:modified_time\" content=\"2025-05-04T19:54:06+00:00\" \/>\n<meta property=\"og:image\" content=\"https:\/\/patagoniambiental.com.ar\/info\/wp-content\/uploads\/2024\/10\/1728397924whatsapp-image-2024-10-08-at-11-01-57-am.jpeg\" \/>\n\t<meta property=\"og:image:width\" content=\"1600\" \/>\n\t<meta property=\"og:image:height\" content=\"1066\" \/>\n\t<meta property=\"og:image:type\" content=\"image\/jpeg\" \/>\n<meta name=\"author\" content=\"Patagonia Ambiental\" \/>\n<meta name=\"twitter:card\" content=\"summary_large_image\" \/>\n<meta name=\"twitter:creator\" content=\"@PatAmb\" \/>\n<meta name=\"twitter:site\" content=\"@PatAmb\" \/>\n<script type=\"application\/ld+json\" class=\"yoast-schema-graph\">{\"@context\":\"https:\\\/\\\/schema.org\",\"@graph\":[{\"@type\":\"Article\",\"@id\":\"https:\\\/\\\/patagoniambiental.com.ar\\\/info\\\/capacitacion-en-gestion-de-residuos-electronicos-en-trelew\\\/#article\",\"isPartOf\":{\"@id\":\"https:\\\/\\\/patagoniambiental.com.ar\\\/info\\\/capacitacion-en-gestion-de-residuos-electronicos-en-trelew\\\/\"},\"author\":{\"name\":\"Patagonia Ambiental\",\"@id\":\"https:\\\/\\\/patagoniambiental.com.ar\\\/info\\\/#\\\/schema\\\/person\\\/db12bff64bbcbf6a253710bf0ea37b5d\"},\"headline\":\"Capacitaci\u00f3n en gesti\u00f3n de residuos electr\u00f3nicos en Trelew\",\"datePublished\":\"2024-10-09T02:42:56+00:00\",\"dateModified\":\"2025-05-04T19:54:06+00:00\",\"mainEntityOfPage\":{\"@id\":\"https:\\\/\\\/patagoniambiental.com.ar\\\/info\\\/capacitacion-en-gestion-de-residuos-electronicos-en-trelew\\\/\"},\"wordCount\":284,\"commentCount\":0,\"publisher\":{\"@id\":\"https:\\\/\\\/patagoniambiental.com.ar\\\/info\\\/#organization\"},\"image\":{\"@id\":\"https:\\\/\\\/patagoniambiental.com.ar\\\/info\\\/capacitacion-en-gestion-de-residuos-electronicos-en-trelew\\\/#primaryimage\"},\"thumbnailUrl\":\"https:\\\/\\\/patagoniambiental.com.ar\\\/info\\\/wp-content\\\/uploads\\\/2024\\\/10\\\/1728397924whatsapp-image-2024-10-08-at-11-01-57-am.jpeg\",\"articleSection\":[\"Agenda Ambiental\",\"Municipales\",\"Noticias\"],\"inLanguage\":\"es\",\"potentialAction\":[{\"@type\":\"CommentAction\",\"name\":\"Comment\",\"target\":[\"https:\\\/\\\/patagoniambiental.com.ar\\\/info\\\/capacitacion-en-gestion-de-residuos-electronicos-en-trelew\\\/#respond\"]}]},{\"@type\":\"WebPage\",\"@id\":\"https:\\\/\\\/patagoniambiental.com.ar\\\/info\\\/capacitacion-en-gestion-de-residuos-electronicos-en-trelew\\\/\",\"url\":\"https:\\\/\\\/patagoniambiental.com.ar\\\/info\\\/capacitacion-en-gestion-de-residuos-electronicos-en-trelew\\\/\",\"name\":\"Capacitaci\u00f3n en gesti\u00f3n de residuos electr\u00f3nicos en Trelew\",\"isPartOf\":{\"@id\":\"https:\\\/\\\/patagoniambiental.com.ar\\\/info\\\/#website\"},\"primaryImageOfPage\":{\"@id\":\"https:\\\/\\\/patagoniambiental.com.ar\\\/info\\\/capacitacion-en-gestion-de-residuos-electronicos-en-trelew\\\/#primaryimage\"},\"image\":{\"@id\":\"https:\\\/\\\/patagoniambiental.com.ar\\\/info\\\/capacitacion-en-gestion-de-residuos-electronicos-en-trelew\\\/#primaryimage\"},\"thumbnailUrl\":\"https:\\\/\\\/patagoniambiental.com.ar\\\/info\\\/wp-content\\\/uploads\\\/2024\\\/10\\\/1728397924whatsapp-image-2024-10-08-at-11-01-57-am.jpeg\",\"datePublished\":\"2024-10-09T02:42:56+00:00\",\"dateModified\":\"2025-05-04T19:54:06+00:00\",\"description\":\"Se dio inicio a una serie de capacitaciones en Trelew sobre gesti\u00f3n de residuos el\u00e9ctricos y electr\u00f3nicos\\\".\",\"breadcrumb\":{\"@id\":\"https:\\\/\\\/patagoniambiental.com.ar\\\/info\\\/capacitacion-en-gestion-de-residuos-electronicos-en-trelew\\\/#breadcrumb\"},\"inLanguage\":\"es\",\"potentialAction\":[{\"@type\":\"ReadAction\",\"target\":[\"https:\\\/\\\/patagoniambiental.com.ar\\\/info\\\/capacitacion-en-gestion-de-residuos-electronicos-en-trelew\\\/\"]}]},{\"@type\":\"ImageObject\",\"inLanguage\":\"es\",\"@id\":\"https:\\\/\\\/patagoniambiental.com.ar\\\/info\\\/capacitacion-en-gestion-de-residuos-electronicos-en-trelew\\\/#primaryimage\",\"url\":\"https:\\\/\\\/patagoniambiental.com.ar\\\/info\\\/wp-content\\\/uploads\\\/2024\\\/10\\\/1728397924whatsapp-image-2024-10-08-at-11-01-57-am.jpeg\",\"contentUrl\":\"https:\\\/\\\/patagoniambiental.com.ar\\\/info\\\/wp-content\\\/uploads\\\/2024\\\/10\\\/1728397924whatsapp-image-2024-10-08-at-11-01-57-am.jpeg\",\"width\":901,\"height\":600},{\"@type\":\"BreadcrumbList\",\"@id\":\"https:\\\/\\\/patagoniambiental.com.ar\\\/info\\\/capacitacion-en-gestion-de-residuos-electronicos-en-trelew\\\/#breadcrumb\",\"itemListElement\":[{\"@type\":\"ListItem\",\"position\":1,\"name\":\"Inicio\",\"item\":\"https:\\\/\\\/patagoniambiental.com.ar\\\/info\\\/\"},{\"@type\":\"ListItem\",\"position\":2,\"name\":\"Capacitaci\u00f3n en gesti\u00f3n de residuos electr\u00f3nicos en Trelew\"}]},{\"@type\":\"WebSite\",\"@id\":\"https:\\\/\\\/patagoniambiental.com.ar\\\/info\\\/#website\",\"url\":\"https:\\\/\\\/patagoniambiental.com.ar\\\/info\\\/\",\"name\":\"Patagonia Ambiental\",\"description\":\"Monitoreo y an\u00e1lisis de la situaci\u00f3n geopol\u00edtica en el mundo y su implicancia en la Patagonia\",\"publisher\":{\"@id\":\"https:\\\/\\\/patagoniambiental.com.ar\\\/info\\\/#organization\"},\"potentialAction\":[{\"@type\":\"SearchAction\",\"target\":{\"@type\":\"EntryPoint\",\"urlTemplate\":\"https:\\\/\\\/patagoniambiental.com.ar\\\/info\\\/?s={search_term_string}\"},\"query-input\":{\"@type\":\"PropertyValueSpecification\",\"valueRequired\":true,\"valueName\":\"search_term_string\"}}],\"inLanguage\":\"es\"},{\"@type\":\"Organization\",\"@id\":\"https:\\\/\\\/patagoniambiental.com.ar\\\/info\\\/#organization\",\"name\":\"Patagonia Ambiental\",\"url\":\"https:\\\/\\\/patagoniambiental.com.ar\\\/info\\\/\",\"logo\":{\"@type\":\"ImageObject\",\"inLanguage\":\"es\",\"@id\":\"https:\\\/\\\/patagoniambiental.com.ar\\\/info\\\/#\\\/schema\\\/logo\\\/image\\\/\",\"url\":\"https:\\\/\\\/patagoniambiental.com.ar\\\/info\\\/wp-content\\\/uploads\\\/2025\\\/05\\\/LOGO-PATAGONIA-AMBIENTAL.png\",\"contentUrl\":\"https:\\\/\\\/patagoniambiental.com.ar\\\/info\\\/wp-content\\\/uploads\\\/2025\\\/05\\\/LOGO-PATAGONIA-AMBIENTAL.png\",\"width\":433,\"height\":250,\"caption\":\"Patagonia Ambiental\"},\"image\":{\"@id\":\"https:\\\/\\\/patagoniambiental.com.ar\\\/info\\\/#\\\/schema\\\/logo\\\/image\\\/\"},\"sameAs\":[\"https:\\\/\\\/www.facebook.com\\\/patagonia.ambiental\",\"https:\\\/\\\/x.com\\\/PatAmb\"]},{\"@type\":\"Person\",\"@id\":\"https:\\\/\\\/patagoniambiental.com.ar\\\/info\\\/#\\\/schema\\\/person\\\/db12bff64bbcbf6a253710bf0ea37b5d\",\"name\":\"Patagonia Ambiental\",\"description\":\"Andr\u00e9s Nievas T\u00e9cnico en manejo ambiental, consultor Ambiental y escritor para medios locales e internacionales sobre temas de geopolitica y medio ambiente.\",\"sameAs\":[\"http:\\\/\\\/www.patagoniambiental.com.ar\",\"https:\\\/\\\/www.facebook.com\\\/share\\\/1C1V8Gv9BX\\\/?mibextid=qi2Omg\",\"@patagoniambiental\",\"https:\\\/\\\/youtube.com\\\/@patagoniaambiental2023?si=BLt58t0wuXquxlYZ\"]}]}<\/script>\n<!-- \/ Yoast SEO Premium plugin. -->","yoast_head_json":{"title":"Capacitaci\u00f3n en gesti\u00f3n de residuos electr\u00f3nicos en Trelew","description":"Se dio inicio a una serie de capacitaciones en Trelew sobre gesti\u00f3n de residuos el\u00e9ctricos y electr\u00f3nicos\".","robots":{"index":"index","follow":"follow","max-snippet":"max-snippet:-1","max-image-preview":"max-image-preview:large","max-video-preview":"max-video-preview:-1"},"canonical":"https:\/\/patagoniambiental.com.ar\/info\/capacitacion-en-gestion-de-residuos-electronicos-en-trelew\/","og_locale":"es_ES","og_type":"article","og_title":"Capacitaci\u00f3n en gesti\u00f3n de residuos electr\u00f3nicos en Trelew","og_description":"Se dio inicio a una serie de capacitaciones en Trelew sobre gesti\u00f3n de residuos el\u00e9ctricos y electr\u00f3nicos\".","og_url":"https:\/\/patagoniambiental.com.ar\/info\/capacitacion-en-gestion-de-residuos-electronicos-en-trelew\/","og_site_name":"Patagonia Ambiental","article_publisher":"https:\/\/www.facebook.com\/patagonia.ambiental","article_author":"https:\/\/www.facebook.com\/share\/1C1V8Gv9BX\/?mibextid=qi2Omg","article_published_time":"2024-10-09T02:42:56+00:00","article_modified_time":"2025-05-04T19:54:06+00:00","og_image":[{"width":1600,"height":1066,"url":"https:\/\/patagoniambiental.com.ar\/info\/wp-content\/uploads\/2024\/10\/1728397924whatsapp-image-2024-10-08-at-11-01-57-am.jpeg","type":"image\/jpeg"}],"author":"Patagonia Ambiental","twitter_card":"summary_large_image","twitter_creator":"@PatAmb","twitter_site":"@PatAmb","schema":{"@context":"https:\/\/schema.org","@graph":[{"@type":"Article","@id":"https:\/\/patagoniambiental.com.ar\/info\/capacitacion-en-gestion-de-residuos-electronicos-en-trelew\/#article","isPartOf":{"@id":"https:\/\/patagoniambiental.com.ar\/info\/capacitacion-en-gestion-de-residuos-electronicos-en-trelew\/"},"author":{"name":"Patagonia Ambiental","@id":"https:\/\/patagoniambiental.com.ar\/info\/#\/schema\/person\/db12bff64bbcbf6a253710bf0ea37b5d"},"headline":"Capacitaci\u00f3n en gesti\u00f3n de residuos electr\u00f3nicos en Trelew","datePublished":"2024-10-09T02:42:56+00:00","dateModified":"2025-05-04T19:54:06+00:00","mainEntityOfPage":{"@id":"https:\/\/patagoniambiental.com.ar\/info\/capacitacion-en-gestion-de-residuos-electronicos-en-trelew\/"},"wordCount":284,"commentCount":0,"publisher":{"@id":"https:\/\/patagoniambiental.com.ar\/info\/#organization"},"image":{"@id":"https:\/\/patagoniambiental.com.ar\/info\/capacitacion-en-gestion-de-residuos-electronicos-en-trelew\/#primaryimage"},"thumbnailUrl":"https:\/\/patagoniambiental.com.ar\/info\/wp-content\/uploads\/2024\/10\/1728397924whatsapp-image-2024-10-08-at-11-01-57-am.jpeg","articleSection":["Agenda Ambiental","Municipales","Noticias"],"inLanguage":"es","potentialAction":[{"@type":"CommentAction","name":"Comment","target":["https:\/\/patagoniambiental.com.ar\/info\/capacitacion-en-gestion-de-residuos-electronicos-en-trelew\/#respond"]}]},{"@type":"WebPage","@id":"https:\/\/patagoniambiental.com.ar\/info\/capacitacion-en-gestion-de-residuos-electronicos-en-trelew\/","url":"https:\/\/patagoniambiental.com.ar\/info\/capacitacion-en-gestion-de-residuos-electronicos-en-trelew\/","name":"Capacitaci\u00f3n en gesti\u00f3n de residuos electr\u00f3nicos en Trelew","isPartOf":{"@id":"https:\/\/patagoniambiental.com.ar\/info\/#website"},"primaryImageOfPage":{"@id":"https:\/\/patagoniambiental.com.ar\/info\/capacitacion-en-gestion-de-residuos-electronicos-en-trelew\/#primaryimage"},"image":{"@id":"https:\/\/patagoniambiental.com.ar\/info\/capacitacion-en-gestion-de-residuos-electronicos-en-trelew\/#primaryimage"},"thumbnailUrl":"https:\/\/patagoniambiental.com.ar\/info\/wp-content\/uploads\/2024\/10\/1728397924whatsapp-image-2024-10-08-at-11-01-57-am.jpeg","datePublished":"2024-10-09T02:42:56+00:00","dateModified":"2025-05-04T19:54:06+00:00","description":"Se dio inicio a una serie de capacitaciones en Trelew sobre gesti\u00f3n de residuos el\u00e9ctricos y electr\u00f3nicos\".","breadcrumb":{"@id":"https:\/\/patagoniambiental.com.ar\/info\/capacitacion-en-gestion-de-residuos-electronicos-en-trelew\/#breadcrumb"},"inLanguage":"es","potentialAction":[{"@type":"ReadAction","target":["https:\/\/patagoniambiental.com.ar\/info\/capacitacion-en-gestion-de-residuos-electronicos-en-trelew\/"]}]},{"@type":"ImageObject","inLanguage":"es","@id":"https:\/\/patagoniambiental.com.ar\/info\/capacitacion-en-gestion-de-residuos-electronicos-en-trelew\/#primaryimage","url":"https:\/\/patagoniambiental.com.ar\/info\/wp-content\/uploads\/2024\/10\/1728397924whatsapp-image-2024-10-08-at-11-01-57-am.jpeg","contentUrl":"https:\/\/patagoniambiental.com.ar\/info\/wp-content\/uploads\/2024\/10\/1728397924whatsapp-image-2024-10-08-at-11-01-57-am.jpeg","width":901,"height":600},{"@type":"BreadcrumbList","@id":"https:\/\/patagoniambiental.com.ar\/info\/capacitacion-en-gestion-de-residuos-electronicos-en-trelew\/#breadcrumb","itemListElement":[{"@type":"ListItem","position":1,"name":"Inicio","item":"https:\/\/patagoniambiental.com.ar\/info\/"},{"@type":"ListItem","position":2,"name":"Capacitaci\u00f3n en gesti\u00f3n de residuos electr\u00f3nicos en Trelew"}]},{"@type":"WebSite","@id":"https:\/\/patagoniambiental.com.ar\/info\/#website","url":"https:\/\/patagoniambiental.com.ar\/info\/","name":"Patagonia Ambiental","description":"Monitoreo y an\u00e1lisis de la situaci\u00f3n geopol\u00edtica en el mundo y su implicancia en la Patagonia","publisher":{"@id":"https:\/\/patagoniambiental.com.ar\/info\/#organization"},"potentialAction":[{"@type":"SearchAction","target":{"@type":"EntryPoint","urlTemplate":"https:\/\/patagoniambiental.com.ar\/info\/?s={search_term_string}"},"query-input":{"@type":"PropertyValueSpecification","valueRequired":true,"valueName":"search_term_string"}}],"inLanguage":"es"},{"@type":"Organization","@id":"https:\/\/patagoniambiental.com.ar\/info\/#organization","name":"Patagonia Ambiental","url":"https:\/\/patagoniambiental.com.ar\/info\/","logo":{"@type":"ImageObject","inLanguage":"es","@id":"https:\/\/patagoniambiental.com.ar\/info\/#\/schema\/logo\/image\/","url":"https:\/\/patagoniambiental.com.ar\/info\/wp-content\/uploads\/2025\/05\/LOGO-PATAGONIA-AMBIENTAL.png","contentUrl":"https:\/\/patagoniambiental.com.ar\/info\/wp-content\/uploads\/2025\/05\/LOGO-PATAGONIA-AMBIENTAL.png","width":433,"height":250,"caption":"Patagonia Ambiental"},"image":{"@id":"https:\/\/patagoniambiental.com.ar\/info\/#\/schema\/logo\/image\/"},"sameAs":["https:\/\/www.facebook.com\/patagonia.ambiental","https:\/\/x.com\/PatAmb"]},{"@type":"Person","@id":"https:\/\/patagoniambiental.com.ar\/info\/#\/schema\/person\/db12bff64bbcbf6a253710bf0ea37b5d","name":"Patagonia Ambiental","description":"Andr\u00e9s Nievas T\u00e9cnico en manejo ambiental, consultor Ambiental y escritor para medios locales e internacionales sobre temas de geopolitica y medio ambiente.","sameAs":["http:\/\/www.patagoniambiental.com.ar","https:\/\/www.facebook.com\/share\/1C1V8Gv9BX\/?mibextid=qi2Omg","@patagoniambiental","https:\/\/youtube.com\/@patagoniaambiental2023?si=BLt58t0wuXquxlYZ"]}]}},"_links":{"self":[{"href":"https:\/\/patagoniambiental.com.ar\/info\/wp-json\/wp\/v2\/posts\/91082","targetHints":{"allow":["GET"]}}],"collection":[{"href":"https:\/\/patagoniambiental.com.ar\/info\/wp-json\/wp\/v2\/posts"}],"about":[{"href":"https:\/\/patagoniambiental.com.ar\/info\/wp-json\/wp\/v2\/types\/post"}],"author":[{"embeddable":true,"href":"https:\/\/patagoniambiental.com.ar\/info\/wp-json\/wp\/v2\/users\/2"}],"replies":[{"embeddable":true,"href":"https:\/\/patagoniambiental.com.ar\/info\/wp-json\/wp\/v2\/comments?post=91082"}],"version-history":[{"count":0,"href":"https:\/\/patagoniambiental.com.ar\/info\/wp-json\/wp\/v2\/posts\/91082\/revisions"}],"wp:featuredmedia":[{"embeddable":true,"href":"https:\/\/patagoniambiental.com.ar\/info\/wp-json\/wp\/v2\/media\/91083"}],"wp:attachment":[{"href":"https:\/\/patagoniambiental.com.ar\/info\/wp-json\/wp\/v2\/media?parent=91082"}],"wp:term":[{"taxonomy":"category","embeddable":true,"href":"https:\/\/patagoniambiental.com.ar\/info\/wp-json\/wp\/v2\/categories?post=91082"},{"taxonomy":"post_tag","embeddable":true,"href":"https:\/\/patagoniambiental.com.ar\/info\/wp-json\/wp\/v2\/tags?post=91082"}],"curies":[{"name":"wp","href":"https:\/\/api.w.org\/{rel}","templated":true}]}}