{"id":91130,"date":"2024-10-09T08:59:25","date_gmt":"2024-10-09T11:59:25","guid":{"rendered":"https:\/\/patagoniambiental.com.ar\/info\/?p=91130"},"modified":"2025-05-04T16:54:04","modified_gmt":"2025-05-04T19:54:04","slug":"loncopue-legisladores-investigaran-vertidos-cloacales-al-rio-agrio","status":"publish","type":"post","link":"https:\/\/patagoniambiental.com.ar\/info\/loncopue-legisladores-investigaran-vertidos-cloacales-al-rio-agrio\/","title":{"rendered":"Loncopu\u00e9: Legisladores investigar\u00e1n vertidos cloacales al r\u00edo Agrio"},"content":{"rendered":"\n<!--more-->\n\n\n\n<p>Loncopue( Neuquen), 10 de octubre de 2024. La Comisi\u00f3n de Legislaci\u00f3n de Asuntos Municipales, Turismo y Transporte (F) ha decidido investigar el reciente vertido de desechos cloacales al r\u00edo Agrio por parte de un cami\u00f3n municipal en Loncopu\u00e9. Este incidente, que ocurri\u00f3 en septiembre, gener\u00f3 gran preocupaci\u00f3n entre los vecinos, quienes alertaron sobre la situaci\u00f3n y difundieron un video que se volvi\u00f3 viral.<\/p>\n\n\n\n<p><a href=\"https:\/\/patagoniambiental.com.ar\/info\/contaminacion-en-loncopue-deshechos-cloacales-vertidos-al-rio-agrio\/\">Noticia relacionada: Contaminaci\u00f3n en Loncopu\u00e9: deshechos cloacales vertidos al r\u00edo Agrio<\/a><\/p>\n\n\n\n<p>La diputada Carina Riccomini (Juntos) explic\u00f3 que el vertido tuvo lugar en la zona conocida como \u201cEl Cable\u201d, un \u00e1rea frecuentada por colonias infantiles durante el verano. En la nota que se enviar\u00e1 al municipio y a las dependencias provinciales de Recursos H\u00eddricos y Obras P\u00fablicas, se solicitar\u00e1 informaci\u00f3n sobre la identidad del cami\u00f3n involucrado y los responsables del vertido, as\u00ed como las acciones tomadas al respecto y los estudios de calidad del agua.<\/p>\n\n\n\n<p>Adem\u00e1s, los legisladores pedir\u00e1n detalles sobre el manejo de los efluentes cloacales en la localidad y el estado de la planta de tratamiento, cuya construcci\u00f3n ha sido paralizada. Riccomini advirti\u00f3 que este tipo de incidentes no son aislados y reflejan una pr\u00e1ctica habitual que mantiene a la comunidad en estado de alerta. Por su parte, Mat\u00edas Mart\u00ednez (DC-Comunidad) enfatiz\u00f3 la necesidad de avanzar hacia un \u00abvertido cero\u00bb en la regi\u00f3n.<\/p>\n","protected":false},"excerpt":{"rendered":"","protected":false},"author":2,"featured_media":91131,"comment_status":"open","ping_status":"open","sticky":false,"template":"","format":"standard","meta":{"site-sidebar-layout":"default","site-content-layout":"","ast-site-content-layout":"default","site-content-style":"default","site-sidebar-style":"default","ast-global-header-display":"","ast-banner-title-visibility":"","ast-main-header-display":"","ast-hfb-above-header-display":"","ast-hfb-below-header-display":"","ast-hfb-mobile-header-display":"","site-post-title":"","ast-breadcrumbs-content":"","ast-featured-img":"","footer-sml-layout":"","ast-disable-related-posts":"","theme-transparent-header-meta":"","adv-header-id-meta":"","stick-header-meta":"","header-above-stick-meta":"","header-main-stick-meta":"","header-below-stick-meta":"","astra-migrate-meta-layouts":"default","ast-page-background-enabled":"default","ast-page-background-meta":{"desktop":{"background-color":"var(--ast-global-color-5)","background-image":"","background-repeat":"repeat","background-position":"center center","background-size":"auto","background-attachment":"scroll","background-type":"","background-media":"","overlay-type":"","overlay-color":"","overlay-opacity":"","overlay-gradient":""},"tablet":{"background-color":"","background-image":"","background-repeat":"repeat","background-position":"center center","background-size":"auto","background-attachment":"scroll","background-type":"","background-media":"","overlay-type":"","overlay-color":"","overlay-opacity":"","overlay-gradient":""},"mobile":{"background-color":"","background-image":"","background-repeat":"repeat","background-position":"center center","background-size":"auto","background-attachment":"scroll","background-type":"","background-media":"","overlay-type":"","overlay-color":"","overlay-opacity":"","overlay-gradient":""}},"ast-content-background-meta":{"desktop":{"background-color":"var(--ast-global-color-4)","background-image":"","background-repeat":"repeat","background-position":"center center","background-size":"auto","background-attachment":"scroll","background-type":"","background-media":"","overlay-type":"","overlay-color":"","overlay-opacity":"","overlay-gradient":""},"tablet":{"background-color":"var(--ast-global-color-4)","background-image":"","background-repeat":"repeat","background-position":"center center","background-size":"auto","background-attachment":"scroll","background-type":"","background-media":"","overlay-type":"","overlay-color":"","overlay-opacity":"","overlay-gradient":""},"mobile":{"background-color":"var(--ast-global-color-4)","background-image":"","background-repeat":"repeat","background-position":"center center","background-size":"auto","background-attachment":"scroll","background-type":"","background-media":"","overlay-type":"","overlay-color":"","overlay-opacity":"","overlay-gradient":""}},"footnotes":""},"categories":[18,1,13],"tags":[],"class_list":["post-91130","post","type-post","status-publish","format-standard","has-post-thumbnail","hentry","category-neuquen","category-noticias","category-provinciales"],"yoast_head":"<!-- This site is optimized with the Yoast SEO Premium plugin v23.0 (Yoast SEO v27.5) - https:\/\/yoast.com\/product\/yoast-seo-premium-wordpress\/ -->\n<title>Loncopu\u00e9: Legisladores investigar\u00e1n vertidos cloacales al r\u00edo Agrio<\/title>\n<meta name=\"description\" content=\"La Comisi\u00f3n de Legislaci\u00f3n de Asuntos Municipales, Turismo y Transporte (F) ha decidido investigar el vertido de desechos cloacales al r\u00edo Agrio\" \/>\n<meta name=\"robots\" content=\"index, follow, max-snippet:-1, max-image-preview:large, max-video-preview:-1\" \/>\n<link rel=\"canonical\" href=\"https:\/\/patagoniambiental.com.ar\/info\/loncopue-legisladores-investigaran-vertidos-cloacales-al-rio-agrio\/\" \/>\n<meta property=\"og:locale\" content=\"es_ES\" \/>\n<meta property=\"og:type\" content=\"article\" \/>\n<meta property=\"og:title\" content=\"Loncopu\u00e9: Legisladores investigar\u00e1n vertidos cloacales al r\u00edo Agrio\" \/>\n<meta property=\"og:description\" content=\"La Comisi\u00f3n de Legislaci\u00f3n de Asuntos Municipales, Turismo y Transporte (F) ha decidido investigar el vertido de desechos cloacales al r\u00edo Agrio\" \/>\n<meta property=\"og:url\" content=\"https:\/\/patagoniambiental.com.ar\/info\/loncopue-legisladores-investigaran-vertidos-cloacales-al-rio-agrio\/\" \/>\n<meta property=\"og:site_name\" content=\"Patagonia Ambiental\" \/>\n<meta property=\"article:publisher\" content=\"https:\/\/www.facebook.com\/patagonia.ambiental\" \/>\n<meta property=\"article:author\" content=\"https:\/\/www.facebook.com\/share\/1C1V8Gv9BX\/?mibextid=qi2Omg\" \/>\n<meta property=\"article:published_time\" content=\"2024-10-09T11:59:25+00:00\" \/>\n<meta property=\"article:modified_time\" content=\"2025-05-04T19:54:04+00:00\" \/>\n<meta property=\"og:image\" content=\"https:\/\/patagoniambiental.com.ar\/info\/wp-content\/uploads\/2024\/10\/rio-agrio.jpg\" \/>\n\t<meta property=\"og:image:width\" content=\"4288\" \/>\n\t<meta property=\"og:image:height\" content=\"2693\" \/>\n\t<meta property=\"og:image:type\" content=\"image\/jpeg\" \/>\n<meta name=\"author\" content=\"Patagonia Ambiental\" \/>\n<meta name=\"twitter:card\" content=\"summary_large_image\" \/>\n<meta name=\"twitter:creator\" content=\"@PatAmb\" \/>\n<meta name=\"twitter:site\" content=\"@PatAmb\" \/>\n<script type=\"application\/ld+json\" class=\"yoast-schema-graph\">{\"@context\":\"https:\\\/\\\/schema.org\",\"@graph\":[{\"@type\":\"Article\",\"@id\":\"https:\\\/\\\/patagoniambiental.com.ar\\\/info\\\/loncopue-legisladores-investigaran-vertidos-cloacales-al-rio-agrio\\\/#article\",\"isPartOf\":{\"@id\":\"https:\\\/\\\/patagoniambiental.com.ar\\\/info\\\/loncopue-legisladores-investigaran-vertidos-cloacales-al-rio-agrio\\\/\"},\"author\":{\"name\":\"Patagonia Ambiental\",\"@id\":\"https:\\\/\\\/patagoniambiental.com.ar\\\/info\\\/#\\\/schema\\\/person\\\/db12bff64bbcbf6a253710bf0ea37b5d\"},\"headline\":\"Loncopu\u00e9: Legisladores investigar\u00e1n vertidos cloacales al r\u00edo Agrio\",\"datePublished\":\"2024-10-09T11:59:25+00:00\",\"dateModified\":\"2025-05-04T19:54:04+00:00\",\"mainEntityOfPage\":{\"@id\":\"https:\\\/\\\/patagoniambiental.com.ar\\\/info\\\/loncopue-legisladores-investigaran-vertidos-cloacales-al-rio-agrio\\\/\"},\"wordCount\":245,\"commentCount\":0,\"publisher\":{\"@id\":\"https:\\\/\\\/patagoniambiental.com.ar\\\/info\\\/#organization\"},\"image\":{\"@id\":\"https:\\\/\\\/patagoniambiental.com.ar\\\/info\\\/loncopue-legisladores-investigaran-vertidos-cloacales-al-rio-agrio\\\/#primaryimage\"},\"thumbnailUrl\":\"https:\\\/\\\/patagoniambiental.com.ar\\\/info\\\/wp-content\\\/uploads\\\/2024\\\/10\\\/rio-agrio.jpg\",\"articleSection\":[\"Neuqu\u00e9n\",\"Noticias\",\"Provinciales\"],\"inLanguage\":\"es\",\"potentialAction\":[{\"@type\":\"CommentAction\",\"name\":\"Comment\",\"target\":[\"https:\\\/\\\/patagoniambiental.com.ar\\\/info\\\/loncopue-legisladores-investigaran-vertidos-cloacales-al-rio-agrio\\\/#respond\"]}]},{\"@type\":\"WebPage\",\"@id\":\"https:\\\/\\\/patagoniambiental.com.ar\\\/info\\\/loncopue-legisladores-investigaran-vertidos-cloacales-al-rio-agrio\\\/\",\"url\":\"https:\\\/\\\/patagoniambiental.com.ar\\\/info\\\/loncopue-legisladores-investigaran-vertidos-cloacales-al-rio-agrio\\\/\",\"name\":\"Loncopu\u00e9: Legisladores investigar\u00e1n vertidos cloacales al r\u00edo Agrio\",\"isPartOf\":{\"@id\":\"https:\\\/\\\/patagoniambiental.com.ar\\\/info\\\/#website\"},\"primaryImageOfPage\":{\"@id\":\"https:\\\/\\\/patagoniambiental.com.ar\\\/info\\\/loncopue-legisladores-investigaran-vertidos-cloacales-al-rio-agrio\\\/#primaryimage\"},\"image\":{\"@id\":\"https:\\\/\\\/patagoniambiental.com.ar\\\/info\\\/loncopue-legisladores-investigaran-vertidos-cloacales-al-rio-agrio\\\/#primaryimage\"},\"thumbnailUrl\":\"https:\\\/\\\/patagoniambiental.com.ar\\\/info\\\/wp-content\\\/uploads\\\/2024\\\/10\\\/rio-agrio.jpg\",\"datePublished\":\"2024-10-09T11:59:25+00:00\",\"dateModified\":\"2025-05-04T19:54:04+00:00\",\"description\":\"La Comisi\u00f3n de Legislaci\u00f3n de Asuntos Municipales, Turismo y Transporte (F) ha decidido investigar el vertido de desechos cloacales al r\u00edo Agrio\",\"breadcrumb\":{\"@id\":\"https:\\\/\\\/patagoniambiental.com.ar\\\/info\\\/loncopue-legisladores-investigaran-vertidos-cloacales-al-rio-agrio\\\/#breadcrumb\"},\"inLanguage\":\"es\",\"potentialAction\":[{\"@type\":\"ReadAction\",\"target\":[\"https:\\\/\\\/patagoniambiental.com.ar\\\/info\\\/loncopue-legisladores-investigaran-vertidos-cloacales-al-rio-agrio\\\/\"]}]},{\"@type\":\"ImageObject\",\"inLanguage\":\"es\",\"@id\":\"https:\\\/\\\/patagoniambiental.com.ar\\\/info\\\/loncopue-legisladores-investigaran-vertidos-cloacales-al-rio-agrio\\\/#primaryimage\",\"url\":\"https:\\\/\\\/patagoniambiental.com.ar\\\/info\\\/wp-content\\\/uploads\\\/2024\\\/10\\\/rio-agrio.jpg\",\"contentUrl\":\"https:\\\/\\\/patagoniambiental.com.ar\\\/info\\\/wp-content\\\/uploads\\\/2024\\\/10\\\/rio-agrio.jpg\",\"width\":955,\"height\":600},{\"@type\":\"BreadcrumbList\",\"@id\":\"https:\\\/\\\/patagoniambiental.com.ar\\\/info\\\/loncopue-legisladores-investigaran-vertidos-cloacales-al-rio-agrio\\\/#breadcrumb\",\"itemListElement\":[{\"@type\":\"ListItem\",\"position\":1,\"name\":\"Inicio\",\"item\":\"https:\\\/\\\/patagoniambiental.com.ar\\\/info\\\/\"},{\"@type\":\"ListItem\",\"position\":2,\"name\":\"Loncopu\u00e9: Legisladores investigar\u00e1n vertidos cloacales al r\u00edo Agrio\"}]},{\"@type\":\"WebSite\",\"@id\":\"https:\\\/\\\/patagoniambiental.com.ar\\\/info\\\/#website\",\"url\":\"https:\\\/\\\/patagoniambiental.com.ar\\\/info\\\/\",\"name\":\"Patagonia Ambiental\",\"description\":\"Monitoreo y an\u00e1lisis de la situaci\u00f3n geopol\u00edtica en el mundo y su implicancia en la Patagonia\",\"publisher\":{\"@id\":\"https:\\\/\\\/patagoniambiental.com.ar\\\/info\\\/#organization\"},\"potentialAction\":[{\"@type\":\"SearchAction\",\"target\":{\"@type\":\"EntryPoint\",\"urlTemplate\":\"https:\\\/\\\/patagoniambiental.com.ar\\\/info\\\/?s={search_term_string}\"},\"query-input\":{\"@type\":\"PropertyValueSpecification\",\"valueRequired\":true,\"valueName\":\"search_term_string\"}}],\"inLanguage\":\"es\"},{\"@type\":\"Organization\",\"@id\":\"https:\\\/\\\/patagoniambiental.com.ar\\\/info\\\/#organization\",\"name\":\"Patagonia Ambiental\",\"url\":\"https:\\\/\\\/patagoniambiental.com.ar\\\/info\\\/\",\"logo\":{\"@type\":\"ImageObject\",\"inLanguage\":\"es\",\"@id\":\"https:\\\/\\\/patagoniambiental.com.ar\\\/info\\\/#\\\/schema\\\/logo\\\/image\\\/\",\"url\":\"https:\\\/\\\/patagoniambiental.com.ar\\\/info\\\/wp-content\\\/uploads\\\/2025\\\/05\\\/LOGO-PATAGONIA-AMBIENTAL.png\",\"contentUrl\":\"https:\\\/\\\/patagoniambiental.com.ar\\\/info\\\/wp-content\\\/uploads\\\/2025\\\/05\\\/LOGO-PATAGONIA-AMBIENTAL.png\",\"width\":433,\"height\":250,\"caption\":\"Patagonia Ambiental\"},\"image\":{\"@id\":\"https:\\\/\\\/patagoniambiental.com.ar\\\/info\\\/#\\\/schema\\\/logo\\\/image\\\/\"},\"sameAs\":[\"https:\\\/\\\/www.facebook.com\\\/patagonia.ambiental\",\"https:\\\/\\\/x.com\\\/PatAmb\"]},{\"@type\":\"Person\",\"@id\":\"https:\\\/\\\/patagoniambiental.com.ar\\\/info\\\/#\\\/schema\\\/person\\\/db12bff64bbcbf6a253710bf0ea37b5d\",\"name\":\"Patagonia Ambiental\",\"description\":\"Andr\u00e9s Nievas T\u00e9cnico en manejo ambiental, consultor Ambiental y escritor para medios locales e internacionales sobre temas de geopolitica y medio ambiente.\",\"sameAs\":[\"http:\\\/\\\/www.patagoniambiental.com.ar\",\"https:\\\/\\\/www.facebook.com\\\/share\\\/1C1V8Gv9BX\\\/?mibextid=qi2Omg\",\"@patagoniambiental\",\"https:\\\/\\\/youtube.com\\\/@patagoniaambiental2023?si=BLt58t0wuXquxlYZ\"]}]}<\/script>\n<!-- \/ Yoast SEO Premium plugin. -->","yoast_head_json":{"title":"Loncopu\u00e9: Legisladores investigar\u00e1n vertidos cloacales al r\u00edo Agrio","description":"La Comisi\u00f3n de Legislaci\u00f3n de Asuntos Municipales, Turismo y Transporte (F) ha decidido investigar el vertido de desechos cloacales al r\u00edo Agrio","robots":{"index":"index","follow":"follow","max-snippet":"max-snippet:-1","max-image-preview":"max-image-preview:large","max-video-preview":"max-video-preview:-1"},"canonical":"https:\/\/patagoniambiental.com.ar\/info\/loncopue-legisladores-investigaran-vertidos-cloacales-al-rio-agrio\/","og_locale":"es_ES","og_type":"article","og_title":"Loncopu\u00e9: Legisladores investigar\u00e1n vertidos cloacales al r\u00edo Agrio","og_description":"La Comisi\u00f3n de Legislaci\u00f3n de Asuntos Municipales, Turismo y Transporte (F) ha decidido investigar el vertido de desechos cloacales al r\u00edo Agrio","og_url":"https:\/\/patagoniambiental.com.ar\/info\/loncopue-legisladores-investigaran-vertidos-cloacales-al-rio-agrio\/","og_site_name":"Patagonia Ambiental","article_publisher":"https:\/\/www.facebook.com\/patagonia.ambiental","article_author":"https:\/\/www.facebook.com\/share\/1C1V8Gv9BX\/?mibextid=qi2Omg","article_published_time":"2024-10-09T11:59:25+00:00","article_modified_time":"2025-05-04T19:54:04+00:00","og_image":[{"width":4288,"height":2693,"url":"https:\/\/patagoniambiental.com.ar\/info\/wp-content\/uploads\/2024\/10\/rio-agrio.jpg","type":"image\/jpeg"}],"author":"Patagonia Ambiental","twitter_card":"summary_large_image","twitter_creator":"@PatAmb","twitter_site":"@PatAmb","schema":{"@context":"https:\/\/schema.org","@graph":[{"@type":"Article","@id":"https:\/\/patagoniambiental.com.ar\/info\/loncopue-legisladores-investigaran-vertidos-cloacales-al-rio-agrio\/#article","isPartOf":{"@id":"https:\/\/patagoniambiental.com.ar\/info\/loncopue-legisladores-investigaran-vertidos-cloacales-al-rio-agrio\/"},"author":{"name":"Patagonia Ambiental","@id":"https:\/\/patagoniambiental.com.ar\/info\/#\/schema\/person\/db12bff64bbcbf6a253710bf0ea37b5d"},"headline":"Loncopu\u00e9: Legisladores investigar\u00e1n vertidos cloacales al r\u00edo Agrio","datePublished":"2024-10-09T11:59:25+00:00","dateModified":"2025-05-04T19:54:04+00:00","mainEntityOfPage":{"@id":"https:\/\/patagoniambiental.com.ar\/info\/loncopue-legisladores-investigaran-vertidos-cloacales-al-rio-agrio\/"},"wordCount":245,"commentCount":0,"publisher":{"@id":"https:\/\/patagoniambiental.com.ar\/info\/#organization"},"image":{"@id":"https:\/\/patagoniambiental.com.ar\/info\/loncopue-legisladores-investigaran-vertidos-cloacales-al-rio-agrio\/#primaryimage"},"thumbnailUrl":"https:\/\/patagoniambiental.com.ar\/info\/wp-content\/uploads\/2024\/10\/rio-agrio.jpg","articleSection":["Neuqu\u00e9n","Noticias","Provinciales"],"inLanguage":"es","potentialAction":[{"@type":"CommentAction","name":"Comment","target":["https:\/\/patagoniambiental.com.ar\/info\/loncopue-legisladores-investigaran-vertidos-cloacales-al-rio-agrio\/#respond"]}]},{"@type":"WebPage","@id":"https:\/\/patagoniambiental.com.ar\/info\/loncopue-legisladores-investigaran-vertidos-cloacales-al-rio-agrio\/","url":"https:\/\/patagoniambiental.com.ar\/info\/loncopue-legisladores-investigaran-vertidos-cloacales-al-rio-agrio\/","name":"Loncopu\u00e9: Legisladores investigar\u00e1n vertidos cloacales al r\u00edo Agrio","isPartOf":{"@id":"https:\/\/patagoniambiental.com.ar\/info\/#website"},"primaryImageOfPage":{"@id":"https:\/\/patagoniambiental.com.ar\/info\/loncopue-legisladores-investigaran-vertidos-cloacales-al-rio-agrio\/#primaryimage"},"image":{"@id":"https:\/\/patagoniambiental.com.ar\/info\/loncopue-legisladores-investigaran-vertidos-cloacales-al-rio-agrio\/#primaryimage"},"thumbnailUrl":"https:\/\/patagoniambiental.com.ar\/info\/wp-content\/uploads\/2024\/10\/rio-agrio.jpg","datePublished":"2024-10-09T11:59:25+00:00","dateModified":"2025-05-04T19:54:04+00:00","description":"La Comisi\u00f3n de Legislaci\u00f3n de Asuntos Municipales, Turismo y Transporte (F) ha decidido investigar el vertido de desechos cloacales al r\u00edo Agrio","breadcrumb":{"@id":"https:\/\/patagoniambiental.com.ar\/info\/loncopue-legisladores-investigaran-vertidos-cloacales-al-rio-agrio\/#breadcrumb"},"inLanguage":"es","potentialAction":[{"@type":"ReadAction","target":["https:\/\/patagoniambiental.com.ar\/info\/loncopue-legisladores-investigaran-vertidos-cloacales-al-rio-agrio\/"]}]},{"@type":"ImageObject","inLanguage":"es","@id":"https:\/\/patagoniambiental.com.ar\/info\/loncopue-legisladores-investigaran-vertidos-cloacales-al-rio-agrio\/#primaryimage","url":"https:\/\/patagoniambiental.com.ar\/info\/wp-content\/uploads\/2024\/10\/rio-agrio.jpg","contentUrl":"https:\/\/patagoniambiental.com.ar\/info\/wp-content\/uploads\/2024\/10\/rio-agrio.jpg","width":955,"height":600},{"@type":"BreadcrumbList","@id":"https:\/\/patagoniambiental.com.ar\/info\/loncopue-legisladores-investigaran-vertidos-cloacales-al-rio-agrio\/#breadcrumb","itemListElement":[{"@type":"ListItem","position":1,"name":"Inicio","item":"https:\/\/patagoniambiental.com.ar\/info\/"},{"@type":"ListItem","position":2,"name":"Loncopu\u00e9: Legisladores investigar\u00e1n vertidos cloacales al r\u00edo Agrio"}]},{"@type":"WebSite","@id":"https:\/\/patagoniambiental.com.ar\/info\/#website","url":"https:\/\/patagoniambiental.com.ar\/info\/","name":"Patagonia Ambiental","description":"Monitoreo y an\u00e1lisis de la situaci\u00f3n geopol\u00edtica en el mundo y su implicancia en la Patagonia","publisher":{"@id":"https:\/\/patagoniambiental.com.ar\/info\/#organization"},"potentialAction":[{"@type":"SearchAction","target":{"@type":"EntryPoint","urlTemplate":"https:\/\/patagoniambiental.com.ar\/info\/?s={search_term_string}"},"query-input":{"@type":"PropertyValueSpecification","valueRequired":true,"valueName":"search_term_string"}}],"inLanguage":"es"},{"@type":"Organization","@id":"https:\/\/patagoniambiental.com.ar\/info\/#organization","name":"Patagonia Ambiental","url":"https:\/\/patagoniambiental.com.ar\/info\/","logo":{"@type":"ImageObject","inLanguage":"es","@id":"https:\/\/patagoniambiental.com.ar\/info\/#\/schema\/logo\/image\/","url":"https:\/\/patagoniambiental.com.ar\/info\/wp-content\/uploads\/2025\/05\/LOGO-PATAGONIA-AMBIENTAL.png","contentUrl":"https:\/\/patagoniambiental.com.ar\/info\/wp-content\/uploads\/2025\/05\/LOGO-PATAGONIA-AMBIENTAL.png","width":433,"height":250,"caption":"Patagonia Ambiental"},"image":{"@id":"https:\/\/patagoniambiental.com.ar\/info\/#\/schema\/logo\/image\/"},"sameAs":["https:\/\/www.facebook.com\/patagonia.ambiental","https:\/\/x.com\/PatAmb"]},{"@type":"Person","@id":"https:\/\/patagoniambiental.com.ar\/info\/#\/schema\/person\/db12bff64bbcbf6a253710bf0ea37b5d","name":"Patagonia Ambiental","description":"Andr\u00e9s Nievas T\u00e9cnico en manejo ambiental, consultor Ambiental y escritor para medios locales e internacionales sobre temas de geopolitica y medio ambiente.","sameAs":["http:\/\/www.patagoniambiental.com.ar","https:\/\/www.facebook.com\/share\/1C1V8Gv9BX\/?mibextid=qi2Omg","@patagoniambiental","https:\/\/youtube.com\/@patagoniaambiental2023?si=BLt58t0wuXquxlYZ"]}]}},"_links":{"self":[{"href":"https:\/\/patagoniambiental.com.ar\/info\/wp-json\/wp\/v2\/posts\/91130","targetHints":{"allow":["GET"]}}],"collection":[{"href":"https:\/\/patagoniambiental.com.ar\/info\/wp-json\/wp\/v2\/posts"}],"about":[{"href":"https:\/\/patagoniambiental.com.ar\/info\/wp-json\/wp\/v2\/types\/post"}],"author":[{"embeddable":true,"href":"https:\/\/patagoniambiental.com.ar\/info\/wp-json\/wp\/v2\/users\/2"}],"replies":[{"embeddable":true,"href":"https:\/\/patagoniambiental.com.ar\/info\/wp-json\/wp\/v2\/comments?post=91130"}],"version-history":[{"count":0,"href":"https:\/\/patagoniambiental.com.ar\/info\/wp-json\/wp\/v2\/posts\/91130\/revisions"}],"wp:featuredmedia":[{"embeddable":true,"href":"https:\/\/patagoniambiental.com.ar\/info\/wp-json\/wp\/v2\/media\/91131"}],"wp:attachment":[{"href":"https:\/\/patagoniambiental.com.ar\/info\/wp-json\/wp\/v2\/media?parent=91130"}],"wp:term":[{"taxonomy":"category","embeddable":true,"href":"https:\/\/patagoniambiental.com.ar\/info\/wp-json\/wp\/v2\/categories?post=91130"},{"taxonomy":"post_tag","embeddable":true,"href":"https:\/\/patagoniambiental.com.ar\/info\/wp-json\/wp\/v2\/tags?post=91130"}],"curies":[{"name":"wp","href":"https:\/\/api.w.org\/{rel}","templated":true}]}}