{"id":91138,"date":"2024-10-10T10:08:09","date_gmt":"2024-10-10T13:08:09","guid":{"rendered":"https:\/\/patagoniambiental.com.ar\/info\/?p=91138"},"modified":"2025-09-06T11:50:58","modified_gmt":"2025-09-06T14:50:58","slug":"neuquen-se-une-al-global-big-day-a-registrar-aves-este-sabado","status":"publish","type":"post","link":"https:\/\/patagoniambiental.com.ar\/info\/neuquen-se-une-al-global-big-day-a-registrar-aves-este-sabado\/","title":{"rendered":"Neuqu\u00e9n se une al Global Big Day: \u00a1A registrar aves este s\u00e1bado!"},"content":{"rendered":"\n<!--more-->\n\n\n\n<p>Neuquen, 10 de octubre de 2024 El 12 de octubre, Neuqu\u00e9n ser\u00e1 el escenario de una emocionante jornada de observaci\u00f3n de aves, conocida como el Global Big Day, un evento internacional que invita a aficionados y expertos de todo el mundo a identificar la mayor cantidad de especies posible. Esta actividad no solo es una oportunidad para disfrutar de la naturaleza, sino tambi\u00e9n para contribuir al conocimiento cient\u00edfico sobre la avifauna y los h\u00e1bitats que habitan.<\/p>\n\n\n\n<p>Este a\u00f1o, los participantes de Neuqu\u00e9n se preparan para hacer una notable contribuci\u00f3n, dado que la provincia alberga m\u00e1s de 285 especies de aves, muchas de las cuales son \u00fanicas en el pa\u00eds. Neuqu\u00e9n destaca por su diversidad natural, con cuatro ecorregiones diferentes: Altoandina, Monte, Estepa Patag\u00f3nica y Bosque Andino-Patag\u00f3nico, lo que la convierte en un lugar privilegiado para la observaci\u00f3n de aves.<\/p>\n\n\n\n<p>Entre los sitios de inter\u00e9s se encuentran dos humedales de importancia internacional, reconocidos como sitios Ramsar: el Parque Nacional Laguna Blanca y el Parque Provincial Tromen. Estos espacios protegidos son ideales para los observadores, que pueden encontrar especies como el Carpintero Gigante, el C\u00f3ndor, y el Pato de los Torrentes, as\u00ed como los end\u00e9micos Huet Huet casta\u00f1o y Tenca, que s\u00f3lo se encuentran en las \u00c1reas Naturales Protegidas Lagunas de Epu Lauquen y El Tromen.<\/p>\n\n\n\n<p>Octubre es considerado el mejor mes para la observaci\u00f3n de aves en la Patagonia, ya que coincide con la llegada de la primavera en el hemisferio Sur. Este periodo es crucial, ya que las temperaturas en aumento facilitan la disponibilidad de alimento y la llegada de aves migratorias. Las condiciones clim\u00e1ticas favorables durante el verano permiten que los observadores disfruten de una experiencia rica y variada.<\/p>\n\n\n\n<p>Para los interesados en participar, no es necesario estar en un \u00e1rea remota. Los amantes de la ornitolog\u00eda pueden unirse desde sus propios vecindarios, explorando espacios verdes cercanos como plazas y parques urbanos. As\u00ed, el evento no solo fomenta la participaci\u00f3n activa en la conservaci\u00f3n de la biodiversidad, sino que tambi\u00e9n promueve un estilo de vida m\u00e1s conectado con la naturaleza.<\/p>\n\n\n\n<figure class=\"wp-block-image size-full\"><img fetchpriority=\"high\" decoding=\"async\" width=\"738\" height=\"447\" src=\"https:\/\/patagoniambiental.com.ar\/info\/wp-content\/uploads\/2024\/10\/5678.jpg\" alt=\"\" class=\"wp-image-91140\"\/><\/figure>\n\n\n\n<p>El Global Big Day es organizado dos veces al a\u00f1o por el Laboratorio de Ornitolog\u00eda de la Universidad de Cornell y cuenta con la colaboraci\u00f3n de diversas organizaciones en Argentina, incluyendo Aves Argentinas y eBird Argentina. Estas alianzas estrat\u00e9gicas permiten una mejor organizaci\u00f3n del evento y una participaci\u00f3n inclusiva de la comunidad.<\/p>\n\n\n\n<p>Los Parques Nacionales de Neuqu\u00e9n invitan a todos los entusiastas de la observaci\u00f3n de aves a ser parte de esta experiencia. Para facilitar la participaci\u00f3n, se dispondr\u00e1n c\u00f3digos QR en cada \u00e1rea, permitiendo a los asistentes acceder a listados de aves y cargar sus avistamientos en la plataforma eBird. Se recomienda a los participantes llevar binoculares, gu\u00edas de identificaci\u00f3n y, sobre todo, un esp\u00edritu aventurero.<\/p>\n\n\n\n<p>Este Global Big Day no solo es una oportunidad para observar aves, sino tambi\u00e9n una forma de contribuir al conocimiento y la conservaci\u00f3n de la biodiversidad en la provincia. \u00a1No te pierdas la oportunidad de ser parte de este evento mundial y disfrutar de un d\u00eda en contacto con la naturaleza!<\/p>\n","protected":false},"excerpt":{"rendered":"","protected":false},"author":2,"featured_media":91139,"comment_status":"open","ping_status":"open","sticky":false,"template":"","format":"standard","meta":{"site-sidebar-layout":"default","site-content-layout":"","ast-site-content-layout":"default","site-content-style":"default","site-sidebar-style":"default","ast-global-header-display":"","ast-banner-title-visibility":"","ast-main-header-display":"","ast-hfb-above-header-display":"","ast-hfb-below-header-display":"","ast-hfb-mobile-header-display":"","site-post-title":"","ast-breadcrumbs-content":"","ast-featured-img":"","footer-sml-layout":"","ast-disable-related-posts":"","theme-transparent-header-meta":"","adv-header-id-meta":"","stick-header-meta":"","header-above-stick-meta":"","header-main-stick-meta":"","header-below-stick-meta":"","astra-migrate-meta-layouts":"default","ast-page-background-enabled":"default","ast-page-background-meta":{"desktop":{"background-color":"var(--ast-global-color-5)","background-image":"","background-repeat":"repeat","background-position":"center center","background-size":"auto","background-attachment":"scroll","background-type":"","background-media":"","overlay-type":"","overlay-color":"","overlay-opacity":"","overlay-gradient":""},"tablet":{"background-color":"","background-image":"","background-repeat":"repeat","background-position":"center center","background-size":"auto","background-attachment":"scroll","background-type":"","background-media":"","overlay-type":"","overlay-color":"","overlay-opacity":"","overlay-gradient":""},"mobile":{"background-color":"","background-image":"","background-repeat":"repeat","background-position":"center center","background-size":"auto","background-attachment":"scroll","background-type":"","background-media":"","overlay-type":"","overlay-color":"","overlay-opacity":"","overlay-gradient":""}},"ast-content-background-meta":{"desktop":{"background-color":"var(--ast-global-color-4)","background-image":"","background-repeat":"repeat","background-position":"center center","background-size":"auto","background-attachment":"scroll","background-type":"","background-media":"","overlay-type":"","overlay-color":"","overlay-opacity":"","overlay-gradient":""},"tablet":{"background-color":"var(--ast-global-color-4)","background-image":"","background-repeat":"repeat","background-position":"center center","background-size":"auto","background-attachment":"scroll","background-type":"","background-media":"","overlay-type":"","overlay-color":"","overlay-opacity":"","overlay-gradient":""},"mobile":{"background-color":"var(--ast-global-color-4)","background-image":"","background-repeat":"repeat","background-position":"center center","background-size":"auto","background-attachment":"scroll","background-type":"","background-media":"","overlay-type":"","overlay-color":"","overlay-opacity":"","overlay-gradient":""}},"footnotes":""},"categories":[12,18,1,13],"tags":[],"class_list":["post-91138","post","type-post","status-publish","format-standard","has-post-thumbnail","hentry","category-agenda-ambiental","category-neuquen","category-noticias","category-provinciales"],"yoast_head":"<!-- This site is optimized with the Yoast SEO Premium plugin v23.0 (Yoast SEO v27.5) - https:\/\/yoast.com\/product\/yoast-seo-premium-wordpress\/ -->\n<title>Neuqu\u00e9n se une al Global Big Day: \u00a1A registrar aves este s\u00e1bado!<\/title>\n<meta name=\"description\" content=\"El 12 de octubre, Neuqu\u00e9n ser\u00e1 el escenario de una emocionante jornada de observaci\u00f3n de aves, conocida como el Global Big Day.\" \/>\n<meta name=\"robots\" content=\"index, follow, max-snippet:-1, max-image-preview:large, max-video-preview:-1\" \/>\n<link rel=\"canonical\" href=\"https:\/\/patagoniambiental.com.ar\/info\/neuquen-se-une-al-global-big-day-a-registrar-aves-este-sabado\/\" \/>\n<meta property=\"og:locale\" content=\"es_ES\" \/>\n<meta property=\"og:type\" content=\"article\" \/>\n<meta property=\"og:title\" content=\"Neuqu\u00e9n se une al Global Big Day: \u00a1A registrar aves este s\u00e1bado!\" \/>\n<meta property=\"og:description\" content=\"El 12 de octubre, Neuqu\u00e9n ser\u00e1 el escenario de una emocionante jornada de observaci\u00f3n de aves, conocida como el Global Big Day.\" \/>\n<meta property=\"og:url\" content=\"https:\/\/patagoniambiental.com.ar\/info\/neuquen-se-une-al-global-big-day-a-registrar-aves-este-sabado\/\" \/>\n<meta property=\"og:site_name\" content=\"Patagonia Ambiental\" \/>\n<meta property=\"article:publisher\" content=\"https:\/\/www.facebook.com\/patagonia.ambiental\" \/>\n<meta property=\"article:author\" content=\"https:\/\/www.facebook.com\/share\/1C1V8Gv9BX\/?mibextid=qi2Omg\" \/>\n<meta property=\"article:published_time\" content=\"2024-10-10T13:08:09+00:00\" \/>\n<meta property=\"article:modified_time\" content=\"2025-09-06T14:50:58+00:00\" \/>\n<meta property=\"og:image\" content=\"https:\/\/patagoniambiental.com.ar\/info\/wp-content\/uploads\/2024\/10\/456-2.jpg\" \/>\n\t<meta property=\"og:image:width\" content=\"727\" \/>\n\t<meta property=\"og:image:height\" content=\"385\" \/>\n\t<meta property=\"og:image:type\" content=\"image\/jpeg\" \/>\n<meta name=\"author\" content=\"Patagonia Ambiental\" \/>\n<meta name=\"twitter:card\" content=\"summary_large_image\" \/>\n<meta name=\"twitter:creator\" content=\"@PatAmb\" \/>\n<meta name=\"twitter:site\" content=\"@PatAmb\" \/>\n<script type=\"application\/ld+json\" class=\"yoast-schema-graph\">{\"@context\":\"https:\\\/\\\/schema.org\",\"@graph\":[{\"@type\":\"Article\",\"@id\":\"https:\\\/\\\/patagoniambiental.com.ar\\\/info\\\/neuquen-se-une-al-global-big-day-a-registrar-aves-este-sabado\\\/#article\",\"isPartOf\":{\"@id\":\"https:\\\/\\\/patagoniambiental.com.ar\\\/info\\\/neuquen-se-une-al-global-big-day-a-registrar-aves-este-sabado\\\/\"},\"author\":{\"name\":\"Patagonia Ambiental\",\"@id\":\"https:\\\/\\\/patagoniambiental.com.ar\\\/info\\\/#\\\/schema\\\/person\\\/db12bff64bbcbf6a253710bf0ea37b5d\"},\"headline\":\"Neuqu\u00e9n se une al Global Big Day: \u00a1A registrar aves este s\u00e1bado!\",\"datePublished\":\"2024-10-10T13:08:09+00:00\",\"dateModified\":\"2025-09-06T14:50:58+00:00\",\"mainEntityOfPage\":{\"@id\":\"https:\\\/\\\/patagoniambiental.com.ar\\\/info\\\/neuquen-se-une-al-global-big-day-a-registrar-aves-este-sabado\\\/\"},\"wordCount\":562,\"commentCount\":0,\"publisher\":{\"@id\":\"https:\\\/\\\/patagoniambiental.com.ar\\\/info\\\/#organization\"},\"image\":{\"@id\":\"https:\\\/\\\/patagoniambiental.com.ar\\\/info\\\/neuquen-se-une-al-global-big-day-a-registrar-aves-este-sabado\\\/#primaryimage\"},\"thumbnailUrl\":\"https:\\\/\\\/patagoniambiental.com.ar\\\/info\\\/wp-content\\\/uploads\\\/2024\\\/10\\\/456-2.jpg\",\"articleSection\":[\"Agenda Ambiental\",\"Neuqu\u00e9n\",\"Noticias\",\"Provinciales\"],\"inLanguage\":\"es\",\"potentialAction\":[{\"@type\":\"CommentAction\",\"name\":\"Comment\",\"target\":[\"https:\\\/\\\/patagoniambiental.com.ar\\\/info\\\/neuquen-se-une-al-global-big-day-a-registrar-aves-este-sabado\\\/#respond\"]}]},{\"@type\":\"WebPage\",\"@id\":\"https:\\\/\\\/patagoniambiental.com.ar\\\/info\\\/neuquen-se-une-al-global-big-day-a-registrar-aves-este-sabado\\\/\",\"url\":\"https:\\\/\\\/patagoniambiental.com.ar\\\/info\\\/neuquen-se-une-al-global-big-day-a-registrar-aves-este-sabado\\\/\",\"name\":\"Neuqu\u00e9n se une al Global Big Day: \u00a1A registrar aves este s\u00e1bado!\",\"isPartOf\":{\"@id\":\"https:\\\/\\\/patagoniambiental.com.ar\\\/info\\\/#website\"},\"primaryImageOfPage\":{\"@id\":\"https:\\\/\\\/patagoniambiental.com.ar\\\/info\\\/neuquen-se-une-al-global-big-day-a-registrar-aves-este-sabado\\\/#primaryimage\"},\"image\":{\"@id\":\"https:\\\/\\\/patagoniambiental.com.ar\\\/info\\\/neuquen-se-une-al-global-big-day-a-registrar-aves-este-sabado\\\/#primaryimage\"},\"thumbnailUrl\":\"https:\\\/\\\/patagoniambiental.com.ar\\\/info\\\/wp-content\\\/uploads\\\/2024\\\/10\\\/456-2.jpg\",\"datePublished\":\"2024-10-10T13:08:09+00:00\",\"dateModified\":\"2025-09-06T14:50:58+00:00\",\"description\":\"El 12 de octubre, Neuqu\u00e9n ser\u00e1 el escenario de una emocionante jornada de observaci\u00f3n de aves, conocida como el Global Big Day.\",\"breadcrumb\":{\"@id\":\"https:\\\/\\\/patagoniambiental.com.ar\\\/info\\\/neuquen-se-une-al-global-big-day-a-registrar-aves-este-sabado\\\/#breadcrumb\"},\"inLanguage\":\"es\",\"potentialAction\":[{\"@type\":\"ReadAction\",\"target\":[\"https:\\\/\\\/patagoniambiental.com.ar\\\/info\\\/neuquen-se-une-al-global-big-day-a-registrar-aves-este-sabado\\\/\"]}]},{\"@type\":\"ImageObject\",\"inLanguage\":\"es\",\"@id\":\"https:\\\/\\\/patagoniambiental.com.ar\\\/info\\\/neuquen-se-une-al-global-big-day-a-registrar-aves-este-sabado\\\/#primaryimage\",\"url\":\"https:\\\/\\\/patagoniambiental.com.ar\\\/info\\\/wp-content\\\/uploads\\\/2024\\\/10\\\/456-2.jpg\",\"contentUrl\":\"https:\\\/\\\/patagoniambiental.com.ar\\\/info\\\/wp-content\\\/uploads\\\/2024\\\/10\\\/456-2.jpg\",\"width\":727,\"height\":385},{\"@type\":\"BreadcrumbList\",\"@id\":\"https:\\\/\\\/patagoniambiental.com.ar\\\/info\\\/neuquen-se-une-al-global-big-day-a-registrar-aves-este-sabado\\\/#breadcrumb\",\"itemListElement\":[{\"@type\":\"ListItem\",\"position\":1,\"name\":\"Inicio\",\"item\":\"https:\\\/\\\/patagoniambiental.com.ar\\\/info\\\/\"},{\"@type\":\"ListItem\",\"position\":2,\"name\":\"Neuqu\u00e9n se une al Global Big Day: \u00a1A registrar aves este s\u00e1bado!\"}]},{\"@type\":\"WebSite\",\"@id\":\"https:\\\/\\\/patagoniambiental.com.ar\\\/info\\\/#website\",\"url\":\"https:\\\/\\\/patagoniambiental.com.ar\\\/info\\\/\",\"name\":\"Patagonia Ambiental\",\"description\":\"Monitoreo y an\u00e1lisis de la situaci\u00f3n geopol\u00edtica en el mundo y su implicancia en la Patagonia\",\"publisher\":{\"@id\":\"https:\\\/\\\/patagoniambiental.com.ar\\\/info\\\/#organization\"},\"potentialAction\":[{\"@type\":\"SearchAction\",\"target\":{\"@type\":\"EntryPoint\",\"urlTemplate\":\"https:\\\/\\\/patagoniambiental.com.ar\\\/info\\\/?s={search_term_string}\"},\"query-input\":{\"@type\":\"PropertyValueSpecification\",\"valueRequired\":true,\"valueName\":\"search_term_string\"}}],\"inLanguage\":\"es\"},{\"@type\":\"Organization\",\"@id\":\"https:\\\/\\\/patagoniambiental.com.ar\\\/info\\\/#organization\",\"name\":\"Patagonia Ambiental\",\"url\":\"https:\\\/\\\/patagoniambiental.com.ar\\\/info\\\/\",\"logo\":{\"@type\":\"ImageObject\",\"inLanguage\":\"es\",\"@id\":\"https:\\\/\\\/patagoniambiental.com.ar\\\/info\\\/#\\\/schema\\\/logo\\\/image\\\/\",\"url\":\"https:\\\/\\\/patagoniambiental.com.ar\\\/info\\\/wp-content\\\/uploads\\\/2025\\\/05\\\/LOGO-PATAGONIA-AMBIENTAL.png\",\"contentUrl\":\"https:\\\/\\\/patagoniambiental.com.ar\\\/info\\\/wp-content\\\/uploads\\\/2025\\\/05\\\/LOGO-PATAGONIA-AMBIENTAL.png\",\"width\":433,\"height\":250,\"caption\":\"Patagonia Ambiental\"},\"image\":{\"@id\":\"https:\\\/\\\/patagoniambiental.com.ar\\\/info\\\/#\\\/schema\\\/logo\\\/image\\\/\"},\"sameAs\":[\"https:\\\/\\\/www.facebook.com\\\/patagonia.ambiental\",\"https:\\\/\\\/x.com\\\/PatAmb\"]},{\"@type\":\"Person\",\"@id\":\"https:\\\/\\\/patagoniambiental.com.ar\\\/info\\\/#\\\/schema\\\/person\\\/db12bff64bbcbf6a253710bf0ea37b5d\",\"name\":\"Patagonia Ambiental\",\"description\":\"Andr\u00e9s Nievas T\u00e9cnico en manejo ambiental, consultor Ambiental y escritor para medios locales e internacionales sobre temas de geopolitica y medio ambiente.\",\"sameAs\":[\"http:\\\/\\\/www.patagoniambiental.com.ar\",\"https:\\\/\\\/www.facebook.com\\\/share\\\/1C1V8Gv9BX\\\/?mibextid=qi2Omg\",\"@patagoniambiental\",\"https:\\\/\\\/youtube.com\\\/@patagoniaambiental2023?si=BLt58t0wuXquxlYZ\"]}]}<\/script>\n<!-- \/ Yoast SEO Premium plugin. -->","yoast_head_json":{"title":"Neuqu\u00e9n se une al Global Big Day: \u00a1A registrar aves este s\u00e1bado!","description":"El 12 de octubre, Neuqu\u00e9n ser\u00e1 el escenario de una emocionante jornada de observaci\u00f3n de aves, conocida como el Global Big Day.","robots":{"index":"index","follow":"follow","max-snippet":"max-snippet:-1","max-image-preview":"max-image-preview:large","max-video-preview":"max-video-preview:-1"},"canonical":"https:\/\/patagoniambiental.com.ar\/info\/neuquen-se-une-al-global-big-day-a-registrar-aves-este-sabado\/","og_locale":"es_ES","og_type":"article","og_title":"Neuqu\u00e9n se une al Global Big Day: \u00a1A registrar aves este s\u00e1bado!","og_description":"El 12 de octubre, Neuqu\u00e9n ser\u00e1 el escenario de una emocionante jornada de observaci\u00f3n de aves, conocida como el Global Big Day.","og_url":"https:\/\/patagoniambiental.com.ar\/info\/neuquen-se-une-al-global-big-day-a-registrar-aves-este-sabado\/","og_site_name":"Patagonia Ambiental","article_publisher":"https:\/\/www.facebook.com\/patagonia.ambiental","article_author":"https:\/\/www.facebook.com\/share\/1C1V8Gv9BX\/?mibextid=qi2Omg","article_published_time":"2024-10-10T13:08:09+00:00","article_modified_time":"2025-09-06T14:50:58+00:00","og_image":[{"width":727,"height":385,"url":"https:\/\/patagoniambiental.com.ar\/info\/wp-content\/uploads\/2024\/10\/456-2.jpg","type":"image\/jpeg"}],"author":"Patagonia Ambiental","twitter_card":"summary_large_image","twitter_creator":"@PatAmb","twitter_site":"@PatAmb","schema":{"@context":"https:\/\/schema.org","@graph":[{"@type":"Article","@id":"https:\/\/patagoniambiental.com.ar\/info\/neuquen-se-une-al-global-big-day-a-registrar-aves-este-sabado\/#article","isPartOf":{"@id":"https:\/\/patagoniambiental.com.ar\/info\/neuquen-se-une-al-global-big-day-a-registrar-aves-este-sabado\/"},"author":{"name":"Patagonia Ambiental","@id":"https:\/\/patagoniambiental.com.ar\/info\/#\/schema\/person\/db12bff64bbcbf6a253710bf0ea37b5d"},"headline":"Neuqu\u00e9n se une al Global Big Day: \u00a1A registrar aves este s\u00e1bado!","datePublished":"2024-10-10T13:08:09+00:00","dateModified":"2025-09-06T14:50:58+00:00","mainEntityOfPage":{"@id":"https:\/\/patagoniambiental.com.ar\/info\/neuquen-se-une-al-global-big-day-a-registrar-aves-este-sabado\/"},"wordCount":562,"commentCount":0,"publisher":{"@id":"https:\/\/patagoniambiental.com.ar\/info\/#organization"},"image":{"@id":"https:\/\/patagoniambiental.com.ar\/info\/neuquen-se-une-al-global-big-day-a-registrar-aves-este-sabado\/#primaryimage"},"thumbnailUrl":"https:\/\/patagoniambiental.com.ar\/info\/wp-content\/uploads\/2024\/10\/456-2.jpg","articleSection":["Agenda Ambiental","Neuqu\u00e9n","Noticias","Provinciales"],"inLanguage":"es","potentialAction":[{"@type":"CommentAction","name":"Comment","target":["https:\/\/patagoniambiental.com.ar\/info\/neuquen-se-une-al-global-big-day-a-registrar-aves-este-sabado\/#respond"]}]},{"@type":"WebPage","@id":"https:\/\/patagoniambiental.com.ar\/info\/neuquen-se-une-al-global-big-day-a-registrar-aves-este-sabado\/","url":"https:\/\/patagoniambiental.com.ar\/info\/neuquen-se-une-al-global-big-day-a-registrar-aves-este-sabado\/","name":"Neuqu\u00e9n se une al Global Big Day: \u00a1A registrar aves este s\u00e1bado!","isPartOf":{"@id":"https:\/\/patagoniambiental.com.ar\/info\/#website"},"primaryImageOfPage":{"@id":"https:\/\/patagoniambiental.com.ar\/info\/neuquen-se-une-al-global-big-day-a-registrar-aves-este-sabado\/#primaryimage"},"image":{"@id":"https:\/\/patagoniambiental.com.ar\/info\/neuquen-se-une-al-global-big-day-a-registrar-aves-este-sabado\/#primaryimage"},"thumbnailUrl":"https:\/\/patagoniambiental.com.ar\/info\/wp-content\/uploads\/2024\/10\/456-2.jpg","datePublished":"2024-10-10T13:08:09+00:00","dateModified":"2025-09-06T14:50:58+00:00","description":"El 12 de octubre, Neuqu\u00e9n ser\u00e1 el escenario de una emocionante jornada de observaci\u00f3n de aves, conocida como el Global Big Day.","breadcrumb":{"@id":"https:\/\/patagoniambiental.com.ar\/info\/neuquen-se-une-al-global-big-day-a-registrar-aves-este-sabado\/#breadcrumb"},"inLanguage":"es","potentialAction":[{"@type":"ReadAction","target":["https:\/\/patagoniambiental.com.ar\/info\/neuquen-se-une-al-global-big-day-a-registrar-aves-este-sabado\/"]}]},{"@type":"ImageObject","inLanguage":"es","@id":"https:\/\/patagoniambiental.com.ar\/info\/neuquen-se-une-al-global-big-day-a-registrar-aves-este-sabado\/#primaryimage","url":"https:\/\/patagoniambiental.com.ar\/info\/wp-content\/uploads\/2024\/10\/456-2.jpg","contentUrl":"https:\/\/patagoniambiental.com.ar\/info\/wp-content\/uploads\/2024\/10\/456-2.jpg","width":727,"height":385},{"@type":"BreadcrumbList","@id":"https:\/\/patagoniambiental.com.ar\/info\/neuquen-se-une-al-global-big-day-a-registrar-aves-este-sabado\/#breadcrumb","itemListElement":[{"@type":"ListItem","position":1,"name":"Inicio","item":"https:\/\/patagoniambiental.com.ar\/info\/"},{"@type":"ListItem","position":2,"name":"Neuqu\u00e9n se une al Global Big Day: \u00a1A registrar aves este s\u00e1bado!"}]},{"@type":"WebSite","@id":"https:\/\/patagoniambiental.com.ar\/info\/#website","url":"https:\/\/patagoniambiental.com.ar\/info\/","name":"Patagonia Ambiental","description":"Monitoreo y an\u00e1lisis de la situaci\u00f3n geopol\u00edtica en el mundo y su implicancia en la Patagonia","publisher":{"@id":"https:\/\/patagoniambiental.com.ar\/info\/#organization"},"potentialAction":[{"@type":"SearchAction","target":{"@type":"EntryPoint","urlTemplate":"https:\/\/patagoniambiental.com.ar\/info\/?s={search_term_string}"},"query-input":{"@type":"PropertyValueSpecification","valueRequired":true,"valueName":"search_term_string"}}],"inLanguage":"es"},{"@type":"Organization","@id":"https:\/\/patagoniambiental.com.ar\/info\/#organization","name":"Patagonia Ambiental","url":"https:\/\/patagoniambiental.com.ar\/info\/","logo":{"@type":"ImageObject","inLanguage":"es","@id":"https:\/\/patagoniambiental.com.ar\/info\/#\/schema\/logo\/image\/","url":"https:\/\/patagoniambiental.com.ar\/info\/wp-content\/uploads\/2025\/05\/LOGO-PATAGONIA-AMBIENTAL.png","contentUrl":"https:\/\/patagoniambiental.com.ar\/info\/wp-content\/uploads\/2025\/05\/LOGO-PATAGONIA-AMBIENTAL.png","width":433,"height":250,"caption":"Patagonia Ambiental"},"image":{"@id":"https:\/\/patagoniambiental.com.ar\/info\/#\/schema\/logo\/image\/"},"sameAs":["https:\/\/www.facebook.com\/patagonia.ambiental","https:\/\/x.com\/PatAmb"]},{"@type":"Person","@id":"https:\/\/patagoniambiental.com.ar\/info\/#\/schema\/person\/db12bff64bbcbf6a253710bf0ea37b5d","name":"Patagonia Ambiental","description":"Andr\u00e9s Nievas T\u00e9cnico en manejo ambiental, consultor Ambiental y escritor para medios locales e internacionales sobre temas de geopolitica y medio ambiente.","sameAs":["http:\/\/www.patagoniambiental.com.ar","https:\/\/www.facebook.com\/share\/1C1V8Gv9BX\/?mibextid=qi2Omg","@patagoniambiental","https:\/\/youtube.com\/@patagoniaambiental2023?si=BLt58t0wuXquxlYZ"]}]}},"_links":{"self":[{"href":"https:\/\/patagoniambiental.com.ar\/info\/wp-json\/wp\/v2\/posts\/91138","targetHints":{"allow":["GET"]}}],"collection":[{"href":"https:\/\/patagoniambiental.com.ar\/info\/wp-json\/wp\/v2\/posts"}],"about":[{"href":"https:\/\/patagoniambiental.com.ar\/info\/wp-json\/wp\/v2\/types\/post"}],"author":[{"embeddable":true,"href":"https:\/\/patagoniambiental.com.ar\/info\/wp-json\/wp\/v2\/users\/2"}],"replies":[{"embeddable":true,"href":"https:\/\/patagoniambiental.com.ar\/info\/wp-json\/wp\/v2\/comments?post=91138"}],"version-history":[{"count":1,"href":"https:\/\/patagoniambiental.com.ar\/info\/wp-json\/wp\/v2\/posts\/91138\/revisions"}],"predecessor-version":[{"id":98911,"href":"https:\/\/patagoniambiental.com.ar\/info\/wp-json\/wp\/v2\/posts\/91138\/revisions\/98911"}],"wp:featuredmedia":[{"embeddable":true,"href":"https:\/\/patagoniambiental.com.ar\/info\/wp-json\/wp\/v2\/media\/91139"}],"wp:attachment":[{"href":"https:\/\/patagoniambiental.com.ar\/info\/wp-json\/wp\/v2\/media?parent=91138"}],"wp:term":[{"taxonomy":"category","embeddable":true,"href":"https:\/\/patagoniambiental.com.ar\/info\/wp-json\/wp\/v2\/categories?post=91138"},{"taxonomy":"post_tag","embeddable":true,"href":"https:\/\/patagoniambiental.com.ar\/info\/wp-json\/wp\/v2\/tags?post=91138"}],"curies":[{"name":"wp","href":"https:\/\/api.w.org\/{rel}","templated":true}]}}