{"id":91153,"date":"2024-10-10T13:12:18","date_gmt":"2024-10-10T16:12:18","guid":{"rendered":"https:\/\/patagoniambiental.com.ar\/info\/?p=91153"},"modified":"2025-05-04T16:50:37","modified_gmt":"2025-05-04T19:50:37","slug":"avanza-la-instalacion-de-estaciones-meteorologicas-en-rio-negro-para-2030","status":"publish","type":"post","link":"https:\/\/patagoniambiental.com.ar\/info\/avanza-la-instalacion-de-estaciones-meteorologicas-en-rio-negro-para-2030\/","title":{"rendered":"Avanza la instalaci\u00f3n de estaciones meteorol\u00f3gicas en Rio Negro para 2030"},"content":{"rendered":"\n<!--more-->\n\n\n\n<p>Viedma (Rio Negro), 10 de octubre de 2024. En un esfuerzo conjunto, el Departamento Provincial de Aguas (DPA) y la Subsecretar\u00eda de Recursos H\u00eddricos de la Naci\u00f3n han comenzado la instalaci\u00f3n de cinco estaciones meteorol\u00f3gicas autom\u00e1ticas (EMAs) en distintas localidades de la provincia. Estas estaciones, ubicadas en Los Menucos, General Conesa, Pozo Salado y cerca del Canal Pomona &#8211; San Antonio Oeste, permitir\u00e1n mejorar la previsi\u00f3n de eventos clim\u00e1ticos y la gesti\u00f3n de recursos h\u00eddricos.<\/p>\n\n\n\n<p>Este proyecto forma parte del Plan Nacional de Adaptaci\u00f3n y Mitigaci\u00f3n del Cambio Clim\u00e1tico 2030, y busca generar informaci\u00f3n valiosa sobre las masas de agua y el clima local. A trav\u00e9s de los datos recopilados, el Servicio Meteorol\u00f3gico Nacional (SMN) podr\u00e1 emitir pron\u00f3sticos y alertas m\u00e1s precisos, contribuyendo as\u00ed a la seguridad y bienestar de las comunidades.<\/p>\n\n\n\n<p>Los legisladores Soraya Yauhar, Andrea Escudero, Maricel C\u00e9voli, Marcelo Szczygol y Facundo L\u00f3pez han propuesto declarar de \u201cinter\u00e9s ambiental, social y comunitario\u201d la instalaci\u00f3n de estas EMAs, resaltando su importancia en la adaptaci\u00f3n a los desaf\u00edos del cambio clim\u00e1tico y la protecci\u00f3n del entorno.<\/p>\n","protected":false},"excerpt":{"rendered":"","protected":false},"author":2,"featured_media":91154,"comment_status":"open","ping_status":"open","sticky":false,"template":"","format":"standard","meta":{"site-sidebar-layout":"default","site-content-layout":"","ast-site-content-layout":"default","site-content-style":"default","site-sidebar-style":"default","ast-global-header-display":"","ast-banner-title-visibility":"","ast-main-header-display":"","ast-hfb-above-header-display":"","ast-hfb-below-header-display":"","ast-hfb-mobile-header-display":"","site-post-title":"","ast-breadcrumbs-content":"","ast-featured-img":"","footer-sml-layout":"","ast-disable-related-posts":"","theme-transparent-header-meta":"","adv-header-id-meta":"","stick-header-meta":"","header-above-stick-meta":"","header-main-stick-meta":"","header-below-stick-meta":"","astra-migrate-meta-layouts":"default","ast-page-background-enabled":"default","ast-page-background-meta":{"desktop":{"background-color":"var(--ast-global-color-5)","background-image":"","background-repeat":"repeat","background-position":"center center","background-size":"auto","background-attachment":"scroll","background-type":"","background-media":"","overlay-type":"","overlay-color":"","overlay-opacity":"","overlay-gradient":""},"tablet":{"background-color":"","background-image":"","background-repeat":"repeat","background-position":"center center","background-size":"auto","background-attachment":"scroll","background-type":"","background-media":"","overlay-type":"","overlay-color":"","overlay-opacity":"","overlay-gradient":""},"mobile":{"background-color":"","background-image":"","background-repeat":"repeat","background-position":"center center","background-size":"auto","background-attachment":"scroll","background-type":"","background-media":"","overlay-type":"","overlay-color":"","overlay-opacity":"","overlay-gradient":""}},"ast-content-background-meta":{"desktop":{"background-color":"var(--ast-global-color-4)","background-image":"","background-repeat":"repeat","background-position":"center center","background-size":"auto","background-attachment":"scroll","background-type":"","background-media":"","overlay-type":"","overlay-color":"","overlay-opacity":"","overlay-gradient":""},"tablet":{"background-color":"var(--ast-global-color-4)","background-image":"","background-repeat":"repeat","background-position":"center center","background-size":"auto","background-attachment":"scroll","background-type":"","background-media":"","overlay-type":"","overlay-color":"","overlay-opacity":"","overlay-gradient":""},"mobile":{"background-color":"var(--ast-global-color-4)","background-image":"","background-repeat":"repeat","background-position":"center center","background-size":"auto","background-attachment":"scroll","background-type":"","background-media":"","overlay-type":"","overlay-color":"","overlay-opacity":"","overlay-gradient":""}},"footnotes":""},"categories":[1,13,14],"tags":[],"class_list":["post-91153","post","type-post","status-publish","format-standard","has-post-thumbnail","hentry","category-noticias","category-provinciales","category-rio-negro"],"yoast_head":"<!-- This site is optimized with the Yoast SEO Premium plugin v23.0 (Yoast SEO v27.5) - https:\/\/yoast.com\/product\/yoast-seo-premium-wordpress\/ -->\n<title>Instalaci\u00f3n de estaciones meteorol\u00f3gicas en la provincia<\/title>\n<meta name=\"description\" content=\"El DPA y la Subsecretar\u00eda de Recursos H\u00eddricos de la Naci\u00f3n han comenzado la instalaci\u00f3n de cinco estaciones meteorol\u00f3gicas\" \/>\n<meta name=\"robots\" content=\"index, follow, max-snippet:-1, max-image-preview:large, max-video-preview:-1\" \/>\n<link rel=\"canonical\" href=\"https:\/\/patagoniambiental.com.ar\/info\/avanza-la-instalacion-de-estaciones-meteorologicas-en-rio-negro-para-2030\/\" \/>\n<meta property=\"og:locale\" content=\"es_ES\" \/>\n<meta property=\"og:type\" content=\"article\" \/>\n<meta property=\"og:title\" content=\"Avanza la instalaci\u00f3n de estaciones meteorol\u00f3gicas en Rio Negro para 2030\" \/>\n<meta property=\"og:description\" content=\"El DPA y la Subsecretar\u00eda de Recursos H\u00eddricos de la Naci\u00f3n han comenzado la instalaci\u00f3n de cinco estaciones meteorol\u00f3gicas\" \/>\n<meta property=\"og:url\" content=\"https:\/\/patagoniambiental.com.ar\/info\/avanza-la-instalacion-de-estaciones-meteorologicas-en-rio-negro-para-2030\/\" \/>\n<meta property=\"og:site_name\" content=\"Patagonia Ambiental\" \/>\n<meta property=\"article:publisher\" content=\"https:\/\/www.facebook.com\/patagonia.ambiental\" \/>\n<meta property=\"article:author\" content=\"https:\/\/www.facebook.com\/share\/1C1V8Gv9BX\/?mibextid=qi2Omg\" \/>\n<meta property=\"article:published_time\" content=\"2024-10-10T16:12:18+00:00\" \/>\n<meta property=\"article:modified_time\" content=\"2025-05-04T19:50:37+00:00\" \/>\n<meta property=\"og:image\" content=\"https:\/\/patagoniambiental.com.ar\/info\/wp-content\/uploads\/2024\/10\/12-7.jpg\" \/>\n\t<meta property=\"og:image:width\" content=\"1000\" \/>\n\t<meta property=\"og:image:height\" content=\"667\" \/>\n\t<meta property=\"og:image:type\" content=\"image\/jpeg\" \/>\n<meta name=\"author\" content=\"Patagonia Ambiental\" \/>\n<meta name=\"twitter:card\" content=\"summary_large_image\" \/>\n<meta name=\"twitter:creator\" content=\"@PatAmb\" \/>\n<meta name=\"twitter:site\" content=\"@PatAmb\" \/>\n<script type=\"application\/ld+json\" class=\"yoast-schema-graph\">{\"@context\":\"https:\\\/\\\/schema.org\",\"@graph\":[{\"@type\":\"Article\",\"@id\":\"https:\\\/\\\/patagoniambiental.com.ar\\\/info\\\/avanza-la-instalacion-de-estaciones-meteorologicas-en-rio-negro-para-2030\\\/#article\",\"isPartOf\":{\"@id\":\"https:\\\/\\\/patagoniambiental.com.ar\\\/info\\\/avanza-la-instalacion-de-estaciones-meteorologicas-en-rio-negro-para-2030\\\/\"},\"author\":{\"name\":\"Patagonia Ambiental\",\"@id\":\"https:\\\/\\\/patagoniambiental.com.ar\\\/info\\\/#\\\/schema\\\/person\\\/db12bff64bbcbf6a253710bf0ea37b5d\"},\"headline\":\"Avanza la instalaci\u00f3n de estaciones meteorol\u00f3gicas en Rio Negro para 2030\",\"datePublished\":\"2024-10-10T16:12:18+00:00\",\"dateModified\":\"2025-05-04T19:50:37+00:00\",\"mainEntityOfPage\":{\"@id\":\"https:\\\/\\\/patagoniambiental.com.ar\\\/info\\\/avanza-la-instalacion-de-estaciones-meteorologicas-en-rio-negro-para-2030\\\/\"},\"wordCount\":212,\"commentCount\":0,\"publisher\":{\"@id\":\"https:\\\/\\\/patagoniambiental.com.ar\\\/info\\\/#organization\"},\"image\":{\"@id\":\"https:\\\/\\\/patagoniambiental.com.ar\\\/info\\\/avanza-la-instalacion-de-estaciones-meteorologicas-en-rio-negro-para-2030\\\/#primaryimage\"},\"thumbnailUrl\":\"https:\\\/\\\/patagoniambiental.com.ar\\\/info\\\/wp-content\\\/uploads\\\/2024\\\/10\\\/12-7.jpg\",\"articleSection\":[\"Noticias\",\"Provinciales\",\"R\u00edo Negro\"],\"inLanguage\":\"es\",\"potentialAction\":[{\"@type\":\"CommentAction\",\"name\":\"Comment\",\"target\":[\"https:\\\/\\\/patagoniambiental.com.ar\\\/info\\\/avanza-la-instalacion-de-estaciones-meteorologicas-en-rio-negro-para-2030\\\/#respond\"]}]},{\"@type\":\"WebPage\",\"@id\":\"https:\\\/\\\/patagoniambiental.com.ar\\\/info\\\/avanza-la-instalacion-de-estaciones-meteorologicas-en-rio-negro-para-2030\\\/\",\"url\":\"https:\\\/\\\/patagoniambiental.com.ar\\\/info\\\/avanza-la-instalacion-de-estaciones-meteorologicas-en-rio-negro-para-2030\\\/\",\"name\":\"Instalaci\u00f3n de estaciones meteorol\u00f3gicas en la provincia\",\"isPartOf\":{\"@id\":\"https:\\\/\\\/patagoniambiental.com.ar\\\/info\\\/#website\"},\"primaryImageOfPage\":{\"@id\":\"https:\\\/\\\/patagoniambiental.com.ar\\\/info\\\/avanza-la-instalacion-de-estaciones-meteorologicas-en-rio-negro-para-2030\\\/#primaryimage\"},\"image\":{\"@id\":\"https:\\\/\\\/patagoniambiental.com.ar\\\/info\\\/avanza-la-instalacion-de-estaciones-meteorologicas-en-rio-negro-para-2030\\\/#primaryimage\"},\"thumbnailUrl\":\"https:\\\/\\\/patagoniambiental.com.ar\\\/info\\\/wp-content\\\/uploads\\\/2024\\\/10\\\/12-7.jpg\",\"datePublished\":\"2024-10-10T16:12:18+00:00\",\"dateModified\":\"2025-05-04T19:50:37+00:00\",\"description\":\"El DPA y la Subsecretar\u00eda de Recursos H\u00eddricos de la Naci\u00f3n han comenzado la instalaci\u00f3n de cinco estaciones meteorol\u00f3gicas\",\"breadcrumb\":{\"@id\":\"https:\\\/\\\/patagoniambiental.com.ar\\\/info\\\/avanza-la-instalacion-de-estaciones-meteorologicas-en-rio-negro-para-2030\\\/#breadcrumb\"},\"inLanguage\":\"es\",\"potentialAction\":[{\"@type\":\"ReadAction\",\"target\":[\"https:\\\/\\\/patagoniambiental.com.ar\\\/info\\\/avanza-la-instalacion-de-estaciones-meteorologicas-en-rio-negro-para-2030\\\/\"]}]},{\"@type\":\"ImageObject\",\"inLanguage\":\"es\",\"@id\":\"https:\\\/\\\/patagoniambiental.com.ar\\\/info\\\/avanza-la-instalacion-de-estaciones-meteorologicas-en-rio-negro-para-2030\\\/#primaryimage\",\"url\":\"https:\\\/\\\/patagoniambiental.com.ar\\\/info\\\/wp-content\\\/uploads\\\/2024\\\/10\\\/12-7.jpg\",\"contentUrl\":\"https:\\\/\\\/patagoniambiental.com.ar\\\/info\\\/wp-content\\\/uploads\\\/2024\\\/10\\\/12-7.jpg\",\"width\":1000,\"height\":667},{\"@type\":\"BreadcrumbList\",\"@id\":\"https:\\\/\\\/patagoniambiental.com.ar\\\/info\\\/avanza-la-instalacion-de-estaciones-meteorologicas-en-rio-negro-para-2030\\\/#breadcrumb\",\"itemListElement\":[{\"@type\":\"ListItem\",\"position\":1,\"name\":\"Inicio\",\"item\":\"https:\\\/\\\/patagoniambiental.com.ar\\\/info\\\/\"},{\"@type\":\"ListItem\",\"position\":2,\"name\":\"Avanza la instalaci\u00f3n de estaciones meteorol\u00f3gicas en Rio Negro para 2030\"}]},{\"@type\":\"WebSite\",\"@id\":\"https:\\\/\\\/patagoniambiental.com.ar\\\/info\\\/#website\",\"url\":\"https:\\\/\\\/patagoniambiental.com.ar\\\/info\\\/\",\"name\":\"Patagonia Ambiental\",\"description\":\"Monitoreo y an\u00e1lisis de la situaci\u00f3n geopol\u00edtica en el mundo y su implicancia en la Patagonia\",\"publisher\":{\"@id\":\"https:\\\/\\\/patagoniambiental.com.ar\\\/info\\\/#organization\"},\"potentialAction\":[{\"@type\":\"SearchAction\",\"target\":{\"@type\":\"EntryPoint\",\"urlTemplate\":\"https:\\\/\\\/patagoniambiental.com.ar\\\/info\\\/?s={search_term_string}\"},\"query-input\":{\"@type\":\"PropertyValueSpecification\",\"valueRequired\":true,\"valueName\":\"search_term_string\"}}],\"inLanguage\":\"es\"},{\"@type\":\"Organization\",\"@id\":\"https:\\\/\\\/patagoniambiental.com.ar\\\/info\\\/#organization\",\"name\":\"Patagonia Ambiental\",\"url\":\"https:\\\/\\\/patagoniambiental.com.ar\\\/info\\\/\",\"logo\":{\"@type\":\"ImageObject\",\"inLanguage\":\"es\",\"@id\":\"https:\\\/\\\/patagoniambiental.com.ar\\\/info\\\/#\\\/schema\\\/logo\\\/image\\\/\",\"url\":\"https:\\\/\\\/patagoniambiental.com.ar\\\/info\\\/wp-content\\\/uploads\\\/2025\\\/05\\\/LOGO-PATAGONIA-AMBIENTAL.png\",\"contentUrl\":\"https:\\\/\\\/patagoniambiental.com.ar\\\/info\\\/wp-content\\\/uploads\\\/2025\\\/05\\\/LOGO-PATAGONIA-AMBIENTAL.png\",\"width\":433,\"height\":250,\"caption\":\"Patagonia Ambiental\"},\"image\":{\"@id\":\"https:\\\/\\\/patagoniambiental.com.ar\\\/info\\\/#\\\/schema\\\/logo\\\/image\\\/\"},\"sameAs\":[\"https:\\\/\\\/www.facebook.com\\\/patagonia.ambiental\",\"https:\\\/\\\/x.com\\\/PatAmb\"]},{\"@type\":\"Person\",\"@id\":\"https:\\\/\\\/patagoniambiental.com.ar\\\/info\\\/#\\\/schema\\\/person\\\/db12bff64bbcbf6a253710bf0ea37b5d\",\"name\":\"Patagonia Ambiental\",\"description\":\"Andr\u00e9s Nievas T\u00e9cnico en manejo ambiental, consultor Ambiental y escritor para medios locales e internacionales sobre temas de geopolitica y medio ambiente.\",\"sameAs\":[\"http:\\\/\\\/www.patagoniambiental.com.ar\",\"https:\\\/\\\/www.facebook.com\\\/share\\\/1C1V8Gv9BX\\\/?mibextid=qi2Omg\",\"@patagoniambiental\",\"https:\\\/\\\/youtube.com\\\/@patagoniaambiental2023?si=BLt58t0wuXquxlYZ\"]}]}<\/script>\n<!-- \/ Yoast SEO Premium plugin. -->","yoast_head_json":{"title":"Instalaci\u00f3n de estaciones meteorol\u00f3gicas en la provincia","description":"El DPA y la Subsecretar\u00eda de Recursos H\u00eddricos de la Naci\u00f3n han comenzado la instalaci\u00f3n de cinco estaciones meteorol\u00f3gicas","robots":{"index":"index","follow":"follow","max-snippet":"max-snippet:-1","max-image-preview":"max-image-preview:large","max-video-preview":"max-video-preview:-1"},"canonical":"https:\/\/patagoniambiental.com.ar\/info\/avanza-la-instalacion-de-estaciones-meteorologicas-en-rio-negro-para-2030\/","og_locale":"es_ES","og_type":"article","og_title":"Avanza la instalaci\u00f3n de estaciones meteorol\u00f3gicas en Rio Negro para 2030","og_description":"El DPA y la Subsecretar\u00eda de Recursos H\u00eddricos de la Naci\u00f3n han comenzado la instalaci\u00f3n de cinco estaciones meteorol\u00f3gicas","og_url":"https:\/\/patagoniambiental.com.ar\/info\/avanza-la-instalacion-de-estaciones-meteorologicas-en-rio-negro-para-2030\/","og_site_name":"Patagonia Ambiental","article_publisher":"https:\/\/www.facebook.com\/patagonia.ambiental","article_author":"https:\/\/www.facebook.com\/share\/1C1V8Gv9BX\/?mibextid=qi2Omg","article_published_time":"2024-10-10T16:12:18+00:00","article_modified_time":"2025-05-04T19:50:37+00:00","og_image":[{"width":1000,"height":667,"url":"https:\/\/patagoniambiental.com.ar\/info\/wp-content\/uploads\/2024\/10\/12-7.jpg","type":"image\/jpeg"}],"author":"Patagonia Ambiental","twitter_card":"summary_large_image","twitter_creator":"@PatAmb","twitter_site":"@PatAmb","schema":{"@context":"https:\/\/schema.org","@graph":[{"@type":"Article","@id":"https:\/\/patagoniambiental.com.ar\/info\/avanza-la-instalacion-de-estaciones-meteorologicas-en-rio-negro-para-2030\/#article","isPartOf":{"@id":"https:\/\/patagoniambiental.com.ar\/info\/avanza-la-instalacion-de-estaciones-meteorologicas-en-rio-negro-para-2030\/"},"author":{"name":"Patagonia Ambiental","@id":"https:\/\/patagoniambiental.com.ar\/info\/#\/schema\/person\/db12bff64bbcbf6a253710bf0ea37b5d"},"headline":"Avanza la instalaci\u00f3n de estaciones meteorol\u00f3gicas en Rio Negro para 2030","datePublished":"2024-10-10T16:12:18+00:00","dateModified":"2025-05-04T19:50:37+00:00","mainEntityOfPage":{"@id":"https:\/\/patagoniambiental.com.ar\/info\/avanza-la-instalacion-de-estaciones-meteorologicas-en-rio-negro-para-2030\/"},"wordCount":212,"commentCount":0,"publisher":{"@id":"https:\/\/patagoniambiental.com.ar\/info\/#organization"},"image":{"@id":"https:\/\/patagoniambiental.com.ar\/info\/avanza-la-instalacion-de-estaciones-meteorologicas-en-rio-negro-para-2030\/#primaryimage"},"thumbnailUrl":"https:\/\/patagoniambiental.com.ar\/info\/wp-content\/uploads\/2024\/10\/12-7.jpg","articleSection":["Noticias","Provinciales","R\u00edo Negro"],"inLanguage":"es","potentialAction":[{"@type":"CommentAction","name":"Comment","target":["https:\/\/patagoniambiental.com.ar\/info\/avanza-la-instalacion-de-estaciones-meteorologicas-en-rio-negro-para-2030\/#respond"]}]},{"@type":"WebPage","@id":"https:\/\/patagoniambiental.com.ar\/info\/avanza-la-instalacion-de-estaciones-meteorologicas-en-rio-negro-para-2030\/","url":"https:\/\/patagoniambiental.com.ar\/info\/avanza-la-instalacion-de-estaciones-meteorologicas-en-rio-negro-para-2030\/","name":"Instalaci\u00f3n de estaciones meteorol\u00f3gicas en la provincia","isPartOf":{"@id":"https:\/\/patagoniambiental.com.ar\/info\/#website"},"primaryImageOfPage":{"@id":"https:\/\/patagoniambiental.com.ar\/info\/avanza-la-instalacion-de-estaciones-meteorologicas-en-rio-negro-para-2030\/#primaryimage"},"image":{"@id":"https:\/\/patagoniambiental.com.ar\/info\/avanza-la-instalacion-de-estaciones-meteorologicas-en-rio-negro-para-2030\/#primaryimage"},"thumbnailUrl":"https:\/\/patagoniambiental.com.ar\/info\/wp-content\/uploads\/2024\/10\/12-7.jpg","datePublished":"2024-10-10T16:12:18+00:00","dateModified":"2025-05-04T19:50:37+00:00","description":"El DPA y la Subsecretar\u00eda de Recursos H\u00eddricos de la Naci\u00f3n han comenzado la instalaci\u00f3n de cinco estaciones meteorol\u00f3gicas","breadcrumb":{"@id":"https:\/\/patagoniambiental.com.ar\/info\/avanza-la-instalacion-de-estaciones-meteorologicas-en-rio-negro-para-2030\/#breadcrumb"},"inLanguage":"es","potentialAction":[{"@type":"ReadAction","target":["https:\/\/patagoniambiental.com.ar\/info\/avanza-la-instalacion-de-estaciones-meteorologicas-en-rio-negro-para-2030\/"]}]},{"@type":"ImageObject","inLanguage":"es","@id":"https:\/\/patagoniambiental.com.ar\/info\/avanza-la-instalacion-de-estaciones-meteorologicas-en-rio-negro-para-2030\/#primaryimage","url":"https:\/\/patagoniambiental.com.ar\/info\/wp-content\/uploads\/2024\/10\/12-7.jpg","contentUrl":"https:\/\/patagoniambiental.com.ar\/info\/wp-content\/uploads\/2024\/10\/12-7.jpg","width":1000,"height":667},{"@type":"BreadcrumbList","@id":"https:\/\/patagoniambiental.com.ar\/info\/avanza-la-instalacion-de-estaciones-meteorologicas-en-rio-negro-para-2030\/#breadcrumb","itemListElement":[{"@type":"ListItem","position":1,"name":"Inicio","item":"https:\/\/patagoniambiental.com.ar\/info\/"},{"@type":"ListItem","position":2,"name":"Avanza la instalaci\u00f3n de estaciones meteorol\u00f3gicas en Rio Negro para 2030"}]},{"@type":"WebSite","@id":"https:\/\/patagoniambiental.com.ar\/info\/#website","url":"https:\/\/patagoniambiental.com.ar\/info\/","name":"Patagonia Ambiental","description":"Monitoreo y an\u00e1lisis de la situaci\u00f3n geopol\u00edtica en el mundo y su implicancia en la Patagonia","publisher":{"@id":"https:\/\/patagoniambiental.com.ar\/info\/#organization"},"potentialAction":[{"@type":"SearchAction","target":{"@type":"EntryPoint","urlTemplate":"https:\/\/patagoniambiental.com.ar\/info\/?s={search_term_string}"},"query-input":{"@type":"PropertyValueSpecification","valueRequired":true,"valueName":"search_term_string"}}],"inLanguage":"es"},{"@type":"Organization","@id":"https:\/\/patagoniambiental.com.ar\/info\/#organization","name":"Patagonia Ambiental","url":"https:\/\/patagoniambiental.com.ar\/info\/","logo":{"@type":"ImageObject","inLanguage":"es","@id":"https:\/\/patagoniambiental.com.ar\/info\/#\/schema\/logo\/image\/","url":"https:\/\/patagoniambiental.com.ar\/info\/wp-content\/uploads\/2025\/05\/LOGO-PATAGONIA-AMBIENTAL.png","contentUrl":"https:\/\/patagoniambiental.com.ar\/info\/wp-content\/uploads\/2025\/05\/LOGO-PATAGONIA-AMBIENTAL.png","width":433,"height":250,"caption":"Patagonia Ambiental"},"image":{"@id":"https:\/\/patagoniambiental.com.ar\/info\/#\/schema\/logo\/image\/"},"sameAs":["https:\/\/www.facebook.com\/patagonia.ambiental","https:\/\/x.com\/PatAmb"]},{"@type":"Person","@id":"https:\/\/patagoniambiental.com.ar\/info\/#\/schema\/person\/db12bff64bbcbf6a253710bf0ea37b5d","name":"Patagonia Ambiental","description":"Andr\u00e9s Nievas T\u00e9cnico en manejo ambiental, consultor Ambiental y escritor para medios locales e internacionales sobre temas de geopolitica y medio ambiente.","sameAs":["http:\/\/www.patagoniambiental.com.ar","https:\/\/www.facebook.com\/share\/1C1V8Gv9BX\/?mibextid=qi2Omg","@patagoniambiental","https:\/\/youtube.com\/@patagoniaambiental2023?si=BLt58t0wuXquxlYZ"]}]}},"_links":{"self":[{"href":"https:\/\/patagoniambiental.com.ar\/info\/wp-json\/wp\/v2\/posts\/91153","targetHints":{"allow":["GET"]}}],"collection":[{"href":"https:\/\/patagoniambiental.com.ar\/info\/wp-json\/wp\/v2\/posts"}],"about":[{"href":"https:\/\/patagoniambiental.com.ar\/info\/wp-json\/wp\/v2\/types\/post"}],"author":[{"embeddable":true,"href":"https:\/\/patagoniambiental.com.ar\/info\/wp-json\/wp\/v2\/users\/2"}],"replies":[{"embeddable":true,"href":"https:\/\/patagoniambiental.com.ar\/info\/wp-json\/wp\/v2\/comments?post=91153"}],"version-history":[{"count":0,"href":"https:\/\/patagoniambiental.com.ar\/info\/wp-json\/wp\/v2\/posts\/91153\/revisions"}],"wp:featuredmedia":[{"embeddable":true,"href":"https:\/\/patagoniambiental.com.ar\/info\/wp-json\/wp\/v2\/media\/91154"}],"wp:attachment":[{"href":"https:\/\/patagoniambiental.com.ar\/info\/wp-json\/wp\/v2\/media?parent=91153"}],"wp:term":[{"taxonomy":"category","embeddable":true,"href":"https:\/\/patagoniambiental.com.ar\/info\/wp-json\/wp\/v2\/categories?post=91153"},{"taxonomy":"post_tag","embeddable":true,"href":"https:\/\/patagoniambiental.com.ar\/info\/wp-json\/wp\/v2\/tags?post=91153"}],"curies":[{"name":"wp","href":"https:\/\/api.w.org\/{rel}","templated":true}]}}