{"id":91156,"date":"2024-10-10T13:17:15","date_gmt":"2024-10-10T16:17:15","guid":{"rendered":"https:\/\/patagoniambiental.com.ar\/info\/?p=91156"},"modified":"2025-05-04T16:50:36","modified_gmt":"2025-05-04T19:50:36","slug":"esquel-lanza-programa-de-reciclaje-de-aceites-usados-para-biodiesel","status":"publish","type":"post","link":"https:\/\/patagoniambiental.com.ar\/info\/esquel-lanza-programa-de-reciclaje-de-aceites-usados-para-biodiesel\/","title":{"rendered":"Esquel lanza programa de reciclaje de aceites usados para biodi\u00e9sel"},"content":{"rendered":"\n<!--more-->\n\n\n\n<p>Esquel(Chubut), 10 de octubre de 2024.  El municipio de Esquel ha iniciado un innovador Programa de Reciclado de Aceites Usados, que busca transformar este residuo en biodi\u00e9sel. La Licenciada Mariana L\u00f3pez Rey, gerente de GIRSU, anunci\u00f3 la firma de un convenio con la empresa RBA Ambiental, marcando un hito en la gesti\u00f3n de residuos en la ciudad.<\/p>\n\n\n\n<figure class=\"wp-block-embed is-type-video is-provider-youtube wp-block-embed-youtube wp-embed-aspect-16-9 wp-has-aspect-ratio\"><div class=\"wp-block-embed__wrapper\">\n<iframe title=\"PRESTADORES GASTRON\u00d3MICOS - CONVENIO PARA EL RECICLAJE DE ACEITE\" width=\"500\" height=\"281\" src=\"https:\/\/www.youtube.com\/embed\/VZSqba-25OE?start=1&#038;feature=oembed\" frameborder=\"0\" allow=\"accelerometer; autoplay; clipboard-write; encrypted-media; gyroscope; picture-in-picture; web-share\" referrerpolicy=\"strict-origin-when-cross-origin\" allowfullscreen><\/iframe>\n<\/div><\/figure>\n\n\n\n<p>Este programa, que atender\u00e1 al sector gastron\u00f3mico, facilitar\u00e1 la recolecci\u00f3n de aceite vegetal usado sin costo para los comercios. Los aceites se recoger\u00e1n en cestos y ser\u00e1n trasladados a San Carlos de Bariloche para el primer filtrado, antes de ser enviados a Buenos Aires para su reciclaje final. Esto no solo permitir\u00e1 un tratamiento adecuado, sino que tambi\u00e9n evitar\u00e1 problemas de obstrucci\u00f3n en las ca\u00f1er\u00edas y contaminaci\u00f3n del suelo.<\/p>\n\n\n\n<figure class=\"wp-block-image size-full\"><img fetchpriority=\"high\" decoding=\"async\" width=\"901\" height=\"600\" src=\"https:\/\/patagoniambiental.com.ar\/info\/wp-content\/uploads\/2024\/10\/avus-1.jpeg\" alt=\"\" class=\"wp-image-91158\"\/><\/figure>\n\n\n\n<p>Los ciudadanos tambi\u00e9n podr\u00e1n participar depositando su aceite usado en el sector de Ecocanje, contribuyendo as\u00ed a un ciclo de gesti\u00f3n responsable. La implementaci\u00f3n de este programa cuenta con el respaldo de la C\u00e1mara del sector gastron\u00f3mico y hotelero, y se invita a los comercios a inscribirse a trav\u00e9s del correo gerenciagirsu@esquel.ar.<\/p>\n","protected":false},"excerpt":{"rendered":"","protected":false},"author":2,"featured_media":91157,"comment_status":"open","ping_status":"open","sticky":false,"template":"","format":"standard","meta":{"site-sidebar-layout":"default","site-content-layout":"","ast-site-content-layout":"default","site-content-style":"default","site-sidebar-style":"default","ast-global-header-display":"","ast-banner-title-visibility":"","ast-main-header-display":"","ast-hfb-above-header-display":"","ast-hfb-below-header-display":"","ast-hfb-mobile-header-display":"","site-post-title":"","ast-breadcrumbs-content":"","ast-featured-img":"","footer-sml-layout":"","ast-disable-related-posts":"","theme-transparent-header-meta":"","adv-header-id-meta":"","stick-header-meta":"","header-above-stick-meta":"","header-main-stick-meta":"","header-below-stick-meta":"","astra-migrate-meta-layouts":"default","ast-page-background-enabled":"default","ast-page-background-meta":{"desktop":{"background-color":"var(--ast-global-color-5)","background-image":"","background-repeat":"repeat","background-position":"center center","background-size":"auto","background-attachment":"scroll","background-type":"","background-media":"","overlay-type":"","overlay-color":"","overlay-opacity":"","overlay-gradient":""},"tablet":{"background-color":"","background-image":"","background-repeat":"repeat","background-position":"center center","background-size":"auto","background-attachment":"scroll","background-type":"","background-media":"","overlay-type":"","overlay-color":"","overlay-opacity":"","overlay-gradient":""},"mobile":{"background-color":"","background-image":"","background-repeat":"repeat","background-position":"center center","background-size":"auto","background-attachment":"scroll","background-type":"","background-media":"","overlay-type":"","overlay-color":"","overlay-opacity":"","overlay-gradient":""}},"ast-content-background-meta":{"desktop":{"background-color":"var(--ast-global-color-4)","background-image":"","background-repeat":"repeat","background-position":"center center","background-size":"auto","background-attachment":"scroll","background-type":"","background-media":"","overlay-type":"","overlay-color":"","overlay-opacity":"","overlay-gradient":""},"tablet":{"background-color":"var(--ast-global-color-4)","background-image":"","background-repeat":"repeat","background-position":"center center","background-size":"auto","background-attachment":"scroll","background-type":"","background-media":"","overlay-type":"","overlay-color":"","overlay-opacity":"","overlay-gradient":""},"mobile":{"background-color":"var(--ast-global-color-4)","background-image":"","background-repeat":"repeat","background-position":"center center","background-size":"auto","background-attachment":"scroll","background-type":"","background-media":"","overlay-type":"","overlay-color":"","overlay-opacity":"","overlay-gradient":""}},"footnotes":""},"categories":[16,1],"tags":[],"class_list":["post-91156","post","type-post","status-publish","format-standard","has-post-thumbnail","hentry","category-municipales","category-noticias"],"yoast_head":"<!-- This site is optimized with the Yoast SEO Premium plugin v23.0 (Yoast SEO v27.5) - https:\/\/yoast.com\/product\/yoast-seo-premium-wordpress\/ -->\n<title>Esquel lanza programa de reciclaje de aceites usados para biodi\u00e9sel<\/title>\n<meta name=\"description\" content=\"El municipio de Esquel ha iniciado un innovador Programa de Reciclado de Aceites Usados, que busca transformar este residuo en biodi\u00e9sel.\" \/>\n<meta name=\"robots\" content=\"index, follow, max-snippet:-1, max-image-preview:large, max-video-preview:-1\" \/>\n<link rel=\"canonical\" href=\"https:\/\/patagoniambiental.com.ar\/info\/esquel-lanza-programa-de-reciclaje-de-aceites-usados-para-biodiesel\/\" \/>\n<meta property=\"og:locale\" content=\"es_ES\" \/>\n<meta property=\"og:type\" content=\"article\" \/>\n<meta property=\"og:title\" content=\"Esquel lanza programa de reciclaje de aceites usados para biodi\u00e9sel\" \/>\n<meta property=\"og:description\" content=\"El municipio de Esquel ha iniciado un innovador Programa de Reciclado de Aceites Usados, que busca transformar este residuo en biodi\u00e9sel.\" \/>\n<meta property=\"og:url\" content=\"https:\/\/patagoniambiental.com.ar\/info\/esquel-lanza-programa-de-reciclaje-de-aceites-usados-para-biodiesel\/\" \/>\n<meta property=\"og:site_name\" content=\"Patagonia Ambiental\" \/>\n<meta property=\"article:publisher\" content=\"https:\/\/www.facebook.com\/patagonia.ambiental\" \/>\n<meta property=\"article:author\" content=\"https:\/\/www.facebook.com\/share\/1C1V8Gv9BX\/?mibextid=qi2Omg\" \/>\n<meta property=\"article:published_time\" content=\"2024-10-10T16:17:15+00:00\" \/>\n<meta property=\"article:modified_time\" content=\"2025-05-04T19:50:36+00:00\" \/>\n<meta property=\"og:image\" content=\"https:\/\/patagoniambiental.com.ar\/info\/wp-content\/uploads\/2024\/10\/avus.jpeg\" \/>\n\t<meta property=\"og:image:width\" content=\"1500\" \/>\n\t<meta property=\"og:image:height\" content=\"999\" \/>\n\t<meta property=\"og:image:type\" content=\"image\/jpeg\" \/>\n<meta name=\"author\" content=\"Patagonia Ambiental\" \/>\n<meta name=\"twitter:card\" content=\"summary_large_image\" \/>\n<meta name=\"twitter:creator\" content=\"@PatAmb\" \/>\n<meta name=\"twitter:site\" content=\"@PatAmb\" \/>\n<script type=\"application\/ld+json\" class=\"yoast-schema-graph\">{\"@context\":\"https:\\\/\\\/schema.org\",\"@graph\":[{\"@type\":\"Article\",\"@id\":\"https:\\\/\\\/patagoniambiental.com.ar\\\/info\\\/esquel-lanza-programa-de-reciclaje-de-aceites-usados-para-biodiesel\\\/#article\",\"isPartOf\":{\"@id\":\"https:\\\/\\\/patagoniambiental.com.ar\\\/info\\\/esquel-lanza-programa-de-reciclaje-de-aceites-usados-para-biodiesel\\\/\"},\"author\":{\"name\":\"Patagonia Ambiental\",\"@id\":\"https:\\\/\\\/patagoniambiental.com.ar\\\/info\\\/#\\\/schema\\\/person\\\/db12bff64bbcbf6a253710bf0ea37b5d\"},\"headline\":\"Esquel lanza programa de reciclaje de aceites usados para biodi\u00e9sel\",\"datePublished\":\"2024-10-10T16:17:15+00:00\",\"dateModified\":\"2025-05-04T19:50:36+00:00\",\"mainEntityOfPage\":{\"@id\":\"https:\\\/\\\/patagoniambiental.com.ar\\\/info\\\/esquel-lanza-programa-de-reciclaje-de-aceites-usados-para-biodiesel\\\/\"},\"wordCount\":220,\"commentCount\":0,\"publisher\":{\"@id\":\"https:\\\/\\\/patagoniambiental.com.ar\\\/info\\\/#organization\"},\"image\":{\"@id\":\"https:\\\/\\\/patagoniambiental.com.ar\\\/info\\\/esquel-lanza-programa-de-reciclaje-de-aceites-usados-para-biodiesel\\\/#primaryimage\"},\"thumbnailUrl\":\"https:\\\/\\\/patagoniambiental.com.ar\\\/info\\\/wp-content\\\/uploads\\\/2024\\\/10\\\/avus.jpeg\",\"articleSection\":[\"Municipales\",\"Noticias\"],\"inLanguage\":\"es\",\"potentialAction\":[{\"@type\":\"CommentAction\",\"name\":\"Comment\",\"target\":[\"https:\\\/\\\/patagoniambiental.com.ar\\\/info\\\/esquel-lanza-programa-de-reciclaje-de-aceites-usados-para-biodiesel\\\/#respond\"]}]},{\"@type\":\"WebPage\",\"@id\":\"https:\\\/\\\/patagoniambiental.com.ar\\\/info\\\/esquel-lanza-programa-de-reciclaje-de-aceites-usados-para-biodiesel\\\/\",\"url\":\"https:\\\/\\\/patagoniambiental.com.ar\\\/info\\\/esquel-lanza-programa-de-reciclaje-de-aceites-usados-para-biodiesel\\\/\",\"name\":\"Esquel lanza programa de reciclaje de aceites usados para biodi\u00e9sel\",\"isPartOf\":{\"@id\":\"https:\\\/\\\/patagoniambiental.com.ar\\\/info\\\/#website\"},\"primaryImageOfPage\":{\"@id\":\"https:\\\/\\\/patagoniambiental.com.ar\\\/info\\\/esquel-lanza-programa-de-reciclaje-de-aceites-usados-para-biodiesel\\\/#primaryimage\"},\"image\":{\"@id\":\"https:\\\/\\\/patagoniambiental.com.ar\\\/info\\\/esquel-lanza-programa-de-reciclaje-de-aceites-usados-para-biodiesel\\\/#primaryimage\"},\"thumbnailUrl\":\"https:\\\/\\\/patagoniambiental.com.ar\\\/info\\\/wp-content\\\/uploads\\\/2024\\\/10\\\/avus.jpeg\",\"datePublished\":\"2024-10-10T16:17:15+00:00\",\"dateModified\":\"2025-05-04T19:50:36+00:00\",\"description\":\"El municipio de Esquel ha iniciado un innovador Programa de Reciclado de Aceites Usados, que busca transformar este residuo en biodi\u00e9sel.\",\"breadcrumb\":{\"@id\":\"https:\\\/\\\/patagoniambiental.com.ar\\\/info\\\/esquel-lanza-programa-de-reciclaje-de-aceites-usados-para-biodiesel\\\/#breadcrumb\"},\"inLanguage\":\"es\",\"potentialAction\":[{\"@type\":\"ReadAction\",\"target\":[\"https:\\\/\\\/patagoniambiental.com.ar\\\/info\\\/esquel-lanza-programa-de-reciclaje-de-aceites-usados-para-biodiesel\\\/\"]}]},{\"@type\":\"ImageObject\",\"inLanguage\":\"es\",\"@id\":\"https:\\\/\\\/patagoniambiental.com.ar\\\/info\\\/esquel-lanza-programa-de-reciclaje-de-aceites-usados-para-biodiesel\\\/#primaryimage\",\"url\":\"https:\\\/\\\/patagoniambiental.com.ar\\\/info\\\/wp-content\\\/uploads\\\/2024\\\/10\\\/avus.jpeg\",\"contentUrl\":\"https:\\\/\\\/patagoniambiental.com.ar\\\/info\\\/wp-content\\\/uploads\\\/2024\\\/10\\\/avus.jpeg\",\"width\":901,\"height\":600},{\"@type\":\"BreadcrumbList\",\"@id\":\"https:\\\/\\\/patagoniambiental.com.ar\\\/info\\\/esquel-lanza-programa-de-reciclaje-de-aceites-usados-para-biodiesel\\\/#breadcrumb\",\"itemListElement\":[{\"@type\":\"ListItem\",\"position\":1,\"name\":\"Inicio\",\"item\":\"https:\\\/\\\/patagoniambiental.com.ar\\\/info\\\/\"},{\"@type\":\"ListItem\",\"position\":2,\"name\":\"Esquel lanza programa de reciclaje de aceites usados para biodi\u00e9sel\"}]},{\"@type\":\"WebSite\",\"@id\":\"https:\\\/\\\/patagoniambiental.com.ar\\\/info\\\/#website\",\"url\":\"https:\\\/\\\/patagoniambiental.com.ar\\\/info\\\/\",\"name\":\"Patagonia Ambiental\",\"description\":\"Monitoreo y an\u00e1lisis de la situaci\u00f3n geopol\u00edtica en el mundo y su implicancia en la Patagonia\",\"publisher\":{\"@id\":\"https:\\\/\\\/patagoniambiental.com.ar\\\/info\\\/#organization\"},\"potentialAction\":[{\"@type\":\"SearchAction\",\"target\":{\"@type\":\"EntryPoint\",\"urlTemplate\":\"https:\\\/\\\/patagoniambiental.com.ar\\\/info\\\/?s={search_term_string}\"},\"query-input\":{\"@type\":\"PropertyValueSpecification\",\"valueRequired\":true,\"valueName\":\"search_term_string\"}}],\"inLanguage\":\"es\"},{\"@type\":\"Organization\",\"@id\":\"https:\\\/\\\/patagoniambiental.com.ar\\\/info\\\/#organization\",\"name\":\"Patagonia Ambiental\",\"url\":\"https:\\\/\\\/patagoniambiental.com.ar\\\/info\\\/\",\"logo\":{\"@type\":\"ImageObject\",\"inLanguage\":\"es\",\"@id\":\"https:\\\/\\\/patagoniambiental.com.ar\\\/info\\\/#\\\/schema\\\/logo\\\/image\\\/\",\"url\":\"https:\\\/\\\/patagoniambiental.com.ar\\\/info\\\/wp-content\\\/uploads\\\/2025\\\/05\\\/LOGO-PATAGONIA-AMBIENTAL.png\",\"contentUrl\":\"https:\\\/\\\/patagoniambiental.com.ar\\\/info\\\/wp-content\\\/uploads\\\/2025\\\/05\\\/LOGO-PATAGONIA-AMBIENTAL.png\",\"width\":433,\"height\":250,\"caption\":\"Patagonia Ambiental\"},\"image\":{\"@id\":\"https:\\\/\\\/patagoniambiental.com.ar\\\/info\\\/#\\\/schema\\\/logo\\\/image\\\/\"},\"sameAs\":[\"https:\\\/\\\/www.facebook.com\\\/patagonia.ambiental\",\"https:\\\/\\\/x.com\\\/PatAmb\"]},{\"@type\":\"Person\",\"@id\":\"https:\\\/\\\/patagoniambiental.com.ar\\\/info\\\/#\\\/schema\\\/person\\\/db12bff64bbcbf6a253710bf0ea37b5d\",\"name\":\"Patagonia Ambiental\",\"description\":\"Andr\u00e9s Nievas T\u00e9cnico en manejo ambiental, consultor Ambiental y escritor para medios locales e internacionales sobre temas de geopolitica y medio ambiente.\",\"sameAs\":[\"http:\\\/\\\/www.patagoniambiental.com.ar\",\"https:\\\/\\\/www.facebook.com\\\/share\\\/1C1V8Gv9BX\\\/?mibextid=qi2Omg\",\"@patagoniambiental\",\"https:\\\/\\\/youtube.com\\\/@patagoniaambiental2023?si=BLt58t0wuXquxlYZ\"]}]}<\/script>\n<!-- \/ Yoast SEO Premium plugin. -->","yoast_head_json":{"title":"Esquel lanza programa de reciclaje de aceites usados para biodi\u00e9sel","description":"El municipio de Esquel ha iniciado un innovador Programa de Reciclado de Aceites Usados, que busca transformar este residuo en biodi\u00e9sel.","robots":{"index":"index","follow":"follow","max-snippet":"max-snippet:-1","max-image-preview":"max-image-preview:large","max-video-preview":"max-video-preview:-1"},"canonical":"https:\/\/patagoniambiental.com.ar\/info\/esquel-lanza-programa-de-reciclaje-de-aceites-usados-para-biodiesel\/","og_locale":"es_ES","og_type":"article","og_title":"Esquel lanza programa de reciclaje de aceites usados para biodi\u00e9sel","og_description":"El municipio de Esquel ha iniciado un innovador Programa de Reciclado de Aceites Usados, que busca transformar este residuo en biodi\u00e9sel.","og_url":"https:\/\/patagoniambiental.com.ar\/info\/esquel-lanza-programa-de-reciclaje-de-aceites-usados-para-biodiesel\/","og_site_name":"Patagonia Ambiental","article_publisher":"https:\/\/www.facebook.com\/patagonia.ambiental","article_author":"https:\/\/www.facebook.com\/share\/1C1V8Gv9BX\/?mibextid=qi2Omg","article_published_time":"2024-10-10T16:17:15+00:00","article_modified_time":"2025-05-04T19:50:36+00:00","og_image":[{"width":1500,"height":999,"url":"https:\/\/patagoniambiental.com.ar\/info\/wp-content\/uploads\/2024\/10\/avus.jpeg","type":"image\/jpeg"}],"author":"Patagonia Ambiental","twitter_card":"summary_large_image","twitter_creator":"@PatAmb","twitter_site":"@PatAmb","schema":{"@context":"https:\/\/schema.org","@graph":[{"@type":"Article","@id":"https:\/\/patagoniambiental.com.ar\/info\/esquel-lanza-programa-de-reciclaje-de-aceites-usados-para-biodiesel\/#article","isPartOf":{"@id":"https:\/\/patagoniambiental.com.ar\/info\/esquel-lanza-programa-de-reciclaje-de-aceites-usados-para-biodiesel\/"},"author":{"name":"Patagonia Ambiental","@id":"https:\/\/patagoniambiental.com.ar\/info\/#\/schema\/person\/db12bff64bbcbf6a253710bf0ea37b5d"},"headline":"Esquel lanza programa de reciclaje de aceites usados para biodi\u00e9sel","datePublished":"2024-10-10T16:17:15+00:00","dateModified":"2025-05-04T19:50:36+00:00","mainEntityOfPage":{"@id":"https:\/\/patagoniambiental.com.ar\/info\/esquel-lanza-programa-de-reciclaje-de-aceites-usados-para-biodiesel\/"},"wordCount":220,"commentCount":0,"publisher":{"@id":"https:\/\/patagoniambiental.com.ar\/info\/#organization"},"image":{"@id":"https:\/\/patagoniambiental.com.ar\/info\/esquel-lanza-programa-de-reciclaje-de-aceites-usados-para-biodiesel\/#primaryimage"},"thumbnailUrl":"https:\/\/patagoniambiental.com.ar\/info\/wp-content\/uploads\/2024\/10\/avus.jpeg","articleSection":["Municipales","Noticias"],"inLanguage":"es","potentialAction":[{"@type":"CommentAction","name":"Comment","target":["https:\/\/patagoniambiental.com.ar\/info\/esquel-lanza-programa-de-reciclaje-de-aceites-usados-para-biodiesel\/#respond"]}]},{"@type":"WebPage","@id":"https:\/\/patagoniambiental.com.ar\/info\/esquel-lanza-programa-de-reciclaje-de-aceites-usados-para-biodiesel\/","url":"https:\/\/patagoniambiental.com.ar\/info\/esquel-lanza-programa-de-reciclaje-de-aceites-usados-para-biodiesel\/","name":"Esquel lanza programa de reciclaje de aceites usados para biodi\u00e9sel","isPartOf":{"@id":"https:\/\/patagoniambiental.com.ar\/info\/#website"},"primaryImageOfPage":{"@id":"https:\/\/patagoniambiental.com.ar\/info\/esquel-lanza-programa-de-reciclaje-de-aceites-usados-para-biodiesel\/#primaryimage"},"image":{"@id":"https:\/\/patagoniambiental.com.ar\/info\/esquel-lanza-programa-de-reciclaje-de-aceites-usados-para-biodiesel\/#primaryimage"},"thumbnailUrl":"https:\/\/patagoniambiental.com.ar\/info\/wp-content\/uploads\/2024\/10\/avus.jpeg","datePublished":"2024-10-10T16:17:15+00:00","dateModified":"2025-05-04T19:50:36+00:00","description":"El municipio de Esquel ha iniciado un innovador Programa de Reciclado de Aceites Usados, que busca transformar este residuo en biodi\u00e9sel.","breadcrumb":{"@id":"https:\/\/patagoniambiental.com.ar\/info\/esquel-lanza-programa-de-reciclaje-de-aceites-usados-para-biodiesel\/#breadcrumb"},"inLanguage":"es","potentialAction":[{"@type":"ReadAction","target":["https:\/\/patagoniambiental.com.ar\/info\/esquel-lanza-programa-de-reciclaje-de-aceites-usados-para-biodiesel\/"]}]},{"@type":"ImageObject","inLanguage":"es","@id":"https:\/\/patagoniambiental.com.ar\/info\/esquel-lanza-programa-de-reciclaje-de-aceites-usados-para-biodiesel\/#primaryimage","url":"https:\/\/patagoniambiental.com.ar\/info\/wp-content\/uploads\/2024\/10\/avus.jpeg","contentUrl":"https:\/\/patagoniambiental.com.ar\/info\/wp-content\/uploads\/2024\/10\/avus.jpeg","width":901,"height":600},{"@type":"BreadcrumbList","@id":"https:\/\/patagoniambiental.com.ar\/info\/esquel-lanza-programa-de-reciclaje-de-aceites-usados-para-biodiesel\/#breadcrumb","itemListElement":[{"@type":"ListItem","position":1,"name":"Inicio","item":"https:\/\/patagoniambiental.com.ar\/info\/"},{"@type":"ListItem","position":2,"name":"Esquel lanza programa de reciclaje de aceites usados para biodi\u00e9sel"}]},{"@type":"WebSite","@id":"https:\/\/patagoniambiental.com.ar\/info\/#website","url":"https:\/\/patagoniambiental.com.ar\/info\/","name":"Patagonia Ambiental","description":"Monitoreo y an\u00e1lisis de la situaci\u00f3n geopol\u00edtica en el mundo y su implicancia en la Patagonia","publisher":{"@id":"https:\/\/patagoniambiental.com.ar\/info\/#organization"},"potentialAction":[{"@type":"SearchAction","target":{"@type":"EntryPoint","urlTemplate":"https:\/\/patagoniambiental.com.ar\/info\/?s={search_term_string}"},"query-input":{"@type":"PropertyValueSpecification","valueRequired":true,"valueName":"search_term_string"}}],"inLanguage":"es"},{"@type":"Organization","@id":"https:\/\/patagoniambiental.com.ar\/info\/#organization","name":"Patagonia Ambiental","url":"https:\/\/patagoniambiental.com.ar\/info\/","logo":{"@type":"ImageObject","inLanguage":"es","@id":"https:\/\/patagoniambiental.com.ar\/info\/#\/schema\/logo\/image\/","url":"https:\/\/patagoniambiental.com.ar\/info\/wp-content\/uploads\/2025\/05\/LOGO-PATAGONIA-AMBIENTAL.png","contentUrl":"https:\/\/patagoniambiental.com.ar\/info\/wp-content\/uploads\/2025\/05\/LOGO-PATAGONIA-AMBIENTAL.png","width":433,"height":250,"caption":"Patagonia Ambiental"},"image":{"@id":"https:\/\/patagoniambiental.com.ar\/info\/#\/schema\/logo\/image\/"},"sameAs":["https:\/\/www.facebook.com\/patagonia.ambiental","https:\/\/x.com\/PatAmb"]},{"@type":"Person","@id":"https:\/\/patagoniambiental.com.ar\/info\/#\/schema\/person\/db12bff64bbcbf6a253710bf0ea37b5d","name":"Patagonia Ambiental","description":"Andr\u00e9s Nievas T\u00e9cnico en manejo ambiental, consultor Ambiental y escritor para medios locales e internacionales sobre temas de geopolitica y medio ambiente.","sameAs":["http:\/\/www.patagoniambiental.com.ar","https:\/\/www.facebook.com\/share\/1C1V8Gv9BX\/?mibextid=qi2Omg","@patagoniambiental","https:\/\/youtube.com\/@patagoniaambiental2023?si=BLt58t0wuXquxlYZ"]}]}},"_links":{"self":[{"href":"https:\/\/patagoniambiental.com.ar\/info\/wp-json\/wp\/v2\/posts\/91156","targetHints":{"allow":["GET"]}}],"collection":[{"href":"https:\/\/patagoniambiental.com.ar\/info\/wp-json\/wp\/v2\/posts"}],"about":[{"href":"https:\/\/patagoniambiental.com.ar\/info\/wp-json\/wp\/v2\/types\/post"}],"author":[{"embeddable":true,"href":"https:\/\/patagoniambiental.com.ar\/info\/wp-json\/wp\/v2\/users\/2"}],"replies":[{"embeddable":true,"href":"https:\/\/patagoniambiental.com.ar\/info\/wp-json\/wp\/v2\/comments?post=91156"}],"version-history":[{"count":0,"href":"https:\/\/patagoniambiental.com.ar\/info\/wp-json\/wp\/v2\/posts\/91156\/revisions"}],"wp:featuredmedia":[{"embeddable":true,"href":"https:\/\/patagoniambiental.com.ar\/info\/wp-json\/wp\/v2\/media\/91157"}],"wp:attachment":[{"href":"https:\/\/patagoniambiental.com.ar\/info\/wp-json\/wp\/v2\/media?parent=91156"}],"wp:term":[{"taxonomy":"category","embeddable":true,"href":"https:\/\/patagoniambiental.com.ar\/info\/wp-json\/wp\/v2\/categories?post=91156"},{"taxonomy":"post_tag","embeddable":true,"href":"https:\/\/patagoniambiental.com.ar\/info\/wp-json\/wp\/v2\/tags?post=91156"}],"curies":[{"name":"wp","href":"https:\/\/api.w.org\/{rel}","templated":true}]}}