{"id":91160,"date":"2024-10-10T20:08:00","date_gmt":"2024-10-10T23:08:00","guid":{"rendered":"https:\/\/patagoniambiental.com.ar\/info\/?p=91160"},"modified":"2025-05-04T16:50:35","modified_gmt":"2025-05-04T19:50:35","slug":"avanza-el-financiamiento-para-la-gestion-sostenible-de-residuos-en-el-alto-valle","status":"publish","type":"post","link":"https:\/\/patagoniambiental.com.ar\/info\/avanza-el-financiamiento-para-la-gestion-sostenible-de-residuos-en-el-alto-valle\/","title":{"rendered":"Avanza el financiamiento para la gesti\u00f3n sostenible de residuos en el Alto Valle"},"content":{"rendered":"\n<!--more-->\n\n\n\n<p>Cipolletti, (Rio Negro), 10 de octubre de 2024. La Secretar\u00eda de Energ\u00eda y Ambiente de R\u00edo Negro ha intensificado las gestiones para asegurar el financiamiento del proyecto de Gesti\u00f3n Integral de Residuos S\u00f3lidos Urbanos (GIRSU) en el Alto Valle. Durante un encuentro en Cipolletti, el vicegobernador Pedro Pesatti y la secretaria de Ambiente y Cambio Clim\u00e1tico, Judith Jim\u00e9nez, dialogaron con representantes de la Agencia Francesa de Desarrollo (AFD), quienes mostraron inter\u00e9s en respaldar la iniciativa.<\/p>\n\n\n\n<figure class=\"wp-block-embed is-type-video is-provider-youtube wp-block-embed-youtube wp-embed-aspect-16-9 wp-has-aspect-ratio\"><div class=\"wp-block-embed__wrapper\">\n<iframe title=\"Avanza el financiamiento para la gesti\u00f3n de residuos en el Alto Valle\" width=\"500\" height=\"281\" src=\"https:\/\/www.youtube.com\/embed\/ccRs_bJiOJM?feature=oembed\" frameborder=\"0\" allow=\"accelerometer; autoplay; clipboard-write; encrypted-media; gyroscope; picture-in-picture; web-share\" referrerpolicy=\"strict-origin-when-cross-origin\" allowfullscreen><\/iframe>\n<\/div><\/figure>\n\n\n\n<p>El proyecto involucra a varios municipios de la regi\u00f3n, incluidos Campo Grande, Cordero, Cinco Saltos, Cipolletti, Fern\u00e1ndez Oro y Allen. En la reuni\u00f3n, se presentaron actualizaciones sobre las innovaciones tecnol\u00f3gicas que se implementar\u00e1n, enfoc\u00e1ndose en la eficiencia energ\u00e9tica de los nuevos centros ambientales. Jim\u00e9nez destac\u00f3 la importancia de estas modificaciones para mejorar el tratamiento de residuos.<\/p>\n\n\n\n<figure class=\"wp-block-image size-full\"><img fetchpriority=\"high\" decoding=\"async\" width=\"1067\" height=\"600\" src=\"https:\/\/patagoniambiental.com.ar\/info\/wp-content\/uploads\/2024\/10\/1728581348-a6630a0022e6ad314419.jpg\" alt=\"\" class=\"wp-image-91162\"\/><\/figure>\n\n\n\n<p>Esta fue la segunda reuni\u00f3n con la AFD, donde se revisaron aspectos t\u00e9cnicos y se ajust\u00f3 la inversi\u00f3n proyectada, que asciende a 30 millones de d\u00f3lares. Pesatti subray\u00f3 la significancia del apoyo de la AFD en la materializaci\u00f3n de pol\u00edticas ambientales: \u201cSu participaci\u00f3n es clave para enfrentar los retos ecol\u00f3gicos actuales\u201d, afirm\u00f3.<\/p>\n\n\n\n<p>La visita de la AFD incluy\u00f3 un recorrido por basurales a cielo abierto en Cipolletti y Allen, que ser\u00e1n transformados mediante la implementaci\u00f3n del GIRSU. Pesatti record\u00f3 la experiencia de Viedma en la eliminaci\u00f3n de su basural y enfatiz\u00f3 que el \u00e9xito del proyecto no solo tendr\u00e1 un gran impacto ambiental, sino que tambi\u00e9n requerir\u00e1 un compromiso social significativo.<\/p>\n\n\n\n<figure class=\"wp-block-image size-full\"><img decoding=\"async\" width=\"1067\" height=\"600\" src=\"https:\/\/patagoniambiental.com.ar\/info\/wp-content\/uploads\/2024\/10\/1728581277-d5c913d9db31dfb91db0.jpg\" alt=\"\" class=\"wp-image-91163\"\/><\/figure>\n\n\n\n<p>El GIRSU tiene como objetivo erradicar los basurales a cielo abierto, uno de los principales emisores de gases de efecto invernadero en la zona, y establecer un sistema sostenible de gesti\u00f3n de residuos. Si se asegura el financiamiento, se espera que las obras comiencen en 2026, acompa\u00f1adas de una campa\u00f1a de educaci\u00f3n ambiental para sensibilizar a la comunidad.<\/p>\n\n\n\n<p><\/p>\n","protected":false},"excerpt":{"rendered":"","protected":false},"author":2,"featured_media":91161,"comment_status":"open","ping_status":"open","sticky":false,"template":"","format":"standard","meta":{"site-sidebar-layout":"default","site-content-layout":"","ast-site-content-layout":"default","site-content-style":"default","site-sidebar-style":"default","ast-global-header-display":"","ast-banner-title-visibility":"","ast-main-header-display":"","ast-hfb-above-header-display":"","ast-hfb-below-header-display":"","ast-hfb-mobile-header-display":"","site-post-title":"","ast-breadcrumbs-content":"","ast-featured-img":"","footer-sml-layout":"","ast-disable-related-posts":"","theme-transparent-header-meta":"","adv-header-id-meta":"","stick-header-meta":"","header-above-stick-meta":"","header-main-stick-meta":"","header-below-stick-meta":"","astra-migrate-meta-layouts":"default","ast-page-background-enabled":"default","ast-page-background-meta":{"desktop":{"background-color":"var(--ast-global-color-5)","background-image":"","background-repeat":"repeat","background-position":"center center","background-size":"auto","background-attachment":"scroll","background-type":"","background-media":"","overlay-type":"","overlay-color":"","overlay-opacity":"","overlay-gradient":""},"tablet":{"background-color":"","background-image":"","background-repeat":"repeat","background-position":"center center","background-size":"auto","background-attachment":"scroll","background-type":"","background-media":"","overlay-type":"","overlay-color":"","overlay-opacity":"","overlay-gradient":""},"mobile":{"background-color":"","background-image":"","background-repeat":"repeat","background-position":"center center","background-size":"auto","background-attachment":"scroll","background-type":"","background-media":"","overlay-type":"","overlay-color":"","overlay-opacity":"","overlay-gradient":""}},"ast-content-background-meta":{"desktop":{"background-color":"var(--ast-global-color-4)","background-image":"","background-repeat":"repeat","background-position":"center center","background-size":"auto","background-attachment":"scroll","background-type":"","background-media":"","overlay-type":"","overlay-color":"","overlay-opacity":"","overlay-gradient":""},"tablet":{"background-color":"var(--ast-global-color-4)","background-image":"","background-repeat":"repeat","background-position":"center center","background-size":"auto","background-attachment":"scroll","background-type":"","background-media":"","overlay-type":"","overlay-color":"","overlay-opacity":"","overlay-gradient":""},"mobile":{"background-color":"var(--ast-global-color-4)","background-image":"","background-repeat":"repeat","background-position":"center center","background-size":"auto","background-attachment":"scroll","background-type":"","background-media":"","overlay-type":"","overlay-color":"","overlay-opacity":"","overlay-gradient":""}},"footnotes":""},"categories":[1,13,14],"tags":[],"class_list":["post-91160","post","type-post","status-publish","format-standard","has-post-thumbnail","hentry","category-noticias","category-provinciales","category-rio-negro"],"yoast_head":"<!-- This site is optimized with the Yoast SEO Premium plugin v23.0 (Yoast SEO v27.5) - https:\/\/yoast.com\/product\/yoast-seo-premium-wordpress\/ -->\n<title>Avanza el financiamiento para la gesti\u00f3n sostenible de residuos en el Alto Valle<\/title>\n<meta name=\"description\" content=\"La Secretar\u00eda de Energ\u00eda y Ambiente de R\u00edo Negro ha intensificado las gestiones para asegurar el financiamiento del proyecto de GIRSU\" \/>\n<meta name=\"robots\" content=\"index, follow, max-snippet:-1, max-image-preview:large, max-video-preview:-1\" \/>\n<link rel=\"canonical\" href=\"https:\/\/patagoniambiental.com.ar\/info\/avanza-el-financiamiento-para-la-gestion-sostenible-de-residuos-en-el-alto-valle\/\" \/>\n<meta property=\"og:locale\" content=\"es_ES\" \/>\n<meta property=\"og:type\" content=\"article\" \/>\n<meta property=\"og:title\" content=\"Avanza el financiamiento para la gesti\u00f3n sostenible de residuos en el Alto Valle\" \/>\n<meta property=\"og:description\" content=\"La Secretar\u00eda de Energ\u00eda y Ambiente de R\u00edo Negro ha intensificado las gestiones para asegurar el financiamiento del proyecto de GIRSU\" \/>\n<meta property=\"og:url\" content=\"https:\/\/patagoniambiental.com.ar\/info\/avanza-el-financiamiento-para-la-gestion-sostenible-de-residuos-en-el-alto-valle\/\" \/>\n<meta property=\"og:site_name\" content=\"Patagonia Ambiental\" \/>\n<meta property=\"article:publisher\" content=\"https:\/\/www.facebook.com\/patagonia.ambiental\" \/>\n<meta property=\"article:author\" content=\"https:\/\/www.facebook.com\/share\/1C1V8Gv9BX\/?mibextid=qi2Omg\" \/>\n<meta property=\"article:published_time\" content=\"2024-10-10T23:08:00+00:00\" \/>\n<meta property=\"article:modified_time\" content=\"2025-05-04T19:50:35+00:00\" \/>\n<meta property=\"og:image\" content=\"https:\/\/patagoniambiental.com.ar\/info\/wp-content\/uploads\/2024\/10\/sin-titulo-12.jpg\" \/>\n\t<meta property=\"og:image:width\" content=\"800\" \/>\n\t<meta property=\"og:image:height\" content=\"423\" \/>\n\t<meta property=\"og:image:type\" content=\"image\/jpeg\" \/>\n<meta name=\"author\" content=\"Patagonia Ambiental\" \/>\n<meta name=\"twitter:card\" content=\"summary_large_image\" \/>\n<meta name=\"twitter:creator\" content=\"@PatAmb\" \/>\n<meta name=\"twitter:site\" content=\"@PatAmb\" \/>\n<script type=\"application\/ld+json\" class=\"yoast-schema-graph\">{\"@context\":\"https:\\\/\\\/schema.org\",\"@graph\":[{\"@type\":\"Article\",\"@id\":\"https:\\\/\\\/patagoniambiental.com.ar\\\/info\\\/avanza-el-financiamiento-para-la-gestion-sostenible-de-residuos-en-el-alto-valle\\\/#article\",\"isPartOf\":{\"@id\":\"https:\\\/\\\/patagoniambiental.com.ar\\\/info\\\/avanza-el-financiamiento-para-la-gestion-sostenible-de-residuos-en-el-alto-valle\\\/\"},\"author\":{\"name\":\"Patagonia Ambiental\",\"@id\":\"https:\\\/\\\/patagoniambiental.com.ar\\\/info\\\/#\\\/schema\\\/person\\\/db12bff64bbcbf6a253710bf0ea37b5d\"},\"headline\":\"Avanza el financiamiento para la gesti\u00f3n sostenible de residuos en el Alto Valle\",\"datePublished\":\"2024-10-10T23:08:00+00:00\",\"dateModified\":\"2025-05-04T19:50:35+00:00\",\"mainEntityOfPage\":{\"@id\":\"https:\\\/\\\/patagoniambiental.com.ar\\\/info\\\/avanza-el-financiamiento-para-la-gestion-sostenible-de-residuos-en-el-alto-valle\\\/\"},\"wordCount\":350,\"commentCount\":0,\"publisher\":{\"@id\":\"https:\\\/\\\/patagoniambiental.com.ar\\\/info\\\/#organization\"},\"image\":{\"@id\":\"https:\\\/\\\/patagoniambiental.com.ar\\\/info\\\/avanza-el-financiamiento-para-la-gestion-sostenible-de-residuos-en-el-alto-valle\\\/#primaryimage\"},\"thumbnailUrl\":\"https:\\\/\\\/patagoniambiental.com.ar\\\/info\\\/wp-content\\\/uploads\\\/2024\\\/10\\\/sin-titulo-12.jpg\",\"articleSection\":[\"Noticias\",\"Provinciales\",\"R\u00edo Negro\"],\"inLanguage\":\"es\",\"potentialAction\":[{\"@type\":\"CommentAction\",\"name\":\"Comment\",\"target\":[\"https:\\\/\\\/patagoniambiental.com.ar\\\/info\\\/avanza-el-financiamiento-para-la-gestion-sostenible-de-residuos-en-el-alto-valle\\\/#respond\"]}]},{\"@type\":\"WebPage\",\"@id\":\"https:\\\/\\\/patagoniambiental.com.ar\\\/info\\\/avanza-el-financiamiento-para-la-gestion-sostenible-de-residuos-en-el-alto-valle\\\/\",\"url\":\"https:\\\/\\\/patagoniambiental.com.ar\\\/info\\\/avanza-el-financiamiento-para-la-gestion-sostenible-de-residuos-en-el-alto-valle\\\/\",\"name\":\"Avanza el financiamiento para la gesti\u00f3n sostenible de residuos en el Alto Valle\",\"isPartOf\":{\"@id\":\"https:\\\/\\\/patagoniambiental.com.ar\\\/info\\\/#website\"},\"primaryImageOfPage\":{\"@id\":\"https:\\\/\\\/patagoniambiental.com.ar\\\/info\\\/avanza-el-financiamiento-para-la-gestion-sostenible-de-residuos-en-el-alto-valle\\\/#primaryimage\"},\"image\":{\"@id\":\"https:\\\/\\\/patagoniambiental.com.ar\\\/info\\\/avanza-el-financiamiento-para-la-gestion-sostenible-de-residuos-en-el-alto-valle\\\/#primaryimage\"},\"thumbnailUrl\":\"https:\\\/\\\/patagoniambiental.com.ar\\\/info\\\/wp-content\\\/uploads\\\/2024\\\/10\\\/sin-titulo-12.jpg\",\"datePublished\":\"2024-10-10T23:08:00+00:00\",\"dateModified\":\"2025-05-04T19:50:35+00:00\",\"description\":\"La Secretar\u00eda de Energ\u00eda y Ambiente de R\u00edo Negro ha intensificado las gestiones para asegurar el financiamiento del proyecto de GIRSU\",\"breadcrumb\":{\"@id\":\"https:\\\/\\\/patagoniambiental.com.ar\\\/info\\\/avanza-el-financiamiento-para-la-gestion-sostenible-de-residuos-en-el-alto-valle\\\/#breadcrumb\"},\"inLanguage\":\"es\",\"potentialAction\":[{\"@type\":\"ReadAction\",\"target\":[\"https:\\\/\\\/patagoniambiental.com.ar\\\/info\\\/avanza-el-financiamiento-para-la-gestion-sostenible-de-residuos-en-el-alto-valle\\\/\"]}]},{\"@type\":\"ImageObject\",\"inLanguage\":\"es\",\"@id\":\"https:\\\/\\\/patagoniambiental.com.ar\\\/info\\\/avanza-el-financiamiento-para-la-gestion-sostenible-de-residuos-en-el-alto-valle\\\/#primaryimage\",\"url\":\"https:\\\/\\\/patagoniambiental.com.ar\\\/info\\\/wp-content\\\/uploads\\\/2024\\\/10\\\/sin-titulo-12.jpg\",\"contentUrl\":\"https:\\\/\\\/patagoniambiental.com.ar\\\/info\\\/wp-content\\\/uploads\\\/2024\\\/10\\\/sin-titulo-12.jpg\",\"width\":800,\"height\":423},{\"@type\":\"BreadcrumbList\",\"@id\":\"https:\\\/\\\/patagoniambiental.com.ar\\\/info\\\/avanza-el-financiamiento-para-la-gestion-sostenible-de-residuos-en-el-alto-valle\\\/#breadcrumb\",\"itemListElement\":[{\"@type\":\"ListItem\",\"position\":1,\"name\":\"Inicio\",\"item\":\"https:\\\/\\\/patagoniambiental.com.ar\\\/info\\\/\"},{\"@type\":\"ListItem\",\"position\":2,\"name\":\"Avanza el financiamiento para la gesti\u00f3n sostenible de residuos en el Alto Valle\"}]},{\"@type\":\"WebSite\",\"@id\":\"https:\\\/\\\/patagoniambiental.com.ar\\\/info\\\/#website\",\"url\":\"https:\\\/\\\/patagoniambiental.com.ar\\\/info\\\/\",\"name\":\"Patagonia Ambiental\",\"description\":\"Monitoreo y an\u00e1lisis de la situaci\u00f3n geopol\u00edtica en el mundo y su implicancia en la Patagonia\",\"publisher\":{\"@id\":\"https:\\\/\\\/patagoniambiental.com.ar\\\/info\\\/#organization\"},\"potentialAction\":[{\"@type\":\"SearchAction\",\"target\":{\"@type\":\"EntryPoint\",\"urlTemplate\":\"https:\\\/\\\/patagoniambiental.com.ar\\\/info\\\/?s={search_term_string}\"},\"query-input\":{\"@type\":\"PropertyValueSpecification\",\"valueRequired\":true,\"valueName\":\"search_term_string\"}}],\"inLanguage\":\"es\"},{\"@type\":\"Organization\",\"@id\":\"https:\\\/\\\/patagoniambiental.com.ar\\\/info\\\/#organization\",\"name\":\"Patagonia Ambiental\",\"url\":\"https:\\\/\\\/patagoniambiental.com.ar\\\/info\\\/\",\"logo\":{\"@type\":\"ImageObject\",\"inLanguage\":\"es\",\"@id\":\"https:\\\/\\\/patagoniambiental.com.ar\\\/info\\\/#\\\/schema\\\/logo\\\/image\\\/\",\"url\":\"https:\\\/\\\/patagoniambiental.com.ar\\\/info\\\/wp-content\\\/uploads\\\/2025\\\/05\\\/LOGO-PATAGONIA-AMBIENTAL.png\",\"contentUrl\":\"https:\\\/\\\/patagoniambiental.com.ar\\\/info\\\/wp-content\\\/uploads\\\/2025\\\/05\\\/LOGO-PATAGONIA-AMBIENTAL.png\",\"width\":433,\"height\":250,\"caption\":\"Patagonia Ambiental\"},\"image\":{\"@id\":\"https:\\\/\\\/patagoniambiental.com.ar\\\/info\\\/#\\\/schema\\\/logo\\\/image\\\/\"},\"sameAs\":[\"https:\\\/\\\/www.facebook.com\\\/patagonia.ambiental\",\"https:\\\/\\\/x.com\\\/PatAmb\"]},{\"@type\":\"Person\",\"@id\":\"https:\\\/\\\/patagoniambiental.com.ar\\\/info\\\/#\\\/schema\\\/person\\\/db12bff64bbcbf6a253710bf0ea37b5d\",\"name\":\"Patagonia Ambiental\",\"description\":\"Andr\u00e9s Nievas T\u00e9cnico en manejo ambiental, consultor Ambiental y escritor para medios locales e internacionales sobre temas de geopolitica y medio ambiente.\",\"sameAs\":[\"http:\\\/\\\/www.patagoniambiental.com.ar\",\"https:\\\/\\\/www.facebook.com\\\/share\\\/1C1V8Gv9BX\\\/?mibextid=qi2Omg\",\"@patagoniambiental\",\"https:\\\/\\\/youtube.com\\\/@patagoniaambiental2023?si=BLt58t0wuXquxlYZ\"]}]}<\/script>\n<!-- \/ Yoast SEO Premium plugin. -->","yoast_head_json":{"title":"Avanza el financiamiento para la gesti\u00f3n sostenible de residuos en el Alto Valle","description":"La Secretar\u00eda de Energ\u00eda y Ambiente de R\u00edo Negro ha intensificado las gestiones para asegurar el financiamiento del proyecto de GIRSU","robots":{"index":"index","follow":"follow","max-snippet":"max-snippet:-1","max-image-preview":"max-image-preview:large","max-video-preview":"max-video-preview:-1"},"canonical":"https:\/\/patagoniambiental.com.ar\/info\/avanza-el-financiamiento-para-la-gestion-sostenible-de-residuos-en-el-alto-valle\/","og_locale":"es_ES","og_type":"article","og_title":"Avanza el financiamiento para la gesti\u00f3n sostenible de residuos en el Alto Valle","og_description":"La Secretar\u00eda de Energ\u00eda y Ambiente de R\u00edo Negro ha intensificado las gestiones para asegurar el financiamiento del proyecto de GIRSU","og_url":"https:\/\/patagoniambiental.com.ar\/info\/avanza-el-financiamiento-para-la-gestion-sostenible-de-residuos-en-el-alto-valle\/","og_site_name":"Patagonia Ambiental","article_publisher":"https:\/\/www.facebook.com\/patagonia.ambiental","article_author":"https:\/\/www.facebook.com\/share\/1C1V8Gv9BX\/?mibextid=qi2Omg","article_published_time":"2024-10-10T23:08:00+00:00","article_modified_time":"2025-05-04T19:50:35+00:00","og_image":[{"width":800,"height":423,"url":"https:\/\/patagoniambiental.com.ar\/info\/wp-content\/uploads\/2024\/10\/sin-titulo-12.jpg","type":"image\/jpeg"}],"author":"Patagonia Ambiental","twitter_card":"summary_large_image","twitter_creator":"@PatAmb","twitter_site":"@PatAmb","schema":{"@context":"https:\/\/schema.org","@graph":[{"@type":"Article","@id":"https:\/\/patagoniambiental.com.ar\/info\/avanza-el-financiamiento-para-la-gestion-sostenible-de-residuos-en-el-alto-valle\/#article","isPartOf":{"@id":"https:\/\/patagoniambiental.com.ar\/info\/avanza-el-financiamiento-para-la-gestion-sostenible-de-residuos-en-el-alto-valle\/"},"author":{"name":"Patagonia Ambiental","@id":"https:\/\/patagoniambiental.com.ar\/info\/#\/schema\/person\/db12bff64bbcbf6a253710bf0ea37b5d"},"headline":"Avanza el financiamiento para la gesti\u00f3n sostenible de residuos en el Alto Valle","datePublished":"2024-10-10T23:08:00+00:00","dateModified":"2025-05-04T19:50:35+00:00","mainEntityOfPage":{"@id":"https:\/\/patagoniambiental.com.ar\/info\/avanza-el-financiamiento-para-la-gestion-sostenible-de-residuos-en-el-alto-valle\/"},"wordCount":350,"commentCount":0,"publisher":{"@id":"https:\/\/patagoniambiental.com.ar\/info\/#organization"},"image":{"@id":"https:\/\/patagoniambiental.com.ar\/info\/avanza-el-financiamiento-para-la-gestion-sostenible-de-residuos-en-el-alto-valle\/#primaryimage"},"thumbnailUrl":"https:\/\/patagoniambiental.com.ar\/info\/wp-content\/uploads\/2024\/10\/sin-titulo-12.jpg","articleSection":["Noticias","Provinciales","R\u00edo Negro"],"inLanguage":"es","potentialAction":[{"@type":"CommentAction","name":"Comment","target":["https:\/\/patagoniambiental.com.ar\/info\/avanza-el-financiamiento-para-la-gestion-sostenible-de-residuos-en-el-alto-valle\/#respond"]}]},{"@type":"WebPage","@id":"https:\/\/patagoniambiental.com.ar\/info\/avanza-el-financiamiento-para-la-gestion-sostenible-de-residuos-en-el-alto-valle\/","url":"https:\/\/patagoniambiental.com.ar\/info\/avanza-el-financiamiento-para-la-gestion-sostenible-de-residuos-en-el-alto-valle\/","name":"Avanza el financiamiento para la gesti\u00f3n sostenible de residuos en el Alto Valle","isPartOf":{"@id":"https:\/\/patagoniambiental.com.ar\/info\/#website"},"primaryImageOfPage":{"@id":"https:\/\/patagoniambiental.com.ar\/info\/avanza-el-financiamiento-para-la-gestion-sostenible-de-residuos-en-el-alto-valle\/#primaryimage"},"image":{"@id":"https:\/\/patagoniambiental.com.ar\/info\/avanza-el-financiamiento-para-la-gestion-sostenible-de-residuos-en-el-alto-valle\/#primaryimage"},"thumbnailUrl":"https:\/\/patagoniambiental.com.ar\/info\/wp-content\/uploads\/2024\/10\/sin-titulo-12.jpg","datePublished":"2024-10-10T23:08:00+00:00","dateModified":"2025-05-04T19:50:35+00:00","description":"La Secretar\u00eda de Energ\u00eda y Ambiente de R\u00edo Negro ha intensificado las gestiones para asegurar el financiamiento del proyecto de GIRSU","breadcrumb":{"@id":"https:\/\/patagoniambiental.com.ar\/info\/avanza-el-financiamiento-para-la-gestion-sostenible-de-residuos-en-el-alto-valle\/#breadcrumb"},"inLanguage":"es","potentialAction":[{"@type":"ReadAction","target":["https:\/\/patagoniambiental.com.ar\/info\/avanza-el-financiamiento-para-la-gestion-sostenible-de-residuos-en-el-alto-valle\/"]}]},{"@type":"ImageObject","inLanguage":"es","@id":"https:\/\/patagoniambiental.com.ar\/info\/avanza-el-financiamiento-para-la-gestion-sostenible-de-residuos-en-el-alto-valle\/#primaryimage","url":"https:\/\/patagoniambiental.com.ar\/info\/wp-content\/uploads\/2024\/10\/sin-titulo-12.jpg","contentUrl":"https:\/\/patagoniambiental.com.ar\/info\/wp-content\/uploads\/2024\/10\/sin-titulo-12.jpg","width":800,"height":423},{"@type":"BreadcrumbList","@id":"https:\/\/patagoniambiental.com.ar\/info\/avanza-el-financiamiento-para-la-gestion-sostenible-de-residuos-en-el-alto-valle\/#breadcrumb","itemListElement":[{"@type":"ListItem","position":1,"name":"Inicio","item":"https:\/\/patagoniambiental.com.ar\/info\/"},{"@type":"ListItem","position":2,"name":"Avanza el financiamiento para la gesti\u00f3n sostenible de residuos en el Alto Valle"}]},{"@type":"WebSite","@id":"https:\/\/patagoniambiental.com.ar\/info\/#website","url":"https:\/\/patagoniambiental.com.ar\/info\/","name":"Patagonia Ambiental","description":"Monitoreo y an\u00e1lisis de la situaci\u00f3n geopol\u00edtica en el mundo y su implicancia en la Patagonia","publisher":{"@id":"https:\/\/patagoniambiental.com.ar\/info\/#organization"},"potentialAction":[{"@type":"SearchAction","target":{"@type":"EntryPoint","urlTemplate":"https:\/\/patagoniambiental.com.ar\/info\/?s={search_term_string}"},"query-input":{"@type":"PropertyValueSpecification","valueRequired":true,"valueName":"search_term_string"}}],"inLanguage":"es"},{"@type":"Organization","@id":"https:\/\/patagoniambiental.com.ar\/info\/#organization","name":"Patagonia Ambiental","url":"https:\/\/patagoniambiental.com.ar\/info\/","logo":{"@type":"ImageObject","inLanguage":"es","@id":"https:\/\/patagoniambiental.com.ar\/info\/#\/schema\/logo\/image\/","url":"https:\/\/patagoniambiental.com.ar\/info\/wp-content\/uploads\/2025\/05\/LOGO-PATAGONIA-AMBIENTAL.png","contentUrl":"https:\/\/patagoniambiental.com.ar\/info\/wp-content\/uploads\/2025\/05\/LOGO-PATAGONIA-AMBIENTAL.png","width":433,"height":250,"caption":"Patagonia Ambiental"},"image":{"@id":"https:\/\/patagoniambiental.com.ar\/info\/#\/schema\/logo\/image\/"},"sameAs":["https:\/\/www.facebook.com\/patagonia.ambiental","https:\/\/x.com\/PatAmb"]},{"@type":"Person","@id":"https:\/\/patagoniambiental.com.ar\/info\/#\/schema\/person\/db12bff64bbcbf6a253710bf0ea37b5d","name":"Patagonia Ambiental","description":"Andr\u00e9s Nievas T\u00e9cnico en manejo ambiental, consultor Ambiental y escritor para medios locales e internacionales sobre temas de geopolitica y medio ambiente.","sameAs":["http:\/\/www.patagoniambiental.com.ar","https:\/\/www.facebook.com\/share\/1C1V8Gv9BX\/?mibextid=qi2Omg","@patagoniambiental","https:\/\/youtube.com\/@patagoniaambiental2023?si=BLt58t0wuXquxlYZ"]}]}},"_links":{"self":[{"href":"https:\/\/patagoniambiental.com.ar\/info\/wp-json\/wp\/v2\/posts\/91160","targetHints":{"allow":["GET"]}}],"collection":[{"href":"https:\/\/patagoniambiental.com.ar\/info\/wp-json\/wp\/v2\/posts"}],"about":[{"href":"https:\/\/patagoniambiental.com.ar\/info\/wp-json\/wp\/v2\/types\/post"}],"author":[{"embeddable":true,"href":"https:\/\/patagoniambiental.com.ar\/info\/wp-json\/wp\/v2\/users\/2"}],"replies":[{"embeddable":true,"href":"https:\/\/patagoniambiental.com.ar\/info\/wp-json\/wp\/v2\/comments?post=91160"}],"version-history":[{"count":0,"href":"https:\/\/patagoniambiental.com.ar\/info\/wp-json\/wp\/v2\/posts\/91160\/revisions"}],"wp:featuredmedia":[{"embeddable":true,"href":"https:\/\/patagoniambiental.com.ar\/info\/wp-json\/wp\/v2\/media\/91161"}],"wp:attachment":[{"href":"https:\/\/patagoniambiental.com.ar\/info\/wp-json\/wp\/v2\/media?parent=91160"}],"wp:term":[{"taxonomy":"category","embeddable":true,"href":"https:\/\/patagoniambiental.com.ar\/info\/wp-json\/wp\/v2\/categories?post=91160"},{"taxonomy":"post_tag","embeddable":true,"href":"https:\/\/patagoniambiental.com.ar\/info\/wp-json\/wp\/v2\/tags?post=91160"}],"curies":[{"name":"wp","href":"https:\/\/api.w.org\/{rel}","templated":true}]}}