{"id":91242,"date":"2024-10-17T12:18:11","date_gmt":"2024-10-17T15:18:11","guid":{"rendered":"https:\/\/patagoniambiental.com.ar\/info\/?p=91242"},"modified":"2025-05-04T16:50:11","modified_gmt":"2025-05-04T19:50:11","slug":"viedma-promueve-el-uso-de-bolsas-de-tela-en-la-feria-municipal","status":"publish","type":"post","link":"https:\/\/patagoniambiental.com.ar\/info\/viedma-promueve-el-uso-de-bolsas-de-tela-en-la-feria-municipal\/","title":{"rendered":"Viedma promueve el uso de bolsas de tela en la feria municipal"},"content":{"rendered":"\n<!--more-->\n\n\n\n<p>Viedma (R\u00edo Negro), 17 de octubre de 2024. La<a href=\"https:\/\/viedma.gob.ar\/\"> Municipalidad de Viedma<\/a> ha lanzado una iniciativa destacada en su Feria Municipal, que se celebra cada martes y s\u00e1bado, invitando a la comunidad a adoptar pr\u00e1cticas m\u00e1s sostenibles mediante el uso de bolsas de tela y carritos de compras. Esta campa\u00f1a forma parte de un esfuerzo mayor para reducir el uso de pl\u00e1sticos en la ciudad, aline\u00e1ndose con la ordenanza municipal 6703, que establece el reemplazo de bolsas pl\u00e1sticas por alternativas m\u00e1s ecol\u00f3gicas en todos los comercios, tanto mayoristas como minoristas.<\/p>\n\n\n\n<figure class=\"wp-block-image size-full\"><img decoding=\"async\" width=\"157\" height=\"287\" src=\"https:\/\/patagoniambiental.com.ar\/info\/wp-content\/uploads\/2024\/10\/sin-titulo-16.jpg\" alt=\"\" class=\"wp-image-91244\"\/><\/figure>\n\n\n\n<p>La implementaci\u00f3n de esta normativa responde a una creciente preocupaci\u00f3n por el impacto ambiental que generan los residuos pl\u00e1sticos, que contribuyen a la contaminaci\u00f3n de los espacios naturales y urbanos. El uso de bolsas de tela no solo ayuda a minimizar la cantidad de desechos que terminan en vertederos y oc\u00e9anos, sino que tambi\u00e9n promueve un estilo de vida m\u00e1s consciente y responsable. Al adoptar esta medida, Viedma se posiciona como una ciudad comprometida con el cuidado del medio ambiente y la sostenibilidad.<\/p>\n\n\n\n<p><a href=\"https:\/\/patagoniambiental.com.ar\/info\/habitos-para-llevar-una-vida-mas-sustentable-con-el-medio-ambiente-en-viedma\/\">Noticia relacionada: \u00bfVivis en Viedma? no dejes de poner en practica estos h\u00e1bitos ecologicos<\/a><\/p>\n\n\n\n<p>Para fomentar esta pr\u00e1ctica entre los ciudadanos, la Municipalidad, en colaboraci\u00f3n con la Comisi\u00f3n de la Feria Municipal, ha dise\u00f1ado diversas acciones. Una de las iniciativas m\u00e1s destacadas es la venta de bolsas de tela durante los d\u00edas de la feria, lo que facilitar\u00e1 a los compradores la adopci\u00f3n de esta medida. Al ofrecer estas alternativas accesibles, se busca que m\u00e1s personas se sumen a la iniciativa y adopten un estilo de vida m\u00e1s amigable con el planeta.<\/p>\n\n\n\n<p>Adem\u00e1s, la campa\u00f1a no solo se limita a la promoci\u00f3n de las bolsas de tela; tambi\u00e9n se prev\u00e9 la realizaci\u00f3n de actividades educativas y talleres informativos en la feria. Estos espacios ofrecer\u00e1n a los asistentes la oportunidad de aprender m\u00e1s sobre la importancia de reducir el uso de pl\u00e1sticos, as\u00ed como sobre otras pr\u00e1cticas sostenibles que pueden incorporar en su d\u00eda a d\u00eda. La educaci\u00f3n juega un papel fundamental en el cambio de h\u00e1bitos, y la Municipalidad de Viedma busca empoderar a la comunidad para que se conviertan en agentes de cambio en la lucha contra la contaminaci\u00f3n.<\/p>\n\n\n\n<p>El impacto positivo de esta iniciativa puede ser significativo. Al reducir el uso de bolsas pl\u00e1sticas, Viedma no solo mejora su entorno local, sino que tambi\u00e9n contribuye a la protecci\u00f3n de ecosistemas m\u00e1s amplios. Las bolsas de pl\u00e1stico son conocidas por su resistencia y, a menudo, terminan en nuestros oc\u00e9anos, donde pueden causar graves da\u00f1os a la fauna marina. Con la promoci\u00f3n de alternativas reutilizables, se espera que la comunidad tome conciencia de su papel en la protecci\u00f3n del medio ambiente.<\/p>\n\n\n\n<p>La respuesta de la comunidad a esta campa\u00f1a ha sido positiva hasta el momento, con un n\u00famero creciente de personas que ya utilizan bolsas de tela en sus compras. Sin embargo, el desaf\u00edo contin\u00faa, y la Municipalidad de Viedma reafirma su compromiso de seguir impulsando acciones que fomenten la sostenibilidad y la reducci\u00f3n de residuos.<\/p>\n\n\n\n<p>En conclusi\u00f3n, la promoci\u00f3n del uso de bolsas de tela en la Feria Municipal de Viedma es un paso significativo hacia un futuro m\u00e1s sostenible. A medida que m\u00e1s ciudadanos se sumen a esta iniciativa, la ciudad avanzar\u00e1 hacia la construcci\u00f3n de un entorno m\u00e1s limpio y saludable, mostrando que peque\u00f1os cambios en el d\u00eda a d\u00eda pueden tener un gran impacto en el bienestar del planeta. La invitaci\u00f3n est\u00e1 hecha: cada vez que visites la feria, lleva tu bolsa de tela y contribuye a cuidar el medio ambiente.<\/p>\n\n\n\n<p><\/p>\n","protected":false},"excerpt":{"rendered":"","protected":false},"author":2,"featured_media":91243,"comment_status":"open","ping_status":"open","sticky":false,"template":"","format":"standard","meta":{"site-sidebar-layout":"default","site-content-layout":"","ast-site-content-layout":"default","site-content-style":"default","site-sidebar-style":"default","ast-global-header-display":"","ast-banner-title-visibility":"","ast-main-header-display":"","ast-hfb-above-header-display":"","ast-hfb-below-header-display":"","ast-hfb-mobile-header-display":"","site-post-title":"","ast-breadcrumbs-content":"","ast-featured-img":"","footer-sml-layout":"","ast-disable-related-posts":"","theme-transparent-header-meta":"","adv-header-id-meta":"","stick-header-meta":"","header-above-stick-meta":"","header-main-stick-meta":"","header-below-stick-meta":"","astra-migrate-meta-layouts":"default","ast-page-background-enabled":"default","ast-page-background-meta":{"desktop":{"background-color":"var(--ast-global-color-5)","background-image":"","background-repeat":"repeat","background-position":"center center","background-size":"auto","background-attachment":"scroll","background-type":"","background-media":"","overlay-type":"","overlay-color":"","overlay-opacity":"","overlay-gradient":""},"tablet":{"background-color":"","background-image":"","background-repeat":"repeat","background-position":"center center","background-size":"auto","background-attachment":"scroll","background-type":"","background-media":"","overlay-type":"","overlay-color":"","overlay-opacity":"","overlay-gradient":""},"mobile":{"background-color":"","background-image":"","background-repeat":"repeat","background-position":"center center","background-size":"auto","background-attachment":"scroll","background-type":"","background-media":"","overlay-type":"","overlay-color":"","overlay-opacity":"","overlay-gradient":""}},"ast-content-background-meta":{"desktop":{"background-color":"var(--ast-global-color-4)","background-image":"","background-repeat":"repeat","background-position":"center center","background-size":"auto","background-attachment":"scroll","background-type":"","background-media":"","overlay-type":"","overlay-color":"","overlay-opacity":"","overlay-gradient":""},"tablet":{"background-color":"var(--ast-global-color-4)","background-image":"","background-repeat":"repeat","background-position":"center center","background-size":"auto","background-attachment":"scroll","background-type":"","background-media":"","overlay-type":"","overlay-color":"","overlay-opacity":"","overlay-gradient":""},"mobile":{"background-color":"var(--ast-global-color-4)","background-image":"","background-repeat":"repeat","background-position":"center center","background-size":"auto","background-attachment":"scroll","background-type":"","background-media":"","overlay-type":"","overlay-color":"","overlay-opacity":"","overlay-gradient":""}},"footnotes":""},"categories":[16,1],"tags":[],"class_list":["post-91242","post","type-post","status-publish","format-standard","has-post-thumbnail","hentry","category-municipales","category-noticias"],"yoast_head":"<!-- This site is optimized with the Yoast SEO Premium plugin v23.0 (Yoast SEO v27.5) - https:\/\/yoast.com\/product\/yoast-seo-premium-wordpress\/ -->\n<title>Viedma promueve el uso de bolsas de tela en la feria municipal<\/title>\n<meta name=\"description\" content=\"La Municipalidad de Viedma ha lanzado una iniciativa destacada en su Feria Municipal, que se celebra cada martes y s\u00e1bado,\" \/>\n<meta name=\"robots\" content=\"index, follow, max-snippet:-1, max-image-preview:large, max-video-preview:-1\" \/>\n<link rel=\"canonical\" href=\"https:\/\/patagoniambiental.com.ar\/info\/viedma-promueve-el-uso-de-bolsas-de-tela-en-la-feria-municipal\/\" \/>\n<meta property=\"og:locale\" content=\"es_ES\" \/>\n<meta property=\"og:type\" content=\"article\" \/>\n<meta property=\"og:title\" content=\"Viedma promueve el uso de bolsas de tela en la feria municipal\" \/>\n<meta property=\"og:description\" content=\"La Municipalidad de Viedma ha lanzado una iniciativa destacada en su Feria Municipal, que se celebra cada martes y s\u00e1bado,\" \/>\n<meta property=\"og:url\" content=\"https:\/\/patagoniambiental.com.ar\/info\/viedma-promueve-el-uso-de-bolsas-de-tela-en-la-feria-municipal\/\" \/>\n<meta property=\"og:site_name\" content=\"Patagonia Ambiental\" \/>\n<meta property=\"article:publisher\" content=\"https:\/\/www.facebook.com\/patagonia.ambiental\" \/>\n<meta property=\"article:author\" content=\"https:\/\/www.facebook.com\/share\/1C1V8Gv9BX\/?mibextid=qi2Omg\" \/>\n<meta property=\"article:published_time\" content=\"2024-10-17T15:18:11+00:00\" \/>\n<meta property=\"article:modified_time\" content=\"2025-05-04T19:50:11+00:00\" \/>\n<meta property=\"og:image\" content=\"https:\/\/patagoniambiental.com.ar\/info\/wp-content\/uploads\/2024\/10\/bolsas-2.jpg\" \/>\n\t<meta property=\"og:image:width\" content=\"976\" \/>\n\t<meta property=\"og:image:height\" content=\"549\" \/>\n\t<meta property=\"og:image:type\" content=\"image\/jpeg\" \/>\n<meta name=\"author\" content=\"Patagonia Ambiental\" \/>\n<meta name=\"twitter:card\" content=\"summary_large_image\" \/>\n<meta name=\"twitter:creator\" content=\"@PatAmb\" \/>\n<meta name=\"twitter:site\" content=\"@PatAmb\" \/>\n<script type=\"application\/ld+json\" class=\"yoast-schema-graph\">{\"@context\":\"https:\\\/\\\/schema.org\",\"@graph\":[{\"@type\":\"Article\",\"@id\":\"https:\\\/\\\/patagoniambiental.com.ar\\\/info\\\/viedma-promueve-el-uso-de-bolsas-de-tela-en-la-feria-municipal\\\/#article\",\"isPartOf\":{\"@id\":\"https:\\\/\\\/patagoniambiental.com.ar\\\/info\\\/viedma-promueve-el-uso-de-bolsas-de-tela-en-la-feria-municipal\\\/\"},\"author\":{\"name\":\"Patagonia Ambiental\",\"@id\":\"https:\\\/\\\/patagoniambiental.com.ar\\\/info\\\/#\\\/schema\\\/person\\\/db12bff64bbcbf6a253710bf0ea37b5d\"},\"headline\":\"Viedma promueve el uso de bolsas de tela en la feria municipal\",\"datePublished\":\"2024-10-17T15:18:11+00:00\",\"dateModified\":\"2025-05-04T19:50:11+00:00\",\"mainEntityOfPage\":{\"@id\":\"https:\\\/\\\/patagoniambiental.com.ar\\\/info\\\/viedma-promueve-el-uso-de-bolsas-de-tela-en-la-feria-municipal\\\/\"},\"wordCount\":662,\"commentCount\":0,\"publisher\":{\"@id\":\"https:\\\/\\\/patagoniambiental.com.ar\\\/info\\\/#organization\"},\"image\":{\"@id\":\"https:\\\/\\\/patagoniambiental.com.ar\\\/info\\\/viedma-promueve-el-uso-de-bolsas-de-tela-en-la-feria-municipal\\\/#primaryimage\"},\"thumbnailUrl\":\"https:\\\/\\\/patagoniambiental.com.ar\\\/info\\\/wp-content\\\/uploads\\\/2024\\\/10\\\/bolsas-2.jpg\",\"articleSection\":[\"Municipales\",\"Noticias\"],\"inLanguage\":\"es\",\"potentialAction\":[{\"@type\":\"CommentAction\",\"name\":\"Comment\",\"target\":[\"https:\\\/\\\/patagoniambiental.com.ar\\\/info\\\/viedma-promueve-el-uso-de-bolsas-de-tela-en-la-feria-municipal\\\/#respond\"]}]},{\"@type\":\"WebPage\",\"@id\":\"https:\\\/\\\/patagoniambiental.com.ar\\\/info\\\/viedma-promueve-el-uso-de-bolsas-de-tela-en-la-feria-municipal\\\/\",\"url\":\"https:\\\/\\\/patagoniambiental.com.ar\\\/info\\\/viedma-promueve-el-uso-de-bolsas-de-tela-en-la-feria-municipal\\\/\",\"name\":\"Viedma promueve el uso de bolsas de tela en la feria municipal\",\"isPartOf\":{\"@id\":\"https:\\\/\\\/patagoniambiental.com.ar\\\/info\\\/#website\"},\"primaryImageOfPage\":{\"@id\":\"https:\\\/\\\/patagoniambiental.com.ar\\\/info\\\/viedma-promueve-el-uso-de-bolsas-de-tela-en-la-feria-municipal\\\/#primaryimage\"},\"image\":{\"@id\":\"https:\\\/\\\/patagoniambiental.com.ar\\\/info\\\/viedma-promueve-el-uso-de-bolsas-de-tela-en-la-feria-municipal\\\/#primaryimage\"},\"thumbnailUrl\":\"https:\\\/\\\/patagoniambiental.com.ar\\\/info\\\/wp-content\\\/uploads\\\/2024\\\/10\\\/bolsas-2.jpg\",\"datePublished\":\"2024-10-17T15:18:11+00:00\",\"dateModified\":\"2025-05-04T19:50:11+00:00\",\"description\":\"La Municipalidad de Viedma ha lanzado una iniciativa destacada en su Feria Municipal, que se celebra cada martes y s\u00e1bado,\",\"breadcrumb\":{\"@id\":\"https:\\\/\\\/patagoniambiental.com.ar\\\/info\\\/viedma-promueve-el-uso-de-bolsas-de-tela-en-la-feria-municipal\\\/#breadcrumb\"},\"inLanguage\":\"es\",\"potentialAction\":[{\"@type\":\"ReadAction\",\"target\":[\"https:\\\/\\\/patagoniambiental.com.ar\\\/info\\\/viedma-promueve-el-uso-de-bolsas-de-tela-en-la-feria-municipal\\\/\"]}]},{\"@type\":\"ImageObject\",\"inLanguage\":\"es\",\"@id\":\"https:\\\/\\\/patagoniambiental.com.ar\\\/info\\\/viedma-promueve-el-uso-de-bolsas-de-tela-en-la-feria-municipal\\\/#primaryimage\",\"url\":\"https:\\\/\\\/patagoniambiental.com.ar\\\/info\\\/wp-content\\\/uploads\\\/2024\\\/10\\\/bolsas-2.jpg\",\"contentUrl\":\"https:\\\/\\\/patagoniambiental.com.ar\\\/info\\\/wp-content\\\/uploads\\\/2024\\\/10\\\/bolsas-2.jpg\",\"width\":976,\"height\":549},{\"@type\":\"BreadcrumbList\",\"@id\":\"https:\\\/\\\/patagoniambiental.com.ar\\\/info\\\/viedma-promueve-el-uso-de-bolsas-de-tela-en-la-feria-municipal\\\/#breadcrumb\",\"itemListElement\":[{\"@type\":\"ListItem\",\"position\":1,\"name\":\"Inicio\",\"item\":\"https:\\\/\\\/patagoniambiental.com.ar\\\/info\\\/\"},{\"@type\":\"ListItem\",\"position\":2,\"name\":\"Viedma promueve el uso de bolsas de tela en la feria municipal\"}]},{\"@type\":\"WebSite\",\"@id\":\"https:\\\/\\\/patagoniambiental.com.ar\\\/info\\\/#website\",\"url\":\"https:\\\/\\\/patagoniambiental.com.ar\\\/info\\\/\",\"name\":\"Patagonia Ambiental\",\"description\":\"Monitoreo y an\u00e1lisis de la situaci\u00f3n geopol\u00edtica en el mundo y su implicancia en la Patagonia\",\"publisher\":{\"@id\":\"https:\\\/\\\/patagoniambiental.com.ar\\\/info\\\/#organization\"},\"potentialAction\":[{\"@type\":\"SearchAction\",\"target\":{\"@type\":\"EntryPoint\",\"urlTemplate\":\"https:\\\/\\\/patagoniambiental.com.ar\\\/info\\\/?s={search_term_string}\"},\"query-input\":{\"@type\":\"PropertyValueSpecification\",\"valueRequired\":true,\"valueName\":\"search_term_string\"}}],\"inLanguage\":\"es\"},{\"@type\":\"Organization\",\"@id\":\"https:\\\/\\\/patagoniambiental.com.ar\\\/info\\\/#organization\",\"name\":\"Patagonia Ambiental\",\"url\":\"https:\\\/\\\/patagoniambiental.com.ar\\\/info\\\/\",\"logo\":{\"@type\":\"ImageObject\",\"inLanguage\":\"es\",\"@id\":\"https:\\\/\\\/patagoniambiental.com.ar\\\/info\\\/#\\\/schema\\\/logo\\\/image\\\/\",\"url\":\"https:\\\/\\\/patagoniambiental.com.ar\\\/info\\\/wp-content\\\/uploads\\\/2025\\\/05\\\/LOGO-PATAGONIA-AMBIENTAL.png\",\"contentUrl\":\"https:\\\/\\\/patagoniambiental.com.ar\\\/info\\\/wp-content\\\/uploads\\\/2025\\\/05\\\/LOGO-PATAGONIA-AMBIENTAL.png\",\"width\":433,\"height\":250,\"caption\":\"Patagonia Ambiental\"},\"image\":{\"@id\":\"https:\\\/\\\/patagoniambiental.com.ar\\\/info\\\/#\\\/schema\\\/logo\\\/image\\\/\"},\"sameAs\":[\"https:\\\/\\\/www.facebook.com\\\/patagonia.ambiental\",\"https:\\\/\\\/x.com\\\/PatAmb\"]},{\"@type\":\"Person\",\"@id\":\"https:\\\/\\\/patagoniambiental.com.ar\\\/info\\\/#\\\/schema\\\/person\\\/db12bff64bbcbf6a253710bf0ea37b5d\",\"name\":\"Patagonia Ambiental\",\"description\":\"Andr\u00e9s Nievas T\u00e9cnico en manejo ambiental, consultor Ambiental y escritor para medios locales e internacionales sobre temas de geopolitica y medio ambiente.\",\"sameAs\":[\"http:\\\/\\\/www.patagoniambiental.com.ar\",\"https:\\\/\\\/www.facebook.com\\\/share\\\/1C1V8Gv9BX\\\/?mibextid=qi2Omg\",\"@patagoniambiental\",\"https:\\\/\\\/youtube.com\\\/@patagoniaambiental2023?si=BLt58t0wuXquxlYZ\"]}]}<\/script>\n<!-- \/ Yoast SEO Premium plugin. -->","yoast_head_json":{"title":"Viedma promueve el uso de bolsas de tela en la feria municipal","description":"La Municipalidad de Viedma ha lanzado una iniciativa destacada en su Feria Municipal, que se celebra cada martes y s\u00e1bado,","robots":{"index":"index","follow":"follow","max-snippet":"max-snippet:-1","max-image-preview":"max-image-preview:large","max-video-preview":"max-video-preview:-1"},"canonical":"https:\/\/patagoniambiental.com.ar\/info\/viedma-promueve-el-uso-de-bolsas-de-tela-en-la-feria-municipal\/","og_locale":"es_ES","og_type":"article","og_title":"Viedma promueve el uso de bolsas de tela en la feria municipal","og_description":"La Municipalidad de Viedma ha lanzado una iniciativa destacada en su Feria Municipal, que se celebra cada martes y s\u00e1bado,","og_url":"https:\/\/patagoniambiental.com.ar\/info\/viedma-promueve-el-uso-de-bolsas-de-tela-en-la-feria-municipal\/","og_site_name":"Patagonia Ambiental","article_publisher":"https:\/\/www.facebook.com\/patagonia.ambiental","article_author":"https:\/\/www.facebook.com\/share\/1C1V8Gv9BX\/?mibextid=qi2Omg","article_published_time":"2024-10-17T15:18:11+00:00","article_modified_time":"2025-05-04T19:50:11+00:00","og_image":[{"width":976,"height":549,"url":"https:\/\/patagoniambiental.com.ar\/info\/wp-content\/uploads\/2024\/10\/bolsas-2.jpg","type":"image\/jpeg"}],"author":"Patagonia Ambiental","twitter_card":"summary_large_image","twitter_creator":"@PatAmb","twitter_site":"@PatAmb","schema":{"@context":"https:\/\/schema.org","@graph":[{"@type":"Article","@id":"https:\/\/patagoniambiental.com.ar\/info\/viedma-promueve-el-uso-de-bolsas-de-tela-en-la-feria-municipal\/#article","isPartOf":{"@id":"https:\/\/patagoniambiental.com.ar\/info\/viedma-promueve-el-uso-de-bolsas-de-tela-en-la-feria-municipal\/"},"author":{"name":"Patagonia Ambiental","@id":"https:\/\/patagoniambiental.com.ar\/info\/#\/schema\/person\/db12bff64bbcbf6a253710bf0ea37b5d"},"headline":"Viedma promueve el uso de bolsas de tela en la feria municipal","datePublished":"2024-10-17T15:18:11+00:00","dateModified":"2025-05-04T19:50:11+00:00","mainEntityOfPage":{"@id":"https:\/\/patagoniambiental.com.ar\/info\/viedma-promueve-el-uso-de-bolsas-de-tela-en-la-feria-municipal\/"},"wordCount":662,"commentCount":0,"publisher":{"@id":"https:\/\/patagoniambiental.com.ar\/info\/#organization"},"image":{"@id":"https:\/\/patagoniambiental.com.ar\/info\/viedma-promueve-el-uso-de-bolsas-de-tela-en-la-feria-municipal\/#primaryimage"},"thumbnailUrl":"https:\/\/patagoniambiental.com.ar\/info\/wp-content\/uploads\/2024\/10\/bolsas-2.jpg","articleSection":["Municipales","Noticias"],"inLanguage":"es","potentialAction":[{"@type":"CommentAction","name":"Comment","target":["https:\/\/patagoniambiental.com.ar\/info\/viedma-promueve-el-uso-de-bolsas-de-tela-en-la-feria-municipal\/#respond"]}]},{"@type":"WebPage","@id":"https:\/\/patagoniambiental.com.ar\/info\/viedma-promueve-el-uso-de-bolsas-de-tela-en-la-feria-municipal\/","url":"https:\/\/patagoniambiental.com.ar\/info\/viedma-promueve-el-uso-de-bolsas-de-tela-en-la-feria-municipal\/","name":"Viedma promueve el uso de bolsas de tela en la feria municipal","isPartOf":{"@id":"https:\/\/patagoniambiental.com.ar\/info\/#website"},"primaryImageOfPage":{"@id":"https:\/\/patagoniambiental.com.ar\/info\/viedma-promueve-el-uso-de-bolsas-de-tela-en-la-feria-municipal\/#primaryimage"},"image":{"@id":"https:\/\/patagoniambiental.com.ar\/info\/viedma-promueve-el-uso-de-bolsas-de-tela-en-la-feria-municipal\/#primaryimage"},"thumbnailUrl":"https:\/\/patagoniambiental.com.ar\/info\/wp-content\/uploads\/2024\/10\/bolsas-2.jpg","datePublished":"2024-10-17T15:18:11+00:00","dateModified":"2025-05-04T19:50:11+00:00","description":"La Municipalidad de Viedma ha lanzado una iniciativa destacada en su Feria Municipal, que se celebra cada martes y s\u00e1bado,","breadcrumb":{"@id":"https:\/\/patagoniambiental.com.ar\/info\/viedma-promueve-el-uso-de-bolsas-de-tela-en-la-feria-municipal\/#breadcrumb"},"inLanguage":"es","potentialAction":[{"@type":"ReadAction","target":["https:\/\/patagoniambiental.com.ar\/info\/viedma-promueve-el-uso-de-bolsas-de-tela-en-la-feria-municipal\/"]}]},{"@type":"ImageObject","inLanguage":"es","@id":"https:\/\/patagoniambiental.com.ar\/info\/viedma-promueve-el-uso-de-bolsas-de-tela-en-la-feria-municipal\/#primaryimage","url":"https:\/\/patagoniambiental.com.ar\/info\/wp-content\/uploads\/2024\/10\/bolsas-2.jpg","contentUrl":"https:\/\/patagoniambiental.com.ar\/info\/wp-content\/uploads\/2024\/10\/bolsas-2.jpg","width":976,"height":549},{"@type":"BreadcrumbList","@id":"https:\/\/patagoniambiental.com.ar\/info\/viedma-promueve-el-uso-de-bolsas-de-tela-en-la-feria-municipal\/#breadcrumb","itemListElement":[{"@type":"ListItem","position":1,"name":"Inicio","item":"https:\/\/patagoniambiental.com.ar\/info\/"},{"@type":"ListItem","position":2,"name":"Viedma promueve el uso de bolsas de tela en la feria municipal"}]},{"@type":"WebSite","@id":"https:\/\/patagoniambiental.com.ar\/info\/#website","url":"https:\/\/patagoniambiental.com.ar\/info\/","name":"Patagonia Ambiental","description":"Monitoreo y an\u00e1lisis de la situaci\u00f3n geopol\u00edtica en el mundo y su implicancia en la Patagonia","publisher":{"@id":"https:\/\/patagoniambiental.com.ar\/info\/#organization"},"potentialAction":[{"@type":"SearchAction","target":{"@type":"EntryPoint","urlTemplate":"https:\/\/patagoniambiental.com.ar\/info\/?s={search_term_string}"},"query-input":{"@type":"PropertyValueSpecification","valueRequired":true,"valueName":"search_term_string"}}],"inLanguage":"es"},{"@type":"Organization","@id":"https:\/\/patagoniambiental.com.ar\/info\/#organization","name":"Patagonia Ambiental","url":"https:\/\/patagoniambiental.com.ar\/info\/","logo":{"@type":"ImageObject","inLanguage":"es","@id":"https:\/\/patagoniambiental.com.ar\/info\/#\/schema\/logo\/image\/","url":"https:\/\/patagoniambiental.com.ar\/info\/wp-content\/uploads\/2025\/05\/LOGO-PATAGONIA-AMBIENTAL.png","contentUrl":"https:\/\/patagoniambiental.com.ar\/info\/wp-content\/uploads\/2025\/05\/LOGO-PATAGONIA-AMBIENTAL.png","width":433,"height":250,"caption":"Patagonia Ambiental"},"image":{"@id":"https:\/\/patagoniambiental.com.ar\/info\/#\/schema\/logo\/image\/"},"sameAs":["https:\/\/www.facebook.com\/patagonia.ambiental","https:\/\/x.com\/PatAmb"]},{"@type":"Person","@id":"https:\/\/patagoniambiental.com.ar\/info\/#\/schema\/person\/db12bff64bbcbf6a253710bf0ea37b5d","name":"Patagonia Ambiental","description":"Andr\u00e9s Nievas T\u00e9cnico en manejo ambiental, consultor Ambiental y escritor para medios locales e internacionales sobre temas de geopolitica y medio ambiente.","sameAs":["http:\/\/www.patagoniambiental.com.ar","https:\/\/www.facebook.com\/share\/1C1V8Gv9BX\/?mibextid=qi2Omg","@patagoniambiental","https:\/\/youtube.com\/@patagoniaambiental2023?si=BLt58t0wuXquxlYZ"]}]}},"_links":{"self":[{"href":"https:\/\/patagoniambiental.com.ar\/info\/wp-json\/wp\/v2\/posts\/91242","targetHints":{"allow":["GET"]}}],"collection":[{"href":"https:\/\/patagoniambiental.com.ar\/info\/wp-json\/wp\/v2\/posts"}],"about":[{"href":"https:\/\/patagoniambiental.com.ar\/info\/wp-json\/wp\/v2\/types\/post"}],"author":[{"embeddable":true,"href":"https:\/\/patagoniambiental.com.ar\/info\/wp-json\/wp\/v2\/users\/2"}],"replies":[{"embeddable":true,"href":"https:\/\/patagoniambiental.com.ar\/info\/wp-json\/wp\/v2\/comments?post=91242"}],"version-history":[{"count":0,"href":"https:\/\/patagoniambiental.com.ar\/info\/wp-json\/wp\/v2\/posts\/91242\/revisions"}],"wp:featuredmedia":[{"embeddable":true,"href":"https:\/\/patagoniambiental.com.ar\/info\/wp-json\/wp\/v2\/media\/91243"}],"wp:attachment":[{"href":"https:\/\/patagoniambiental.com.ar\/info\/wp-json\/wp\/v2\/media?parent=91242"}],"wp:term":[{"taxonomy":"category","embeddable":true,"href":"https:\/\/patagoniambiental.com.ar\/info\/wp-json\/wp\/v2\/categories?post=91242"},{"taxonomy":"post_tag","embeddable":true,"href":"https:\/\/patagoniambiental.com.ar\/info\/wp-json\/wp\/v2\/tags?post=91242"}],"curies":[{"name":"wp","href":"https:\/\/api.w.org\/{rel}","templated":true}]}}