{"id":91294,"date":"2024-10-18T15:39:51","date_gmt":"2024-10-18T18:39:51","guid":{"rendered":"https:\/\/patagoniambiental.com.ar\/info\/?p=91294"},"modified":"2025-05-04T16:44:36","modified_gmt":"2025-05-04T19:44:36","slug":"proyecto-para-reabrir-el-tren-trasandino-un-nuevo-vinculo-entre-argentina-y-chile","status":"publish","type":"post","link":"https:\/\/patagoniambiental.com.ar\/info\/proyecto-para-reabrir-el-tren-trasandino-un-nuevo-vinculo-entre-argentina-y-chile\/","title":{"rendered":"Proyecto para reabrir el tren trasandino: un nuevo v\u00ednculo entre Argentina y Chile"},"content":{"rendered":"\n<!--more-->\n\n\n\n<p>Neuqu\u00e9n, 18 de octubre de 2024. Despu\u00e9s de m\u00e1s de 40 a\u00f1os de inactividad, un ambicioso plan busca reactivar el Ferrocarril Trasandino Sur, una idea que se remonta a 1889 y que podr\u00eda ser crucial para el desarrollo de la regi\u00f3n de Vaca Muerta. Este proyecto pretende conectar Concepci\u00f3n, Chile, con la l\u00ednea ferroviaria que une Bah\u00eda Blanca, Neuqu\u00e9n y Zapala.<\/p>\n\n\n\n<p>Recientemente, funcionarios de ambos pa\u00edses han reavivado la propuesta, coincidiendo con la Feria Oil &amp; Gas en Neuqu\u00e9n del 23 al 25 de octubre. Una comitiva chilena, encabezada por el ministro de Econom\u00eda, Nicol\u00e1s Grau, se reunir\u00e1 con representantes argentinos para discutir un \u00absistema bimodal de transporte\u00bb que incluya el tren.<\/p>\n\n\n\n<p>El plan se desarrollar\u00e1 en dos etapas. La primera se enfocar\u00e1 en transportar mercanc\u00edas entre los dos sistemas ferroviarios, mientras que la segunda busca establecer un cruce directo a trav\u00e9s de la cordillera. Oscar Ferrel, jefe de la Divisi\u00f3n de Infraestructura y Transporte de Chile, destac\u00f3 la importancia de una estaci\u00f3n de transferencia que optimice la log\u00edstica entre ambos lados.<\/p>\n\n\n\n<p>Sin embargo, para que el proyecto avance, Argentina deber\u00e1 realizar importantes inversiones en infraestructura, como la modernizaci\u00f3n de las v\u00edas entre Neuqu\u00e9n y Zapala, con un costo estimado de 400 millones de d\u00f3lares.<\/p>\n\n\n\n<p>Este esfuerzo busca recuperar la conexi\u00f3n ferroviaria que una vez uni\u00f3 Mendoza y Los Andes, cerrada desde 1984 debido a conflictos diplom\u00e1ticos. La reactivaci\u00f3n del tren no solo fortalecer\u00eda la integraci\u00f3n comercial, sino que tambi\u00e9n revitalizar\u00eda un medio de transporte fundamental para la regi\u00f3n. El futuro del Ferrocarril Trasandino Sur a\u00fan es incierto, pero las reuniones y planes actuales marcan un paso importante hacia su posible realizaci\u00f3n.<\/p>\n","protected":false},"excerpt":{"rendered":"","protected":false},"author":2,"featured_media":91295,"comment_status":"open","ping_status":"open","sticky":false,"template":"","format":"standard","meta":{"site-sidebar-layout":"default","site-content-layout":"","ast-site-content-layout":"default","site-content-style":"default","site-sidebar-style":"default","ast-global-header-display":"","ast-banner-title-visibility":"","ast-main-header-display":"","ast-hfb-above-header-display":"","ast-hfb-below-header-display":"","ast-hfb-mobile-header-display":"","site-post-title":"","ast-breadcrumbs-content":"","ast-featured-img":"","footer-sml-layout":"","ast-disable-related-posts":"","theme-transparent-header-meta":"","adv-header-id-meta":"","stick-header-meta":"","header-above-stick-meta":"","header-main-stick-meta":"","header-below-stick-meta":"","astra-migrate-meta-layouts":"default","ast-page-background-enabled":"default","ast-page-background-meta":{"desktop":{"background-color":"var(--ast-global-color-5)","background-image":"","background-repeat":"repeat","background-position":"center center","background-size":"auto","background-attachment":"scroll","background-type":"","background-media":"","overlay-type":"","overlay-color":"","overlay-opacity":"","overlay-gradient":""},"tablet":{"background-color":"","background-image":"","background-repeat":"repeat","background-position":"center center","background-size":"auto","background-attachment":"scroll","background-type":"","background-media":"","overlay-type":"","overlay-color":"","overlay-opacity":"","overlay-gradient":""},"mobile":{"background-color":"","background-image":"","background-repeat":"repeat","background-position":"center center","background-size":"auto","background-attachment":"scroll","background-type":"","background-media":"","overlay-type":"","overlay-color":"","overlay-opacity":"","overlay-gradient":""}},"ast-content-background-meta":{"desktop":{"background-color":"var(--ast-global-color-4)","background-image":"","background-repeat":"repeat","background-position":"center center","background-size":"auto","background-attachment":"scroll","background-type":"","background-media":"","overlay-type":"","overlay-color":"","overlay-opacity":"","overlay-gradient":""},"tablet":{"background-color":"var(--ast-global-color-4)","background-image":"","background-repeat":"repeat","background-position":"center center","background-size":"auto","background-attachment":"scroll","background-type":"","background-media":"","overlay-type":"","overlay-color":"","overlay-opacity":"","overlay-gradient":""},"mobile":{"background-color":"var(--ast-global-color-4)","background-image":"","background-repeat":"repeat","background-position":"center center","background-size":"auto","background-attachment":"scroll","background-type":"","background-media":"","overlay-type":"","overlay-color":"","overlay-opacity":"","overlay-gradient":""}},"footnotes":""},"categories":[3379,1],"tags":[],"class_list":["post-91294","post","type-post","status-publish","format-standard","has-post-thumbnail","hentry","category-america-latina","category-noticias"],"yoast_head":"<!-- This site is optimized with the Yoast SEO Premium plugin v23.0 (Yoast SEO v27.5) - https:\/\/yoast.com\/product\/yoast-seo-premium-wordpress\/ -->\n<title>Proyecto para reabrir el tren trasandino: un nuevo v\u00ednculo entre Argentina y Chile<\/title>\n<meta name=\"description\" content=\"Despu\u00e9s de m\u00e1s de 40 a\u00f1os de inactividad, un ambicioso plan busca reactivar el Ferrocarril Trasandino Sur,\" \/>\n<meta name=\"robots\" content=\"index, follow, max-snippet:-1, max-image-preview:large, max-video-preview:-1\" \/>\n<link rel=\"canonical\" href=\"https:\/\/patagoniambiental.com.ar\/info\/proyecto-para-reabrir-el-tren-trasandino-un-nuevo-vinculo-entre-argentina-y-chile\/\" \/>\n<meta property=\"og:locale\" content=\"es_ES\" \/>\n<meta property=\"og:type\" content=\"article\" \/>\n<meta property=\"og:title\" content=\"Proyecto para reabrir el tren trasandino: un nuevo v\u00ednculo entre Argentina y Chile\" \/>\n<meta property=\"og:description\" content=\"Despu\u00e9s de m\u00e1s de 40 a\u00f1os de inactividad, un ambicioso plan busca reactivar el Ferrocarril Trasandino Sur,\" \/>\n<meta property=\"og:url\" content=\"https:\/\/patagoniambiental.com.ar\/info\/proyecto-para-reabrir-el-tren-trasandino-un-nuevo-vinculo-entre-argentina-y-chile\/\" \/>\n<meta property=\"og:site_name\" content=\"Patagonia Ambiental\" \/>\n<meta property=\"article:publisher\" content=\"https:\/\/www.facebook.com\/patagonia.ambiental\" \/>\n<meta property=\"article:author\" content=\"https:\/\/www.facebook.com\/share\/1C1V8Gv9BX\/?mibextid=qi2Omg\" \/>\n<meta property=\"article:published_time\" content=\"2024-10-18T18:39:51+00:00\" \/>\n<meta property=\"article:modified_time\" content=\"2025-05-04T19:44:36+00:00\" \/>\n<meta property=\"og:image\" content=\"https:\/\/patagoniambiental.com.ar\/info\/wp-content\/uploads\/2024\/10\/multimedia-normal-91da8620af249fc4-dhjlbibjb3jkawxszxjhx25vcm1hbc53zwjw.webp\" \/>\n\t<meta property=\"og:image:width\" content=\"1020\" \/>\n\t<meta property=\"og:image:height\" content=\"680\" \/>\n\t<meta property=\"og:image:type\" content=\"image\/webp\" \/>\n<meta name=\"author\" content=\"Patagonia Ambiental\" \/>\n<meta name=\"twitter:card\" content=\"summary_large_image\" \/>\n<meta name=\"twitter:creator\" content=\"@PatAmb\" \/>\n<meta name=\"twitter:site\" content=\"@PatAmb\" \/>\n<script type=\"application\/ld+json\" class=\"yoast-schema-graph\">{\"@context\":\"https:\\\/\\\/schema.org\",\"@graph\":[{\"@type\":\"Article\",\"@id\":\"https:\\\/\\\/patagoniambiental.com.ar\\\/info\\\/proyecto-para-reabrir-el-tren-trasandino-un-nuevo-vinculo-entre-argentina-y-chile\\\/#article\",\"isPartOf\":{\"@id\":\"https:\\\/\\\/patagoniambiental.com.ar\\\/info\\\/proyecto-para-reabrir-el-tren-trasandino-un-nuevo-vinculo-entre-argentina-y-chile\\\/\"},\"author\":{\"name\":\"Patagonia Ambiental\",\"@id\":\"https:\\\/\\\/patagoniambiental.com.ar\\\/info\\\/#\\\/schema\\\/person\\\/db12bff64bbcbf6a253710bf0ea37b5d\"},\"headline\":\"Proyecto para reabrir el tren trasandino: un nuevo v\u00ednculo entre Argentina y Chile\",\"datePublished\":\"2024-10-18T18:39:51+00:00\",\"dateModified\":\"2025-05-04T19:44:36+00:00\",\"mainEntityOfPage\":{\"@id\":\"https:\\\/\\\/patagoniambiental.com.ar\\\/info\\\/proyecto-para-reabrir-el-tren-trasandino-un-nuevo-vinculo-entre-argentina-y-chile\\\/\"},\"wordCount\":311,\"commentCount\":0,\"publisher\":{\"@id\":\"https:\\\/\\\/patagoniambiental.com.ar\\\/info\\\/#organization\"},\"image\":{\"@id\":\"https:\\\/\\\/patagoniambiental.com.ar\\\/info\\\/proyecto-para-reabrir-el-tren-trasandino-un-nuevo-vinculo-entre-argentina-y-chile\\\/#primaryimage\"},\"thumbnailUrl\":\"https:\\\/\\\/patagoniambiental.com.ar\\\/info\\\/wp-content\\\/uploads\\\/2024\\\/10\\\/multimedia-normal-91da8620af249fc4-dhjlbibjb3jkawxszxjhx25vcm1hbc53zwjw.webp\",\"articleSection\":[\"Am\u00e9rica Latina\",\"Noticias\"],\"inLanguage\":\"es\",\"potentialAction\":[{\"@type\":\"CommentAction\",\"name\":\"Comment\",\"target\":[\"https:\\\/\\\/patagoniambiental.com.ar\\\/info\\\/proyecto-para-reabrir-el-tren-trasandino-un-nuevo-vinculo-entre-argentina-y-chile\\\/#respond\"]}]},{\"@type\":\"WebPage\",\"@id\":\"https:\\\/\\\/patagoniambiental.com.ar\\\/info\\\/proyecto-para-reabrir-el-tren-trasandino-un-nuevo-vinculo-entre-argentina-y-chile\\\/\",\"url\":\"https:\\\/\\\/patagoniambiental.com.ar\\\/info\\\/proyecto-para-reabrir-el-tren-trasandino-un-nuevo-vinculo-entre-argentina-y-chile\\\/\",\"name\":\"Proyecto para reabrir el tren trasandino: un nuevo v\u00ednculo entre Argentina y Chile\",\"isPartOf\":{\"@id\":\"https:\\\/\\\/patagoniambiental.com.ar\\\/info\\\/#website\"},\"primaryImageOfPage\":{\"@id\":\"https:\\\/\\\/patagoniambiental.com.ar\\\/info\\\/proyecto-para-reabrir-el-tren-trasandino-un-nuevo-vinculo-entre-argentina-y-chile\\\/#primaryimage\"},\"image\":{\"@id\":\"https:\\\/\\\/patagoniambiental.com.ar\\\/info\\\/proyecto-para-reabrir-el-tren-trasandino-un-nuevo-vinculo-entre-argentina-y-chile\\\/#primaryimage\"},\"thumbnailUrl\":\"https:\\\/\\\/patagoniambiental.com.ar\\\/info\\\/wp-content\\\/uploads\\\/2024\\\/10\\\/multimedia-normal-91da8620af249fc4-dhjlbibjb3jkawxszxjhx25vcm1hbc53zwjw.webp\",\"datePublished\":\"2024-10-18T18:39:51+00:00\",\"dateModified\":\"2025-05-04T19:44:36+00:00\",\"description\":\"Despu\u00e9s de m\u00e1s de 40 a\u00f1os de inactividad, un ambicioso plan busca reactivar el Ferrocarril Trasandino Sur,\",\"breadcrumb\":{\"@id\":\"https:\\\/\\\/patagoniambiental.com.ar\\\/info\\\/proyecto-para-reabrir-el-tren-trasandino-un-nuevo-vinculo-entre-argentina-y-chile\\\/#breadcrumb\"},\"inLanguage\":\"es\",\"potentialAction\":[{\"@type\":\"ReadAction\",\"target\":[\"https:\\\/\\\/patagoniambiental.com.ar\\\/info\\\/proyecto-para-reabrir-el-tren-trasandino-un-nuevo-vinculo-entre-argentina-y-chile\\\/\"]}]},{\"@type\":\"ImageObject\",\"inLanguage\":\"es\",\"@id\":\"https:\\\/\\\/patagoniambiental.com.ar\\\/info\\\/proyecto-para-reabrir-el-tren-trasandino-un-nuevo-vinculo-entre-argentina-y-chile\\\/#primaryimage\",\"url\":\"https:\\\/\\\/patagoniambiental.com.ar\\\/info\\\/wp-content\\\/uploads\\\/2024\\\/10\\\/multimedia-normal-91da8620af249fc4-dhjlbibjb3jkawxszxjhx25vcm1hbc53zwjw.webp\",\"contentUrl\":\"https:\\\/\\\/patagoniambiental.com.ar\\\/info\\\/wp-content\\\/uploads\\\/2024\\\/10\\\/multimedia-normal-91da8620af249fc4-dhjlbibjb3jkawxszxjhx25vcm1hbc53zwjw.webp\",\"width\":1020,\"height\":680},{\"@type\":\"BreadcrumbList\",\"@id\":\"https:\\\/\\\/patagoniambiental.com.ar\\\/info\\\/proyecto-para-reabrir-el-tren-trasandino-un-nuevo-vinculo-entre-argentina-y-chile\\\/#breadcrumb\",\"itemListElement\":[{\"@type\":\"ListItem\",\"position\":1,\"name\":\"Inicio\",\"item\":\"https:\\\/\\\/patagoniambiental.com.ar\\\/info\\\/\"},{\"@type\":\"ListItem\",\"position\":2,\"name\":\"Proyecto para reabrir el tren trasandino: un nuevo v\u00ednculo entre Argentina y Chile\"}]},{\"@type\":\"WebSite\",\"@id\":\"https:\\\/\\\/patagoniambiental.com.ar\\\/info\\\/#website\",\"url\":\"https:\\\/\\\/patagoniambiental.com.ar\\\/info\\\/\",\"name\":\"Patagonia Ambiental\",\"description\":\"Monitoreo y an\u00e1lisis de la situaci\u00f3n geopol\u00edtica en el mundo y su implicancia en la Patagonia\",\"publisher\":{\"@id\":\"https:\\\/\\\/patagoniambiental.com.ar\\\/info\\\/#organization\"},\"potentialAction\":[{\"@type\":\"SearchAction\",\"target\":{\"@type\":\"EntryPoint\",\"urlTemplate\":\"https:\\\/\\\/patagoniambiental.com.ar\\\/info\\\/?s={search_term_string}\"},\"query-input\":{\"@type\":\"PropertyValueSpecification\",\"valueRequired\":true,\"valueName\":\"search_term_string\"}}],\"inLanguage\":\"es\"},{\"@type\":\"Organization\",\"@id\":\"https:\\\/\\\/patagoniambiental.com.ar\\\/info\\\/#organization\",\"name\":\"Patagonia Ambiental\",\"url\":\"https:\\\/\\\/patagoniambiental.com.ar\\\/info\\\/\",\"logo\":{\"@type\":\"ImageObject\",\"inLanguage\":\"es\",\"@id\":\"https:\\\/\\\/patagoniambiental.com.ar\\\/info\\\/#\\\/schema\\\/logo\\\/image\\\/\",\"url\":\"https:\\\/\\\/patagoniambiental.com.ar\\\/info\\\/wp-content\\\/uploads\\\/2025\\\/05\\\/LOGO-PATAGONIA-AMBIENTAL.png\",\"contentUrl\":\"https:\\\/\\\/patagoniambiental.com.ar\\\/info\\\/wp-content\\\/uploads\\\/2025\\\/05\\\/LOGO-PATAGONIA-AMBIENTAL.png\",\"width\":433,\"height\":250,\"caption\":\"Patagonia Ambiental\"},\"image\":{\"@id\":\"https:\\\/\\\/patagoniambiental.com.ar\\\/info\\\/#\\\/schema\\\/logo\\\/image\\\/\"},\"sameAs\":[\"https:\\\/\\\/www.facebook.com\\\/patagonia.ambiental\",\"https:\\\/\\\/x.com\\\/PatAmb\"]},{\"@type\":\"Person\",\"@id\":\"https:\\\/\\\/patagoniambiental.com.ar\\\/info\\\/#\\\/schema\\\/person\\\/db12bff64bbcbf6a253710bf0ea37b5d\",\"name\":\"Patagonia Ambiental\",\"description\":\"Andr\u00e9s Nievas T\u00e9cnico en manejo ambiental, consultor Ambiental y escritor para medios locales e internacionales sobre temas de geopolitica y medio ambiente.\",\"sameAs\":[\"http:\\\/\\\/www.patagoniambiental.com.ar\",\"https:\\\/\\\/www.facebook.com\\\/share\\\/1C1V8Gv9BX\\\/?mibextid=qi2Omg\",\"@patagoniambiental\",\"https:\\\/\\\/youtube.com\\\/@patagoniaambiental2023?si=BLt58t0wuXquxlYZ\"]}]}<\/script>\n<!-- \/ Yoast SEO Premium plugin. -->","yoast_head_json":{"title":"Proyecto para reabrir el tren trasandino: un nuevo v\u00ednculo entre Argentina y Chile","description":"Despu\u00e9s de m\u00e1s de 40 a\u00f1os de inactividad, un ambicioso plan busca reactivar el Ferrocarril Trasandino Sur,","robots":{"index":"index","follow":"follow","max-snippet":"max-snippet:-1","max-image-preview":"max-image-preview:large","max-video-preview":"max-video-preview:-1"},"canonical":"https:\/\/patagoniambiental.com.ar\/info\/proyecto-para-reabrir-el-tren-trasandino-un-nuevo-vinculo-entre-argentina-y-chile\/","og_locale":"es_ES","og_type":"article","og_title":"Proyecto para reabrir el tren trasandino: un nuevo v\u00ednculo entre Argentina y Chile","og_description":"Despu\u00e9s de m\u00e1s de 40 a\u00f1os de inactividad, un ambicioso plan busca reactivar el Ferrocarril Trasandino Sur,","og_url":"https:\/\/patagoniambiental.com.ar\/info\/proyecto-para-reabrir-el-tren-trasandino-un-nuevo-vinculo-entre-argentina-y-chile\/","og_site_name":"Patagonia Ambiental","article_publisher":"https:\/\/www.facebook.com\/patagonia.ambiental","article_author":"https:\/\/www.facebook.com\/share\/1C1V8Gv9BX\/?mibextid=qi2Omg","article_published_time":"2024-10-18T18:39:51+00:00","article_modified_time":"2025-05-04T19:44:36+00:00","og_image":[{"width":1020,"height":680,"url":"https:\/\/patagoniambiental.com.ar\/info\/wp-content\/uploads\/2024\/10\/multimedia-normal-91da8620af249fc4-dhjlbibjb3jkawxszxjhx25vcm1hbc53zwjw.webp","type":"image\/webp"}],"author":"Patagonia Ambiental","twitter_card":"summary_large_image","twitter_creator":"@PatAmb","twitter_site":"@PatAmb","schema":{"@context":"https:\/\/schema.org","@graph":[{"@type":"Article","@id":"https:\/\/patagoniambiental.com.ar\/info\/proyecto-para-reabrir-el-tren-trasandino-un-nuevo-vinculo-entre-argentina-y-chile\/#article","isPartOf":{"@id":"https:\/\/patagoniambiental.com.ar\/info\/proyecto-para-reabrir-el-tren-trasandino-un-nuevo-vinculo-entre-argentina-y-chile\/"},"author":{"name":"Patagonia Ambiental","@id":"https:\/\/patagoniambiental.com.ar\/info\/#\/schema\/person\/db12bff64bbcbf6a253710bf0ea37b5d"},"headline":"Proyecto para reabrir el tren trasandino: un nuevo v\u00ednculo entre Argentina y Chile","datePublished":"2024-10-18T18:39:51+00:00","dateModified":"2025-05-04T19:44:36+00:00","mainEntityOfPage":{"@id":"https:\/\/patagoniambiental.com.ar\/info\/proyecto-para-reabrir-el-tren-trasandino-un-nuevo-vinculo-entre-argentina-y-chile\/"},"wordCount":311,"commentCount":0,"publisher":{"@id":"https:\/\/patagoniambiental.com.ar\/info\/#organization"},"image":{"@id":"https:\/\/patagoniambiental.com.ar\/info\/proyecto-para-reabrir-el-tren-trasandino-un-nuevo-vinculo-entre-argentina-y-chile\/#primaryimage"},"thumbnailUrl":"https:\/\/patagoniambiental.com.ar\/info\/wp-content\/uploads\/2024\/10\/multimedia-normal-91da8620af249fc4-dhjlbibjb3jkawxszxjhx25vcm1hbc53zwjw.webp","articleSection":["Am\u00e9rica Latina","Noticias"],"inLanguage":"es","potentialAction":[{"@type":"CommentAction","name":"Comment","target":["https:\/\/patagoniambiental.com.ar\/info\/proyecto-para-reabrir-el-tren-trasandino-un-nuevo-vinculo-entre-argentina-y-chile\/#respond"]}]},{"@type":"WebPage","@id":"https:\/\/patagoniambiental.com.ar\/info\/proyecto-para-reabrir-el-tren-trasandino-un-nuevo-vinculo-entre-argentina-y-chile\/","url":"https:\/\/patagoniambiental.com.ar\/info\/proyecto-para-reabrir-el-tren-trasandino-un-nuevo-vinculo-entre-argentina-y-chile\/","name":"Proyecto para reabrir el tren trasandino: un nuevo v\u00ednculo entre Argentina y Chile","isPartOf":{"@id":"https:\/\/patagoniambiental.com.ar\/info\/#website"},"primaryImageOfPage":{"@id":"https:\/\/patagoniambiental.com.ar\/info\/proyecto-para-reabrir-el-tren-trasandino-un-nuevo-vinculo-entre-argentina-y-chile\/#primaryimage"},"image":{"@id":"https:\/\/patagoniambiental.com.ar\/info\/proyecto-para-reabrir-el-tren-trasandino-un-nuevo-vinculo-entre-argentina-y-chile\/#primaryimage"},"thumbnailUrl":"https:\/\/patagoniambiental.com.ar\/info\/wp-content\/uploads\/2024\/10\/multimedia-normal-91da8620af249fc4-dhjlbibjb3jkawxszxjhx25vcm1hbc53zwjw.webp","datePublished":"2024-10-18T18:39:51+00:00","dateModified":"2025-05-04T19:44:36+00:00","description":"Despu\u00e9s de m\u00e1s de 40 a\u00f1os de inactividad, un ambicioso plan busca reactivar el Ferrocarril Trasandino Sur,","breadcrumb":{"@id":"https:\/\/patagoniambiental.com.ar\/info\/proyecto-para-reabrir-el-tren-trasandino-un-nuevo-vinculo-entre-argentina-y-chile\/#breadcrumb"},"inLanguage":"es","potentialAction":[{"@type":"ReadAction","target":["https:\/\/patagoniambiental.com.ar\/info\/proyecto-para-reabrir-el-tren-trasandino-un-nuevo-vinculo-entre-argentina-y-chile\/"]}]},{"@type":"ImageObject","inLanguage":"es","@id":"https:\/\/patagoniambiental.com.ar\/info\/proyecto-para-reabrir-el-tren-trasandino-un-nuevo-vinculo-entre-argentina-y-chile\/#primaryimage","url":"https:\/\/patagoniambiental.com.ar\/info\/wp-content\/uploads\/2024\/10\/multimedia-normal-91da8620af249fc4-dhjlbibjb3jkawxszxjhx25vcm1hbc53zwjw.webp","contentUrl":"https:\/\/patagoniambiental.com.ar\/info\/wp-content\/uploads\/2024\/10\/multimedia-normal-91da8620af249fc4-dhjlbibjb3jkawxszxjhx25vcm1hbc53zwjw.webp","width":1020,"height":680},{"@type":"BreadcrumbList","@id":"https:\/\/patagoniambiental.com.ar\/info\/proyecto-para-reabrir-el-tren-trasandino-un-nuevo-vinculo-entre-argentina-y-chile\/#breadcrumb","itemListElement":[{"@type":"ListItem","position":1,"name":"Inicio","item":"https:\/\/patagoniambiental.com.ar\/info\/"},{"@type":"ListItem","position":2,"name":"Proyecto para reabrir el tren trasandino: un nuevo v\u00ednculo entre Argentina y Chile"}]},{"@type":"WebSite","@id":"https:\/\/patagoniambiental.com.ar\/info\/#website","url":"https:\/\/patagoniambiental.com.ar\/info\/","name":"Patagonia Ambiental","description":"Monitoreo y an\u00e1lisis de la situaci\u00f3n geopol\u00edtica en el mundo y su implicancia en la Patagonia","publisher":{"@id":"https:\/\/patagoniambiental.com.ar\/info\/#organization"},"potentialAction":[{"@type":"SearchAction","target":{"@type":"EntryPoint","urlTemplate":"https:\/\/patagoniambiental.com.ar\/info\/?s={search_term_string}"},"query-input":{"@type":"PropertyValueSpecification","valueRequired":true,"valueName":"search_term_string"}}],"inLanguage":"es"},{"@type":"Organization","@id":"https:\/\/patagoniambiental.com.ar\/info\/#organization","name":"Patagonia Ambiental","url":"https:\/\/patagoniambiental.com.ar\/info\/","logo":{"@type":"ImageObject","inLanguage":"es","@id":"https:\/\/patagoniambiental.com.ar\/info\/#\/schema\/logo\/image\/","url":"https:\/\/patagoniambiental.com.ar\/info\/wp-content\/uploads\/2025\/05\/LOGO-PATAGONIA-AMBIENTAL.png","contentUrl":"https:\/\/patagoniambiental.com.ar\/info\/wp-content\/uploads\/2025\/05\/LOGO-PATAGONIA-AMBIENTAL.png","width":433,"height":250,"caption":"Patagonia Ambiental"},"image":{"@id":"https:\/\/patagoniambiental.com.ar\/info\/#\/schema\/logo\/image\/"},"sameAs":["https:\/\/www.facebook.com\/patagonia.ambiental","https:\/\/x.com\/PatAmb"]},{"@type":"Person","@id":"https:\/\/patagoniambiental.com.ar\/info\/#\/schema\/person\/db12bff64bbcbf6a253710bf0ea37b5d","name":"Patagonia Ambiental","description":"Andr\u00e9s Nievas T\u00e9cnico en manejo ambiental, consultor Ambiental y escritor para medios locales e internacionales sobre temas de geopolitica y medio ambiente.","sameAs":["http:\/\/www.patagoniambiental.com.ar","https:\/\/www.facebook.com\/share\/1C1V8Gv9BX\/?mibextid=qi2Omg","@patagoniambiental","https:\/\/youtube.com\/@patagoniaambiental2023?si=BLt58t0wuXquxlYZ"]}]}},"_links":{"self":[{"href":"https:\/\/patagoniambiental.com.ar\/info\/wp-json\/wp\/v2\/posts\/91294","targetHints":{"allow":["GET"]}}],"collection":[{"href":"https:\/\/patagoniambiental.com.ar\/info\/wp-json\/wp\/v2\/posts"}],"about":[{"href":"https:\/\/patagoniambiental.com.ar\/info\/wp-json\/wp\/v2\/types\/post"}],"author":[{"embeddable":true,"href":"https:\/\/patagoniambiental.com.ar\/info\/wp-json\/wp\/v2\/users\/2"}],"replies":[{"embeddable":true,"href":"https:\/\/patagoniambiental.com.ar\/info\/wp-json\/wp\/v2\/comments?post=91294"}],"version-history":[{"count":0,"href":"https:\/\/patagoniambiental.com.ar\/info\/wp-json\/wp\/v2\/posts\/91294\/revisions"}],"wp:featuredmedia":[{"embeddable":true,"href":"https:\/\/patagoniambiental.com.ar\/info\/wp-json\/wp\/v2\/media\/91295"}],"wp:attachment":[{"href":"https:\/\/patagoniambiental.com.ar\/info\/wp-json\/wp\/v2\/media?parent=91294"}],"wp:term":[{"taxonomy":"category","embeddable":true,"href":"https:\/\/patagoniambiental.com.ar\/info\/wp-json\/wp\/v2\/categories?post=91294"},{"taxonomy":"post_tag","embeddable":true,"href":"https:\/\/patagoniambiental.com.ar\/info\/wp-json\/wp\/v2\/tags?post=91294"}],"curies":[{"name":"wp","href":"https:\/\/api.w.org\/{rel}","templated":true}]}}