{"id":91312,"date":"2024-10-21T09:23:35","date_gmt":"2024-10-21T12:23:35","guid":{"rendered":"https:\/\/patagoniambiental.com.ar\/info\/?p=91312"},"modified":"2025-05-04T16:44:31","modified_gmt":"2025-05-04T19:44:31","slug":"21-de-octubre-dia-mundial-del-ahorro-de-energia","status":"publish","type":"post","link":"https:\/\/patagoniambiental.com.ar\/info\/21-de-octubre-dia-mundial-del-ahorro-de-energia\/","title":{"rendered":"21 de octubre, D\u00eda Mundial del ahorro de energ\u00eda"},"content":{"rendered":"\n<!--more-->\n\n\n\n<p>La iniciativa surgi\u00f3 hace 9 a\u00f1os en el Foro Energ\u00e9tico Mundial <a href=\"https:\/\/wef21.org\">(WorldEnergyForum<\/a>) y tiene como objetivo promover e impulsar el acceso universal a la energ\u00eda, haciendo visible y concientizando tambi\u00e9n el impacto que ocasiona el uso de la energ\u00eda en el ambiente.<\/p>\n\n\n\n<p><\/p>\n\n\n\n<figure class=\"wp-block-image size-full\"><img fetchpriority=\"high\" decoding=\"async\" width=\"480\" height=\"600\" src=\"https:\/\/patagoniambiental.com.ar\/info\/wp-content\/uploads\/2024\/10\/1000071575.jpg\" alt=\"\" class=\"wp-image-91314\"\/><\/figure>\n\n\n\n<p><a href=\"https:\/\/patagoniambiental.com.ar\/info\/se-celebro-el-dia-mundial-del-ahorro-de-energia\/\">Noticia relacionada: Se celebr\u00f3 el D\u00eda Mundial del Ahorro de Energ\u00eda<\/a><br><\/p>\n\n\n\n<p>Esta fecha significativa representa un llamado a la sociedad a reflexionar sobre el consumo<br>energ\u00e9tico en la vida diaria, como as\u00ed tambi\u00e9n sobre la imperiosa necesidad de trabajar de<br>forma mancomunada para la creaci\u00f3n, implementaci\u00f3n y promoci\u00f3n de pol\u00edticas que apunten a la eficiencia energ\u00e9tica y la conservaci\u00f3n de los diferentes recursos naturales.<\/p>\n\n\n\n<p><a href=\"https:\/\/patagoniambiental.com.ar\/info\/la-ue-se-pone-un-objetivo-para-lograr-un-ahorro-de-energia-de-un-325-para-el-ano-2030\/\">Noticia relacionada: La UE se pone un objetivo para lograr un ahorro de energ\u00eda de un 32,5% para el a\u00f1o 2030<\/a><br><\/p>\n\n\n\n<p>Respecto al agua, que constituye el recurso natural fundamental para la vida humana, se<br>resalta a\u00f1o a a\u00f1o lo esencial que resulta su cuidado.<\/p>\n\n\n\n<p>Yendo a los datos, el 70% de la superficie del planeta est\u00e1 cubierta por agua, sin embargo, el 97% es agua salada y solamente el 3% es dulce. De este porcentaje total de agua dulce, los glaciares y la nieve componen casi el 70%, y el 30% restante permanece de manera subterr\u00e1nea o en la tierra. \u00danicamente el 0,025% corresponde al agua dulce de lagos y r\u00edos, que son las fuentes superficiales habituales que la poblaci\u00f3n utiliza para consumo diario.<\/p>\n\n\n\n<p>Noticia <a href=\"relacionada: Ahorro de energ\u00eda: El Gobierno quiere hacerlo en el Estado\">relacionada: Ahorro de energ\u00eda: El Gobierno quiere hacerlo en el Estado<\/a><br><\/p>\n\n\n\n<p>En Argentina, y en base a un estudio sobre calidad del agua del Ministerio de Salud de la<br>Naci\u00f3n, entre el 69% y el 75% del empleo de agua se destina a la agricultura; entre un 22% y<br>23% a las industrias; y entre un 4% y 8% restante para consumo dom\u00e9stico (agua para beber, saneamiento, recreaci\u00f3n, etc.).<\/p>\n\n\n\n<p><a href=\"https:\/\/patagoniambiental.com.ar\/info\/edificios-sustentables-permiten-el-ahorro-de-un-40-de-energia\/\">Noticia relacionada: Edificios sustentables permiten el ahorro de un 40% de energ\u00eda<\/a><br><\/p>\n\n\n\n<p>Es sabido que la Tierra provee de recursos naturales que la humanidad usa como fuentes de energ\u00eda para mover al mundo, pero a medida que se explota esta variedad de recursos, se van agotando. Por eso es necesario y fundamental un uso racional a las fuentes primarias, acorde a las reales necesidades sociales y ambientales.<\/p>\n\n\n\n<p><a href=\"https:\/\/patagoniambiental.com.ar\/info\/comienzan-diagnosticos-energeticos-en-la-secretaria-de-energia-y-ambiente-de-cipolletti\/\">Noticia relacionada: Comienzan Diagn\u00f3sticos Energ\u00e9ticos en la Secretar\u00eda de Energ\u00eda y Ambiente de Cipolletti <\/a><\/p>\n\n\n\n<p>De todos modos, la acci\u00f3n que resulta m\u00e1s efectiva, y a la cual tienen acceso absolutamente<br>todos los ciudadanos, es aminorar el consumo, ya que multiplica el ahorro en la etapa de generaci\u00f3n.<\/p>\n\n\n\n<p>El d\u00eda del ahorro energ\u00e9tico se celebra como un llamado mundial al an\u00e1lisis de h\u00e1bitos personales de consumo de energ\u00eda y a la toma de decisiones concretas de ahorro, para contribuir individualmente a lograr un mundo m\u00e1s sostenible.<\/p>\n\n\n\n<p>Las acciones simples con las que podemos ayudar diariamente son:<br>\ud83c\udf1eUtilizar la luz natural mientras sea posible.<br>\ud83d\udd0cDesenchufar dispositivos o cargadores que no necesitemos.<br>\ud83d\udca1Utilizar l\u00e1mparas de bajo consumo.<br>\ud83d\udcfaApagar luces o televisores que no estemos utilizando.<br>2\ufe0f\u20e34\ufe0f\u20e3Regular adecuadamente la calefacci\u00f3n y aire acondicionado.<br>\u267b\ufe0fProcurar descongelar los alimentos a temperatura ambiente, sin la utilizaci\u00f3n del<br>microondas.<br>\ud83d\udca6No derrochar agua potable.<\/p>\n","protected":false},"excerpt":{"rendered":"","protected":false},"author":2,"featured_media":91313,"comment_status":"open","ping_status":"open","sticky":false,"template":"","format":"standard","meta":{"site-sidebar-layout":"default","site-content-layout":"","ast-site-content-layout":"default","site-content-style":"default","site-sidebar-style":"default","ast-global-header-display":"","ast-banner-title-visibility":"","ast-main-header-display":"","ast-hfb-above-header-display":"","ast-hfb-below-header-display":"","ast-hfb-mobile-header-display":"","site-post-title":"","ast-breadcrumbs-content":"","ast-featured-img":"","footer-sml-layout":"","ast-disable-related-posts":"","theme-transparent-header-meta":"","adv-header-id-meta":"","stick-header-meta":"","header-above-stick-meta":"","header-main-stick-meta":"","header-below-stick-meta":"","astra-migrate-meta-layouts":"default","ast-page-background-enabled":"default","ast-page-background-meta":{"desktop":{"background-color":"var(--ast-global-color-5)","background-image":"","background-repeat":"repeat","background-position":"center center","background-size":"auto","background-attachment":"scroll","background-type":"","background-media":"","overlay-type":"","overlay-color":"","overlay-opacity":"","overlay-gradient":""},"tablet":{"background-color":"","background-image":"","background-repeat":"repeat","background-position":"center center","background-size":"auto","background-attachment":"scroll","background-type":"","background-media":"","overlay-type":"","overlay-color":"","overlay-opacity":"","overlay-gradient":""},"mobile":{"background-color":"","background-image":"","background-repeat":"repeat","background-position":"center center","background-size":"auto","background-attachment":"scroll","background-type":"","background-media":"","overlay-type":"","overlay-color":"","overlay-opacity":"","overlay-gradient":""}},"ast-content-background-meta":{"desktop":{"background-color":"var(--ast-global-color-4)","background-image":"","background-repeat":"repeat","background-position":"center center","background-size":"auto","background-attachment":"scroll","background-type":"","background-media":"","overlay-type":"","overlay-color":"","overlay-opacity":"","overlay-gradient":""},"tablet":{"background-color":"var(--ast-global-color-4)","background-image":"","background-repeat":"repeat","background-position":"center center","background-size":"auto","background-attachment":"scroll","background-type":"","background-media":"","overlay-type":"","overlay-color":"","overlay-opacity":"","overlay-gradient":""},"mobile":{"background-color":"var(--ast-global-color-4)","background-image":"","background-repeat":"repeat","background-position":"center center","background-size":"auto","background-attachment":"scroll","background-type":"","background-media":"","overlay-type":"","overlay-color":"","overlay-opacity":"","overlay-gradient":""}},"footnotes":""},"categories":[12,23,1],"tags":[],"class_list":["post-91312","post","type-post","status-publish","format-standard","has-post-thumbnail","hentry","category-agenda-ambiental","category-internacionales","category-noticias"],"yoast_head":"<!-- This site is optimized with the Yoast SEO Premium plugin v23.0 (Yoast SEO v27.5) - https:\/\/yoast.com\/product\/yoast-seo-premium-wordpress\/ -->\n<title>21 de octubre, D\u00eda Mundial del ahorro de energ\u00eda<\/title>\n<meta name=\"description\" content=\"La iniciativa surgi\u00f3 hace 9 a\u00f1os en el Foro Energ\u00e9tico Mundial (WorldEnergyForum)\" \/>\n<meta name=\"robots\" content=\"index, follow, max-snippet:-1, max-image-preview:large, max-video-preview:-1\" \/>\n<link rel=\"canonical\" href=\"https:\/\/patagoniambiental.com.ar\/info\/21-de-octubre-dia-mundial-del-ahorro-de-energia\/\" \/>\n<meta property=\"og:locale\" content=\"es_ES\" \/>\n<meta property=\"og:type\" content=\"article\" \/>\n<meta property=\"og:title\" content=\"21 de octubre, D\u00eda Mundial del ahorro de energ\u00eda\" \/>\n<meta property=\"og:description\" content=\"La iniciativa surgi\u00f3 hace 9 a\u00f1os en el Foro Energ\u00e9tico Mundial (WorldEnergyForum)\" \/>\n<meta property=\"og:url\" content=\"https:\/\/patagoniambiental.com.ar\/info\/21-de-octubre-dia-mundial-del-ahorro-de-energia\/\" \/>\n<meta property=\"og:site_name\" content=\"Patagonia Ambiental\" \/>\n<meta property=\"article:publisher\" content=\"https:\/\/www.facebook.com\/patagonia.ambiental\" \/>\n<meta property=\"article:author\" content=\"https:\/\/www.facebook.com\/share\/1C1V8Gv9BX\/?mibextid=qi2Omg\" \/>\n<meta property=\"article:published_time\" content=\"2024-10-21T12:23:35+00:00\" \/>\n<meta property=\"article:modified_time\" content=\"2025-05-04T19:44:31+00:00\" \/>\n<meta property=\"og:image\" content=\"https:\/\/patagoniambiental.com.ar\/info\/wp-content\/uploads\/2024\/10\/eficiencia-energia-808675865867.png\" \/>\n\t<meta property=\"og:image:width\" content=\"410\" \/>\n\t<meta property=\"og:image:height\" content=\"244\" \/>\n\t<meta property=\"og:image:type\" content=\"image\/png\" \/>\n<meta name=\"author\" content=\"Patagonia Ambiental\" \/>\n<meta name=\"twitter:card\" content=\"summary_large_image\" \/>\n<meta name=\"twitter:creator\" content=\"@PatAmb\" \/>\n<meta name=\"twitter:site\" content=\"@PatAmb\" \/>\n<script type=\"application\/ld+json\" class=\"yoast-schema-graph\">{\"@context\":\"https:\\\/\\\/schema.org\",\"@graph\":[{\"@type\":\"Article\",\"@id\":\"https:\\\/\\\/patagoniambiental.com.ar\\\/info\\\/21-de-octubre-dia-mundial-del-ahorro-de-energia\\\/#article\",\"isPartOf\":{\"@id\":\"https:\\\/\\\/patagoniambiental.com.ar\\\/info\\\/21-de-octubre-dia-mundial-del-ahorro-de-energia\\\/\"},\"author\":{\"name\":\"Patagonia Ambiental\",\"@id\":\"https:\\\/\\\/patagoniambiental.com.ar\\\/info\\\/#\\\/schema\\\/person\\\/db12bff64bbcbf6a253710bf0ea37b5d\"},\"headline\":\"21 de octubre, D\u00eda Mundial del ahorro de energ\u00eda\",\"datePublished\":\"2024-10-21T12:23:35+00:00\",\"dateModified\":\"2025-05-04T19:44:31+00:00\",\"mainEntityOfPage\":{\"@id\":\"https:\\\/\\\/patagoniambiental.com.ar\\\/info\\\/21-de-octubre-dia-mundial-del-ahorro-de-energia\\\/\"},\"wordCount\":545,\"commentCount\":0,\"publisher\":{\"@id\":\"https:\\\/\\\/patagoniambiental.com.ar\\\/info\\\/#organization\"},\"image\":{\"@id\":\"https:\\\/\\\/patagoniambiental.com.ar\\\/info\\\/21-de-octubre-dia-mundial-del-ahorro-de-energia\\\/#primaryimage\"},\"thumbnailUrl\":\"https:\\\/\\\/patagoniambiental.com.ar\\\/info\\\/wp-content\\\/uploads\\\/2024\\\/10\\\/eficiencia-energia-808675865867.png\",\"articleSection\":[\"Agenda Ambiental\",\"Internacionales\",\"Noticias\"],\"inLanguage\":\"es\",\"potentialAction\":[{\"@type\":\"CommentAction\",\"name\":\"Comment\",\"target\":[\"https:\\\/\\\/patagoniambiental.com.ar\\\/info\\\/21-de-octubre-dia-mundial-del-ahorro-de-energia\\\/#respond\"]}]},{\"@type\":\"WebPage\",\"@id\":\"https:\\\/\\\/patagoniambiental.com.ar\\\/info\\\/21-de-octubre-dia-mundial-del-ahorro-de-energia\\\/\",\"url\":\"https:\\\/\\\/patagoniambiental.com.ar\\\/info\\\/21-de-octubre-dia-mundial-del-ahorro-de-energia\\\/\",\"name\":\"21 de octubre, D\u00eda Mundial del ahorro de energ\u00eda\",\"isPartOf\":{\"@id\":\"https:\\\/\\\/patagoniambiental.com.ar\\\/info\\\/#website\"},\"primaryImageOfPage\":{\"@id\":\"https:\\\/\\\/patagoniambiental.com.ar\\\/info\\\/21-de-octubre-dia-mundial-del-ahorro-de-energia\\\/#primaryimage\"},\"image\":{\"@id\":\"https:\\\/\\\/patagoniambiental.com.ar\\\/info\\\/21-de-octubre-dia-mundial-del-ahorro-de-energia\\\/#primaryimage\"},\"thumbnailUrl\":\"https:\\\/\\\/patagoniambiental.com.ar\\\/info\\\/wp-content\\\/uploads\\\/2024\\\/10\\\/eficiencia-energia-808675865867.png\",\"datePublished\":\"2024-10-21T12:23:35+00:00\",\"dateModified\":\"2025-05-04T19:44:31+00:00\",\"description\":\"La iniciativa surgi\u00f3 hace 9 a\u00f1os en el Foro Energ\u00e9tico Mundial (WorldEnergyForum)\",\"breadcrumb\":{\"@id\":\"https:\\\/\\\/patagoniambiental.com.ar\\\/info\\\/21-de-octubre-dia-mundial-del-ahorro-de-energia\\\/#breadcrumb\"},\"inLanguage\":\"es\",\"potentialAction\":[{\"@type\":\"ReadAction\",\"target\":[\"https:\\\/\\\/patagoniambiental.com.ar\\\/info\\\/21-de-octubre-dia-mundial-del-ahorro-de-energia\\\/\"]}]},{\"@type\":\"ImageObject\",\"inLanguage\":\"es\",\"@id\":\"https:\\\/\\\/patagoniambiental.com.ar\\\/info\\\/21-de-octubre-dia-mundial-del-ahorro-de-energia\\\/#primaryimage\",\"url\":\"https:\\\/\\\/patagoniambiental.com.ar\\\/info\\\/wp-content\\\/uploads\\\/2024\\\/10\\\/eficiencia-energia-808675865867.png\",\"contentUrl\":\"https:\\\/\\\/patagoniambiental.com.ar\\\/info\\\/wp-content\\\/uploads\\\/2024\\\/10\\\/eficiencia-energia-808675865867.png\",\"width\":410,\"height\":244},{\"@type\":\"BreadcrumbList\",\"@id\":\"https:\\\/\\\/patagoniambiental.com.ar\\\/info\\\/21-de-octubre-dia-mundial-del-ahorro-de-energia\\\/#breadcrumb\",\"itemListElement\":[{\"@type\":\"ListItem\",\"position\":1,\"name\":\"Inicio\",\"item\":\"https:\\\/\\\/patagoniambiental.com.ar\\\/info\\\/\"},{\"@type\":\"ListItem\",\"position\":2,\"name\":\"21 de octubre, D\u00eda Mundial del ahorro de energ\u00eda\"}]},{\"@type\":\"WebSite\",\"@id\":\"https:\\\/\\\/patagoniambiental.com.ar\\\/info\\\/#website\",\"url\":\"https:\\\/\\\/patagoniambiental.com.ar\\\/info\\\/\",\"name\":\"Patagonia Ambiental\",\"description\":\"Monitoreo y an\u00e1lisis de la situaci\u00f3n geopol\u00edtica en el mundo y su implicancia en la Patagonia\",\"publisher\":{\"@id\":\"https:\\\/\\\/patagoniambiental.com.ar\\\/info\\\/#organization\"},\"potentialAction\":[{\"@type\":\"SearchAction\",\"target\":{\"@type\":\"EntryPoint\",\"urlTemplate\":\"https:\\\/\\\/patagoniambiental.com.ar\\\/info\\\/?s={search_term_string}\"},\"query-input\":{\"@type\":\"PropertyValueSpecification\",\"valueRequired\":true,\"valueName\":\"search_term_string\"}}],\"inLanguage\":\"es\"},{\"@type\":\"Organization\",\"@id\":\"https:\\\/\\\/patagoniambiental.com.ar\\\/info\\\/#organization\",\"name\":\"Patagonia Ambiental\",\"url\":\"https:\\\/\\\/patagoniambiental.com.ar\\\/info\\\/\",\"logo\":{\"@type\":\"ImageObject\",\"inLanguage\":\"es\",\"@id\":\"https:\\\/\\\/patagoniambiental.com.ar\\\/info\\\/#\\\/schema\\\/logo\\\/image\\\/\",\"url\":\"https:\\\/\\\/patagoniambiental.com.ar\\\/info\\\/wp-content\\\/uploads\\\/2025\\\/05\\\/LOGO-PATAGONIA-AMBIENTAL.png\",\"contentUrl\":\"https:\\\/\\\/patagoniambiental.com.ar\\\/info\\\/wp-content\\\/uploads\\\/2025\\\/05\\\/LOGO-PATAGONIA-AMBIENTAL.png\",\"width\":433,\"height\":250,\"caption\":\"Patagonia Ambiental\"},\"image\":{\"@id\":\"https:\\\/\\\/patagoniambiental.com.ar\\\/info\\\/#\\\/schema\\\/logo\\\/image\\\/\"},\"sameAs\":[\"https:\\\/\\\/www.facebook.com\\\/patagonia.ambiental\",\"https:\\\/\\\/x.com\\\/PatAmb\"]},{\"@type\":\"Person\",\"@id\":\"https:\\\/\\\/patagoniambiental.com.ar\\\/info\\\/#\\\/schema\\\/person\\\/db12bff64bbcbf6a253710bf0ea37b5d\",\"name\":\"Patagonia Ambiental\",\"description\":\"Andr\u00e9s Nievas T\u00e9cnico en manejo ambiental, consultor Ambiental y escritor para medios locales e internacionales sobre temas de geopolitica y medio ambiente.\",\"sameAs\":[\"http:\\\/\\\/www.patagoniambiental.com.ar\",\"https:\\\/\\\/www.facebook.com\\\/share\\\/1C1V8Gv9BX\\\/?mibextid=qi2Omg\",\"@patagoniambiental\",\"https:\\\/\\\/youtube.com\\\/@patagoniaambiental2023?si=BLt58t0wuXquxlYZ\"]}]}<\/script>\n<!-- \/ Yoast SEO Premium plugin. -->","yoast_head_json":{"title":"21 de octubre, D\u00eda Mundial del ahorro de energ\u00eda","description":"La iniciativa surgi\u00f3 hace 9 a\u00f1os en el Foro Energ\u00e9tico Mundial (WorldEnergyForum)","robots":{"index":"index","follow":"follow","max-snippet":"max-snippet:-1","max-image-preview":"max-image-preview:large","max-video-preview":"max-video-preview:-1"},"canonical":"https:\/\/patagoniambiental.com.ar\/info\/21-de-octubre-dia-mundial-del-ahorro-de-energia\/","og_locale":"es_ES","og_type":"article","og_title":"21 de octubre, D\u00eda Mundial del ahorro de energ\u00eda","og_description":"La iniciativa surgi\u00f3 hace 9 a\u00f1os en el Foro Energ\u00e9tico Mundial (WorldEnergyForum)","og_url":"https:\/\/patagoniambiental.com.ar\/info\/21-de-octubre-dia-mundial-del-ahorro-de-energia\/","og_site_name":"Patagonia Ambiental","article_publisher":"https:\/\/www.facebook.com\/patagonia.ambiental","article_author":"https:\/\/www.facebook.com\/share\/1C1V8Gv9BX\/?mibextid=qi2Omg","article_published_time":"2024-10-21T12:23:35+00:00","article_modified_time":"2025-05-04T19:44:31+00:00","og_image":[{"width":410,"height":244,"url":"https:\/\/patagoniambiental.com.ar\/info\/wp-content\/uploads\/2024\/10\/eficiencia-energia-808675865867.png","type":"image\/png"}],"author":"Patagonia Ambiental","twitter_card":"summary_large_image","twitter_creator":"@PatAmb","twitter_site":"@PatAmb","schema":{"@context":"https:\/\/schema.org","@graph":[{"@type":"Article","@id":"https:\/\/patagoniambiental.com.ar\/info\/21-de-octubre-dia-mundial-del-ahorro-de-energia\/#article","isPartOf":{"@id":"https:\/\/patagoniambiental.com.ar\/info\/21-de-octubre-dia-mundial-del-ahorro-de-energia\/"},"author":{"name":"Patagonia Ambiental","@id":"https:\/\/patagoniambiental.com.ar\/info\/#\/schema\/person\/db12bff64bbcbf6a253710bf0ea37b5d"},"headline":"21 de octubre, D\u00eda Mundial del ahorro de energ\u00eda","datePublished":"2024-10-21T12:23:35+00:00","dateModified":"2025-05-04T19:44:31+00:00","mainEntityOfPage":{"@id":"https:\/\/patagoniambiental.com.ar\/info\/21-de-octubre-dia-mundial-del-ahorro-de-energia\/"},"wordCount":545,"commentCount":0,"publisher":{"@id":"https:\/\/patagoniambiental.com.ar\/info\/#organization"},"image":{"@id":"https:\/\/patagoniambiental.com.ar\/info\/21-de-octubre-dia-mundial-del-ahorro-de-energia\/#primaryimage"},"thumbnailUrl":"https:\/\/patagoniambiental.com.ar\/info\/wp-content\/uploads\/2024\/10\/eficiencia-energia-808675865867.png","articleSection":["Agenda Ambiental","Internacionales","Noticias"],"inLanguage":"es","potentialAction":[{"@type":"CommentAction","name":"Comment","target":["https:\/\/patagoniambiental.com.ar\/info\/21-de-octubre-dia-mundial-del-ahorro-de-energia\/#respond"]}]},{"@type":"WebPage","@id":"https:\/\/patagoniambiental.com.ar\/info\/21-de-octubre-dia-mundial-del-ahorro-de-energia\/","url":"https:\/\/patagoniambiental.com.ar\/info\/21-de-octubre-dia-mundial-del-ahorro-de-energia\/","name":"21 de octubre, D\u00eda Mundial del ahorro de energ\u00eda","isPartOf":{"@id":"https:\/\/patagoniambiental.com.ar\/info\/#website"},"primaryImageOfPage":{"@id":"https:\/\/patagoniambiental.com.ar\/info\/21-de-octubre-dia-mundial-del-ahorro-de-energia\/#primaryimage"},"image":{"@id":"https:\/\/patagoniambiental.com.ar\/info\/21-de-octubre-dia-mundial-del-ahorro-de-energia\/#primaryimage"},"thumbnailUrl":"https:\/\/patagoniambiental.com.ar\/info\/wp-content\/uploads\/2024\/10\/eficiencia-energia-808675865867.png","datePublished":"2024-10-21T12:23:35+00:00","dateModified":"2025-05-04T19:44:31+00:00","description":"La iniciativa surgi\u00f3 hace 9 a\u00f1os en el Foro Energ\u00e9tico Mundial (WorldEnergyForum)","breadcrumb":{"@id":"https:\/\/patagoniambiental.com.ar\/info\/21-de-octubre-dia-mundial-del-ahorro-de-energia\/#breadcrumb"},"inLanguage":"es","potentialAction":[{"@type":"ReadAction","target":["https:\/\/patagoniambiental.com.ar\/info\/21-de-octubre-dia-mundial-del-ahorro-de-energia\/"]}]},{"@type":"ImageObject","inLanguage":"es","@id":"https:\/\/patagoniambiental.com.ar\/info\/21-de-octubre-dia-mundial-del-ahorro-de-energia\/#primaryimage","url":"https:\/\/patagoniambiental.com.ar\/info\/wp-content\/uploads\/2024\/10\/eficiencia-energia-808675865867.png","contentUrl":"https:\/\/patagoniambiental.com.ar\/info\/wp-content\/uploads\/2024\/10\/eficiencia-energia-808675865867.png","width":410,"height":244},{"@type":"BreadcrumbList","@id":"https:\/\/patagoniambiental.com.ar\/info\/21-de-octubre-dia-mundial-del-ahorro-de-energia\/#breadcrumb","itemListElement":[{"@type":"ListItem","position":1,"name":"Inicio","item":"https:\/\/patagoniambiental.com.ar\/info\/"},{"@type":"ListItem","position":2,"name":"21 de octubre, D\u00eda Mundial del ahorro de energ\u00eda"}]},{"@type":"WebSite","@id":"https:\/\/patagoniambiental.com.ar\/info\/#website","url":"https:\/\/patagoniambiental.com.ar\/info\/","name":"Patagonia Ambiental","description":"Monitoreo y an\u00e1lisis de la situaci\u00f3n geopol\u00edtica en el mundo y su implicancia en la Patagonia","publisher":{"@id":"https:\/\/patagoniambiental.com.ar\/info\/#organization"},"potentialAction":[{"@type":"SearchAction","target":{"@type":"EntryPoint","urlTemplate":"https:\/\/patagoniambiental.com.ar\/info\/?s={search_term_string}"},"query-input":{"@type":"PropertyValueSpecification","valueRequired":true,"valueName":"search_term_string"}}],"inLanguage":"es"},{"@type":"Organization","@id":"https:\/\/patagoniambiental.com.ar\/info\/#organization","name":"Patagonia Ambiental","url":"https:\/\/patagoniambiental.com.ar\/info\/","logo":{"@type":"ImageObject","inLanguage":"es","@id":"https:\/\/patagoniambiental.com.ar\/info\/#\/schema\/logo\/image\/","url":"https:\/\/patagoniambiental.com.ar\/info\/wp-content\/uploads\/2025\/05\/LOGO-PATAGONIA-AMBIENTAL.png","contentUrl":"https:\/\/patagoniambiental.com.ar\/info\/wp-content\/uploads\/2025\/05\/LOGO-PATAGONIA-AMBIENTAL.png","width":433,"height":250,"caption":"Patagonia Ambiental"},"image":{"@id":"https:\/\/patagoniambiental.com.ar\/info\/#\/schema\/logo\/image\/"},"sameAs":["https:\/\/www.facebook.com\/patagonia.ambiental","https:\/\/x.com\/PatAmb"]},{"@type":"Person","@id":"https:\/\/patagoniambiental.com.ar\/info\/#\/schema\/person\/db12bff64bbcbf6a253710bf0ea37b5d","name":"Patagonia Ambiental","description":"Andr\u00e9s Nievas T\u00e9cnico en manejo ambiental, consultor Ambiental y escritor para medios locales e internacionales sobre temas de geopolitica y medio ambiente.","sameAs":["http:\/\/www.patagoniambiental.com.ar","https:\/\/www.facebook.com\/share\/1C1V8Gv9BX\/?mibextid=qi2Omg","@patagoniambiental","https:\/\/youtube.com\/@patagoniaambiental2023?si=BLt58t0wuXquxlYZ"]}]}},"_links":{"self":[{"href":"https:\/\/patagoniambiental.com.ar\/info\/wp-json\/wp\/v2\/posts\/91312","targetHints":{"allow":["GET"]}}],"collection":[{"href":"https:\/\/patagoniambiental.com.ar\/info\/wp-json\/wp\/v2\/posts"}],"about":[{"href":"https:\/\/patagoniambiental.com.ar\/info\/wp-json\/wp\/v2\/types\/post"}],"author":[{"embeddable":true,"href":"https:\/\/patagoniambiental.com.ar\/info\/wp-json\/wp\/v2\/users\/2"}],"replies":[{"embeddable":true,"href":"https:\/\/patagoniambiental.com.ar\/info\/wp-json\/wp\/v2\/comments?post=91312"}],"version-history":[{"count":0,"href":"https:\/\/patagoniambiental.com.ar\/info\/wp-json\/wp\/v2\/posts\/91312\/revisions"}],"wp:featuredmedia":[{"embeddable":true,"href":"https:\/\/patagoniambiental.com.ar\/info\/wp-json\/wp\/v2\/media\/91313"}],"wp:attachment":[{"href":"https:\/\/patagoniambiental.com.ar\/info\/wp-json\/wp\/v2\/media?parent=91312"}],"wp:term":[{"taxonomy":"category","embeddable":true,"href":"https:\/\/patagoniambiental.com.ar\/info\/wp-json\/wp\/v2\/categories?post=91312"},{"taxonomy":"post_tag","embeddable":true,"href":"https:\/\/patagoniambiental.com.ar\/info\/wp-json\/wp\/v2\/tags?post=91312"}],"curies":[{"name":"wp","href":"https:\/\/api.w.org\/{rel}","templated":true}]}}