{"id":91343,"date":"2024-10-22T20:39:50","date_gmt":"2024-10-22T23:39:50","guid":{"rendered":"https:\/\/patagoniambiental.com.ar\/info\/?p=91343"},"modified":"2025-05-04T16:44:25","modified_gmt":"2025-05-04T19:44:25","slug":"cutral-co-inaugura-el-primer-parque-solar-de-la-patagonia","status":"publish","type":"post","link":"https:\/\/patagoniambiental.com.ar\/info\/cutral-co-inaugura-el-primer-parque-solar-de-la-patagonia\/","title":{"rendered":"Cutral Co inaugura el primer parque solar de la Patagonia"},"content":{"rendered":"\n<!--more-->\n\n\n\n<p>Cutral Co(Neuqu\u00e9n) , 22 de octubre de 2024. En una jornada hist\u00f3rica para <a href=\"http:\/\/www.cutralco.gob.ar\">Cutral Co<\/a>, el intendente Prof. Ram\u00f3n Rioseco, junto al gobernador de Neuqu\u00e9n, Cr. Rolando Figueroa, y otras autoridades locales, inauguraron oficialmente el primer Parque Solar de la Patagonia.<\/p>\n\n\n\n<figure class=\"wp-block-image size-full\"><img fetchpriority=\"high\" decoding=\"async\" width=\"853\" height=\"568\" src=\"https:\/\/patagoniambiental.com.ar\/info\/wp-content\/uploads\/2024\/10\/1000072359.jpg\" alt=\"\" class=\"wp-image-91344\"\/><\/figure>\n\n\n\n<p><a href=\"https:\/\/patagoniambiental.com.ar\/info\/cutral-co-capacitara-a-tecnicos-para-la-operacion-de-su-nuevo-parque-solar\/\">Noticia relacionada: Cutral Co Capacitar\u00e1 a T\u00e9cnicos para la Operaci\u00f3n de su Nuevo Parque Solar <\/a><\/p>\n\n\n\n<p>El evento tuvo lugar tras la celebraci\u00f3n del 91\u00b0 aniversario de la ciudad y se realiz\u00f3 a la vera de la Ruta Nacional 22. Aunque el Parque ya hab\u00eda comenzado a operar de manera exitosa d\u00edas antes, la ceremonia de inauguraci\u00f3n oficial fue un hito significativo.<\/p>\n\n\n\n<figure class=\"wp-block-image size-full\"><img decoding=\"async\" width=\"853\" height=\"569\" src=\"https:\/\/patagoniambiental.com.ar\/info\/wp-content\/uploads\/2024\/10\/1000072358.jpg\" alt=\"\" class=\"wp-image-91346\"\/><\/figure>\n\n\n\n<p><a href=\"https:\/\/patagoniambiental.com.ar\/info\/neuquen-el-parque-eolico-de-cutral-co-vera-la-luz\/\">Noticia relacionada: Neuquen: El parque e\u00f3lico de Cutral Co ver\u00e1 la luz<br><\/a><br><\/p>\n\n\n\n<p>Durante su discurso, el intendente Rioseco destac\u00f3 los retos enfrentados en la implementaci\u00f3n del proyecto, haciendo \u00e9nfasis en la reticencia de los inversores privados ante la falta de previsibilidad en la industria. \u00abDespu\u00e9s de un intento fallido por parte del sector privado, decidimos asumir la responsabilidad y llevar a cabo el proyecto nosotros mismos\u00bb, afirm\u00f3.<\/p>\n\n\n\n<figure class=\"wp-block-image size-full\"><img decoding=\"async\" width=\"853\" height=\"569\" src=\"https:\/\/patagoniambiental.com.ar\/info\/wp-content\/uploads\/2024\/10\/1000072355.jpg\" alt=\"\" class=\"wp-image-91347\"\/><\/figure>\n\n\n\n<p><a href=\"https:\/\/patagoniambiental.com.ar\/info\/neuquen-cutral-co-va-por-el-sueno-eolico\/\">Noticia relacionada: Neuquen: Cutral Co va por el sue\u00f1o e\u00f3lico<br><\/a><\/p>\n\n\n\n<p>El acto tambi\u00e9n incluy\u00f3 la firma de un convenio entre el intendente y el gobernador para la expansi\u00f3n del Parque Solar, que incluir\u00e1 una nueva capacidad de 30 megavatios. Esta iniciativa tiene como objetivo promover el uso de energ\u00edas renovables, asegurando un desarrollo sostenible para Cutral Co y sus alrededores. Tanto el municipio como la provincia se comprometieron a colaborar para garantizar el financiamiento y el funcionamiento continuo del proyecto.<\/p>\n\n\n\n<figure class=\"wp-block-image size-full\"><img loading=\"lazy\" decoding=\"async\" width=\"853\" height=\"569\" src=\"https:\/\/patagoniambiental.com.ar\/info\/wp-content\/uploads\/2024\/10\/1000072353.jpg\" alt=\"\" class=\"wp-image-91348\"\/><\/figure>\n\n\n\n<p><a href=\"https:\/\/patagoniambiental.com.ar\/info\/neuquen-cutral-co-busca-darle-impulso-a-las-renovables\/\">Noticia relacionada: Neuquen: Cutral Co busca darle impulso a las renovables<\/a><br><\/p>\n\n\n\n<p>El gobernador Figueroa resalt\u00f3 la relevancia de esta obra, se\u00f1alando que \u00abmarca un camino hacia un Neuqu\u00e9n post Vaca Muerta\u00bb. Agreg\u00f3 que el Parque Solar en Cutral Co es un hito en la producci\u00f3n de energ\u00eda solar en la provincia, un logro del cual los cutralquenses pueden sentirse orgullosos, especialmente considerando que otros proyectos similares no lograron materializarse en el pasado.<\/p>\n\n\n\n<figure class=\"wp-block-image size-full\"><img loading=\"lazy\" decoding=\"async\" width=\"853\" height=\"569\" src=\"https:\/\/patagoniambiental.com.ar\/info\/wp-content\/uploads\/2024\/10\/1000072350.jpg\" alt=\"\" class=\"wp-image-91349\"\/><\/figure>\n\n\n\n<p><a href=\"https:\/\/patagoniambiental.com.ar\/info\/semana-de-la-energia-eolica-ciudad-de-cutral-co\/\">Noticia relacionada: <strong>Semana de la Energ\u00eda E\u00f3lica | Ciudad de Cutral Co<\/strong><\/a><br><br><br><br><\/p>\n\n\n\n<p>Con esta inauguraci\u00f3n, Cutral Co no solo se posiciona como un referente en la generaci\u00f3n de energ\u00eda solar en la Patagonia, sino que tambi\u00e9n impulsa una transici\u00f3n hacia fuentes de energ\u00eda m\u00e1s limpias, contribuyendo as\u00ed al bienestar de sus habitantes y a la sostenibilidad del entorno.<\/p>\n\n\n\n<p><a href=\"https:\/\/patagoniambiental.com.ar\/info\/empresarios-chinos-visitaron-cutral-co-por-energia-eolica\/\">Noticia relacionada: Empresarios interesados Cutral Co por energ\u00eda e\u00f3lica <\/a><br><\/p>\n\n\n\n<p>La comunidad mira hacia el futuro con la esperanza de que este parque sea el primero de muchos m\u00e1s proyectos que diversifiquen la matriz energ\u00e9tica de la provincia.<\/p>\n","protected":false},"excerpt":{"rendered":"","protected":false},"author":2,"featured_media":91345,"comment_status":"open","ping_status":"open","sticky":false,"template":"","format":"standard","meta":{"site-sidebar-layout":"default","site-content-layout":"","ast-site-content-layout":"default","site-content-style":"default","site-sidebar-style":"default","ast-global-header-display":"","ast-banner-title-visibility":"","ast-main-header-display":"","ast-hfb-above-header-display":"","ast-hfb-below-header-display":"","ast-hfb-mobile-header-display":"","site-post-title":"","ast-breadcrumbs-content":"","ast-featured-img":"","footer-sml-layout":"","ast-disable-related-posts":"","theme-transparent-header-meta":"","adv-header-id-meta":"","stick-header-meta":"","header-above-stick-meta":"","header-main-stick-meta":"","header-below-stick-meta":"","astra-migrate-meta-layouts":"default","ast-page-background-enabled":"default","ast-page-background-meta":{"desktop":{"background-color":"var(--ast-global-color-5)","background-image":"","background-repeat":"repeat","background-position":"center center","background-size":"auto","background-attachment":"scroll","background-type":"","background-media":"","overlay-type":"","overlay-color":"","overlay-opacity":"","overlay-gradient":""},"tablet":{"background-color":"","background-image":"","background-repeat":"repeat","background-position":"center center","background-size":"auto","background-attachment":"scroll","background-type":"","background-media":"","overlay-type":"","overlay-color":"","overlay-opacity":"","overlay-gradient":""},"mobile":{"background-color":"","background-image":"","background-repeat":"repeat","background-position":"center center","background-size":"auto","background-attachment":"scroll","background-type":"","background-media":"","overlay-type":"","overlay-color":"","overlay-opacity":"","overlay-gradient":""}},"ast-content-background-meta":{"desktop":{"background-color":"var(--ast-global-color-4)","background-image":"","background-repeat":"repeat","background-position":"center center","background-size":"auto","background-attachment":"scroll","background-type":"","background-media":"","overlay-type":"","overlay-color":"","overlay-opacity":"","overlay-gradient":""},"tablet":{"background-color":"var(--ast-global-color-4)","background-image":"","background-repeat":"repeat","background-position":"center center","background-size":"auto","background-attachment":"scroll","background-type":"","background-media":"","overlay-type":"","overlay-color":"","overlay-opacity":"","overlay-gradient":""},"mobile":{"background-color":"var(--ast-global-color-4)","background-image":"","background-repeat":"repeat","background-position":"center center","background-size":"auto","background-attachment":"scroll","background-type":"","background-media":"","overlay-type":"","overlay-color":"","overlay-opacity":"","overlay-gradient":""}},"footnotes":""},"categories":[18,1,13],"tags":[],"class_list":["post-91343","post","type-post","status-publish","format-standard","has-post-thumbnail","hentry","category-neuquen","category-noticias","category-provinciales"],"yoast_head":"<!-- This site is optimized with the Yoast SEO Premium plugin v23.0 (Yoast SEO v27.5) - https:\/\/yoast.com\/product\/yoast-seo-premium-wordpress\/ -->\n<title>Cutral Co inaugura el primer parque solar de la Patagonia<\/title>\n<meta name=\"description\" content=\"El intendente Prof. Ram\u00f3n Rioseco, junto al gobernador de Neuqu\u00e9n, Cr. Rolando Figueroa, inauguraron el primer Parque Solar de la Patagonia.\" \/>\n<meta name=\"robots\" content=\"index, follow, max-snippet:-1, max-image-preview:large, max-video-preview:-1\" \/>\n<link rel=\"canonical\" href=\"https:\/\/patagoniambiental.com.ar\/info\/cutral-co-inaugura-el-primer-parque-solar-de-la-patagonia\/\" \/>\n<meta property=\"og:locale\" content=\"es_ES\" \/>\n<meta property=\"og:type\" content=\"article\" \/>\n<meta property=\"og:title\" content=\"Cutral Co inaugura el primer parque solar de la Patagonia\" \/>\n<meta property=\"og:description\" content=\"El intendente Prof. Ram\u00f3n Rioseco, junto al gobernador de Neuqu\u00e9n, Cr. Rolando Figueroa, inauguraron el primer Parque Solar de la Patagonia.\" \/>\n<meta property=\"og:url\" content=\"https:\/\/patagoniambiental.com.ar\/info\/cutral-co-inaugura-el-primer-parque-solar-de-la-patagonia\/\" \/>\n<meta property=\"og:site_name\" content=\"Patagonia Ambiental\" \/>\n<meta property=\"article:publisher\" content=\"https:\/\/www.facebook.com\/patagonia.ambiental\" \/>\n<meta property=\"article:author\" content=\"https:\/\/www.facebook.com\/share\/1C1V8Gv9BX\/?mibextid=qi2Omg\" \/>\n<meta property=\"article:published_time\" content=\"2024-10-22T23:39:50+00:00\" \/>\n<meta property=\"article:modified_time\" content=\"2025-05-04T19:44:25+00:00\" \/>\n<meta property=\"og:image\" content=\"https:\/\/patagoniambiental.com.ar\/info\/wp-content\/uploads\/2024\/10\/fb-img-1729633419783.jpg\" \/>\n\t<meta property=\"og:image:width\" content=\"853\" \/>\n\t<meta property=\"og:image:height\" content=\"569\" \/>\n\t<meta property=\"og:image:type\" content=\"image\/jpeg\" \/>\n<meta name=\"author\" content=\"Patagonia Ambiental\" \/>\n<meta name=\"twitter:card\" content=\"summary_large_image\" \/>\n<meta name=\"twitter:creator\" content=\"@PatAmb\" \/>\n<meta name=\"twitter:site\" content=\"@PatAmb\" \/>\n<script type=\"application\/ld+json\" class=\"yoast-schema-graph\">{\"@context\":\"https:\\\/\\\/schema.org\",\"@graph\":[{\"@type\":\"Article\",\"@id\":\"https:\\\/\\\/patagoniambiental.com.ar\\\/info\\\/cutral-co-inaugura-el-primer-parque-solar-de-la-patagonia\\\/#article\",\"isPartOf\":{\"@id\":\"https:\\\/\\\/patagoniambiental.com.ar\\\/info\\\/cutral-co-inaugura-el-primer-parque-solar-de-la-patagonia\\\/\"},\"author\":{\"name\":\"Patagonia Ambiental\",\"@id\":\"https:\\\/\\\/patagoniambiental.com.ar\\\/info\\\/#\\\/schema\\\/person\\\/db12bff64bbcbf6a253710bf0ea37b5d\"},\"headline\":\"Cutral Co inaugura el primer parque solar de la Patagonia\",\"datePublished\":\"2024-10-22T23:39:50+00:00\",\"dateModified\":\"2025-05-04T19:44:25+00:00\",\"mainEntityOfPage\":{\"@id\":\"https:\\\/\\\/patagoniambiental.com.ar\\\/info\\\/cutral-co-inaugura-el-primer-parque-solar-de-la-patagonia\\\/\"},\"wordCount\":455,\"commentCount\":0,\"publisher\":{\"@id\":\"https:\\\/\\\/patagoniambiental.com.ar\\\/info\\\/#organization\"},\"image\":{\"@id\":\"https:\\\/\\\/patagoniambiental.com.ar\\\/info\\\/cutral-co-inaugura-el-primer-parque-solar-de-la-patagonia\\\/#primaryimage\"},\"thumbnailUrl\":\"https:\\\/\\\/patagoniambiental.com.ar\\\/info\\\/wp-content\\\/uploads\\\/2024\\\/10\\\/fb-img-1729633419783.jpg\",\"articleSection\":[\"Neuqu\u00e9n\",\"Noticias\",\"Provinciales\"],\"inLanguage\":\"es\",\"potentialAction\":[{\"@type\":\"CommentAction\",\"name\":\"Comment\",\"target\":[\"https:\\\/\\\/patagoniambiental.com.ar\\\/info\\\/cutral-co-inaugura-el-primer-parque-solar-de-la-patagonia\\\/#respond\"]}]},{\"@type\":\"WebPage\",\"@id\":\"https:\\\/\\\/patagoniambiental.com.ar\\\/info\\\/cutral-co-inaugura-el-primer-parque-solar-de-la-patagonia\\\/\",\"url\":\"https:\\\/\\\/patagoniambiental.com.ar\\\/info\\\/cutral-co-inaugura-el-primer-parque-solar-de-la-patagonia\\\/\",\"name\":\"Cutral Co inaugura el primer parque solar de la Patagonia\",\"isPartOf\":{\"@id\":\"https:\\\/\\\/patagoniambiental.com.ar\\\/info\\\/#website\"},\"primaryImageOfPage\":{\"@id\":\"https:\\\/\\\/patagoniambiental.com.ar\\\/info\\\/cutral-co-inaugura-el-primer-parque-solar-de-la-patagonia\\\/#primaryimage\"},\"image\":{\"@id\":\"https:\\\/\\\/patagoniambiental.com.ar\\\/info\\\/cutral-co-inaugura-el-primer-parque-solar-de-la-patagonia\\\/#primaryimage\"},\"thumbnailUrl\":\"https:\\\/\\\/patagoniambiental.com.ar\\\/info\\\/wp-content\\\/uploads\\\/2024\\\/10\\\/fb-img-1729633419783.jpg\",\"datePublished\":\"2024-10-22T23:39:50+00:00\",\"dateModified\":\"2025-05-04T19:44:25+00:00\",\"description\":\"El intendente Prof. Ram\u00f3n Rioseco, junto al gobernador de Neuqu\u00e9n, Cr. Rolando Figueroa, inauguraron el primer Parque Solar de la Patagonia.\",\"breadcrumb\":{\"@id\":\"https:\\\/\\\/patagoniambiental.com.ar\\\/info\\\/cutral-co-inaugura-el-primer-parque-solar-de-la-patagonia\\\/#breadcrumb\"},\"inLanguage\":\"es\",\"potentialAction\":[{\"@type\":\"ReadAction\",\"target\":[\"https:\\\/\\\/patagoniambiental.com.ar\\\/info\\\/cutral-co-inaugura-el-primer-parque-solar-de-la-patagonia\\\/\"]}]},{\"@type\":\"ImageObject\",\"inLanguage\":\"es\",\"@id\":\"https:\\\/\\\/patagoniambiental.com.ar\\\/info\\\/cutral-co-inaugura-el-primer-parque-solar-de-la-patagonia\\\/#primaryimage\",\"url\":\"https:\\\/\\\/patagoniambiental.com.ar\\\/info\\\/wp-content\\\/uploads\\\/2024\\\/10\\\/fb-img-1729633419783.jpg\",\"contentUrl\":\"https:\\\/\\\/patagoniambiental.com.ar\\\/info\\\/wp-content\\\/uploads\\\/2024\\\/10\\\/fb-img-1729633419783.jpg\",\"width\":853,\"height\":569},{\"@type\":\"BreadcrumbList\",\"@id\":\"https:\\\/\\\/patagoniambiental.com.ar\\\/info\\\/cutral-co-inaugura-el-primer-parque-solar-de-la-patagonia\\\/#breadcrumb\",\"itemListElement\":[{\"@type\":\"ListItem\",\"position\":1,\"name\":\"Inicio\",\"item\":\"https:\\\/\\\/patagoniambiental.com.ar\\\/info\\\/\"},{\"@type\":\"ListItem\",\"position\":2,\"name\":\"Cutral Co inaugura el primer parque solar de la Patagonia\"}]},{\"@type\":\"WebSite\",\"@id\":\"https:\\\/\\\/patagoniambiental.com.ar\\\/info\\\/#website\",\"url\":\"https:\\\/\\\/patagoniambiental.com.ar\\\/info\\\/\",\"name\":\"Patagonia Ambiental\",\"description\":\"Monitoreo y an\u00e1lisis de la situaci\u00f3n geopol\u00edtica en el mundo y su implicancia en la Patagonia\",\"publisher\":{\"@id\":\"https:\\\/\\\/patagoniambiental.com.ar\\\/info\\\/#organization\"},\"potentialAction\":[{\"@type\":\"SearchAction\",\"target\":{\"@type\":\"EntryPoint\",\"urlTemplate\":\"https:\\\/\\\/patagoniambiental.com.ar\\\/info\\\/?s={search_term_string}\"},\"query-input\":{\"@type\":\"PropertyValueSpecification\",\"valueRequired\":true,\"valueName\":\"search_term_string\"}}],\"inLanguage\":\"es\"},{\"@type\":\"Organization\",\"@id\":\"https:\\\/\\\/patagoniambiental.com.ar\\\/info\\\/#organization\",\"name\":\"Patagonia Ambiental\",\"url\":\"https:\\\/\\\/patagoniambiental.com.ar\\\/info\\\/\",\"logo\":{\"@type\":\"ImageObject\",\"inLanguage\":\"es\",\"@id\":\"https:\\\/\\\/patagoniambiental.com.ar\\\/info\\\/#\\\/schema\\\/logo\\\/image\\\/\",\"url\":\"https:\\\/\\\/patagoniambiental.com.ar\\\/info\\\/wp-content\\\/uploads\\\/2025\\\/05\\\/LOGO-PATAGONIA-AMBIENTAL.png\",\"contentUrl\":\"https:\\\/\\\/patagoniambiental.com.ar\\\/info\\\/wp-content\\\/uploads\\\/2025\\\/05\\\/LOGO-PATAGONIA-AMBIENTAL.png\",\"width\":433,\"height\":250,\"caption\":\"Patagonia Ambiental\"},\"image\":{\"@id\":\"https:\\\/\\\/patagoniambiental.com.ar\\\/info\\\/#\\\/schema\\\/logo\\\/image\\\/\"},\"sameAs\":[\"https:\\\/\\\/www.facebook.com\\\/patagonia.ambiental\",\"https:\\\/\\\/x.com\\\/PatAmb\"]},{\"@type\":\"Person\",\"@id\":\"https:\\\/\\\/patagoniambiental.com.ar\\\/info\\\/#\\\/schema\\\/person\\\/db12bff64bbcbf6a253710bf0ea37b5d\",\"name\":\"Patagonia Ambiental\",\"description\":\"Andr\u00e9s Nievas T\u00e9cnico en manejo ambiental, consultor Ambiental y escritor para medios locales e internacionales sobre temas de geopolitica y medio ambiente.\",\"sameAs\":[\"http:\\\/\\\/www.patagoniambiental.com.ar\",\"https:\\\/\\\/www.facebook.com\\\/share\\\/1C1V8Gv9BX\\\/?mibextid=qi2Omg\",\"@patagoniambiental\",\"https:\\\/\\\/youtube.com\\\/@patagoniaambiental2023?si=BLt58t0wuXquxlYZ\"]}]}<\/script>\n<!-- \/ Yoast SEO Premium plugin. -->","yoast_head_json":{"title":"Cutral Co inaugura el primer parque solar de la Patagonia","description":"El intendente Prof. Ram\u00f3n Rioseco, junto al gobernador de Neuqu\u00e9n, Cr. Rolando Figueroa, inauguraron el primer Parque Solar de la Patagonia.","robots":{"index":"index","follow":"follow","max-snippet":"max-snippet:-1","max-image-preview":"max-image-preview:large","max-video-preview":"max-video-preview:-1"},"canonical":"https:\/\/patagoniambiental.com.ar\/info\/cutral-co-inaugura-el-primer-parque-solar-de-la-patagonia\/","og_locale":"es_ES","og_type":"article","og_title":"Cutral Co inaugura el primer parque solar de la Patagonia","og_description":"El intendente Prof. Ram\u00f3n Rioseco, junto al gobernador de Neuqu\u00e9n, Cr. Rolando Figueroa, inauguraron el primer Parque Solar de la Patagonia.","og_url":"https:\/\/patagoniambiental.com.ar\/info\/cutral-co-inaugura-el-primer-parque-solar-de-la-patagonia\/","og_site_name":"Patagonia Ambiental","article_publisher":"https:\/\/www.facebook.com\/patagonia.ambiental","article_author":"https:\/\/www.facebook.com\/share\/1C1V8Gv9BX\/?mibextid=qi2Omg","article_published_time":"2024-10-22T23:39:50+00:00","article_modified_time":"2025-05-04T19:44:25+00:00","og_image":[{"width":853,"height":569,"url":"https:\/\/patagoniambiental.com.ar\/info\/wp-content\/uploads\/2024\/10\/fb-img-1729633419783.jpg","type":"image\/jpeg"}],"author":"Patagonia Ambiental","twitter_card":"summary_large_image","twitter_creator":"@PatAmb","twitter_site":"@PatAmb","schema":{"@context":"https:\/\/schema.org","@graph":[{"@type":"Article","@id":"https:\/\/patagoniambiental.com.ar\/info\/cutral-co-inaugura-el-primer-parque-solar-de-la-patagonia\/#article","isPartOf":{"@id":"https:\/\/patagoniambiental.com.ar\/info\/cutral-co-inaugura-el-primer-parque-solar-de-la-patagonia\/"},"author":{"name":"Patagonia Ambiental","@id":"https:\/\/patagoniambiental.com.ar\/info\/#\/schema\/person\/db12bff64bbcbf6a253710bf0ea37b5d"},"headline":"Cutral Co inaugura el primer parque solar de la Patagonia","datePublished":"2024-10-22T23:39:50+00:00","dateModified":"2025-05-04T19:44:25+00:00","mainEntityOfPage":{"@id":"https:\/\/patagoniambiental.com.ar\/info\/cutral-co-inaugura-el-primer-parque-solar-de-la-patagonia\/"},"wordCount":455,"commentCount":0,"publisher":{"@id":"https:\/\/patagoniambiental.com.ar\/info\/#organization"},"image":{"@id":"https:\/\/patagoniambiental.com.ar\/info\/cutral-co-inaugura-el-primer-parque-solar-de-la-patagonia\/#primaryimage"},"thumbnailUrl":"https:\/\/patagoniambiental.com.ar\/info\/wp-content\/uploads\/2024\/10\/fb-img-1729633419783.jpg","articleSection":["Neuqu\u00e9n","Noticias","Provinciales"],"inLanguage":"es","potentialAction":[{"@type":"CommentAction","name":"Comment","target":["https:\/\/patagoniambiental.com.ar\/info\/cutral-co-inaugura-el-primer-parque-solar-de-la-patagonia\/#respond"]}]},{"@type":"WebPage","@id":"https:\/\/patagoniambiental.com.ar\/info\/cutral-co-inaugura-el-primer-parque-solar-de-la-patagonia\/","url":"https:\/\/patagoniambiental.com.ar\/info\/cutral-co-inaugura-el-primer-parque-solar-de-la-patagonia\/","name":"Cutral Co inaugura el primer parque solar de la Patagonia","isPartOf":{"@id":"https:\/\/patagoniambiental.com.ar\/info\/#website"},"primaryImageOfPage":{"@id":"https:\/\/patagoniambiental.com.ar\/info\/cutral-co-inaugura-el-primer-parque-solar-de-la-patagonia\/#primaryimage"},"image":{"@id":"https:\/\/patagoniambiental.com.ar\/info\/cutral-co-inaugura-el-primer-parque-solar-de-la-patagonia\/#primaryimage"},"thumbnailUrl":"https:\/\/patagoniambiental.com.ar\/info\/wp-content\/uploads\/2024\/10\/fb-img-1729633419783.jpg","datePublished":"2024-10-22T23:39:50+00:00","dateModified":"2025-05-04T19:44:25+00:00","description":"El intendente Prof. Ram\u00f3n Rioseco, junto al gobernador de Neuqu\u00e9n, Cr. Rolando Figueroa, inauguraron el primer Parque Solar de la Patagonia.","breadcrumb":{"@id":"https:\/\/patagoniambiental.com.ar\/info\/cutral-co-inaugura-el-primer-parque-solar-de-la-patagonia\/#breadcrumb"},"inLanguage":"es","potentialAction":[{"@type":"ReadAction","target":["https:\/\/patagoniambiental.com.ar\/info\/cutral-co-inaugura-el-primer-parque-solar-de-la-patagonia\/"]}]},{"@type":"ImageObject","inLanguage":"es","@id":"https:\/\/patagoniambiental.com.ar\/info\/cutral-co-inaugura-el-primer-parque-solar-de-la-patagonia\/#primaryimage","url":"https:\/\/patagoniambiental.com.ar\/info\/wp-content\/uploads\/2024\/10\/fb-img-1729633419783.jpg","contentUrl":"https:\/\/patagoniambiental.com.ar\/info\/wp-content\/uploads\/2024\/10\/fb-img-1729633419783.jpg","width":853,"height":569},{"@type":"BreadcrumbList","@id":"https:\/\/patagoniambiental.com.ar\/info\/cutral-co-inaugura-el-primer-parque-solar-de-la-patagonia\/#breadcrumb","itemListElement":[{"@type":"ListItem","position":1,"name":"Inicio","item":"https:\/\/patagoniambiental.com.ar\/info\/"},{"@type":"ListItem","position":2,"name":"Cutral Co inaugura el primer parque solar de la Patagonia"}]},{"@type":"WebSite","@id":"https:\/\/patagoniambiental.com.ar\/info\/#website","url":"https:\/\/patagoniambiental.com.ar\/info\/","name":"Patagonia Ambiental","description":"Monitoreo y an\u00e1lisis de la situaci\u00f3n geopol\u00edtica en el mundo y su implicancia en la Patagonia","publisher":{"@id":"https:\/\/patagoniambiental.com.ar\/info\/#organization"},"potentialAction":[{"@type":"SearchAction","target":{"@type":"EntryPoint","urlTemplate":"https:\/\/patagoniambiental.com.ar\/info\/?s={search_term_string}"},"query-input":{"@type":"PropertyValueSpecification","valueRequired":true,"valueName":"search_term_string"}}],"inLanguage":"es"},{"@type":"Organization","@id":"https:\/\/patagoniambiental.com.ar\/info\/#organization","name":"Patagonia Ambiental","url":"https:\/\/patagoniambiental.com.ar\/info\/","logo":{"@type":"ImageObject","inLanguage":"es","@id":"https:\/\/patagoniambiental.com.ar\/info\/#\/schema\/logo\/image\/","url":"https:\/\/patagoniambiental.com.ar\/info\/wp-content\/uploads\/2025\/05\/LOGO-PATAGONIA-AMBIENTAL.png","contentUrl":"https:\/\/patagoniambiental.com.ar\/info\/wp-content\/uploads\/2025\/05\/LOGO-PATAGONIA-AMBIENTAL.png","width":433,"height":250,"caption":"Patagonia Ambiental"},"image":{"@id":"https:\/\/patagoniambiental.com.ar\/info\/#\/schema\/logo\/image\/"},"sameAs":["https:\/\/www.facebook.com\/patagonia.ambiental","https:\/\/x.com\/PatAmb"]},{"@type":"Person","@id":"https:\/\/patagoniambiental.com.ar\/info\/#\/schema\/person\/db12bff64bbcbf6a253710bf0ea37b5d","name":"Patagonia Ambiental","description":"Andr\u00e9s Nievas T\u00e9cnico en manejo ambiental, consultor Ambiental y escritor para medios locales e internacionales sobre temas de geopolitica y medio ambiente.","sameAs":["http:\/\/www.patagoniambiental.com.ar","https:\/\/www.facebook.com\/share\/1C1V8Gv9BX\/?mibextid=qi2Omg","@patagoniambiental","https:\/\/youtube.com\/@patagoniaambiental2023?si=BLt58t0wuXquxlYZ"]}]}},"_links":{"self":[{"href":"https:\/\/patagoniambiental.com.ar\/info\/wp-json\/wp\/v2\/posts\/91343","targetHints":{"allow":["GET"]}}],"collection":[{"href":"https:\/\/patagoniambiental.com.ar\/info\/wp-json\/wp\/v2\/posts"}],"about":[{"href":"https:\/\/patagoniambiental.com.ar\/info\/wp-json\/wp\/v2\/types\/post"}],"author":[{"embeddable":true,"href":"https:\/\/patagoniambiental.com.ar\/info\/wp-json\/wp\/v2\/users\/2"}],"replies":[{"embeddable":true,"href":"https:\/\/patagoniambiental.com.ar\/info\/wp-json\/wp\/v2\/comments?post=91343"}],"version-history":[{"count":0,"href":"https:\/\/patagoniambiental.com.ar\/info\/wp-json\/wp\/v2\/posts\/91343\/revisions"}],"wp:featuredmedia":[{"embeddable":true,"href":"https:\/\/patagoniambiental.com.ar\/info\/wp-json\/wp\/v2\/media\/91345"}],"wp:attachment":[{"href":"https:\/\/patagoniambiental.com.ar\/info\/wp-json\/wp\/v2\/media?parent=91343"}],"wp:term":[{"taxonomy":"category","embeddable":true,"href":"https:\/\/patagoniambiental.com.ar\/info\/wp-json\/wp\/v2\/categories?post=91343"},{"taxonomy":"post_tag","embeddable":true,"href":"https:\/\/patagoniambiental.com.ar\/info\/wp-json\/wp\/v2\/tags?post=91343"}],"curies":[{"name":"wp","href":"https:\/\/api.w.org\/{rel}","templated":true}]}}