{"id":91355,"date":"2024-10-23T00:58:22","date_gmt":"2024-10-23T03:58:22","guid":{"rendered":"https:\/\/patagoniambiental.com.ar\/info\/?p=91355"},"modified":"2025-05-04T16:44:23","modified_gmt":"2025-05-04T19:44:23","slug":"conversatorio-en-rawson-sobre-el-libro-valle-de-gondwana","status":"publish","type":"post","link":"https:\/\/patagoniambiental.com.ar\/info\/conversatorio-en-rawson-sobre-el-libro-valle-de-gondwana\/","title":{"rendered":"Conversatorio en Rawson sobre el libro \u00abValle de Gondwana\u00bb"},"content":{"rendered":"\n<!--more-->\n\n\n\n<p>Rawson (Chubut), 23 de octubre de 2024. El 22 de octubre de 2024, la provincia de<a href=\"http:\/\/www.chubut.gov.ar\"> Chubut<\/a> llev\u00f3 a cabo un significativo conversatorio titulado \u00abValle de Gondwana: Una ruta al pasado de la Patagonia\u00bb, en el Centro Cultural Provincial de Rawson. Este evento, organizado por la Subsecretar\u00eda de Cultura y la Secretar\u00eda de Ciencia y Tecnolog\u00eda<\/p>\n\n\n\n<p>, tuvo como principal objetivo fomentar la comprensi\u00f3n del patrimonio paleontol\u00f3gico y geol\u00f3gico de la regi\u00f3n, al tiempo que se promovi\u00f3 el turismo cient\u00edfico cultural en la provincia.<\/p>\n\n\n\n<p><a href=\"https:\/\/patagoniambiental.com.ar\/info\/charla-sobre-el-valle-de-gondwana-un-viaje-al-pasado-de-la-patagonia\/\">Noticia relacionada: <strong>Charla sobre el valle de Gondwana: Un viaje al pasado de la Patagonia<\/strong><br><br><\/a><\/p>\n\n\n\n<p>El conversatorio atrajo a un numeroso p\u00fablico, que tuvo la oportunidad de profundizar en los procesos geol\u00f3gicos que han dado forma a los paisajes \u00fanicos de Chubut. Durante la jornada, se present\u00f3 el libro digital \u00abValle Gondwana\u00bb, una gu\u00eda accesible que recorre diversas localidades de la provincia desde una perspectiva geol\u00f3gica, paleontol\u00f3gica y paisaj\u00edstica. Esta obra, disponible de manera gratuita en el sitio web de la Secretar\u00eda de Ciencia y Tecnolog\u00eda, fue elaborada por un equipo de expertos, incluyendo a Jos\u00e9 Luis Carballido, Ignacio Escapa, Marcelo Krause, Juan Ignacio Pollio, Pablo Puerta y Federico Abondio.<\/p>\n\n\n\n<p><a href=\"https:\/\/patagoniambiental.com.ar\/info\/chubut-presenta-el-corredor-valle-de-gondwana-turistico-ecologico\/\">Noticia relacionada: <strong>Chubut Presenta el Corredor Valle de Gondwana, tur\u00edstico ecol\u00f3gico<\/strong><br><\/a><br><\/p>\n\n\n\n<p>Ignacio Escapa, uno de los autores del libro, encabez\u00f3 el conversatorio y subray\u00f3 la importancia de contribuir al conocimiento del legado paleontol\u00f3gico y geol\u00f3gico de Chubut. Destac\u00f3 que el proyecto busca potenciar el turismo cient\u00edfico cultural en la regi\u00f3n, ofreciendo una alternativa sostenible y enriquecedora tanto para visitantes como para los habitantes locales.<\/p>\n\n\n\n<p>El libro \u00abValle Gondwana\u00bb est\u00e1 estructurado en ocho zonas geogr\u00e1ficas, abarcando m\u00e1s de 30 puntos de inter\u00e9s que permiten a los lectores explorar 200 millones de a\u00f1os de historia del continente. Claudio Serrano, director de Divulgaci\u00f3n del Patrimonio Cultural, concluy\u00f3 el evento afirmando que Chubut es un verdadero \u00abMuseo Natural\u00bb con una riqueza patrimonial incomparable, que merece ser promovida y preservada para las futuras generaciones.<\/p>\n","protected":false},"excerpt":{"rendered":"","protected":false},"author":2,"featured_media":91356,"comment_status":"open","ping_status":"open","sticky":false,"template":"","format":"standard","meta":{"site-sidebar-layout":"default","site-content-layout":"","ast-site-content-layout":"default","site-content-style":"default","site-sidebar-style":"default","ast-global-header-display":"","ast-banner-title-visibility":"","ast-main-header-display":"","ast-hfb-above-header-display":"","ast-hfb-below-header-display":"","ast-hfb-mobile-header-display":"","site-post-title":"","ast-breadcrumbs-content":"","ast-featured-img":"","footer-sml-layout":"","ast-disable-related-posts":"","theme-transparent-header-meta":"","adv-header-id-meta":"","stick-header-meta":"","header-above-stick-meta":"","header-main-stick-meta":"","header-below-stick-meta":"","astra-migrate-meta-layouts":"default","ast-page-background-enabled":"default","ast-page-background-meta":{"desktop":{"background-color":"var(--ast-global-color-5)","background-image":"","background-repeat":"repeat","background-position":"center center","background-size":"auto","background-attachment":"scroll","background-type":"","background-media":"","overlay-type":"","overlay-color":"","overlay-opacity":"","overlay-gradient":""},"tablet":{"background-color":"","background-image":"","background-repeat":"repeat","background-position":"center center","background-size":"auto","background-attachment":"scroll","background-type":"","background-media":"","overlay-type":"","overlay-color":"","overlay-opacity":"","overlay-gradient":""},"mobile":{"background-color":"","background-image":"","background-repeat":"repeat","background-position":"center center","background-size":"auto","background-attachment":"scroll","background-type":"","background-media":"","overlay-type":"","overlay-color":"","overlay-opacity":"","overlay-gradient":""}},"ast-content-background-meta":{"desktop":{"background-color":"var(--ast-global-color-4)","background-image":"","background-repeat":"repeat","background-position":"center center","background-size":"auto","background-attachment":"scroll","background-type":"","background-media":"","overlay-type":"","overlay-color":"","overlay-opacity":"","overlay-gradient":""},"tablet":{"background-color":"var(--ast-global-color-4)","background-image":"","background-repeat":"repeat","background-position":"center center","background-size":"auto","background-attachment":"scroll","background-type":"","background-media":"","overlay-type":"","overlay-color":"","overlay-opacity":"","overlay-gradient":""},"mobile":{"background-color":"var(--ast-global-color-4)","background-image":"","background-repeat":"repeat","background-position":"center center","background-size":"auto","background-attachment":"scroll","background-type":"","background-media":"","overlay-type":"","overlay-color":"","overlay-opacity":"","overlay-gradient":""}},"footnotes":""},"categories":[12,26,1,13],"tags":[],"class_list":["post-91355","post","type-post","status-publish","format-standard","has-post-thumbnail","hentry","category-agenda-ambiental","category-chubut","category-noticias","category-provinciales"],"yoast_head":"<!-- This site is optimized with the Yoast SEO Premium plugin v23.0 (Yoast SEO v27.5) - https:\/\/yoast.com\/product\/yoast-seo-premium-wordpress\/ -->\n<title>Conversatorio en Rawson sobre el libro &quot;Valle de Gondwana&quot;<\/title>\n<meta name=\"description\" content=\"La provincia de Chubut llev\u00f3 a cabo un significativo conversatorio titulado &quot;Valle de Gondwana: Una ruta al pasado de la Patagonia&quot;\" \/>\n<meta name=\"robots\" content=\"index, follow, max-snippet:-1, max-image-preview:large, max-video-preview:-1\" \/>\n<link rel=\"canonical\" href=\"https:\/\/patagoniambiental.com.ar\/info\/conversatorio-en-rawson-sobre-el-libro-valle-de-gondwana\/\" \/>\n<meta property=\"og:locale\" content=\"es_ES\" \/>\n<meta property=\"og:type\" content=\"article\" \/>\n<meta property=\"og:title\" content=\"Conversatorio en Rawson sobre el libro &quot;Valle de Gondwana&quot;\" \/>\n<meta property=\"og:description\" content=\"La provincia de Chubut llev\u00f3 a cabo un significativo conversatorio titulado &quot;Valle de Gondwana: Una ruta al pasado de la Patagonia&quot;\" \/>\n<meta property=\"og:url\" content=\"https:\/\/patagoniambiental.com.ar\/info\/conversatorio-en-rawson-sobre-el-libro-valle-de-gondwana\/\" \/>\n<meta property=\"og:site_name\" content=\"Patagonia Ambiental\" \/>\n<meta property=\"article:publisher\" content=\"https:\/\/www.facebook.com\/patagonia.ambiental\" \/>\n<meta property=\"article:author\" content=\"https:\/\/www.facebook.com\/share\/1C1V8Gv9BX\/?mibextid=qi2Omg\" \/>\n<meta property=\"article:published_time\" content=\"2024-10-23T03:58:22+00:00\" \/>\n<meta property=\"article:modified_time\" content=\"2025-05-04T19:44:23+00:00\" \/>\n<meta property=\"og:image\" content=\"https:\/\/patagoniambiental.com.ar\/info\/wp-content\/uploads\/2024\/10\/1729605991whatsapp-image-2024-10-22-at-10-15-41-am.jpeg\" \/>\n\t<meta property=\"og:image:width\" content=\"1280\" \/>\n\t<meta property=\"og:image:height\" content=\"853\" \/>\n\t<meta property=\"og:image:type\" content=\"image\/jpeg\" \/>\n<meta name=\"author\" content=\"Patagonia Ambiental\" \/>\n<meta name=\"twitter:card\" content=\"summary_large_image\" \/>\n<meta name=\"twitter:creator\" content=\"@PatAmb\" \/>\n<meta name=\"twitter:site\" content=\"@PatAmb\" \/>\n<script type=\"application\/ld+json\" class=\"yoast-schema-graph\">{\"@context\":\"https:\\\/\\\/schema.org\",\"@graph\":[{\"@type\":\"Article\",\"@id\":\"https:\\\/\\\/patagoniambiental.com.ar\\\/info\\\/conversatorio-en-rawson-sobre-el-libro-valle-de-gondwana\\\/#article\",\"isPartOf\":{\"@id\":\"https:\\\/\\\/patagoniambiental.com.ar\\\/info\\\/conversatorio-en-rawson-sobre-el-libro-valle-de-gondwana\\\/\"},\"author\":{\"name\":\"Patagonia Ambiental\",\"@id\":\"https:\\\/\\\/patagoniambiental.com.ar\\\/info\\\/#\\\/schema\\\/person\\\/db12bff64bbcbf6a253710bf0ea37b5d\"},\"headline\":\"Conversatorio en Rawson sobre el libro \u00abValle de Gondwana\u00bb\",\"datePublished\":\"2024-10-23T03:58:22+00:00\",\"dateModified\":\"2025-05-04T19:44:23+00:00\",\"mainEntityOfPage\":{\"@id\":\"https:\\\/\\\/patagoniambiental.com.ar\\\/info\\\/conversatorio-en-rawson-sobre-el-libro-valle-de-gondwana\\\/\"},\"wordCount\":352,\"commentCount\":0,\"publisher\":{\"@id\":\"https:\\\/\\\/patagoniambiental.com.ar\\\/info\\\/#organization\"},\"image\":{\"@id\":\"https:\\\/\\\/patagoniambiental.com.ar\\\/info\\\/conversatorio-en-rawson-sobre-el-libro-valle-de-gondwana\\\/#primaryimage\"},\"thumbnailUrl\":\"https:\\\/\\\/patagoniambiental.com.ar\\\/info\\\/wp-content\\\/uploads\\\/2024\\\/10\\\/1729605991whatsapp-image-2024-10-22-at-10-15-41-am.jpeg\",\"articleSection\":[\"Agenda Ambiental\",\"Chubut\",\"Noticias\",\"Provinciales\"],\"inLanguage\":\"es\",\"potentialAction\":[{\"@type\":\"CommentAction\",\"name\":\"Comment\",\"target\":[\"https:\\\/\\\/patagoniambiental.com.ar\\\/info\\\/conversatorio-en-rawson-sobre-el-libro-valle-de-gondwana\\\/#respond\"]}]},{\"@type\":\"WebPage\",\"@id\":\"https:\\\/\\\/patagoniambiental.com.ar\\\/info\\\/conversatorio-en-rawson-sobre-el-libro-valle-de-gondwana\\\/\",\"url\":\"https:\\\/\\\/patagoniambiental.com.ar\\\/info\\\/conversatorio-en-rawson-sobre-el-libro-valle-de-gondwana\\\/\",\"name\":\"Conversatorio en Rawson sobre el libro \\\"Valle de Gondwana\\\"\",\"isPartOf\":{\"@id\":\"https:\\\/\\\/patagoniambiental.com.ar\\\/info\\\/#website\"},\"primaryImageOfPage\":{\"@id\":\"https:\\\/\\\/patagoniambiental.com.ar\\\/info\\\/conversatorio-en-rawson-sobre-el-libro-valle-de-gondwana\\\/#primaryimage\"},\"image\":{\"@id\":\"https:\\\/\\\/patagoniambiental.com.ar\\\/info\\\/conversatorio-en-rawson-sobre-el-libro-valle-de-gondwana\\\/#primaryimage\"},\"thumbnailUrl\":\"https:\\\/\\\/patagoniambiental.com.ar\\\/info\\\/wp-content\\\/uploads\\\/2024\\\/10\\\/1729605991whatsapp-image-2024-10-22-at-10-15-41-am.jpeg\",\"datePublished\":\"2024-10-23T03:58:22+00:00\",\"dateModified\":\"2025-05-04T19:44:23+00:00\",\"description\":\"La provincia de Chubut llev\u00f3 a cabo un significativo conversatorio titulado \\\"Valle de Gondwana: Una ruta al pasado de la Patagonia\\\"\",\"breadcrumb\":{\"@id\":\"https:\\\/\\\/patagoniambiental.com.ar\\\/info\\\/conversatorio-en-rawson-sobre-el-libro-valle-de-gondwana\\\/#breadcrumb\"},\"inLanguage\":\"es\",\"potentialAction\":[{\"@type\":\"ReadAction\",\"target\":[\"https:\\\/\\\/patagoniambiental.com.ar\\\/info\\\/conversatorio-en-rawson-sobre-el-libro-valle-de-gondwana\\\/\"]}]},{\"@type\":\"ImageObject\",\"inLanguage\":\"es\",\"@id\":\"https:\\\/\\\/patagoniambiental.com.ar\\\/info\\\/conversatorio-en-rawson-sobre-el-libro-valle-de-gondwana\\\/#primaryimage\",\"url\":\"https:\\\/\\\/patagoniambiental.com.ar\\\/info\\\/wp-content\\\/uploads\\\/2024\\\/10\\\/1729605991whatsapp-image-2024-10-22-at-10-15-41-am.jpeg\",\"contentUrl\":\"https:\\\/\\\/patagoniambiental.com.ar\\\/info\\\/wp-content\\\/uploads\\\/2024\\\/10\\\/1729605991whatsapp-image-2024-10-22-at-10-15-41-am.jpeg\",\"width\":900,\"height\":600},{\"@type\":\"BreadcrumbList\",\"@id\":\"https:\\\/\\\/patagoniambiental.com.ar\\\/info\\\/conversatorio-en-rawson-sobre-el-libro-valle-de-gondwana\\\/#breadcrumb\",\"itemListElement\":[{\"@type\":\"ListItem\",\"position\":1,\"name\":\"Inicio\",\"item\":\"https:\\\/\\\/patagoniambiental.com.ar\\\/info\\\/\"},{\"@type\":\"ListItem\",\"position\":2,\"name\":\"Conversatorio en Rawson sobre el libro \u00abValle de Gondwana\u00bb\"}]},{\"@type\":\"WebSite\",\"@id\":\"https:\\\/\\\/patagoniambiental.com.ar\\\/info\\\/#website\",\"url\":\"https:\\\/\\\/patagoniambiental.com.ar\\\/info\\\/\",\"name\":\"Patagonia Ambiental\",\"description\":\"Monitoreo y an\u00e1lisis de la situaci\u00f3n geopol\u00edtica en el mundo y su implicancia en la Patagonia\",\"publisher\":{\"@id\":\"https:\\\/\\\/patagoniambiental.com.ar\\\/info\\\/#organization\"},\"potentialAction\":[{\"@type\":\"SearchAction\",\"target\":{\"@type\":\"EntryPoint\",\"urlTemplate\":\"https:\\\/\\\/patagoniambiental.com.ar\\\/info\\\/?s={search_term_string}\"},\"query-input\":{\"@type\":\"PropertyValueSpecification\",\"valueRequired\":true,\"valueName\":\"search_term_string\"}}],\"inLanguage\":\"es\"},{\"@type\":\"Organization\",\"@id\":\"https:\\\/\\\/patagoniambiental.com.ar\\\/info\\\/#organization\",\"name\":\"Patagonia Ambiental\",\"url\":\"https:\\\/\\\/patagoniambiental.com.ar\\\/info\\\/\",\"logo\":{\"@type\":\"ImageObject\",\"inLanguage\":\"es\",\"@id\":\"https:\\\/\\\/patagoniambiental.com.ar\\\/info\\\/#\\\/schema\\\/logo\\\/image\\\/\",\"url\":\"https:\\\/\\\/patagoniambiental.com.ar\\\/info\\\/wp-content\\\/uploads\\\/2025\\\/05\\\/LOGO-PATAGONIA-AMBIENTAL.png\",\"contentUrl\":\"https:\\\/\\\/patagoniambiental.com.ar\\\/info\\\/wp-content\\\/uploads\\\/2025\\\/05\\\/LOGO-PATAGONIA-AMBIENTAL.png\",\"width\":433,\"height\":250,\"caption\":\"Patagonia Ambiental\"},\"image\":{\"@id\":\"https:\\\/\\\/patagoniambiental.com.ar\\\/info\\\/#\\\/schema\\\/logo\\\/image\\\/\"},\"sameAs\":[\"https:\\\/\\\/www.facebook.com\\\/patagonia.ambiental\",\"https:\\\/\\\/x.com\\\/PatAmb\"]},{\"@type\":\"Person\",\"@id\":\"https:\\\/\\\/patagoniambiental.com.ar\\\/info\\\/#\\\/schema\\\/person\\\/db12bff64bbcbf6a253710bf0ea37b5d\",\"name\":\"Patagonia Ambiental\",\"description\":\"Andr\u00e9s Nievas T\u00e9cnico en manejo ambiental, consultor Ambiental y escritor para medios locales e internacionales sobre temas de geopolitica y medio ambiente.\",\"sameAs\":[\"http:\\\/\\\/www.patagoniambiental.com.ar\",\"https:\\\/\\\/www.facebook.com\\\/share\\\/1C1V8Gv9BX\\\/?mibextid=qi2Omg\",\"@patagoniambiental\",\"https:\\\/\\\/youtube.com\\\/@patagoniaambiental2023?si=BLt58t0wuXquxlYZ\"]}]}<\/script>\n<!-- \/ Yoast SEO Premium plugin. -->","yoast_head_json":{"title":"Conversatorio en Rawson sobre el libro \"Valle de Gondwana\"","description":"La provincia de Chubut llev\u00f3 a cabo un significativo conversatorio titulado \"Valle de Gondwana: Una ruta al pasado de la Patagonia\"","robots":{"index":"index","follow":"follow","max-snippet":"max-snippet:-1","max-image-preview":"max-image-preview:large","max-video-preview":"max-video-preview:-1"},"canonical":"https:\/\/patagoniambiental.com.ar\/info\/conversatorio-en-rawson-sobre-el-libro-valle-de-gondwana\/","og_locale":"es_ES","og_type":"article","og_title":"Conversatorio en Rawson sobre el libro \"Valle de Gondwana\"","og_description":"La provincia de Chubut llev\u00f3 a cabo un significativo conversatorio titulado \"Valle de Gondwana: Una ruta al pasado de la Patagonia\"","og_url":"https:\/\/patagoniambiental.com.ar\/info\/conversatorio-en-rawson-sobre-el-libro-valle-de-gondwana\/","og_site_name":"Patagonia Ambiental","article_publisher":"https:\/\/www.facebook.com\/patagonia.ambiental","article_author":"https:\/\/www.facebook.com\/share\/1C1V8Gv9BX\/?mibextid=qi2Omg","article_published_time":"2024-10-23T03:58:22+00:00","article_modified_time":"2025-05-04T19:44:23+00:00","og_image":[{"width":1280,"height":853,"url":"https:\/\/patagoniambiental.com.ar\/info\/wp-content\/uploads\/2024\/10\/1729605991whatsapp-image-2024-10-22-at-10-15-41-am.jpeg","type":"image\/jpeg"}],"author":"Patagonia Ambiental","twitter_card":"summary_large_image","twitter_creator":"@PatAmb","twitter_site":"@PatAmb","schema":{"@context":"https:\/\/schema.org","@graph":[{"@type":"Article","@id":"https:\/\/patagoniambiental.com.ar\/info\/conversatorio-en-rawson-sobre-el-libro-valle-de-gondwana\/#article","isPartOf":{"@id":"https:\/\/patagoniambiental.com.ar\/info\/conversatorio-en-rawson-sobre-el-libro-valle-de-gondwana\/"},"author":{"name":"Patagonia Ambiental","@id":"https:\/\/patagoniambiental.com.ar\/info\/#\/schema\/person\/db12bff64bbcbf6a253710bf0ea37b5d"},"headline":"Conversatorio en Rawson sobre el libro \u00abValle de Gondwana\u00bb","datePublished":"2024-10-23T03:58:22+00:00","dateModified":"2025-05-04T19:44:23+00:00","mainEntityOfPage":{"@id":"https:\/\/patagoniambiental.com.ar\/info\/conversatorio-en-rawson-sobre-el-libro-valle-de-gondwana\/"},"wordCount":352,"commentCount":0,"publisher":{"@id":"https:\/\/patagoniambiental.com.ar\/info\/#organization"},"image":{"@id":"https:\/\/patagoniambiental.com.ar\/info\/conversatorio-en-rawson-sobre-el-libro-valle-de-gondwana\/#primaryimage"},"thumbnailUrl":"https:\/\/patagoniambiental.com.ar\/info\/wp-content\/uploads\/2024\/10\/1729605991whatsapp-image-2024-10-22-at-10-15-41-am.jpeg","articleSection":["Agenda Ambiental","Chubut","Noticias","Provinciales"],"inLanguage":"es","potentialAction":[{"@type":"CommentAction","name":"Comment","target":["https:\/\/patagoniambiental.com.ar\/info\/conversatorio-en-rawson-sobre-el-libro-valle-de-gondwana\/#respond"]}]},{"@type":"WebPage","@id":"https:\/\/patagoniambiental.com.ar\/info\/conversatorio-en-rawson-sobre-el-libro-valle-de-gondwana\/","url":"https:\/\/patagoniambiental.com.ar\/info\/conversatorio-en-rawson-sobre-el-libro-valle-de-gondwana\/","name":"Conversatorio en Rawson sobre el libro \"Valle de Gondwana\"","isPartOf":{"@id":"https:\/\/patagoniambiental.com.ar\/info\/#website"},"primaryImageOfPage":{"@id":"https:\/\/patagoniambiental.com.ar\/info\/conversatorio-en-rawson-sobre-el-libro-valle-de-gondwana\/#primaryimage"},"image":{"@id":"https:\/\/patagoniambiental.com.ar\/info\/conversatorio-en-rawson-sobre-el-libro-valle-de-gondwana\/#primaryimage"},"thumbnailUrl":"https:\/\/patagoniambiental.com.ar\/info\/wp-content\/uploads\/2024\/10\/1729605991whatsapp-image-2024-10-22-at-10-15-41-am.jpeg","datePublished":"2024-10-23T03:58:22+00:00","dateModified":"2025-05-04T19:44:23+00:00","description":"La provincia de Chubut llev\u00f3 a cabo un significativo conversatorio titulado \"Valle de Gondwana: Una ruta al pasado de la Patagonia\"","breadcrumb":{"@id":"https:\/\/patagoniambiental.com.ar\/info\/conversatorio-en-rawson-sobre-el-libro-valle-de-gondwana\/#breadcrumb"},"inLanguage":"es","potentialAction":[{"@type":"ReadAction","target":["https:\/\/patagoniambiental.com.ar\/info\/conversatorio-en-rawson-sobre-el-libro-valle-de-gondwana\/"]}]},{"@type":"ImageObject","inLanguage":"es","@id":"https:\/\/patagoniambiental.com.ar\/info\/conversatorio-en-rawson-sobre-el-libro-valle-de-gondwana\/#primaryimage","url":"https:\/\/patagoniambiental.com.ar\/info\/wp-content\/uploads\/2024\/10\/1729605991whatsapp-image-2024-10-22-at-10-15-41-am.jpeg","contentUrl":"https:\/\/patagoniambiental.com.ar\/info\/wp-content\/uploads\/2024\/10\/1729605991whatsapp-image-2024-10-22-at-10-15-41-am.jpeg","width":900,"height":600},{"@type":"BreadcrumbList","@id":"https:\/\/patagoniambiental.com.ar\/info\/conversatorio-en-rawson-sobre-el-libro-valle-de-gondwana\/#breadcrumb","itemListElement":[{"@type":"ListItem","position":1,"name":"Inicio","item":"https:\/\/patagoniambiental.com.ar\/info\/"},{"@type":"ListItem","position":2,"name":"Conversatorio en Rawson sobre el libro \u00abValle de Gondwana\u00bb"}]},{"@type":"WebSite","@id":"https:\/\/patagoniambiental.com.ar\/info\/#website","url":"https:\/\/patagoniambiental.com.ar\/info\/","name":"Patagonia Ambiental","description":"Monitoreo y an\u00e1lisis de la situaci\u00f3n geopol\u00edtica en el mundo y su implicancia en la Patagonia","publisher":{"@id":"https:\/\/patagoniambiental.com.ar\/info\/#organization"},"potentialAction":[{"@type":"SearchAction","target":{"@type":"EntryPoint","urlTemplate":"https:\/\/patagoniambiental.com.ar\/info\/?s={search_term_string}"},"query-input":{"@type":"PropertyValueSpecification","valueRequired":true,"valueName":"search_term_string"}}],"inLanguage":"es"},{"@type":"Organization","@id":"https:\/\/patagoniambiental.com.ar\/info\/#organization","name":"Patagonia Ambiental","url":"https:\/\/patagoniambiental.com.ar\/info\/","logo":{"@type":"ImageObject","inLanguage":"es","@id":"https:\/\/patagoniambiental.com.ar\/info\/#\/schema\/logo\/image\/","url":"https:\/\/patagoniambiental.com.ar\/info\/wp-content\/uploads\/2025\/05\/LOGO-PATAGONIA-AMBIENTAL.png","contentUrl":"https:\/\/patagoniambiental.com.ar\/info\/wp-content\/uploads\/2025\/05\/LOGO-PATAGONIA-AMBIENTAL.png","width":433,"height":250,"caption":"Patagonia Ambiental"},"image":{"@id":"https:\/\/patagoniambiental.com.ar\/info\/#\/schema\/logo\/image\/"},"sameAs":["https:\/\/www.facebook.com\/patagonia.ambiental","https:\/\/x.com\/PatAmb"]},{"@type":"Person","@id":"https:\/\/patagoniambiental.com.ar\/info\/#\/schema\/person\/db12bff64bbcbf6a253710bf0ea37b5d","name":"Patagonia Ambiental","description":"Andr\u00e9s Nievas T\u00e9cnico en manejo ambiental, consultor Ambiental y escritor para medios locales e internacionales sobre temas de geopolitica y medio ambiente.","sameAs":["http:\/\/www.patagoniambiental.com.ar","https:\/\/www.facebook.com\/share\/1C1V8Gv9BX\/?mibextid=qi2Omg","@patagoniambiental","https:\/\/youtube.com\/@patagoniaambiental2023?si=BLt58t0wuXquxlYZ"]}]}},"_links":{"self":[{"href":"https:\/\/patagoniambiental.com.ar\/info\/wp-json\/wp\/v2\/posts\/91355","targetHints":{"allow":["GET"]}}],"collection":[{"href":"https:\/\/patagoniambiental.com.ar\/info\/wp-json\/wp\/v2\/posts"}],"about":[{"href":"https:\/\/patagoniambiental.com.ar\/info\/wp-json\/wp\/v2\/types\/post"}],"author":[{"embeddable":true,"href":"https:\/\/patagoniambiental.com.ar\/info\/wp-json\/wp\/v2\/users\/2"}],"replies":[{"embeddable":true,"href":"https:\/\/patagoniambiental.com.ar\/info\/wp-json\/wp\/v2\/comments?post=91355"}],"version-history":[{"count":0,"href":"https:\/\/patagoniambiental.com.ar\/info\/wp-json\/wp\/v2\/posts\/91355\/revisions"}],"wp:featuredmedia":[{"embeddable":true,"href":"https:\/\/patagoniambiental.com.ar\/info\/wp-json\/wp\/v2\/media\/91356"}],"wp:attachment":[{"href":"https:\/\/patagoniambiental.com.ar\/info\/wp-json\/wp\/v2\/media?parent=91355"}],"wp:term":[{"taxonomy":"category","embeddable":true,"href":"https:\/\/patagoniambiental.com.ar\/info\/wp-json\/wp\/v2\/categories?post=91355"},{"taxonomy":"post_tag","embeddable":true,"href":"https:\/\/patagoniambiental.com.ar\/info\/wp-json\/wp\/v2\/tags?post=91355"}],"curies":[{"name":"wp","href":"https:\/\/api.w.org\/{rel}","templated":true}]}}