{"id":91372,"date":"2024-10-23T23:35:09","date_gmt":"2024-10-24T02:35:09","guid":{"rendered":"https:\/\/patagoniambiental.com.ar\/info\/?p=91372"},"modified":"2025-05-04T16:44:21","modified_gmt":"2025-05-04T19:44:21","slug":"audiencia-publica-ambiental-en-picun-leufu-para-proyecto-de-riego","status":"publish","type":"post","link":"https:\/\/patagoniambiental.com.ar\/info\/audiencia-publica-ambiental-en-picun-leufu-para-proyecto-de-riego\/","title":{"rendered":"Audiencia p\u00fablica ambiental en Pic\u00fan Leuf\u00fa para proyecto de Riego"},"content":{"rendered":"\n<!--more-->\n\n\n\n<p>Hoy se llev\u00f3 a cabo una importante Audiencia P\u00fablica Ambiental en la localidad de <a href=\"http:\/\/www.picunleufu.gob.ar\/\">Pic\u00fan Leuf\u00fa<\/a>, centrada en el Proyecto de Evaluaci\u00f3n de Impacto Ambiental (E.I.A) denominado Sistematizaci\u00f3n La Picasa \u2013 Pantanito. Este proyecto tiene como objetivo la sistematizaci\u00f3n de 1.850 hect\u00e1reas para riego, destinado a la producci\u00f3n de pasturas y forrajes, lo que podr\u00eda tener un impacto significativo en la actividad agr\u00edcola de la regi\u00f3n.<\/p>\n\n\n\n<figure class=\"wp-block-image size-full\"><img fetchpriority=\"high\" decoding=\"async\" width=\"1080\" height=\"565\" src=\"https:\/\/patagoniambiental.com.ar\/info\/wp-content\/uploads\/2024\/10\/1000072902.jpg\" alt=\"\" class=\"wp-image-91374\"\/><\/figure>\n\n\n\n<p><a href=\"https:\/\/patagoniambiental.com.ar\/info\/realizaron-taller-participativo-en-picun-leufu\/\">Noticia relacionada: Realizaron taller participativo en Pic\u00fan Leuf\u00fa<\/a><br><\/p>\n\n\n\n<p>Durante la audiencia, la <a href=\"https:\/\/ambiente.neuquen.gov.ar\/\">Secretar\u00eda de Ambiente de la Provincia<\/a> facilit\u00f3 un espacio para que las empresas responsables del proyecto pudieran abordar las preocupaciones de los ciudadanos sobre sus posibles repercusiones ambientales. En el Plan de Gesti\u00f3n Ambiental presentado, se detallan las medidas de prevenci\u00f3n, mitigaci\u00f3n y recomposici\u00f3n que se implementar\u00e1n para minimizar cualquier efecto negativo.<\/p>\n\n\n\n<figure class=\"wp-block-image size-full\"><img decoding=\"async\" width=\"1080\" height=\"565\" src=\"https:\/\/patagoniambiental.com.ar\/info\/wp-content\/uploads\/2024\/10\/1000072901.jpg\" alt=\"\" class=\"wp-image-91375\"\/><\/figure>\n\n\n\n<p>La participaci\u00f3n ciudadana fue un elemento clave en este encuentro, donde los asistentes expresaron sus inquietudes y preguntas sobre el futuro del ecosistema local y los beneficios econ\u00f3micos del proyecto. Este tipo de audiencias es fundamental para asegurar que los proyectos de desarrollo sean sostenibles y que se tome en cuenta la voz de la comunidad en decisiones que afectan su entorno.<\/p>\n\n\n\n<p>El evento refleja un compromiso por parte de las autoridades para promover la transparencia y la responsabilidad ambiental, fomentando un di\u00e1logo constructivo entre la ciudadan\u00eda y las empresas involucradas en la iniciativa. A medida que avanza el proceso, se espera que contin\u00fae el intercambio de informaci\u00f3n y que se establezcan medidas efectivas para proteger el medio ambiente mientras se impulsa el desarrollo agr\u00edcola en la regi\u00f3n.<\/p>\n","protected":false},"excerpt":{"rendered":"","protected":false},"author":2,"featured_media":91373,"comment_status":"open","ping_status":"open","sticky":false,"template":"","format":"standard","meta":{"site-sidebar-layout":"default","site-content-layout":"","ast-site-content-layout":"default","site-content-style":"default","site-sidebar-style":"default","ast-global-header-display":"","ast-banner-title-visibility":"","ast-main-header-display":"","ast-hfb-above-header-display":"","ast-hfb-below-header-display":"","ast-hfb-mobile-header-display":"","site-post-title":"","ast-breadcrumbs-content":"","ast-featured-img":"","footer-sml-layout":"","ast-disable-related-posts":"","theme-transparent-header-meta":"","adv-header-id-meta":"","stick-header-meta":"","header-above-stick-meta":"","header-main-stick-meta":"","header-below-stick-meta":"","astra-migrate-meta-layouts":"default","ast-page-background-enabled":"default","ast-page-background-meta":{"desktop":{"background-color":"var(--ast-global-color-5)","background-image":"","background-repeat":"repeat","background-position":"center center","background-size":"auto","background-attachment":"scroll","background-type":"","background-media":"","overlay-type":"","overlay-color":"","overlay-opacity":"","overlay-gradient":""},"tablet":{"background-color":"","background-image":"","background-repeat":"repeat","background-position":"center center","background-size":"auto","background-attachment":"scroll","background-type":"","background-media":"","overlay-type":"","overlay-color":"","overlay-opacity":"","overlay-gradient":""},"mobile":{"background-color":"","background-image":"","background-repeat":"repeat","background-position":"center center","background-size":"auto","background-attachment":"scroll","background-type":"","background-media":"","overlay-type":"","overlay-color":"","overlay-opacity":"","overlay-gradient":""}},"ast-content-background-meta":{"desktop":{"background-color":"var(--ast-global-color-4)","background-image":"","background-repeat":"repeat","background-position":"center center","background-size":"auto","background-attachment":"scroll","background-type":"","background-media":"","overlay-type":"","overlay-color":"","overlay-opacity":"","overlay-gradient":""},"tablet":{"background-color":"var(--ast-global-color-4)","background-image":"","background-repeat":"repeat","background-position":"center center","background-size":"auto","background-attachment":"scroll","background-type":"","background-media":"","overlay-type":"","overlay-color":"","overlay-opacity":"","overlay-gradient":""},"mobile":{"background-color":"var(--ast-global-color-4)","background-image":"","background-repeat":"repeat","background-position":"center center","background-size":"auto","background-attachment":"scroll","background-type":"","background-media":"","overlay-type":"","overlay-color":"","overlay-opacity":"","overlay-gradient":""}},"footnotes":""},"categories":[12,18,1,13],"tags":[],"class_list":["post-91372","post","type-post","status-publish","format-standard","has-post-thumbnail","hentry","category-agenda-ambiental","category-neuquen","category-noticias","category-provinciales"],"yoast_head":"<!-- This site is optimized with the Yoast SEO Premium plugin v23.0 (Yoast SEO v27.5) - https:\/\/yoast.com\/product\/yoast-seo-premium-wordpress\/ -->\n<title>Audiencia p\u00fablica ambiental en Pic\u00fan Leuf\u00fa para proyecto de Riego<\/title>\n<meta name=\"description\" content=\"Hoy se llev\u00f3 a cabo una importante Audiencia P\u00fablica Ambiental en la localidad de Pic\u00fan Leuf\u00fa, centrada en el Proyecto de Evaluaci\u00f3n de Impacto Ambiental\" \/>\n<meta name=\"robots\" content=\"index, follow, max-snippet:-1, max-image-preview:large, max-video-preview:-1\" \/>\n<link rel=\"canonical\" href=\"https:\/\/patagoniambiental.com.ar\/info\/audiencia-publica-ambiental-en-picun-leufu-para-proyecto-de-riego\/\" \/>\n<meta property=\"og:locale\" content=\"es_ES\" \/>\n<meta property=\"og:type\" content=\"article\" \/>\n<meta property=\"og:title\" content=\"Audiencia p\u00fablica ambiental en Pic\u00fan Leuf\u00fa para proyecto de Riego\" \/>\n<meta property=\"og:description\" content=\"Hoy se llev\u00f3 a cabo una importante Audiencia P\u00fablica Ambiental en la localidad de Pic\u00fan Leuf\u00fa, centrada en el Proyecto de Evaluaci\u00f3n de Impacto Ambiental\" \/>\n<meta property=\"og:url\" content=\"https:\/\/patagoniambiental.com.ar\/info\/audiencia-publica-ambiental-en-picun-leufu-para-proyecto-de-riego\/\" \/>\n<meta property=\"og:site_name\" content=\"Patagonia Ambiental\" \/>\n<meta property=\"article:publisher\" content=\"https:\/\/www.facebook.com\/patagonia.ambiental\" \/>\n<meta property=\"article:author\" content=\"https:\/\/www.facebook.com\/share\/1C1V8Gv9BX\/?mibextid=qi2Omg\" \/>\n<meta property=\"article:published_time\" content=\"2024-10-24T02:35:09+00:00\" \/>\n<meta property=\"article:modified_time\" content=\"2025-05-04T19:44:21+00:00\" \/>\n<meta property=\"og:image\" content=\"https:\/\/patagoniambiental.com.ar\/info\/wp-content\/uploads\/2024\/10\/fb-img-1729736867042.jpg\" \/>\n\t<meta property=\"og:image:width\" content=\"1080\" \/>\n\t<meta property=\"og:image:height\" content=\"569\" \/>\n\t<meta property=\"og:image:type\" content=\"image\/jpeg\" \/>\n<meta name=\"author\" content=\"Patagonia Ambiental\" \/>\n<meta name=\"twitter:card\" content=\"summary_large_image\" \/>\n<meta name=\"twitter:creator\" content=\"@PatAmb\" \/>\n<meta name=\"twitter:site\" content=\"@PatAmb\" \/>\n<script type=\"application\/ld+json\" class=\"yoast-schema-graph\">{\"@context\":\"https:\\\/\\\/schema.org\",\"@graph\":[{\"@type\":\"Article\",\"@id\":\"https:\\\/\\\/patagoniambiental.com.ar\\\/info\\\/audiencia-publica-ambiental-en-picun-leufu-para-proyecto-de-riego\\\/#article\",\"isPartOf\":{\"@id\":\"https:\\\/\\\/patagoniambiental.com.ar\\\/info\\\/audiencia-publica-ambiental-en-picun-leufu-para-proyecto-de-riego\\\/\"},\"author\":{\"name\":\"Patagonia Ambiental\",\"@id\":\"https:\\\/\\\/patagoniambiental.com.ar\\\/info\\\/#\\\/schema\\\/person\\\/db12bff64bbcbf6a253710bf0ea37b5d\"},\"headline\":\"Audiencia p\u00fablica ambiental en Pic\u00fan Leuf\u00fa para proyecto de Riego\",\"datePublished\":\"2024-10-24T02:35:09+00:00\",\"dateModified\":\"2025-05-04T19:44:21+00:00\",\"mainEntityOfPage\":{\"@id\":\"https:\\\/\\\/patagoniambiental.com.ar\\\/info\\\/audiencia-publica-ambiental-en-picun-leufu-para-proyecto-de-riego\\\/\"},\"wordCount\":295,\"commentCount\":0,\"publisher\":{\"@id\":\"https:\\\/\\\/patagoniambiental.com.ar\\\/info\\\/#organization\"},\"image\":{\"@id\":\"https:\\\/\\\/patagoniambiental.com.ar\\\/info\\\/audiencia-publica-ambiental-en-picun-leufu-para-proyecto-de-riego\\\/#primaryimage\"},\"thumbnailUrl\":\"https:\\\/\\\/patagoniambiental.com.ar\\\/info\\\/wp-content\\\/uploads\\\/2024\\\/10\\\/fb-img-1729736867042.jpg\",\"articleSection\":[\"Agenda Ambiental\",\"Neuqu\u00e9n\",\"Noticias\",\"Provinciales\"],\"inLanguage\":\"es\",\"potentialAction\":[{\"@type\":\"CommentAction\",\"name\":\"Comment\",\"target\":[\"https:\\\/\\\/patagoniambiental.com.ar\\\/info\\\/audiencia-publica-ambiental-en-picun-leufu-para-proyecto-de-riego\\\/#respond\"]}]},{\"@type\":\"WebPage\",\"@id\":\"https:\\\/\\\/patagoniambiental.com.ar\\\/info\\\/audiencia-publica-ambiental-en-picun-leufu-para-proyecto-de-riego\\\/\",\"url\":\"https:\\\/\\\/patagoniambiental.com.ar\\\/info\\\/audiencia-publica-ambiental-en-picun-leufu-para-proyecto-de-riego\\\/\",\"name\":\"Audiencia p\u00fablica ambiental en Pic\u00fan Leuf\u00fa para proyecto de Riego\",\"isPartOf\":{\"@id\":\"https:\\\/\\\/patagoniambiental.com.ar\\\/info\\\/#website\"},\"primaryImageOfPage\":{\"@id\":\"https:\\\/\\\/patagoniambiental.com.ar\\\/info\\\/audiencia-publica-ambiental-en-picun-leufu-para-proyecto-de-riego\\\/#primaryimage\"},\"image\":{\"@id\":\"https:\\\/\\\/patagoniambiental.com.ar\\\/info\\\/audiencia-publica-ambiental-en-picun-leufu-para-proyecto-de-riego\\\/#primaryimage\"},\"thumbnailUrl\":\"https:\\\/\\\/patagoniambiental.com.ar\\\/info\\\/wp-content\\\/uploads\\\/2024\\\/10\\\/fb-img-1729736867042.jpg\",\"datePublished\":\"2024-10-24T02:35:09+00:00\",\"dateModified\":\"2025-05-04T19:44:21+00:00\",\"description\":\"Hoy se llev\u00f3 a cabo una importante Audiencia P\u00fablica Ambiental en la localidad de Pic\u00fan Leuf\u00fa, centrada en el Proyecto de Evaluaci\u00f3n de Impacto Ambiental\",\"breadcrumb\":{\"@id\":\"https:\\\/\\\/patagoniambiental.com.ar\\\/info\\\/audiencia-publica-ambiental-en-picun-leufu-para-proyecto-de-riego\\\/#breadcrumb\"},\"inLanguage\":\"es\",\"potentialAction\":[{\"@type\":\"ReadAction\",\"target\":[\"https:\\\/\\\/patagoniambiental.com.ar\\\/info\\\/audiencia-publica-ambiental-en-picun-leufu-para-proyecto-de-riego\\\/\"]}]},{\"@type\":\"ImageObject\",\"inLanguage\":\"es\",\"@id\":\"https:\\\/\\\/patagoniambiental.com.ar\\\/info\\\/audiencia-publica-ambiental-en-picun-leufu-para-proyecto-de-riego\\\/#primaryimage\",\"url\":\"https:\\\/\\\/patagoniambiental.com.ar\\\/info\\\/wp-content\\\/uploads\\\/2024\\\/10\\\/fb-img-1729736867042.jpg\",\"contentUrl\":\"https:\\\/\\\/patagoniambiental.com.ar\\\/info\\\/wp-content\\\/uploads\\\/2024\\\/10\\\/fb-img-1729736867042.jpg\",\"width\":1080,\"height\":569},{\"@type\":\"BreadcrumbList\",\"@id\":\"https:\\\/\\\/patagoniambiental.com.ar\\\/info\\\/audiencia-publica-ambiental-en-picun-leufu-para-proyecto-de-riego\\\/#breadcrumb\",\"itemListElement\":[{\"@type\":\"ListItem\",\"position\":1,\"name\":\"Inicio\",\"item\":\"https:\\\/\\\/patagoniambiental.com.ar\\\/info\\\/\"},{\"@type\":\"ListItem\",\"position\":2,\"name\":\"Audiencia p\u00fablica ambiental en Pic\u00fan Leuf\u00fa para proyecto de Riego\"}]},{\"@type\":\"WebSite\",\"@id\":\"https:\\\/\\\/patagoniambiental.com.ar\\\/info\\\/#website\",\"url\":\"https:\\\/\\\/patagoniambiental.com.ar\\\/info\\\/\",\"name\":\"Patagonia Ambiental\",\"description\":\"Monitoreo y an\u00e1lisis de la situaci\u00f3n geopol\u00edtica en el mundo y su implicancia en la Patagonia\",\"publisher\":{\"@id\":\"https:\\\/\\\/patagoniambiental.com.ar\\\/info\\\/#organization\"},\"potentialAction\":[{\"@type\":\"SearchAction\",\"target\":{\"@type\":\"EntryPoint\",\"urlTemplate\":\"https:\\\/\\\/patagoniambiental.com.ar\\\/info\\\/?s={search_term_string}\"},\"query-input\":{\"@type\":\"PropertyValueSpecification\",\"valueRequired\":true,\"valueName\":\"search_term_string\"}}],\"inLanguage\":\"es\"},{\"@type\":\"Organization\",\"@id\":\"https:\\\/\\\/patagoniambiental.com.ar\\\/info\\\/#organization\",\"name\":\"Patagonia Ambiental\",\"url\":\"https:\\\/\\\/patagoniambiental.com.ar\\\/info\\\/\",\"logo\":{\"@type\":\"ImageObject\",\"inLanguage\":\"es\",\"@id\":\"https:\\\/\\\/patagoniambiental.com.ar\\\/info\\\/#\\\/schema\\\/logo\\\/image\\\/\",\"url\":\"https:\\\/\\\/patagoniambiental.com.ar\\\/info\\\/wp-content\\\/uploads\\\/2025\\\/05\\\/LOGO-PATAGONIA-AMBIENTAL.png\",\"contentUrl\":\"https:\\\/\\\/patagoniambiental.com.ar\\\/info\\\/wp-content\\\/uploads\\\/2025\\\/05\\\/LOGO-PATAGONIA-AMBIENTAL.png\",\"width\":433,\"height\":250,\"caption\":\"Patagonia Ambiental\"},\"image\":{\"@id\":\"https:\\\/\\\/patagoniambiental.com.ar\\\/info\\\/#\\\/schema\\\/logo\\\/image\\\/\"},\"sameAs\":[\"https:\\\/\\\/www.facebook.com\\\/patagonia.ambiental\",\"https:\\\/\\\/x.com\\\/PatAmb\"]},{\"@type\":\"Person\",\"@id\":\"https:\\\/\\\/patagoniambiental.com.ar\\\/info\\\/#\\\/schema\\\/person\\\/db12bff64bbcbf6a253710bf0ea37b5d\",\"name\":\"Patagonia Ambiental\",\"description\":\"Andr\u00e9s Nievas T\u00e9cnico en manejo ambiental, consultor Ambiental y escritor para medios locales e internacionales sobre temas de geopolitica y medio ambiente.\",\"sameAs\":[\"http:\\\/\\\/www.patagoniambiental.com.ar\",\"https:\\\/\\\/www.facebook.com\\\/share\\\/1C1V8Gv9BX\\\/?mibextid=qi2Omg\",\"@patagoniambiental\",\"https:\\\/\\\/youtube.com\\\/@patagoniaambiental2023?si=BLt58t0wuXquxlYZ\"]}]}<\/script>\n<!-- \/ Yoast SEO Premium plugin. -->","yoast_head_json":{"title":"Audiencia p\u00fablica ambiental en Pic\u00fan Leuf\u00fa para proyecto de Riego","description":"Hoy se llev\u00f3 a cabo una importante Audiencia P\u00fablica Ambiental en la localidad de Pic\u00fan Leuf\u00fa, centrada en el Proyecto de Evaluaci\u00f3n de Impacto Ambiental","robots":{"index":"index","follow":"follow","max-snippet":"max-snippet:-1","max-image-preview":"max-image-preview:large","max-video-preview":"max-video-preview:-1"},"canonical":"https:\/\/patagoniambiental.com.ar\/info\/audiencia-publica-ambiental-en-picun-leufu-para-proyecto-de-riego\/","og_locale":"es_ES","og_type":"article","og_title":"Audiencia p\u00fablica ambiental en Pic\u00fan Leuf\u00fa para proyecto de Riego","og_description":"Hoy se llev\u00f3 a cabo una importante Audiencia P\u00fablica Ambiental en la localidad de Pic\u00fan Leuf\u00fa, centrada en el Proyecto de Evaluaci\u00f3n de Impacto Ambiental","og_url":"https:\/\/patagoniambiental.com.ar\/info\/audiencia-publica-ambiental-en-picun-leufu-para-proyecto-de-riego\/","og_site_name":"Patagonia Ambiental","article_publisher":"https:\/\/www.facebook.com\/patagonia.ambiental","article_author":"https:\/\/www.facebook.com\/share\/1C1V8Gv9BX\/?mibextid=qi2Omg","article_published_time":"2024-10-24T02:35:09+00:00","article_modified_time":"2025-05-04T19:44:21+00:00","og_image":[{"width":1080,"height":569,"url":"https:\/\/patagoniambiental.com.ar\/info\/wp-content\/uploads\/2024\/10\/fb-img-1729736867042.jpg","type":"image\/jpeg"}],"author":"Patagonia Ambiental","twitter_card":"summary_large_image","twitter_creator":"@PatAmb","twitter_site":"@PatAmb","schema":{"@context":"https:\/\/schema.org","@graph":[{"@type":"Article","@id":"https:\/\/patagoniambiental.com.ar\/info\/audiencia-publica-ambiental-en-picun-leufu-para-proyecto-de-riego\/#article","isPartOf":{"@id":"https:\/\/patagoniambiental.com.ar\/info\/audiencia-publica-ambiental-en-picun-leufu-para-proyecto-de-riego\/"},"author":{"name":"Patagonia Ambiental","@id":"https:\/\/patagoniambiental.com.ar\/info\/#\/schema\/person\/db12bff64bbcbf6a253710bf0ea37b5d"},"headline":"Audiencia p\u00fablica ambiental en Pic\u00fan Leuf\u00fa para proyecto de Riego","datePublished":"2024-10-24T02:35:09+00:00","dateModified":"2025-05-04T19:44:21+00:00","mainEntityOfPage":{"@id":"https:\/\/patagoniambiental.com.ar\/info\/audiencia-publica-ambiental-en-picun-leufu-para-proyecto-de-riego\/"},"wordCount":295,"commentCount":0,"publisher":{"@id":"https:\/\/patagoniambiental.com.ar\/info\/#organization"},"image":{"@id":"https:\/\/patagoniambiental.com.ar\/info\/audiencia-publica-ambiental-en-picun-leufu-para-proyecto-de-riego\/#primaryimage"},"thumbnailUrl":"https:\/\/patagoniambiental.com.ar\/info\/wp-content\/uploads\/2024\/10\/fb-img-1729736867042.jpg","articleSection":["Agenda Ambiental","Neuqu\u00e9n","Noticias","Provinciales"],"inLanguage":"es","potentialAction":[{"@type":"CommentAction","name":"Comment","target":["https:\/\/patagoniambiental.com.ar\/info\/audiencia-publica-ambiental-en-picun-leufu-para-proyecto-de-riego\/#respond"]}]},{"@type":"WebPage","@id":"https:\/\/patagoniambiental.com.ar\/info\/audiencia-publica-ambiental-en-picun-leufu-para-proyecto-de-riego\/","url":"https:\/\/patagoniambiental.com.ar\/info\/audiencia-publica-ambiental-en-picun-leufu-para-proyecto-de-riego\/","name":"Audiencia p\u00fablica ambiental en Pic\u00fan Leuf\u00fa para proyecto de Riego","isPartOf":{"@id":"https:\/\/patagoniambiental.com.ar\/info\/#website"},"primaryImageOfPage":{"@id":"https:\/\/patagoniambiental.com.ar\/info\/audiencia-publica-ambiental-en-picun-leufu-para-proyecto-de-riego\/#primaryimage"},"image":{"@id":"https:\/\/patagoniambiental.com.ar\/info\/audiencia-publica-ambiental-en-picun-leufu-para-proyecto-de-riego\/#primaryimage"},"thumbnailUrl":"https:\/\/patagoniambiental.com.ar\/info\/wp-content\/uploads\/2024\/10\/fb-img-1729736867042.jpg","datePublished":"2024-10-24T02:35:09+00:00","dateModified":"2025-05-04T19:44:21+00:00","description":"Hoy se llev\u00f3 a cabo una importante Audiencia P\u00fablica Ambiental en la localidad de Pic\u00fan Leuf\u00fa, centrada en el Proyecto de Evaluaci\u00f3n de Impacto Ambiental","breadcrumb":{"@id":"https:\/\/patagoniambiental.com.ar\/info\/audiencia-publica-ambiental-en-picun-leufu-para-proyecto-de-riego\/#breadcrumb"},"inLanguage":"es","potentialAction":[{"@type":"ReadAction","target":["https:\/\/patagoniambiental.com.ar\/info\/audiencia-publica-ambiental-en-picun-leufu-para-proyecto-de-riego\/"]}]},{"@type":"ImageObject","inLanguage":"es","@id":"https:\/\/patagoniambiental.com.ar\/info\/audiencia-publica-ambiental-en-picun-leufu-para-proyecto-de-riego\/#primaryimage","url":"https:\/\/patagoniambiental.com.ar\/info\/wp-content\/uploads\/2024\/10\/fb-img-1729736867042.jpg","contentUrl":"https:\/\/patagoniambiental.com.ar\/info\/wp-content\/uploads\/2024\/10\/fb-img-1729736867042.jpg","width":1080,"height":569},{"@type":"BreadcrumbList","@id":"https:\/\/patagoniambiental.com.ar\/info\/audiencia-publica-ambiental-en-picun-leufu-para-proyecto-de-riego\/#breadcrumb","itemListElement":[{"@type":"ListItem","position":1,"name":"Inicio","item":"https:\/\/patagoniambiental.com.ar\/info\/"},{"@type":"ListItem","position":2,"name":"Audiencia p\u00fablica ambiental en Pic\u00fan Leuf\u00fa para proyecto de Riego"}]},{"@type":"WebSite","@id":"https:\/\/patagoniambiental.com.ar\/info\/#website","url":"https:\/\/patagoniambiental.com.ar\/info\/","name":"Patagonia Ambiental","description":"Monitoreo y an\u00e1lisis de la situaci\u00f3n geopol\u00edtica en el mundo y su implicancia en la Patagonia","publisher":{"@id":"https:\/\/patagoniambiental.com.ar\/info\/#organization"},"potentialAction":[{"@type":"SearchAction","target":{"@type":"EntryPoint","urlTemplate":"https:\/\/patagoniambiental.com.ar\/info\/?s={search_term_string}"},"query-input":{"@type":"PropertyValueSpecification","valueRequired":true,"valueName":"search_term_string"}}],"inLanguage":"es"},{"@type":"Organization","@id":"https:\/\/patagoniambiental.com.ar\/info\/#organization","name":"Patagonia Ambiental","url":"https:\/\/patagoniambiental.com.ar\/info\/","logo":{"@type":"ImageObject","inLanguage":"es","@id":"https:\/\/patagoniambiental.com.ar\/info\/#\/schema\/logo\/image\/","url":"https:\/\/patagoniambiental.com.ar\/info\/wp-content\/uploads\/2025\/05\/LOGO-PATAGONIA-AMBIENTAL.png","contentUrl":"https:\/\/patagoniambiental.com.ar\/info\/wp-content\/uploads\/2025\/05\/LOGO-PATAGONIA-AMBIENTAL.png","width":433,"height":250,"caption":"Patagonia Ambiental"},"image":{"@id":"https:\/\/patagoniambiental.com.ar\/info\/#\/schema\/logo\/image\/"},"sameAs":["https:\/\/www.facebook.com\/patagonia.ambiental","https:\/\/x.com\/PatAmb"]},{"@type":"Person","@id":"https:\/\/patagoniambiental.com.ar\/info\/#\/schema\/person\/db12bff64bbcbf6a253710bf0ea37b5d","name":"Patagonia Ambiental","description":"Andr\u00e9s Nievas T\u00e9cnico en manejo ambiental, consultor Ambiental y escritor para medios locales e internacionales sobre temas de geopolitica y medio ambiente.","sameAs":["http:\/\/www.patagoniambiental.com.ar","https:\/\/www.facebook.com\/share\/1C1V8Gv9BX\/?mibextid=qi2Omg","@patagoniambiental","https:\/\/youtube.com\/@patagoniaambiental2023?si=BLt58t0wuXquxlYZ"]}]}},"_links":{"self":[{"href":"https:\/\/patagoniambiental.com.ar\/info\/wp-json\/wp\/v2\/posts\/91372","targetHints":{"allow":["GET"]}}],"collection":[{"href":"https:\/\/patagoniambiental.com.ar\/info\/wp-json\/wp\/v2\/posts"}],"about":[{"href":"https:\/\/patagoniambiental.com.ar\/info\/wp-json\/wp\/v2\/types\/post"}],"author":[{"embeddable":true,"href":"https:\/\/patagoniambiental.com.ar\/info\/wp-json\/wp\/v2\/users\/2"}],"replies":[{"embeddable":true,"href":"https:\/\/patagoniambiental.com.ar\/info\/wp-json\/wp\/v2\/comments?post=91372"}],"version-history":[{"count":0,"href":"https:\/\/patagoniambiental.com.ar\/info\/wp-json\/wp\/v2\/posts\/91372\/revisions"}],"wp:featuredmedia":[{"embeddable":true,"href":"https:\/\/patagoniambiental.com.ar\/info\/wp-json\/wp\/v2\/media\/91373"}],"wp:attachment":[{"href":"https:\/\/patagoniambiental.com.ar\/info\/wp-json\/wp\/v2\/media?parent=91372"}],"wp:term":[{"taxonomy":"category","embeddable":true,"href":"https:\/\/patagoniambiental.com.ar\/info\/wp-json\/wp\/v2\/categories?post=91372"},{"taxonomy":"post_tag","embeddable":true,"href":"https:\/\/patagoniambiental.com.ar\/info\/wp-json\/wp\/v2\/tags?post=91372"}],"curies":[{"name":"wp","href":"https:\/\/api.w.org\/{rel}","templated":true}]}}