{"id":91404,"date":"2024-10-28T15:41:00","date_gmt":"2024-10-28T18:41:00","guid":{"rendered":"https:\/\/patagoniambiental.com.ar\/info\/?p=91404"},"modified":"2025-05-04T16:44:13","modified_gmt":"2025-05-04T19:44:13","slug":"abren-inscripciones-para-el-curso-obligatorio-de-la-ley-yolanda-en-neuquen","status":"publish","type":"post","link":"https:\/\/patagoniambiental.com.ar\/info\/abren-inscripciones-para-el-curso-obligatorio-de-la-ley-yolanda-en-neuquen\/","title":{"rendered":"Abren inscripciones para el curso obligatorio de la Ley Yolanda en Neuqu\u00e9n"},"content":{"rendered":"\n<!--more-->\n\n\n\n<p>Neuqu\u00e9n, 28 de octubre de 2024.\u2013 La <a href=\"https:\/\/ambiente.neuquen.gov.ar\/\">Secretar\u00eda de Ambiente<\/a>, bajo el ministerio de Energ\u00eda y Recursos Naturales, ha anunciado la apertura de inscripciones para la octava edici\u00f3n de la capacitaci\u00f3n obligatoria de la Ley Yolanda. Esta formaci\u00f3n est\u00e1 destinada a agentes p\u00fablicos de la provincia y se llevar\u00e1 a cabo hasta el 8 de noviembre.<\/p>\n\n\n\n<p><a href=\"https:\/\/patagoniambiental.com.ar\/info\/nueva-edicion-del-curso-obligatorio-de-ambiente-de-la-ley-yolanda-en-neuquen\/\">Noticia relacionada: Nueva edici\u00f3n del curso obligatorio de Ambiente de la Ley Yolanda en Neuqu\u00e9n<\/a><\/p>\n\n\n\n<p>Desde el inicio del a\u00f1o, se han realizado ocho ediciones de este curso, donde han participado representantes de diversos \u00e1mbitos provinciales y gobiernos locales. Los interesados pueden registrarse en el sitio web [capacitaci\u00f3n.neuquen.gov.ar](https:\/\/capacitacion.neuquen.gov.ar\/convocatorias\/), donde deber\u00e1n completar un formulario para asegurar su participaci\u00f3n. La selecci\u00f3n de los candidatos se realizar\u00e1 seg\u00fan el cupo establecido.<\/p>\n\n\n\n<p><a href=\"https:\/\/patagoniambiental.com.ar\/info\/la-querella-en-la-causa-comarsa-pedira-la-aplicacion-de-la-ley-yolanda-en-la-justicia-de-neuquen\/\">Noticia relacionada: La querella en la causa Comarsa pedir\u00e1 aplicar la ley Yolanda en la justicia de Neuqu\u00e9n <\/a><\/p>\n\n\n\n<p>La Ley Yolanda busca promover una formaci\u00f3n integral en desarrollo sostenible para los funcionarios de los tres poderes del Estado. A trav\u00e9s de este curso, se busca fomentar una mayor conciencia ambiental que influya no solo en las decisiones laborales, sino tambi\u00e9n en la vida cotidiana de los agentes p\u00fablicos.<\/p>\n\n\n\n<p><a href=\"https:\/\/patagoniambiental.com.ar\/info\/comenzo-la-capacitacion-virtual-de-la-ley-yolanda-en-neuquen\/\">Noticia relacionada: Comenz\u00f3 la capacitaci\u00f3n de la \u201cLey Yolanda\u201d en Neuquen<\/a><\/p>\n\n\n\n<p>Este esfuerzo es coordinado entre la Secretar\u00eda de Ambiente y la Direcci\u00f3n Superior de Capacitaci\u00f3n y Fortalecimiento de la Funci\u00f3n P\u00fablica del Ministerio Jefatura de Gabinete. La Ley Yolanda, sancionada el 25 de marzo de 2021, forma parte de un compromiso m\u00e1s amplio, adhiriendo a la Ley Nacional 27.592, que establece la obligaci\u00f3n de capacitar a todo el personal del Estado en temas ambientales.<\/p>\n\n\n\n<p>El objetivo principal de esta normativa es asegurar que los funcionarios y empleados p\u00fablicos entiendan la importancia de integrar la perspectiva ambiental en la planificaci\u00f3n y ejecuci\u00f3n de pol\u00edticas p\u00fablicas. De esta manera, se busca contribuir a la construcci\u00f3n de un pa\u00eds m\u00e1s sostenible desde la gesti\u00f3n estatal.<\/p>\n\n\n\n<p><a href=\"https:\/\/patagoniambiental.com.ar\/info\/neuquen-comenzara-a-capacitar-en-medioambiente-con-la-ley-yolanda\/\">Noticia relacionada: Neuqu\u00e9n comenzar\u00e1 a capacitar en medioambiente con la Ley Yolanda<\/a><\/p>\n","protected":false},"excerpt":{"rendered":"","protected":false},"author":2,"featured_media":91405,"comment_status":"open","ping_status":"open","sticky":false,"template":"","format":"standard","meta":{"site-sidebar-layout":"default","site-content-layout":"","ast-site-content-layout":"default","site-content-style":"default","site-sidebar-style":"default","ast-global-header-display":"","ast-banner-title-visibility":"","ast-main-header-display":"","ast-hfb-above-header-display":"","ast-hfb-below-header-display":"","ast-hfb-mobile-header-display":"","site-post-title":"","ast-breadcrumbs-content":"","ast-featured-img":"","footer-sml-layout":"","ast-disable-related-posts":"","theme-transparent-header-meta":"","adv-header-id-meta":"","stick-header-meta":"","header-above-stick-meta":"","header-main-stick-meta":"","header-below-stick-meta":"","astra-migrate-meta-layouts":"default","ast-page-background-enabled":"default","ast-page-background-meta":{"desktop":{"background-color":"var(--ast-global-color-5)","background-image":"","background-repeat":"repeat","background-position":"center center","background-size":"auto","background-attachment":"scroll","background-type":"","background-media":"","overlay-type":"","overlay-color":"","overlay-opacity":"","overlay-gradient":""},"tablet":{"background-color":"","background-image":"","background-repeat":"repeat","background-position":"center center","background-size":"auto","background-attachment":"scroll","background-type":"","background-media":"","overlay-type":"","overlay-color":"","overlay-opacity":"","overlay-gradient":""},"mobile":{"background-color":"","background-image":"","background-repeat":"repeat","background-position":"center center","background-size":"auto","background-attachment":"scroll","background-type":"","background-media":"","overlay-type":"","overlay-color":"","overlay-opacity":"","overlay-gradient":""}},"ast-content-background-meta":{"desktop":{"background-color":"var(--ast-global-color-4)","background-image":"","background-repeat":"repeat","background-position":"center center","background-size":"auto","background-attachment":"scroll","background-type":"","background-media":"","overlay-type":"","overlay-color":"","overlay-opacity":"","overlay-gradient":""},"tablet":{"background-color":"var(--ast-global-color-4)","background-image":"","background-repeat":"repeat","background-position":"center center","background-size":"auto","background-attachment":"scroll","background-type":"","background-media":"","overlay-type":"","overlay-color":"","overlay-opacity":"","overlay-gradient":""},"mobile":{"background-color":"var(--ast-global-color-4)","background-image":"","background-repeat":"repeat","background-position":"center center","background-size":"auto","background-attachment":"scroll","background-type":"","background-media":"","overlay-type":"","overlay-color":"","overlay-opacity":"","overlay-gradient":""}},"footnotes":""},"categories":[18,1,13],"tags":[],"class_list":["post-91404","post","type-post","status-publish","format-standard","has-post-thumbnail","hentry","category-neuquen","category-noticias","category-provinciales"],"yoast_head":"<!-- This site is optimized with the Yoast SEO Premium plugin v23.0 (Yoast SEO v27.5) - https:\/\/yoast.com\/product\/yoast-seo-premium-wordpress\/ -->\n<title>Abren inscripciones para el curso obligatorio de la Ley Yolanda en Neuqu\u00e9n<\/title>\n<meta name=\"description\" content=\"La Secretar\u00eda de Ambiente, bajo el ministerio de Energ\u00eda y Recursos Naturales, ha anunciado la apertura de inscripciones para la octava edici\u00f3n de la capacitaci\u00f3n obligatoria de la Ley Yolanda.\" \/>\n<meta name=\"robots\" content=\"index, follow, max-snippet:-1, max-image-preview:large, max-video-preview:-1\" \/>\n<link rel=\"canonical\" href=\"https:\/\/patagoniambiental.com.ar\/info\/abren-inscripciones-para-el-curso-obligatorio-de-la-ley-yolanda-en-neuquen\/\" \/>\n<meta property=\"og:locale\" content=\"es_ES\" \/>\n<meta property=\"og:type\" content=\"article\" \/>\n<meta property=\"og:title\" content=\"Abren inscripciones para el curso obligatorio de la Ley Yolanda en Neuqu\u00e9n\" \/>\n<meta property=\"og:description\" content=\"La Secretar\u00eda de Ambiente, bajo el ministerio de Energ\u00eda y Recursos Naturales, ha anunciado la apertura de inscripciones para la octava edici\u00f3n de la capacitaci\u00f3n obligatoria de la Ley Yolanda.\" \/>\n<meta property=\"og:url\" content=\"https:\/\/patagoniambiental.com.ar\/info\/abren-inscripciones-para-el-curso-obligatorio-de-la-ley-yolanda-en-neuquen\/\" \/>\n<meta property=\"og:site_name\" content=\"Patagonia Ambiental\" \/>\n<meta property=\"article:publisher\" content=\"https:\/\/www.facebook.com\/patagonia.ambiental\" \/>\n<meta property=\"article:author\" content=\"https:\/\/www.facebook.com\/share\/1C1V8Gv9BX\/?mibextid=qi2Omg\" \/>\n<meta property=\"article:published_time\" content=\"2024-10-28T18:41:00+00:00\" \/>\n<meta property=\"article:modified_time\" content=\"2025-05-04T19:44:13+00:00\" \/>\n<meta property=\"og:image\" content=\"https:\/\/patagoniambiental.com.ar\/info\/wp-content\/uploads\/2024\/10\/ley-yolanda.jpg\" \/>\n\t<meta property=\"og:image:width\" content=\"700\" \/>\n\t<meta property=\"og:image:height\" content=\"417\" \/>\n\t<meta property=\"og:image:type\" content=\"image\/jpeg\" \/>\n<meta name=\"author\" content=\"Patagonia Ambiental\" \/>\n<meta name=\"twitter:card\" content=\"summary_large_image\" \/>\n<meta name=\"twitter:creator\" content=\"@PatAmb\" \/>\n<meta name=\"twitter:site\" content=\"@PatAmb\" \/>\n<script type=\"application\/ld+json\" class=\"yoast-schema-graph\">{\"@context\":\"https:\\\/\\\/schema.org\",\"@graph\":[{\"@type\":\"Article\",\"@id\":\"https:\\\/\\\/patagoniambiental.com.ar\\\/info\\\/abren-inscripciones-para-el-curso-obligatorio-de-la-ley-yolanda-en-neuquen\\\/#article\",\"isPartOf\":{\"@id\":\"https:\\\/\\\/patagoniambiental.com.ar\\\/info\\\/abren-inscripciones-para-el-curso-obligatorio-de-la-ley-yolanda-en-neuquen\\\/\"},\"author\":{\"name\":\"Patagonia Ambiental\",\"@id\":\"https:\\\/\\\/patagoniambiental.com.ar\\\/info\\\/#\\\/schema\\\/person\\\/db12bff64bbcbf6a253710bf0ea37b5d\"},\"headline\":\"Abren inscripciones para el curso obligatorio de la Ley Yolanda en Neuqu\u00e9n\",\"datePublished\":\"2024-10-28T18:41:00+00:00\",\"dateModified\":\"2025-05-04T19:44:13+00:00\",\"mainEntityOfPage\":{\"@id\":\"https:\\\/\\\/patagoniambiental.com.ar\\\/info\\\/abren-inscripciones-para-el-curso-obligatorio-de-la-ley-yolanda-en-neuquen\\\/\"},\"wordCount\":381,\"commentCount\":0,\"publisher\":{\"@id\":\"https:\\\/\\\/patagoniambiental.com.ar\\\/info\\\/#organization\"},\"image\":{\"@id\":\"https:\\\/\\\/patagoniambiental.com.ar\\\/info\\\/abren-inscripciones-para-el-curso-obligatorio-de-la-ley-yolanda-en-neuquen\\\/#primaryimage\"},\"thumbnailUrl\":\"https:\\\/\\\/patagoniambiental.com.ar\\\/info\\\/wp-content\\\/uploads\\\/2024\\\/10\\\/ley-yolanda.jpg\",\"articleSection\":[\"Neuqu\u00e9n\",\"Noticias\",\"Provinciales\"],\"inLanguage\":\"es\",\"potentialAction\":[{\"@type\":\"CommentAction\",\"name\":\"Comment\",\"target\":[\"https:\\\/\\\/patagoniambiental.com.ar\\\/info\\\/abren-inscripciones-para-el-curso-obligatorio-de-la-ley-yolanda-en-neuquen\\\/#respond\"]}]},{\"@type\":\"WebPage\",\"@id\":\"https:\\\/\\\/patagoniambiental.com.ar\\\/info\\\/abren-inscripciones-para-el-curso-obligatorio-de-la-ley-yolanda-en-neuquen\\\/\",\"url\":\"https:\\\/\\\/patagoniambiental.com.ar\\\/info\\\/abren-inscripciones-para-el-curso-obligatorio-de-la-ley-yolanda-en-neuquen\\\/\",\"name\":\"Abren inscripciones para el curso obligatorio de la Ley Yolanda en Neuqu\u00e9n\",\"isPartOf\":{\"@id\":\"https:\\\/\\\/patagoniambiental.com.ar\\\/info\\\/#website\"},\"primaryImageOfPage\":{\"@id\":\"https:\\\/\\\/patagoniambiental.com.ar\\\/info\\\/abren-inscripciones-para-el-curso-obligatorio-de-la-ley-yolanda-en-neuquen\\\/#primaryimage\"},\"image\":{\"@id\":\"https:\\\/\\\/patagoniambiental.com.ar\\\/info\\\/abren-inscripciones-para-el-curso-obligatorio-de-la-ley-yolanda-en-neuquen\\\/#primaryimage\"},\"thumbnailUrl\":\"https:\\\/\\\/patagoniambiental.com.ar\\\/info\\\/wp-content\\\/uploads\\\/2024\\\/10\\\/ley-yolanda.jpg\",\"datePublished\":\"2024-10-28T18:41:00+00:00\",\"dateModified\":\"2025-05-04T19:44:13+00:00\",\"description\":\"La Secretar\u00eda de Ambiente, bajo el ministerio de Energ\u00eda y Recursos Naturales, ha anunciado la apertura de inscripciones para la octava edici\u00f3n de la capacitaci\u00f3n obligatoria de la Ley Yolanda.\",\"breadcrumb\":{\"@id\":\"https:\\\/\\\/patagoniambiental.com.ar\\\/info\\\/abren-inscripciones-para-el-curso-obligatorio-de-la-ley-yolanda-en-neuquen\\\/#breadcrumb\"},\"inLanguage\":\"es\",\"potentialAction\":[{\"@type\":\"ReadAction\",\"target\":[\"https:\\\/\\\/patagoniambiental.com.ar\\\/info\\\/abren-inscripciones-para-el-curso-obligatorio-de-la-ley-yolanda-en-neuquen\\\/\"]}]},{\"@type\":\"ImageObject\",\"inLanguage\":\"es\",\"@id\":\"https:\\\/\\\/patagoniambiental.com.ar\\\/info\\\/abren-inscripciones-para-el-curso-obligatorio-de-la-ley-yolanda-en-neuquen\\\/#primaryimage\",\"url\":\"https:\\\/\\\/patagoniambiental.com.ar\\\/info\\\/wp-content\\\/uploads\\\/2024\\\/10\\\/ley-yolanda.jpg\",\"contentUrl\":\"https:\\\/\\\/patagoniambiental.com.ar\\\/info\\\/wp-content\\\/uploads\\\/2024\\\/10\\\/ley-yolanda.jpg\",\"width\":700,\"height\":417},{\"@type\":\"BreadcrumbList\",\"@id\":\"https:\\\/\\\/patagoniambiental.com.ar\\\/info\\\/abren-inscripciones-para-el-curso-obligatorio-de-la-ley-yolanda-en-neuquen\\\/#breadcrumb\",\"itemListElement\":[{\"@type\":\"ListItem\",\"position\":1,\"name\":\"Inicio\",\"item\":\"https:\\\/\\\/patagoniambiental.com.ar\\\/info\\\/\"},{\"@type\":\"ListItem\",\"position\":2,\"name\":\"Abren inscripciones para el curso obligatorio de la Ley Yolanda en Neuqu\u00e9n\"}]},{\"@type\":\"WebSite\",\"@id\":\"https:\\\/\\\/patagoniambiental.com.ar\\\/info\\\/#website\",\"url\":\"https:\\\/\\\/patagoniambiental.com.ar\\\/info\\\/\",\"name\":\"Patagonia Ambiental\",\"description\":\"Monitoreo y an\u00e1lisis de la situaci\u00f3n geopol\u00edtica en el mundo y su implicancia en la Patagonia\",\"publisher\":{\"@id\":\"https:\\\/\\\/patagoniambiental.com.ar\\\/info\\\/#organization\"},\"potentialAction\":[{\"@type\":\"SearchAction\",\"target\":{\"@type\":\"EntryPoint\",\"urlTemplate\":\"https:\\\/\\\/patagoniambiental.com.ar\\\/info\\\/?s={search_term_string}\"},\"query-input\":{\"@type\":\"PropertyValueSpecification\",\"valueRequired\":true,\"valueName\":\"search_term_string\"}}],\"inLanguage\":\"es\"},{\"@type\":\"Organization\",\"@id\":\"https:\\\/\\\/patagoniambiental.com.ar\\\/info\\\/#organization\",\"name\":\"Patagonia Ambiental\",\"url\":\"https:\\\/\\\/patagoniambiental.com.ar\\\/info\\\/\",\"logo\":{\"@type\":\"ImageObject\",\"inLanguage\":\"es\",\"@id\":\"https:\\\/\\\/patagoniambiental.com.ar\\\/info\\\/#\\\/schema\\\/logo\\\/image\\\/\",\"url\":\"https:\\\/\\\/patagoniambiental.com.ar\\\/info\\\/wp-content\\\/uploads\\\/2025\\\/05\\\/LOGO-PATAGONIA-AMBIENTAL.png\",\"contentUrl\":\"https:\\\/\\\/patagoniambiental.com.ar\\\/info\\\/wp-content\\\/uploads\\\/2025\\\/05\\\/LOGO-PATAGONIA-AMBIENTAL.png\",\"width\":433,\"height\":250,\"caption\":\"Patagonia Ambiental\"},\"image\":{\"@id\":\"https:\\\/\\\/patagoniambiental.com.ar\\\/info\\\/#\\\/schema\\\/logo\\\/image\\\/\"},\"sameAs\":[\"https:\\\/\\\/www.facebook.com\\\/patagonia.ambiental\",\"https:\\\/\\\/x.com\\\/PatAmb\"]},{\"@type\":\"Person\",\"@id\":\"https:\\\/\\\/patagoniambiental.com.ar\\\/info\\\/#\\\/schema\\\/person\\\/db12bff64bbcbf6a253710bf0ea37b5d\",\"name\":\"Patagonia Ambiental\",\"description\":\"Andr\u00e9s Nievas T\u00e9cnico en manejo ambiental, consultor Ambiental y escritor para medios locales e internacionales sobre temas de geopolitica y medio ambiente.\",\"sameAs\":[\"http:\\\/\\\/www.patagoniambiental.com.ar\",\"https:\\\/\\\/www.facebook.com\\\/share\\\/1C1V8Gv9BX\\\/?mibextid=qi2Omg\",\"@patagoniambiental\",\"https:\\\/\\\/youtube.com\\\/@patagoniaambiental2023?si=BLt58t0wuXquxlYZ\"]}]}<\/script>\n<!-- \/ Yoast SEO Premium plugin. -->","yoast_head_json":{"title":"Abren inscripciones para el curso obligatorio de la Ley Yolanda en Neuqu\u00e9n","description":"La Secretar\u00eda de Ambiente, bajo el ministerio de Energ\u00eda y Recursos Naturales, ha anunciado la apertura de inscripciones para la octava edici\u00f3n de la capacitaci\u00f3n obligatoria de la Ley Yolanda.","robots":{"index":"index","follow":"follow","max-snippet":"max-snippet:-1","max-image-preview":"max-image-preview:large","max-video-preview":"max-video-preview:-1"},"canonical":"https:\/\/patagoniambiental.com.ar\/info\/abren-inscripciones-para-el-curso-obligatorio-de-la-ley-yolanda-en-neuquen\/","og_locale":"es_ES","og_type":"article","og_title":"Abren inscripciones para el curso obligatorio de la Ley Yolanda en Neuqu\u00e9n","og_description":"La Secretar\u00eda de Ambiente, bajo el ministerio de Energ\u00eda y Recursos Naturales, ha anunciado la apertura de inscripciones para la octava edici\u00f3n de la capacitaci\u00f3n obligatoria de la Ley Yolanda.","og_url":"https:\/\/patagoniambiental.com.ar\/info\/abren-inscripciones-para-el-curso-obligatorio-de-la-ley-yolanda-en-neuquen\/","og_site_name":"Patagonia Ambiental","article_publisher":"https:\/\/www.facebook.com\/patagonia.ambiental","article_author":"https:\/\/www.facebook.com\/share\/1C1V8Gv9BX\/?mibextid=qi2Omg","article_published_time":"2024-10-28T18:41:00+00:00","article_modified_time":"2025-05-04T19:44:13+00:00","og_image":[{"width":700,"height":417,"url":"https:\/\/patagoniambiental.com.ar\/info\/wp-content\/uploads\/2024\/10\/ley-yolanda.jpg","type":"image\/jpeg"}],"author":"Patagonia Ambiental","twitter_card":"summary_large_image","twitter_creator":"@PatAmb","twitter_site":"@PatAmb","schema":{"@context":"https:\/\/schema.org","@graph":[{"@type":"Article","@id":"https:\/\/patagoniambiental.com.ar\/info\/abren-inscripciones-para-el-curso-obligatorio-de-la-ley-yolanda-en-neuquen\/#article","isPartOf":{"@id":"https:\/\/patagoniambiental.com.ar\/info\/abren-inscripciones-para-el-curso-obligatorio-de-la-ley-yolanda-en-neuquen\/"},"author":{"name":"Patagonia Ambiental","@id":"https:\/\/patagoniambiental.com.ar\/info\/#\/schema\/person\/db12bff64bbcbf6a253710bf0ea37b5d"},"headline":"Abren inscripciones para el curso obligatorio de la Ley Yolanda en Neuqu\u00e9n","datePublished":"2024-10-28T18:41:00+00:00","dateModified":"2025-05-04T19:44:13+00:00","mainEntityOfPage":{"@id":"https:\/\/patagoniambiental.com.ar\/info\/abren-inscripciones-para-el-curso-obligatorio-de-la-ley-yolanda-en-neuquen\/"},"wordCount":381,"commentCount":0,"publisher":{"@id":"https:\/\/patagoniambiental.com.ar\/info\/#organization"},"image":{"@id":"https:\/\/patagoniambiental.com.ar\/info\/abren-inscripciones-para-el-curso-obligatorio-de-la-ley-yolanda-en-neuquen\/#primaryimage"},"thumbnailUrl":"https:\/\/patagoniambiental.com.ar\/info\/wp-content\/uploads\/2024\/10\/ley-yolanda.jpg","articleSection":["Neuqu\u00e9n","Noticias","Provinciales"],"inLanguage":"es","potentialAction":[{"@type":"CommentAction","name":"Comment","target":["https:\/\/patagoniambiental.com.ar\/info\/abren-inscripciones-para-el-curso-obligatorio-de-la-ley-yolanda-en-neuquen\/#respond"]}]},{"@type":"WebPage","@id":"https:\/\/patagoniambiental.com.ar\/info\/abren-inscripciones-para-el-curso-obligatorio-de-la-ley-yolanda-en-neuquen\/","url":"https:\/\/patagoniambiental.com.ar\/info\/abren-inscripciones-para-el-curso-obligatorio-de-la-ley-yolanda-en-neuquen\/","name":"Abren inscripciones para el curso obligatorio de la Ley Yolanda en Neuqu\u00e9n","isPartOf":{"@id":"https:\/\/patagoniambiental.com.ar\/info\/#website"},"primaryImageOfPage":{"@id":"https:\/\/patagoniambiental.com.ar\/info\/abren-inscripciones-para-el-curso-obligatorio-de-la-ley-yolanda-en-neuquen\/#primaryimage"},"image":{"@id":"https:\/\/patagoniambiental.com.ar\/info\/abren-inscripciones-para-el-curso-obligatorio-de-la-ley-yolanda-en-neuquen\/#primaryimage"},"thumbnailUrl":"https:\/\/patagoniambiental.com.ar\/info\/wp-content\/uploads\/2024\/10\/ley-yolanda.jpg","datePublished":"2024-10-28T18:41:00+00:00","dateModified":"2025-05-04T19:44:13+00:00","description":"La Secretar\u00eda de Ambiente, bajo el ministerio de Energ\u00eda y Recursos Naturales, ha anunciado la apertura de inscripciones para la octava edici\u00f3n de la capacitaci\u00f3n obligatoria de la Ley Yolanda.","breadcrumb":{"@id":"https:\/\/patagoniambiental.com.ar\/info\/abren-inscripciones-para-el-curso-obligatorio-de-la-ley-yolanda-en-neuquen\/#breadcrumb"},"inLanguage":"es","potentialAction":[{"@type":"ReadAction","target":["https:\/\/patagoniambiental.com.ar\/info\/abren-inscripciones-para-el-curso-obligatorio-de-la-ley-yolanda-en-neuquen\/"]}]},{"@type":"ImageObject","inLanguage":"es","@id":"https:\/\/patagoniambiental.com.ar\/info\/abren-inscripciones-para-el-curso-obligatorio-de-la-ley-yolanda-en-neuquen\/#primaryimage","url":"https:\/\/patagoniambiental.com.ar\/info\/wp-content\/uploads\/2024\/10\/ley-yolanda.jpg","contentUrl":"https:\/\/patagoniambiental.com.ar\/info\/wp-content\/uploads\/2024\/10\/ley-yolanda.jpg","width":700,"height":417},{"@type":"BreadcrumbList","@id":"https:\/\/patagoniambiental.com.ar\/info\/abren-inscripciones-para-el-curso-obligatorio-de-la-ley-yolanda-en-neuquen\/#breadcrumb","itemListElement":[{"@type":"ListItem","position":1,"name":"Inicio","item":"https:\/\/patagoniambiental.com.ar\/info\/"},{"@type":"ListItem","position":2,"name":"Abren inscripciones para el curso obligatorio de la Ley Yolanda en Neuqu\u00e9n"}]},{"@type":"WebSite","@id":"https:\/\/patagoniambiental.com.ar\/info\/#website","url":"https:\/\/patagoniambiental.com.ar\/info\/","name":"Patagonia Ambiental","description":"Monitoreo y an\u00e1lisis de la situaci\u00f3n geopol\u00edtica en el mundo y su implicancia en la Patagonia","publisher":{"@id":"https:\/\/patagoniambiental.com.ar\/info\/#organization"},"potentialAction":[{"@type":"SearchAction","target":{"@type":"EntryPoint","urlTemplate":"https:\/\/patagoniambiental.com.ar\/info\/?s={search_term_string}"},"query-input":{"@type":"PropertyValueSpecification","valueRequired":true,"valueName":"search_term_string"}}],"inLanguage":"es"},{"@type":"Organization","@id":"https:\/\/patagoniambiental.com.ar\/info\/#organization","name":"Patagonia Ambiental","url":"https:\/\/patagoniambiental.com.ar\/info\/","logo":{"@type":"ImageObject","inLanguage":"es","@id":"https:\/\/patagoniambiental.com.ar\/info\/#\/schema\/logo\/image\/","url":"https:\/\/patagoniambiental.com.ar\/info\/wp-content\/uploads\/2025\/05\/LOGO-PATAGONIA-AMBIENTAL.png","contentUrl":"https:\/\/patagoniambiental.com.ar\/info\/wp-content\/uploads\/2025\/05\/LOGO-PATAGONIA-AMBIENTAL.png","width":433,"height":250,"caption":"Patagonia Ambiental"},"image":{"@id":"https:\/\/patagoniambiental.com.ar\/info\/#\/schema\/logo\/image\/"},"sameAs":["https:\/\/www.facebook.com\/patagonia.ambiental","https:\/\/x.com\/PatAmb"]},{"@type":"Person","@id":"https:\/\/patagoniambiental.com.ar\/info\/#\/schema\/person\/db12bff64bbcbf6a253710bf0ea37b5d","name":"Patagonia Ambiental","description":"Andr\u00e9s Nievas T\u00e9cnico en manejo ambiental, consultor Ambiental y escritor para medios locales e internacionales sobre temas de geopolitica y medio ambiente.","sameAs":["http:\/\/www.patagoniambiental.com.ar","https:\/\/www.facebook.com\/share\/1C1V8Gv9BX\/?mibextid=qi2Omg","@patagoniambiental","https:\/\/youtube.com\/@patagoniaambiental2023?si=BLt58t0wuXquxlYZ"]}]}},"_links":{"self":[{"href":"https:\/\/patagoniambiental.com.ar\/info\/wp-json\/wp\/v2\/posts\/91404","targetHints":{"allow":["GET"]}}],"collection":[{"href":"https:\/\/patagoniambiental.com.ar\/info\/wp-json\/wp\/v2\/posts"}],"about":[{"href":"https:\/\/patagoniambiental.com.ar\/info\/wp-json\/wp\/v2\/types\/post"}],"author":[{"embeddable":true,"href":"https:\/\/patagoniambiental.com.ar\/info\/wp-json\/wp\/v2\/users\/2"}],"replies":[{"embeddable":true,"href":"https:\/\/patagoniambiental.com.ar\/info\/wp-json\/wp\/v2\/comments?post=91404"}],"version-history":[{"count":0,"href":"https:\/\/patagoniambiental.com.ar\/info\/wp-json\/wp\/v2\/posts\/91404\/revisions"}],"wp:featuredmedia":[{"embeddable":true,"href":"https:\/\/patagoniambiental.com.ar\/info\/wp-json\/wp\/v2\/media\/91405"}],"wp:attachment":[{"href":"https:\/\/patagoniambiental.com.ar\/info\/wp-json\/wp\/v2\/media?parent=91404"}],"wp:term":[{"taxonomy":"category","embeddable":true,"href":"https:\/\/patagoniambiental.com.ar\/info\/wp-json\/wp\/v2\/categories?post=91404"},{"taxonomy":"post_tag","embeddable":true,"href":"https:\/\/patagoniambiental.com.ar\/info\/wp-json\/wp\/v2\/tags?post=91404"}],"curies":[{"name":"wp","href":"https:\/\/api.w.org\/{rel}","templated":true}]}}