{"id":91419,"date":"2024-10-29T16:18:35","date_gmt":"2024-10-29T19:18:35","guid":{"rendered":"https:\/\/patagoniambiental.com.ar\/info\/?p=91419"},"modified":"2025-05-12T01:22:19","modified_gmt":"2025-05-12T04:22:19","slug":"autoridades-acuerdan-mejorar-la-infraestructura-en-pasos-fronterizos-de-neuquen","status":"publish","type":"post","link":"https:\/\/patagoniambiental.com.ar\/info\/autoridades-acuerdan-mejorar-la-infraestructura-en-pasos-fronterizos-de-neuquen\/","title":{"rendered":"\u00a0Acuerdan mejorar la infraestructura en pasos fronterizos de Neuqu\u00e9n"},"content":{"rendered":"\n<!--more-->\n\n\n\n<p>Villa La Angostura, 29 de octubre de 2024. \u2013 En una reuni\u00f3n clave celebrada en Villa La Angostura, el Jefe de Gabinete provincial, Juan Luis Ousset, y funcionarios nacionales acordaron trabajar en conjunto para mejorar la infraestructura de los pasos fronterizos en la provincia de Neuqu\u00e9n. Esta colaboraci\u00f3n es fundamental para optimizar el funcionamiento de los puntos de control, que juegan un papel esencial en la econom\u00eda y el desarrollo regional.<\/p>\n\n\n\n<p><a href=\"https:\/\/patagoniambiental.com.ar\/info\/neuquen-avanza-en-conectividad-binacional-con-licitacion-de-rutas\/\">Noticia relacionada: Neuqu\u00e9n avanza en conectividad binacional con licitaci\u00f3n de rutas<\/a><\/p>\n\n\n\n<p>Durante el encuentro, que reuni\u00f3 a autoridades locales y nacionales, Ousset expres\u00f3 su satisfacci\u00f3n por poder colaborar con funcionarios de primer nivel que tienen la capacidad de implementar cambios significativos en la gesti\u00f3n de estos pasos. \u201cEs crucial que podamos coordinar esfuerzos para optimizar la infraestructura fronteriza, ya que estas \u00e1reas son vitales no solo para la provincia, sino tambi\u00e9n para el pa\u00eds y la regi\u00f3n,\u201d coment\u00f3.<\/p>\n\n\n\n<p>La infraestructura fronteriza se ha convertido en un tema prioritario, especialmente considerando que los pasos como Samor\u00e9 y Pino Hachado son de competencia nacional. Seg\u00fan Tom\u00e1s Pannunzio, subsecretario del Interior, un diagn\u00f3stico reciente indica que la mayor\u00eda de estos centros se encuentran en condiciones deficientes. \u201cNos hemos encontrado con una realidad preocupante y estamos comprometidos a trabajar en soluciones efectivas,\u201d destac\u00f3.<\/p>\n\n\n\n<p><a href=\"https:\/\/patagoniambiental.com.ar\/info\/paso-minas-nuble-en-neuquen-avanzan-acciones-que-potencian-la-integracion-binacional-con-chile\/\">Noticia relacionada: Paso Minas-\u00d1uble: avanzan acciones que potencian la integraci\u00f3n binacional con Chile<br><\/a><\/p>\n\n\n\n<p>El intendente de Villa La Angostura, Javier Murer, subray\u00f3 la importancia de esta colaboraci\u00f3n. \u201cLa infraestructura actual en nuestros pasos fronterizos es insuficiente. Este encuentro nos brinda la oportunidad de desarrollar un plan que facilite una mayor agilidad y conectividad en el tr\u00e1fico fronterizo,\u201d afirm\u00f3.<\/p>\n\n\n\n<p>El compromiso incluye un relevamiento detallado de la situaci\u00f3n actual de los pasos fronterizos y la armonizaci\u00f3n de los organismos encargados de la migraci\u00f3n y la aduana. Esto busca garantizar un control m\u00e1s eficiente y una experiencia m\u00e1s fluida para los viajeros. Las autoridades se han comprometido a mantener una comunicaci\u00f3n constante para atender las demandas de infraestructura y mejorar la coordinaci\u00f3n entre los distintos niveles de gobierno.<\/p>\n\n\n\n<p>Ousset tambi\u00e9n destac\u00f3 un proyecto significativo en curso: la pavimentaci\u00f3n de la ruta Mamuil Malal, financiada por un cr\u00e9dito de la CAF (Banco de Desarrollo de Am\u00e9rica Latina). Esta obra es parte de una estrategia m\u00e1s amplia para asegurar que las fronteras de Neuqu\u00e9n est\u00e9n adecuadamente resguardadas y gestionadas, mejorando as\u00ed la seguridad y eficiencia en los pasos de ingreso.<\/p>\n\n\n\n<p>La reuni\u00f3n en Villa La Angostura representa un paso importante hacia la revitalizaci\u00f3n de los pasos fronterizos de Neuqu\u00e9n, un esfuerzo que podr\u00eda transformar la conectividad y el desarrollo econ\u00f3mico de la regi\u00f3n. La colaboraci\u00f3n entre autoridades locales y nacionales es fundamental para hacer frente a los desaf\u00edos actuales y garantizar un futuro m\u00e1s prometedor para estas \u00e1reas clave.<\/p>\n","protected":false},"excerpt":{"rendered":"","protected":false},"author":2,"featured_media":91420,"comment_status":"open","ping_status":"open","sticky":false,"template":"","format":"standard","meta":{"site-sidebar-layout":"default","site-content-layout":"","ast-site-content-layout":"default","site-content-style":"default","site-sidebar-style":"default","ast-global-header-display":"","ast-banner-title-visibility":"","ast-main-header-display":"","ast-hfb-above-header-display":"","ast-hfb-below-header-display":"","ast-hfb-mobile-header-display":"","site-post-title":"","ast-breadcrumbs-content":"","ast-featured-img":"","footer-sml-layout":"","ast-disable-related-posts":"","theme-transparent-header-meta":"","adv-header-id-meta":"","stick-header-meta":"","header-above-stick-meta":"","header-main-stick-meta":"","header-below-stick-meta":"","astra-migrate-meta-layouts":"default","ast-page-background-enabled":"default","ast-page-background-meta":{"desktop":{"background-color":"var(--ast-global-color-5)","background-image":"","background-repeat":"repeat","background-position":"center center","background-size":"auto","background-attachment":"scroll","background-type":"","background-media":"","overlay-type":"","overlay-color":"","overlay-opacity":"","overlay-gradient":""},"tablet":{"background-color":"","background-image":"","background-repeat":"repeat","background-position":"center center","background-size":"auto","background-attachment":"scroll","background-type":"","background-media":"","overlay-type":"","overlay-color":"","overlay-opacity":"","overlay-gradient":""},"mobile":{"background-color":"","background-image":"","background-repeat":"repeat","background-position":"center center","background-size":"auto","background-attachment":"scroll","background-type":"","background-media":"","overlay-type":"","overlay-color":"","overlay-opacity":"","overlay-gradient":""}},"ast-content-background-meta":{"desktop":{"background-color":"var(--ast-global-color-4)","background-image":"","background-repeat":"repeat","background-position":"center center","background-size":"auto","background-attachment":"scroll","background-type":"","background-media":"","overlay-type":"","overlay-color":"","overlay-opacity":"","overlay-gradient":""},"tablet":{"background-color":"var(--ast-global-color-4)","background-image":"","background-repeat":"repeat","background-position":"center center","background-size":"auto","background-attachment":"scroll","background-type":"","background-media":"","overlay-type":"","overlay-color":"","overlay-opacity":"","overlay-gradient":""},"mobile":{"background-color":"var(--ast-global-color-4)","background-image":"","background-repeat":"repeat","background-position":"center center","background-size":"auto","background-attachment":"scroll","background-type":"","background-media":"","overlay-type":"","overlay-color":"","overlay-opacity":"","overlay-gradient":""}},"footnotes":""},"categories":[18,1,13],"tags":[],"class_list":["post-91419","post","type-post","status-publish","format-standard","has-post-thumbnail","hentry","category-neuquen","category-noticias","category-provinciales"],"yoast_head":"<!-- This site is optimized with the Yoast SEO Premium plugin v23.0 (Yoast SEO v27.5) - https:\/\/yoast.com\/product\/yoast-seo-premium-wordpress\/ -->\n<title>\u00a0Acuerdan mejorar la infraestructura en pasos fronterizos de Neuqu\u00e9n<\/title>\n<meta name=\"description\" content=\"En Villa La Angostura, acordaron trabajar para mejorar infraestructura de pasos fronterizos\" \/>\n<meta name=\"robots\" content=\"index, follow, max-snippet:-1, max-image-preview:large, max-video-preview:-1\" \/>\n<link rel=\"canonical\" href=\"https:\/\/patagoniambiental.com.ar\/info\/autoridades-acuerdan-mejorar-la-infraestructura-en-pasos-fronterizos-de-neuquen\/\" \/>\n<meta property=\"og:locale\" content=\"es_ES\" \/>\n<meta property=\"og:type\" content=\"article\" \/>\n<meta property=\"og:title\" content=\"\u00a0Acuerdan mejorar la infraestructura en pasos fronterizos de Neuqu\u00e9n\" \/>\n<meta property=\"og:description\" content=\"En Villa La Angostura, acordaron trabajar para mejorar infraestructura de pasos fronterizos\" \/>\n<meta property=\"og:url\" content=\"https:\/\/patagoniambiental.com.ar\/info\/autoridades-acuerdan-mejorar-la-infraestructura-en-pasos-fronterizos-de-neuquen\/\" \/>\n<meta property=\"og:site_name\" content=\"Patagonia Ambiental\" \/>\n<meta property=\"article:publisher\" content=\"https:\/\/www.facebook.com\/patagonia.ambiental\" \/>\n<meta property=\"article:author\" content=\"https:\/\/www.facebook.com\/share\/1C1V8Gv9BX\/?mibextid=qi2Omg\" \/>\n<meta property=\"article:published_time\" content=\"2024-10-29T19:18:35+00:00\" \/>\n<meta property=\"article:modified_time\" content=\"2025-05-12T04:22:19+00:00\" \/>\n<meta property=\"og:image\" content=\"https:\/\/patagoniambiental.com.ar\/info\/wp-content\/uploads\/2024\/10\/infra.jpg\" \/>\n\t<meta property=\"og:image:width\" content=\"853\" \/>\n\t<meta property=\"og:image:height\" content=\"445\" \/>\n\t<meta property=\"og:image:type\" content=\"image\/jpeg\" \/>\n<meta name=\"author\" content=\"Patagonia Ambiental\" \/>\n<meta name=\"twitter:card\" content=\"summary_large_image\" \/>\n<meta name=\"twitter:creator\" content=\"@PatAmb\" \/>\n<meta name=\"twitter:site\" content=\"@PatAmb\" \/>\n<script type=\"application\/ld+json\" class=\"yoast-schema-graph\">{\"@context\":\"https:\\\/\\\/schema.org\",\"@graph\":[{\"@type\":\"Article\",\"@id\":\"https:\\\/\\\/patagoniambiental.com.ar\\\/info\\\/autoridades-acuerdan-mejorar-la-infraestructura-en-pasos-fronterizos-de-neuquen\\\/#article\",\"isPartOf\":{\"@id\":\"https:\\\/\\\/patagoniambiental.com.ar\\\/info\\\/autoridades-acuerdan-mejorar-la-infraestructura-en-pasos-fronterizos-de-neuquen\\\/\"},\"author\":{\"name\":\"Patagonia Ambiental\",\"@id\":\"https:\\\/\\\/patagoniambiental.com.ar\\\/info\\\/#\\\/schema\\\/person\\\/db12bff64bbcbf6a253710bf0ea37b5d\"},\"headline\":\"\u00a0Acuerdan mejorar la infraestructura en pasos fronterizos de Neuqu\u00e9n\",\"datePublished\":\"2024-10-29T19:18:35+00:00\",\"dateModified\":\"2025-05-12T04:22:19+00:00\",\"mainEntityOfPage\":{\"@id\":\"https:\\\/\\\/patagoniambiental.com.ar\\\/info\\\/autoridades-acuerdan-mejorar-la-infraestructura-en-pasos-fronterizos-de-neuquen\\\/\"},\"wordCount\":504,\"commentCount\":0,\"publisher\":{\"@id\":\"https:\\\/\\\/patagoniambiental.com.ar\\\/info\\\/#organization\"},\"image\":{\"@id\":\"https:\\\/\\\/patagoniambiental.com.ar\\\/info\\\/autoridades-acuerdan-mejorar-la-infraestructura-en-pasos-fronterizos-de-neuquen\\\/#primaryimage\"},\"thumbnailUrl\":\"https:\\\/\\\/patagoniambiental.com.ar\\\/info\\\/wp-content\\\/uploads\\\/2024\\\/10\\\/infra.jpg\",\"articleSection\":[\"Neuqu\u00e9n\",\"Noticias\",\"Provinciales\"],\"inLanguage\":\"es\",\"potentialAction\":[{\"@type\":\"CommentAction\",\"name\":\"Comment\",\"target\":[\"https:\\\/\\\/patagoniambiental.com.ar\\\/info\\\/autoridades-acuerdan-mejorar-la-infraestructura-en-pasos-fronterizos-de-neuquen\\\/#respond\"]}]},{\"@type\":\"WebPage\",\"@id\":\"https:\\\/\\\/patagoniambiental.com.ar\\\/info\\\/autoridades-acuerdan-mejorar-la-infraestructura-en-pasos-fronterizos-de-neuquen\\\/\",\"url\":\"https:\\\/\\\/patagoniambiental.com.ar\\\/info\\\/autoridades-acuerdan-mejorar-la-infraestructura-en-pasos-fronterizos-de-neuquen\\\/\",\"name\":\"\u00a0Acuerdan mejorar la infraestructura en pasos fronterizos de Neuqu\u00e9n\",\"isPartOf\":{\"@id\":\"https:\\\/\\\/patagoniambiental.com.ar\\\/info\\\/#website\"},\"primaryImageOfPage\":{\"@id\":\"https:\\\/\\\/patagoniambiental.com.ar\\\/info\\\/autoridades-acuerdan-mejorar-la-infraestructura-en-pasos-fronterizos-de-neuquen\\\/#primaryimage\"},\"image\":{\"@id\":\"https:\\\/\\\/patagoniambiental.com.ar\\\/info\\\/autoridades-acuerdan-mejorar-la-infraestructura-en-pasos-fronterizos-de-neuquen\\\/#primaryimage\"},\"thumbnailUrl\":\"https:\\\/\\\/patagoniambiental.com.ar\\\/info\\\/wp-content\\\/uploads\\\/2024\\\/10\\\/infra.jpg\",\"datePublished\":\"2024-10-29T19:18:35+00:00\",\"dateModified\":\"2025-05-12T04:22:19+00:00\",\"description\":\"En Villa La Angostura, acordaron trabajar para mejorar infraestructura de pasos fronterizos\",\"breadcrumb\":{\"@id\":\"https:\\\/\\\/patagoniambiental.com.ar\\\/info\\\/autoridades-acuerdan-mejorar-la-infraestructura-en-pasos-fronterizos-de-neuquen\\\/#breadcrumb\"},\"inLanguage\":\"es\",\"potentialAction\":[{\"@type\":\"ReadAction\",\"target\":[\"https:\\\/\\\/patagoniambiental.com.ar\\\/info\\\/autoridades-acuerdan-mejorar-la-infraestructura-en-pasos-fronterizos-de-neuquen\\\/\"]}]},{\"@type\":\"ImageObject\",\"inLanguage\":\"es\",\"@id\":\"https:\\\/\\\/patagoniambiental.com.ar\\\/info\\\/autoridades-acuerdan-mejorar-la-infraestructura-en-pasos-fronterizos-de-neuquen\\\/#primaryimage\",\"url\":\"https:\\\/\\\/patagoniambiental.com.ar\\\/info\\\/wp-content\\\/uploads\\\/2024\\\/10\\\/infra.jpg\",\"contentUrl\":\"https:\\\/\\\/patagoniambiental.com.ar\\\/info\\\/wp-content\\\/uploads\\\/2024\\\/10\\\/infra.jpg\",\"width\":853,\"height\":445},{\"@type\":\"BreadcrumbList\",\"@id\":\"https:\\\/\\\/patagoniambiental.com.ar\\\/info\\\/autoridades-acuerdan-mejorar-la-infraestructura-en-pasos-fronterizos-de-neuquen\\\/#breadcrumb\",\"itemListElement\":[{\"@type\":\"ListItem\",\"position\":1,\"name\":\"Inicio\",\"item\":\"https:\\\/\\\/patagoniambiental.com.ar\\\/info\\\/\"},{\"@type\":\"ListItem\",\"position\":2,\"name\":\"\u00a0Acuerdan mejorar la infraestructura en pasos fronterizos de Neuqu\u00e9n\"}]},{\"@type\":\"WebSite\",\"@id\":\"https:\\\/\\\/patagoniambiental.com.ar\\\/info\\\/#website\",\"url\":\"https:\\\/\\\/patagoniambiental.com.ar\\\/info\\\/\",\"name\":\"Patagonia Ambiental\",\"description\":\"Monitoreo y an\u00e1lisis de la situaci\u00f3n geopol\u00edtica en el mundo y su implicancia en la Patagonia\",\"publisher\":{\"@id\":\"https:\\\/\\\/patagoniambiental.com.ar\\\/info\\\/#organization\"},\"potentialAction\":[{\"@type\":\"SearchAction\",\"target\":{\"@type\":\"EntryPoint\",\"urlTemplate\":\"https:\\\/\\\/patagoniambiental.com.ar\\\/info\\\/?s={search_term_string}\"},\"query-input\":{\"@type\":\"PropertyValueSpecification\",\"valueRequired\":true,\"valueName\":\"search_term_string\"}}],\"inLanguage\":\"es\"},{\"@type\":\"Organization\",\"@id\":\"https:\\\/\\\/patagoniambiental.com.ar\\\/info\\\/#organization\",\"name\":\"Patagonia Ambiental\",\"url\":\"https:\\\/\\\/patagoniambiental.com.ar\\\/info\\\/\",\"logo\":{\"@type\":\"ImageObject\",\"inLanguage\":\"es\",\"@id\":\"https:\\\/\\\/patagoniambiental.com.ar\\\/info\\\/#\\\/schema\\\/logo\\\/image\\\/\",\"url\":\"https:\\\/\\\/patagoniambiental.com.ar\\\/info\\\/wp-content\\\/uploads\\\/2025\\\/05\\\/LOGO-PATAGONIA-AMBIENTAL.png\",\"contentUrl\":\"https:\\\/\\\/patagoniambiental.com.ar\\\/info\\\/wp-content\\\/uploads\\\/2025\\\/05\\\/LOGO-PATAGONIA-AMBIENTAL.png\",\"width\":433,\"height\":250,\"caption\":\"Patagonia Ambiental\"},\"image\":{\"@id\":\"https:\\\/\\\/patagoniambiental.com.ar\\\/info\\\/#\\\/schema\\\/logo\\\/image\\\/\"},\"sameAs\":[\"https:\\\/\\\/www.facebook.com\\\/patagonia.ambiental\",\"https:\\\/\\\/x.com\\\/PatAmb\"]},{\"@type\":\"Person\",\"@id\":\"https:\\\/\\\/patagoniambiental.com.ar\\\/info\\\/#\\\/schema\\\/person\\\/db12bff64bbcbf6a253710bf0ea37b5d\",\"name\":\"Patagonia Ambiental\",\"description\":\"Andr\u00e9s Nievas T\u00e9cnico en manejo ambiental, consultor Ambiental y escritor para medios locales e internacionales sobre temas de geopolitica y medio ambiente.\",\"sameAs\":[\"http:\\\/\\\/www.patagoniambiental.com.ar\",\"https:\\\/\\\/www.facebook.com\\\/share\\\/1C1V8Gv9BX\\\/?mibextid=qi2Omg\",\"@patagoniambiental\",\"https:\\\/\\\/youtube.com\\\/@patagoniaambiental2023?si=BLt58t0wuXquxlYZ\"]}]}<\/script>\n<!-- \/ Yoast SEO Premium plugin. -->","yoast_head_json":{"title":"\u00a0Acuerdan mejorar la infraestructura en pasos fronterizos de Neuqu\u00e9n","description":"En Villa La Angostura, acordaron trabajar para mejorar infraestructura de pasos fronterizos","robots":{"index":"index","follow":"follow","max-snippet":"max-snippet:-1","max-image-preview":"max-image-preview:large","max-video-preview":"max-video-preview:-1"},"canonical":"https:\/\/patagoniambiental.com.ar\/info\/autoridades-acuerdan-mejorar-la-infraestructura-en-pasos-fronterizos-de-neuquen\/","og_locale":"es_ES","og_type":"article","og_title":"\u00a0Acuerdan mejorar la infraestructura en pasos fronterizos de Neuqu\u00e9n","og_description":"En Villa La Angostura, acordaron trabajar para mejorar infraestructura de pasos fronterizos","og_url":"https:\/\/patagoniambiental.com.ar\/info\/autoridades-acuerdan-mejorar-la-infraestructura-en-pasos-fronterizos-de-neuquen\/","og_site_name":"Patagonia Ambiental","article_publisher":"https:\/\/www.facebook.com\/patagonia.ambiental","article_author":"https:\/\/www.facebook.com\/share\/1C1V8Gv9BX\/?mibextid=qi2Omg","article_published_time":"2024-10-29T19:18:35+00:00","article_modified_time":"2025-05-12T04:22:19+00:00","og_image":[{"width":853,"height":445,"url":"https:\/\/patagoniambiental.com.ar\/info\/wp-content\/uploads\/2024\/10\/infra.jpg","type":"image\/jpeg"}],"author":"Patagonia Ambiental","twitter_card":"summary_large_image","twitter_creator":"@PatAmb","twitter_site":"@PatAmb","schema":{"@context":"https:\/\/schema.org","@graph":[{"@type":"Article","@id":"https:\/\/patagoniambiental.com.ar\/info\/autoridades-acuerdan-mejorar-la-infraestructura-en-pasos-fronterizos-de-neuquen\/#article","isPartOf":{"@id":"https:\/\/patagoniambiental.com.ar\/info\/autoridades-acuerdan-mejorar-la-infraestructura-en-pasos-fronterizos-de-neuquen\/"},"author":{"name":"Patagonia Ambiental","@id":"https:\/\/patagoniambiental.com.ar\/info\/#\/schema\/person\/db12bff64bbcbf6a253710bf0ea37b5d"},"headline":"\u00a0Acuerdan mejorar la infraestructura en pasos fronterizos de Neuqu\u00e9n","datePublished":"2024-10-29T19:18:35+00:00","dateModified":"2025-05-12T04:22:19+00:00","mainEntityOfPage":{"@id":"https:\/\/patagoniambiental.com.ar\/info\/autoridades-acuerdan-mejorar-la-infraestructura-en-pasos-fronterizos-de-neuquen\/"},"wordCount":504,"commentCount":0,"publisher":{"@id":"https:\/\/patagoniambiental.com.ar\/info\/#organization"},"image":{"@id":"https:\/\/patagoniambiental.com.ar\/info\/autoridades-acuerdan-mejorar-la-infraestructura-en-pasos-fronterizos-de-neuquen\/#primaryimage"},"thumbnailUrl":"https:\/\/patagoniambiental.com.ar\/info\/wp-content\/uploads\/2024\/10\/infra.jpg","articleSection":["Neuqu\u00e9n","Noticias","Provinciales"],"inLanguage":"es","potentialAction":[{"@type":"CommentAction","name":"Comment","target":["https:\/\/patagoniambiental.com.ar\/info\/autoridades-acuerdan-mejorar-la-infraestructura-en-pasos-fronterizos-de-neuquen\/#respond"]}]},{"@type":"WebPage","@id":"https:\/\/patagoniambiental.com.ar\/info\/autoridades-acuerdan-mejorar-la-infraestructura-en-pasos-fronterizos-de-neuquen\/","url":"https:\/\/patagoniambiental.com.ar\/info\/autoridades-acuerdan-mejorar-la-infraestructura-en-pasos-fronterizos-de-neuquen\/","name":"\u00a0Acuerdan mejorar la infraestructura en pasos fronterizos de Neuqu\u00e9n","isPartOf":{"@id":"https:\/\/patagoniambiental.com.ar\/info\/#website"},"primaryImageOfPage":{"@id":"https:\/\/patagoniambiental.com.ar\/info\/autoridades-acuerdan-mejorar-la-infraestructura-en-pasos-fronterizos-de-neuquen\/#primaryimage"},"image":{"@id":"https:\/\/patagoniambiental.com.ar\/info\/autoridades-acuerdan-mejorar-la-infraestructura-en-pasos-fronterizos-de-neuquen\/#primaryimage"},"thumbnailUrl":"https:\/\/patagoniambiental.com.ar\/info\/wp-content\/uploads\/2024\/10\/infra.jpg","datePublished":"2024-10-29T19:18:35+00:00","dateModified":"2025-05-12T04:22:19+00:00","description":"En Villa La Angostura, acordaron trabajar para mejorar infraestructura de pasos fronterizos","breadcrumb":{"@id":"https:\/\/patagoniambiental.com.ar\/info\/autoridades-acuerdan-mejorar-la-infraestructura-en-pasos-fronterizos-de-neuquen\/#breadcrumb"},"inLanguage":"es","potentialAction":[{"@type":"ReadAction","target":["https:\/\/patagoniambiental.com.ar\/info\/autoridades-acuerdan-mejorar-la-infraestructura-en-pasos-fronterizos-de-neuquen\/"]}]},{"@type":"ImageObject","inLanguage":"es","@id":"https:\/\/patagoniambiental.com.ar\/info\/autoridades-acuerdan-mejorar-la-infraestructura-en-pasos-fronterizos-de-neuquen\/#primaryimage","url":"https:\/\/patagoniambiental.com.ar\/info\/wp-content\/uploads\/2024\/10\/infra.jpg","contentUrl":"https:\/\/patagoniambiental.com.ar\/info\/wp-content\/uploads\/2024\/10\/infra.jpg","width":853,"height":445},{"@type":"BreadcrumbList","@id":"https:\/\/patagoniambiental.com.ar\/info\/autoridades-acuerdan-mejorar-la-infraestructura-en-pasos-fronterizos-de-neuquen\/#breadcrumb","itemListElement":[{"@type":"ListItem","position":1,"name":"Inicio","item":"https:\/\/patagoniambiental.com.ar\/info\/"},{"@type":"ListItem","position":2,"name":"\u00a0Acuerdan mejorar la infraestructura en pasos fronterizos de Neuqu\u00e9n"}]},{"@type":"WebSite","@id":"https:\/\/patagoniambiental.com.ar\/info\/#website","url":"https:\/\/patagoniambiental.com.ar\/info\/","name":"Patagonia Ambiental","description":"Monitoreo y an\u00e1lisis de la situaci\u00f3n geopol\u00edtica en el mundo y su implicancia en la Patagonia","publisher":{"@id":"https:\/\/patagoniambiental.com.ar\/info\/#organization"},"potentialAction":[{"@type":"SearchAction","target":{"@type":"EntryPoint","urlTemplate":"https:\/\/patagoniambiental.com.ar\/info\/?s={search_term_string}"},"query-input":{"@type":"PropertyValueSpecification","valueRequired":true,"valueName":"search_term_string"}}],"inLanguage":"es"},{"@type":"Organization","@id":"https:\/\/patagoniambiental.com.ar\/info\/#organization","name":"Patagonia Ambiental","url":"https:\/\/patagoniambiental.com.ar\/info\/","logo":{"@type":"ImageObject","inLanguage":"es","@id":"https:\/\/patagoniambiental.com.ar\/info\/#\/schema\/logo\/image\/","url":"https:\/\/patagoniambiental.com.ar\/info\/wp-content\/uploads\/2025\/05\/LOGO-PATAGONIA-AMBIENTAL.png","contentUrl":"https:\/\/patagoniambiental.com.ar\/info\/wp-content\/uploads\/2025\/05\/LOGO-PATAGONIA-AMBIENTAL.png","width":433,"height":250,"caption":"Patagonia Ambiental"},"image":{"@id":"https:\/\/patagoniambiental.com.ar\/info\/#\/schema\/logo\/image\/"},"sameAs":["https:\/\/www.facebook.com\/patagonia.ambiental","https:\/\/x.com\/PatAmb"]},{"@type":"Person","@id":"https:\/\/patagoniambiental.com.ar\/info\/#\/schema\/person\/db12bff64bbcbf6a253710bf0ea37b5d","name":"Patagonia Ambiental","description":"Andr\u00e9s Nievas T\u00e9cnico en manejo ambiental, consultor Ambiental y escritor para medios locales e internacionales sobre temas de geopolitica y medio ambiente.","sameAs":["http:\/\/www.patagoniambiental.com.ar","https:\/\/www.facebook.com\/share\/1C1V8Gv9BX\/?mibextid=qi2Omg","@patagoniambiental","https:\/\/youtube.com\/@patagoniaambiental2023?si=BLt58t0wuXquxlYZ"]}]}},"_links":{"self":[{"href":"https:\/\/patagoniambiental.com.ar\/info\/wp-json\/wp\/v2\/posts\/91419","targetHints":{"allow":["GET"]}}],"collection":[{"href":"https:\/\/patagoniambiental.com.ar\/info\/wp-json\/wp\/v2\/posts"}],"about":[{"href":"https:\/\/patagoniambiental.com.ar\/info\/wp-json\/wp\/v2\/types\/post"}],"author":[{"embeddable":true,"href":"https:\/\/patagoniambiental.com.ar\/info\/wp-json\/wp\/v2\/users\/2"}],"replies":[{"embeddable":true,"href":"https:\/\/patagoniambiental.com.ar\/info\/wp-json\/wp\/v2\/comments?post=91419"}],"version-history":[{"count":0,"href":"https:\/\/patagoniambiental.com.ar\/info\/wp-json\/wp\/v2\/posts\/91419\/revisions"}],"wp:featuredmedia":[{"embeddable":true,"href":"https:\/\/patagoniambiental.com.ar\/info\/wp-json\/wp\/v2\/media\/91420"}],"wp:attachment":[{"href":"https:\/\/patagoniambiental.com.ar\/info\/wp-json\/wp\/v2\/media?parent=91419"}],"wp:term":[{"taxonomy":"category","embeddable":true,"href":"https:\/\/patagoniambiental.com.ar\/info\/wp-json\/wp\/v2\/categories?post=91419"},{"taxonomy":"post_tag","embeddable":true,"href":"https:\/\/patagoniambiental.com.ar\/info\/wp-json\/wp\/v2\/tags?post=91419"}],"curies":[{"name":"wp","href":"https:\/\/api.w.org\/{rel}","templated":true}]}}