{"id":91432,"date":"2024-10-30T10:12:00","date_gmt":"2024-10-30T13:12:00","guid":{"rendered":"https:\/\/patagoniambiental.com.ar\/info\/?p=91432"},"modified":"2025-05-04T16:31:23","modified_gmt":"2025-05-04T19:31:23","slug":"chubut-refuerza-su-sistema-de-informacion-ambiental-con-nuevo-convenio","status":"publish","type":"post","link":"https:\/\/patagoniambiental.com.ar\/info\/chubut-refuerza-su-sistema-de-informacion-ambiental-con-nuevo-convenio\/","title":{"rendered":"Chubut refuerza su sistema de informaci\u00f3n ambiental con nuevo convenio"},"content":{"rendered":"\n<!--more-->\n\n\n\n<p>Chubut, 30 de octubre de 2024. El <a href=\"http:\/\/www.chubut.gov.ar\">Gobierno de Chubut<\/a>, bajo la direcci\u00f3n de Ignacio \u00abNacho\u00bb Torres, ha firmado un convenio estrat\u00e9gico para fortalecer el <a href=\"https:\/\/spia.chubut.gov.ar\/\">Sistema Provincial de Informaci\u00f3n Ambiental (S.P.I.A.<\/a>). Este acuerdo, realizado en colaboraci\u00f3n con la Universidad Nacional de la Patagonia San Juan Bosco y Termap S.A., busca enriquecer la base de datos ambiental de la provincia y mejorar la transparencia en el acceso a esta informaci\u00f3n.<\/p>\n\n\n\n<p>El secretario de Ambiente y Control del Desarrollo Sustentable, Juan Jos\u00e9 Rivera, destac\u00f3 la importancia de este convenio, se\u00f1alando que representa un avance significativo para facilitar la consulta de informaci\u00f3n ambiental. \u00abEste esfuerzo ser\u00e1 fundamental para la planificaci\u00f3n de nuestras \u00e1reas costeras y la gesti\u00f3n sostenible de nuestros recursos\u00bb, afirm\u00f3.<\/p>\n\n\n\n<p>Una de las iniciativas iniciales del convenio es la incorporaci\u00f3n del Atlas de Sensibilidad Ambiental del Golfo San Jorge al S.P.I.A. Este atlas incluye siete mapas detallados que abarcan la franja costera desde Bah\u00eda Solano hasta el \u00c1rea Natural Protegida Rocas Coloradas, proporcionando informaci\u00f3n cr\u00edtica sobre los recursos biol\u00f3gicos, geol\u00f3gicos y paisaj\u00edsticos de la regi\u00f3n. Esta informaci\u00f3n es esencial para el ordenamiento territorial y la planificaci\u00f3n sostenible en Chubut.<\/p>\n\n\n\n<p>La rectora de la Universidad Nacional de la Patagonia San Juan Bosco, Lidia Blanco, tambi\u00e9n enfatiz\u00f3 el impacto del convenio, indicando que no solo permitir\u00e1 aplicar conocimientos t\u00e9cnicos y cient\u00edficos, sino que tambi\u00e9n servir\u00e1 para formar a futuras generaciones de profesionales con datos pertinentes sobre la regi\u00f3n. \u00abLa universidad debe estar presente donde la sociedad la necesita, y la cuesti\u00f3n ambiental es una prioridad\u00bb, subray\u00f3.<\/p>\n\n\n\n<p>Desde Termap S.A., el gerente general Daniel Zucas destac\u00f3 la relevancia de la colaboraci\u00f3n entre los sectores p\u00fablico, privado y acad\u00e9mico, consider\u00e1ndola un modelo eficaz de gesti\u00f3n ambiental.<\/p>\n\n\n\n<p>El convenio establece compromisos claros para las instituciones involucradas, que incluyen la recopilaci\u00f3n y sistematizaci\u00f3n de datos ambientales, as\u00ed como el mantenimiento de una base de datos interdisciplinaria de acceso p\u00fablico. Este enfoque permitir\u00e1 mantener actualizada la informaci\u00f3n relacionada con los recursos naturales y el medio ambiente en la provincia.<\/p>\n\n\n\n<p>Con esta iniciativa, Chubut marca un precedente en la gesti\u00f3n ambiental, creando una plataforma m\u00e1s robusta para la toma de decisiones informadas y participativas. Este esfuerzo no solo beneficiar\u00e1 a las generaciones actuales, sino que tambi\u00e9n sentar\u00e1 las bases para un futuro m\u00e1s sostenible en la regi\u00f3n.<\/p>\n","protected":false},"excerpt":{"rendered":"","protected":false},"author":2,"featured_media":91433,"comment_status":"open","ping_status":"open","sticky":false,"template":"","format":"standard","meta":{"site-sidebar-layout":"default","site-content-layout":"","ast-site-content-layout":"default","site-content-style":"default","site-sidebar-style":"default","ast-global-header-display":"","ast-banner-title-visibility":"","ast-main-header-display":"","ast-hfb-above-header-display":"","ast-hfb-below-header-display":"","ast-hfb-mobile-header-display":"","site-post-title":"","ast-breadcrumbs-content":"","ast-featured-img":"","footer-sml-layout":"","ast-disable-related-posts":"","theme-transparent-header-meta":"","adv-header-id-meta":"","stick-header-meta":"","header-above-stick-meta":"","header-main-stick-meta":"","header-below-stick-meta":"","astra-migrate-meta-layouts":"default","ast-page-background-enabled":"default","ast-page-background-meta":{"desktop":{"background-color":"var(--ast-global-color-5)","background-image":"","background-repeat":"repeat","background-position":"center center","background-size":"auto","background-attachment":"scroll","background-type":"","background-media":"","overlay-type":"","overlay-color":"","overlay-opacity":"","overlay-gradient":""},"tablet":{"background-color":"","background-image":"","background-repeat":"repeat","background-position":"center center","background-size":"auto","background-attachment":"scroll","background-type":"","background-media":"","overlay-type":"","overlay-color":"","overlay-opacity":"","overlay-gradient":""},"mobile":{"background-color":"","background-image":"","background-repeat":"repeat","background-position":"center center","background-size":"auto","background-attachment":"scroll","background-type":"","background-media":"","overlay-type":"","overlay-color":"","overlay-opacity":"","overlay-gradient":""}},"ast-content-background-meta":{"desktop":{"background-color":"var(--ast-global-color-4)","background-image":"","background-repeat":"repeat","background-position":"center center","background-size":"auto","background-attachment":"scroll","background-type":"","background-media":"","overlay-type":"","overlay-color":"","overlay-opacity":"","overlay-gradient":""},"tablet":{"background-color":"var(--ast-global-color-4)","background-image":"","background-repeat":"repeat","background-position":"center center","background-size":"auto","background-attachment":"scroll","background-type":"","background-media":"","overlay-type":"","overlay-color":"","overlay-opacity":"","overlay-gradient":""},"mobile":{"background-color":"var(--ast-global-color-4)","background-image":"","background-repeat":"repeat","background-position":"center center","background-size":"auto","background-attachment":"scroll","background-type":"","background-media":"","overlay-type":"","overlay-color":"","overlay-opacity":"","overlay-gradient":""}},"footnotes":""},"categories":[26,1,13],"tags":[],"class_list":["post-91432","post","type-post","status-publish","format-standard","has-post-thumbnail","hentry","category-chubut","category-noticias","category-provinciales"],"yoast_head":"<!-- This site is optimized with the Yoast SEO Premium plugin v23.0 (Yoast SEO v27.5) - https:\/\/yoast.com\/product\/yoast-seo-premium-wordpress\/ -->\n<title>Chubut refuerza su sistema de informaci\u00f3n ambiental con nuevo convenio<\/title>\n<meta name=\"description\" content=\"El Gobierno de Chubut, ha firmado un convenio estrat\u00e9gico para fortalecer el Sistema Provincial de Informaci\u00f3n Ambiental\" \/>\n<meta name=\"robots\" content=\"index, follow, max-snippet:-1, max-image-preview:large, max-video-preview:-1\" \/>\n<link rel=\"canonical\" href=\"https:\/\/patagoniambiental.com.ar\/info\/chubut-refuerza-su-sistema-de-informacion-ambiental-con-nuevo-convenio\/\" \/>\n<meta property=\"og:locale\" content=\"es_ES\" \/>\n<meta property=\"og:type\" content=\"article\" \/>\n<meta property=\"og:title\" content=\"Chubut refuerza su sistema de informaci\u00f3n ambiental con nuevo convenio\" \/>\n<meta property=\"og:description\" content=\"El Gobierno de Chubut, ha firmado un convenio estrat\u00e9gico para fortalecer el Sistema Provincial de Informaci\u00f3n Ambiental\" \/>\n<meta property=\"og:url\" content=\"https:\/\/patagoniambiental.com.ar\/info\/chubut-refuerza-su-sistema-de-informacion-ambiental-con-nuevo-convenio\/\" \/>\n<meta property=\"og:site_name\" content=\"Patagonia Ambiental\" \/>\n<meta property=\"article:publisher\" content=\"https:\/\/www.facebook.com\/patagonia.ambiental\" \/>\n<meta property=\"article:author\" content=\"https:\/\/www.facebook.com\/share\/1C1V8Gv9BX\/?mibextid=qi2Omg\" \/>\n<meta property=\"article:published_time\" content=\"2024-10-30T13:12:00+00:00\" \/>\n<meta property=\"article:modified_time\" content=\"2025-05-04T19:31:23+00:00\" \/>\n<meta property=\"og:image\" content=\"https:\/\/patagoniambiental.com.ar\/info\/wp-content\/uploads\/2024\/11\/1730300479whatsapp-image-2024-10-29-at-5-19-26-pm.jpeg\" \/>\n\t<meta property=\"og:image:width\" content=\"1600\" \/>\n\t<meta property=\"og:image:height\" content=\"1200\" \/>\n\t<meta property=\"og:image:type\" content=\"image\/jpeg\" \/>\n<meta name=\"author\" content=\"Patagonia Ambiental\" \/>\n<meta name=\"twitter:card\" content=\"summary_large_image\" \/>\n<meta name=\"twitter:creator\" content=\"@PatAmb\" \/>\n<meta name=\"twitter:site\" content=\"@PatAmb\" \/>\n<script type=\"application\/ld+json\" class=\"yoast-schema-graph\">{\"@context\":\"https:\\\/\\\/schema.org\",\"@graph\":[{\"@type\":\"Article\",\"@id\":\"https:\\\/\\\/patagoniambiental.com.ar\\\/info\\\/chubut-refuerza-su-sistema-de-informacion-ambiental-con-nuevo-convenio\\\/#article\",\"isPartOf\":{\"@id\":\"https:\\\/\\\/patagoniambiental.com.ar\\\/info\\\/chubut-refuerza-su-sistema-de-informacion-ambiental-con-nuevo-convenio\\\/\"},\"author\":{\"name\":\"Patagonia Ambiental\",\"@id\":\"https:\\\/\\\/patagoniambiental.com.ar\\\/info\\\/#\\\/schema\\\/person\\\/db12bff64bbcbf6a253710bf0ea37b5d\"},\"headline\":\"Chubut refuerza su sistema de informaci\u00f3n ambiental con nuevo convenio\",\"datePublished\":\"2024-10-30T13:12:00+00:00\",\"dateModified\":\"2025-05-04T19:31:23+00:00\",\"mainEntityOfPage\":{\"@id\":\"https:\\\/\\\/patagoniambiental.com.ar\\\/info\\\/chubut-refuerza-su-sistema-de-informacion-ambiental-con-nuevo-convenio\\\/\"},\"wordCount\":434,\"commentCount\":0,\"publisher\":{\"@id\":\"https:\\\/\\\/patagoniambiental.com.ar\\\/info\\\/#organization\"},\"image\":{\"@id\":\"https:\\\/\\\/patagoniambiental.com.ar\\\/info\\\/chubut-refuerza-su-sistema-de-informacion-ambiental-con-nuevo-convenio\\\/#primaryimage\"},\"thumbnailUrl\":\"https:\\\/\\\/patagoniambiental.com.ar\\\/info\\\/wp-content\\\/uploads\\\/2024\\\/11\\\/1730300479whatsapp-image-2024-10-29-at-5-19-26-pm.jpeg\",\"articleSection\":[\"Chubut\",\"Noticias\",\"Provinciales\"],\"inLanguage\":\"es\",\"potentialAction\":[{\"@type\":\"CommentAction\",\"name\":\"Comment\",\"target\":[\"https:\\\/\\\/patagoniambiental.com.ar\\\/info\\\/chubut-refuerza-su-sistema-de-informacion-ambiental-con-nuevo-convenio\\\/#respond\"]}]},{\"@type\":\"WebPage\",\"@id\":\"https:\\\/\\\/patagoniambiental.com.ar\\\/info\\\/chubut-refuerza-su-sistema-de-informacion-ambiental-con-nuevo-convenio\\\/\",\"url\":\"https:\\\/\\\/patagoniambiental.com.ar\\\/info\\\/chubut-refuerza-su-sistema-de-informacion-ambiental-con-nuevo-convenio\\\/\",\"name\":\"Chubut refuerza su sistema de informaci\u00f3n ambiental con nuevo convenio\",\"isPartOf\":{\"@id\":\"https:\\\/\\\/patagoniambiental.com.ar\\\/info\\\/#website\"},\"primaryImageOfPage\":{\"@id\":\"https:\\\/\\\/patagoniambiental.com.ar\\\/info\\\/chubut-refuerza-su-sistema-de-informacion-ambiental-con-nuevo-convenio\\\/#primaryimage\"},\"image\":{\"@id\":\"https:\\\/\\\/patagoniambiental.com.ar\\\/info\\\/chubut-refuerza-su-sistema-de-informacion-ambiental-con-nuevo-convenio\\\/#primaryimage\"},\"thumbnailUrl\":\"https:\\\/\\\/patagoniambiental.com.ar\\\/info\\\/wp-content\\\/uploads\\\/2024\\\/11\\\/1730300479whatsapp-image-2024-10-29-at-5-19-26-pm.jpeg\",\"datePublished\":\"2024-10-30T13:12:00+00:00\",\"dateModified\":\"2025-05-04T19:31:23+00:00\",\"description\":\"El Gobierno de Chubut, ha firmado un convenio estrat\u00e9gico para fortalecer el Sistema Provincial de Informaci\u00f3n Ambiental\",\"breadcrumb\":{\"@id\":\"https:\\\/\\\/patagoniambiental.com.ar\\\/info\\\/chubut-refuerza-su-sistema-de-informacion-ambiental-con-nuevo-convenio\\\/#breadcrumb\"},\"inLanguage\":\"es\",\"potentialAction\":[{\"@type\":\"ReadAction\",\"target\":[\"https:\\\/\\\/patagoniambiental.com.ar\\\/info\\\/chubut-refuerza-su-sistema-de-informacion-ambiental-con-nuevo-convenio\\\/\"]}]},{\"@type\":\"ImageObject\",\"inLanguage\":\"es\",\"@id\":\"https:\\\/\\\/patagoniambiental.com.ar\\\/info\\\/chubut-refuerza-su-sistema-de-informacion-ambiental-con-nuevo-convenio\\\/#primaryimage\",\"url\":\"https:\\\/\\\/patagoniambiental.com.ar\\\/info\\\/wp-content\\\/uploads\\\/2024\\\/11\\\/1730300479whatsapp-image-2024-10-29-at-5-19-26-pm.jpeg\",\"contentUrl\":\"https:\\\/\\\/patagoniambiental.com.ar\\\/info\\\/wp-content\\\/uploads\\\/2024\\\/11\\\/1730300479whatsapp-image-2024-10-29-at-5-19-26-pm.jpeg\",\"width\":800,\"height\":600},{\"@type\":\"BreadcrumbList\",\"@id\":\"https:\\\/\\\/patagoniambiental.com.ar\\\/info\\\/chubut-refuerza-su-sistema-de-informacion-ambiental-con-nuevo-convenio\\\/#breadcrumb\",\"itemListElement\":[{\"@type\":\"ListItem\",\"position\":1,\"name\":\"Inicio\",\"item\":\"https:\\\/\\\/patagoniambiental.com.ar\\\/info\\\/\"},{\"@type\":\"ListItem\",\"position\":2,\"name\":\"Chubut refuerza su sistema de informaci\u00f3n ambiental con nuevo convenio\"}]},{\"@type\":\"WebSite\",\"@id\":\"https:\\\/\\\/patagoniambiental.com.ar\\\/info\\\/#website\",\"url\":\"https:\\\/\\\/patagoniambiental.com.ar\\\/info\\\/\",\"name\":\"Patagonia Ambiental\",\"description\":\"Monitoreo y an\u00e1lisis de la situaci\u00f3n geopol\u00edtica en el mundo y su implicancia en la Patagonia\",\"publisher\":{\"@id\":\"https:\\\/\\\/patagoniambiental.com.ar\\\/info\\\/#organization\"},\"potentialAction\":[{\"@type\":\"SearchAction\",\"target\":{\"@type\":\"EntryPoint\",\"urlTemplate\":\"https:\\\/\\\/patagoniambiental.com.ar\\\/info\\\/?s={search_term_string}\"},\"query-input\":{\"@type\":\"PropertyValueSpecification\",\"valueRequired\":true,\"valueName\":\"search_term_string\"}}],\"inLanguage\":\"es\"},{\"@type\":\"Organization\",\"@id\":\"https:\\\/\\\/patagoniambiental.com.ar\\\/info\\\/#organization\",\"name\":\"Patagonia Ambiental\",\"url\":\"https:\\\/\\\/patagoniambiental.com.ar\\\/info\\\/\",\"logo\":{\"@type\":\"ImageObject\",\"inLanguage\":\"es\",\"@id\":\"https:\\\/\\\/patagoniambiental.com.ar\\\/info\\\/#\\\/schema\\\/logo\\\/image\\\/\",\"url\":\"https:\\\/\\\/patagoniambiental.com.ar\\\/info\\\/wp-content\\\/uploads\\\/2025\\\/05\\\/LOGO-PATAGONIA-AMBIENTAL.png\",\"contentUrl\":\"https:\\\/\\\/patagoniambiental.com.ar\\\/info\\\/wp-content\\\/uploads\\\/2025\\\/05\\\/LOGO-PATAGONIA-AMBIENTAL.png\",\"width\":433,\"height\":250,\"caption\":\"Patagonia Ambiental\"},\"image\":{\"@id\":\"https:\\\/\\\/patagoniambiental.com.ar\\\/info\\\/#\\\/schema\\\/logo\\\/image\\\/\"},\"sameAs\":[\"https:\\\/\\\/www.facebook.com\\\/patagonia.ambiental\",\"https:\\\/\\\/x.com\\\/PatAmb\"]},{\"@type\":\"Person\",\"@id\":\"https:\\\/\\\/patagoniambiental.com.ar\\\/info\\\/#\\\/schema\\\/person\\\/db12bff64bbcbf6a253710bf0ea37b5d\",\"name\":\"Patagonia Ambiental\",\"description\":\"Andr\u00e9s Nievas T\u00e9cnico en manejo ambiental, consultor Ambiental y escritor para medios locales e internacionales sobre temas de geopolitica y medio ambiente.\",\"sameAs\":[\"http:\\\/\\\/www.patagoniambiental.com.ar\",\"https:\\\/\\\/www.facebook.com\\\/share\\\/1C1V8Gv9BX\\\/?mibextid=qi2Omg\",\"@patagoniambiental\",\"https:\\\/\\\/youtube.com\\\/@patagoniaambiental2023?si=BLt58t0wuXquxlYZ\"]}]}<\/script>\n<!-- \/ Yoast SEO Premium plugin. -->","yoast_head_json":{"title":"Chubut refuerza su sistema de informaci\u00f3n ambiental con nuevo convenio","description":"El Gobierno de Chubut, ha firmado un convenio estrat\u00e9gico para fortalecer el Sistema Provincial de Informaci\u00f3n Ambiental","robots":{"index":"index","follow":"follow","max-snippet":"max-snippet:-1","max-image-preview":"max-image-preview:large","max-video-preview":"max-video-preview:-1"},"canonical":"https:\/\/patagoniambiental.com.ar\/info\/chubut-refuerza-su-sistema-de-informacion-ambiental-con-nuevo-convenio\/","og_locale":"es_ES","og_type":"article","og_title":"Chubut refuerza su sistema de informaci\u00f3n ambiental con nuevo convenio","og_description":"El Gobierno de Chubut, ha firmado un convenio estrat\u00e9gico para fortalecer el Sistema Provincial de Informaci\u00f3n Ambiental","og_url":"https:\/\/patagoniambiental.com.ar\/info\/chubut-refuerza-su-sistema-de-informacion-ambiental-con-nuevo-convenio\/","og_site_name":"Patagonia Ambiental","article_publisher":"https:\/\/www.facebook.com\/patagonia.ambiental","article_author":"https:\/\/www.facebook.com\/share\/1C1V8Gv9BX\/?mibextid=qi2Omg","article_published_time":"2024-10-30T13:12:00+00:00","article_modified_time":"2025-05-04T19:31:23+00:00","og_image":[{"width":1600,"height":1200,"url":"https:\/\/patagoniambiental.com.ar\/info\/wp-content\/uploads\/2024\/11\/1730300479whatsapp-image-2024-10-29-at-5-19-26-pm.jpeg","type":"image\/jpeg"}],"author":"Patagonia Ambiental","twitter_card":"summary_large_image","twitter_creator":"@PatAmb","twitter_site":"@PatAmb","schema":{"@context":"https:\/\/schema.org","@graph":[{"@type":"Article","@id":"https:\/\/patagoniambiental.com.ar\/info\/chubut-refuerza-su-sistema-de-informacion-ambiental-con-nuevo-convenio\/#article","isPartOf":{"@id":"https:\/\/patagoniambiental.com.ar\/info\/chubut-refuerza-su-sistema-de-informacion-ambiental-con-nuevo-convenio\/"},"author":{"name":"Patagonia Ambiental","@id":"https:\/\/patagoniambiental.com.ar\/info\/#\/schema\/person\/db12bff64bbcbf6a253710bf0ea37b5d"},"headline":"Chubut refuerza su sistema de informaci\u00f3n ambiental con nuevo convenio","datePublished":"2024-10-30T13:12:00+00:00","dateModified":"2025-05-04T19:31:23+00:00","mainEntityOfPage":{"@id":"https:\/\/patagoniambiental.com.ar\/info\/chubut-refuerza-su-sistema-de-informacion-ambiental-con-nuevo-convenio\/"},"wordCount":434,"commentCount":0,"publisher":{"@id":"https:\/\/patagoniambiental.com.ar\/info\/#organization"},"image":{"@id":"https:\/\/patagoniambiental.com.ar\/info\/chubut-refuerza-su-sistema-de-informacion-ambiental-con-nuevo-convenio\/#primaryimage"},"thumbnailUrl":"https:\/\/patagoniambiental.com.ar\/info\/wp-content\/uploads\/2024\/11\/1730300479whatsapp-image-2024-10-29-at-5-19-26-pm.jpeg","articleSection":["Chubut","Noticias","Provinciales"],"inLanguage":"es","potentialAction":[{"@type":"CommentAction","name":"Comment","target":["https:\/\/patagoniambiental.com.ar\/info\/chubut-refuerza-su-sistema-de-informacion-ambiental-con-nuevo-convenio\/#respond"]}]},{"@type":"WebPage","@id":"https:\/\/patagoniambiental.com.ar\/info\/chubut-refuerza-su-sistema-de-informacion-ambiental-con-nuevo-convenio\/","url":"https:\/\/patagoniambiental.com.ar\/info\/chubut-refuerza-su-sistema-de-informacion-ambiental-con-nuevo-convenio\/","name":"Chubut refuerza su sistema de informaci\u00f3n ambiental con nuevo convenio","isPartOf":{"@id":"https:\/\/patagoniambiental.com.ar\/info\/#website"},"primaryImageOfPage":{"@id":"https:\/\/patagoniambiental.com.ar\/info\/chubut-refuerza-su-sistema-de-informacion-ambiental-con-nuevo-convenio\/#primaryimage"},"image":{"@id":"https:\/\/patagoniambiental.com.ar\/info\/chubut-refuerza-su-sistema-de-informacion-ambiental-con-nuevo-convenio\/#primaryimage"},"thumbnailUrl":"https:\/\/patagoniambiental.com.ar\/info\/wp-content\/uploads\/2024\/11\/1730300479whatsapp-image-2024-10-29-at-5-19-26-pm.jpeg","datePublished":"2024-10-30T13:12:00+00:00","dateModified":"2025-05-04T19:31:23+00:00","description":"El Gobierno de Chubut, ha firmado un convenio estrat\u00e9gico para fortalecer el Sistema Provincial de Informaci\u00f3n Ambiental","breadcrumb":{"@id":"https:\/\/patagoniambiental.com.ar\/info\/chubut-refuerza-su-sistema-de-informacion-ambiental-con-nuevo-convenio\/#breadcrumb"},"inLanguage":"es","potentialAction":[{"@type":"ReadAction","target":["https:\/\/patagoniambiental.com.ar\/info\/chubut-refuerza-su-sistema-de-informacion-ambiental-con-nuevo-convenio\/"]}]},{"@type":"ImageObject","inLanguage":"es","@id":"https:\/\/patagoniambiental.com.ar\/info\/chubut-refuerza-su-sistema-de-informacion-ambiental-con-nuevo-convenio\/#primaryimage","url":"https:\/\/patagoniambiental.com.ar\/info\/wp-content\/uploads\/2024\/11\/1730300479whatsapp-image-2024-10-29-at-5-19-26-pm.jpeg","contentUrl":"https:\/\/patagoniambiental.com.ar\/info\/wp-content\/uploads\/2024\/11\/1730300479whatsapp-image-2024-10-29-at-5-19-26-pm.jpeg","width":800,"height":600},{"@type":"BreadcrumbList","@id":"https:\/\/patagoniambiental.com.ar\/info\/chubut-refuerza-su-sistema-de-informacion-ambiental-con-nuevo-convenio\/#breadcrumb","itemListElement":[{"@type":"ListItem","position":1,"name":"Inicio","item":"https:\/\/patagoniambiental.com.ar\/info\/"},{"@type":"ListItem","position":2,"name":"Chubut refuerza su sistema de informaci\u00f3n ambiental con nuevo convenio"}]},{"@type":"WebSite","@id":"https:\/\/patagoniambiental.com.ar\/info\/#website","url":"https:\/\/patagoniambiental.com.ar\/info\/","name":"Patagonia Ambiental","description":"Monitoreo y an\u00e1lisis de la situaci\u00f3n geopol\u00edtica en el mundo y su implicancia en la Patagonia","publisher":{"@id":"https:\/\/patagoniambiental.com.ar\/info\/#organization"},"potentialAction":[{"@type":"SearchAction","target":{"@type":"EntryPoint","urlTemplate":"https:\/\/patagoniambiental.com.ar\/info\/?s={search_term_string}"},"query-input":{"@type":"PropertyValueSpecification","valueRequired":true,"valueName":"search_term_string"}}],"inLanguage":"es"},{"@type":"Organization","@id":"https:\/\/patagoniambiental.com.ar\/info\/#organization","name":"Patagonia Ambiental","url":"https:\/\/patagoniambiental.com.ar\/info\/","logo":{"@type":"ImageObject","inLanguage":"es","@id":"https:\/\/patagoniambiental.com.ar\/info\/#\/schema\/logo\/image\/","url":"https:\/\/patagoniambiental.com.ar\/info\/wp-content\/uploads\/2025\/05\/LOGO-PATAGONIA-AMBIENTAL.png","contentUrl":"https:\/\/patagoniambiental.com.ar\/info\/wp-content\/uploads\/2025\/05\/LOGO-PATAGONIA-AMBIENTAL.png","width":433,"height":250,"caption":"Patagonia Ambiental"},"image":{"@id":"https:\/\/patagoniambiental.com.ar\/info\/#\/schema\/logo\/image\/"},"sameAs":["https:\/\/www.facebook.com\/patagonia.ambiental","https:\/\/x.com\/PatAmb"]},{"@type":"Person","@id":"https:\/\/patagoniambiental.com.ar\/info\/#\/schema\/person\/db12bff64bbcbf6a253710bf0ea37b5d","name":"Patagonia Ambiental","description":"Andr\u00e9s Nievas T\u00e9cnico en manejo ambiental, consultor Ambiental y escritor para medios locales e internacionales sobre temas de geopolitica y medio ambiente.","sameAs":["http:\/\/www.patagoniambiental.com.ar","https:\/\/www.facebook.com\/share\/1C1V8Gv9BX\/?mibextid=qi2Omg","@patagoniambiental","https:\/\/youtube.com\/@patagoniaambiental2023?si=BLt58t0wuXquxlYZ"]}]}},"_links":{"self":[{"href":"https:\/\/patagoniambiental.com.ar\/info\/wp-json\/wp\/v2\/posts\/91432","targetHints":{"allow":["GET"]}}],"collection":[{"href":"https:\/\/patagoniambiental.com.ar\/info\/wp-json\/wp\/v2\/posts"}],"about":[{"href":"https:\/\/patagoniambiental.com.ar\/info\/wp-json\/wp\/v2\/types\/post"}],"author":[{"embeddable":true,"href":"https:\/\/patagoniambiental.com.ar\/info\/wp-json\/wp\/v2\/users\/2"}],"replies":[{"embeddable":true,"href":"https:\/\/patagoniambiental.com.ar\/info\/wp-json\/wp\/v2\/comments?post=91432"}],"version-history":[{"count":0,"href":"https:\/\/patagoniambiental.com.ar\/info\/wp-json\/wp\/v2\/posts\/91432\/revisions"}],"wp:featuredmedia":[{"embeddable":true,"href":"https:\/\/patagoniambiental.com.ar\/info\/wp-json\/wp\/v2\/media\/91433"}],"wp:attachment":[{"href":"https:\/\/patagoniambiental.com.ar\/info\/wp-json\/wp\/v2\/media?parent=91432"}],"wp:term":[{"taxonomy":"category","embeddable":true,"href":"https:\/\/patagoniambiental.com.ar\/info\/wp-json\/wp\/v2\/categories?post=91432"},{"taxonomy":"post_tag","embeddable":true,"href":"https:\/\/patagoniambiental.com.ar\/info\/wp-json\/wp\/v2\/tags?post=91432"}],"curies":[{"name":"wp","href":"https:\/\/api.w.org\/{rel}","templated":true}]}}