{"id":91479,"date":"2024-11-08T17:07:00","date_gmt":"2024-11-08T20:07:00","guid":{"rendered":"https:\/\/patagoniambiental.com.ar\/info\/?p=91479"},"modified":"2025-05-04T16:31:09","modified_gmt":"2025-05-04T19:31:09","slug":"rio-negro-da-luz-verde-a-la-explotacion-del-proyecto-minero-calcatreu","status":"publish","type":"post","link":"https:\/\/patagoniambiental.com.ar\/info\/rio-negro-da-luz-verde-a-la-explotacion-del-proyecto-minero-calcatreu\/","title":{"rendered":"R\u00edo Negro da luz verde a la explotaci\u00f3n del Proyecto Minero Calcatreu"},"content":{"rendered":"\n<!--more-->\n\n\n\n<p>Ingeniero Jacobacci (Rio Negro), 8 de noviembre de 2024.La provincia de R\u00edo Negro ha dado un paso significativo en el \u00e1mbito minero con la reciente aprobaci\u00f3n del Proyecto Minero \u00abCalcatreu\u00bb.<\/p>\n\n\n\n<p><a href=\"https:\/\/patagoniambiental.com.ar\/info\/jacobacci-como-continua-el-proyecto-calcatreu-avanza-despues-de-la-audiencia-publica\/\">Noticia relacionada: Jacobacci: \u00bfComo continua el proyecto Calcatreu Avanza despu\u00e9s de la audiencia p\u00fablica? <\/a><\/p>\n\n\n\n<p>La Secretar\u00eda de Ambiente y Cambio Clim\u00e1tico de la provincia emiti\u00f3 una resoluci\u00f3n que valida el Estudio de Impacto Ambiental (EsIA) de esta iniciativa, permitiendo as\u00ed la fase de explotaci\u00f3n en un yacimiento de oro y plata que abarca un \u00e1rea de 16.291 hect\u00e1reas en los departamentos de 25 de Mayo y \u00d1orquinco, al suroeste de la provincia.<\/p>\n\n\n\n<p>El proyecto, a cargo de la empresa Minera Calcatreu S.A.U., apunta a posicionar a R\u00edo Negro como un referente en miner\u00eda responsable y sostenible en la regi\u00f3n.<\/p>\n\n\n\n<p><a href=\"https:\/\/patagoniambiental.com.ar\/info\/calcatreu-la-audiencia-publica-refuerza-el-apoyo-al-desarrollo-sostenible\/\">Noticia relacionada: Calcatreu: La audiencia p\u00fablica refuerza el apoyo al desarrollo sostenible<br><\/a><\/p>\n\n\n\n<p>La resoluci\u00f3n emitida no solo autoriza el inicio de la explotaci\u00f3n minera, sino que establece una serie de compromisos ambientales que la empresa deber\u00e1 respetar rigurosamente. Los lineamientos buscan mitigar los posibles impactos en el entorno natural mediante medidas como la revegetaci\u00f3n progresiva de las \u00e1reas intervenidas, una cuidadosa gesti\u00f3n de los residuos peligrosos y el monitoreo constante de los factores ambientales.<\/p>\n\n\n\n<p>Estas disposiciones incluyen par\u00e1metros detallados de control sobre la calidad del aire y del agua, adem\u00e1s de una protecci\u00f3n efectiva para la flora y fauna locales.<\/p>\n\n\n\n<p><a href=\"https:\/\/patagoniambiental.com.ar\/info\/rio-negro-avanza-con-el-proyecto-minero-calcatreu-apoyo-y-expectativas\/\">Noticia relacionada: R\u00edo Negro avanza con el proyecto minero Calcatreu: apoyo y expectativas <\/a><\/p>\n\n\n\n<p>El objetivo de estos requisitos es asegurar que el proyecto no solo sea rentable, sino tambi\u00e9n sostenible, minimizando as\u00ed su huella ecol\u00f3gica y garantizando la seguridad del ecosistema circundante. La implementaci\u00f3n de estas pr\u00e1cticas pretende alinearse con las normativas ambientales nacionales e internacionales, posicionando a Calcatreu como un proyecto de miner\u00eda de bajo impacto.<\/p>\n\n\n\n<p><a href=\"https:\/\/patagoniambiental.com.ar\/info\/rio-negro-promueve-el-proyecto-minero-calcatreu-para-diversificar-su-economia\/\">Noticia relacionada: R\u00edo Negro Promueve el Proyecto Minero Calcatreu para Diversificar su Econom\u00eda <\/a><\/p>\n\n\n\n<p>El Proyecto Calcatreu cuenta con una capacidad de procesamiento de 2.500 toneladas diarias y una vida \u00fatil inicial de cinco a\u00f1os, con posibilidad de extensi\u00f3n si los estudios de viabilidad resultan favorables. <\/p>\n\n\n\n<p>Uno de los aspectos m\u00e1s relevantes de la operaci\u00f3n es el proceso de lixiviaci\u00f3n en pilas, un m\u00e9todo de extracci\u00f3n que utiliza soluciones cianuradas para separar el oro y la plata del mineral. Debido a los riesgos asociados a este procedimiento, las normativas exigen un monitoreo exhaustivo para asegurar que se cumplan los est\u00e1ndares ambientales y se minimicen los posibles efectos negativos sobre el entorno.<\/p>\n\n\n\n<figure class=\"wp-block-image size-full\"><img fetchpriority=\"high\" decoding=\"async\" width=\"900\" height=\"600\" src=\"https:\/\/patagoniambiental.com.ar\/info\/wp-content\/uploads\/2024\/11\/1000076036.jpg\" alt=\"\" class=\"wp-image-91481\"\/><\/figure>\n\n\n\n<p>En el marco de la evaluaci\u00f3n de impacto ambiental, se celebr\u00f3 una audiencia p\u00fablica presencial en Ingeniero Jacobacci el pasado 30 de agosto. Esta audiencia fue clave para promover la transparencia y el di\u00e1logo, permitiendo que la comunidad y diversos actores sociales expresaran sus opiniones y preocupaciones. <\/p>\n\n\n\n<p>Con 247 oradores inscriptos, el evento facilit\u00f3 una conversaci\u00f3n abierta y plural, en la que se discutieron tanto los beneficios como los riesgos del proyecto. El proceso se destac\u00f3 por incluir a la sociedad en la toma de decisiones, un aspecto esencial para construir confianza y garantizar que el desarrollo minero cuente con la aprobaci\u00f3n social necesaria.<\/p>\n\n\n\n<p>La aprobaci\u00f3n del Proyecto Calcatreu no solo refuerza la importancia de la miner\u00eda en el desarrollo econ\u00f3mico de R\u00edo Negro, sino que tambi\u00e9n posiciona a la provincia como un modelo de miner\u00eda responsable.<\/p>\n\n\n\n<p> La administraci\u00f3n provincial ha manifestado su compromiso de impulsar proyectos mineros que se alineen con est\u00e1ndares de sostenibilidad, priorizando el crecimiento econ\u00f3mico y la generaci\u00f3n de empleo sin descuidar la protecci\u00f3n ambiental. Con esta estrategia, R\u00edo Negro espera atraer nuevas inversiones en el sector minero, consolid\u00e1ndose como un referente en pr\u00e1cticas de miner\u00eda responsable en Argentina.<\/p>\n\n\n\n<p>Con el inicio del Proyecto Calcatreu, R\u00edo Negro reafirma su apuesta por un desarrollo minero controlado y sostenible, que busca equilibrar el crecimiento econ\u00f3mico con el respeto al entorno natural.<\/p>\n\n\n\n<p> La implementaci\u00f3n de controles ambientales estrictos y la incorporaci\u00f3n de la comunidad en el proceso de evaluaci\u00f3n reflejan un enfoque integral y responsable hacia el desarrollo de la miner\u00eda en la regi\u00f3n. A trav\u00e9s de este y otros proyectos futuros, R\u00edo Negro se proyecta como una provincia capaz de aprovechar sus recursos naturales de manera \u00e9tica y respetuosa, garantizando un legado positivo para las pr\u00f3ximas generaciones.<\/p>\n","protected":false},"excerpt":{"rendered":"","protected":false},"author":2,"featured_media":91480,"comment_status":"open","ping_status":"open","sticky":false,"template":"","format":"standard","meta":{"site-sidebar-layout":"default","site-content-layout":"","ast-site-content-layout":"default","site-content-style":"default","site-sidebar-style":"default","ast-global-header-display":"","ast-banner-title-visibility":"","ast-main-header-display":"","ast-hfb-above-header-display":"","ast-hfb-below-header-display":"","ast-hfb-mobile-header-display":"","site-post-title":"","ast-breadcrumbs-content":"","ast-featured-img":"","footer-sml-layout":"","ast-disable-related-posts":"","theme-transparent-header-meta":"","adv-header-id-meta":"","stick-header-meta":"","header-above-stick-meta":"","header-main-stick-meta":"","header-below-stick-meta":"","astra-migrate-meta-layouts":"default","ast-page-background-enabled":"default","ast-page-background-meta":{"desktop":{"background-color":"var(--ast-global-color-5)","background-image":"","background-repeat":"repeat","background-position":"center center","background-size":"auto","background-attachment":"scroll","background-type":"","background-media":"","overlay-type":"","overlay-color":"","overlay-opacity":"","overlay-gradient":""},"tablet":{"background-color":"","background-image":"","background-repeat":"repeat","background-position":"center center","background-size":"auto","background-attachment":"scroll","background-type":"","background-media":"","overlay-type":"","overlay-color":"","overlay-opacity":"","overlay-gradient":""},"mobile":{"background-color":"","background-image":"","background-repeat":"repeat","background-position":"center center","background-size":"auto","background-attachment":"scroll","background-type":"","background-media":"","overlay-type":"","overlay-color":"","overlay-opacity":"","overlay-gradient":""}},"ast-content-background-meta":{"desktop":{"background-color":"var(--ast-global-color-4)","background-image":"","background-repeat":"repeat","background-position":"center center","background-size":"auto","background-attachment":"scroll","background-type":"","background-media":"","overlay-type":"","overlay-color":"","overlay-opacity":"","overlay-gradient":""},"tablet":{"background-color":"var(--ast-global-color-4)","background-image":"","background-repeat":"repeat","background-position":"center center","background-size":"auto","background-attachment":"scroll","background-type":"","background-media":"","overlay-type":"","overlay-color":"","overlay-opacity":"","overlay-gradient":""},"mobile":{"background-color":"var(--ast-global-color-4)","background-image":"","background-repeat":"repeat","background-position":"center center","background-size":"auto","background-attachment":"scroll","background-type":"","background-media":"","overlay-type":"","overlay-color":"","overlay-opacity":"","overlay-gradient":""}},"footnotes":""},"categories":[1,13,14],"tags":[],"class_list":["post-91479","post","type-post","status-publish","format-standard","has-post-thumbnail","hentry","category-noticias","category-provinciales","category-rio-negro"],"yoast_head":"<!-- This site is optimized with the Yoast SEO Premium plugin v23.0 (Yoast SEO v27.5) - https:\/\/yoast.com\/product\/yoast-seo-premium-wordpress\/ -->\n<title>R\u00edo Negro da luz verde a la explotaci\u00f3n del Proyecto Minero Calcatreu<\/title>\n<meta name=\"description\" content=\"La provincia de R\u00edo Negro ha dado un paso significativo en el \u00e1mbito minero con la reciente aprobaci\u00f3n del Proyecto Minero &quot;Calcatreu&quot;.\" \/>\n<meta name=\"robots\" content=\"index, follow, max-snippet:-1, max-image-preview:large, max-video-preview:-1\" \/>\n<link rel=\"canonical\" href=\"https:\/\/patagoniambiental.com.ar\/info\/rio-negro-da-luz-verde-a-la-explotacion-del-proyecto-minero-calcatreu\/\" \/>\n<meta property=\"og:locale\" content=\"es_ES\" \/>\n<meta property=\"og:type\" content=\"article\" \/>\n<meta property=\"og:title\" content=\"R\u00edo Negro da luz verde a la explotaci\u00f3n del Proyecto Minero Calcatreu\" \/>\n<meta property=\"og:description\" content=\"La provincia de R\u00edo Negro ha dado un paso significativo en el \u00e1mbito minero con la reciente aprobaci\u00f3n del Proyecto Minero &quot;Calcatreu&quot;.\" \/>\n<meta property=\"og:url\" content=\"https:\/\/patagoniambiental.com.ar\/info\/rio-negro-da-luz-verde-a-la-explotacion-del-proyecto-minero-calcatreu\/\" \/>\n<meta property=\"og:site_name\" content=\"Patagonia Ambiental\" \/>\n<meta property=\"article:publisher\" content=\"https:\/\/www.facebook.com\/patagonia.ambiental\" \/>\n<meta property=\"article:author\" content=\"https:\/\/www.facebook.com\/share\/1C1V8Gv9BX\/?mibextid=qi2Omg\" \/>\n<meta property=\"article:published_time\" content=\"2024-11-08T20:07:00+00:00\" \/>\n<meta property=\"article:modified_time\" content=\"2025-05-04T19:31:09+00:00\" \/>\n<meta property=\"og:image\" content=\"https:\/\/patagoniambiental.com.ar\/info\/wp-content\/uploads\/2024\/11\/1731076314-9dc1581b7c3b1a21707c.jpeg\" \/>\n\t<meta property=\"og:image:width\" content=\"919\" \/>\n\t<meta property=\"og:image:height\" content=\"517\" \/>\n\t<meta property=\"og:image:type\" content=\"image\/jpeg\" \/>\n<meta name=\"author\" content=\"Patagonia Ambiental\" \/>\n<meta name=\"twitter:card\" content=\"summary_large_image\" \/>\n<meta name=\"twitter:creator\" content=\"@PatAmb\" \/>\n<meta name=\"twitter:site\" content=\"@PatAmb\" \/>\n<script type=\"application\/ld+json\" class=\"yoast-schema-graph\">{\"@context\":\"https:\\\/\\\/schema.org\",\"@graph\":[{\"@type\":\"Article\",\"@id\":\"https:\\\/\\\/patagoniambiental.com.ar\\\/info\\\/rio-negro-da-luz-verde-a-la-explotacion-del-proyecto-minero-calcatreu\\\/#article\",\"isPartOf\":{\"@id\":\"https:\\\/\\\/patagoniambiental.com.ar\\\/info\\\/rio-negro-da-luz-verde-a-la-explotacion-del-proyecto-minero-calcatreu\\\/\"},\"author\":{\"name\":\"Patagonia Ambiental\",\"@id\":\"https:\\\/\\\/patagoniambiental.com.ar\\\/info\\\/#\\\/schema\\\/person\\\/db12bff64bbcbf6a253710bf0ea37b5d\"},\"headline\":\"R\u00edo Negro da luz verde a la explotaci\u00f3n del Proyecto Minero Calcatreu\",\"datePublished\":\"2024-11-08T20:07:00+00:00\",\"dateModified\":\"2025-05-04T19:31:09+00:00\",\"mainEntityOfPage\":{\"@id\":\"https:\\\/\\\/patagoniambiental.com.ar\\\/info\\\/rio-negro-da-luz-verde-a-la-explotacion-del-proyecto-minero-calcatreu\\\/\"},\"wordCount\":771,\"commentCount\":0,\"publisher\":{\"@id\":\"https:\\\/\\\/patagoniambiental.com.ar\\\/info\\\/#organization\"},\"image\":{\"@id\":\"https:\\\/\\\/patagoniambiental.com.ar\\\/info\\\/rio-negro-da-luz-verde-a-la-explotacion-del-proyecto-minero-calcatreu\\\/#primaryimage\"},\"thumbnailUrl\":\"https:\\\/\\\/patagoniambiental.com.ar\\\/info\\\/wp-content\\\/uploads\\\/2024\\\/11\\\/1731076314-9dc1581b7c3b1a21707c.jpeg\",\"articleSection\":[\"Noticias\",\"Provinciales\",\"R\u00edo Negro\"],\"inLanguage\":\"es\",\"potentialAction\":[{\"@type\":\"CommentAction\",\"name\":\"Comment\",\"target\":[\"https:\\\/\\\/patagoniambiental.com.ar\\\/info\\\/rio-negro-da-luz-verde-a-la-explotacion-del-proyecto-minero-calcatreu\\\/#respond\"]}]},{\"@type\":\"WebPage\",\"@id\":\"https:\\\/\\\/patagoniambiental.com.ar\\\/info\\\/rio-negro-da-luz-verde-a-la-explotacion-del-proyecto-minero-calcatreu\\\/\",\"url\":\"https:\\\/\\\/patagoniambiental.com.ar\\\/info\\\/rio-negro-da-luz-verde-a-la-explotacion-del-proyecto-minero-calcatreu\\\/\",\"name\":\"R\u00edo Negro da luz verde a la explotaci\u00f3n del Proyecto Minero Calcatreu\",\"isPartOf\":{\"@id\":\"https:\\\/\\\/patagoniambiental.com.ar\\\/info\\\/#website\"},\"primaryImageOfPage\":{\"@id\":\"https:\\\/\\\/patagoniambiental.com.ar\\\/info\\\/rio-negro-da-luz-verde-a-la-explotacion-del-proyecto-minero-calcatreu\\\/#primaryimage\"},\"image\":{\"@id\":\"https:\\\/\\\/patagoniambiental.com.ar\\\/info\\\/rio-negro-da-luz-verde-a-la-explotacion-del-proyecto-minero-calcatreu\\\/#primaryimage\"},\"thumbnailUrl\":\"https:\\\/\\\/patagoniambiental.com.ar\\\/info\\\/wp-content\\\/uploads\\\/2024\\\/11\\\/1731076314-9dc1581b7c3b1a21707c.jpeg\",\"datePublished\":\"2024-11-08T20:07:00+00:00\",\"dateModified\":\"2025-05-04T19:31:09+00:00\",\"description\":\"La provincia de R\u00edo Negro ha dado un paso significativo en el \u00e1mbito minero con la reciente aprobaci\u00f3n del Proyecto Minero \\\"Calcatreu\\\".\",\"breadcrumb\":{\"@id\":\"https:\\\/\\\/patagoniambiental.com.ar\\\/info\\\/rio-negro-da-luz-verde-a-la-explotacion-del-proyecto-minero-calcatreu\\\/#breadcrumb\"},\"inLanguage\":\"es\",\"potentialAction\":[{\"@type\":\"ReadAction\",\"target\":[\"https:\\\/\\\/patagoniambiental.com.ar\\\/info\\\/rio-negro-da-luz-verde-a-la-explotacion-del-proyecto-minero-calcatreu\\\/\"]}]},{\"@type\":\"ImageObject\",\"inLanguage\":\"es\",\"@id\":\"https:\\\/\\\/patagoniambiental.com.ar\\\/info\\\/rio-negro-da-luz-verde-a-la-explotacion-del-proyecto-minero-calcatreu\\\/#primaryimage\",\"url\":\"https:\\\/\\\/patagoniambiental.com.ar\\\/info\\\/wp-content\\\/uploads\\\/2024\\\/11\\\/1731076314-9dc1581b7c3b1a21707c.jpeg\",\"contentUrl\":\"https:\\\/\\\/patagoniambiental.com.ar\\\/info\\\/wp-content\\\/uploads\\\/2024\\\/11\\\/1731076314-9dc1581b7c3b1a21707c.jpeg\",\"width\":919,\"height\":517},{\"@type\":\"BreadcrumbList\",\"@id\":\"https:\\\/\\\/patagoniambiental.com.ar\\\/info\\\/rio-negro-da-luz-verde-a-la-explotacion-del-proyecto-minero-calcatreu\\\/#breadcrumb\",\"itemListElement\":[{\"@type\":\"ListItem\",\"position\":1,\"name\":\"Inicio\",\"item\":\"https:\\\/\\\/patagoniambiental.com.ar\\\/info\\\/\"},{\"@type\":\"ListItem\",\"position\":2,\"name\":\"R\u00edo Negro da luz verde a la explotaci\u00f3n del Proyecto Minero Calcatreu\"}]},{\"@type\":\"WebSite\",\"@id\":\"https:\\\/\\\/patagoniambiental.com.ar\\\/info\\\/#website\",\"url\":\"https:\\\/\\\/patagoniambiental.com.ar\\\/info\\\/\",\"name\":\"Patagonia Ambiental\",\"description\":\"Monitoreo y an\u00e1lisis de la situaci\u00f3n geopol\u00edtica en el mundo y su implicancia en la Patagonia\",\"publisher\":{\"@id\":\"https:\\\/\\\/patagoniambiental.com.ar\\\/info\\\/#organization\"},\"potentialAction\":[{\"@type\":\"SearchAction\",\"target\":{\"@type\":\"EntryPoint\",\"urlTemplate\":\"https:\\\/\\\/patagoniambiental.com.ar\\\/info\\\/?s={search_term_string}\"},\"query-input\":{\"@type\":\"PropertyValueSpecification\",\"valueRequired\":true,\"valueName\":\"search_term_string\"}}],\"inLanguage\":\"es\"},{\"@type\":\"Organization\",\"@id\":\"https:\\\/\\\/patagoniambiental.com.ar\\\/info\\\/#organization\",\"name\":\"Patagonia Ambiental\",\"url\":\"https:\\\/\\\/patagoniambiental.com.ar\\\/info\\\/\",\"logo\":{\"@type\":\"ImageObject\",\"inLanguage\":\"es\",\"@id\":\"https:\\\/\\\/patagoniambiental.com.ar\\\/info\\\/#\\\/schema\\\/logo\\\/image\\\/\",\"url\":\"https:\\\/\\\/patagoniambiental.com.ar\\\/info\\\/wp-content\\\/uploads\\\/2025\\\/05\\\/LOGO-PATAGONIA-AMBIENTAL.png\",\"contentUrl\":\"https:\\\/\\\/patagoniambiental.com.ar\\\/info\\\/wp-content\\\/uploads\\\/2025\\\/05\\\/LOGO-PATAGONIA-AMBIENTAL.png\",\"width\":433,\"height\":250,\"caption\":\"Patagonia Ambiental\"},\"image\":{\"@id\":\"https:\\\/\\\/patagoniambiental.com.ar\\\/info\\\/#\\\/schema\\\/logo\\\/image\\\/\"},\"sameAs\":[\"https:\\\/\\\/www.facebook.com\\\/patagonia.ambiental\",\"https:\\\/\\\/x.com\\\/PatAmb\"]},{\"@type\":\"Person\",\"@id\":\"https:\\\/\\\/patagoniambiental.com.ar\\\/info\\\/#\\\/schema\\\/person\\\/db12bff64bbcbf6a253710bf0ea37b5d\",\"name\":\"Patagonia Ambiental\",\"description\":\"Andr\u00e9s Nievas T\u00e9cnico en manejo ambiental, consultor Ambiental y escritor para medios locales e internacionales sobre temas de geopolitica y medio ambiente.\",\"sameAs\":[\"http:\\\/\\\/www.patagoniambiental.com.ar\",\"https:\\\/\\\/www.facebook.com\\\/share\\\/1C1V8Gv9BX\\\/?mibextid=qi2Omg\",\"@patagoniambiental\",\"https:\\\/\\\/youtube.com\\\/@patagoniaambiental2023?si=BLt58t0wuXquxlYZ\"]}]}<\/script>\n<!-- \/ Yoast SEO Premium plugin. -->","yoast_head_json":{"title":"R\u00edo Negro da luz verde a la explotaci\u00f3n del Proyecto Minero Calcatreu","description":"La provincia de R\u00edo Negro ha dado un paso significativo en el \u00e1mbito minero con la reciente aprobaci\u00f3n del Proyecto Minero \"Calcatreu\".","robots":{"index":"index","follow":"follow","max-snippet":"max-snippet:-1","max-image-preview":"max-image-preview:large","max-video-preview":"max-video-preview:-1"},"canonical":"https:\/\/patagoniambiental.com.ar\/info\/rio-negro-da-luz-verde-a-la-explotacion-del-proyecto-minero-calcatreu\/","og_locale":"es_ES","og_type":"article","og_title":"R\u00edo Negro da luz verde a la explotaci\u00f3n del Proyecto Minero Calcatreu","og_description":"La provincia de R\u00edo Negro ha dado un paso significativo en el \u00e1mbito minero con la reciente aprobaci\u00f3n del Proyecto Minero \"Calcatreu\".","og_url":"https:\/\/patagoniambiental.com.ar\/info\/rio-negro-da-luz-verde-a-la-explotacion-del-proyecto-minero-calcatreu\/","og_site_name":"Patagonia Ambiental","article_publisher":"https:\/\/www.facebook.com\/patagonia.ambiental","article_author":"https:\/\/www.facebook.com\/share\/1C1V8Gv9BX\/?mibextid=qi2Omg","article_published_time":"2024-11-08T20:07:00+00:00","article_modified_time":"2025-05-04T19:31:09+00:00","og_image":[{"width":919,"height":517,"url":"https:\/\/patagoniambiental.com.ar\/info\/wp-content\/uploads\/2024\/11\/1731076314-9dc1581b7c3b1a21707c.jpeg","type":"image\/jpeg"}],"author":"Patagonia Ambiental","twitter_card":"summary_large_image","twitter_creator":"@PatAmb","twitter_site":"@PatAmb","schema":{"@context":"https:\/\/schema.org","@graph":[{"@type":"Article","@id":"https:\/\/patagoniambiental.com.ar\/info\/rio-negro-da-luz-verde-a-la-explotacion-del-proyecto-minero-calcatreu\/#article","isPartOf":{"@id":"https:\/\/patagoniambiental.com.ar\/info\/rio-negro-da-luz-verde-a-la-explotacion-del-proyecto-minero-calcatreu\/"},"author":{"name":"Patagonia Ambiental","@id":"https:\/\/patagoniambiental.com.ar\/info\/#\/schema\/person\/db12bff64bbcbf6a253710bf0ea37b5d"},"headline":"R\u00edo Negro da luz verde a la explotaci\u00f3n del Proyecto Minero Calcatreu","datePublished":"2024-11-08T20:07:00+00:00","dateModified":"2025-05-04T19:31:09+00:00","mainEntityOfPage":{"@id":"https:\/\/patagoniambiental.com.ar\/info\/rio-negro-da-luz-verde-a-la-explotacion-del-proyecto-minero-calcatreu\/"},"wordCount":771,"commentCount":0,"publisher":{"@id":"https:\/\/patagoniambiental.com.ar\/info\/#organization"},"image":{"@id":"https:\/\/patagoniambiental.com.ar\/info\/rio-negro-da-luz-verde-a-la-explotacion-del-proyecto-minero-calcatreu\/#primaryimage"},"thumbnailUrl":"https:\/\/patagoniambiental.com.ar\/info\/wp-content\/uploads\/2024\/11\/1731076314-9dc1581b7c3b1a21707c.jpeg","articleSection":["Noticias","Provinciales","R\u00edo Negro"],"inLanguage":"es","potentialAction":[{"@type":"CommentAction","name":"Comment","target":["https:\/\/patagoniambiental.com.ar\/info\/rio-negro-da-luz-verde-a-la-explotacion-del-proyecto-minero-calcatreu\/#respond"]}]},{"@type":"WebPage","@id":"https:\/\/patagoniambiental.com.ar\/info\/rio-negro-da-luz-verde-a-la-explotacion-del-proyecto-minero-calcatreu\/","url":"https:\/\/patagoniambiental.com.ar\/info\/rio-negro-da-luz-verde-a-la-explotacion-del-proyecto-minero-calcatreu\/","name":"R\u00edo Negro da luz verde a la explotaci\u00f3n del Proyecto Minero Calcatreu","isPartOf":{"@id":"https:\/\/patagoniambiental.com.ar\/info\/#website"},"primaryImageOfPage":{"@id":"https:\/\/patagoniambiental.com.ar\/info\/rio-negro-da-luz-verde-a-la-explotacion-del-proyecto-minero-calcatreu\/#primaryimage"},"image":{"@id":"https:\/\/patagoniambiental.com.ar\/info\/rio-negro-da-luz-verde-a-la-explotacion-del-proyecto-minero-calcatreu\/#primaryimage"},"thumbnailUrl":"https:\/\/patagoniambiental.com.ar\/info\/wp-content\/uploads\/2024\/11\/1731076314-9dc1581b7c3b1a21707c.jpeg","datePublished":"2024-11-08T20:07:00+00:00","dateModified":"2025-05-04T19:31:09+00:00","description":"La provincia de R\u00edo Negro ha dado un paso significativo en el \u00e1mbito minero con la reciente aprobaci\u00f3n del Proyecto Minero \"Calcatreu\".","breadcrumb":{"@id":"https:\/\/patagoniambiental.com.ar\/info\/rio-negro-da-luz-verde-a-la-explotacion-del-proyecto-minero-calcatreu\/#breadcrumb"},"inLanguage":"es","potentialAction":[{"@type":"ReadAction","target":["https:\/\/patagoniambiental.com.ar\/info\/rio-negro-da-luz-verde-a-la-explotacion-del-proyecto-minero-calcatreu\/"]}]},{"@type":"ImageObject","inLanguage":"es","@id":"https:\/\/patagoniambiental.com.ar\/info\/rio-negro-da-luz-verde-a-la-explotacion-del-proyecto-minero-calcatreu\/#primaryimage","url":"https:\/\/patagoniambiental.com.ar\/info\/wp-content\/uploads\/2024\/11\/1731076314-9dc1581b7c3b1a21707c.jpeg","contentUrl":"https:\/\/patagoniambiental.com.ar\/info\/wp-content\/uploads\/2024\/11\/1731076314-9dc1581b7c3b1a21707c.jpeg","width":919,"height":517},{"@type":"BreadcrumbList","@id":"https:\/\/patagoniambiental.com.ar\/info\/rio-negro-da-luz-verde-a-la-explotacion-del-proyecto-minero-calcatreu\/#breadcrumb","itemListElement":[{"@type":"ListItem","position":1,"name":"Inicio","item":"https:\/\/patagoniambiental.com.ar\/info\/"},{"@type":"ListItem","position":2,"name":"R\u00edo Negro da luz verde a la explotaci\u00f3n del Proyecto Minero Calcatreu"}]},{"@type":"WebSite","@id":"https:\/\/patagoniambiental.com.ar\/info\/#website","url":"https:\/\/patagoniambiental.com.ar\/info\/","name":"Patagonia Ambiental","description":"Monitoreo y an\u00e1lisis de la situaci\u00f3n geopol\u00edtica en el mundo y su implicancia en la Patagonia","publisher":{"@id":"https:\/\/patagoniambiental.com.ar\/info\/#organization"},"potentialAction":[{"@type":"SearchAction","target":{"@type":"EntryPoint","urlTemplate":"https:\/\/patagoniambiental.com.ar\/info\/?s={search_term_string}"},"query-input":{"@type":"PropertyValueSpecification","valueRequired":true,"valueName":"search_term_string"}}],"inLanguage":"es"},{"@type":"Organization","@id":"https:\/\/patagoniambiental.com.ar\/info\/#organization","name":"Patagonia Ambiental","url":"https:\/\/patagoniambiental.com.ar\/info\/","logo":{"@type":"ImageObject","inLanguage":"es","@id":"https:\/\/patagoniambiental.com.ar\/info\/#\/schema\/logo\/image\/","url":"https:\/\/patagoniambiental.com.ar\/info\/wp-content\/uploads\/2025\/05\/LOGO-PATAGONIA-AMBIENTAL.png","contentUrl":"https:\/\/patagoniambiental.com.ar\/info\/wp-content\/uploads\/2025\/05\/LOGO-PATAGONIA-AMBIENTAL.png","width":433,"height":250,"caption":"Patagonia Ambiental"},"image":{"@id":"https:\/\/patagoniambiental.com.ar\/info\/#\/schema\/logo\/image\/"},"sameAs":["https:\/\/www.facebook.com\/patagonia.ambiental","https:\/\/x.com\/PatAmb"]},{"@type":"Person","@id":"https:\/\/patagoniambiental.com.ar\/info\/#\/schema\/person\/db12bff64bbcbf6a253710bf0ea37b5d","name":"Patagonia Ambiental","description":"Andr\u00e9s Nievas T\u00e9cnico en manejo ambiental, consultor Ambiental y escritor para medios locales e internacionales sobre temas de geopolitica y medio ambiente.","sameAs":["http:\/\/www.patagoniambiental.com.ar","https:\/\/www.facebook.com\/share\/1C1V8Gv9BX\/?mibextid=qi2Omg","@patagoniambiental","https:\/\/youtube.com\/@patagoniaambiental2023?si=BLt58t0wuXquxlYZ"]}]}},"_links":{"self":[{"href":"https:\/\/patagoniambiental.com.ar\/info\/wp-json\/wp\/v2\/posts\/91479","targetHints":{"allow":["GET"]}}],"collection":[{"href":"https:\/\/patagoniambiental.com.ar\/info\/wp-json\/wp\/v2\/posts"}],"about":[{"href":"https:\/\/patagoniambiental.com.ar\/info\/wp-json\/wp\/v2\/types\/post"}],"author":[{"embeddable":true,"href":"https:\/\/patagoniambiental.com.ar\/info\/wp-json\/wp\/v2\/users\/2"}],"replies":[{"embeddable":true,"href":"https:\/\/patagoniambiental.com.ar\/info\/wp-json\/wp\/v2\/comments?post=91479"}],"version-history":[{"count":0,"href":"https:\/\/patagoniambiental.com.ar\/info\/wp-json\/wp\/v2\/posts\/91479\/revisions"}],"wp:featuredmedia":[{"embeddable":true,"href":"https:\/\/patagoniambiental.com.ar\/info\/wp-json\/wp\/v2\/media\/91480"}],"wp:attachment":[{"href":"https:\/\/patagoniambiental.com.ar\/info\/wp-json\/wp\/v2\/media?parent=91479"}],"wp:term":[{"taxonomy":"category","embeddable":true,"href":"https:\/\/patagoniambiental.com.ar\/info\/wp-json\/wp\/v2\/categories?post=91479"},{"taxonomy":"post_tag","embeddable":true,"href":"https:\/\/patagoniambiental.com.ar\/info\/wp-json\/wp\/v2\/tags?post=91479"}],"curies":[{"name":"wp","href":"https:\/\/api.w.org\/{rel}","templated":true}]}}