{"id":91484,"date":"2024-11-07T18:08:00","date_gmt":"2024-11-07T21:08:00","guid":{"rendered":"https:\/\/patagoniambiental.com.ar\/info\/?p=91484"},"modified":"2025-05-10T13:10:11","modified_gmt":"2025-05-10T16:10:11","slug":"neuquen-impulsa-la-cooperacion-energetica-en-la-union-europea-para-acelerar-la-transicion-global","status":"publish","type":"post","link":"https:\/\/patagoniambiental.com.ar\/info\/neuquen-impulsa-la-cooperacion-energetica-en-la-union-europea-para-acelerar-la-transicion-global\/","title":{"rendered":"Neuqu\u00e9n impulsa la cooperaci\u00f3n energ\u00e9tica en la Uni\u00f3n Europea para acelerar la transici\u00f3n global"},"content":{"rendered":"\n<!--more-->\n\n\n\n<p>Neuqu\u00e9n, 7 de noviembre de 2024. Neuqu\u00e9n ha reafirmado su compromiso con la transici\u00f3n energ\u00e9tica en un evento organizado en Bruselas por la Uni\u00f3n Europea y la <a href=\"https:\/\/www.argentina.gob.ar\/economia\/energia\">Secretar\u00eda de Energ\u00eda de la Naci\u00f3n.<\/a><\/p>\n\n\n\n<p> La <a href=\"https:\/\/ambiente.neuquen.gov.ar\/\">secretaria de Ambiente de la provincia,<\/a> Leticia Esteves, destac\u00f3 la importancia de la participaci\u00f3n activa de Neuqu\u00e9n en el encuentro de la Diplomacia Energ\u00e9tica, una plataforma creada para acelerar una transici\u00f3n energ\u00e9tica mundial inclusiva y justa.<\/p>\n\n\n\n<h3 class=\"wp-block-heading\" id=\"h-el-papel-de-neuquen-en-la-cooperacion-energetica-global\">El papel de Neuqu\u00e9n en la cooperaci\u00f3n energ\u00e9tica global<\/h3>\n\n\n\n<p>Leticia Esteves subray\u00f3 que la provincia se encuentra alineada con los objetivos del memor\u00e1ndum de entendimiento entre Argentina y la Uni\u00f3n Europea, que cubre \u00e1reas clave como el hidr\u00f3geno y sus derivados, energ\u00edas renovables, eficiencia energ\u00e9tica, y el uso de gas natural y gas licuado (GNL). Este acuerdo promueve una colaboraci\u00f3n estrat\u00e9gica para avanzar en tecnolog\u00edas limpias y sostenibles, consolidando la posici\u00f3n de Neuqu\u00e9n como un actor relevante en la regi\u00f3n.<\/p>\n\n\n\n<p>Esteves, durante el evento, enfatiz\u00f3: \u201cLos recursos energ\u00e9ticos son de las provincias, tal como lo establece la Constituci\u00f3n. En Neuqu\u00e9n, la pol\u00edtica energ\u00e9tica es una pol\u00edtica de Estado, garantizando as\u00ed la seguridad jur\u00eddica para la inversi\u00f3n. Nuestro objetivo es ser un facilitador de oportunidades para el sector privado, generando un Estado eficiente que impulse el desarrollo sin convertirse en un obst\u00e1culo.\u201d<\/p>\n\n\n\n<h3 class=\"wp-block-heading\" id=\"h-la-diplomacia-energetica-y-la-vision-de-una-transicion-global\">La Diplomacia Energ\u00e9tica y la visi\u00f3n de una transici\u00f3n global<\/h3>\n\n\n\n<p>El objetivo de la Diplomacia Energ\u00e9tica es establecer un modelo energ\u00e9tico global que reduzca la dependencia de los combustibles f\u00f3siles, con un enfoque especial en el abandono gradual del carb\u00f3n y en el fin de las subvenciones a combustibles que resultan perjudiciales para el medio ambiente. Esta iniciativa se sustenta en la necesidad de reducir riesgos geopol\u00edticos y el impacto ambiental asociado a los combustibles f\u00f3siles, promoviendo, en su lugar, un mercado mundial de energ\u00eda renovable que pueda sostenerse en el tiempo.<\/p>\n\n\n\n<p>La secretaria de Ambiente de Neuqu\u00e9n destac\u00f3 que Argentina, con su vasta capacidad de recursos naturales y humanos, puede contribuir significativamente a esta transici\u00f3n, apostando al crecimiento econ\u00f3mico y a una infraestructura moderna y sostenible que acompa\u00f1e el desarrollo del sector energ\u00e9tico. Esteves agreg\u00f3: \u201cEstamos comprometidos con una transici\u00f3n que incluya a todos y no deje a nadie atr\u00e1s. El esfuerzo conjunto entre el Estado y el sector privado es clave para lograr un sistema energ\u00e9tico accesible, seguro y amigable con el ambiente.\u201d<\/p>\n\n\n\n<h3 class=\"wp-block-heading\" id=\"h-neuquen-y-la-vision-de-una-argentina-sostenible\">Neuqu\u00e9n y la visi\u00f3n de una Argentina sostenible<\/h3>\n\n\n\n<p>La participaci\u00f3n de Neuqu\u00e9n en esta iniciativa responde a una estrategia m\u00e1s amplia del gobierno provincial para posicionarse como l\u00edder en energ\u00edas limpias y sostenibles. La provincia ya trabaja activamente en el desarrollo de proyectos de energ\u00edas renovables, incluyendo el impulso a la industria del hidr\u00f3geno como fuente de energ\u00eda del futuro, y en la mejora de la eficiencia energ\u00e9tica en distintos sectores.<\/p>\n\n\n\n<p>La Diplomacia Energ\u00e9tica, liderada por la Uni\u00f3n Europea, busca avanzar en estos cambios hacia un modelo de energ\u00eda limpio y sostenible antes de 2050, un desaf\u00edo monumental que requiere el compromiso y la cooperaci\u00f3n de todas las partes. Para Neuqu\u00e9n, esta transici\u00f3n energ\u00e9tica tambi\u00e9n representa una oportunidad econ\u00f3mica que, en palabras de Esteves, \u201cfortalecer\u00e1 el crecimiento del sector privado y ofrecer\u00e1 oportunidades de desarrollo para todos los habitantes de la provincia\u201d.<\/p>\n\n\n\n<p>Este evento en Bruselas es solo una de las muchas instancias en las que Neuqu\u00e9n reafirma su compromiso con un futuro energ\u00e9tico inclusivo y sostenible, marcando el camino para una econom\u00eda que se fortalece al mismo tiempo que cuida el medio ambiente.<\/p>\n","protected":false},"excerpt":{"rendered":"","protected":false},"author":2,"featured_media":91485,"comment_status":"open","ping_status":"open","sticky":false,"template":"","format":"standard","meta":{"site-sidebar-layout":"default","site-content-layout":"","ast-site-content-layout":"default","site-content-style":"default","site-sidebar-style":"default","ast-global-header-display":"","ast-banner-title-visibility":"","ast-main-header-display":"","ast-hfb-above-header-display":"","ast-hfb-below-header-display":"","ast-hfb-mobile-header-display":"","site-post-title":"","ast-breadcrumbs-content":"","ast-featured-img":"","footer-sml-layout":"","ast-disable-related-posts":"","theme-transparent-header-meta":"","adv-header-id-meta":"","stick-header-meta":"","header-above-stick-meta":"","header-main-stick-meta":"","header-below-stick-meta":"","astra-migrate-meta-layouts":"default","ast-page-background-enabled":"default","ast-page-background-meta":{"desktop":{"background-color":"var(--ast-global-color-5)","background-image":"","background-repeat":"repeat","background-position":"center center","background-size":"auto","background-attachment":"scroll","background-type":"","background-media":"","overlay-type":"","overlay-color":"","overlay-opacity":"","overlay-gradient":""},"tablet":{"background-color":"","background-image":"","background-repeat":"repeat","background-position":"center center","background-size":"auto","background-attachment":"scroll","background-type":"","background-media":"","overlay-type":"","overlay-color":"","overlay-opacity":"","overlay-gradient":""},"mobile":{"background-color":"","background-image":"","background-repeat":"repeat","background-position":"center center","background-size":"auto","background-attachment":"scroll","background-type":"","background-media":"","overlay-type":"","overlay-color":"","overlay-opacity":"","overlay-gradient":""}},"ast-content-background-meta":{"desktop":{"background-color":"var(--ast-global-color-4)","background-image":"","background-repeat":"repeat","background-position":"center center","background-size":"auto","background-attachment":"scroll","background-type":"","background-media":"","overlay-type":"","overlay-color":"","overlay-opacity":"","overlay-gradient":""},"tablet":{"background-color":"var(--ast-global-color-4)","background-image":"","background-repeat":"repeat","background-position":"center center","background-size":"auto","background-attachment":"scroll","background-type":"","background-media":"","overlay-type":"","overlay-color":"","overlay-opacity":"","overlay-gradient":""},"mobile":{"background-color":"var(--ast-global-color-4)","background-image":"","background-repeat":"repeat","background-position":"center center","background-size":"auto","background-attachment":"scroll","background-type":"","background-media":"","overlay-type":"","overlay-color":"","overlay-opacity":"","overlay-gradient":""}},"footnotes":""},"categories":[18,1,13],"tags":[],"class_list":["post-91484","post","type-post","status-publish","format-standard","has-post-thumbnail","hentry","category-neuquen","category-noticias","category-provinciales"],"yoast_head":"<!-- This site is optimized with the Yoast SEO Premium plugin v23.0 (Yoast SEO v27.5) - https:\/\/yoast.com\/product\/yoast-seo-premium-wordpress\/ -->\n<title>Neuqu\u00e9n impulsa la cooperaci\u00f3n energ\u00e9tica en la Uni\u00f3n Europea para acelerar la transici\u00f3n global<\/title>\n<meta name=\"description\" content=\"Neuqu\u00e9n ha reafirmado su compromiso con la transici\u00f3n energ\u00e9tica en un evento organizado en Bruselas por la Uni\u00f3n Europea.\" \/>\n<meta name=\"robots\" content=\"index, follow, max-snippet:-1, max-image-preview:large, max-video-preview:-1\" \/>\n<link rel=\"canonical\" href=\"https:\/\/patagoniambiental.com.ar\/info\/neuquen-impulsa-la-cooperacion-energetica-en-la-union-europea-para-acelerar-la-transicion-global\/\" \/>\n<meta property=\"og:locale\" content=\"es_ES\" \/>\n<meta property=\"og:type\" content=\"article\" \/>\n<meta property=\"og:title\" content=\"Neuqu\u00e9n impulsa la cooperaci\u00f3n energ\u00e9tica en la Uni\u00f3n Europea para acelerar la transici\u00f3n global\" \/>\n<meta property=\"og:description\" content=\"Neuqu\u00e9n ha reafirmado su compromiso con la transici\u00f3n energ\u00e9tica en un evento organizado en Bruselas por la Uni\u00f3n Europea.\" \/>\n<meta property=\"og:url\" content=\"https:\/\/patagoniambiental.com.ar\/info\/neuquen-impulsa-la-cooperacion-energetica-en-la-union-europea-para-acelerar-la-transicion-global\/\" \/>\n<meta property=\"og:site_name\" content=\"Patagonia Ambiental\" \/>\n<meta property=\"article:publisher\" content=\"https:\/\/www.facebook.com\/patagonia.ambiental\" \/>\n<meta property=\"article:author\" content=\"https:\/\/www.facebook.com\/share\/1C1V8Gv9BX\/?mibextid=qi2Omg\" \/>\n<meta property=\"article:published_time\" content=\"2024-11-07T21:08:00+00:00\" \/>\n<meta property=\"article:modified_time\" content=\"2025-05-10T16:10:11+00:00\" \/>\n<meta property=\"og:image\" content=\"https:\/\/patagoniambiental.com.ar\/info\/wp-content\/uploads\/2024\/11\/md-5.webp\" \/>\n\t<meta property=\"og:image:width\" content=\"992\" \/>\n\t<meta property=\"og:image:height\" content=\"619\" \/>\n\t<meta property=\"og:image:type\" content=\"image\/webp\" \/>\n<meta name=\"author\" content=\"Patagonia Ambiental\" \/>\n<meta name=\"twitter:card\" content=\"summary_large_image\" \/>\n<meta name=\"twitter:creator\" content=\"@PatAmb\" \/>\n<meta name=\"twitter:site\" content=\"@PatAmb\" \/>\n<script type=\"application\/ld+json\" class=\"yoast-schema-graph\">{\"@context\":\"https:\\\/\\\/schema.org\",\"@graph\":[{\"@type\":\"Article\",\"@id\":\"https:\\\/\\\/patagoniambiental.com.ar\\\/info\\\/neuquen-impulsa-la-cooperacion-energetica-en-la-union-europea-para-acelerar-la-transicion-global\\\/#article\",\"isPartOf\":{\"@id\":\"https:\\\/\\\/patagoniambiental.com.ar\\\/info\\\/neuquen-impulsa-la-cooperacion-energetica-en-la-union-europea-para-acelerar-la-transicion-global\\\/\"},\"author\":{\"name\":\"Patagonia Ambiental\",\"@id\":\"https:\\\/\\\/patagoniambiental.com.ar\\\/info\\\/#\\\/schema\\\/person\\\/db12bff64bbcbf6a253710bf0ea37b5d\"},\"headline\":\"Neuqu\u00e9n impulsa la cooperaci\u00f3n energ\u00e9tica en la Uni\u00f3n Europea para acelerar la transici\u00f3n global\",\"datePublished\":\"2024-11-07T21:08:00+00:00\",\"dateModified\":\"2025-05-10T16:10:11+00:00\",\"mainEntityOfPage\":{\"@id\":\"https:\\\/\\\/patagoniambiental.com.ar\\\/info\\\/neuquen-impulsa-la-cooperacion-energetica-en-la-union-europea-para-acelerar-la-transicion-global\\\/\"},\"wordCount\":664,\"commentCount\":0,\"publisher\":{\"@id\":\"https:\\\/\\\/patagoniambiental.com.ar\\\/info\\\/#organization\"},\"image\":{\"@id\":\"https:\\\/\\\/patagoniambiental.com.ar\\\/info\\\/neuquen-impulsa-la-cooperacion-energetica-en-la-union-europea-para-acelerar-la-transicion-global\\\/#primaryimage\"},\"thumbnailUrl\":\"https:\\\/\\\/patagoniambiental.com.ar\\\/info\\\/wp-content\\\/uploads\\\/2024\\\/11\\\/md-5.webp\",\"articleSection\":[\"Neuqu\u00e9n\",\"Noticias\",\"Provinciales\"],\"inLanguage\":\"es\",\"potentialAction\":[{\"@type\":\"CommentAction\",\"name\":\"Comment\",\"target\":[\"https:\\\/\\\/patagoniambiental.com.ar\\\/info\\\/neuquen-impulsa-la-cooperacion-energetica-en-la-union-europea-para-acelerar-la-transicion-global\\\/#respond\"]}]},{\"@type\":\"WebPage\",\"@id\":\"https:\\\/\\\/patagoniambiental.com.ar\\\/info\\\/neuquen-impulsa-la-cooperacion-energetica-en-la-union-europea-para-acelerar-la-transicion-global\\\/\",\"url\":\"https:\\\/\\\/patagoniambiental.com.ar\\\/info\\\/neuquen-impulsa-la-cooperacion-energetica-en-la-union-europea-para-acelerar-la-transicion-global\\\/\",\"name\":\"Neuqu\u00e9n impulsa la cooperaci\u00f3n energ\u00e9tica en la Uni\u00f3n Europea para acelerar la transici\u00f3n global\",\"isPartOf\":{\"@id\":\"https:\\\/\\\/patagoniambiental.com.ar\\\/info\\\/#website\"},\"primaryImageOfPage\":{\"@id\":\"https:\\\/\\\/patagoniambiental.com.ar\\\/info\\\/neuquen-impulsa-la-cooperacion-energetica-en-la-union-europea-para-acelerar-la-transicion-global\\\/#primaryimage\"},\"image\":{\"@id\":\"https:\\\/\\\/patagoniambiental.com.ar\\\/info\\\/neuquen-impulsa-la-cooperacion-energetica-en-la-union-europea-para-acelerar-la-transicion-global\\\/#primaryimage\"},\"thumbnailUrl\":\"https:\\\/\\\/patagoniambiental.com.ar\\\/info\\\/wp-content\\\/uploads\\\/2024\\\/11\\\/md-5.webp\",\"datePublished\":\"2024-11-07T21:08:00+00:00\",\"dateModified\":\"2025-05-10T16:10:11+00:00\",\"description\":\"Neuqu\u00e9n ha reafirmado su compromiso con la transici\u00f3n energ\u00e9tica en un evento organizado en Bruselas por la Uni\u00f3n Europea.\",\"breadcrumb\":{\"@id\":\"https:\\\/\\\/patagoniambiental.com.ar\\\/info\\\/neuquen-impulsa-la-cooperacion-energetica-en-la-union-europea-para-acelerar-la-transicion-global\\\/#breadcrumb\"},\"inLanguage\":\"es\",\"potentialAction\":[{\"@type\":\"ReadAction\",\"target\":[\"https:\\\/\\\/patagoniambiental.com.ar\\\/info\\\/neuquen-impulsa-la-cooperacion-energetica-en-la-union-europea-para-acelerar-la-transicion-global\\\/\"]}]},{\"@type\":\"ImageObject\",\"inLanguage\":\"es\",\"@id\":\"https:\\\/\\\/patagoniambiental.com.ar\\\/info\\\/neuquen-impulsa-la-cooperacion-energetica-en-la-union-europea-para-acelerar-la-transicion-global\\\/#primaryimage\",\"url\":\"https:\\\/\\\/patagoniambiental.com.ar\\\/info\\\/wp-content\\\/uploads\\\/2024\\\/11\\\/md-5.webp\",\"contentUrl\":\"https:\\\/\\\/patagoniambiental.com.ar\\\/info\\\/wp-content\\\/uploads\\\/2024\\\/11\\\/md-5.webp\",\"width\":992,\"height\":619},{\"@type\":\"BreadcrumbList\",\"@id\":\"https:\\\/\\\/patagoniambiental.com.ar\\\/info\\\/neuquen-impulsa-la-cooperacion-energetica-en-la-union-europea-para-acelerar-la-transicion-global\\\/#breadcrumb\",\"itemListElement\":[{\"@type\":\"ListItem\",\"position\":1,\"name\":\"Inicio\",\"item\":\"https:\\\/\\\/patagoniambiental.com.ar\\\/info\\\/\"},{\"@type\":\"ListItem\",\"position\":2,\"name\":\"Neuqu\u00e9n impulsa la cooperaci\u00f3n energ\u00e9tica en la Uni\u00f3n Europea para acelerar la transici\u00f3n global\"}]},{\"@type\":\"WebSite\",\"@id\":\"https:\\\/\\\/patagoniambiental.com.ar\\\/info\\\/#website\",\"url\":\"https:\\\/\\\/patagoniambiental.com.ar\\\/info\\\/\",\"name\":\"Patagonia Ambiental\",\"description\":\"Monitoreo y an\u00e1lisis de la situaci\u00f3n geopol\u00edtica en el mundo y su implicancia en la Patagonia\",\"publisher\":{\"@id\":\"https:\\\/\\\/patagoniambiental.com.ar\\\/info\\\/#organization\"},\"potentialAction\":[{\"@type\":\"SearchAction\",\"target\":{\"@type\":\"EntryPoint\",\"urlTemplate\":\"https:\\\/\\\/patagoniambiental.com.ar\\\/info\\\/?s={search_term_string}\"},\"query-input\":{\"@type\":\"PropertyValueSpecification\",\"valueRequired\":true,\"valueName\":\"search_term_string\"}}],\"inLanguage\":\"es\"},{\"@type\":\"Organization\",\"@id\":\"https:\\\/\\\/patagoniambiental.com.ar\\\/info\\\/#organization\",\"name\":\"Patagonia Ambiental\",\"url\":\"https:\\\/\\\/patagoniambiental.com.ar\\\/info\\\/\",\"logo\":{\"@type\":\"ImageObject\",\"inLanguage\":\"es\",\"@id\":\"https:\\\/\\\/patagoniambiental.com.ar\\\/info\\\/#\\\/schema\\\/logo\\\/image\\\/\",\"url\":\"https:\\\/\\\/patagoniambiental.com.ar\\\/info\\\/wp-content\\\/uploads\\\/2025\\\/05\\\/LOGO-PATAGONIA-AMBIENTAL.png\",\"contentUrl\":\"https:\\\/\\\/patagoniambiental.com.ar\\\/info\\\/wp-content\\\/uploads\\\/2025\\\/05\\\/LOGO-PATAGONIA-AMBIENTAL.png\",\"width\":433,\"height\":250,\"caption\":\"Patagonia Ambiental\"},\"image\":{\"@id\":\"https:\\\/\\\/patagoniambiental.com.ar\\\/info\\\/#\\\/schema\\\/logo\\\/image\\\/\"},\"sameAs\":[\"https:\\\/\\\/www.facebook.com\\\/patagonia.ambiental\",\"https:\\\/\\\/x.com\\\/PatAmb\"]},{\"@type\":\"Person\",\"@id\":\"https:\\\/\\\/patagoniambiental.com.ar\\\/info\\\/#\\\/schema\\\/person\\\/db12bff64bbcbf6a253710bf0ea37b5d\",\"name\":\"Patagonia Ambiental\",\"description\":\"Andr\u00e9s Nievas T\u00e9cnico en manejo ambiental, consultor Ambiental y escritor para medios locales e internacionales sobre temas de geopolitica y medio ambiente.\",\"sameAs\":[\"http:\\\/\\\/www.patagoniambiental.com.ar\",\"https:\\\/\\\/www.facebook.com\\\/share\\\/1C1V8Gv9BX\\\/?mibextid=qi2Omg\",\"@patagoniambiental\",\"https:\\\/\\\/youtube.com\\\/@patagoniaambiental2023?si=BLt58t0wuXquxlYZ\"]}]}<\/script>\n<!-- \/ Yoast SEO Premium plugin. -->","yoast_head_json":{"title":"Neuqu\u00e9n impulsa la cooperaci\u00f3n energ\u00e9tica en la Uni\u00f3n Europea para acelerar la transici\u00f3n global","description":"Neuqu\u00e9n ha reafirmado su compromiso con la transici\u00f3n energ\u00e9tica en un evento organizado en Bruselas por la Uni\u00f3n Europea.","robots":{"index":"index","follow":"follow","max-snippet":"max-snippet:-1","max-image-preview":"max-image-preview:large","max-video-preview":"max-video-preview:-1"},"canonical":"https:\/\/patagoniambiental.com.ar\/info\/neuquen-impulsa-la-cooperacion-energetica-en-la-union-europea-para-acelerar-la-transicion-global\/","og_locale":"es_ES","og_type":"article","og_title":"Neuqu\u00e9n impulsa la cooperaci\u00f3n energ\u00e9tica en la Uni\u00f3n Europea para acelerar la transici\u00f3n global","og_description":"Neuqu\u00e9n ha reafirmado su compromiso con la transici\u00f3n energ\u00e9tica en un evento organizado en Bruselas por la Uni\u00f3n Europea.","og_url":"https:\/\/patagoniambiental.com.ar\/info\/neuquen-impulsa-la-cooperacion-energetica-en-la-union-europea-para-acelerar-la-transicion-global\/","og_site_name":"Patagonia Ambiental","article_publisher":"https:\/\/www.facebook.com\/patagonia.ambiental","article_author":"https:\/\/www.facebook.com\/share\/1C1V8Gv9BX\/?mibextid=qi2Omg","article_published_time":"2024-11-07T21:08:00+00:00","article_modified_time":"2025-05-10T16:10:11+00:00","og_image":[{"width":992,"height":619,"url":"https:\/\/patagoniambiental.com.ar\/info\/wp-content\/uploads\/2024\/11\/md-5.webp","type":"image\/webp"}],"author":"Patagonia Ambiental","twitter_card":"summary_large_image","twitter_creator":"@PatAmb","twitter_site":"@PatAmb","schema":{"@context":"https:\/\/schema.org","@graph":[{"@type":"Article","@id":"https:\/\/patagoniambiental.com.ar\/info\/neuquen-impulsa-la-cooperacion-energetica-en-la-union-europea-para-acelerar-la-transicion-global\/#article","isPartOf":{"@id":"https:\/\/patagoniambiental.com.ar\/info\/neuquen-impulsa-la-cooperacion-energetica-en-la-union-europea-para-acelerar-la-transicion-global\/"},"author":{"name":"Patagonia Ambiental","@id":"https:\/\/patagoniambiental.com.ar\/info\/#\/schema\/person\/db12bff64bbcbf6a253710bf0ea37b5d"},"headline":"Neuqu\u00e9n impulsa la cooperaci\u00f3n energ\u00e9tica en la Uni\u00f3n Europea para acelerar la transici\u00f3n global","datePublished":"2024-11-07T21:08:00+00:00","dateModified":"2025-05-10T16:10:11+00:00","mainEntityOfPage":{"@id":"https:\/\/patagoniambiental.com.ar\/info\/neuquen-impulsa-la-cooperacion-energetica-en-la-union-europea-para-acelerar-la-transicion-global\/"},"wordCount":664,"commentCount":0,"publisher":{"@id":"https:\/\/patagoniambiental.com.ar\/info\/#organization"},"image":{"@id":"https:\/\/patagoniambiental.com.ar\/info\/neuquen-impulsa-la-cooperacion-energetica-en-la-union-europea-para-acelerar-la-transicion-global\/#primaryimage"},"thumbnailUrl":"https:\/\/patagoniambiental.com.ar\/info\/wp-content\/uploads\/2024\/11\/md-5.webp","articleSection":["Neuqu\u00e9n","Noticias","Provinciales"],"inLanguage":"es","potentialAction":[{"@type":"CommentAction","name":"Comment","target":["https:\/\/patagoniambiental.com.ar\/info\/neuquen-impulsa-la-cooperacion-energetica-en-la-union-europea-para-acelerar-la-transicion-global\/#respond"]}]},{"@type":"WebPage","@id":"https:\/\/patagoniambiental.com.ar\/info\/neuquen-impulsa-la-cooperacion-energetica-en-la-union-europea-para-acelerar-la-transicion-global\/","url":"https:\/\/patagoniambiental.com.ar\/info\/neuquen-impulsa-la-cooperacion-energetica-en-la-union-europea-para-acelerar-la-transicion-global\/","name":"Neuqu\u00e9n impulsa la cooperaci\u00f3n energ\u00e9tica en la Uni\u00f3n Europea para acelerar la transici\u00f3n global","isPartOf":{"@id":"https:\/\/patagoniambiental.com.ar\/info\/#website"},"primaryImageOfPage":{"@id":"https:\/\/patagoniambiental.com.ar\/info\/neuquen-impulsa-la-cooperacion-energetica-en-la-union-europea-para-acelerar-la-transicion-global\/#primaryimage"},"image":{"@id":"https:\/\/patagoniambiental.com.ar\/info\/neuquen-impulsa-la-cooperacion-energetica-en-la-union-europea-para-acelerar-la-transicion-global\/#primaryimage"},"thumbnailUrl":"https:\/\/patagoniambiental.com.ar\/info\/wp-content\/uploads\/2024\/11\/md-5.webp","datePublished":"2024-11-07T21:08:00+00:00","dateModified":"2025-05-10T16:10:11+00:00","description":"Neuqu\u00e9n ha reafirmado su compromiso con la transici\u00f3n energ\u00e9tica en un evento organizado en Bruselas por la Uni\u00f3n Europea.","breadcrumb":{"@id":"https:\/\/patagoniambiental.com.ar\/info\/neuquen-impulsa-la-cooperacion-energetica-en-la-union-europea-para-acelerar-la-transicion-global\/#breadcrumb"},"inLanguage":"es","potentialAction":[{"@type":"ReadAction","target":["https:\/\/patagoniambiental.com.ar\/info\/neuquen-impulsa-la-cooperacion-energetica-en-la-union-europea-para-acelerar-la-transicion-global\/"]}]},{"@type":"ImageObject","inLanguage":"es","@id":"https:\/\/patagoniambiental.com.ar\/info\/neuquen-impulsa-la-cooperacion-energetica-en-la-union-europea-para-acelerar-la-transicion-global\/#primaryimage","url":"https:\/\/patagoniambiental.com.ar\/info\/wp-content\/uploads\/2024\/11\/md-5.webp","contentUrl":"https:\/\/patagoniambiental.com.ar\/info\/wp-content\/uploads\/2024\/11\/md-5.webp","width":992,"height":619},{"@type":"BreadcrumbList","@id":"https:\/\/patagoniambiental.com.ar\/info\/neuquen-impulsa-la-cooperacion-energetica-en-la-union-europea-para-acelerar-la-transicion-global\/#breadcrumb","itemListElement":[{"@type":"ListItem","position":1,"name":"Inicio","item":"https:\/\/patagoniambiental.com.ar\/info\/"},{"@type":"ListItem","position":2,"name":"Neuqu\u00e9n impulsa la cooperaci\u00f3n energ\u00e9tica en la Uni\u00f3n Europea para acelerar la transici\u00f3n global"}]},{"@type":"WebSite","@id":"https:\/\/patagoniambiental.com.ar\/info\/#website","url":"https:\/\/patagoniambiental.com.ar\/info\/","name":"Patagonia Ambiental","description":"Monitoreo y an\u00e1lisis de la situaci\u00f3n geopol\u00edtica en el mundo y su implicancia en la Patagonia","publisher":{"@id":"https:\/\/patagoniambiental.com.ar\/info\/#organization"},"potentialAction":[{"@type":"SearchAction","target":{"@type":"EntryPoint","urlTemplate":"https:\/\/patagoniambiental.com.ar\/info\/?s={search_term_string}"},"query-input":{"@type":"PropertyValueSpecification","valueRequired":true,"valueName":"search_term_string"}}],"inLanguage":"es"},{"@type":"Organization","@id":"https:\/\/patagoniambiental.com.ar\/info\/#organization","name":"Patagonia Ambiental","url":"https:\/\/patagoniambiental.com.ar\/info\/","logo":{"@type":"ImageObject","inLanguage":"es","@id":"https:\/\/patagoniambiental.com.ar\/info\/#\/schema\/logo\/image\/","url":"https:\/\/patagoniambiental.com.ar\/info\/wp-content\/uploads\/2025\/05\/LOGO-PATAGONIA-AMBIENTAL.png","contentUrl":"https:\/\/patagoniambiental.com.ar\/info\/wp-content\/uploads\/2025\/05\/LOGO-PATAGONIA-AMBIENTAL.png","width":433,"height":250,"caption":"Patagonia Ambiental"},"image":{"@id":"https:\/\/patagoniambiental.com.ar\/info\/#\/schema\/logo\/image\/"},"sameAs":["https:\/\/www.facebook.com\/patagonia.ambiental","https:\/\/x.com\/PatAmb"]},{"@type":"Person","@id":"https:\/\/patagoniambiental.com.ar\/info\/#\/schema\/person\/db12bff64bbcbf6a253710bf0ea37b5d","name":"Patagonia Ambiental","description":"Andr\u00e9s Nievas T\u00e9cnico en manejo ambiental, consultor Ambiental y escritor para medios locales e internacionales sobre temas de geopolitica y medio ambiente.","sameAs":["http:\/\/www.patagoniambiental.com.ar","https:\/\/www.facebook.com\/share\/1C1V8Gv9BX\/?mibextid=qi2Omg","@patagoniambiental","https:\/\/youtube.com\/@patagoniaambiental2023?si=BLt58t0wuXquxlYZ"]}]}},"_links":{"self":[{"href":"https:\/\/patagoniambiental.com.ar\/info\/wp-json\/wp\/v2\/posts\/91484","targetHints":{"allow":["GET"]}}],"collection":[{"href":"https:\/\/patagoniambiental.com.ar\/info\/wp-json\/wp\/v2\/posts"}],"about":[{"href":"https:\/\/patagoniambiental.com.ar\/info\/wp-json\/wp\/v2\/types\/post"}],"author":[{"embeddable":true,"href":"https:\/\/patagoniambiental.com.ar\/info\/wp-json\/wp\/v2\/users\/2"}],"replies":[{"embeddable":true,"href":"https:\/\/patagoniambiental.com.ar\/info\/wp-json\/wp\/v2\/comments?post=91484"}],"version-history":[{"count":0,"href":"https:\/\/patagoniambiental.com.ar\/info\/wp-json\/wp\/v2\/posts\/91484\/revisions"}],"wp:featuredmedia":[{"embeddable":true,"href":"https:\/\/patagoniambiental.com.ar\/info\/wp-json\/wp\/v2\/media\/91485"}],"wp:attachment":[{"href":"https:\/\/patagoniambiental.com.ar\/info\/wp-json\/wp\/v2\/media?parent=91484"}],"wp:term":[{"taxonomy":"category","embeddable":true,"href":"https:\/\/patagoniambiental.com.ar\/info\/wp-json\/wp\/v2\/categories?post=91484"},{"taxonomy":"post_tag","embeddable":true,"href":"https:\/\/patagoniambiental.com.ar\/info\/wp-json\/wp\/v2\/tags?post=91484"}],"curies":[{"name":"wp","href":"https:\/\/api.w.org\/{rel}","templated":true}]}}