{"id":91500,"date":"2024-11-11T18:14:13","date_gmt":"2024-11-11T21:14:13","guid":{"rendered":"https:\/\/patagoniambiental.com.ar\/info\/?p=91500"},"modified":"2025-05-04T16:31:05","modified_gmt":"2025-05-04T19:31:05","slug":"mujeres-rurales-de-neuquen-guardianas-de-la-tierra-la-cultura-y-la-economia-local","status":"publish","type":"post","link":"https:\/\/patagoniambiental.com.ar\/info\/mujeres-rurales-de-neuquen-guardianas-de-la-tierra-la-cultura-y-la-economia-local\/","title":{"rendered":"Mujeres rurales de Neuqu\u00e9n, guardianas de la tierra, la cultura y la econom\u00eda local"},"content":{"rendered":"\n<!--more-->\n\n\n\n<p>Neuquen, 11 de noviembre de 2024. En la provincia de Neuqu\u00e9n, un grupo de mujeres rurales ha sido reconocido por su arduo trabajo en la preservaci\u00f3n de la historia, la cultura y la producci\u00f3n local. Desde la agricultura hasta la apicultura y la plater\u00eda, estas mujeres no solo sostienen sus familias, sino que tambi\u00e9n mantienen vivas las tradiciones ancestrales, garantizando la soberan\u00eda alimentaria y la econom\u00eda regional. Su rol crucial en la ruralidad fue destacado en un evento organizado por el gobierno provincial, que rindi\u00f3 homenaje a estas productoras y emprendedoras, quienes, con esfuerzo y dedicaci\u00f3n, contribuyen al desarrollo y al bienestar de sus comunidades.<\/p>\n\n\n\n<figure class=\"wp-block-image size-full\"><img fetchpriority=\"high\" decoding=\"async\" width=\"734\" height=\"502\" src=\"https:\/\/patagoniambiental.com.ar\/info\/wp-content\/uploads\/2024\/11\/3344.jpg\" alt=\"\" class=\"wp-image-91502\"\/><\/figure>\n\n\n\n<h3 class=\"wp-block-heading\" id=\"h-mujeres-rurales-pilares-de-la-economia-neuquina\">Mujeres rurales: pilares de la econom\u00eda neuquina<\/h3>\n\n\n\n<p>En un evento que celebr\u00f3 la resiliencia y la dedicaci\u00f3n de las mujeres rurales de Neuqu\u00e9n, un grupo destacado de productoras fue premiado por su trabajo. Entre ellas se encontraban Daniela Dietrich, Gina Gonz\u00e1lez, el Grupo Plateras de la Comunidad Chiquilihuin y Mar\u00eda \u00abMaru\u00bb Morales, quienes compartieron sus historias y reflexionaron sobre el impacto de su trabajo en sus comunidades y en la preservaci\u00f3n de los saberes ancestrales. La jornada, celebrada en octubre de 2024, subray\u00f3 la importancia de las mujeres como guardianas de la tierra y defensoras de la cultura local.<\/p>\n\n\n\n<h3 class=\"wp-block-heading\" id=\"h-daniela-dietrich-un-legado-de-esfuerzo-y-pasion-por-la-tierra\">Daniela Dietrich: Un legado de esfuerzo y pasi\u00f3n por la tierra<\/h3>\n\n\n\n<p>Daniela Dietrich, productora de nueces de Centenario, es tercera generaci\u00f3n de una familia dedicada a la producci\u00f3n agr\u00edcola. Su historia est\u00e1 profundamente conectada con la figura de su abuela, quien, llegada de Yugoslavia en la d\u00e9cada de 1940, adquiri\u00f3 una chacra y, a pesar de las dificultades, se encarg\u00f3 de la gesti\u00f3n de la producci\u00f3n. Para Daniela, su abuela fue un ejemplo de fortaleza y trabajo, y su legado sigue vivo en la manera en que ella maneja su chacra hoy en d\u00eda. En su participaci\u00f3n en el 1\u00b0 Foro Internacional \u00abG\u00e9nero y Ruralidad\u00bb, realizado en Santa Fe, Daniela comparti\u00f3 experiencias con otras mujeres rurales, como Lucy, una criancera del norte neuquino, quien relat\u00f3 las arduas tareas que enfrenta para alimentar a sus chivas durante el invierno, un oficio que aprendi\u00f3 de su madre y abuela.<\/p>\n\n\n\n<h3 class=\"wp-block-heading\" id=\"h-gina-gonzalez-un-proyecto-agroecologico-en-san-martin-de-los-andes\">Gina Gonz\u00e1lez: Un proyecto agroecol\u00f3gico en San Mart\u00edn de los Andes<\/h3>\n\n\n\n<p>Gina Gonz\u00e1lez, del Barrio Intercultural de San Mart\u00edn de los Andes, fue otra de las mujeres reconocidas por su proyecto productivo, \u00abCobre Verde\u00bb, una tienda agroecol\u00f3gica de estaci\u00f3n que incluye huerta y apicultura. Su emprendimiento busca respetar los ciclos naturales de la tierra, ofreciendo productos frescos y saludables en su huerta. Gina trabaja junto a su abuela, quien es el coraz\u00f3n de la huerta y la encargada de la producci\u00f3n de plantas medicinales. Gina destac\u00f3 la importancia de retomar los saberes ancestrales de su familia, que ha estado ligada al campo por generaciones, y c\u00f3mo este legado influye en su trabajo diario.<\/p>\n\n\n\n<h3 class=\"wp-block-heading\" id=\"h-plateras-de-la-comunidad-chiquilihuin-rescatando-la-plateria-mapuche\">Plateras de la Comunidad Chiquilihuin: Rescatando la plater\u00eda mapuche<\/h3>\n\n\n\n<p>El Grupo Plateras de la Comunidad Chiquilihuin, formado por Nidia Quilaleo, In\u00e9s Cayumir y Alicia Pereira, ha dedicado los \u00faltimos 15 a\u00f1os a la producci\u00f3n artesanal de plata. Sus trabajos, que incluyen aros, dijes, anillos y tupu mapuche, buscan mantener viva la tradici\u00f3n de la plater\u00eda mapuche, una de las herencias culturales m\u00e1s importantes de la regi\u00f3n. A lo largo de los a\u00f1os, el grupo ha crecido y evolucionado, pero siempre ha mantenido su objetivo de preservar las costumbres y t\u00e9cnicas ancestrales. Recientemente, el grupo fue premiado por su esfuerzo y compromiso con la cultura local, y utilizar\u00e1 el premio para mejorar sus herramientas y continuar con su labor artesanal.<\/p>\n\n\n\n<h3 class=\"wp-block-heading\" id=\"h-maria-maru-morales-trabajadora-de-la-tierra-en-picun-leufu\">Mar\u00eda \u00abMaru\u00bb Morales: Trabajadora de la tierra en Pic\u00fan Leuf\u00fa<\/h3>\n\n\n\n<p>Mar\u00eda Morales, conocida como \u00abMaru\u00bb, es productora en el paraje Villa Uni\u00f3n, El Sauce, en Pic\u00fan Leuf\u00fa. A pesar de las dificultades inherentes al trabajo rural, Maru sigue adelante con su emprendimiento de producci\u00f3n de alimentos saludables. En la ceremonia de premiaci\u00f3n, expres\u00f3 su gratitud hacia el gobierno provincial por brindar visibilidad a las mujeres rurales y reconocer su esfuerzo. Adem\u00e1s, destac\u00f3 el rol de su familia en su desarrollo personal y profesional, especialmente su madre y su esposo, quienes siempre la han apoyado en su trabajo.<\/p>\n\n\n\n<h3 class=\"wp-block-heading\" id=\"h-la-importancia-de-las-mujeres-en-la-ruralidad\">La importancia de las mujeres en la ruralidad<\/h3>\n\n\n\n<p>El evento no solo reconoci\u00f3 el trabajo de estas mujeres excepcionales, sino que tambi\u00e9n puso de relieve el rol crucial de la mujer en la ruralidad. Estas productoras y artesanas no solo producen alimentos y productos de calidad, sino que tambi\u00e9n son responsables de la preservaci\u00f3n de la biodiversidad y las tradiciones locales. \u00abLo m\u00e1s importante que nos toca a veces a las mujeres rurales es sostener la defensa de la tierra productiva, porque es la base de la soberan\u00eda alimentaria\u00bb, reflexion\u00f3 Daniela Dietrich durante su intervenci\u00f3n. Su mensaje resalta la importancia de continuar trabajando la tierra, no solo para las generaciones actuales, sino tambi\u00e9n para las futuras, garantizando la seguridad alimentaria de la regi\u00f3n.<\/p>\n\n\n\n<h3 class=\"wp-block-heading\" id=\"h-el-desafio-de-mantener-vivas-las-tradiciones\">El desaf\u00edo de mantener vivas las tradiciones<\/h3>\n\n\n\n<p>El evento tambi\u00e9n subray\u00f3 los desaf\u00edos que enfrentan las mujeres rurales para preservar las tradiciones y los saberes ancestrales. Desde la plater\u00eda mapuche hasta las t\u00e9cnicas de cultivo agroecol\u00f3gico, estas mujeres trabajan arduamente para mantener vivas las tradiciones que han sido transmitidas de generaci\u00f3n en generaci\u00f3n. El reconocimiento a su labor no solo celebra sus logros individuales, sino tambi\u00e9n la importancia de su trabajo colectivo en la preservaci\u00f3n de la cultura y la identidad regional.<\/p>\n\n\n\n<h3 class=\"wp-block-heading\" id=\"h-mujeres-rurales-pilares-del-futuro\">Mujeres rurales, pilares del futuro<\/h3>\n\n\n\n<p>El trabajo de estas mujeres en Neuqu\u00e9n va m\u00e1s all\u00e1 de la producci\u00f3n de alimentos o artesan\u00edas. Son guardianas de la historia, la cultura y la econom\u00eda local. A trav\u00e9s de sus esfuerzos, no solo sostienen a sus familias, sino que tambi\u00e9n contribuyen al bienestar de sus comunidades y a la preservaci\u00f3n de los recursos naturales. Reconocer su trabajo es fundamental para garantizar un futuro m\u00e1s justo y sostenible para todos. En este sentido, la jornada organizada por la provincia de Neuqu\u00e9n ha sido un paso importante para visibilizar y valorar el rol de las mujeres rurales como agentes de cambio y custodias del patrimonio cultural y productivo de la regi\u00f3n.<\/p>\n\n\n\n<figure class=\"wp-block-image size-full\"><img decoding=\"async\" width=\"846\" height=\"522\" src=\"https:\/\/patagoniambiental.com.ar\/info\/wp-content\/uploads\/2024\/11\/3445.jpg\" alt=\"\" class=\"wp-image-91503\"\/><\/figure>\n","protected":false},"excerpt":{"rendered":"","protected":false},"author":2,"featured_media":91501,"comment_status":"open","ping_status":"open","sticky":false,"template":"","format":"standard","meta":{"site-sidebar-layout":"default","site-content-layout":"","ast-site-content-layout":"default","site-content-style":"default","site-sidebar-style":"default","ast-global-header-display":"","ast-banner-title-visibility":"","ast-main-header-display":"","ast-hfb-above-header-display":"","ast-hfb-below-header-display":"","ast-hfb-mobile-header-display":"","site-post-title":"","ast-breadcrumbs-content":"","ast-featured-img":"","footer-sml-layout":"","ast-disable-related-posts":"","theme-transparent-header-meta":"","adv-header-id-meta":"","stick-header-meta":"","header-above-stick-meta":"","header-main-stick-meta":"","header-below-stick-meta":"","astra-migrate-meta-layouts":"default","ast-page-background-enabled":"default","ast-page-background-meta":{"desktop":{"background-color":"var(--ast-global-color-5)","background-image":"","background-repeat":"repeat","background-position":"center center","background-size":"auto","background-attachment":"scroll","background-type":"","background-media":"","overlay-type":"","overlay-color":"","overlay-opacity":"","overlay-gradient":""},"tablet":{"background-color":"","background-image":"","background-repeat":"repeat","background-position":"center center","background-size":"auto","background-attachment":"scroll","background-type":"","background-media":"","overlay-type":"","overlay-color":"","overlay-opacity":"","overlay-gradient":""},"mobile":{"background-color":"","background-image":"","background-repeat":"repeat","background-position":"center center","background-size":"auto","background-attachment":"scroll","background-type":"","background-media":"","overlay-type":"","overlay-color":"","overlay-opacity":"","overlay-gradient":""}},"ast-content-background-meta":{"desktop":{"background-color":"var(--ast-global-color-4)","background-image":"","background-repeat":"repeat","background-position":"center center","background-size":"auto","background-attachment":"scroll","background-type":"","background-media":"","overlay-type":"","overlay-color":"","overlay-opacity":"","overlay-gradient":""},"tablet":{"background-color":"var(--ast-global-color-4)","background-image":"","background-repeat":"repeat","background-position":"center center","background-size":"auto","background-attachment":"scroll","background-type":"","background-media":"","overlay-type":"","overlay-color":"","overlay-opacity":"","overlay-gradient":""},"mobile":{"background-color":"var(--ast-global-color-4)","background-image":"","background-repeat":"repeat","background-position":"center center","background-size":"auto","background-attachment":"scroll","background-type":"","background-media":"","overlay-type":"","overlay-color":"","overlay-opacity":"","overlay-gradient":""}},"footnotes":""},"categories":[18,1,13],"tags":[],"class_list":["post-91500","post","type-post","status-publish","format-standard","has-post-thumbnail","hentry","category-neuquen","category-noticias","category-provinciales"],"yoast_head":"<!-- This site is optimized with the Yoast SEO Premium plugin v23.0 (Yoast SEO v27.5) - https:\/\/yoast.com\/product\/yoast-seo-premium-wordpress\/ -->\n<title>Mujeres rurales de Neuqu\u00e9n, guardianas de la tierra, la cultura y la econom\u00eda local<\/title>\n<meta name=\"description\" content=\"En la provincia de Neuqu\u00e9n, un grupo de mujeres rurales ha sido reconocido por su arduo trabajo en la preservaci\u00f3n de la historia, la cultura y la producci\u00f3n local.\" \/>\n<meta name=\"robots\" content=\"index, follow, max-snippet:-1, max-image-preview:large, max-video-preview:-1\" \/>\n<link rel=\"canonical\" href=\"https:\/\/patagoniambiental.com.ar\/info\/mujeres-rurales-de-neuquen-guardianas-de-la-tierra-la-cultura-y-la-economia-local\/\" \/>\n<meta property=\"og:locale\" content=\"es_ES\" \/>\n<meta property=\"og:type\" content=\"article\" \/>\n<meta property=\"og:title\" content=\"Mujeres rurales de Neuqu\u00e9n, guardianas de la tierra, la cultura y la econom\u00eda local\" \/>\n<meta property=\"og:description\" content=\"En la provincia de Neuqu\u00e9n, un grupo de mujeres rurales ha sido reconocido por su arduo trabajo en la preservaci\u00f3n de la historia, la cultura y la producci\u00f3n local.\" \/>\n<meta property=\"og:url\" content=\"https:\/\/patagoniambiental.com.ar\/info\/mujeres-rurales-de-neuquen-guardianas-de-la-tierra-la-cultura-y-la-economia-local\/\" \/>\n<meta property=\"og:site_name\" content=\"Patagonia Ambiental\" \/>\n<meta property=\"article:publisher\" content=\"https:\/\/www.facebook.com\/patagonia.ambiental\" \/>\n<meta property=\"article:author\" content=\"https:\/\/www.facebook.com\/share\/1C1V8Gv9BX\/?mibextid=qi2Omg\" \/>\n<meta property=\"article:published_time\" content=\"2024-11-11T21:14:13+00:00\" \/>\n<meta property=\"article:modified_time\" content=\"2025-05-04T19:31:05+00:00\" \/>\n<meta property=\"og:image\" content=\"https:\/\/patagoniambiental.com.ar\/info\/wp-content\/uploads\/2024\/11\/sin-titulo-2.jpg\" \/>\n\t<meta property=\"og:image:width\" content=\"846\" \/>\n\t<meta property=\"og:image:height\" content=\"504\" \/>\n\t<meta property=\"og:image:type\" content=\"image\/jpeg\" \/>\n<meta name=\"author\" content=\"Patagonia Ambiental\" \/>\n<meta name=\"twitter:card\" content=\"summary_large_image\" \/>\n<meta name=\"twitter:creator\" content=\"@PatAmb\" \/>\n<meta name=\"twitter:site\" content=\"@PatAmb\" \/>\n<script type=\"application\/ld+json\" class=\"yoast-schema-graph\">{\"@context\":\"https:\\\/\\\/schema.org\",\"@graph\":[{\"@type\":\"Article\",\"@id\":\"https:\\\/\\\/patagoniambiental.com.ar\\\/info\\\/mujeres-rurales-de-neuquen-guardianas-de-la-tierra-la-cultura-y-la-economia-local\\\/#article\",\"isPartOf\":{\"@id\":\"https:\\\/\\\/patagoniambiental.com.ar\\\/info\\\/mujeres-rurales-de-neuquen-guardianas-de-la-tierra-la-cultura-y-la-economia-local\\\/\"},\"author\":{\"name\":\"Patagonia Ambiental\",\"@id\":\"https:\\\/\\\/patagoniambiental.com.ar\\\/info\\\/#\\\/schema\\\/person\\\/db12bff64bbcbf6a253710bf0ea37b5d\"},\"headline\":\"Mujeres rurales de Neuqu\u00e9n, guardianas de la tierra, la cultura y la econom\u00eda local\",\"datePublished\":\"2024-11-11T21:14:13+00:00\",\"dateModified\":\"2025-05-04T19:31:05+00:00\",\"mainEntityOfPage\":{\"@id\":\"https:\\\/\\\/patagoniambiental.com.ar\\\/info\\\/mujeres-rurales-de-neuquen-guardianas-de-la-tierra-la-cultura-y-la-economia-local\\\/\"},\"wordCount\":1092,\"commentCount\":0,\"publisher\":{\"@id\":\"https:\\\/\\\/patagoniambiental.com.ar\\\/info\\\/#organization\"},\"image\":{\"@id\":\"https:\\\/\\\/patagoniambiental.com.ar\\\/info\\\/mujeres-rurales-de-neuquen-guardianas-de-la-tierra-la-cultura-y-la-economia-local\\\/#primaryimage\"},\"thumbnailUrl\":\"https:\\\/\\\/patagoniambiental.com.ar\\\/info\\\/wp-content\\\/uploads\\\/2024\\\/11\\\/sin-titulo-2.jpg\",\"articleSection\":[\"Neuqu\u00e9n\",\"Noticias\",\"Provinciales\"],\"inLanguage\":\"es\",\"potentialAction\":[{\"@type\":\"CommentAction\",\"name\":\"Comment\",\"target\":[\"https:\\\/\\\/patagoniambiental.com.ar\\\/info\\\/mujeres-rurales-de-neuquen-guardianas-de-la-tierra-la-cultura-y-la-economia-local\\\/#respond\"]}]},{\"@type\":\"WebPage\",\"@id\":\"https:\\\/\\\/patagoniambiental.com.ar\\\/info\\\/mujeres-rurales-de-neuquen-guardianas-de-la-tierra-la-cultura-y-la-economia-local\\\/\",\"url\":\"https:\\\/\\\/patagoniambiental.com.ar\\\/info\\\/mujeres-rurales-de-neuquen-guardianas-de-la-tierra-la-cultura-y-la-economia-local\\\/\",\"name\":\"Mujeres rurales de Neuqu\u00e9n, guardianas de la tierra, la cultura y la econom\u00eda local\",\"isPartOf\":{\"@id\":\"https:\\\/\\\/patagoniambiental.com.ar\\\/info\\\/#website\"},\"primaryImageOfPage\":{\"@id\":\"https:\\\/\\\/patagoniambiental.com.ar\\\/info\\\/mujeres-rurales-de-neuquen-guardianas-de-la-tierra-la-cultura-y-la-economia-local\\\/#primaryimage\"},\"image\":{\"@id\":\"https:\\\/\\\/patagoniambiental.com.ar\\\/info\\\/mujeres-rurales-de-neuquen-guardianas-de-la-tierra-la-cultura-y-la-economia-local\\\/#primaryimage\"},\"thumbnailUrl\":\"https:\\\/\\\/patagoniambiental.com.ar\\\/info\\\/wp-content\\\/uploads\\\/2024\\\/11\\\/sin-titulo-2.jpg\",\"datePublished\":\"2024-11-11T21:14:13+00:00\",\"dateModified\":\"2025-05-04T19:31:05+00:00\",\"description\":\"En la provincia de Neuqu\u00e9n, un grupo de mujeres rurales ha sido reconocido por su arduo trabajo en la preservaci\u00f3n de la historia, la cultura y la producci\u00f3n local.\",\"breadcrumb\":{\"@id\":\"https:\\\/\\\/patagoniambiental.com.ar\\\/info\\\/mujeres-rurales-de-neuquen-guardianas-de-la-tierra-la-cultura-y-la-economia-local\\\/#breadcrumb\"},\"inLanguage\":\"es\",\"potentialAction\":[{\"@type\":\"ReadAction\",\"target\":[\"https:\\\/\\\/patagoniambiental.com.ar\\\/info\\\/mujeres-rurales-de-neuquen-guardianas-de-la-tierra-la-cultura-y-la-economia-local\\\/\"]}]},{\"@type\":\"ImageObject\",\"inLanguage\":\"es\",\"@id\":\"https:\\\/\\\/patagoniambiental.com.ar\\\/info\\\/mujeres-rurales-de-neuquen-guardianas-de-la-tierra-la-cultura-y-la-economia-local\\\/#primaryimage\",\"url\":\"https:\\\/\\\/patagoniambiental.com.ar\\\/info\\\/wp-content\\\/uploads\\\/2024\\\/11\\\/sin-titulo-2.jpg\",\"contentUrl\":\"https:\\\/\\\/patagoniambiental.com.ar\\\/info\\\/wp-content\\\/uploads\\\/2024\\\/11\\\/sin-titulo-2.jpg\",\"width\":846,\"height\":504},{\"@type\":\"BreadcrumbList\",\"@id\":\"https:\\\/\\\/patagoniambiental.com.ar\\\/info\\\/mujeres-rurales-de-neuquen-guardianas-de-la-tierra-la-cultura-y-la-economia-local\\\/#breadcrumb\",\"itemListElement\":[{\"@type\":\"ListItem\",\"position\":1,\"name\":\"Inicio\",\"item\":\"https:\\\/\\\/patagoniambiental.com.ar\\\/info\\\/\"},{\"@type\":\"ListItem\",\"position\":2,\"name\":\"Mujeres rurales de Neuqu\u00e9n, guardianas de la tierra, la cultura y la econom\u00eda local\"}]},{\"@type\":\"WebSite\",\"@id\":\"https:\\\/\\\/patagoniambiental.com.ar\\\/info\\\/#website\",\"url\":\"https:\\\/\\\/patagoniambiental.com.ar\\\/info\\\/\",\"name\":\"Patagonia Ambiental\",\"description\":\"Monitoreo y an\u00e1lisis de la situaci\u00f3n geopol\u00edtica en el mundo y su implicancia en la Patagonia\",\"publisher\":{\"@id\":\"https:\\\/\\\/patagoniambiental.com.ar\\\/info\\\/#organization\"},\"potentialAction\":[{\"@type\":\"SearchAction\",\"target\":{\"@type\":\"EntryPoint\",\"urlTemplate\":\"https:\\\/\\\/patagoniambiental.com.ar\\\/info\\\/?s={search_term_string}\"},\"query-input\":{\"@type\":\"PropertyValueSpecification\",\"valueRequired\":true,\"valueName\":\"search_term_string\"}}],\"inLanguage\":\"es\"},{\"@type\":\"Organization\",\"@id\":\"https:\\\/\\\/patagoniambiental.com.ar\\\/info\\\/#organization\",\"name\":\"Patagonia Ambiental\",\"url\":\"https:\\\/\\\/patagoniambiental.com.ar\\\/info\\\/\",\"logo\":{\"@type\":\"ImageObject\",\"inLanguage\":\"es\",\"@id\":\"https:\\\/\\\/patagoniambiental.com.ar\\\/info\\\/#\\\/schema\\\/logo\\\/image\\\/\",\"url\":\"https:\\\/\\\/patagoniambiental.com.ar\\\/info\\\/wp-content\\\/uploads\\\/2025\\\/05\\\/LOGO-PATAGONIA-AMBIENTAL.png\",\"contentUrl\":\"https:\\\/\\\/patagoniambiental.com.ar\\\/info\\\/wp-content\\\/uploads\\\/2025\\\/05\\\/LOGO-PATAGONIA-AMBIENTAL.png\",\"width\":433,\"height\":250,\"caption\":\"Patagonia Ambiental\"},\"image\":{\"@id\":\"https:\\\/\\\/patagoniambiental.com.ar\\\/info\\\/#\\\/schema\\\/logo\\\/image\\\/\"},\"sameAs\":[\"https:\\\/\\\/www.facebook.com\\\/patagonia.ambiental\",\"https:\\\/\\\/x.com\\\/PatAmb\"]},{\"@type\":\"Person\",\"@id\":\"https:\\\/\\\/patagoniambiental.com.ar\\\/info\\\/#\\\/schema\\\/person\\\/db12bff64bbcbf6a253710bf0ea37b5d\",\"name\":\"Patagonia Ambiental\",\"description\":\"Andr\u00e9s Nievas T\u00e9cnico en manejo ambiental, consultor Ambiental y escritor para medios locales e internacionales sobre temas de geopolitica y medio ambiente.\",\"sameAs\":[\"http:\\\/\\\/www.patagoniambiental.com.ar\",\"https:\\\/\\\/www.facebook.com\\\/share\\\/1C1V8Gv9BX\\\/?mibextid=qi2Omg\",\"@patagoniambiental\",\"https:\\\/\\\/youtube.com\\\/@patagoniaambiental2023?si=BLt58t0wuXquxlYZ\"]}]}<\/script>\n<!-- \/ Yoast SEO Premium plugin. -->","yoast_head_json":{"title":"Mujeres rurales de Neuqu\u00e9n, guardianas de la tierra, la cultura y la econom\u00eda local","description":"En la provincia de Neuqu\u00e9n, un grupo de mujeres rurales ha sido reconocido por su arduo trabajo en la preservaci\u00f3n de la historia, la cultura y la producci\u00f3n local.","robots":{"index":"index","follow":"follow","max-snippet":"max-snippet:-1","max-image-preview":"max-image-preview:large","max-video-preview":"max-video-preview:-1"},"canonical":"https:\/\/patagoniambiental.com.ar\/info\/mujeres-rurales-de-neuquen-guardianas-de-la-tierra-la-cultura-y-la-economia-local\/","og_locale":"es_ES","og_type":"article","og_title":"Mujeres rurales de Neuqu\u00e9n, guardianas de la tierra, la cultura y la econom\u00eda local","og_description":"En la provincia de Neuqu\u00e9n, un grupo de mujeres rurales ha sido reconocido por su arduo trabajo en la preservaci\u00f3n de la historia, la cultura y la producci\u00f3n local.","og_url":"https:\/\/patagoniambiental.com.ar\/info\/mujeres-rurales-de-neuquen-guardianas-de-la-tierra-la-cultura-y-la-economia-local\/","og_site_name":"Patagonia Ambiental","article_publisher":"https:\/\/www.facebook.com\/patagonia.ambiental","article_author":"https:\/\/www.facebook.com\/share\/1C1V8Gv9BX\/?mibextid=qi2Omg","article_published_time":"2024-11-11T21:14:13+00:00","article_modified_time":"2025-05-04T19:31:05+00:00","og_image":[{"width":846,"height":504,"url":"https:\/\/patagoniambiental.com.ar\/info\/wp-content\/uploads\/2024\/11\/sin-titulo-2.jpg","type":"image\/jpeg"}],"author":"Patagonia Ambiental","twitter_card":"summary_large_image","twitter_creator":"@PatAmb","twitter_site":"@PatAmb","schema":{"@context":"https:\/\/schema.org","@graph":[{"@type":"Article","@id":"https:\/\/patagoniambiental.com.ar\/info\/mujeres-rurales-de-neuquen-guardianas-de-la-tierra-la-cultura-y-la-economia-local\/#article","isPartOf":{"@id":"https:\/\/patagoniambiental.com.ar\/info\/mujeres-rurales-de-neuquen-guardianas-de-la-tierra-la-cultura-y-la-economia-local\/"},"author":{"name":"Patagonia Ambiental","@id":"https:\/\/patagoniambiental.com.ar\/info\/#\/schema\/person\/db12bff64bbcbf6a253710bf0ea37b5d"},"headline":"Mujeres rurales de Neuqu\u00e9n, guardianas de la tierra, la cultura y la econom\u00eda local","datePublished":"2024-11-11T21:14:13+00:00","dateModified":"2025-05-04T19:31:05+00:00","mainEntityOfPage":{"@id":"https:\/\/patagoniambiental.com.ar\/info\/mujeres-rurales-de-neuquen-guardianas-de-la-tierra-la-cultura-y-la-economia-local\/"},"wordCount":1092,"commentCount":0,"publisher":{"@id":"https:\/\/patagoniambiental.com.ar\/info\/#organization"},"image":{"@id":"https:\/\/patagoniambiental.com.ar\/info\/mujeres-rurales-de-neuquen-guardianas-de-la-tierra-la-cultura-y-la-economia-local\/#primaryimage"},"thumbnailUrl":"https:\/\/patagoniambiental.com.ar\/info\/wp-content\/uploads\/2024\/11\/sin-titulo-2.jpg","articleSection":["Neuqu\u00e9n","Noticias","Provinciales"],"inLanguage":"es","potentialAction":[{"@type":"CommentAction","name":"Comment","target":["https:\/\/patagoniambiental.com.ar\/info\/mujeres-rurales-de-neuquen-guardianas-de-la-tierra-la-cultura-y-la-economia-local\/#respond"]}]},{"@type":"WebPage","@id":"https:\/\/patagoniambiental.com.ar\/info\/mujeres-rurales-de-neuquen-guardianas-de-la-tierra-la-cultura-y-la-economia-local\/","url":"https:\/\/patagoniambiental.com.ar\/info\/mujeres-rurales-de-neuquen-guardianas-de-la-tierra-la-cultura-y-la-economia-local\/","name":"Mujeres rurales de Neuqu\u00e9n, guardianas de la tierra, la cultura y la econom\u00eda local","isPartOf":{"@id":"https:\/\/patagoniambiental.com.ar\/info\/#website"},"primaryImageOfPage":{"@id":"https:\/\/patagoniambiental.com.ar\/info\/mujeres-rurales-de-neuquen-guardianas-de-la-tierra-la-cultura-y-la-economia-local\/#primaryimage"},"image":{"@id":"https:\/\/patagoniambiental.com.ar\/info\/mujeres-rurales-de-neuquen-guardianas-de-la-tierra-la-cultura-y-la-economia-local\/#primaryimage"},"thumbnailUrl":"https:\/\/patagoniambiental.com.ar\/info\/wp-content\/uploads\/2024\/11\/sin-titulo-2.jpg","datePublished":"2024-11-11T21:14:13+00:00","dateModified":"2025-05-04T19:31:05+00:00","description":"En la provincia de Neuqu\u00e9n, un grupo de mujeres rurales ha sido reconocido por su arduo trabajo en la preservaci\u00f3n de la historia, la cultura y la producci\u00f3n local.","breadcrumb":{"@id":"https:\/\/patagoniambiental.com.ar\/info\/mujeres-rurales-de-neuquen-guardianas-de-la-tierra-la-cultura-y-la-economia-local\/#breadcrumb"},"inLanguage":"es","potentialAction":[{"@type":"ReadAction","target":["https:\/\/patagoniambiental.com.ar\/info\/mujeres-rurales-de-neuquen-guardianas-de-la-tierra-la-cultura-y-la-economia-local\/"]}]},{"@type":"ImageObject","inLanguage":"es","@id":"https:\/\/patagoniambiental.com.ar\/info\/mujeres-rurales-de-neuquen-guardianas-de-la-tierra-la-cultura-y-la-economia-local\/#primaryimage","url":"https:\/\/patagoniambiental.com.ar\/info\/wp-content\/uploads\/2024\/11\/sin-titulo-2.jpg","contentUrl":"https:\/\/patagoniambiental.com.ar\/info\/wp-content\/uploads\/2024\/11\/sin-titulo-2.jpg","width":846,"height":504},{"@type":"BreadcrumbList","@id":"https:\/\/patagoniambiental.com.ar\/info\/mujeres-rurales-de-neuquen-guardianas-de-la-tierra-la-cultura-y-la-economia-local\/#breadcrumb","itemListElement":[{"@type":"ListItem","position":1,"name":"Inicio","item":"https:\/\/patagoniambiental.com.ar\/info\/"},{"@type":"ListItem","position":2,"name":"Mujeres rurales de Neuqu\u00e9n, guardianas de la tierra, la cultura y la econom\u00eda local"}]},{"@type":"WebSite","@id":"https:\/\/patagoniambiental.com.ar\/info\/#website","url":"https:\/\/patagoniambiental.com.ar\/info\/","name":"Patagonia Ambiental","description":"Monitoreo y an\u00e1lisis de la situaci\u00f3n geopol\u00edtica en el mundo y su implicancia en la Patagonia","publisher":{"@id":"https:\/\/patagoniambiental.com.ar\/info\/#organization"},"potentialAction":[{"@type":"SearchAction","target":{"@type":"EntryPoint","urlTemplate":"https:\/\/patagoniambiental.com.ar\/info\/?s={search_term_string}"},"query-input":{"@type":"PropertyValueSpecification","valueRequired":true,"valueName":"search_term_string"}}],"inLanguage":"es"},{"@type":"Organization","@id":"https:\/\/patagoniambiental.com.ar\/info\/#organization","name":"Patagonia Ambiental","url":"https:\/\/patagoniambiental.com.ar\/info\/","logo":{"@type":"ImageObject","inLanguage":"es","@id":"https:\/\/patagoniambiental.com.ar\/info\/#\/schema\/logo\/image\/","url":"https:\/\/patagoniambiental.com.ar\/info\/wp-content\/uploads\/2025\/05\/LOGO-PATAGONIA-AMBIENTAL.png","contentUrl":"https:\/\/patagoniambiental.com.ar\/info\/wp-content\/uploads\/2025\/05\/LOGO-PATAGONIA-AMBIENTAL.png","width":433,"height":250,"caption":"Patagonia Ambiental"},"image":{"@id":"https:\/\/patagoniambiental.com.ar\/info\/#\/schema\/logo\/image\/"},"sameAs":["https:\/\/www.facebook.com\/patagonia.ambiental","https:\/\/x.com\/PatAmb"]},{"@type":"Person","@id":"https:\/\/patagoniambiental.com.ar\/info\/#\/schema\/person\/db12bff64bbcbf6a253710bf0ea37b5d","name":"Patagonia Ambiental","description":"Andr\u00e9s Nievas T\u00e9cnico en manejo ambiental, consultor Ambiental y escritor para medios locales e internacionales sobre temas de geopolitica y medio ambiente.","sameAs":["http:\/\/www.patagoniambiental.com.ar","https:\/\/www.facebook.com\/share\/1C1V8Gv9BX\/?mibextid=qi2Omg","@patagoniambiental","https:\/\/youtube.com\/@patagoniaambiental2023?si=BLt58t0wuXquxlYZ"]}]}},"_links":{"self":[{"href":"https:\/\/patagoniambiental.com.ar\/info\/wp-json\/wp\/v2\/posts\/91500","targetHints":{"allow":["GET"]}}],"collection":[{"href":"https:\/\/patagoniambiental.com.ar\/info\/wp-json\/wp\/v2\/posts"}],"about":[{"href":"https:\/\/patagoniambiental.com.ar\/info\/wp-json\/wp\/v2\/types\/post"}],"author":[{"embeddable":true,"href":"https:\/\/patagoniambiental.com.ar\/info\/wp-json\/wp\/v2\/users\/2"}],"replies":[{"embeddable":true,"href":"https:\/\/patagoniambiental.com.ar\/info\/wp-json\/wp\/v2\/comments?post=91500"}],"version-history":[{"count":0,"href":"https:\/\/patagoniambiental.com.ar\/info\/wp-json\/wp\/v2\/posts\/91500\/revisions"}],"wp:featuredmedia":[{"embeddable":true,"href":"https:\/\/patagoniambiental.com.ar\/info\/wp-json\/wp\/v2\/media\/91501"}],"wp:attachment":[{"href":"https:\/\/patagoniambiental.com.ar\/info\/wp-json\/wp\/v2\/media?parent=91500"}],"wp:term":[{"taxonomy":"category","embeddable":true,"href":"https:\/\/patagoniambiental.com.ar\/info\/wp-json\/wp\/v2\/categories?post=91500"},{"taxonomy":"post_tag","embeddable":true,"href":"https:\/\/patagoniambiental.com.ar\/info\/wp-json\/wp\/v2\/tags?post=91500"}],"curies":[{"name":"wp","href":"https:\/\/api.w.org\/{rel}","templated":true}]}}