{"id":91512,"date":"2024-11-14T11:16:06","date_gmt":"2024-11-14T14:16:06","guid":{"rendered":"https:\/\/patagoniambiental.com.ar\/info\/?p=91512"},"modified":"2025-05-04T16:30:59","modified_gmt":"2025-05-04T19:30:59","slug":"capacitacion-en-esquel-sobre-gestion-de-riesgos-para-prestadores-turisticos-en-ambientes-naturales-y-agrestes","status":"publish","type":"post","link":"https:\/\/patagoniambiental.com.ar\/info\/capacitacion-en-esquel-sobre-gestion-de-riesgos-para-prestadores-turisticos-en-ambientes-naturales-y-agrestes\/","title":{"rendered":"Capacitaci\u00f3n en Esquel sobre gesti\u00f3n de riesgos para prestadores tur\u00edsticos en ambientes naturales y agrestes"},"content":{"rendered":"\n<!--more-->\n\n\n\n<p><strong>Esquel, Chubut \u2013 Octubre 2024.<\/strong> En el marco de las pol\u00edticas de fortalecimiento y profesionalizaci\u00f3n del sector tur\u00edstico en la provincia, el <a href=\"http:\/\/www.chubut.gov.ar\">Gobierno de Chubut<\/a>, a trav\u00e9s del Ministerio de Turismo y \u00c1reas Protegidas, llev\u00f3 a cabo en Esquel el curso \u00abGestor de Riesgos en Ambientes Naturales, Rurales y Agrestes\u00bb. Este curso, que forma parte de un programa integral para mejorar la seguridad y calidad de los servicios tur\u00edsticos en la regi\u00f3n, se desarroll\u00f3 en colaboraci\u00f3n con la<a href=\"https:\/\/aaetav.org.ar\/\"> Asociaci\u00f3n Argentina de Ecoturismo y Turismo Aventura<\/a> (AAETAV), el Ente Mixto local y la <a href=\"https:\/\/www.esquel.gov.ar\/\">Municipalidad de Esquel.<\/a><\/p>\n\n\n\n<p>La capacitaci\u00f3n, no arancelada, comenz\u00f3 el lunes y concluy\u00f3 este mi\u00e9rcoles, reuniendo a un grupo diverso de prestadores tur\u00edsticos locales, especializados en actividades al aire libre como pesca deportiva, senderismo, camping y ciclismo de monta\u00f1a. El objetivo de este curso es proporcionar herramientas clave para la gesti\u00f3n de riesgos y emergencias en ambientes agrestes, mejorando la seguridad de los turistas y la profesionalizaci\u00f3n del sector.<\/p>\n\n\n\n<h3 class=\"wp-block-heading\" id=\"h-una-iniciativa-para-fortalecer-el-turismo-en-ambientes-naturales\">Una iniciativa para fortalecer el turismo en ambientes naturales<\/h3>\n\n\n\n<p>El curso de gesti\u00f3n de riesgos, que se desarroll\u00f3 en dos etapas, arranc\u00f3 con un enfoque en los riesgos asociados a las actividades tur\u00edsticas en la naturaleza. Esta primera fase tuvo lugar en la Residencia Deportiva Municipal de Esquel y se centr\u00f3 en proporcionar conocimientos pr\u00e1cticos sobre la gesti\u00f3n de riesgos en ambientes naturales y agrestes, bas\u00e1ndose en la normativa ISO 21101, que regula la gesti\u00f3n del riesgo en el turismo de naturaleza.<\/p>\n\n\n\n<p>Ra\u00fal Llus\u00e1, capacitador e integrante de la AAETAV, destac\u00f3 la importancia de estas actividades, resaltando que el curso reuni\u00f3 a prestadores de diversas ramas del ecoturismo y turismo aventura. \u201cEste curso se enfoca en la gesti\u00f3n de riesgos. La norma ISO 21101 es clave en este sentido, porque permite a los prestadores tur\u00edsticos implementar planes de contingencia para hacer frente a situaciones de emergencia\u201d, coment\u00f3 Llus\u00e1. Adem\u00e1s, explic\u00f3 que se abordaron temas cruciales como c\u00f3mo actuar ante un accidente, c\u00f3mo comunicarse con la familia del afectado, el manejo con la prensa, y la colaboraci\u00f3n con las autoridades judiciales en caso de ser necesario.<\/p>\n\n\n\n<p>La segunda etapa del curso se llevar\u00e1 a cabo en las pr\u00f3ximas semanas, tambi\u00e9n en Esquel, y tendr\u00e1 un enfoque pr\u00e1ctico sobre la aplicaci\u00f3n de primeros auxilios en ambientes agrestes. Esta fase de la capacitaci\u00f3n, que se desarrollar\u00e1 durante ocho d\u00edas, est\u00e1 dise\u00f1ada para fortalecer las habilidades de los prestadores tur\u00edsticos en situaciones de emergencia, algo crucial para quienes operan en entornos alejados de la infraestructura m\u00e9dica convencional.<\/p>\n\n\n\n<p>Llus\u00e1 subray\u00f3 que este tipo de formaci\u00f3n es esencial en la actualidad, ya que el turismo de aventura, que en un principio era una actividad informal, ha evolucionado hacia una industria profesionalizada. \u201cHoy en d\u00eda, para vender un destino, el turismo debe ser profesional. La seguridad de los turistas es una prioridad, y este curso est\u00e1 orientado a dotar a los prestadores de las herramientas necesarias para asegurar que sus actividades sean seguras y bien gestionadas\u201d, afirm\u00f3 Llus\u00e1.<\/p>\n\n\n\n<h3 class=\"wp-block-heading\" id=\"h-impacto-del-curso-en-la-comunidad-turistica-de-esquel\">Impacto del curso en la comunidad tur\u00edstica de Esquel<\/h3>\n\n\n\n<p>La implementaci\u00f3n de este curso en Esquel es parte de un esfuerzo m\u00e1s amplio del Gobierno de Chubut para mejorar la infraestructura y los servicios tur\u00edsticos en la regi\u00f3n, especialmente en actividades que se desarrollan en contacto con la naturaleza. El Ministro de Turismo y \u00c1reas Protegidas, Diego Lapenna, destac\u00f3 la importancia de este tipo de capacitaciones para la promoci\u00f3n del ecoturismo responsable y la consolidaci\u00f3n de Chubut como un destino tur\u00edstico seguro y de calidad.<\/p>\n\n\n\n<p>Con la participaci\u00f3n de prestadores tur\u00edsticos clave de la regi\u00f3n, la formaci\u00f3n tiene como objetivo tambi\u00e9n contribuir a la sostenibilidad del sector. A medida que el turismo de aventura y naturaleza gana popularidad, la capacitaci\u00f3n en gesti\u00f3n de riesgos y primeros auxilios se vuelve indispensable para minimizar los posibles incidentes y garantizar una experiencia segura tanto para los turistas como para los prestadores de servicios.<\/p>\n\n\n\n<h3 class=\"wp-block-heading\" id=\"h-un-futuro-promisorio-para-el-turismo-aventura-en-la-cordillera\">Un futuro promisorio para el turismo aventura en la Cordillera<\/h3>\n\n\n\n<p>El turismo aventura y ecoturismo en Chubut es una de las actividades que m\u00e1s ha crecido en los \u00faltimos a\u00f1os, y capacitar a los prestadores para enfrentar situaciones de riesgo es fundamental para asegurar la calidad de este crecimiento. A trav\u00e9s de este curso, que se alinea con los est\u00e1ndares internacionales de seguridad, el Gobierno de Chubut sigue apostando al desarrollo profesional del sector tur\u00edstico, con miras a un futuro m\u00e1s seguro, responsable y sostenible.<\/p>\n\n\n\n<p>En resumen, la capacitaci\u00f3n realizada en Esquel marca un hito en el proceso de profesionalizaci\u00f3n del ecoturismo y turismo aventura en la regi\u00f3n, brindando a los prestadores las herramientas necesarias para ofrecer experiencias seguras, responsables y de calidad a los turistas que eligen la provincia como su destino. La segunda etapa, enfocada en primeros auxilios, promete ser otro paso importante para consolidar a Chubut como un referente en turismo de naturaleza seguro y profesional.<\/p>\n\n\n\n<p><\/p>\n","protected":false},"excerpt":{"rendered":"","protected":false},"author":2,"featured_media":91513,"comment_status":"open","ping_status":"open","sticky":false,"template":"","format":"standard","meta":{"site-sidebar-layout":"default","site-content-layout":"","ast-site-content-layout":"default","site-content-style":"default","site-sidebar-style":"default","ast-global-header-display":"","ast-banner-title-visibility":"","ast-main-header-display":"","ast-hfb-above-header-display":"","ast-hfb-below-header-display":"","ast-hfb-mobile-header-display":"","site-post-title":"","ast-breadcrumbs-content":"","ast-featured-img":"","footer-sml-layout":"","ast-disable-related-posts":"","theme-transparent-header-meta":"","adv-header-id-meta":"","stick-header-meta":"","header-above-stick-meta":"","header-main-stick-meta":"","header-below-stick-meta":"","astra-migrate-meta-layouts":"default","ast-page-background-enabled":"default","ast-page-background-meta":{"desktop":{"background-color":"var(--ast-global-color-5)","background-image":"","background-repeat":"repeat","background-position":"center center","background-size":"auto","background-attachment":"scroll","background-type":"","background-media":"","overlay-type":"","overlay-color":"","overlay-opacity":"","overlay-gradient":""},"tablet":{"background-color":"","background-image":"","background-repeat":"repeat","background-position":"center center","background-size":"auto","background-attachment":"scroll","background-type":"","background-media":"","overlay-type":"","overlay-color":"","overlay-opacity":"","overlay-gradient":""},"mobile":{"background-color":"","background-image":"","background-repeat":"repeat","background-position":"center center","background-size":"auto","background-attachment":"scroll","background-type":"","background-media":"","overlay-type":"","overlay-color":"","overlay-opacity":"","overlay-gradient":""}},"ast-content-background-meta":{"desktop":{"background-color":"var(--ast-global-color-4)","background-image":"","background-repeat":"repeat","background-position":"center center","background-size":"auto","background-attachment":"scroll","background-type":"","background-media":"","overlay-type":"","overlay-color":"","overlay-opacity":"","overlay-gradient":""},"tablet":{"background-color":"var(--ast-global-color-4)","background-image":"","background-repeat":"repeat","background-position":"center center","background-size":"auto","background-attachment":"scroll","background-type":"","background-media":"","overlay-type":"","overlay-color":"","overlay-opacity":"","overlay-gradient":""},"mobile":{"background-color":"var(--ast-global-color-4)","background-image":"","background-repeat":"repeat","background-position":"center center","background-size":"auto","background-attachment":"scroll","background-type":"","background-media":"","overlay-type":"","overlay-color":"","overlay-opacity":"","overlay-gradient":""}},"footnotes":""},"categories":[12,16,1],"tags":[],"class_list":["post-91512","post","type-post","status-publish","format-standard","has-post-thumbnail","hentry","category-agenda-ambiental","category-municipales","category-noticias"],"yoast_head":"<!-- This site is optimized with the Yoast SEO Premium plugin v23.0 (Yoast SEO v27.5) - https:\/\/yoast.com\/product\/yoast-seo-premium-wordpress\/ -->\n<title>Capacitaci\u00f3n en Esquel sobre gesti\u00f3n de riesgos para prestadores tur\u00edsticos en ambientes naturales y agrestes<\/title>\n<meta name=\"description\" content=\"En el marco de las pol\u00edticas de fortalecimiento y profesionalizaci\u00f3n del sector tur\u00edstico en la provincia, el Gobierno de Chubut, a trav\u00e9s del Ministerio de Turismo y \u00c1reas Protegidas, llev\u00f3 a cabo en Esquel el curso &quot;Gestor de Riesgos en Ambientes Naturales, Rurales y Agrestes&quot;.\" \/>\n<meta name=\"robots\" content=\"index, follow, max-snippet:-1, max-image-preview:large, max-video-preview:-1\" \/>\n<link rel=\"canonical\" href=\"https:\/\/patagoniambiental.com.ar\/info\/capacitacion-en-esquel-sobre-gestion-de-riesgos-para-prestadores-turisticos-en-ambientes-naturales-y-agrestes\/\" \/>\n<meta property=\"og:locale\" content=\"es_ES\" \/>\n<meta property=\"og:type\" content=\"article\" \/>\n<meta property=\"og:title\" content=\"Capacitaci\u00f3n en Esquel sobre gesti\u00f3n de riesgos para prestadores tur\u00edsticos en ambientes naturales y agrestes\" \/>\n<meta property=\"og:description\" content=\"En el marco de las pol\u00edticas de fortalecimiento y profesionalizaci\u00f3n del sector tur\u00edstico en la provincia, el Gobierno de Chubut, a trav\u00e9s del Ministerio de Turismo y \u00c1reas Protegidas, llev\u00f3 a cabo en Esquel el curso &quot;Gestor de Riesgos en Ambientes Naturales, Rurales y Agrestes&quot;.\" \/>\n<meta property=\"og:url\" content=\"https:\/\/patagoniambiental.com.ar\/info\/capacitacion-en-esquel-sobre-gestion-de-riesgos-para-prestadores-turisticos-en-ambientes-naturales-y-agrestes\/\" \/>\n<meta property=\"og:site_name\" content=\"Patagonia Ambiental\" \/>\n<meta property=\"article:publisher\" content=\"https:\/\/www.facebook.com\/patagonia.ambiental\" \/>\n<meta property=\"article:author\" content=\"https:\/\/www.facebook.com\/share\/1C1V8Gv9BX\/?mibextid=qi2Omg\" \/>\n<meta property=\"article:published_time\" content=\"2024-11-14T14:16:06+00:00\" \/>\n<meta property=\"article:modified_time\" content=\"2025-05-04T19:30:59+00:00\" \/>\n<meta property=\"og:image\" content=\"https:\/\/patagoniambiental.com.ar\/info\/wp-content\/uploads\/2024\/11\/gestion.jpeg\" \/>\n\t<meta property=\"og:image:width\" content=\"1600\" \/>\n\t<meta property=\"og:image:height\" content=\"701\" \/>\n\t<meta property=\"og:image:type\" content=\"image\/jpeg\" \/>\n<meta name=\"author\" content=\"Patagonia Ambiental\" \/>\n<meta name=\"twitter:card\" content=\"summary_large_image\" \/>\n<meta name=\"twitter:creator\" content=\"@PatAmb\" \/>\n<meta name=\"twitter:site\" content=\"@PatAmb\" \/>\n<script type=\"application\/ld+json\" class=\"yoast-schema-graph\">{\"@context\":\"https:\\\/\\\/schema.org\",\"@graph\":[{\"@type\":\"Article\",\"@id\":\"https:\\\/\\\/patagoniambiental.com.ar\\\/info\\\/capacitacion-en-esquel-sobre-gestion-de-riesgos-para-prestadores-turisticos-en-ambientes-naturales-y-agrestes\\\/#article\",\"isPartOf\":{\"@id\":\"https:\\\/\\\/patagoniambiental.com.ar\\\/info\\\/capacitacion-en-esquel-sobre-gestion-de-riesgos-para-prestadores-turisticos-en-ambientes-naturales-y-agrestes\\\/\"},\"author\":{\"name\":\"Patagonia Ambiental\",\"@id\":\"https:\\\/\\\/patagoniambiental.com.ar\\\/info\\\/#\\\/schema\\\/person\\\/db12bff64bbcbf6a253710bf0ea37b5d\"},\"headline\":\"Capacitaci\u00f3n en Esquel sobre gesti\u00f3n de riesgos para prestadores tur\u00edsticos en ambientes naturales y agrestes\",\"datePublished\":\"2024-11-14T14:16:06+00:00\",\"dateModified\":\"2025-05-04T19:30:59+00:00\",\"mainEntityOfPage\":{\"@id\":\"https:\\\/\\\/patagoniambiental.com.ar\\\/info\\\/capacitacion-en-esquel-sobre-gestion-de-riesgos-para-prestadores-turisticos-en-ambientes-naturales-y-agrestes\\\/\"},\"wordCount\":876,\"commentCount\":0,\"publisher\":{\"@id\":\"https:\\\/\\\/patagoniambiental.com.ar\\\/info\\\/#organization\"},\"image\":{\"@id\":\"https:\\\/\\\/patagoniambiental.com.ar\\\/info\\\/capacitacion-en-esquel-sobre-gestion-de-riesgos-para-prestadores-turisticos-en-ambientes-naturales-y-agrestes\\\/#primaryimage\"},\"thumbnailUrl\":\"https:\\\/\\\/patagoniambiental.com.ar\\\/info\\\/wp-content\\\/uploads\\\/2024\\\/11\\\/gestion.jpeg\",\"articleSection\":[\"Agenda Ambiental\",\"Municipales\",\"Noticias\"],\"inLanguage\":\"es\",\"potentialAction\":[{\"@type\":\"CommentAction\",\"name\":\"Comment\",\"target\":[\"https:\\\/\\\/patagoniambiental.com.ar\\\/info\\\/capacitacion-en-esquel-sobre-gestion-de-riesgos-para-prestadores-turisticos-en-ambientes-naturales-y-agrestes\\\/#respond\"]}]},{\"@type\":\"WebPage\",\"@id\":\"https:\\\/\\\/patagoniambiental.com.ar\\\/info\\\/capacitacion-en-esquel-sobre-gestion-de-riesgos-para-prestadores-turisticos-en-ambientes-naturales-y-agrestes\\\/\",\"url\":\"https:\\\/\\\/patagoniambiental.com.ar\\\/info\\\/capacitacion-en-esquel-sobre-gestion-de-riesgos-para-prestadores-turisticos-en-ambientes-naturales-y-agrestes\\\/\",\"name\":\"Capacitaci\u00f3n en Esquel sobre gesti\u00f3n de riesgos para prestadores tur\u00edsticos en ambientes naturales y agrestes\",\"isPartOf\":{\"@id\":\"https:\\\/\\\/patagoniambiental.com.ar\\\/info\\\/#website\"},\"primaryImageOfPage\":{\"@id\":\"https:\\\/\\\/patagoniambiental.com.ar\\\/info\\\/capacitacion-en-esquel-sobre-gestion-de-riesgos-para-prestadores-turisticos-en-ambientes-naturales-y-agrestes\\\/#primaryimage\"},\"image\":{\"@id\":\"https:\\\/\\\/patagoniambiental.com.ar\\\/info\\\/capacitacion-en-esquel-sobre-gestion-de-riesgos-para-prestadores-turisticos-en-ambientes-naturales-y-agrestes\\\/#primaryimage\"},\"thumbnailUrl\":\"https:\\\/\\\/patagoniambiental.com.ar\\\/info\\\/wp-content\\\/uploads\\\/2024\\\/11\\\/gestion.jpeg\",\"datePublished\":\"2024-11-14T14:16:06+00:00\",\"dateModified\":\"2025-05-04T19:30:59+00:00\",\"description\":\"En el marco de las pol\u00edticas de fortalecimiento y profesionalizaci\u00f3n del sector tur\u00edstico en la provincia, el Gobierno de Chubut, a trav\u00e9s del Ministerio de Turismo y \u00c1reas Protegidas, llev\u00f3 a cabo en Esquel el curso \\\"Gestor de Riesgos en Ambientes Naturales, Rurales y Agrestes\\\".\",\"breadcrumb\":{\"@id\":\"https:\\\/\\\/patagoniambiental.com.ar\\\/info\\\/capacitacion-en-esquel-sobre-gestion-de-riesgos-para-prestadores-turisticos-en-ambientes-naturales-y-agrestes\\\/#breadcrumb\"},\"inLanguage\":\"es\",\"potentialAction\":[{\"@type\":\"ReadAction\",\"target\":[\"https:\\\/\\\/patagoniambiental.com.ar\\\/info\\\/capacitacion-en-esquel-sobre-gestion-de-riesgos-para-prestadores-turisticos-en-ambientes-naturales-y-agrestes\\\/\"]}]},{\"@type\":\"ImageObject\",\"inLanguage\":\"es\",\"@id\":\"https:\\\/\\\/patagoniambiental.com.ar\\\/info\\\/capacitacion-en-esquel-sobre-gestion-de-riesgos-para-prestadores-turisticos-en-ambientes-naturales-y-agrestes\\\/#primaryimage\",\"url\":\"https:\\\/\\\/patagoniambiental.com.ar\\\/info\\\/wp-content\\\/uploads\\\/2024\\\/11\\\/gestion.jpeg\",\"contentUrl\":\"https:\\\/\\\/patagoniambiental.com.ar\\\/info\\\/wp-content\\\/uploads\\\/2024\\\/11\\\/gestion.jpeg\",\"width\":1200,\"height\":526},{\"@type\":\"BreadcrumbList\",\"@id\":\"https:\\\/\\\/patagoniambiental.com.ar\\\/info\\\/capacitacion-en-esquel-sobre-gestion-de-riesgos-para-prestadores-turisticos-en-ambientes-naturales-y-agrestes\\\/#breadcrumb\",\"itemListElement\":[{\"@type\":\"ListItem\",\"position\":1,\"name\":\"Inicio\",\"item\":\"https:\\\/\\\/patagoniambiental.com.ar\\\/info\\\/\"},{\"@type\":\"ListItem\",\"position\":2,\"name\":\"Capacitaci\u00f3n en Esquel sobre gesti\u00f3n de riesgos para prestadores tur\u00edsticos en ambientes naturales y agrestes\"}]},{\"@type\":\"WebSite\",\"@id\":\"https:\\\/\\\/patagoniambiental.com.ar\\\/info\\\/#website\",\"url\":\"https:\\\/\\\/patagoniambiental.com.ar\\\/info\\\/\",\"name\":\"Patagonia Ambiental\",\"description\":\"Monitoreo y an\u00e1lisis de la situaci\u00f3n geopol\u00edtica en el mundo y su implicancia en la Patagonia\",\"publisher\":{\"@id\":\"https:\\\/\\\/patagoniambiental.com.ar\\\/info\\\/#organization\"},\"potentialAction\":[{\"@type\":\"SearchAction\",\"target\":{\"@type\":\"EntryPoint\",\"urlTemplate\":\"https:\\\/\\\/patagoniambiental.com.ar\\\/info\\\/?s={search_term_string}\"},\"query-input\":{\"@type\":\"PropertyValueSpecification\",\"valueRequired\":true,\"valueName\":\"search_term_string\"}}],\"inLanguage\":\"es\"},{\"@type\":\"Organization\",\"@id\":\"https:\\\/\\\/patagoniambiental.com.ar\\\/info\\\/#organization\",\"name\":\"Patagonia Ambiental\",\"url\":\"https:\\\/\\\/patagoniambiental.com.ar\\\/info\\\/\",\"logo\":{\"@type\":\"ImageObject\",\"inLanguage\":\"es\",\"@id\":\"https:\\\/\\\/patagoniambiental.com.ar\\\/info\\\/#\\\/schema\\\/logo\\\/image\\\/\",\"url\":\"https:\\\/\\\/patagoniambiental.com.ar\\\/info\\\/wp-content\\\/uploads\\\/2025\\\/05\\\/LOGO-PATAGONIA-AMBIENTAL.png\",\"contentUrl\":\"https:\\\/\\\/patagoniambiental.com.ar\\\/info\\\/wp-content\\\/uploads\\\/2025\\\/05\\\/LOGO-PATAGONIA-AMBIENTAL.png\",\"width\":433,\"height\":250,\"caption\":\"Patagonia Ambiental\"},\"image\":{\"@id\":\"https:\\\/\\\/patagoniambiental.com.ar\\\/info\\\/#\\\/schema\\\/logo\\\/image\\\/\"},\"sameAs\":[\"https:\\\/\\\/www.facebook.com\\\/patagonia.ambiental\",\"https:\\\/\\\/x.com\\\/PatAmb\"]},{\"@type\":\"Person\",\"@id\":\"https:\\\/\\\/patagoniambiental.com.ar\\\/info\\\/#\\\/schema\\\/person\\\/db12bff64bbcbf6a253710bf0ea37b5d\",\"name\":\"Patagonia Ambiental\",\"description\":\"Andr\u00e9s Nievas T\u00e9cnico en manejo ambiental, consultor Ambiental y escritor para medios locales e internacionales sobre temas de geopolitica y medio ambiente.\",\"sameAs\":[\"http:\\\/\\\/www.patagoniambiental.com.ar\",\"https:\\\/\\\/www.facebook.com\\\/share\\\/1C1V8Gv9BX\\\/?mibextid=qi2Omg\",\"@patagoniambiental\",\"https:\\\/\\\/youtube.com\\\/@patagoniaambiental2023?si=BLt58t0wuXquxlYZ\"]}]}<\/script>\n<!-- \/ Yoast SEO Premium plugin. -->","yoast_head_json":{"title":"Capacitaci\u00f3n en Esquel sobre gesti\u00f3n de riesgos para prestadores tur\u00edsticos en ambientes naturales y agrestes","description":"En el marco de las pol\u00edticas de fortalecimiento y profesionalizaci\u00f3n del sector tur\u00edstico en la provincia, el Gobierno de Chubut, a trav\u00e9s del Ministerio de Turismo y \u00c1reas Protegidas, llev\u00f3 a cabo en Esquel el curso \"Gestor de Riesgos en Ambientes Naturales, Rurales y Agrestes\".","robots":{"index":"index","follow":"follow","max-snippet":"max-snippet:-1","max-image-preview":"max-image-preview:large","max-video-preview":"max-video-preview:-1"},"canonical":"https:\/\/patagoniambiental.com.ar\/info\/capacitacion-en-esquel-sobre-gestion-de-riesgos-para-prestadores-turisticos-en-ambientes-naturales-y-agrestes\/","og_locale":"es_ES","og_type":"article","og_title":"Capacitaci\u00f3n en Esquel sobre gesti\u00f3n de riesgos para prestadores tur\u00edsticos en ambientes naturales y agrestes","og_description":"En el marco de las pol\u00edticas de fortalecimiento y profesionalizaci\u00f3n del sector tur\u00edstico en la provincia, el Gobierno de Chubut, a trav\u00e9s del Ministerio de Turismo y \u00c1reas Protegidas, llev\u00f3 a cabo en Esquel el curso \"Gestor de Riesgos en Ambientes Naturales, Rurales y Agrestes\".","og_url":"https:\/\/patagoniambiental.com.ar\/info\/capacitacion-en-esquel-sobre-gestion-de-riesgos-para-prestadores-turisticos-en-ambientes-naturales-y-agrestes\/","og_site_name":"Patagonia Ambiental","article_publisher":"https:\/\/www.facebook.com\/patagonia.ambiental","article_author":"https:\/\/www.facebook.com\/share\/1C1V8Gv9BX\/?mibextid=qi2Omg","article_published_time":"2024-11-14T14:16:06+00:00","article_modified_time":"2025-05-04T19:30:59+00:00","og_image":[{"width":1600,"height":701,"url":"https:\/\/patagoniambiental.com.ar\/info\/wp-content\/uploads\/2024\/11\/gestion.jpeg","type":"image\/jpeg"}],"author":"Patagonia Ambiental","twitter_card":"summary_large_image","twitter_creator":"@PatAmb","twitter_site":"@PatAmb","schema":{"@context":"https:\/\/schema.org","@graph":[{"@type":"Article","@id":"https:\/\/patagoniambiental.com.ar\/info\/capacitacion-en-esquel-sobre-gestion-de-riesgos-para-prestadores-turisticos-en-ambientes-naturales-y-agrestes\/#article","isPartOf":{"@id":"https:\/\/patagoniambiental.com.ar\/info\/capacitacion-en-esquel-sobre-gestion-de-riesgos-para-prestadores-turisticos-en-ambientes-naturales-y-agrestes\/"},"author":{"name":"Patagonia Ambiental","@id":"https:\/\/patagoniambiental.com.ar\/info\/#\/schema\/person\/db12bff64bbcbf6a253710bf0ea37b5d"},"headline":"Capacitaci\u00f3n en Esquel sobre gesti\u00f3n de riesgos para prestadores tur\u00edsticos en ambientes naturales y agrestes","datePublished":"2024-11-14T14:16:06+00:00","dateModified":"2025-05-04T19:30:59+00:00","mainEntityOfPage":{"@id":"https:\/\/patagoniambiental.com.ar\/info\/capacitacion-en-esquel-sobre-gestion-de-riesgos-para-prestadores-turisticos-en-ambientes-naturales-y-agrestes\/"},"wordCount":876,"commentCount":0,"publisher":{"@id":"https:\/\/patagoniambiental.com.ar\/info\/#organization"},"image":{"@id":"https:\/\/patagoniambiental.com.ar\/info\/capacitacion-en-esquel-sobre-gestion-de-riesgos-para-prestadores-turisticos-en-ambientes-naturales-y-agrestes\/#primaryimage"},"thumbnailUrl":"https:\/\/patagoniambiental.com.ar\/info\/wp-content\/uploads\/2024\/11\/gestion.jpeg","articleSection":["Agenda Ambiental","Municipales","Noticias"],"inLanguage":"es","potentialAction":[{"@type":"CommentAction","name":"Comment","target":["https:\/\/patagoniambiental.com.ar\/info\/capacitacion-en-esquel-sobre-gestion-de-riesgos-para-prestadores-turisticos-en-ambientes-naturales-y-agrestes\/#respond"]}]},{"@type":"WebPage","@id":"https:\/\/patagoniambiental.com.ar\/info\/capacitacion-en-esquel-sobre-gestion-de-riesgos-para-prestadores-turisticos-en-ambientes-naturales-y-agrestes\/","url":"https:\/\/patagoniambiental.com.ar\/info\/capacitacion-en-esquel-sobre-gestion-de-riesgos-para-prestadores-turisticos-en-ambientes-naturales-y-agrestes\/","name":"Capacitaci\u00f3n en Esquel sobre gesti\u00f3n de riesgos para prestadores tur\u00edsticos en ambientes naturales y agrestes","isPartOf":{"@id":"https:\/\/patagoniambiental.com.ar\/info\/#website"},"primaryImageOfPage":{"@id":"https:\/\/patagoniambiental.com.ar\/info\/capacitacion-en-esquel-sobre-gestion-de-riesgos-para-prestadores-turisticos-en-ambientes-naturales-y-agrestes\/#primaryimage"},"image":{"@id":"https:\/\/patagoniambiental.com.ar\/info\/capacitacion-en-esquel-sobre-gestion-de-riesgos-para-prestadores-turisticos-en-ambientes-naturales-y-agrestes\/#primaryimage"},"thumbnailUrl":"https:\/\/patagoniambiental.com.ar\/info\/wp-content\/uploads\/2024\/11\/gestion.jpeg","datePublished":"2024-11-14T14:16:06+00:00","dateModified":"2025-05-04T19:30:59+00:00","description":"En el marco de las pol\u00edticas de fortalecimiento y profesionalizaci\u00f3n del sector tur\u00edstico en la provincia, el Gobierno de Chubut, a trav\u00e9s del Ministerio de Turismo y \u00c1reas Protegidas, llev\u00f3 a cabo en Esquel el curso \"Gestor de Riesgos en Ambientes Naturales, Rurales y Agrestes\".","breadcrumb":{"@id":"https:\/\/patagoniambiental.com.ar\/info\/capacitacion-en-esquel-sobre-gestion-de-riesgos-para-prestadores-turisticos-en-ambientes-naturales-y-agrestes\/#breadcrumb"},"inLanguage":"es","potentialAction":[{"@type":"ReadAction","target":["https:\/\/patagoniambiental.com.ar\/info\/capacitacion-en-esquel-sobre-gestion-de-riesgos-para-prestadores-turisticos-en-ambientes-naturales-y-agrestes\/"]}]},{"@type":"ImageObject","inLanguage":"es","@id":"https:\/\/patagoniambiental.com.ar\/info\/capacitacion-en-esquel-sobre-gestion-de-riesgos-para-prestadores-turisticos-en-ambientes-naturales-y-agrestes\/#primaryimage","url":"https:\/\/patagoniambiental.com.ar\/info\/wp-content\/uploads\/2024\/11\/gestion.jpeg","contentUrl":"https:\/\/patagoniambiental.com.ar\/info\/wp-content\/uploads\/2024\/11\/gestion.jpeg","width":1200,"height":526},{"@type":"BreadcrumbList","@id":"https:\/\/patagoniambiental.com.ar\/info\/capacitacion-en-esquel-sobre-gestion-de-riesgos-para-prestadores-turisticos-en-ambientes-naturales-y-agrestes\/#breadcrumb","itemListElement":[{"@type":"ListItem","position":1,"name":"Inicio","item":"https:\/\/patagoniambiental.com.ar\/info\/"},{"@type":"ListItem","position":2,"name":"Capacitaci\u00f3n en Esquel sobre gesti\u00f3n de riesgos para prestadores tur\u00edsticos en ambientes naturales y agrestes"}]},{"@type":"WebSite","@id":"https:\/\/patagoniambiental.com.ar\/info\/#website","url":"https:\/\/patagoniambiental.com.ar\/info\/","name":"Patagonia Ambiental","description":"Monitoreo y an\u00e1lisis de la situaci\u00f3n geopol\u00edtica en el mundo y su implicancia en la Patagonia","publisher":{"@id":"https:\/\/patagoniambiental.com.ar\/info\/#organization"},"potentialAction":[{"@type":"SearchAction","target":{"@type":"EntryPoint","urlTemplate":"https:\/\/patagoniambiental.com.ar\/info\/?s={search_term_string}"},"query-input":{"@type":"PropertyValueSpecification","valueRequired":true,"valueName":"search_term_string"}}],"inLanguage":"es"},{"@type":"Organization","@id":"https:\/\/patagoniambiental.com.ar\/info\/#organization","name":"Patagonia Ambiental","url":"https:\/\/patagoniambiental.com.ar\/info\/","logo":{"@type":"ImageObject","inLanguage":"es","@id":"https:\/\/patagoniambiental.com.ar\/info\/#\/schema\/logo\/image\/","url":"https:\/\/patagoniambiental.com.ar\/info\/wp-content\/uploads\/2025\/05\/LOGO-PATAGONIA-AMBIENTAL.png","contentUrl":"https:\/\/patagoniambiental.com.ar\/info\/wp-content\/uploads\/2025\/05\/LOGO-PATAGONIA-AMBIENTAL.png","width":433,"height":250,"caption":"Patagonia Ambiental"},"image":{"@id":"https:\/\/patagoniambiental.com.ar\/info\/#\/schema\/logo\/image\/"},"sameAs":["https:\/\/www.facebook.com\/patagonia.ambiental","https:\/\/x.com\/PatAmb"]},{"@type":"Person","@id":"https:\/\/patagoniambiental.com.ar\/info\/#\/schema\/person\/db12bff64bbcbf6a253710bf0ea37b5d","name":"Patagonia Ambiental","description":"Andr\u00e9s Nievas T\u00e9cnico en manejo ambiental, consultor Ambiental y escritor para medios locales e internacionales sobre temas de geopolitica y medio ambiente.","sameAs":["http:\/\/www.patagoniambiental.com.ar","https:\/\/www.facebook.com\/share\/1C1V8Gv9BX\/?mibextid=qi2Omg","@patagoniambiental","https:\/\/youtube.com\/@patagoniaambiental2023?si=BLt58t0wuXquxlYZ"]}]}},"_links":{"self":[{"href":"https:\/\/patagoniambiental.com.ar\/info\/wp-json\/wp\/v2\/posts\/91512","targetHints":{"allow":["GET"]}}],"collection":[{"href":"https:\/\/patagoniambiental.com.ar\/info\/wp-json\/wp\/v2\/posts"}],"about":[{"href":"https:\/\/patagoniambiental.com.ar\/info\/wp-json\/wp\/v2\/types\/post"}],"author":[{"embeddable":true,"href":"https:\/\/patagoniambiental.com.ar\/info\/wp-json\/wp\/v2\/users\/2"}],"replies":[{"embeddable":true,"href":"https:\/\/patagoniambiental.com.ar\/info\/wp-json\/wp\/v2\/comments?post=91512"}],"version-history":[{"count":0,"href":"https:\/\/patagoniambiental.com.ar\/info\/wp-json\/wp\/v2\/posts\/91512\/revisions"}],"wp:featuredmedia":[{"embeddable":true,"href":"https:\/\/patagoniambiental.com.ar\/info\/wp-json\/wp\/v2\/media\/91513"}],"wp:attachment":[{"href":"https:\/\/patagoniambiental.com.ar\/info\/wp-json\/wp\/v2\/media?parent=91512"}],"wp:term":[{"taxonomy":"category","embeddable":true,"href":"https:\/\/patagoniambiental.com.ar\/info\/wp-json\/wp\/v2\/categories?post=91512"},{"taxonomy":"post_tag","embeddable":true,"href":"https:\/\/patagoniambiental.com.ar\/info\/wp-json\/wp\/v2\/tags?post=91512"}],"curies":[{"name":"wp","href":"https:\/\/api.w.org\/{rel}","templated":true}]}}