{"id":91534,"date":"2024-11-15T17:28:48","date_gmt":"2024-11-15T20:28:48","guid":{"rendered":"https:\/\/patagoniambiental.com.ar\/info\/?p=91534"},"modified":"2025-05-04T16:19:16","modified_gmt":"2025-05-04T19:19:16","slug":"inicia-monitoreo-satelital-del-condor-liberado-en-el-parque-nacional-quebrada-del-condorito","status":"publish","type":"post","link":"https:\/\/patagoniambiental.com.ar\/info\/inicia-monitoreo-satelital-del-condor-liberado-en-el-parque-nacional-quebrada-del-condorito\/","title":{"rendered":"Inicia monitoreo satelital del c\u00f3ndor liberado en el Parque Nacional Quebrada del Condorito"},"content":{"rendered":"\n<!--more-->\n\n\n\n<p>C\u00f3rdoba, Provincia de C\u00f3rdoba, 15 de noviembre de 2024. El <a href=\"https:\/\/www.quebradadelcondorito.ar\/\">Parque Nacional Quebrada del Condorito<\/a>, ubicado en C\u00f3rdoba, ha dado un paso importante en la conservaci\u00f3n del c\u00f3ndor andino con el inicio del rastreo satelital de una de las aves m\u00e1s emblem\u00e1ticas de la regi\u00f3n. <\/p>\n\n\n\n<figure class=\"wp-block-image size-full\"><img fetchpriority=\"high\" decoding=\"async\" width=\"585\" height=\"322\" src=\"https:\/\/patagoniambiental.com.ar\/info\/wp-content\/uploads\/2024\/11\/condor2.jpg\" alt=\"\" class=\"wp-image-91536\"\/><\/figure>\n\n\n\n<p>En una acci\u00f3n conjunta entre varias instituciones, se ha colocado un dispositivo de monitoreo en una hembra juvenil llamada Carlita, que fue liberada esta semana en el parque. Este sistema de rastreo permitir\u00e1 un seguimiento en tiempo real de su comportamiento, movimientos y trayectorias, ofreciendo informaci\u00f3n crucial para el estudio y la conservaci\u00f3n de esta especie en peligro de extinci\u00f3n.<\/p>\n\n\n\n<h3 class=\"wp-block-heading\" id=\"h-un-avance-en-la-conservacion-del-condor-andino\">Un avance en la conservaci\u00f3n del c\u00f3ndor andino<\/h3>\n\n\n\n<p>Este es el primer monitoreo satelital de un c\u00f3ndor en el Parque Nacional Quebrada del Condorito, y marca un hito en el proyecto <strong>\u201cEcolog\u00eda y Conservaci\u00f3n del C\u00f3ndor Andino\u201d<\/strong>, liderado por el Dr. Sergio Lambertucci de la Universidad Nacional del Comahue. La investigaci\u00f3n cuenta con el apoyo de la Administraci\u00f3n de Parques Nacionales (APN), el \u00e1rea protegida y la Direcci\u00f3n Regional Centro de Conservaci\u00f3n, quienes han trabajado de manera coordinada para implementar este innovador sistema de seguimiento.<\/p>\n\n\n\n<p>El objetivo del proyecto es rastrear a toda la poblaci\u00f3n de c\u00f3ndores en el \u00e1rea protegida, lo que permitir\u00e1 obtener valiosa informaci\u00f3n sobre su comportamiento, patrones migratorios y la salud de la especie. El dispositivo colocado a Carlita, la c\u00f3ndor liberada, proporcionar\u00e1 datos en tiempo real a trav\u00e9s del programa <strong>Movebank<\/strong>, una base de datos online que permite seguir a los animales de forma remota. Esta plataforma est\u00e1 alojada en el Instituto Max Planck de Comportamiento Animal, una de las instituciones cient\u00edficas m\u00e1s prestigiosas en el estudio de la fauna.<\/p>\n\n\n\n<figure class=\"wp-block-image size-full\"><img decoding=\"async\" width=\"589\" height=\"428\" src=\"https:\/\/patagoniambiental.com.ar\/info\/wp-content\/uploads\/2024\/11\/condor3.jpg\" alt=\"\" class=\"wp-image-91537\"\/><\/figure>\n\n\n\n<h3 class=\"wp-block-heading\" id=\"h-un-trabajo-colaborativo-en-pro-de-la-conservacion\">Un trabajo colaborativo en pro de la conservaci\u00f3n<\/h3>\n\n\n\n<p>El proceso de recuperaci\u00f3n y liberaci\u00f3n de Carlita fue realizado en conjunto por la <strong>Reserva Tat\u00fa Carreta<\/strong>, la <strong>APN<\/strong>, el <strong>Ministerio de Ambiente y Econom\u00eda Circular<\/strong> de C\u00f3rdoba, y la <strong>Polic\u00eda Ambiental de la provincia<\/strong>, quienes han mostrado un fuerte compromiso con la conservaci\u00f3n de la fauna local. La colaboraci\u00f3n interinstitucional ha sido clave para poner en marcha este monitoreo, que busca mejorar los esfuerzos de conservaci\u00f3n del c\u00f3ndor andino en la regi\u00f3n.<\/p>\n\n\n\n<p>El seguimiento de Carlita y de otros c\u00f3ndores permitir\u00e1 obtener informaci\u00f3n crucial sobre las amenazas que enfrenta la especie, sus rutas de migraci\u00f3n, y c\u00f3mo interact\u00faa con su entorno, aspectos fundamentales para dise\u00f1ar estrategias de conservaci\u00f3n m\u00e1s efectivas. A trav\u00e9s de este monitoreo, se podr\u00e1n identificar posibles riesgos, como la falta de alimento, la p\u00e9rdida de h\u00e1bitat o el contacto con l\u00edneas el\u00e9ctricas, y actuar en consecuencia para proteger a los c\u00f3ndores.<\/p>\n\n\n\n<h3 class=\"wp-block-heading\" id=\"h-impacto-positivo-en-la-conservacion-del-condor-andino\">Impacto positivo en la conservaci\u00f3n del c\u00f3ndor andino<\/h3>\n\n\n\n<p>El c\u00f3ndor andino es una de las especies m\u00e1s emblem\u00e1ticas de Sudam\u00e9rica, pero tambi\u00e9n una de las m\u00e1s amenazadas. Su poblaci\u00f3n ha disminuido considerablemente en las \u00faltimas d\u00e9cadas debido a factores como la caza furtiva, la p\u00e9rdida de h\u00e1bitat y la contaminaci\u00f3n. Iniciativas como esta, que combinan tecnolog\u00eda de punta con el trabajo de conservaci\u00f3n en campo, son esenciales para asegurar la supervivencia de esta majestuosa especie.<\/p>\n\n\n\n<p>El proyecto no solo se lleva a cabo en el Parque Nacional Quebrada del Condorito, sino que tambi\u00e9n se extiende a otros lugares clave para la conservaci\u00f3n del c\u00f3ndor, como el <strong>Parque Nacional San Guillermo<\/strong> en San Juan. El monitoreo de c\u00f3ndores en estos diferentes parques nacionales contribuir\u00e1 al fortalecimiento de las pol\u00edticas de conservaci\u00f3n a nivel regional y nacional.<\/p>\n\n\n\n<figure class=\"wp-block-image size-full\"><img decoding=\"async\" width=\"581\" height=\"427\" src=\"https:\/\/patagoniambiental.com.ar\/info\/wp-content\/uploads\/2024\/11\/condor4.jpg\" alt=\"\" class=\"wp-image-91538\"\/><\/figure>\n\n\n\n<h3 class=\"wp-block-heading\" id=\"h-hacia-un-futuro-de-conservacion-integral\">Hacia un futuro de conservaci\u00f3n integral<\/h3>\n\n\n\n<p>El inicio del rastreo satelital de Carlita es solo el comienzo de un proyecto de largo plazo que busca mejorar el conocimiento sobre el c\u00f3ndor andino y sus necesidades ecol\u00f3gicas. La informaci\u00f3n recolectada por el dispositivo ser\u00e1 de gran ayuda no solo para los cient\u00edficos, sino tambi\u00e9n para los gestores de los parques nacionales y otras autoridades encargadas de la protecci\u00f3n de la biodiversidad en Argentina.<\/p>\n\n\n\n<p>Este tipo de proyectos pone de manifiesto la importancia de la colaboraci\u00f3n interinstitucional y el uso de tecnolog\u00edas avanzadas en la conservaci\u00f3n de especies. A medida que el monitoreo de los c\u00f3ndores avance, se espera obtener datos valiosos que permitan fortalecer los esfuerzos de preservaci\u00f3n de esta especie y otros animales que habitan en los parques nacionales de Argentina.<\/p>\n","protected":false},"excerpt":{"rendered":"","protected":false},"author":2,"featured_media":91535,"comment_status":"open","ping_status":"open","sticky":false,"template":"","format":"standard","meta":{"site-sidebar-layout":"default","site-content-layout":"","ast-site-content-layout":"default","site-content-style":"default","site-sidebar-style":"default","ast-global-header-display":"","ast-banner-title-visibility":"","ast-main-header-display":"","ast-hfb-above-header-display":"","ast-hfb-below-header-display":"","ast-hfb-mobile-header-display":"","site-post-title":"","ast-breadcrumbs-content":"","ast-featured-img":"","footer-sml-layout":"","ast-disable-related-posts":"","theme-transparent-header-meta":"","adv-header-id-meta":"","stick-header-meta":"","header-above-stick-meta":"","header-main-stick-meta":"","header-below-stick-meta":"","astra-migrate-meta-layouts":"default","ast-page-background-enabled":"default","ast-page-background-meta":{"desktop":{"background-color":"var(--ast-global-color-5)","background-image":"","background-repeat":"repeat","background-position":"center center","background-size":"auto","background-attachment":"scroll","background-type":"","background-media":"","overlay-type":"","overlay-color":"","overlay-opacity":"","overlay-gradient":""},"tablet":{"background-color":"","background-image":"","background-repeat":"repeat","background-position":"center center","background-size":"auto","background-attachment":"scroll","background-type":"","background-media":"","overlay-type":"","overlay-color":"","overlay-opacity":"","overlay-gradient":""},"mobile":{"background-color":"","background-image":"","background-repeat":"repeat","background-position":"center center","background-size":"auto","background-attachment":"scroll","background-type":"","background-media":"","overlay-type":"","overlay-color":"","overlay-opacity":"","overlay-gradient":""}},"ast-content-background-meta":{"desktop":{"background-color":"var(--ast-global-color-4)","background-image":"","background-repeat":"repeat","background-position":"center center","background-size":"auto","background-attachment":"scroll","background-type":"","background-media":"","overlay-type":"","overlay-color":"","overlay-opacity":"","overlay-gradient":""},"tablet":{"background-color":"var(--ast-global-color-4)","background-image":"","background-repeat":"repeat","background-position":"center center","background-size":"auto","background-attachment":"scroll","background-type":"","background-media":"","overlay-type":"","overlay-color":"","overlay-opacity":"","overlay-gradient":""},"mobile":{"background-color":"var(--ast-global-color-4)","background-image":"","background-repeat":"repeat","background-position":"center center","background-size":"auto","background-attachment":"scroll","background-type":"","background-media":"","overlay-type":"","overlay-color":"","overlay-opacity":"","overlay-gradient":""}},"footnotes":""},"categories":[1],"tags":[],"class_list":["post-91534","post","type-post","status-publish","format-standard","has-post-thumbnail","hentry","category-noticias"],"yoast_head":"<!-- This site is optimized with the Yoast SEO Premium plugin v23.0 (Yoast SEO v27.5) - https:\/\/yoast.com\/product\/yoast-seo-premium-wordpress\/ -->\n<title>Inicia monitoreo satelital del c\u00f3ndor liberado en el Parque Nacional Quebrada del Condorito<\/title>\n<meta name=\"description\" content=\"El Parque Nacional Quebrada del Condorito, ubicado en C\u00f3rdoba, ha dado un paso importante en la conservaci\u00f3n del c\u00f3ndor andino con el inicio del rastreo satelital de una de las aves m\u00e1s emblem\u00e1ticas de la regi\u00f3n.\" \/>\n<meta name=\"robots\" content=\"index, follow, max-snippet:-1, max-image-preview:large, max-video-preview:-1\" \/>\n<link rel=\"canonical\" href=\"https:\/\/patagoniambiental.com.ar\/info\/inicia-monitoreo-satelital-del-condor-liberado-en-el-parque-nacional-quebrada-del-condorito\/\" \/>\n<meta property=\"og:locale\" content=\"es_ES\" \/>\n<meta property=\"og:type\" content=\"article\" \/>\n<meta property=\"og:title\" content=\"Inicia monitoreo satelital del c\u00f3ndor liberado en el Parque Nacional Quebrada del Condorito\" \/>\n<meta property=\"og:description\" content=\"El Parque Nacional Quebrada del Condorito, ubicado en C\u00f3rdoba, ha dado un paso importante en la conservaci\u00f3n del c\u00f3ndor andino con el inicio del rastreo satelital de una de las aves m\u00e1s emblem\u00e1ticas de la regi\u00f3n.\" \/>\n<meta property=\"og:url\" content=\"https:\/\/patagoniambiental.com.ar\/info\/inicia-monitoreo-satelital-del-condor-liberado-en-el-parque-nacional-quebrada-del-condorito\/\" \/>\n<meta property=\"og:site_name\" content=\"Patagonia Ambiental\" \/>\n<meta property=\"article:publisher\" content=\"https:\/\/www.facebook.com\/patagonia.ambiental\" \/>\n<meta property=\"article:author\" content=\"https:\/\/www.facebook.com\/share\/1C1V8Gv9BX\/?mibextid=qi2Omg\" \/>\n<meta property=\"article:published_time\" content=\"2024-11-15T20:28:48+00:00\" \/>\n<meta property=\"article:modified_time\" content=\"2025-05-04T19:19:16+00:00\" \/>\n<meta property=\"og:image\" content=\"https:\/\/patagoniambiental.com.ar\/info\/wp-content\/uploads\/2024\/11\/condor1.jpg\" \/>\n\t<meta property=\"og:image:width\" content=\"899\" \/>\n\t<meta property=\"og:image:height\" content=\"495\" \/>\n\t<meta property=\"og:image:type\" content=\"image\/jpeg\" \/>\n<meta name=\"author\" content=\"Patagonia Ambiental\" \/>\n<meta name=\"twitter:card\" content=\"summary_large_image\" \/>\n<meta name=\"twitter:creator\" content=\"@PatAmb\" \/>\n<meta name=\"twitter:site\" content=\"@PatAmb\" \/>\n<script type=\"application\/ld+json\" class=\"yoast-schema-graph\">{\"@context\":\"https:\\\/\\\/schema.org\",\"@graph\":[{\"@type\":\"Article\",\"@id\":\"https:\\\/\\\/patagoniambiental.com.ar\\\/info\\\/inicia-monitoreo-satelital-del-condor-liberado-en-el-parque-nacional-quebrada-del-condorito\\\/#article\",\"isPartOf\":{\"@id\":\"https:\\\/\\\/patagoniambiental.com.ar\\\/info\\\/inicia-monitoreo-satelital-del-condor-liberado-en-el-parque-nacional-quebrada-del-condorito\\\/\"},\"author\":{\"name\":\"Patagonia Ambiental\",\"@id\":\"https:\\\/\\\/patagoniambiental.com.ar\\\/info\\\/#\\\/schema\\\/person\\\/db12bff64bbcbf6a253710bf0ea37b5d\"},\"headline\":\"Inicia monitoreo satelital del c\u00f3ndor liberado en el Parque Nacional Quebrada del Condorito\",\"datePublished\":\"2024-11-15T20:28:48+00:00\",\"dateModified\":\"2025-05-04T19:19:16+00:00\",\"mainEntityOfPage\":{\"@id\":\"https:\\\/\\\/patagoniambiental.com.ar\\\/info\\\/inicia-monitoreo-satelital-del-condor-liberado-en-el-parque-nacional-quebrada-del-condorito\\\/\"},\"wordCount\":799,\"commentCount\":0,\"publisher\":{\"@id\":\"https:\\\/\\\/patagoniambiental.com.ar\\\/info\\\/#organization\"},\"image\":{\"@id\":\"https:\\\/\\\/patagoniambiental.com.ar\\\/info\\\/inicia-monitoreo-satelital-del-condor-liberado-en-el-parque-nacional-quebrada-del-condorito\\\/#primaryimage\"},\"thumbnailUrl\":\"https:\\\/\\\/patagoniambiental.com.ar\\\/info\\\/wp-content\\\/uploads\\\/2024\\\/11\\\/condor1.jpg\",\"articleSection\":[\"Noticias\"],\"inLanguage\":\"es\",\"potentialAction\":[{\"@type\":\"CommentAction\",\"name\":\"Comment\",\"target\":[\"https:\\\/\\\/patagoniambiental.com.ar\\\/info\\\/inicia-monitoreo-satelital-del-condor-liberado-en-el-parque-nacional-quebrada-del-condorito\\\/#respond\"]}]},{\"@type\":\"WebPage\",\"@id\":\"https:\\\/\\\/patagoniambiental.com.ar\\\/info\\\/inicia-monitoreo-satelital-del-condor-liberado-en-el-parque-nacional-quebrada-del-condorito\\\/\",\"url\":\"https:\\\/\\\/patagoniambiental.com.ar\\\/info\\\/inicia-monitoreo-satelital-del-condor-liberado-en-el-parque-nacional-quebrada-del-condorito\\\/\",\"name\":\"Inicia monitoreo satelital del c\u00f3ndor liberado en el Parque Nacional Quebrada del Condorito\",\"isPartOf\":{\"@id\":\"https:\\\/\\\/patagoniambiental.com.ar\\\/info\\\/#website\"},\"primaryImageOfPage\":{\"@id\":\"https:\\\/\\\/patagoniambiental.com.ar\\\/info\\\/inicia-monitoreo-satelital-del-condor-liberado-en-el-parque-nacional-quebrada-del-condorito\\\/#primaryimage\"},\"image\":{\"@id\":\"https:\\\/\\\/patagoniambiental.com.ar\\\/info\\\/inicia-monitoreo-satelital-del-condor-liberado-en-el-parque-nacional-quebrada-del-condorito\\\/#primaryimage\"},\"thumbnailUrl\":\"https:\\\/\\\/patagoniambiental.com.ar\\\/info\\\/wp-content\\\/uploads\\\/2024\\\/11\\\/condor1.jpg\",\"datePublished\":\"2024-11-15T20:28:48+00:00\",\"dateModified\":\"2025-05-04T19:19:16+00:00\",\"description\":\"El Parque Nacional Quebrada del Condorito, ubicado en C\u00f3rdoba, ha dado un paso importante en la conservaci\u00f3n del c\u00f3ndor andino con el inicio del rastreo satelital de una de las aves m\u00e1s emblem\u00e1ticas de la regi\u00f3n.\",\"breadcrumb\":{\"@id\":\"https:\\\/\\\/patagoniambiental.com.ar\\\/info\\\/inicia-monitoreo-satelital-del-condor-liberado-en-el-parque-nacional-quebrada-del-condorito\\\/#breadcrumb\"},\"inLanguage\":\"es\",\"potentialAction\":[{\"@type\":\"ReadAction\",\"target\":[\"https:\\\/\\\/patagoniambiental.com.ar\\\/info\\\/inicia-monitoreo-satelital-del-condor-liberado-en-el-parque-nacional-quebrada-del-condorito\\\/\"]}]},{\"@type\":\"ImageObject\",\"inLanguage\":\"es\",\"@id\":\"https:\\\/\\\/patagoniambiental.com.ar\\\/info\\\/inicia-monitoreo-satelital-del-condor-liberado-en-el-parque-nacional-quebrada-del-condorito\\\/#primaryimage\",\"url\":\"https:\\\/\\\/patagoniambiental.com.ar\\\/info\\\/wp-content\\\/uploads\\\/2024\\\/11\\\/condor1.jpg\",\"contentUrl\":\"https:\\\/\\\/patagoniambiental.com.ar\\\/info\\\/wp-content\\\/uploads\\\/2024\\\/11\\\/condor1.jpg\",\"width\":899,\"height\":495},{\"@type\":\"BreadcrumbList\",\"@id\":\"https:\\\/\\\/patagoniambiental.com.ar\\\/info\\\/inicia-monitoreo-satelital-del-condor-liberado-en-el-parque-nacional-quebrada-del-condorito\\\/#breadcrumb\",\"itemListElement\":[{\"@type\":\"ListItem\",\"position\":1,\"name\":\"Inicio\",\"item\":\"https:\\\/\\\/patagoniambiental.com.ar\\\/info\\\/\"},{\"@type\":\"ListItem\",\"position\":2,\"name\":\"Inicia monitoreo satelital del c\u00f3ndor liberado en el Parque Nacional Quebrada del Condorito\"}]},{\"@type\":\"WebSite\",\"@id\":\"https:\\\/\\\/patagoniambiental.com.ar\\\/info\\\/#website\",\"url\":\"https:\\\/\\\/patagoniambiental.com.ar\\\/info\\\/\",\"name\":\"Patagonia Ambiental\",\"description\":\"Monitoreo y an\u00e1lisis de la situaci\u00f3n geopol\u00edtica en el mundo y su implicancia en la Patagonia\",\"publisher\":{\"@id\":\"https:\\\/\\\/patagoniambiental.com.ar\\\/info\\\/#organization\"},\"potentialAction\":[{\"@type\":\"SearchAction\",\"target\":{\"@type\":\"EntryPoint\",\"urlTemplate\":\"https:\\\/\\\/patagoniambiental.com.ar\\\/info\\\/?s={search_term_string}\"},\"query-input\":{\"@type\":\"PropertyValueSpecification\",\"valueRequired\":true,\"valueName\":\"search_term_string\"}}],\"inLanguage\":\"es\"},{\"@type\":\"Organization\",\"@id\":\"https:\\\/\\\/patagoniambiental.com.ar\\\/info\\\/#organization\",\"name\":\"Patagonia Ambiental\",\"url\":\"https:\\\/\\\/patagoniambiental.com.ar\\\/info\\\/\",\"logo\":{\"@type\":\"ImageObject\",\"inLanguage\":\"es\",\"@id\":\"https:\\\/\\\/patagoniambiental.com.ar\\\/info\\\/#\\\/schema\\\/logo\\\/image\\\/\",\"url\":\"https:\\\/\\\/patagoniambiental.com.ar\\\/info\\\/wp-content\\\/uploads\\\/2025\\\/05\\\/LOGO-PATAGONIA-AMBIENTAL.png\",\"contentUrl\":\"https:\\\/\\\/patagoniambiental.com.ar\\\/info\\\/wp-content\\\/uploads\\\/2025\\\/05\\\/LOGO-PATAGONIA-AMBIENTAL.png\",\"width\":433,\"height\":250,\"caption\":\"Patagonia Ambiental\"},\"image\":{\"@id\":\"https:\\\/\\\/patagoniambiental.com.ar\\\/info\\\/#\\\/schema\\\/logo\\\/image\\\/\"},\"sameAs\":[\"https:\\\/\\\/www.facebook.com\\\/patagonia.ambiental\",\"https:\\\/\\\/x.com\\\/PatAmb\"]},{\"@type\":\"Person\",\"@id\":\"https:\\\/\\\/patagoniambiental.com.ar\\\/info\\\/#\\\/schema\\\/person\\\/db12bff64bbcbf6a253710bf0ea37b5d\",\"name\":\"Patagonia Ambiental\",\"description\":\"Andr\u00e9s Nievas T\u00e9cnico en manejo ambiental, consultor Ambiental y escritor para medios locales e internacionales sobre temas de geopolitica y medio ambiente.\",\"sameAs\":[\"http:\\\/\\\/www.patagoniambiental.com.ar\",\"https:\\\/\\\/www.facebook.com\\\/share\\\/1C1V8Gv9BX\\\/?mibextid=qi2Omg\",\"@patagoniambiental\",\"https:\\\/\\\/youtube.com\\\/@patagoniaambiental2023?si=BLt58t0wuXquxlYZ\"]}]}<\/script>\n<!-- \/ Yoast SEO Premium plugin. -->","yoast_head_json":{"title":"Inicia monitoreo satelital del c\u00f3ndor liberado en el Parque Nacional Quebrada del Condorito","description":"El Parque Nacional Quebrada del Condorito, ubicado en C\u00f3rdoba, ha dado un paso importante en la conservaci\u00f3n del c\u00f3ndor andino con el inicio del rastreo satelital de una de las aves m\u00e1s emblem\u00e1ticas de la regi\u00f3n.","robots":{"index":"index","follow":"follow","max-snippet":"max-snippet:-1","max-image-preview":"max-image-preview:large","max-video-preview":"max-video-preview:-1"},"canonical":"https:\/\/patagoniambiental.com.ar\/info\/inicia-monitoreo-satelital-del-condor-liberado-en-el-parque-nacional-quebrada-del-condorito\/","og_locale":"es_ES","og_type":"article","og_title":"Inicia monitoreo satelital del c\u00f3ndor liberado en el Parque Nacional Quebrada del Condorito","og_description":"El Parque Nacional Quebrada del Condorito, ubicado en C\u00f3rdoba, ha dado un paso importante en la conservaci\u00f3n del c\u00f3ndor andino con el inicio del rastreo satelital de una de las aves m\u00e1s emblem\u00e1ticas de la regi\u00f3n.","og_url":"https:\/\/patagoniambiental.com.ar\/info\/inicia-monitoreo-satelital-del-condor-liberado-en-el-parque-nacional-quebrada-del-condorito\/","og_site_name":"Patagonia Ambiental","article_publisher":"https:\/\/www.facebook.com\/patagonia.ambiental","article_author":"https:\/\/www.facebook.com\/share\/1C1V8Gv9BX\/?mibextid=qi2Omg","article_published_time":"2024-11-15T20:28:48+00:00","article_modified_time":"2025-05-04T19:19:16+00:00","og_image":[{"width":899,"height":495,"url":"https:\/\/patagoniambiental.com.ar\/info\/wp-content\/uploads\/2024\/11\/condor1.jpg","type":"image\/jpeg"}],"author":"Patagonia Ambiental","twitter_card":"summary_large_image","twitter_creator":"@PatAmb","twitter_site":"@PatAmb","schema":{"@context":"https:\/\/schema.org","@graph":[{"@type":"Article","@id":"https:\/\/patagoniambiental.com.ar\/info\/inicia-monitoreo-satelital-del-condor-liberado-en-el-parque-nacional-quebrada-del-condorito\/#article","isPartOf":{"@id":"https:\/\/patagoniambiental.com.ar\/info\/inicia-monitoreo-satelital-del-condor-liberado-en-el-parque-nacional-quebrada-del-condorito\/"},"author":{"name":"Patagonia Ambiental","@id":"https:\/\/patagoniambiental.com.ar\/info\/#\/schema\/person\/db12bff64bbcbf6a253710bf0ea37b5d"},"headline":"Inicia monitoreo satelital del c\u00f3ndor liberado en el Parque Nacional Quebrada del Condorito","datePublished":"2024-11-15T20:28:48+00:00","dateModified":"2025-05-04T19:19:16+00:00","mainEntityOfPage":{"@id":"https:\/\/patagoniambiental.com.ar\/info\/inicia-monitoreo-satelital-del-condor-liberado-en-el-parque-nacional-quebrada-del-condorito\/"},"wordCount":799,"commentCount":0,"publisher":{"@id":"https:\/\/patagoniambiental.com.ar\/info\/#organization"},"image":{"@id":"https:\/\/patagoniambiental.com.ar\/info\/inicia-monitoreo-satelital-del-condor-liberado-en-el-parque-nacional-quebrada-del-condorito\/#primaryimage"},"thumbnailUrl":"https:\/\/patagoniambiental.com.ar\/info\/wp-content\/uploads\/2024\/11\/condor1.jpg","articleSection":["Noticias"],"inLanguage":"es","potentialAction":[{"@type":"CommentAction","name":"Comment","target":["https:\/\/patagoniambiental.com.ar\/info\/inicia-monitoreo-satelital-del-condor-liberado-en-el-parque-nacional-quebrada-del-condorito\/#respond"]}]},{"@type":"WebPage","@id":"https:\/\/patagoniambiental.com.ar\/info\/inicia-monitoreo-satelital-del-condor-liberado-en-el-parque-nacional-quebrada-del-condorito\/","url":"https:\/\/patagoniambiental.com.ar\/info\/inicia-monitoreo-satelital-del-condor-liberado-en-el-parque-nacional-quebrada-del-condorito\/","name":"Inicia monitoreo satelital del c\u00f3ndor liberado en el Parque Nacional Quebrada del Condorito","isPartOf":{"@id":"https:\/\/patagoniambiental.com.ar\/info\/#website"},"primaryImageOfPage":{"@id":"https:\/\/patagoniambiental.com.ar\/info\/inicia-monitoreo-satelital-del-condor-liberado-en-el-parque-nacional-quebrada-del-condorito\/#primaryimage"},"image":{"@id":"https:\/\/patagoniambiental.com.ar\/info\/inicia-monitoreo-satelital-del-condor-liberado-en-el-parque-nacional-quebrada-del-condorito\/#primaryimage"},"thumbnailUrl":"https:\/\/patagoniambiental.com.ar\/info\/wp-content\/uploads\/2024\/11\/condor1.jpg","datePublished":"2024-11-15T20:28:48+00:00","dateModified":"2025-05-04T19:19:16+00:00","description":"El Parque Nacional Quebrada del Condorito, ubicado en C\u00f3rdoba, ha dado un paso importante en la conservaci\u00f3n del c\u00f3ndor andino con el inicio del rastreo satelital de una de las aves m\u00e1s emblem\u00e1ticas de la regi\u00f3n.","breadcrumb":{"@id":"https:\/\/patagoniambiental.com.ar\/info\/inicia-monitoreo-satelital-del-condor-liberado-en-el-parque-nacional-quebrada-del-condorito\/#breadcrumb"},"inLanguage":"es","potentialAction":[{"@type":"ReadAction","target":["https:\/\/patagoniambiental.com.ar\/info\/inicia-monitoreo-satelital-del-condor-liberado-en-el-parque-nacional-quebrada-del-condorito\/"]}]},{"@type":"ImageObject","inLanguage":"es","@id":"https:\/\/patagoniambiental.com.ar\/info\/inicia-monitoreo-satelital-del-condor-liberado-en-el-parque-nacional-quebrada-del-condorito\/#primaryimage","url":"https:\/\/patagoniambiental.com.ar\/info\/wp-content\/uploads\/2024\/11\/condor1.jpg","contentUrl":"https:\/\/patagoniambiental.com.ar\/info\/wp-content\/uploads\/2024\/11\/condor1.jpg","width":899,"height":495},{"@type":"BreadcrumbList","@id":"https:\/\/patagoniambiental.com.ar\/info\/inicia-monitoreo-satelital-del-condor-liberado-en-el-parque-nacional-quebrada-del-condorito\/#breadcrumb","itemListElement":[{"@type":"ListItem","position":1,"name":"Inicio","item":"https:\/\/patagoniambiental.com.ar\/info\/"},{"@type":"ListItem","position":2,"name":"Inicia monitoreo satelital del c\u00f3ndor liberado en el Parque Nacional Quebrada del Condorito"}]},{"@type":"WebSite","@id":"https:\/\/patagoniambiental.com.ar\/info\/#website","url":"https:\/\/patagoniambiental.com.ar\/info\/","name":"Patagonia Ambiental","description":"Monitoreo y an\u00e1lisis de la situaci\u00f3n geopol\u00edtica en el mundo y su implicancia en la Patagonia","publisher":{"@id":"https:\/\/patagoniambiental.com.ar\/info\/#organization"},"potentialAction":[{"@type":"SearchAction","target":{"@type":"EntryPoint","urlTemplate":"https:\/\/patagoniambiental.com.ar\/info\/?s={search_term_string}"},"query-input":{"@type":"PropertyValueSpecification","valueRequired":true,"valueName":"search_term_string"}}],"inLanguage":"es"},{"@type":"Organization","@id":"https:\/\/patagoniambiental.com.ar\/info\/#organization","name":"Patagonia Ambiental","url":"https:\/\/patagoniambiental.com.ar\/info\/","logo":{"@type":"ImageObject","inLanguage":"es","@id":"https:\/\/patagoniambiental.com.ar\/info\/#\/schema\/logo\/image\/","url":"https:\/\/patagoniambiental.com.ar\/info\/wp-content\/uploads\/2025\/05\/LOGO-PATAGONIA-AMBIENTAL.png","contentUrl":"https:\/\/patagoniambiental.com.ar\/info\/wp-content\/uploads\/2025\/05\/LOGO-PATAGONIA-AMBIENTAL.png","width":433,"height":250,"caption":"Patagonia Ambiental"},"image":{"@id":"https:\/\/patagoniambiental.com.ar\/info\/#\/schema\/logo\/image\/"},"sameAs":["https:\/\/www.facebook.com\/patagonia.ambiental","https:\/\/x.com\/PatAmb"]},{"@type":"Person","@id":"https:\/\/patagoniambiental.com.ar\/info\/#\/schema\/person\/db12bff64bbcbf6a253710bf0ea37b5d","name":"Patagonia Ambiental","description":"Andr\u00e9s Nievas T\u00e9cnico en manejo ambiental, consultor Ambiental y escritor para medios locales e internacionales sobre temas de geopolitica y medio ambiente.","sameAs":["http:\/\/www.patagoniambiental.com.ar","https:\/\/www.facebook.com\/share\/1C1V8Gv9BX\/?mibextid=qi2Omg","@patagoniambiental","https:\/\/youtube.com\/@patagoniaambiental2023?si=BLt58t0wuXquxlYZ"]}]}},"_links":{"self":[{"href":"https:\/\/patagoniambiental.com.ar\/info\/wp-json\/wp\/v2\/posts\/91534","targetHints":{"allow":["GET"]}}],"collection":[{"href":"https:\/\/patagoniambiental.com.ar\/info\/wp-json\/wp\/v2\/posts"}],"about":[{"href":"https:\/\/patagoniambiental.com.ar\/info\/wp-json\/wp\/v2\/types\/post"}],"author":[{"embeddable":true,"href":"https:\/\/patagoniambiental.com.ar\/info\/wp-json\/wp\/v2\/users\/2"}],"replies":[{"embeddable":true,"href":"https:\/\/patagoniambiental.com.ar\/info\/wp-json\/wp\/v2\/comments?post=91534"}],"version-history":[{"count":0,"href":"https:\/\/patagoniambiental.com.ar\/info\/wp-json\/wp\/v2\/posts\/91534\/revisions"}],"wp:featuredmedia":[{"embeddable":true,"href":"https:\/\/patagoniambiental.com.ar\/info\/wp-json\/wp\/v2\/media\/91535"}],"wp:attachment":[{"href":"https:\/\/patagoniambiental.com.ar\/info\/wp-json\/wp\/v2\/media?parent=91534"}],"wp:term":[{"taxonomy":"category","embeddable":true,"href":"https:\/\/patagoniambiental.com.ar\/info\/wp-json\/wp\/v2\/categories?post=91534"},{"taxonomy":"post_tag","embeddable":true,"href":"https:\/\/patagoniambiental.com.ar\/info\/wp-json\/wp\/v2\/tags?post=91534"}],"curies":[{"name":"wp","href":"https:\/\/api.w.org\/{rel}","templated":true}]}}