{"id":91568,"date":"2024-11-16T13:00:58","date_gmt":"2024-11-16T16:00:58","guid":{"rendered":"https:\/\/patagoniambiental.com.ar\/info\/?p=91568"},"modified":"2025-05-04T16:19:14","modified_gmt":"2025-05-04T19:19:14","slug":"museo-olsacher-de-zapala-investiga-fosil-de-reptil-marino-hallado-en-neuquen","status":"publish","type":"post","link":"https:\/\/patagoniambiental.com.ar\/info\/museo-olsacher-de-zapala-investiga-fosil-de-reptil-marino-hallado-en-neuquen\/","title":{"rendered":"Museo Olsacher de Zapala investiga f\u00f3sil de reptil marino hallado en Neuqu\u00e9n"},"content":{"rendered":"\n<!--more-->\n\n\n\n<p>Zapala, Provincia de Neuquen, 16 de noviembre de 2024. El Museo Olsacher de Zapala, en colaboraci\u00f3n con el Consejo Nacional de Investigaciones Cient\u00edficas y T\u00e9cnicas (Conicet), contin\u00faa haciendo avances importantes en el campo de la paleontolog\u00eda con el estudio de un impresionante f\u00f3sil de reptil marino descubierto en la regi\u00f3n del Alto Neuqu\u00e9n. Este f\u00f3sil, hallado en la d\u00e9cada de 1990, est\u00e1 siendo investigado por Gonzalo Matelo Mirco, el tercer becario postdoctoral que se incorpora al museo bajo un convenio de investigaci\u00f3n con Conicet.<\/p>\n\n\n\n<h3 class=\"wp-block-heading\" id=\"h-un-fosil-enigmatico-de-gran-tamano\">Un f\u00f3sil enigm\u00e1tico de gran tama\u00f1o<\/h3>\n\n\n\n<p>El f\u00f3sil, que fue encontrado en el norte de la provincia de Neuqu\u00e9n, corresponde a un reptil marino de gran tama\u00f1o. Seg\u00fan el paleont\u00f3logo Gonzalo Matelo Mirco, quien lidera el estudio, este ejemplar destaca por sus dimensiones. Se trata de un cr\u00e1neo de aproximadamente <strong>2,5 metros de largo<\/strong>, lo que sugiere que el tama\u00f1o total del animal podr\u00eda haber alcanzado entre <strong>12 y 13 metros<\/strong>. Aunque a\u00fan est\u00e1 en una etapa de preparaci\u00f3n para estudios m\u00e1s detallados, Matelo Mirco considera que los hallazgos derivados de este estudio podr\u00edan ofrecer informaci\u00f3n clave sobre la fauna marina prehist\u00f3rica de la regi\u00f3n.<\/p>\n\n\n\n<h3 class=\"wp-block-heading\" id=\"h-un-convenio-fructifero-para-la-ciencia\">Un convenio fruct\u00edfero para la ciencia<\/h3>\n\n\n\n<p>El Museo Olsacher de Zapala ha sido un punto clave en la investigaci\u00f3n paleontol\u00f3gica en la regi\u00f3n desde su establecimiento, en parte gracias al convenio de colaboraci\u00f3n que mantiene con el Conicet desde 2009. Este acuerdo ha permitido al museo contar con la participaci\u00f3n de becarios postdoctorales, quienes se encargan de profundizar en el an\u00e1lisis de f\u00f3siles de gran relevancia hist\u00f3rica y cient\u00edfica.<\/p>\n\n\n\n<p>Alberto Garrido, director del Museo Olsacher, destac\u00f3 la importancia de contar con becarios postdoctorales como Matelo Mirco: \u00abEs muy gratificante porque no solo resalta el trabajo cient\u00edfico que realizamos, sino que tambi\u00e9n nos permite descubrir piezas que, hasta el momento, permanec\u00edan desconocidas\u00bb. Garrido agreg\u00f3 que los resultados de este estudio en particular ser\u00e1n \u00abimpactantes\u00bb, y que el trabajo de Matelo Mirco est\u00e1 contribuyendo significativamente al conocimiento sobre los reptiles marinos que habitaron el \u00e1rea hace millones de a\u00f1os.<\/p>\n\n\n\n<h3 class=\"wp-block-heading\" id=\"h-investigacion-sobre-reptiles-marinos\">Investigaci\u00f3n sobre reptiles marinos<\/h3>\n\n\n\n<p>Gonzalo Matelo Mirco, licenciado en Biolog\u00eda y especializado en Paleontolog\u00eda, tiene una amplia trayectoria en el estudio de reptiles marinos, un tema que tambi\u00e9n fue central en su doctorado. De hecho, fue este enfoque lo que lo llev\u00f3 a elegir el Museo Olsacher como sede de su investigaci\u00f3n. \u00abConoc\u00eda la colecci\u00f3n del museo y, al estar tan relacionada con mi campo de estudio, decid\u00ed desarrollarme aqu\u00ed\u00bb, explic\u00f3 el investigador.<\/p>\n\n\n\n<p>El material con el que Matelo Mirco est\u00e1 trabajando en el Museo Olsacher proviene no solo de las colecciones del museo, sino tambi\u00e9n de excavaciones recientes en el norte de la provincia de Neuqu\u00e9n. Si bien muchos de estos ejemplares siguen siendo poco conocidos, Matelo Mirco est\u00e1 optimista respecto a lo que podr\u00e1 descubrir en los pr\u00f3ximos meses.<\/p>\n\n\n\n<h3 class=\"wp-block-heading\" id=\"h-plazos-y-expectativas-del-estudio\">Plazos y expectativas del estudio<\/h3>\n\n\n\n<p>Este estudio en particular est\u00e1 programado para completarse entre <strong>un a\u00f1o y un a\u00f1o y medio<\/strong>, lo que significar\u00eda que los resultados preliminares podr\u00edan estar disponibles hacia finales de 2025. Si bien el trabajo est\u00e1 a\u00fan en sus primeras etapas, Matelo Mirco ya ha avanzado en la preparaci\u00f3n del f\u00f3sil y en la obtenci\u00f3n de datos clave que ayudar\u00e1n a reconstruir la historia de este antiguo reptil marino.<\/p>\n\n\n\n<h3 class=\"wp-block-heading\" id=\"h-relevancia-para-la-paleontologia\">Relevancia para la paleontolog\u00eda<\/h3>\n\n\n\n<p>El trabajo que se realiza en el Museo Olsacher es de gran relevancia no solo para la paleontolog\u00eda argentina, sino tambi\u00e9n para la ciencia global, ya que proporciona un vistazo a la fauna marina que existi\u00f3 en la regi\u00f3n de Neuqu\u00e9n durante el Mesozoico. A medida que los estudios avancen, se espera que los nuevos hallazgos puedan ofrecer informaci\u00f3n crucial sobre la evoluci\u00f3n de los reptiles marinos y su adaptaci\u00f3n al entorno de aquel entonces.<\/p>\n\n\n\n<p>En resumen, la investigaci\u00f3n que se lleva a cabo en el Museo Olsacher sobre el reptil marino hallado en Neuqu\u00e9n promete ser un hito en el estudio de la paleontolog\u00eda argentina, y posiciona a la provincia como un importante centro de investigaci\u00f3n cient\u00edfica en este campo. Con el trabajo de becarios postdoctorales como Gonzalo Matelo Mirco, el museo contin\u00faa jugando un papel fundamental en el avance de la ciencia y el entendimiento de nuestro pasado prehist\u00f3rico.<\/p>\n","protected":false},"excerpt":{"rendered":"","protected":false},"author":2,"featured_media":91569,"comment_status":"open","ping_status":"open","sticky":false,"template":"","format":"standard","meta":{"site-sidebar-layout":"default","site-content-layout":"","ast-site-content-layout":"default","site-content-style":"default","site-sidebar-style":"default","ast-global-header-display":"","ast-banner-title-visibility":"","ast-main-header-display":"","ast-hfb-above-header-display":"","ast-hfb-below-header-display":"","ast-hfb-mobile-header-display":"","site-post-title":"","ast-breadcrumbs-content":"","ast-featured-img":"","footer-sml-layout":"","ast-disable-related-posts":"","theme-transparent-header-meta":"","adv-header-id-meta":"","stick-header-meta":"","header-above-stick-meta":"","header-main-stick-meta":"","header-below-stick-meta":"","astra-migrate-meta-layouts":"default","ast-page-background-enabled":"default","ast-page-background-meta":{"desktop":{"background-color":"var(--ast-global-color-5)","background-image":"","background-repeat":"repeat","background-position":"center center","background-size":"auto","background-attachment":"scroll","background-type":"","background-media":"","overlay-type":"","overlay-color":"","overlay-opacity":"","overlay-gradient":""},"tablet":{"background-color":"","background-image":"","background-repeat":"repeat","background-position":"center center","background-size":"auto","background-attachment":"scroll","background-type":"","background-media":"","overlay-type":"","overlay-color":"","overlay-opacity":"","overlay-gradient":""},"mobile":{"background-color":"","background-image":"","background-repeat":"repeat","background-position":"center center","background-size":"auto","background-attachment":"scroll","background-type":"","background-media":"","overlay-type":"","overlay-color":"","overlay-opacity":"","overlay-gradient":""}},"ast-content-background-meta":{"desktop":{"background-color":"var(--ast-global-color-4)","background-image":"","background-repeat":"repeat","background-position":"center center","background-size":"auto","background-attachment":"scroll","background-type":"","background-media":"","overlay-type":"","overlay-color":"","overlay-opacity":"","overlay-gradient":""},"tablet":{"background-color":"var(--ast-global-color-4)","background-image":"","background-repeat":"repeat","background-position":"center center","background-size":"auto","background-attachment":"scroll","background-type":"","background-media":"","overlay-type":"","overlay-color":"","overlay-opacity":"","overlay-gradient":""},"mobile":{"background-color":"var(--ast-global-color-4)","background-image":"","background-repeat":"repeat","background-position":"center center","background-size":"auto","background-attachment":"scroll","background-type":"","background-media":"","overlay-type":"","overlay-color":"","overlay-opacity":"","overlay-gradient":""}},"footnotes":""},"categories":[18,1,13],"tags":[],"class_list":["post-91568","post","type-post","status-publish","format-standard","has-post-thumbnail","hentry","category-neuquen","category-noticias","category-provinciales"],"yoast_head":"<!-- This site is optimized with the Yoast SEO Premium plugin v23.0 (Yoast SEO v27.5) - https:\/\/yoast.com\/product\/yoast-seo-premium-wordpress\/ -->\n<title>Museo Olsacher de Zapala investiga f\u00f3sil de reptil marino hallado en Neuqu\u00e9n<\/title>\n<meta name=\"description\" content=\"El Museo Olsacher de Zapala, en colaboraci\u00f3n con el Consejo Nacional de Investigaciones Cient\u00edficas y T\u00e9cnicas (Conicet), contin\u00faa haciendo avances importantes en el campo de la paleontolog\u00eda con el estudio de un impresionante f\u00f3sil de reptil marino descubierto en la regi\u00f3n del Alto Neuqu\u00e9n.\" \/>\n<meta name=\"robots\" content=\"index, follow, max-snippet:-1, max-image-preview:large, max-video-preview:-1\" \/>\n<link rel=\"canonical\" href=\"https:\/\/patagoniambiental.com.ar\/info\/museo-olsacher-de-zapala-investiga-fosil-de-reptil-marino-hallado-en-neuquen\/\" \/>\n<meta property=\"og:locale\" content=\"es_ES\" \/>\n<meta property=\"og:type\" content=\"article\" \/>\n<meta property=\"og:title\" content=\"Museo Olsacher de Zapala investiga f\u00f3sil de reptil marino hallado en Neuqu\u00e9n\" \/>\n<meta property=\"og:description\" content=\"El Museo Olsacher de Zapala, en colaboraci\u00f3n con el Consejo Nacional de Investigaciones Cient\u00edficas y T\u00e9cnicas (Conicet), contin\u00faa haciendo avances importantes en el campo de la paleontolog\u00eda con el estudio de un impresionante f\u00f3sil de reptil marino descubierto en la regi\u00f3n del Alto Neuqu\u00e9n.\" \/>\n<meta property=\"og:url\" content=\"https:\/\/patagoniambiental.com.ar\/info\/museo-olsacher-de-zapala-investiga-fosil-de-reptil-marino-hallado-en-neuquen\/\" \/>\n<meta property=\"og:site_name\" content=\"Patagonia Ambiental\" \/>\n<meta property=\"article:publisher\" content=\"https:\/\/www.facebook.com\/patagonia.ambiental\" \/>\n<meta property=\"article:author\" content=\"https:\/\/www.facebook.com\/share\/1C1V8Gv9BX\/?mibextid=qi2Omg\" \/>\n<meta property=\"article:published_time\" content=\"2024-11-16T16:00:58+00:00\" \/>\n<meta property=\"article:modified_time\" content=\"2025-05-04T19:19:14+00:00\" \/>\n<meta property=\"og:image\" content=\"https:\/\/patagoniambiental.com.ar\/info\/wp-content\/uploads\/2024\/11\/reptil.jpg\" \/>\n\t<meta property=\"og:image:width\" content=\"830\" \/>\n\t<meta property=\"og:image:height\" content=\"455\" \/>\n\t<meta property=\"og:image:type\" content=\"image\/jpeg\" \/>\n<meta name=\"author\" content=\"Patagonia Ambiental\" \/>\n<meta name=\"twitter:card\" content=\"summary_large_image\" \/>\n<meta name=\"twitter:creator\" content=\"@PatAmb\" \/>\n<meta name=\"twitter:site\" content=\"@PatAmb\" \/>\n<script type=\"application\/ld+json\" class=\"yoast-schema-graph\">{\"@context\":\"https:\\\/\\\/schema.org\",\"@graph\":[{\"@type\":\"Article\",\"@id\":\"https:\\\/\\\/patagoniambiental.com.ar\\\/info\\\/museo-olsacher-de-zapala-investiga-fosil-de-reptil-marino-hallado-en-neuquen\\\/#article\",\"isPartOf\":{\"@id\":\"https:\\\/\\\/patagoniambiental.com.ar\\\/info\\\/museo-olsacher-de-zapala-investiga-fosil-de-reptil-marino-hallado-en-neuquen\\\/\"},\"author\":{\"name\":\"Patagonia Ambiental\",\"@id\":\"https:\\\/\\\/patagoniambiental.com.ar\\\/info\\\/#\\\/schema\\\/person\\\/db12bff64bbcbf6a253710bf0ea37b5d\"},\"headline\":\"Museo Olsacher de Zapala investiga f\u00f3sil de reptil marino hallado en Neuqu\u00e9n\",\"datePublished\":\"2024-11-16T16:00:58+00:00\",\"dateModified\":\"2025-05-04T19:19:14+00:00\",\"mainEntityOfPage\":{\"@id\":\"https:\\\/\\\/patagoniambiental.com.ar\\\/info\\\/museo-olsacher-de-zapala-investiga-fosil-de-reptil-marino-hallado-en-neuquen\\\/\"},\"wordCount\":779,\"commentCount\":0,\"publisher\":{\"@id\":\"https:\\\/\\\/patagoniambiental.com.ar\\\/info\\\/#organization\"},\"image\":{\"@id\":\"https:\\\/\\\/patagoniambiental.com.ar\\\/info\\\/museo-olsacher-de-zapala-investiga-fosil-de-reptil-marino-hallado-en-neuquen\\\/#primaryimage\"},\"thumbnailUrl\":\"https:\\\/\\\/patagoniambiental.com.ar\\\/info\\\/wp-content\\\/uploads\\\/2024\\\/11\\\/reptil.jpg\",\"articleSection\":[\"Neuqu\u00e9n\",\"Noticias\",\"Provinciales\"],\"inLanguage\":\"es\",\"potentialAction\":[{\"@type\":\"CommentAction\",\"name\":\"Comment\",\"target\":[\"https:\\\/\\\/patagoniambiental.com.ar\\\/info\\\/museo-olsacher-de-zapala-investiga-fosil-de-reptil-marino-hallado-en-neuquen\\\/#respond\"]}]},{\"@type\":\"WebPage\",\"@id\":\"https:\\\/\\\/patagoniambiental.com.ar\\\/info\\\/museo-olsacher-de-zapala-investiga-fosil-de-reptil-marino-hallado-en-neuquen\\\/\",\"url\":\"https:\\\/\\\/patagoniambiental.com.ar\\\/info\\\/museo-olsacher-de-zapala-investiga-fosil-de-reptil-marino-hallado-en-neuquen\\\/\",\"name\":\"Museo Olsacher de Zapala investiga f\u00f3sil de reptil marino hallado en Neuqu\u00e9n\",\"isPartOf\":{\"@id\":\"https:\\\/\\\/patagoniambiental.com.ar\\\/info\\\/#website\"},\"primaryImageOfPage\":{\"@id\":\"https:\\\/\\\/patagoniambiental.com.ar\\\/info\\\/museo-olsacher-de-zapala-investiga-fosil-de-reptil-marino-hallado-en-neuquen\\\/#primaryimage\"},\"image\":{\"@id\":\"https:\\\/\\\/patagoniambiental.com.ar\\\/info\\\/museo-olsacher-de-zapala-investiga-fosil-de-reptil-marino-hallado-en-neuquen\\\/#primaryimage\"},\"thumbnailUrl\":\"https:\\\/\\\/patagoniambiental.com.ar\\\/info\\\/wp-content\\\/uploads\\\/2024\\\/11\\\/reptil.jpg\",\"datePublished\":\"2024-11-16T16:00:58+00:00\",\"dateModified\":\"2025-05-04T19:19:14+00:00\",\"description\":\"El Museo Olsacher de Zapala, en colaboraci\u00f3n con el Consejo Nacional de Investigaciones Cient\u00edficas y T\u00e9cnicas (Conicet), contin\u00faa haciendo avances importantes en el campo de la paleontolog\u00eda con el estudio de un impresionante f\u00f3sil de reptil marino descubierto en la regi\u00f3n del Alto Neuqu\u00e9n.\",\"breadcrumb\":{\"@id\":\"https:\\\/\\\/patagoniambiental.com.ar\\\/info\\\/museo-olsacher-de-zapala-investiga-fosil-de-reptil-marino-hallado-en-neuquen\\\/#breadcrumb\"},\"inLanguage\":\"es\",\"potentialAction\":[{\"@type\":\"ReadAction\",\"target\":[\"https:\\\/\\\/patagoniambiental.com.ar\\\/info\\\/museo-olsacher-de-zapala-investiga-fosil-de-reptil-marino-hallado-en-neuquen\\\/\"]}]},{\"@type\":\"ImageObject\",\"inLanguage\":\"es\",\"@id\":\"https:\\\/\\\/patagoniambiental.com.ar\\\/info\\\/museo-olsacher-de-zapala-investiga-fosil-de-reptil-marino-hallado-en-neuquen\\\/#primaryimage\",\"url\":\"https:\\\/\\\/patagoniambiental.com.ar\\\/info\\\/wp-content\\\/uploads\\\/2024\\\/11\\\/reptil.jpg\",\"contentUrl\":\"https:\\\/\\\/patagoniambiental.com.ar\\\/info\\\/wp-content\\\/uploads\\\/2024\\\/11\\\/reptil.jpg\",\"width\":830,\"height\":455},{\"@type\":\"BreadcrumbList\",\"@id\":\"https:\\\/\\\/patagoniambiental.com.ar\\\/info\\\/museo-olsacher-de-zapala-investiga-fosil-de-reptil-marino-hallado-en-neuquen\\\/#breadcrumb\",\"itemListElement\":[{\"@type\":\"ListItem\",\"position\":1,\"name\":\"Inicio\",\"item\":\"https:\\\/\\\/patagoniambiental.com.ar\\\/info\\\/\"},{\"@type\":\"ListItem\",\"position\":2,\"name\":\"Museo Olsacher de Zapala investiga f\u00f3sil de reptil marino hallado en Neuqu\u00e9n\"}]},{\"@type\":\"WebSite\",\"@id\":\"https:\\\/\\\/patagoniambiental.com.ar\\\/info\\\/#website\",\"url\":\"https:\\\/\\\/patagoniambiental.com.ar\\\/info\\\/\",\"name\":\"Patagonia Ambiental\",\"description\":\"Monitoreo y an\u00e1lisis de la situaci\u00f3n geopol\u00edtica en el mundo y su implicancia en la Patagonia\",\"publisher\":{\"@id\":\"https:\\\/\\\/patagoniambiental.com.ar\\\/info\\\/#organization\"},\"potentialAction\":[{\"@type\":\"SearchAction\",\"target\":{\"@type\":\"EntryPoint\",\"urlTemplate\":\"https:\\\/\\\/patagoniambiental.com.ar\\\/info\\\/?s={search_term_string}\"},\"query-input\":{\"@type\":\"PropertyValueSpecification\",\"valueRequired\":true,\"valueName\":\"search_term_string\"}}],\"inLanguage\":\"es\"},{\"@type\":\"Organization\",\"@id\":\"https:\\\/\\\/patagoniambiental.com.ar\\\/info\\\/#organization\",\"name\":\"Patagonia Ambiental\",\"url\":\"https:\\\/\\\/patagoniambiental.com.ar\\\/info\\\/\",\"logo\":{\"@type\":\"ImageObject\",\"inLanguage\":\"es\",\"@id\":\"https:\\\/\\\/patagoniambiental.com.ar\\\/info\\\/#\\\/schema\\\/logo\\\/image\\\/\",\"url\":\"https:\\\/\\\/patagoniambiental.com.ar\\\/info\\\/wp-content\\\/uploads\\\/2025\\\/05\\\/LOGO-PATAGONIA-AMBIENTAL.png\",\"contentUrl\":\"https:\\\/\\\/patagoniambiental.com.ar\\\/info\\\/wp-content\\\/uploads\\\/2025\\\/05\\\/LOGO-PATAGONIA-AMBIENTAL.png\",\"width\":433,\"height\":250,\"caption\":\"Patagonia Ambiental\"},\"image\":{\"@id\":\"https:\\\/\\\/patagoniambiental.com.ar\\\/info\\\/#\\\/schema\\\/logo\\\/image\\\/\"},\"sameAs\":[\"https:\\\/\\\/www.facebook.com\\\/patagonia.ambiental\",\"https:\\\/\\\/x.com\\\/PatAmb\"]},{\"@type\":\"Person\",\"@id\":\"https:\\\/\\\/patagoniambiental.com.ar\\\/info\\\/#\\\/schema\\\/person\\\/db12bff64bbcbf6a253710bf0ea37b5d\",\"name\":\"Patagonia Ambiental\",\"description\":\"Andr\u00e9s Nievas T\u00e9cnico en manejo ambiental, consultor Ambiental y escritor para medios locales e internacionales sobre temas de geopolitica y medio ambiente.\",\"sameAs\":[\"http:\\\/\\\/www.patagoniambiental.com.ar\",\"https:\\\/\\\/www.facebook.com\\\/share\\\/1C1V8Gv9BX\\\/?mibextid=qi2Omg\",\"@patagoniambiental\",\"https:\\\/\\\/youtube.com\\\/@patagoniaambiental2023?si=BLt58t0wuXquxlYZ\"]}]}<\/script>\n<!-- \/ Yoast SEO Premium plugin. -->","yoast_head_json":{"title":"Museo Olsacher de Zapala investiga f\u00f3sil de reptil marino hallado en Neuqu\u00e9n","description":"El Museo Olsacher de Zapala, en colaboraci\u00f3n con el Consejo Nacional de Investigaciones Cient\u00edficas y T\u00e9cnicas (Conicet), contin\u00faa haciendo avances importantes en el campo de la paleontolog\u00eda con el estudio de un impresionante f\u00f3sil de reptil marino descubierto en la regi\u00f3n del Alto Neuqu\u00e9n.","robots":{"index":"index","follow":"follow","max-snippet":"max-snippet:-1","max-image-preview":"max-image-preview:large","max-video-preview":"max-video-preview:-1"},"canonical":"https:\/\/patagoniambiental.com.ar\/info\/museo-olsacher-de-zapala-investiga-fosil-de-reptil-marino-hallado-en-neuquen\/","og_locale":"es_ES","og_type":"article","og_title":"Museo Olsacher de Zapala investiga f\u00f3sil de reptil marino hallado en Neuqu\u00e9n","og_description":"El Museo Olsacher de Zapala, en colaboraci\u00f3n con el Consejo Nacional de Investigaciones Cient\u00edficas y T\u00e9cnicas (Conicet), contin\u00faa haciendo avances importantes en el campo de la paleontolog\u00eda con el estudio de un impresionante f\u00f3sil de reptil marino descubierto en la regi\u00f3n del Alto Neuqu\u00e9n.","og_url":"https:\/\/patagoniambiental.com.ar\/info\/museo-olsacher-de-zapala-investiga-fosil-de-reptil-marino-hallado-en-neuquen\/","og_site_name":"Patagonia Ambiental","article_publisher":"https:\/\/www.facebook.com\/patagonia.ambiental","article_author":"https:\/\/www.facebook.com\/share\/1C1V8Gv9BX\/?mibextid=qi2Omg","article_published_time":"2024-11-16T16:00:58+00:00","article_modified_time":"2025-05-04T19:19:14+00:00","og_image":[{"width":830,"height":455,"url":"https:\/\/patagoniambiental.com.ar\/info\/wp-content\/uploads\/2024\/11\/reptil.jpg","type":"image\/jpeg"}],"author":"Patagonia Ambiental","twitter_card":"summary_large_image","twitter_creator":"@PatAmb","twitter_site":"@PatAmb","schema":{"@context":"https:\/\/schema.org","@graph":[{"@type":"Article","@id":"https:\/\/patagoniambiental.com.ar\/info\/museo-olsacher-de-zapala-investiga-fosil-de-reptil-marino-hallado-en-neuquen\/#article","isPartOf":{"@id":"https:\/\/patagoniambiental.com.ar\/info\/museo-olsacher-de-zapala-investiga-fosil-de-reptil-marino-hallado-en-neuquen\/"},"author":{"name":"Patagonia Ambiental","@id":"https:\/\/patagoniambiental.com.ar\/info\/#\/schema\/person\/db12bff64bbcbf6a253710bf0ea37b5d"},"headline":"Museo Olsacher de Zapala investiga f\u00f3sil de reptil marino hallado en Neuqu\u00e9n","datePublished":"2024-11-16T16:00:58+00:00","dateModified":"2025-05-04T19:19:14+00:00","mainEntityOfPage":{"@id":"https:\/\/patagoniambiental.com.ar\/info\/museo-olsacher-de-zapala-investiga-fosil-de-reptil-marino-hallado-en-neuquen\/"},"wordCount":779,"commentCount":0,"publisher":{"@id":"https:\/\/patagoniambiental.com.ar\/info\/#organization"},"image":{"@id":"https:\/\/patagoniambiental.com.ar\/info\/museo-olsacher-de-zapala-investiga-fosil-de-reptil-marino-hallado-en-neuquen\/#primaryimage"},"thumbnailUrl":"https:\/\/patagoniambiental.com.ar\/info\/wp-content\/uploads\/2024\/11\/reptil.jpg","articleSection":["Neuqu\u00e9n","Noticias","Provinciales"],"inLanguage":"es","potentialAction":[{"@type":"CommentAction","name":"Comment","target":["https:\/\/patagoniambiental.com.ar\/info\/museo-olsacher-de-zapala-investiga-fosil-de-reptil-marino-hallado-en-neuquen\/#respond"]}]},{"@type":"WebPage","@id":"https:\/\/patagoniambiental.com.ar\/info\/museo-olsacher-de-zapala-investiga-fosil-de-reptil-marino-hallado-en-neuquen\/","url":"https:\/\/patagoniambiental.com.ar\/info\/museo-olsacher-de-zapala-investiga-fosil-de-reptil-marino-hallado-en-neuquen\/","name":"Museo Olsacher de Zapala investiga f\u00f3sil de reptil marino hallado en Neuqu\u00e9n","isPartOf":{"@id":"https:\/\/patagoniambiental.com.ar\/info\/#website"},"primaryImageOfPage":{"@id":"https:\/\/patagoniambiental.com.ar\/info\/museo-olsacher-de-zapala-investiga-fosil-de-reptil-marino-hallado-en-neuquen\/#primaryimage"},"image":{"@id":"https:\/\/patagoniambiental.com.ar\/info\/museo-olsacher-de-zapala-investiga-fosil-de-reptil-marino-hallado-en-neuquen\/#primaryimage"},"thumbnailUrl":"https:\/\/patagoniambiental.com.ar\/info\/wp-content\/uploads\/2024\/11\/reptil.jpg","datePublished":"2024-11-16T16:00:58+00:00","dateModified":"2025-05-04T19:19:14+00:00","description":"El Museo Olsacher de Zapala, en colaboraci\u00f3n con el Consejo Nacional de Investigaciones Cient\u00edficas y T\u00e9cnicas (Conicet), contin\u00faa haciendo avances importantes en el campo de la paleontolog\u00eda con el estudio de un impresionante f\u00f3sil de reptil marino descubierto en la regi\u00f3n del Alto Neuqu\u00e9n.","breadcrumb":{"@id":"https:\/\/patagoniambiental.com.ar\/info\/museo-olsacher-de-zapala-investiga-fosil-de-reptil-marino-hallado-en-neuquen\/#breadcrumb"},"inLanguage":"es","potentialAction":[{"@type":"ReadAction","target":["https:\/\/patagoniambiental.com.ar\/info\/museo-olsacher-de-zapala-investiga-fosil-de-reptil-marino-hallado-en-neuquen\/"]}]},{"@type":"ImageObject","inLanguage":"es","@id":"https:\/\/patagoniambiental.com.ar\/info\/museo-olsacher-de-zapala-investiga-fosil-de-reptil-marino-hallado-en-neuquen\/#primaryimage","url":"https:\/\/patagoniambiental.com.ar\/info\/wp-content\/uploads\/2024\/11\/reptil.jpg","contentUrl":"https:\/\/patagoniambiental.com.ar\/info\/wp-content\/uploads\/2024\/11\/reptil.jpg","width":830,"height":455},{"@type":"BreadcrumbList","@id":"https:\/\/patagoniambiental.com.ar\/info\/museo-olsacher-de-zapala-investiga-fosil-de-reptil-marino-hallado-en-neuquen\/#breadcrumb","itemListElement":[{"@type":"ListItem","position":1,"name":"Inicio","item":"https:\/\/patagoniambiental.com.ar\/info\/"},{"@type":"ListItem","position":2,"name":"Museo Olsacher de Zapala investiga f\u00f3sil de reptil marino hallado en Neuqu\u00e9n"}]},{"@type":"WebSite","@id":"https:\/\/patagoniambiental.com.ar\/info\/#website","url":"https:\/\/patagoniambiental.com.ar\/info\/","name":"Patagonia Ambiental","description":"Monitoreo y an\u00e1lisis de la situaci\u00f3n geopol\u00edtica en el mundo y su implicancia en la Patagonia","publisher":{"@id":"https:\/\/patagoniambiental.com.ar\/info\/#organization"},"potentialAction":[{"@type":"SearchAction","target":{"@type":"EntryPoint","urlTemplate":"https:\/\/patagoniambiental.com.ar\/info\/?s={search_term_string}"},"query-input":{"@type":"PropertyValueSpecification","valueRequired":true,"valueName":"search_term_string"}}],"inLanguage":"es"},{"@type":"Organization","@id":"https:\/\/patagoniambiental.com.ar\/info\/#organization","name":"Patagonia Ambiental","url":"https:\/\/patagoniambiental.com.ar\/info\/","logo":{"@type":"ImageObject","inLanguage":"es","@id":"https:\/\/patagoniambiental.com.ar\/info\/#\/schema\/logo\/image\/","url":"https:\/\/patagoniambiental.com.ar\/info\/wp-content\/uploads\/2025\/05\/LOGO-PATAGONIA-AMBIENTAL.png","contentUrl":"https:\/\/patagoniambiental.com.ar\/info\/wp-content\/uploads\/2025\/05\/LOGO-PATAGONIA-AMBIENTAL.png","width":433,"height":250,"caption":"Patagonia Ambiental"},"image":{"@id":"https:\/\/patagoniambiental.com.ar\/info\/#\/schema\/logo\/image\/"},"sameAs":["https:\/\/www.facebook.com\/patagonia.ambiental","https:\/\/x.com\/PatAmb"]},{"@type":"Person","@id":"https:\/\/patagoniambiental.com.ar\/info\/#\/schema\/person\/db12bff64bbcbf6a253710bf0ea37b5d","name":"Patagonia Ambiental","description":"Andr\u00e9s Nievas T\u00e9cnico en manejo ambiental, consultor Ambiental y escritor para medios locales e internacionales sobre temas de geopolitica y medio ambiente.","sameAs":["http:\/\/www.patagoniambiental.com.ar","https:\/\/www.facebook.com\/share\/1C1V8Gv9BX\/?mibextid=qi2Omg","@patagoniambiental","https:\/\/youtube.com\/@patagoniaambiental2023?si=BLt58t0wuXquxlYZ"]}]}},"_links":{"self":[{"href":"https:\/\/patagoniambiental.com.ar\/info\/wp-json\/wp\/v2\/posts\/91568","targetHints":{"allow":["GET"]}}],"collection":[{"href":"https:\/\/patagoniambiental.com.ar\/info\/wp-json\/wp\/v2\/posts"}],"about":[{"href":"https:\/\/patagoniambiental.com.ar\/info\/wp-json\/wp\/v2\/types\/post"}],"author":[{"embeddable":true,"href":"https:\/\/patagoniambiental.com.ar\/info\/wp-json\/wp\/v2\/users\/2"}],"replies":[{"embeddable":true,"href":"https:\/\/patagoniambiental.com.ar\/info\/wp-json\/wp\/v2\/comments?post=91568"}],"version-history":[{"count":0,"href":"https:\/\/patagoniambiental.com.ar\/info\/wp-json\/wp\/v2\/posts\/91568\/revisions"}],"wp:featuredmedia":[{"embeddable":true,"href":"https:\/\/patagoniambiental.com.ar\/info\/wp-json\/wp\/v2\/media\/91569"}],"wp:attachment":[{"href":"https:\/\/patagoniambiental.com.ar\/info\/wp-json\/wp\/v2\/media?parent=91568"}],"wp:term":[{"taxonomy":"category","embeddable":true,"href":"https:\/\/patagoniambiental.com.ar\/info\/wp-json\/wp\/v2\/categories?post=91568"},{"taxonomy":"post_tag","embeddable":true,"href":"https:\/\/patagoniambiental.com.ar\/info\/wp-json\/wp\/v2\/tags?post=91568"}],"curies":[{"name":"wp","href":"https:\/\/api.w.org\/{rel}","templated":true}]}}