{"id":91603,"date":"2024-11-22T12:39:12","date_gmt":"2024-11-22T15:39:12","guid":{"rendered":"https:\/\/patagoniambiental.com.ar\/info\/?p=91603"},"modified":"2025-05-04T16:18:56","modified_gmt":"2025-05-04T19:18:56","slug":"dia-mundial-del-aire-puro-promueven-ambientes-libres-de-humo-para-mejorar-la-salud","status":"publish","type":"post","link":"https:\/\/patagoniambiental.com.ar\/info\/dia-mundial-del-aire-puro-promueven-ambientes-libres-de-humo-para-mejorar-la-salud\/","title":{"rendered":"D\u00eda Mundial del Aire Puro: promueven ambientes libres de humo para mejorar la salud"},"content":{"rendered":"\n<!--more-->\n\n\n\n<p>Viedma, Provincia de Rio Negro, 21 de noviembre de 2024. Cada tercer jueves de noviembre se conmemora el <strong>D\u00eda Mundial del Aire Puro<\/strong>, una fecha instituida por la Organizaci\u00f3n Mundial de la Salud (<a href=\"https:\/\/www.who.int\/es\">OMS<\/a>) en 1977, con el objetivo de sensibilizar a la poblaci\u00f3n sobre la creciente contaminaci\u00f3n del aire y sus consecuencias para la salud y el medio ambiente. Este a\u00f1o, el <strong>Ministerio de Salud de R\u00edo Negro<\/strong>, a trav\u00e9s del <strong>Departamento de Enfermedades Cr\u00f3nicas No Transmisibles<\/strong>, ha lanzado una campa\u00f1a enfocada en la importancia de crear <strong>ambientes 100% libres de humo<\/strong>, espec\u00edficamente en lo que respecta al humo del tabaco, uno de los contaminantes m\u00e1s perjudiciales para la salud humana.<\/p>\n\n\n\n<h3 class=\"wp-block-heading\" id=\"h-el-impacto-del-humo-de-tabaco-en-la-salud\">El impacto del humo de tabaco en la salud<\/h3>\n\n\n\n<p>El humo del tabaco est\u00e1 compuesto por m\u00e1s de <strong>7.500 sustancias qu\u00edmicas<\/strong>, muchas de las cuales son <strong>altamente t\u00f3xicas e irritantes<\/strong>. De estos compuestos, m\u00e1s de <strong>70 son cancer\u00edgenos<\/strong>. Aunque muchos conocen los riesgos para los fumadores, la exposici\u00f3n al humo de segunda mano afecta tambi\u00e9n a las <strong>personas no fumadoras<\/strong>, especialmente en ambientes cerrados como <strong>hogares, restaurantes, veh\u00edculos y lugares de trabajo<\/strong>.<\/p>\n\n\n\n<p>El <strong>humo ambiental de tabaco<\/strong> no solo es una molestia, sino que puede permanecer en el aire y en las superficies de los espacios cerrados durante <strong>semanas o meses<\/strong>, incluso despu\u00e9s de que el humo visible desaparezca. Esto ocurre porque las part\u00edculas t\u00f3xicas del humo se adhieren a los muebles, cortinas, tapizados y otros objetos, liberando compuestos da\u00f1inos de forma constante, lo que hace que la exposici\u00f3n al humo de tabaco siga siendo un riesgo latente para la salud.<\/p>\n\n\n\n<h3 class=\"wp-block-heading\" id=\"h-la-realidad-de-la-exposicion-al-humo-de-tabaco\">La realidad de la exposici\u00f3n al humo de tabaco<\/h3>\n\n\n\n<p>En Argentina, alrededor de <strong>6.000 personas no fumadoras<\/strong> mueren anualmente debido a enfermedades relacionadas con la exposici\u00f3n involuntaria al humo de tabaco, principalmente en lugares cerrados. Esta cifra alarmante subraya la necesidad urgente de <strong>crear ambientes 100% libres de humo<\/strong>, donde las personas puedan estar protegidas de los efectos nocivos del tabaco, tanto en sus hogares como en lugares p\u00fablicos.<\/p>\n\n\n\n<p>Cualquier nivel de exposici\u00f3n al humo de tabaco implica un <strong>riesgo para la salud<\/strong>, y cuanto mayor sea la exposici\u00f3n, mayor ser\u00e1 el da\u00f1o. A\u00fan los <strong>productos de tabaco no combustibles<\/strong>, como los <strong>cigarrillos electr\u00f3nicos<\/strong> o los dispositivos de <strong>tabaco calentado<\/strong>, liberan sustancias qu\u00edmicas peligrosas que afectan tanto a los usuarios como a los que se encuentran cerca.<\/p>\n\n\n\n<h3 class=\"wp-block-heading\" id=\"h-beneficios-de-los-ambientes-libres-de-humo\">Beneficios de los ambientes libres de humo<\/h3>\n\n\n\n<p>El Ministerio de Salud destaca una serie de <strong>beneficios<\/strong> asociados con la creaci\u00f3n de ambientes libres de humo, entre ellos:<\/p>\n\n\n\n<ul class=\"wp-block-list\">\n<li><strong>Protecci\u00f3n de la salud<\/strong>: Ayudan a prevenir enfermedades respiratorias, cardiovasculares y c\u00e1ncer en fumadores y no fumadores.<\/li>\n\n\n\n<li><strong>Fomento al abandono del h\u00e1bito<\/strong>: Facilitan a los fumadores dejar de fumar, reduciendo el consumo de tabaco.<\/li>\n\n\n\n<li><strong>Prevenci\u00f3n en j\u00f3venes<\/strong>: Evitan que ni\u00f1os y adolescentes inicien el consumo de tabaco.<\/li>\n\n\n\n<li><strong>Mejora la productividad<\/strong>: Disminuyen el ausentismo laboral y escolar por enfermedades relacionadas con el humo.<\/li>\n\n\n\n<li><strong>Reducci\u00f3n de costos m\u00e9dicos<\/strong>: Previenene enfermedades, reduciendo el gasto en atenci\u00f3n m\u00e9dica.<\/li>\n\n\n\n<li><strong>Menor riesgo de incendios<\/strong>: Disminuyen la posibilidad de accidentes o incendios derivados del tabaco.<\/li>\n\n\n\n<li><strong>Preservaci\u00f3n de instalaciones<\/strong>: Reducen el deterioro de muebles, equipos y otros bienes, minimizando los costos de mantenimiento.<\/li>\n\n\n\n<li><strong>Cambio cultural<\/strong>: Contribuyen a modificar las normas sociales sobre el consumo de tabaco, promoviendo una cultura de no fumar.<\/li>\n<\/ul>\n\n\n\n<h3 class=\"wp-block-heading\" id=\"h-acciones-para-promover-ambientes-libres-de-humo\">Acciones para promover ambientes libres de humo<\/h3>\n\n\n\n<p>Desde el Ministerio de Salud de R\u00edo Negro se hace un llamado a la ciudadan\u00eda a respetar y promover espacios <strong>100% libres de humo<\/strong>, lo que incluye la prohibici\u00f3n de fumar en todos los lugares cerrados, sin excepciones. Para facilitar este proceso, se recomienda a las personas que conviven con fumadores que implementen reglas claras en el hogar, y se les anima a las autoridades locales a reforzar las normativas en lugares p\u00fablicos, escuelas y centros laborales.<\/p>\n\n\n\n<p>En caso de que se detecten infracciones a la ley de control del tabaco, los ciudadanos pueden realizar <strong>denuncias<\/strong> a trav\u00e9s de la l\u00ednea <strong>0800-999-3040<\/strong> o por medio del sitio web del <strong>Ministerio de Salud de la Naci\u00f3n<\/strong> <a href=\"https:\/\/www.argentina.gob.ar\/salud\/consumo-de-tabaco\/denuncia-infracciones-la-ley-de-control-de-tabaco\">aqu\u00ed<\/a>.<\/p>\n\n\n\n<h3 class=\"wp-block-heading\" id=\"h-un-compromiso-con-la-salud-publica\">Un compromiso con la salud p\u00fablica<\/h3>\n\n\n\n<p>El <strong>D\u00eda Mundial del Aire Puro<\/strong> no solo es una oportunidad para reflexionar sobre la contaminaci\u00f3n del aire, sino tambi\u00e9n para tomar acciones concretas que protejan la salud de todos. Crear ambientes libres de humo es fundamental para <strong>garantizar una mejor calidad de vida<\/strong> y <strong>reducir la carga de enfermedades<\/strong> asociadas con el tabaco. El gobierno de R\u00edo Negro, a trav\u00e9s de su campa\u00f1a y acciones concretas, demuestra un firme compromiso en la lucha contra el <strong>tabaquismo<\/strong> y en la <strong>promoci\u00f3n de la salud p\u00fablica<\/strong>.<\/p>\n\n\n\n<p>Con cada paso hacia la erradicaci\u00f3n del humo en espacios cerrados, se da un paso m\u00e1s hacia un futuro m\u00e1s saludable para todos.<\/p>\n","protected":false},"excerpt":{"rendered":"","protected":false},"author":2,"featured_media":91604,"comment_status":"open","ping_status":"open","sticky":false,"template":"","format":"standard","meta":{"site-sidebar-layout":"default","site-content-layout":"","ast-site-content-layout":"default","site-content-style":"default","site-sidebar-style":"default","ast-global-header-display":"","ast-banner-title-visibility":"","ast-main-header-display":"","ast-hfb-above-header-display":"","ast-hfb-below-header-display":"","ast-hfb-mobile-header-display":"","site-post-title":"","ast-breadcrumbs-content":"","ast-featured-img":"","footer-sml-layout":"","ast-disable-related-posts":"","theme-transparent-header-meta":"","adv-header-id-meta":"","stick-header-meta":"","header-above-stick-meta":"","header-main-stick-meta":"","header-below-stick-meta":"","astra-migrate-meta-layouts":"default","ast-page-background-enabled":"default","ast-page-background-meta":{"desktop":{"background-color":"var(--ast-global-color-5)","background-image":"","background-repeat":"repeat","background-position":"center center","background-size":"auto","background-attachment":"scroll","background-type":"","background-media":"","overlay-type":"","overlay-color":"","overlay-opacity":"","overlay-gradient":""},"tablet":{"background-color":"","background-image":"","background-repeat":"repeat","background-position":"center center","background-size":"auto","background-attachment":"scroll","background-type":"","background-media":"","overlay-type":"","overlay-color":"","overlay-opacity":"","overlay-gradient":""},"mobile":{"background-color":"","background-image":"","background-repeat":"repeat","background-position":"center center","background-size":"auto","background-attachment":"scroll","background-type":"","background-media":"","overlay-type":"","overlay-color":"","overlay-opacity":"","overlay-gradient":""}},"ast-content-background-meta":{"desktop":{"background-color":"var(--ast-global-color-4)","background-image":"","background-repeat":"repeat","background-position":"center center","background-size":"auto","background-attachment":"scroll","background-type":"","background-media":"","overlay-type":"","overlay-color":"","overlay-opacity":"","overlay-gradient":""},"tablet":{"background-color":"var(--ast-global-color-4)","background-image":"","background-repeat":"repeat","background-position":"center center","background-size":"auto","background-attachment":"scroll","background-type":"","background-media":"","overlay-type":"","overlay-color":"","overlay-opacity":"","overlay-gradient":""},"mobile":{"background-color":"var(--ast-global-color-4)","background-image":"","background-repeat":"repeat","background-position":"center center","background-size":"auto","background-attachment":"scroll","background-type":"","background-media":"","overlay-type":"","overlay-color":"","overlay-opacity":"","overlay-gradient":""}},"footnotes":""},"categories":[12,1,13,14],"tags":[],"class_list":["post-91603","post","type-post","status-publish","format-standard","has-post-thumbnail","hentry","category-agenda-ambiental","category-noticias","category-provinciales","category-rio-negro"],"yoast_head":"<!-- This site is optimized with the Yoast SEO Premium plugin v23.0 (Yoast SEO v27.5) - https:\/\/yoast.com\/product\/yoast-seo-premium-wordpress\/ -->\n<title>D\u00eda Mundial del Aire Puro: promueven ambientes libres de humo para mejorar la salud<\/title>\n<meta name=\"description\" content=\"Cada tercer jueves de noviembre se conmemora el D\u00eda Mundial del Aire Puro, una fecha instituida por la Organizaci\u00f3n Mundial de la Salud (OMS) en 1977, con el objetivo de sensibilizar a la poblaci\u00f3n sobre la creciente contaminaci\u00f3n del aire y sus consecuencias para la salud y el medio ambiente.\" \/>\n<meta name=\"robots\" content=\"index, follow, max-snippet:-1, max-image-preview:large, max-video-preview:-1\" \/>\n<link rel=\"canonical\" href=\"https:\/\/patagoniambiental.com.ar\/info\/dia-mundial-del-aire-puro-promueven-ambientes-libres-de-humo-para-mejorar-la-salud\/\" \/>\n<meta property=\"og:locale\" content=\"es_ES\" \/>\n<meta property=\"og:type\" content=\"article\" \/>\n<meta property=\"og:title\" content=\"D\u00eda Mundial del Aire Puro: promueven ambientes libres de humo para mejorar la salud\" \/>\n<meta property=\"og:description\" content=\"Cada tercer jueves de noviembre se conmemora el D\u00eda Mundial del Aire Puro, una fecha instituida por la Organizaci\u00f3n Mundial de la Salud (OMS) en 1977, con el objetivo de sensibilizar a la poblaci\u00f3n sobre la creciente contaminaci\u00f3n del aire y sus consecuencias para la salud y el medio ambiente.\" \/>\n<meta property=\"og:url\" content=\"https:\/\/patagoniambiental.com.ar\/info\/dia-mundial-del-aire-puro-promueven-ambientes-libres-de-humo-para-mejorar-la-salud\/\" \/>\n<meta property=\"og:site_name\" content=\"Patagonia Ambiental\" \/>\n<meta property=\"article:publisher\" content=\"https:\/\/www.facebook.com\/patagonia.ambiental\" \/>\n<meta property=\"article:author\" content=\"https:\/\/www.facebook.com\/share\/1C1V8Gv9BX\/?mibextid=qi2Omg\" \/>\n<meta property=\"article:published_time\" content=\"2024-11-22T15:39:12+00:00\" \/>\n<meta property=\"article:modified_time\" content=\"2025-05-04T19:18:56+00:00\" \/>\n<meta property=\"og:image\" content=\"https:\/\/patagoniambiental.com.ar\/info\/wp-content\/uploads\/2024\/11\/airelimpio.jpg\" \/>\n\t<meta property=\"og:image:width\" content=\"974\" \/>\n\t<meta property=\"og:image:height\" content=\"520\" \/>\n\t<meta property=\"og:image:type\" content=\"image\/jpeg\" \/>\n<meta name=\"author\" content=\"Patagonia Ambiental\" \/>\n<meta name=\"twitter:card\" content=\"summary_large_image\" \/>\n<meta name=\"twitter:creator\" content=\"@PatAmb\" \/>\n<meta name=\"twitter:site\" content=\"@PatAmb\" \/>\n<script type=\"application\/ld+json\" class=\"yoast-schema-graph\">{\"@context\":\"https:\\\/\\\/schema.org\",\"@graph\":[{\"@type\":\"Article\",\"@id\":\"https:\\\/\\\/patagoniambiental.com.ar\\\/info\\\/dia-mundial-del-aire-puro-promueven-ambientes-libres-de-humo-para-mejorar-la-salud\\\/#article\",\"isPartOf\":{\"@id\":\"https:\\\/\\\/patagoniambiental.com.ar\\\/info\\\/dia-mundial-del-aire-puro-promueven-ambientes-libres-de-humo-para-mejorar-la-salud\\\/\"},\"author\":{\"name\":\"Patagonia Ambiental\",\"@id\":\"https:\\\/\\\/patagoniambiental.com.ar\\\/info\\\/#\\\/schema\\\/person\\\/db12bff64bbcbf6a253710bf0ea37b5d\"},\"headline\":\"D\u00eda Mundial del Aire Puro: promueven ambientes libres de humo para mejorar la salud\",\"datePublished\":\"2024-11-22T15:39:12+00:00\",\"dateModified\":\"2025-05-04T19:18:56+00:00\",\"mainEntityOfPage\":{\"@id\":\"https:\\\/\\\/patagoniambiental.com.ar\\\/info\\\/dia-mundial-del-aire-puro-promueven-ambientes-libres-de-humo-para-mejorar-la-salud\\\/\"},\"wordCount\":849,\"commentCount\":0,\"publisher\":{\"@id\":\"https:\\\/\\\/patagoniambiental.com.ar\\\/info\\\/#organization\"},\"image\":{\"@id\":\"https:\\\/\\\/patagoniambiental.com.ar\\\/info\\\/dia-mundial-del-aire-puro-promueven-ambientes-libres-de-humo-para-mejorar-la-salud\\\/#primaryimage\"},\"thumbnailUrl\":\"https:\\\/\\\/patagoniambiental.com.ar\\\/info\\\/wp-content\\\/uploads\\\/2024\\\/11\\\/airelimpio.jpg\",\"articleSection\":[\"Agenda Ambiental\",\"Noticias\",\"Provinciales\",\"R\u00edo Negro\"],\"inLanguage\":\"es\",\"potentialAction\":[{\"@type\":\"CommentAction\",\"name\":\"Comment\",\"target\":[\"https:\\\/\\\/patagoniambiental.com.ar\\\/info\\\/dia-mundial-del-aire-puro-promueven-ambientes-libres-de-humo-para-mejorar-la-salud\\\/#respond\"]}]},{\"@type\":\"WebPage\",\"@id\":\"https:\\\/\\\/patagoniambiental.com.ar\\\/info\\\/dia-mundial-del-aire-puro-promueven-ambientes-libres-de-humo-para-mejorar-la-salud\\\/\",\"url\":\"https:\\\/\\\/patagoniambiental.com.ar\\\/info\\\/dia-mundial-del-aire-puro-promueven-ambientes-libres-de-humo-para-mejorar-la-salud\\\/\",\"name\":\"D\u00eda Mundial del Aire Puro: promueven ambientes libres de humo para mejorar la salud\",\"isPartOf\":{\"@id\":\"https:\\\/\\\/patagoniambiental.com.ar\\\/info\\\/#website\"},\"primaryImageOfPage\":{\"@id\":\"https:\\\/\\\/patagoniambiental.com.ar\\\/info\\\/dia-mundial-del-aire-puro-promueven-ambientes-libres-de-humo-para-mejorar-la-salud\\\/#primaryimage\"},\"image\":{\"@id\":\"https:\\\/\\\/patagoniambiental.com.ar\\\/info\\\/dia-mundial-del-aire-puro-promueven-ambientes-libres-de-humo-para-mejorar-la-salud\\\/#primaryimage\"},\"thumbnailUrl\":\"https:\\\/\\\/patagoniambiental.com.ar\\\/info\\\/wp-content\\\/uploads\\\/2024\\\/11\\\/airelimpio.jpg\",\"datePublished\":\"2024-11-22T15:39:12+00:00\",\"dateModified\":\"2025-05-04T19:18:56+00:00\",\"description\":\"Cada tercer jueves de noviembre se conmemora el D\u00eda Mundial del Aire Puro, una fecha instituida por la Organizaci\u00f3n Mundial de la Salud (OMS) en 1977, con el objetivo de sensibilizar a la poblaci\u00f3n sobre la creciente contaminaci\u00f3n del aire y sus consecuencias para la salud y el medio ambiente.\",\"breadcrumb\":{\"@id\":\"https:\\\/\\\/patagoniambiental.com.ar\\\/info\\\/dia-mundial-del-aire-puro-promueven-ambientes-libres-de-humo-para-mejorar-la-salud\\\/#breadcrumb\"},\"inLanguage\":\"es\",\"potentialAction\":[{\"@type\":\"ReadAction\",\"target\":[\"https:\\\/\\\/patagoniambiental.com.ar\\\/info\\\/dia-mundial-del-aire-puro-promueven-ambientes-libres-de-humo-para-mejorar-la-salud\\\/\"]}]},{\"@type\":\"ImageObject\",\"inLanguage\":\"es\",\"@id\":\"https:\\\/\\\/patagoniambiental.com.ar\\\/info\\\/dia-mundial-del-aire-puro-promueven-ambientes-libres-de-humo-para-mejorar-la-salud\\\/#primaryimage\",\"url\":\"https:\\\/\\\/patagoniambiental.com.ar\\\/info\\\/wp-content\\\/uploads\\\/2024\\\/11\\\/airelimpio.jpg\",\"contentUrl\":\"https:\\\/\\\/patagoniambiental.com.ar\\\/info\\\/wp-content\\\/uploads\\\/2024\\\/11\\\/airelimpio.jpg\",\"width\":974,\"height\":520,\"caption\":\"D\u00eda Mundial del Aire Puro\"},{\"@type\":\"BreadcrumbList\",\"@id\":\"https:\\\/\\\/patagoniambiental.com.ar\\\/info\\\/dia-mundial-del-aire-puro-promueven-ambientes-libres-de-humo-para-mejorar-la-salud\\\/#breadcrumb\",\"itemListElement\":[{\"@type\":\"ListItem\",\"position\":1,\"name\":\"Inicio\",\"item\":\"https:\\\/\\\/patagoniambiental.com.ar\\\/info\\\/\"},{\"@type\":\"ListItem\",\"position\":2,\"name\":\"D\u00eda Mundial del Aire Puro: promueven ambientes libres de humo para mejorar la salud\"}]},{\"@type\":\"WebSite\",\"@id\":\"https:\\\/\\\/patagoniambiental.com.ar\\\/info\\\/#website\",\"url\":\"https:\\\/\\\/patagoniambiental.com.ar\\\/info\\\/\",\"name\":\"Patagonia Ambiental\",\"description\":\"Monitoreo y an\u00e1lisis de la situaci\u00f3n geopol\u00edtica en el mundo y su implicancia en la Patagonia\",\"publisher\":{\"@id\":\"https:\\\/\\\/patagoniambiental.com.ar\\\/info\\\/#organization\"},\"potentialAction\":[{\"@type\":\"SearchAction\",\"target\":{\"@type\":\"EntryPoint\",\"urlTemplate\":\"https:\\\/\\\/patagoniambiental.com.ar\\\/info\\\/?s={search_term_string}\"},\"query-input\":{\"@type\":\"PropertyValueSpecification\",\"valueRequired\":true,\"valueName\":\"search_term_string\"}}],\"inLanguage\":\"es\"},{\"@type\":\"Organization\",\"@id\":\"https:\\\/\\\/patagoniambiental.com.ar\\\/info\\\/#organization\",\"name\":\"Patagonia Ambiental\",\"url\":\"https:\\\/\\\/patagoniambiental.com.ar\\\/info\\\/\",\"logo\":{\"@type\":\"ImageObject\",\"inLanguage\":\"es\",\"@id\":\"https:\\\/\\\/patagoniambiental.com.ar\\\/info\\\/#\\\/schema\\\/logo\\\/image\\\/\",\"url\":\"https:\\\/\\\/patagoniambiental.com.ar\\\/info\\\/wp-content\\\/uploads\\\/2025\\\/05\\\/LOGO-PATAGONIA-AMBIENTAL.png\",\"contentUrl\":\"https:\\\/\\\/patagoniambiental.com.ar\\\/info\\\/wp-content\\\/uploads\\\/2025\\\/05\\\/LOGO-PATAGONIA-AMBIENTAL.png\",\"width\":433,\"height\":250,\"caption\":\"Patagonia Ambiental\"},\"image\":{\"@id\":\"https:\\\/\\\/patagoniambiental.com.ar\\\/info\\\/#\\\/schema\\\/logo\\\/image\\\/\"},\"sameAs\":[\"https:\\\/\\\/www.facebook.com\\\/patagonia.ambiental\",\"https:\\\/\\\/x.com\\\/PatAmb\"]},{\"@type\":\"Person\",\"@id\":\"https:\\\/\\\/patagoniambiental.com.ar\\\/info\\\/#\\\/schema\\\/person\\\/db12bff64bbcbf6a253710bf0ea37b5d\",\"name\":\"Patagonia Ambiental\",\"description\":\"Andr\u00e9s Nievas T\u00e9cnico en manejo ambiental, consultor Ambiental y escritor para medios locales e internacionales sobre temas de geopolitica y medio ambiente.\",\"sameAs\":[\"http:\\\/\\\/www.patagoniambiental.com.ar\",\"https:\\\/\\\/www.facebook.com\\\/share\\\/1C1V8Gv9BX\\\/?mibextid=qi2Omg\",\"@patagoniambiental\",\"https:\\\/\\\/youtube.com\\\/@patagoniaambiental2023?si=BLt58t0wuXquxlYZ\"]}]}<\/script>\n<!-- \/ Yoast SEO Premium plugin. -->","yoast_head_json":{"title":"D\u00eda Mundial del Aire Puro: promueven ambientes libres de humo para mejorar la salud","description":"Cada tercer jueves de noviembre se conmemora el D\u00eda Mundial del Aire Puro, una fecha instituida por la Organizaci\u00f3n Mundial de la Salud (OMS) en 1977, con el objetivo de sensibilizar a la poblaci\u00f3n sobre la creciente contaminaci\u00f3n del aire y sus consecuencias para la salud y el medio ambiente.","robots":{"index":"index","follow":"follow","max-snippet":"max-snippet:-1","max-image-preview":"max-image-preview:large","max-video-preview":"max-video-preview:-1"},"canonical":"https:\/\/patagoniambiental.com.ar\/info\/dia-mundial-del-aire-puro-promueven-ambientes-libres-de-humo-para-mejorar-la-salud\/","og_locale":"es_ES","og_type":"article","og_title":"D\u00eda Mundial del Aire Puro: promueven ambientes libres de humo para mejorar la salud","og_description":"Cada tercer jueves de noviembre se conmemora el D\u00eda Mundial del Aire Puro, una fecha instituida por la Organizaci\u00f3n Mundial de la Salud (OMS) en 1977, con el objetivo de sensibilizar a la poblaci\u00f3n sobre la creciente contaminaci\u00f3n del aire y sus consecuencias para la salud y el medio ambiente.","og_url":"https:\/\/patagoniambiental.com.ar\/info\/dia-mundial-del-aire-puro-promueven-ambientes-libres-de-humo-para-mejorar-la-salud\/","og_site_name":"Patagonia Ambiental","article_publisher":"https:\/\/www.facebook.com\/patagonia.ambiental","article_author":"https:\/\/www.facebook.com\/share\/1C1V8Gv9BX\/?mibextid=qi2Omg","article_published_time":"2024-11-22T15:39:12+00:00","article_modified_time":"2025-05-04T19:18:56+00:00","og_image":[{"width":974,"height":520,"url":"https:\/\/patagoniambiental.com.ar\/info\/wp-content\/uploads\/2024\/11\/airelimpio.jpg","type":"image\/jpeg"}],"author":"Patagonia Ambiental","twitter_card":"summary_large_image","twitter_creator":"@PatAmb","twitter_site":"@PatAmb","schema":{"@context":"https:\/\/schema.org","@graph":[{"@type":"Article","@id":"https:\/\/patagoniambiental.com.ar\/info\/dia-mundial-del-aire-puro-promueven-ambientes-libres-de-humo-para-mejorar-la-salud\/#article","isPartOf":{"@id":"https:\/\/patagoniambiental.com.ar\/info\/dia-mundial-del-aire-puro-promueven-ambientes-libres-de-humo-para-mejorar-la-salud\/"},"author":{"name":"Patagonia Ambiental","@id":"https:\/\/patagoniambiental.com.ar\/info\/#\/schema\/person\/db12bff64bbcbf6a253710bf0ea37b5d"},"headline":"D\u00eda Mundial del Aire Puro: promueven ambientes libres de humo para mejorar la salud","datePublished":"2024-11-22T15:39:12+00:00","dateModified":"2025-05-04T19:18:56+00:00","mainEntityOfPage":{"@id":"https:\/\/patagoniambiental.com.ar\/info\/dia-mundial-del-aire-puro-promueven-ambientes-libres-de-humo-para-mejorar-la-salud\/"},"wordCount":849,"commentCount":0,"publisher":{"@id":"https:\/\/patagoniambiental.com.ar\/info\/#organization"},"image":{"@id":"https:\/\/patagoniambiental.com.ar\/info\/dia-mundial-del-aire-puro-promueven-ambientes-libres-de-humo-para-mejorar-la-salud\/#primaryimage"},"thumbnailUrl":"https:\/\/patagoniambiental.com.ar\/info\/wp-content\/uploads\/2024\/11\/airelimpio.jpg","articleSection":["Agenda Ambiental","Noticias","Provinciales","R\u00edo Negro"],"inLanguage":"es","potentialAction":[{"@type":"CommentAction","name":"Comment","target":["https:\/\/patagoniambiental.com.ar\/info\/dia-mundial-del-aire-puro-promueven-ambientes-libres-de-humo-para-mejorar-la-salud\/#respond"]}]},{"@type":"WebPage","@id":"https:\/\/patagoniambiental.com.ar\/info\/dia-mundial-del-aire-puro-promueven-ambientes-libres-de-humo-para-mejorar-la-salud\/","url":"https:\/\/patagoniambiental.com.ar\/info\/dia-mundial-del-aire-puro-promueven-ambientes-libres-de-humo-para-mejorar-la-salud\/","name":"D\u00eda Mundial del Aire Puro: promueven ambientes libres de humo para mejorar la salud","isPartOf":{"@id":"https:\/\/patagoniambiental.com.ar\/info\/#website"},"primaryImageOfPage":{"@id":"https:\/\/patagoniambiental.com.ar\/info\/dia-mundial-del-aire-puro-promueven-ambientes-libres-de-humo-para-mejorar-la-salud\/#primaryimage"},"image":{"@id":"https:\/\/patagoniambiental.com.ar\/info\/dia-mundial-del-aire-puro-promueven-ambientes-libres-de-humo-para-mejorar-la-salud\/#primaryimage"},"thumbnailUrl":"https:\/\/patagoniambiental.com.ar\/info\/wp-content\/uploads\/2024\/11\/airelimpio.jpg","datePublished":"2024-11-22T15:39:12+00:00","dateModified":"2025-05-04T19:18:56+00:00","description":"Cada tercer jueves de noviembre se conmemora el D\u00eda Mundial del Aire Puro, una fecha instituida por la Organizaci\u00f3n Mundial de la Salud (OMS) en 1977, con el objetivo de sensibilizar a la poblaci\u00f3n sobre la creciente contaminaci\u00f3n del aire y sus consecuencias para la salud y el medio ambiente.","breadcrumb":{"@id":"https:\/\/patagoniambiental.com.ar\/info\/dia-mundial-del-aire-puro-promueven-ambientes-libres-de-humo-para-mejorar-la-salud\/#breadcrumb"},"inLanguage":"es","potentialAction":[{"@type":"ReadAction","target":["https:\/\/patagoniambiental.com.ar\/info\/dia-mundial-del-aire-puro-promueven-ambientes-libres-de-humo-para-mejorar-la-salud\/"]}]},{"@type":"ImageObject","inLanguage":"es","@id":"https:\/\/patagoniambiental.com.ar\/info\/dia-mundial-del-aire-puro-promueven-ambientes-libres-de-humo-para-mejorar-la-salud\/#primaryimage","url":"https:\/\/patagoniambiental.com.ar\/info\/wp-content\/uploads\/2024\/11\/airelimpio.jpg","contentUrl":"https:\/\/patagoniambiental.com.ar\/info\/wp-content\/uploads\/2024\/11\/airelimpio.jpg","width":974,"height":520,"caption":"D\u00eda Mundial del Aire Puro"},{"@type":"BreadcrumbList","@id":"https:\/\/patagoniambiental.com.ar\/info\/dia-mundial-del-aire-puro-promueven-ambientes-libres-de-humo-para-mejorar-la-salud\/#breadcrumb","itemListElement":[{"@type":"ListItem","position":1,"name":"Inicio","item":"https:\/\/patagoniambiental.com.ar\/info\/"},{"@type":"ListItem","position":2,"name":"D\u00eda Mundial del Aire Puro: promueven ambientes libres de humo para mejorar la salud"}]},{"@type":"WebSite","@id":"https:\/\/patagoniambiental.com.ar\/info\/#website","url":"https:\/\/patagoniambiental.com.ar\/info\/","name":"Patagonia Ambiental","description":"Monitoreo y an\u00e1lisis de la situaci\u00f3n geopol\u00edtica en el mundo y su implicancia en la Patagonia","publisher":{"@id":"https:\/\/patagoniambiental.com.ar\/info\/#organization"},"potentialAction":[{"@type":"SearchAction","target":{"@type":"EntryPoint","urlTemplate":"https:\/\/patagoniambiental.com.ar\/info\/?s={search_term_string}"},"query-input":{"@type":"PropertyValueSpecification","valueRequired":true,"valueName":"search_term_string"}}],"inLanguage":"es"},{"@type":"Organization","@id":"https:\/\/patagoniambiental.com.ar\/info\/#organization","name":"Patagonia Ambiental","url":"https:\/\/patagoniambiental.com.ar\/info\/","logo":{"@type":"ImageObject","inLanguage":"es","@id":"https:\/\/patagoniambiental.com.ar\/info\/#\/schema\/logo\/image\/","url":"https:\/\/patagoniambiental.com.ar\/info\/wp-content\/uploads\/2025\/05\/LOGO-PATAGONIA-AMBIENTAL.png","contentUrl":"https:\/\/patagoniambiental.com.ar\/info\/wp-content\/uploads\/2025\/05\/LOGO-PATAGONIA-AMBIENTAL.png","width":433,"height":250,"caption":"Patagonia Ambiental"},"image":{"@id":"https:\/\/patagoniambiental.com.ar\/info\/#\/schema\/logo\/image\/"},"sameAs":["https:\/\/www.facebook.com\/patagonia.ambiental","https:\/\/x.com\/PatAmb"]},{"@type":"Person","@id":"https:\/\/patagoniambiental.com.ar\/info\/#\/schema\/person\/db12bff64bbcbf6a253710bf0ea37b5d","name":"Patagonia Ambiental","description":"Andr\u00e9s Nievas T\u00e9cnico en manejo ambiental, consultor Ambiental y escritor para medios locales e internacionales sobre temas de geopolitica y medio ambiente.","sameAs":["http:\/\/www.patagoniambiental.com.ar","https:\/\/www.facebook.com\/share\/1C1V8Gv9BX\/?mibextid=qi2Omg","@patagoniambiental","https:\/\/youtube.com\/@patagoniaambiental2023?si=BLt58t0wuXquxlYZ"]}]}},"_links":{"self":[{"href":"https:\/\/patagoniambiental.com.ar\/info\/wp-json\/wp\/v2\/posts\/91603","targetHints":{"allow":["GET"]}}],"collection":[{"href":"https:\/\/patagoniambiental.com.ar\/info\/wp-json\/wp\/v2\/posts"}],"about":[{"href":"https:\/\/patagoniambiental.com.ar\/info\/wp-json\/wp\/v2\/types\/post"}],"author":[{"embeddable":true,"href":"https:\/\/patagoniambiental.com.ar\/info\/wp-json\/wp\/v2\/users\/2"}],"replies":[{"embeddable":true,"href":"https:\/\/patagoniambiental.com.ar\/info\/wp-json\/wp\/v2\/comments?post=91603"}],"version-history":[{"count":0,"href":"https:\/\/patagoniambiental.com.ar\/info\/wp-json\/wp\/v2\/posts\/91603\/revisions"}],"wp:featuredmedia":[{"embeddable":true,"href":"https:\/\/patagoniambiental.com.ar\/info\/wp-json\/wp\/v2\/media\/91604"}],"wp:attachment":[{"href":"https:\/\/patagoniambiental.com.ar\/info\/wp-json\/wp\/v2\/media?parent=91603"}],"wp:term":[{"taxonomy":"category","embeddable":true,"href":"https:\/\/patagoniambiental.com.ar\/info\/wp-json\/wp\/v2\/categories?post=91603"},{"taxonomy":"post_tag","embeddable":true,"href":"https:\/\/patagoniambiental.com.ar\/info\/wp-json\/wp\/v2\/tags?post=91603"}],"curies":[{"name":"wp","href":"https:\/\/api.w.org\/{rel}","templated":true}]}}