{"id":91616,"date":"2024-11-25T08:44:00","date_gmt":"2024-11-25T11:44:00","guid":{"rendered":"https:\/\/patagoniambiental.com.ar\/info\/?p=91616"},"modified":"2025-05-04T16:18:51","modified_gmt":"2025-05-04T19:18:51","slug":"aves-y-naturaleza-encuentro-en-el-bosque-petrificado-de-valcheta","status":"publish","type":"post","link":"https:\/\/patagoniambiental.com.ar\/info\/aves-y-naturaleza-encuentro-en-el-bosque-petrificado-de-valcheta\/","title":{"rendered":"Aves y naturaleza: encuentro en el Bosque Petrificado de Valcheta"},"content":{"rendered":"\n<!--more-->\n\n\n\n<p><strong>Valcheta, R\u00edo Negro<\/strong>, 25 de noviembre de 2024. \u2013 Este fin de semana, el \u00c1rea Natural Protegida (ANP) Bosque Petrificado de Valcheta se convirti\u00f3 en el escenario perfecto para una jornada de <strong>observaci\u00f3n de aves<\/strong> y <strong>interpretaci\u00f3n ambiental<\/strong>. La actividad, organizada por la <strong>Secretar\u00eda de Ambiente y Cambio Clim\u00e1tico<\/strong> de la provincia de R\u00edo Negro, cont\u00f3 con la participaci\u00f3n activa de <strong>guardas ambientales<\/strong> y numerosos amantes de la naturaleza, quienes se unieron para explorar la rica biodiversidad de esta \u00e1rea protegida.<\/p>\n\n\n\n<p><a href=\"https:\/\/patagoniambiental.com.ar\/info\/la-unrn-coordina-el-plan-de-manejo-del-monumento-natural-bosque-petrificado-de-valcheta\/\">Noticia relacionada: La UNRN coordina el Plan de Manejo del Monumento Natural Bosque Petrificado de Valcheta<\/a><\/p>\n\n\n\n<p>La actividad comenz\u00f3 temprano en la ma\u00f1ana del s\u00e1bado, y estuvo dirigida por los <strong>guardas ambientales Ramiro Tolosa<\/strong> y <strong>Jonatan Ferrada<\/strong>, quienes guiaron a los participantes a trav\u00e9s de una caminata por el ANP. El objetivo principal fue fomentar la conexi\u00f3n con el entorno natural, mientras los asistentes aprend\u00edan a identificar diferentes especies de aves con el uso de herramientas especializadas, como gu\u00edas de campo y binoculares.<\/p>\n\n\n\n<h2 class=\"wp-block-heading\" id=\"h-un-dia-de-observacion-y-descubrimiento\">Un d\u00eda de observaci\u00f3n y descubrimiento<\/h2>\n\n\n\n<p>La jornada result\u00f3 ser una experiencia \u00fanica para los participantes, quienes lograron identificar un total de <strong>33 especies diferentes de aves<\/strong> en su h\u00e1bitat natural. Entre las especies observadas, se destacaron aves locales que habitan el <strong>Bosque Petrificado de Valcheta<\/strong>, un lugar reconocido no solo por su relevancia geol\u00f3gica, sino tambi\u00e9n por la diversidad de flora y fauna que alberga. Esta actividad no solo sirvi\u00f3 para educar sobre la biodiversidad local, sino tambi\u00e9n para sensibilizar sobre la importancia de la conservaci\u00f3n de estos ecosistemas.<\/p>\n\n\n\n<p><a href=\"https:\/\/patagoniambiental.com.ar\/info\/turismo-de-rio-negro-se-solidarizo-por-lo-ocurrido-en-el-bosque-petrificado-de-valcheta\/\">Noticia relacionada: Turismo de R\u00edo Negro se solidariz\u00f3 por lo ocurrido en el Bosque Petrificado de Valcheta<\/a><\/p>\n\n\n\n<p>El <strong>Bosque Petrificado de Valcheta<\/strong>, ubicado a tan solo unos kil\u00f3metros del centro de la localidad de Valcheta, es uno de los patrimonios naturales m\u00e1s destacados de R\u00edo Negro. Con una superficie de 625 hect\u00e1reas, el ANP alberga un importante patrimonio paleontol\u00f3gico que data de hace <strong>62 millones de a\u00f1os<\/strong>, cuando los restos de antiguos bosques tropicales quedaron fosilizados. Este espacio es clave para la preservaci\u00f3n de la historia geol\u00f3gica de la regi\u00f3n y se ha convertido en un destino tur\u00edstico educativo, atrayendo a cient\u00edficos, naturalistas y turistas de todo el mundo interesados en su singular biodiversidad y geolog\u00eda.<\/p>\n\n\n\n<h2 class=\"wp-block-heading\" id=\"h-fomentando-la-educacion-ambiental-y-la-conciencia-ecologica\">Fomentando la Educaci\u00f3n Ambiental y la Conciencia Ecol\u00f3gica<\/h2>\n\n\n\n<p>Los organizadores del evento destacaron el entusiasmo de los asistentes y resaltaron la importancia de llevar a cabo este tipo de actividades. Seg\u00fan los guardas ambientales, encuentros como este permiten no solo fortalecer el v\u00ednculo entre las personas y su entorno, sino tambi\u00e9n crear una comunidad m\u00e1s consciente y comprometida con la conservaci\u00f3n del medio ambiente. \u00abEs fundamental educar y sensibilizar a la poblaci\u00f3n sobre la importancia de proteger estos lugares, que no solo son patrimonio natural, sino tambi\u00e9n un refugio para una gran cantidad de especies de flora y fauna\u00bb, coment\u00f3 Ramiro Tolosa, uno de los gu\u00edas del evento.<\/p>\n\n\n\n<p>Adem\u00e1s de ser un evento de observaci\u00f3n de aves, la actividad en el Bosque Petrificado de Valcheta cumpli\u00f3 con el objetivo de promover el <strong>turismo sostenible<\/strong> y el respeto por los espacios naturales, destacando la importancia de preservar estos h\u00e1bitats para las futuras generaciones.<\/p>\n\n\n\n<p><a href=\"https:\/\/patagoniambiental.com.ar\/info\/recorriendo-las-areas-naturales-protegidas-de-rio-negro-bosque-petrificado-de-valcheta\/\">Noticia relacionada: Recorriendo las \u00c1reas Naturales Protegidas de R\u00edo Negro: Bosque Petrificado de Valcheta<\/a><\/p>\n\n\n\n<h2 class=\"wp-block-heading\" id=\"h-un-tesoro-natural-de-valor-global\">Un tesoro natural de valor global<\/h2>\n\n\n\n<p>El Bosque Petrificado de Valcheta no solo es un sitio clave para la biodiversidad, sino tambi\u00e9n un valioso recurso educativo y cient\u00edfico. Los f\u00f3siles de antiguos \u00e1rboles tropicales y la rica historia geol\u00f3gica de la regi\u00f3n hacen de este lugar un destino ideal para quienes buscan comprender m\u00e1s sobre la evoluci\u00f3n de la Tierra. Adem\u00e1s, su conservaci\u00f3n es esencial para el equilibrio ecol\u00f3gico de la regi\u00f3n y para la protecci\u00f3n de las especies que habitan all\u00ed.<\/p>\n\n\n\n<p>Con actividades como la observaci\u00f3n de aves, la Secretar\u00eda de Ambiente y Cambio Clim\u00e1tico contin\u00faa consolidando su compromiso con la educaci\u00f3n ambiental y la preservaci\u00f3n de los recursos naturales en R\u00edo Negro, al tiempo que promueve el disfrute responsable de estos espacios \u00fanicos.<\/p>\n\n\n\n<h2 class=\"wp-block-heading\" id=\"h-un-futuro-mas-verde-y-conectado\">Un futuro m\u00e1s verde y conectado<\/h2>\n\n\n\n<p>Este tipo de iniciativas refuerzan el papel de las \u00e1reas naturales protegidas no solo como sitios de conservaci\u00f3n, sino como espacios educativos que fomentan la conexi\u00f3n directa entre las personas y la naturaleza. La participaci\u00f3n activa de la comunidad, as\u00ed como el apoyo a las actividades de sensibilizaci\u00f3n, son fundamentales para garantizar la preservaci\u00f3n de estos valiosos ecosistemas para las generaciones futuras.<\/p>\n\n\n\n<p>El <strong>Bosque Petrificado de Valcheta<\/strong> sigue siendo un ejemplo de c\u00f3mo la conservaci\u00f3n de la naturaleza y la educaci\u00f3n ambiental pueden ir de la mano, ofreciendo tanto a locales como a turistas una oportunidad invaluable para aprender, disfrutar y, sobre todo, respetar el entorno natural que nos rodea.<\/p>\n\n\n\n<p><\/p>\n","protected":false},"excerpt":{"rendered":"","protected":false},"author":2,"featured_media":91617,"comment_status":"open","ping_status":"open","sticky":false,"template":"","format":"standard","meta":{"site-sidebar-layout":"default","site-content-layout":"","ast-site-content-layout":"default","site-content-style":"default","site-sidebar-style":"default","ast-global-header-display":"","ast-banner-title-visibility":"","ast-main-header-display":"","ast-hfb-above-header-display":"","ast-hfb-below-header-display":"","ast-hfb-mobile-header-display":"","site-post-title":"","ast-breadcrumbs-content":"","ast-featured-img":"","footer-sml-layout":"","ast-disable-related-posts":"","theme-transparent-header-meta":"","adv-header-id-meta":"","stick-header-meta":"","header-above-stick-meta":"","header-main-stick-meta":"","header-below-stick-meta":"","astra-migrate-meta-layouts":"default","ast-page-background-enabled":"default","ast-page-background-meta":{"desktop":{"background-color":"var(--ast-global-color-5)","background-image":"","background-repeat":"repeat","background-position":"center center","background-size":"auto","background-attachment":"scroll","background-type":"","background-media":"","overlay-type":"","overlay-color":"","overlay-opacity":"","overlay-gradient":""},"tablet":{"background-color":"","background-image":"","background-repeat":"repeat","background-position":"center center","background-size":"auto","background-attachment":"scroll","background-type":"","background-media":"","overlay-type":"","overlay-color":"","overlay-opacity":"","overlay-gradient":""},"mobile":{"background-color":"","background-image":"","background-repeat":"repeat","background-position":"center center","background-size":"auto","background-attachment":"scroll","background-type":"","background-media":"","overlay-type":"","overlay-color":"","overlay-opacity":"","overlay-gradient":""}},"ast-content-background-meta":{"desktop":{"background-color":"var(--ast-global-color-4)","background-image":"","background-repeat":"repeat","background-position":"center center","background-size":"auto","background-attachment":"scroll","background-type":"","background-media":"","overlay-type":"","overlay-color":"","overlay-opacity":"","overlay-gradient":""},"tablet":{"background-color":"var(--ast-global-color-4)","background-image":"","background-repeat":"repeat","background-position":"center center","background-size":"auto","background-attachment":"scroll","background-type":"","background-media":"","overlay-type":"","overlay-color":"","overlay-opacity":"","overlay-gradient":""},"mobile":{"background-color":"var(--ast-global-color-4)","background-image":"","background-repeat":"repeat","background-position":"center center","background-size":"auto","background-attachment":"scroll","background-type":"","background-media":"","overlay-type":"","overlay-color":"","overlay-opacity":"","overlay-gradient":""}},"footnotes":""},"categories":[1,13,14],"tags":[],"class_list":["post-91616","post","type-post","status-publish","format-standard","has-post-thumbnail","hentry","category-noticias","category-provinciales","category-rio-negro"],"yoast_head":"<!-- This site is optimized with the Yoast SEO Premium plugin v23.0 (Yoast SEO v27.5) - https:\/\/yoast.com\/product\/yoast-seo-premium-wordpress\/ -->\n<title>Aves y naturaleza: encuentro en el Bosque Petrificado de Valcheta<\/title>\n<meta name=\"description\" content=\"Este fin de semana, el \u00c1rea Natural Protegida (ANP) Bosque Petrificado de Valcheta se convirti\u00f3 en el escenario perfecto para una jornada de observaci\u00f3n de aves y interpretaci\u00f3n ambiental.\" \/>\n<meta name=\"robots\" content=\"index, follow, max-snippet:-1, max-image-preview:large, max-video-preview:-1\" \/>\n<link rel=\"canonical\" href=\"https:\/\/patagoniambiental.com.ar\/info\/aves-y-naturaleza-encuentro-en-el-bosque-petrificado-de-valcheta\/\" \/>\n<meta property=\"og:locale\" content=\"es_ES\" \/>\n<meta property=\"og:type\" content=\"article\" \/>\n<meta property=\"og:title\" content=\"Aves y naturaleza: encuentro en el Bosque Petrificado de Valcheta\" \/>\n<meta property=\"og:description\" content=\"Este fin de semana, el \u00c1rea Natural Protegida (ANP) Bosque Petrificado de Valcheta se convirti\u00f3 en el escenario perfecto para una jornada de observaci\u00f3n de aves y interpretaci\u00f3n ambiental.\" \/>\n<meta property=\"og:url\" content=\"https:\/\/patagoniambiental.com.ar\/info\/aves-y-naturaleza-encuentro-en-el-bosque-petrificado-de-valcheta\/\" \/>\n<meta property=\"og:site_name\" content=\"Patagonia Ambiental\" \/>\n<meta property=\"article:publisher\" content=\"https:\/\/www.facebook.com\/patagonia.ambiental\" \/>\n<meta property=\"article:author\" content=\"https:\/\/www.facebook.com\/share\/1C1V8Gv9BX\/?mibextid=qi2Omg\" \/>\n<meta property=\"article:published_time\" content=\"2024-11-25T11:44:00+00:00\" \/>\n<meta property=\"article:modified_time\" content=\"2025-05-04T19:18:51+00:00\" \/>\n<meta property=\"og:image\" content=\"https:\/\/patagoniambiental.com.ar\/info\/wp-content\/uploads\/2024\/11\/345.jpg\" \/>\n\t<meta property=\"og:image:width\" content=\"980\" \/>\n\t<meta property=\"og:image:height\" content=\"510\" \/>\n\t<meta property=\"og:image:type\" content=\"image\/jpeg\" \/>\n<meta name=\"author\" content=\"Patagonia Ambiental\" \/>\n<meta name=\"twitter:card\" content=\"summary_large_image\" \/>\n<meta name=\"twitter:creator\" content=\"@PatAmb\" \/>\n<meta name=\"twitter:site\" content=\"@PatAmb\" \/>\n<script type=\"application\/ld+json\" class=\"yoast-schema-graph\">{\"@context\":\"https:\\\/\\\/schema.org\",\"@graph\":[{\"@type\":\"Article\",\"@id\":\"https:\\\/\\\/patagoniambiental.com.ar\\\/info\\\/aves-y-naturaleza-encuentro-en-el-bosque-petrificado-de-valcheta\\\/#article\",\"isPartOf\":{\"@id\":\"https:\\\/\\\/patagoniambiental.com.ar\\\/info\\\/aves-y-naturaleza-encuentro-en-el-bosque-petrificado-de-valcheta\\\/\"},\"author\":{\"name\":\"Patagonia Ambiental\",\"@id\":\"https:\\\/\\\/patagoniambiental.com.ar\\\/info\\\/#\\\/schema\\\/person\\\/db12bff64bbcbf6a253710bf0ea37b5d\"},\"headline\":\"Aves y naturaleza: encuentro en el Bosque Petrificado de Valcheta\",\"datePublished\":\"2024-11-25T11:44:00+00:00\",\"dateModified\":\"2025-05-04T19:18:51+00:00\",\"mainEntityOfPage\":{\"@id\":\"https:\\\/\\\/patagoniambiental.com.ar\\\/info\\\/aves-y-naturaleza-encuentro-en-el-bosque-petrificado-de-valcheta\\\/\"},\"wordCount\":856,\"commentCount\":0,\"publisher\":{\"@id\":\"https:\\\/\\\/patagoniambiental.com.ar\\\/info\\\/#organization\"},\"image\":{\"@id\":\"https:\\\/\\\/patagoniambiental.com.ar\\\/info\\\/aves-y-naturaleza-encuentro-en-el-bosque-petrificado-de-valcheta\\\/#primaryimage\"},\"thumbnailUrl\":\"https:\\\/\\\/patagoniambiental.com.ar\\\/info\\\/wp-content\\\/uploads\\\/2024\\\/11\\\/345.jpg\",\"articleSection\":[\"Noticias\",\"Provinciales\",\"R\u00edo Negro\"],\"inLanguage\":\"es\",\"potentialAction\":[{\"@type\":\"CommentAction\",\"name\":\"Comment\",\"target\":[\"https:\\\/\\\/patagoniambiental.com.ar\\\/info\\\/aves-y-naturaleza-encuentro-en-el-bosque-petrificado-de-valcheta\\\/#respond\"]}]},{\"@type\":\"WebPage\",\"@id\":\"https:\\\/\\\/patagoniambiental.com.ar\\\/info\\\/aves-y-naturaleza-encuentro-en-el-bosque-petrificado-de-valcheta\\\/\",\"url\":\"https:\\\/\\\/patagoniambiental.com.ar\\\/info\\\/aves-y-naturaleza-encuentro-en-el-bosque-petrificado-de-valcheta\\\/\",\"name\":\"Aves y naturaleza: encuentro en el Bosque Petrificado de Valcheta\",\"isPartOf\":{\"@id\":\"https:\\\/\\\/patagoniambiental.com.ar\\\/info\\\/#website\"},\"primaryImageOfPage\":{\"@id\":\"https:\\\/\\\/patagoniambiental.com.ar\\\/info\\\/aves-y-naturaleza-encuentro-en-el-bosque-petrificado-de-valcheta\\\/#primaryimage\"},\"image\":{\"@id\":\"https:\\\/\\\/patagoniambiental.com.ar\\\/info\\\/aves-y-naturaleza-encuentro-en-el-bosque-petrificado-de-valcheta\\\/#primaryimage\"},\"thumbnailUrl\":\"https:\\\/\\\/patagoniambiental.com.ar\\\/info\\\/wp-content\\\/uploads\\\/2024\\\/11\\\/345.jpg\",\"datePublished\":\"2024-11-25T11:44:00+00:00\",\"dateModified\":\"2025-05-04T19:18:51+00:00\",\"description\":\"Este fin de semana, el \u00c1rea Natural Protegida (ANP) Bosque Petrificado de Valcheta se convirti\u00f3 en el escenario perfecto para una jornada de observaci\u00f3n de aves y interpretaci\u00f3n ambiental.\",\"breadcrumb\":{\"@id\":\"https:\\\/\\\/patagoniambiental.com.ar\\\/info\\\/aves-y-naturaleza-encuentro-en-el-bosque-petrificado-de-valcheta\\\/#breadcrumb\"},\"inLanguage\":\"es\",\"potentialAction\":[{\"@type\":\"ReadAction\",\"target\":[\"https:\\\/\\\/patagoniambiental.com.ar\\\/info\\\/aves-y-naturaleza-encuentro-en-el-bosque-petrificado-de-valcheta\\\/\"]}]},{\"@type\":\"ImageObject\",\"inLanguage\":\"es\",\"@id\":\"https:\\\/\\\/patagoniambiental.com.ar\\\/info\\\/aves-y-naturaleza-encuentro-en-el-bosque-petrificado-de-valcheta\\\/#primaryimage\",\"url\":\"https:\\\/\\\/patagoniambiental.com.ar\\\/info\\\/wp-content\\\/uploads\\\/2024\\\/11\\\/345.jpg\",\"contentUrl\":\"https:\\\/\\\/patagoniambiental.com.ar\\\/info\\\/wp-content\\\/uploads\\\/2024\\\/11\\\/345.jpg\",\"width\":980,\"height\":510},{\"@type\":\"BreadcrumbList\",\"@id\":\"https:\\\/\\\/patagoniambiental.com.ar\\\/info\\\/aves-y-naturaleza-encuentro-en-el-bosque-petrificado-de-valcheta\\\/#breadcrumb\",\"itemListElement\":[{\"@type\":\"ListItem\",\"position\":1,\"name\":\"Inicio\",\"item\":\"https:\\\/\\\/patagoniambiental.com.ar\\\/info\\\/\"},{\"@type\":\"ListItem\",\"position\":2,\"name\":\"Aves y naturaleza: encuentro en el Bosque Petrificado de Valcheta\"}]},{\"@type\":\"WebSite\",\"@id\":\"https:\\\/\\\/patagoniambiental.com.ar\\\/info\\\/#website\",\"url\":\"https:\\\/\\\/patagoniambiental.com.ar\\\/info\\\/\",\"name\":\"Patagonia Ambiental\",\"description\":\"Monitoreo y an\u00e1lisis de la situaci\u00f3n geopol\u00edtica en el mundo y su implicancia en la Patagonia\",\"publisher\":{\"@id\":\"https:\\\/\\\/patagoniambiental.com.ar\\\/info\\\/#organization\"},\"potentialAction\":[{\"@type\":\"SearchAction\",\"target\":{\"@type\":\"EntryPoint\",\"urlTemplate\":\"https:\\\/\\\/patagoniambiental.com.ar\\\/info\\\/?s={search_term_string}\"},\"query-input\":{\"@type\":\"PropertyValueSpecification\",\"valueRequired\":true,\"valueName\":\"search_term_string\"}}],\"inLanguage\":\"es\"},{\"@type\":\"Organization\",\"@id\":\"https:\\\/\\\/patagoniambiental.com.ar\\\/info\\\/#organization\",\"name\":\"Patagonia Ambiental\",\"url\":\"https:\\\/\\\/patagoniambiental.com.ar\\\/info\\\/\",\"logo\":{\"@type\":\"ImageObject\",\"inLanguage\":\"es\",\"@id\":\"https:\\\/\\\/patagoniambiental.com.ar\\\/info\\\/#\\\/schema\\\/logo\\\/image\\\/\",\"url\":\"https:\\\/\\\/patagoniambiental.com.ar\\\/info\\\/wp-content\\\/uploads\\\/2025\\\/05\\\/LOGO-PATAGONIA-AMBIENTAL.png\",\"contentUrl\":\"https:\\\/\\\/patagoniambiental.com.ar\\\/info\\\/wp-content\\\/uploads\\\/2025\\\/05\\\/LOGO-PATAGONIA-AMBIENTAL.png\",\"width\":433,\"height\":250,\"caption\":\"Patagonia Ambiental\"},\"image\":{\"@id\":\"https:\\\/\\\/patagoniambiental.com.ar\\\/info\\\/#\\\/schema\\\/logo\\\/image\\\/\"},\"sameAs\":[\"https:\\\/\\\/www.facebook.com\\\/patagonia.ambiental\",\"https:\\\/\\\/x.com\\\/PatAmb\"]},{\"@type\":\"Person\",\"@id\":\"https:\\\/\\\/patagoniambiental.com.ar\\\/info\\\/#\\\/schema\\\/person\\\/db12bff64bbcbf6a253710bf0ea37b5d\",\"name\":\"Patagonia Ambiental\",\"description\":\"Andr\u00e9s Nievas T\u00e9cnico en manejo ambiental, consultor Ambiental y escritor para medios locales e internacionales sobre temas de geopolitica y medio ambiente.\",\"sameAs\":[\"http:\\\/\\\/www.patagoniambiental.com.ar\",\"https:\\\/\\\/www.facebook.com\\\/share\\\/1C1V8Gv9BX\\\/?mibextid=qi2Omg\",\"@patagoniambiental\",\"https:\\\/\\\/youtube.com\\\/@patagoniaambiental2023?si=BLt58t0wuXquxlYZ\"]}]}<\/script>\n<!-- \/ Yoast SEO Premium plugin. -->","yoast_head_json":{"title":"Aves y naturaleza: encuentro en el Bosque Petrificado de Valcheta","description":"Este fin de semana, el \u00c1rea Natural Protegida (ANP) Bosque Petrificado de Valcheta se convirti\u00f3 en el escenario perfecto para una jornada de observaci\u00f3n de aves y interpretaci\u00f3n ambiental.","robots":{"index":"index","follow":"follow","max-snippet":"max-snippet:-1","max-image-preview":"max-image-preview:large","max-video-preview":"max-video-preview:-1"},"canonical":"https:\/\/patagoniambiental.com.ar\/info\/aves-y-naturaleza-encuentro-en-el-bosque-petrificado-de-valcheta\/","og_locale":"es_ES","og_type":"article","og_title":"Aves y naturaleza: encuentro en el Bosque Petrificado de Valcheta","og_description":"Este fin de semana, el \u00c1rea Natural Protegida (ANP) Bosque Petrificado de Valcheta se convirti\u00f3 en el escenario perfecto para una jornada de observaci\u00f3n de aves y interpretaci\u00f3n ambiental.","og_url":"https:\/\/patagoniambiental.com.ar\/info\/aves-y-naturaleza-encuentro-en-el-bosque-petrificado-de-valcheta\/","og_site_name":"Patagonia Ambiental","article_publisher":"https:\/\/www.facebook.com\/patagonia.ambiental","article_author":"https:\/\/www.facebook.com\/share\/1C1V8Gv9BX\/?mibextid=qi2Omg","article_published_time":"2024-11-25T11:44:00+00:00","article_modified_time":"2025-05-04T19:18:51+00:00","og_image":[{"width":980,"height":510,"url":"https:\/\/patagoniambiental.com.ar\/info\/wp-content\/uploads\/2024\/11\/345.jpg","type":"image\/jpeg"}],"author":"Patagonia Ambiental","twitter_card":"summary_large_image","twitter_creator":"@PatAmb","twitter_site":"@PatAmb","schema":{"@context":"https:\/\/schema.org","@graph":[{"@type":"Article","@id":"https:\/\/patagoniambiental.com.ar\/info\/aves-y-naturaleza-encuentro-en-el-bosque-petrificado-de-valcheta\/#article","isPartOf":{"@id":"https:\/\/patagoniambiental.com.ar\/info\/aves-y-naturaleza-encuentro-en-el-bosque-petrificado-de-valcheta\/"},"author":{"name":"Patagonia Ambiental","@id":"https:\/\/patagoniambiental.com.ar\/info\/#\/schema\/person\/db12bff64bbcbf6a253710bf0ea37b5d"},"headline":"Aves y naturaleza: encuentro en el Bosque Petrificado de Valcheta","datePublished":"2024-11-25T11:44:00+00:00","dateModified":"2025-05-04T19:18:51+00:00","mainEntityOfPage":{"@id":"https:\/\/patagoniambiental.com.ar\/info\/aves-y-naturaleza-encuentro-en-el-bosque-petrificado-de-valcheta\/"},"wordCount":856,"commentCount":0,"publisher":{"@id":"https:\/\/patagoniambiental.com.ar\/info\/#organization"},"image":{"@id":"https:\/\/patagoniambiental.com.ar\/info\/aves-y-naturaleza-encuentro-en-el-bosque-petrificado-de-valcheta\/#primaryimage"},"thumbnailUrl":"https:\/\/patagoniambiental.com.ar\/info\/wp-content\/uploads\/2024\/11\/345.jpg","articleSection":["Noticias","Provinciales","R\u00edo Negro"],"inLanguage":"es","potentialAction":[{"@type":"CommentAction","name":"Comment","target":["https:\/\/patagoniambiental.com.ar\/info\/aves-y-naturaleza-encuentro-en-el-bosque-petrificado-de-valcheta\/#respond"]}]},{"@type":"WebPage","@id":"https:\/\/patagoniambiental.com.ar\/info\/aves-y-naturaleza-encuentro-en-el-bosque-petrificado-de-valcheta\/","url":"https:\/\/patagoniambiental.com.ar\/info\/aves-y-naturaleza-encuentro-en-el-bosque-petrificado-de-valcheta\/","name":"Aves y naturaleza: encuentro en el Bosque Petrificado de Valcheta","isPartOf":{"@id":"https:\/\/patagoniambiental.com.ar\/info\/#website"},"primaryImageOfPage":{"@id":"https:\/\/patagoniambiental.com.ar\/info\/aves-y-naturaleza-encuentro-en-el-bosque-petrificado-de-valcheta\/#primaryimage"},"image":{"@id":"https:\/\/patagoniambiental.com.ar\/info\/aves-y-naturaleza-encuentro-en-el-bosque-petrificado-de-valcheta\/#primaryimage"},"thumbnailUrl":"https:\/\/patagoniambiental.com.ar\/info\/wp-content\/uploads\/2024\/11\/345.jpg","datePublished":"2024-11-25T11:44:00+00:00","dateModified":"2025-05-04T19:18:51+00:00","description":"Este fin de semana, el \u00c1rea Natural Protegida (ANP) Bosque Petrificado de Valcheta se convirti\u00f3 en el escenario perfecto para una jornada de observaci\u00f3n de aves y interpretaci\u00f3n ambiental.","breadcrumb":{"@id":"https:\/\/patagoniambiental.com.ar\/info\/aves-y-naturaleza-encuentro-en-el-bosque-petrificado-de-valcheta\/#breadcrumb"},"inLanguage":"es","potentialAction":[{"@type":"ReadAction","target":["https:\/\/patagoniambiental.com.ar\/info\/aves-y-naturaleza-encuentro-en-el-bosque-petrificado-de-valcheta\/"]}]},{"@type":"ImageObject","inLanguage":"es","@id":"https:\/\/patagoniambiental.com.ar\/info\/aves-y-naturaleza-encuentro-en-el-bosque-petrificado-de-valcheta\/#primaryimage","url":"https:\/\/patagoniambiental.com.ar\/info\/wp-content\/uploads\/2024\/11\/345.jpg","contentUrl":"https:\/\/patagoniambiental.com.ar\/info\/wp-content\/uploads\/2024\/11\/345.jpg","width":980,"height":510},{"@type":"BreadcrumbList","@id":"https:\/\/patagoniambiental.com.ar\/info\/aves-y-naturaleza-encuentro-en-el-bosque-petrificado-de-valcheta\/#breadcrumb","itemListElement":[{"@type":"ListItem","position":1,"name":"Inicio","item":"https:\/\/patagoniambiental.com.ar\/info\/"},{"@type":"ListItem","position":2,"name":"Aves y naturaleza: encuentro en el Bosque Petrificado de Valcheta"}]},{"@type":"WebSite","@id":"https:\/\/patagoniambiental.com.ar\/info\/#website","url":"https:\/\/patagoniambiental.com.ar\/info\/","name":"Patagonia Ambiental","description":"Monitoreo y an\u00e1lisis de la situaci\u00f3n geopol\u00edtica en el mundo y su implicancia en la Patagonia","publisher":{"@id":"https:\/\/patagoniambiental.com.ar\/info\/#organization"},"potentialAction":[{"@type":"SearchAction","target":{"@type":"EntryPoint","urlTemplate":"https:\/\/patagoniambiental.com.ar\/info\/?s={search_term_string}"},"query-input":{"@type":"PropertyValueSpecification","valueRequired":true,"valueName":"search_term_string"}}],"inLanguage":"es"},{"@type":"Organization","@id":"https:\/\/patagoniambiental.com.ar\/info\/#organization","name":"Patagonia Ambiental","url":"https:\/\/patagoniambiental.com.ar\/info\/","logo":{"@type":"ImageObject","inLanguage":"es","@id":"https:\/\/patagoniambiental.com.ar\/info\/#\/schema\/logo\/image\/","url":"https:\/\/patagoniambiental.com.ar\/info\/wp-content\/uploads\/2025\/05\/LOGO-PATAGONIA-AMBIENTAL.png","contentUrl":"https:\/\/patagoniambiental.com.ar\/info\/wp-content\/uploads\/2025\/05\/LOGO-PATAGONIA-AMBIENTAL.png","width":433,"height":250,"caption":"Patagonia Ambiental"},"image":{"@id":"https:\/\/patagoniambiental.com.ar\/info\/#\/schema\/logo\/image\/"},"sameAs":["https:\/\/www.facebook.com\/patagonia.ambiental","https:\/\/x.com\/PatAmb"]},{"@type":"Person","@id":"https:\/\/patagoniambiental.com.ar\/info\/#\/schema\/person\/db12bff64bbcbf6a253710bf0ea37b5d","name":"Patagonia Ambiental","description":"Andr\u00e9s Nievas T\u00e9cnico en manejo ambiental, consultor Ambiental y escritor para medios locales e internacionales sobre temas de geopolitica y medio ambiente.","sameAs":["http:\/\/www.patagoniambiental.com.ar","https:\/\/www.facebook.com\/share\/1C1V8Gv9BX\/?mibextid=qi2Omg","@patagoniambiental","https:\/\/youtube.com\/@patagoniaambiental2023?si=BLt58t0wuXquxlYZ"]}]}},"_links":{"self":[{"href":"https:\/\/patagoniambiental.com.ar\/info\/wp-json\/wp\/v2\/posts\/91616","targetHints":{"allow":["GET"]}}],"collection":[{"href":"https:\/\/patagoniambiental.com.ar\/info\/wp-json\/wp\/v2\/posts"}],"about":[{"href":"https:\/\/patagoniambiental.com.ar\/info\/wp-json\/wp\/v2\/types\/post"}],"author":[{"embeddable":true,"href":"https:\/\/patagoniambiental.com.ar\/info\/wp-json\/wp\/v2\/users\/2"}],"replies":[{"embeddable":true,"href":"https:\/\/patagoniambiental.com.ar\/info\/wp-json\/wp\/v2\/comments?post=91616"}],"version-history":[{"count":0,"href":"https:\/\/patagoniambiental.com.ar\/info\/wp-json\/wp\/v2\/posts\/91616\/revisions"}],"wp:featuredmedia":[{"embeddable":true,"href":"https:\/\/patagoniambiental.com.ar\/info\/wp-json\/wp\/v2\/media\/91617"}],"wp:attachment":[{"href":"https:\/\/patagoniambiental.com.ar\/info\/wp-json\/wp\/v2\/media?parent=91616"}],"wp:term":[{"taxonomy":"category","embeddable":true,"href":"https:\/\/patagoniambiental.com.ar\/info\/wp-json\/wp\/v2\/categories?post=91616"},{"taxonomy":"post_tag","embeddable":true,"href":"https:\/\/patagoniambiental.com.ar\/info\/wp-json\/wp\/v2\/tags?post=91616"}],"curies":[{"name":"wp","href":"https:\/\/api.w.org\/{rel}","templated":true}]}}