{"id":91635,"date":"2024-11-27T11:23:00","date_gmt":"2024-11-27T14:23:00","guid":{"rendered":"https:\/\/patagoniambiental.com.ar\/info\/?p=91635"},"modified":"2025-05-04T16:18:47","modified_gmt":"2025-05-04T19:18:47","slug":"rio-negro-da-un-gran-paso-hacia-la-exportacion-de-gas-natural-licuado-con-golar-lng","status":"publish","type":"post","link":"https:\/\/patagoniambiental.com.ar\/info\/rio-negro-da-un-gran-paso-hacia-la-exportacion-de-gas-natural-licuado-con-golar-lng\/","title":{"rendered":"R\u00edo Negro da un gran paso hacia la exportaci\u00f3n de gas natural licuado con Golar LNG"},"content":{"rendered":"\n<!--more-->\n\n\n\n<p>Viedma, Provincia de Rio Negro, 27 de noviembre de 2024. El <a href=\"http:\/\/ww.rionegro.gov.ar\">Gobernador de R\u00edo Negro<\/a>, Alberto Weretilneck, recibi\u00f3 a altos representantes de la empresa <a href=\"https:\/\/www.golarlng.com\/\">Golar LNG<\/a>, una de las l\u00edderes globales en el sector de gas natural licuado (GNL). Durante el encuentro, se discuti\u00f3 el avance de un proyecto hist\u00f3rico para la provincia, que implica la instalaci\u00f3n del buque flotante de licuefacci\u00f3n \u00abHilli Episeyo\u00bb en el golfo San Mat\u00edas, una infraestructura clave que permitir\u00e1 a Argentina exportar gas natural a mercados internacionales.<\/p>\n\n\n\n<p><a href=\"https:\/\/patagoniambiental.com.ar\/info\/ultimos-dias-para-inscribirse-en-la-audiencia-publica-sobre-el-proyecto-de-gnl-en-rio-negro\/\">Noticia relacionada: \u00daltimos d\u00edas para inscribirse en la audiencia p\u00fablica sobre el proyecto de GNL en R\u00edo Negro<br><\/a><\/p>\n\n\n\n<p>Acompa\u00f1ado de la secretaria de Energ\u00eda y Ambiente, Andrea Confini, Weretilneck estuvo en reuni\u00f3n con el CEO de Golar LNG, Karl Fredrik Staubo; el Director Comercial, Federico Petersen, y el representante de la empresa en Argentina, Marcos Browne. Juntos repasaron los avances de la instalaci\u00f3n del buque que tiene como objetivo licuar y exportar 2,5 millones de toneladas de GNL anuales a partir de 2027.<\/p>\n\n\n\n<figure class=\"wp-block-image size-full\"><img fetchpriority=\"high\" decoding=\"async\" width=\"600\" height=\"321\" src=\"https:\/\/patagoniambiental.com.ar\/info\/wp-content\/uploads\/2024\/11\/barco-gnl.png\" alt=\"\" class=\"wp-image-91637\"\/><\/figure>\n\n\n\n<p><strong>Un proyecto de gran impacto para la econom\u00eda rionegrina<\/strong><\/p>\n\n\n\n<p>El Gobernador destac\u00f3 la importancia de esta inversi\u00f3n para la provincia, que marcar\u00e1 un hito en la industria energ\u00e9tica de la regi\u00f3n. \u00abEs un orgullo recibir en nuestra provincia a una empresa de la talla de Golar LNG, que ha apostado por R\u00edo Negro con una inversi\u00f3n significativa. Este proyecto no solo contribuir\u00e1 al desarrollo econ\u00f3mico, sino que tambi\u00e9n nos posicionar\u00e1 como un actor clave en la cadena global de energ\u00eda\u00bb, afirm\u00f3 Weretilneck.<\/p>\n\n\n\n<p><a href=\"https:\/\/patagoniambiental.com.ar\/info\/abiertas-las-inscripciones-para-la-audiencia-publica-del-proyecto-gnl-en-golfo-san-matias\/\">Noticia relacionada: Abiertas las inscripciones para la audiencia p\u00fablica del proyecto GNL en Golfo San Mat\u00edas<\/a><\/p>\n\n\n\n<p>El mandatario subray\u00f3 que la llegada de \u00abHilli Episeyo\u00bb tendr\u00e1 m\u00faltiples beneficios para la provincia. Entre ellos, la creaci\u00f3n de nuevos empleos, el impulso a la infraestructura local y la atracci\u00f3n de nuevas inversiones que potenciar\u00e1n el desarrollo regional.<\/p>\n\n\n\n<p>\u00abEste proyecto est\u00e1 alineado con la visi\u00f3n de hacer de R\u00edo Negro un hub energ\u00e9tico, y nuestra capacidad de exportaci\u00f3n contribuir\u00e1 al abastecimiento de energ\u00eda en todo el mundo, destacando el potencial de Argentina como proveedor global\u00bb, a\u00f1adi\u00f3 el Gobernador.<\/p>\n\n\n\n<p><strong>El compromiso de Golar LNG con el desarrollo sostenible<\/strong><\/p>\n\n\n\n<p>Desde la empresa, tambi\u00e9n se mostr\u00f3 un fuerte compromiso con la sostenibilidad y el desarrollo de la regi\u00f3n. Karl Fredrik Staubo, CEO de Golar LNG, destac\u00f3 que la compa\u00f1\u00eda se encuentra totalmente comprometida con el \u00e9xito del proyecto, que considera fundamental para la diversificaci\u00f3n y expansi\u00f3n de la industria energ\u00e9tica.<\/p>\n\n\n\n<p><a href=\"https:\/\/patagoniambiental.com.ar\/info\/rio-negro-se-prepara-para-convertirse-en-un-polo-de-gnl-sostenible\/\">Noticia relacionada:R\u00edo Negro se prepara para convertirse en un polo de GNL sostenible<\/a><\/p>\n\n\n\n<p>\u00abEsta inversi\u00f3n es solo el comienzo de una colaboraci\u00f3n que permitir\u00e1 a R\u00edo Negro posicionarse como un referente mundial en la exportaci\u00f3n de GNL. Con m\u00e1s de 50 a\u00f1os de experiencia, Golar LNG est\u00e1 comprometido con asegurar que esta iniciativa no solo sea exitosa, sino que tambi\u00e9n fomente un desarrollo energ\u00e9tico sostenible\u00bb, se\u00f1al\u00f3 Staubo.<\/p>\n\n\n\n<p>Golar LNG se ha consolidado como una empresa pionera en la construcci\u00f3n y operaci\u00f3n de plantas flotantes de licuefacci\u00f3n de gas natural, lo que le permite ofrecer soluciones innovadoras en el mercado global. Su experiencia y liderazgo en el sector asegurar\u00e1 el \u00e9xito de esta ambiciosa iniciativa, que no solo ser\u00e1 un motor de crecimiento econ\u00f3mico para la regi\u00f3n, sino que tambi\u00e9n reforzar\u00e1 la posici\u00f3n de Argentina como exportadora de recursos energ\u00e9ticos a nivel mundial.<\/p>\n\n\n\n<p><strong>Un futuro prometedor para R\u00edo Negro<\/strong><\/p>\n\n\n\n<p>Este avance refleja el potencial de R\u00edo Negro para convertirse en un actor clave en el suministro de energ\u00eda global, y es una muestra del inter\u00e9s de las empresas internacionales por invertir en la regi\u00f3n. El proyecto no solo tiene una gran proyecci\u00f3n econ\u00f3mica, sino que tambi\u00e9n representa una oportunidad para diversificar la matriz energ\u00e9tica del pa\u00eds, con el gas natural como una de las fuentes m\u00e1s demandadas en mercados internacionales.<\/p>\n\n\n\n<p>Con el apoyo de <a href=\"https:\/\/www.pan-energy.com\/\">Pan American Energy <\/a>y Golar LNG, R\u00edo Negro se posiciona como un punto estrat\u00e9gico para la exportaci\u00f3n de GNL, una industria en expansi\u00f3n que tiene un papel fundamental en la transici\u00f3n energ\u00e9tica global. Para el a\u00f1o 2027, se espera que las exportaciones alcanzar\u00e1n los 1.000 millones de d\u00f3lares anuales, un dato que resalta la magnitud de la inversi\u00f3n y las posibilidades de crecimiento econ\u00f3mico para la provincia.<\/p>\n\n\n\n<p>Este proyecto, que involucra tanto a actores p\u00fablicos como privados, ser\u00e1 un catalizador para el desarrollo de la infraestructura energ\u00e9tica y la creaci\u00f3n de empleos calificados, lo que repercutir\u00e1 positivamente en la calidad de vida de los habitantes de R\u00edo Negro. La provincia se prepara as\u00ed para ser parte de una de las mayores transformaciones en la industria energ\u00e9tica argentina y, a su vez, proyectarse como un referente en el suministro de energ\u00eda limpia y sostenible a nivel mundial.<\/p>\n","protected":false},"excerpt":{"rendered":"","protected":false},"author":2,"featured_media":91636,"comment_status":"open","ping_status":"open","sticky":false,"template":"","format":"standard","meta":{"site-sidebar-layout":"default","site-content-layout":"","ast-site-content-layout":"default","site-content-style":"default","site-sidebar-style":"default","ast-global-header-display":"","ast-banner-title-visibility":"","ast-main-header-display":"","ast-hfb-above-header-display":"","ast-hfb-below-header-display":"","ast-hfb-mobile-header-display":"","site-post-title":"","ast-breadcrumbs-content":"","ast-featured-img":"","footer-sml-layout":"","ast-disable-related-posts":"","theme-transparent-header-meta":"","adv-header-id-meta":"","stick-header-meta":"","header-above-stick-meta":"","header-main-stick-meta":"","header-below-stick-meta":"","astra-migrate-meta-layouts":"default","ast-page-background-enabled":"default","ast-page-background-meta":{"desktop":{"background-color":"var(--ast-global-color-5)","background-image":"","background-repeat":"repeat","background-position":"center center","background-size":"auto","background-attachment":"scroll","background-type":"","background-media":"","overlay-type":"","overlay-color":"","overlay-opacity":"","overlay-gradient":""},"tablet":{"background-color":"","background-image":"","background-repeat":"repeat","background-position":"center center","background-size":"auto","background-attachment":"scroll","background-type":"","background-media":"","overlay-type":"","overlay-color":"","overlay-opacity":"","overlay-gradient":""},"mobile":{"background-color":"","background-image":"","background-repeat":"repeat","background-position":"center center","background-size":"auto","background-attachment":"scroll","background-type":"","background-media":"","overlay-type":"","overlay-color":"","overlay-opacity":"","overlay-gradient":""}},"ast-content-background-meta":{"desktop":{"background-color":"var(--ast-global-color-4)","background-image":"","background-repeat":"repeat","background-position":"center center","background-size":"auto","background-attachment":"scroll","background-type":"","background-media":"","overlay-type":"","overlay-color":"","overlay-opacity":"","overlay-gradient":""},"tablet":{"background-color":"var(--ast-global-color-4)","background-image":"","background-repeat":"repeat","background-position":"center center","background-size":"auto","background-attachment":"scroll","background-type":"","background-media":"","overlay-type":"","overlay-color":"","overlay-opacity":"","overlay-gradient":""},"mobile":{"background-color":"var(--ast-global-color-4)","background-image":"","background-repeat":"repeat","background-position":"center center","background-size":"auto","background-attachment":"scroll","background-type":"","background-media":"","overlay-type":"","overlay-color":"","overlay-opacity":"","overlay-gradient":""}},"footnotes":""},"categories":[1,13,14],"tags":[],"class_list":["post-91635","post","type-post","status-publish","format-standard","has-post-thumbnail","hentry","category-noticias","category-provinciales","category-rio-negro"],"yoast_head":"<!-- This site is optimized with the Yoast SEO Premium plugin v23.0 (Yoast SEO v27.5) - https:\/\/yoast.com\/product\/yoast-seo-premium-wordpress\/ -->\n<title>R\u00edo Negro da un gran paso hacia la exportaci\u00f3n de gas natural licuado con Golar LNG<\/title>\n<meta name=\"description\" content=\"El Gobernador de R\u00edo Negro, Alberto Weretilneck, recibi\u00f3 a altos representantes de la empresa Golar LNG, una de las l\u00edderes globales en el sector de gas natural licuado (GNL).\" \/>\n<meta name=\"robots\" content=\"index, follow, max-snippet:-1, max-image-preview:large, max-video-preview:-1\" \/>\n<link rel=\"canonical\" href=\"https:\/\/patagoniambiental.com.ar\/info\/rio-negro-da-un-gran-paso-hacia-la-exportacion-de-gas-natural-licuado-con-golar-lng\/\" \/>\n<meta property=\"og:locale\" content=\"es_ES\" \/>\n<meta property=\"og:type\" content=\"article\" \/>\n<meta property=\"og:title\" content=\"R\u00edo Negro da un gran paso hacia la exportaci\u00f3n de gas natural licuado con Golar LNG\" \/>\n<meta property=\"og:description\" content=\"El Gobernador de R\u00edo Negro, Alberto Weretilneck, recibi\u00f3 a altos representantes de la empresa Golar LNG, una de las l\u00edderes globales en el sector de gas natural licuado (GNL).\" \/>\n<meta property=\"og:url\" content=\"https:\/\/patagoniambiental.com.ar\/info\/rio-negro-da-un-gran-paso-hacia-la-exportacion-de-gas-natural-licuado-con-golar-lng\/\" \/>\n<meta property=\"og:site_name\" content=\"Patagonia Ambiental\" \/>\n<meta property=\"article:publisher\" content=\"https:\/\/www.facebook.com\/patagonia.ambiental\" \/>\n<meta property=\"article:author\" content=\"https:\/\/www.facebook.com\/share\/1C1V8Gv9BX\/?mibextid=qi2Omg\" \/>\n<meta property=\"article:published_time\" content=\"2024-11-27T14:23:00+00:00\" \/>\n<meta property=\"article:modified_time\" content=\"2025-05-04T19:18:47+00:00\" \/>\n<meta property=\"og:image\" content=\"https:\/\/patagoniambiental.com.ar\/info\/wp-content\/uploads\/2024\/11\/gnl.jpg\" \/>\n\t<meta property=\"og:image:width\" content=\"964\" \/>\n\t<meta property=\"og:image:height\" content=\"527\" \/>\n\t<meta property=\"og:image:type\" content=\"image\/jpeg\" \/>\n<meta name=\"author\" content=\"Patagonia Ambiental\" \/>\n<meta name=\"twitter:card\" content=\"summary_large_image\" \/>\n<meta name=\"twitter:creator\" content=\"@PatAmb\" \/>\n<meta name=\"twitter:site\" content=\"@PatAmb\" \/>\n<script type=\"application\/ld+json\" class=\"yoast-schema-graph\">{\"@context\":\"https:\\\/\\\/schema.org\",\"@graph\":[{\"@type\":\"Article\",\"@id\":\"https:\\\/\\\/patagoniambiental.com.ar\\\/info\\\/rio-negro-da-un-gran-paso-hacia-la-exportacion-de-gas-natural-licuado-con-golar-lng\\\/#article\",\"isPartOf\":{\"@id\":\"https:\\\/\\\/patagoniambiental.com.ar\\\/info\\\/rio-negro-da-un-gran-paso-hacia-la-exportacion-de-gas-natural-licuado-con-golar-lng\\\/\"},\"author\":{\"name\":\"Patagonia Ambiental\",\"@id\":\"https:\\\/\\\/patagoniambiental.com.ar\\\/info\\\/#\\\/schema\\\/person\\\/db12bff64bbcbf6a253710bf0ea37b5d\"},\"headline\":\"R\u00edo Negro da un gran paso hacia la exportaci\u00f3n de gas natural licuado con Golar LNG\",\"datePublished\":\"2024-11-27T14:23:00+00:00\",\"dateModified\":\"2025-05-04T19:18:47+00:00\",\"mainEntityOfPage\":{\"@id\":\"https:\\\/\\\/patagoniambiental.com.ar\\\/info\\\/rio-negro-da-un-gran-paso-hacia-la-exportacion-de-gas-natural-licuado-con-golar-lng\\\/\"},\"wordCount\":868,\"commentCount\":0,\"publisher\":{\"@id\":\"https:\\\/\\\/patagoniambiental.com.ar\\\/info\\\/#organization\"},\"image\":{\"@id\":\"https:\\\/\\\/patagoniambiental.com.ar\\\/info\\\/rio-negro-da-un-gran-paso-hacia-la-exportacion-de-gas-natural-licuado-con-golar-lng\\\/#primaryimage\"},\"thumbnailUrl\":\"https:\\\/\\\/patagoniambiental.com.ar\\\/info\\\/wp-content\\\/uploads\\\/2024\\\/11\\\/gnl.jpg\",\"articleSection\":[\"Noticias\",\"Provinciales\",\"R\u00edo Negro\"],\"inLanguage\":\"es\",\"potentialAction\":[{\"@type\":\"CommentAction\",\"name\":\"Comment\",\"target\":[\"https:\\\/\\\/patagoniambiental.com.ar\\\/info\\\/rio-negro-da-un-gran-paso-hacia-la-exportacion-de-gas-natural-licuado-con-golar-lng\\\/#respond\"]}]},{\"@type\":\"WebPage\",\"@id\":\"https:\\\/\\\/patagoniambiental.com.ar\\\/info\\\/rio-negro-da-un-gran-paso-hacia-la-exportacion-de-gas-natural-licuado-con-golar-lng\\\/\",\"url\":\"https:\\\/\\\/patagoniambiental.com.ar\\\/info\\\/rio-negro-da-un-gran-paso-hacia-la-exportacion-de-gas-natural-licuado-con-golar-lng\\\/\",\"name\":\"R\u00edo Negro da un gran paso hacia la exportaci\u00f3n de gas natural licuado con Golar LNG\",\"isPartOf\":{\"@id\":\"https:\\\/\\\/patagoniambiental.com.ar\\\/info\\\/#website\"},\"primaryImageOfPage\":{\"@id\":\"https:\\\/\\\/patagoniambiental.com.ar\\\/info\\\/rio-negro-da-un-gran-paso-hacia-la-exportacion-de-gas-natural-licuado-con-golar-lng\\\/#primaryimage\"},\"image\":{\"@id\":\"https:\\\/\\\/patagoniambiental.com.ar\\\/info\\\/rio-negro-da-un-gran-paso-hacia-la-exportacion-de-gas-natural-licuado-con-golar-lng\\\/#primaryimage\"},\"thumbnailUrl\":\"https:\\\/\\\/patagoniambiental.com.ar\\\/info\\\/wp-content\\\/uploads\\\/2024\\\/11\\\/gnl.jpg\",\"datePublished\":\"2024-11-27T14:23:00+00:00\",\"dateModified\":\"2025-05-04T19:18:47+00:00\",\"description\":\"El Gobernador de R\u00edo Negro, Alberto Weretilneck, recibi\u00f3 a altos representantes de la empresa Golar LNG, una de las l\u00edderes globales en el sector de gas natural licuado (GNL).\",\"breadcrumb\":{\"@id\":\"https:\\\/\\\/patagoniambiental.com.ar\\\/info\\\/rio-negro-da-un-gran-paso-hacia-la-exportacion-de-gas-natural-licuado-con-golar-lng\\\/#breadcrumb\"},\"inLanguage\":\"es\",\"potentialAction\":[{\"@type\":\"ReadAction\",\"target\":[\"https:\\\/\\\/patagoniambiental.com.ar\\\/info\\\/rio-negro-da-un-gran-paso-hacia-la-exportacion-de-gas-natural-licuado-con-golar-lng\\\/\"]}]},{\"@type\":\"ImageObject\",\"inLanguage\":\"es\",\"@id\":\"https:\\\/\\\/patagoniambiental.com.ar\\\/info\\\/rio-negro-da-un-gran-paso-hacia-la-exportacion-de-gas-natural-licuado-con-golar-lng\\\/#primaryimage\",\"url\":\"https:\\\/\\\/patagoniambiental.com.ar\\\/info\\\/wp-content\\\/uploads\\\/2024\\\/11\\\/gnl.jpg\",\"contentUrl\":\"https:\\\/\\\/patagoniambiental.com.ar\\\/info\\\/wp-content\\\/uploads\\\/2024\\\/11\\\/gnl.jpg\",\"width\":964,\"height\":527},{\"@type\":\"BreadcrumbList\",\"@id\":\"https:\\\/\\\/patagoniambiental.com.ar\\\/info\\\/rio-negro-da-un-gran-paso-hacia-la-exportacion-de-gas-natural-licuado-con-golar-lng\\\/#breadcrumb\",\"itemListElement\":[{\"@type\":\"ListItem\",\"position\":1,\"name\":\"Inicio\",\"item\":\"https:\\\/\\\/patagoniambiental.com.ar\\\/info\\\/\"},{\"@type\":\"ListItem\",\"position\":2,\"name\":\"R\u00edo Negro da un gran paso hacia la exportaci\u00f3n de gas natural licuado con Golar LNG\"}]},{\"@type\":\"WebSite\",\"@id\":\"https:\\\/\\\/patagoniambiental.com.ar\\\/info\\\/#website\",\"url\":\"https:\\\/\\\/patagoniambiental.com.ar\\\/info\\\/\",\"name\":\"Patagonia Ambiental\",\"description\":\"Monitoreo y an\u00e1lisis de la situaci\u00f3n geopol\u00edtica en el mundo y su implicancia en la Patagonia\",\"publisher\":{\"@id\":\"https:\\\/\\\/patagoniambiental.com.ar\\\/info\\\/#organization\"},\"potentialAction\":[{\"@type\":\"SearchAction\",\"target\":{\"@type\":\"EntryPoint\",\"urlTemplate\":\"https:\\\/\\\/patagoniambiental.com.ar\\\/info\\\/?s={search_term_string}\"},\"query-input\":{\"@type\":\"PropertyValueSpecification\",\"valueRequired\":true,\"valueName\":\"search_term_string\"}}],\"inLanguage\":\"es\"},{\"@type\":\"Organization\",\"@id\":\"https:\\\/\\\/patagoniambiental.com.ar\\\/info\\\/#organization\",\"name\":\"Patagonia Ambiental\",\"url\":\"https:\\\/\\\/patagoniambiental.com.ar\\\/info\\\/\",\"logo\":{\"@type\":\"ImageObject\",\"inLanguage\":\"es\",\"@id\":\"https:\\\/\\\/patagoniambiental.com.ar\\\/info\\\/#\\\/schema\\\/logo\\\/image\\\/\",\"url\":\"https:\\\/\\\/patagoniambiental.com.ar\\\/info\\\/wp-content\\\/uploads\\\/2025\\\/05\\\/LOGO-PATAGONIA-AMBIENTAL.png\",\"contentUrl\":\"https:\\\/\\\/patagoniambiental.com.ar\\\/info\\\/wp-content\\\/uploads\\\/2025\\\/05\\\/LOGO-PATAGONIA-AMBIENTAL.png\",\"width\":433,\"height\":250,\"caption\":\"Patagonia Ambiental\"},\"image\":{\"@id\":\"https:\\\/\\\/patagoniambiental.com.ar\\\/info\\\/#\\\/schema\\\/logo\\\/image\\\/\"},\"sameAs\":[\"https:\\\/\\\/www.facebook.com\\\/patagonia.ambiental\",\"https:\\\/\\\/x.com\\\/PatAmb\"]},{\"@type\":\"Person\",\"@id\":\"https:\\\/\\\/patagoniambiental.com.ar\\\/info\\\/#\\\/schema\\\/person\\\/db12bff64bbcbf6a253710bf0ea37b5d\",\"name\":\"Patagonia Ambiental\",\"description\":\"Andr\u00e9s Nievas T\u00e9cnico en manejo ambiental, consultor Ambiental y escritor para medios locales e internacionales sobre temas de geopolitica y medio ambiente.\",\"sameAs\":[\"http:\\\/\\\/www.patagoniambiental.com.ar\",\"https:\\\/\\\/www.facebook.com\\\/share\\\/1C1V8Gv9BX\\\/?mibextid=qi2Omg\",\"@patagoniambiental\",\"https:\\\/\\\/youtube.com\\\/@patagoniaambiental2023?si=BLt58t0wuXquxlYZ\"]}]}<\/script>\n<!-- \/ Yoast SEO Premium plugin. -->","yoast_head_json":{"title":"R\u00edo Negro da un gran paso hacia la exportaci\u00f3n de gas natural licuado con Golar LNG","description":"El Gobernador de R\u00edo Negro, Alberto Weretilneck, recibi\u00f3 a altos representantes de la empresa Golar LNG, una de las l\u00edderes globales en el sector de gas natural licuado (GNL).","robots":{"index":"index","follow":"follow","max-snippet":"max-snippet:-1","max-image-preview":"max-image-preview:large","max-video-preview":"max-video-preview:-1"},"canonical":"https:\/\/patagoniambiental.com.ar\/info\/rio-negro-da-un-gran-paso-hacia-la-exportacion-de-gas-natural-licuado-con-golar-lng\/","og_locale":"es_ES","og_type":"article","og_title":"R\u00edo Negro da un gran paso hacia la exportaci\u00f3n de gas natural licuado con Golar LNG","og_description":"El Gobernador de R\u00edo Negro, Alberto Weretilneck, recibi\u00f3 a altos representantes de la empresa Golar LNG, una de las l\u00edderes globales en el sector de gas natural licuado (GNL).","og_url":"https:\/\/patagoniambiental.com.ar\/info\/rio-negro-da-un-gran-paso-hacia-la-exportacion-de-gas-natural-licuado-con-golar-lng\/","og_site_name":"Patagonia Ambiental","article_publisher":"https:\/\/www.facebook.com\/patagonia.ambiental","article_author":"https:\/\/www.facebook.com\/share\/1C1V8Gv9BX\/?mibextid=qi2Omg","article_published_time":"2024-11-27T14:23:00+00:00","article_modified_time":"2025-05-04T19:18:47+00:00","og_image":[{"width":964,"height":527,"url":"https:\/\/patagoniambiental.com.ar\/info\/wp-content\/uploads\/2024\/11\/gnl.jpg","type":"image\/jpeg"}],"author":"Patagonia Ambiental","twitter_card":"summary_large_image","twitter_creator":"@PatAmb","twitter_site":"@PatAmb","schema":{"@context":"https:\/\/schema.org","@graph":[{"@type":"Article","@id":"https:\/\/patagoniambiental.com.ar\/info\/rio-negro-da-un-gran-paso-hacia-la-exportacion-de-gas-natural-licuado-con-golar-lng\/#article","isPartOf":{"@id":"https:\/\/patagoniambiental.com.ar\/info\/rio-negro-da-un-gran-paso-hacia-la-exportacion-de-gas-natural-licuado-con-golar-lng\/"},"author":{"name":"Patagonia Ambiental","@id":"https:\/\/patagoniambiental.com.ar\/info\/#\/schema\/person\/db12bff64bbcbf6a253710bf0ea37b5d"},"headline":"R\u00edo Negro da un gran paso hacia la exportaci\u00f3n de gas natural licuado con Golar LNG","datePublished":"2024-11-27T14:23:00+00:00","dateModified":"2025-05-04T19:18:47+00:00","mainEntityOfPage":{"@id":"https:\/\/patagoniambiental.com.ar\/info\/rio-negro-da-un-gran-paso-hacia-la-exportacion-de-gas-natural-licuado-con-golar-lng\/"},"wordCount":868,"commentCount":0,"publisher":{"@id":"https:\/\/patagoniambiental.com.ar\/info\/#organization"},"image":{"@id":"https:\/\/patagoniambiental.com.ar\/info\/rio-negro-da-un-gran-paso-hacia-la-exportacion-de-gas-natural-licuado-con-golar-lng\/#primaryimage"},"thumbnailUrl":"https:\/\/patagoniambiental.com.ar\/info\/wp-content\/uploads\/2024\/11\/gnl.jpg","articleSection":["Noticias","Provinciales","R\u00edo Negro"],"inLanguage":"es","potentialAction":[{"@type":"CommentAction","name":"Comment","target":["https:\/\/patagoniambiental.com.ar\/info\/rio-negro-da-un-gran-paso-hacia-la-exportacion-de-gas-natural-licuado-con-golar-lng\/#respond"]}]},{"@type":"WebPage","@id":"https:\/\/patagoniambiental.com.ar\/info\/rio-negro-da-un-gran-paso-hacia-la-exportacion-de-gas-natural-licuado-con-golar-lng\/","url":"https:\/\/patagoniambiental.com.ar\/info\/rio-negro-da-un-gran-paso-hacia-la-exportacion-de-gas-natural-licuado-con-golar-lng\/","name":"R\u00edo Negro da un gran paso hacia la exportaci\u00f3n de gas natural licuado con Golar LNG","isPartOf":{"@id":"https:\/\/patagoniambiental.com.ar\/info\/#website"},"primaryImageOfPage":{"@id":"https:\/\/patagoniambiental.com.ar\/info\/rio-negro-da-un-gran-paso-hacia-la-exportacion-de-gas-natural-licuado-con-golar-lng\/#primaryimage"},"image":{"@id":"https:\/\/patagoniambiental.com.ar\/info\/rio-negro-da-un-gran-paso-hacia-la-exportacion-de-gas-natural-licuado-con-golar-lng\/#primaryimage"},"thumbnailUrl":"https:\/\/patagoniambiental.com.ar\/info\/wp-content\/uploads\/2024\/11\/gnl.jpg","datePublished":"2024-11-27T14:23:00+00:00","dateModified":"2025-05-04T19:18:47+00:00","description":"El Gobernador de R\u00edo Negro, Alberto Weretilneck, recibi\u00f3 a altos representantes de la empresa Golar LNG, una de las l\u00edderes globales en el sector de gas natural licuado (GNL).","breadcrumb":{"@id":"https:\/\/patagoniambiental.com.ar\/info\/rio-negro-da-un-gran-paso-hacia-la-exportacion-de-gas-natural-licuado-con-golar-lng\/#breadcrumb"},"inLanguage":"es","potentialAction":[{"@type":"ReadAction","target":["https:\/\/patagoniambiental.com.ar\/info\/rio-negro-da-un-gran-paso-hacia-la-exportacion-de-gas-natural-licuado-con-golar-lng\/"]}]},{"@type":"ImageObject","inLanguage":"es","@id":"https:\/\/patagoniambiental.com.ar\/info\/rio-negro-da-un-gran-paso-hacia-la-exportacion-de-gas-natural-licuado-con-golar-lng\/#primaryimage","url":"https:\/\/patagoniambiental.com.ar\/info\/wp-content\/uploads\/2024\/11\/gnl.jpg","contentUrl":"https:\/\/patagoniambiental.com.ar\/info\/wp-content\/uploads\/2024\/11\/gnl.jpg","width":964,"height":527},{"@type":"BreadcrumbList","@id":"https:\/\/patagoniambiental.com.ar\/info\/rio-negro-da-un-gran-paso-hacia-la-exportacion-de-gas-natural-licuado-con-golar-lng\/#breadcrumb","itemListElement":[{"@type":"ListItem","position":1,"name":"Inicio","item":"https:\/\/patagoniambiental.com.ar\/info\/"},{"@type":"ListItem","position":2,"name":"R\u00edo Negro da un gran paso hacia la exportaci\u00f3n de gas natural licuado con Golar LNG"}]},{"@type":"WebSite","@id":"https:\/\/patagoniambiental.com.ar\/info\/#website","url":"https:\/\/patagoniambiental.com.ar\/info\/","name":"Patagonia Ambiental","description":"Monitoreo y an\u00e1lisis de la situaci\u00f3n geopol\u00edtica en el mundo y su implicancia en la Patagonia","publisher":{"@id":"https:\/\/patagoniambiental.com.ar\/info\/#organization"},"potentialAction":[{"@type":"SearchAction","target":{"@type":"EntryPoint","urlTemplate":"https:\/\/patagoniambiental.com.ar\/info\/?s={search_term_string}"},"query-input":{"@type":"PropertyValueSpecification","valueRequired":true,"valueName":"search_term_string"}}],"inLanguage":"es"},{"@type":"Organization","@id":"https:\/\/patagoniambiental.com.ar\/info\/#organization","name":"Patagonia Ambiental","url":"https:\/\/patagoniambiental.com.ar\/info\/","logo":{"@type":"ImageObject","inLanguage":"es","@id":"https:\/\/patagoniambiental.com.ar\/info\/#\/schema\/logo\/image\/","url":"https:\/\/patagoniambiental.com.ar\/info\/wp-content\/uploads\/2025\/05\/LOGO-PATAGONIA-AMBIENTAL.png","contentUrl":"https:\/\/patagoniambiental.com.ar\/info\/wp-content\/uploads\/2025\/05\/LOGO-PATAGONIA-AMBIENTAL.png","width":433,"height":250,"caption":"Patagonia Ambiental"},"image":{"@id":"https:\/\/patagoniambiental.com.ar\/info\/#\/schema\/logo\/image\/"},"sameAs":["https:\/\/www.facebook.com\/patagonia.ambiental","https:\/\/x.com\/PatAmb"]},{"@type":"Person","@id":"https:\/\/patagoniambiental.com.ar\/info\/#\/schema\/person\/db12bff64bbcbf6a253710bf0ea37b5d","name":"Patagonia Ambiental","description":"Andr\u00e9s Nievas T\u00e9cnico en manejo ambiental, consultor Ambiental y escritor para medios locales e internacionales sobre temas de geopolitica y medio ambiente.","sameAs":["http:\/\/www.patagoniambiental.com.ar","https:\/\/www.facebook.com\/share\/1C1V8Gv9BX\/?mibextid=qi2Omg","@patagoniambiental","https:\/\/youtube.com\/@patagoniaambiental2023?si=BLt58t0wuXquxlYZ"]}]}},"_links":{"self":[{"href":"https:\/\/patagoniambiental.com.ar\/info\/wp-json\/wp\/v2\/posts\/91635","targetHints":{"allow":["GET"]}}],"collection":[{"href":"https:\/\/patagoniambiental.com.ar\/info\/wp-json\/wp\/v2\/posts"}],"about":[{"href":"https:\/\/patagoniambiental.com.ar\/info\/wp-json\/wp\/v2\/types\/post"}],"author":[{"embeddable":true,"href":"https:\/\/patagoniambiental.com.ar\/info\/wp-json\/wp\/v2\/users\/2"}],"replies":[{"embeddable":true,"href":"https:\/\/patagoniambiental.com.ar\/info\/wp-json\/wp\/v2\/comments?post=91635"}],"version-history":[{"count":0,"href":"https:\/\/patagoniambiental.com.ar\/info\/wp-json\/wp\/v2\/posts\/91635\/revisions"}],"wp:featuredmedia":[{"embeddable":true,"href":"https:\/\/patagoniambiental.com.ar\/info\/wp-json\/wp\/v2\/media\/91636"}],"wp:attachment":[{"href":"https:\/\/patagoniambiental.com.ar\/info\/wp-json\/wp\/v2\/media?parent=91635"}],"wp:term":[{"taxonomy":"category","embeddable":true,"href":"https:\/\/patagoniambiental.com.ar\/info\/wp-json\/wp\/v2\/categories?post=91635"},{"taxonomy":"post_tag","embeddable":true,"href":"https:\/\/patagoniambiental.com.ar\/info\/wp-json\/wp\/v2\/tags?post=91635"}],"curies":[{"name":"wp","href":"https:\/\/api.w.org\/{rel}","templated":true}]}}