{"id":91665,"date":"2024-11-29T13:24:03","date_gmt":"2024-11-29T16:24:03","guid":{"rendered":"https:\/\/patagoniambiental.com.ar\/info\/?p=91665"},"modified":"2025-05-04T16:17:46","modified_gmt":"2025-05-04T19:17:46","slug":"neuquen-sera-la-unica-provincia-con-cinco-volcanes-monitoreados-en-tiempo-real","status":"publish","type":"post","link":"https:\/\/patagoniambiental.com.ar\/info\/neuquen-sera-la-unica-provincia-con-cinco-volcanes-monitoreados-en-tiempo-real\/","title":{"rendered":"Neuqu\u00e9n ser\u00e1 la \u00fanica provincia con cinco volcanes monitoreados en tiempo real"},"content":{"rendered":"\n<!--more-->\n\n\n\n<p>Neuquen, Provincia de Neuquen, 29 de noviembre de 2024. <a href=\"http:\/\/www.neuqueninforma.gob.ar\">N<\/a><a href=\"http:\/\/www.neuquen.gov.ar\">euqu\u00e9n<\/a> se posiciona como l\u00edder en la gesti\u00f3n de riesgos volc\u00e1nicos al convertirse en la \u00fanica provincia del pa\u00eds con cinco de sus volcanes m\u00e1s importantes monitoreados durante todo el d\u00eda en tiempo real. En los pr\u00f3ximos d\u00edas, se realizar\u00e1 un trabajo de instalaci\u00f3n de estaciones multiparam\u00e9tricas en el volc\u00e1n Tromen, lo que permitir\u00e1 un control exhaustivo de su actividad volc\u00e1nica, gracias a la implementaci\u00f3n de tecnolog\u00edas avanzadas.<\/p>\n\n\n\n<p><a href=\"https:\/\/patagoniambiental.com.ar\/info\/caviahue-copahue-celebra-la-primera-feria-de-difusion-volcanica\/\">Noticia relacionada: Caviahue-Copahue celebra la primera Feria de Difusi\u00f3n Volc\u00e1nica<br><\/a><\/p>\n\n\n\n<figure class=\"wp-block-image size-full\"><img fetchpriority=\"high\" decoding=\"async\" width=\"752\" height=\"452\" src=\"https:\/\/patagoniambiental.com.ar\/info\/wp-content\/uploads\/2024\/11\/volcan2.jpg\" alt=\"\" class=\"wp-image-91668\"\/><\/figure>\n\n\n\n<h3 class=\"wp-block-heading\" id=\"h-tecnologia-de-vanguardia-para-monitorear-la-actividad-volcanica\">Tecnolog\u00eda de vanguardia para monitorear la actividad volc\u00e1nica<\/h3>\n\n\n\n<p>La provincia est\u00e1 llevando adelante un proyecto ambicioso que incluye la instalaci\u00f3n de estaciones multiparam\u00e9tricas en puntos estrat\u00e9gicos de su red de monitoreo volc\u00e1nico. Estas estaciones permiten obtener informaci\u00f3n en tiempo real sobre diversas variables relacionadas con la actividad volc\u00e1nica, como sismos, emisiones t\u00e9rmicas, gases, y datos geod\u00e9sicos. Juan Manuel Morales, subsecretario de Vinculaci\u00f3n y coordinador de la Oficina Provincial de Tecnolog\u00edas de la Informaci\u00f3n y la Comunicaci\u00f3n (Optic), destac\u00f3 que esta tecnolog\u00eda incluye equipos de alta precisi\u00f3n como sism\u00f3grafos, c\u00e1maras t\u00e9rmicas, GPS de alta definici\u00f3n, y sistemas de comunicaci\u00f3n y energ\u00eda.<\/p>\n\n\n\n<p>\u201cEstas estaciones nos permitir\u00e1n obtener informaci\u00f3n continua y precisa sobre la actividad volc\u00e1nica, lo que es crucial para la gesti\u00f3n de emergencias y la seguridad de la poblaci\u00f3n\u201d, explic\u00f3 Morales. El monitoreo se realiza con equipos de \u00faltima generaci\u00f3n que permiten visualizar y analizar en tiempo real los datos generados por los volcanes, lo que a su vez facilita la generaci\u00f3n de alertas tempranas y la emisi\u00f3n de informes detallados sobre la situaci\u00f3n de los volcanes.<\/p>\n\n\n\n<h3 class=\"wp-block-heading\" id=\"h-un-trabajo-conjunto-para-el-monitoreo-volcanico\">Un trabajo conjunto para el monitoreo volc\u00e1nico<\/h3>\n\n\n\n<p>La instalaci\u00f3n y operaci\u00f3n de estas estaciones multiparam\u00e9tricas es un esfuerzo conjunto entre la Optic, Defensa Civil, la Direcci\u00f3n Provincial de Aeron\u00e1utica y el Servicio Geol\u00f3gico Minero Argentino (SEGEMAR). A trav\u00e9s de este trabajo colaborativo, se logra un monitoreo constante y la interpretaci\u00f3n de los datos volc\u00e1nicos, con el apoyo de vulcan\u00f3logos y expertos en la materia.<\/p>\n\n\n\n<p>El sistema permite que las mediciones, que incluyen datos t\u00e9rmicos, geod\u00e9sicos y la composici\u00f3n de los gases volc\u00e1nicos, sean analizadas de forma precisa y oportunamente por especialistas. En caso de que se detecte alguna anomal\u00eda, se pueden generar alertas que ser\u00e1n comunicadas de inmediato a los organismos responsables para tomar las medidas preventivas necesarias. Adem\u00e1s, los informes de situaci\u00f3n son fundamentales para coordinar acciones con los municipios afectados y las autoridades de seguridad.<\/p>\n\n\n\n<h3 class=\"wp-block-heading\" id=\"h-la-singularidad-de-neuquen-en-el-monitoreo-de-volcanes\">La singularidad de Neuqu\u00e9n en el monitoreo de volcanes<\/h3>\n\n\n\n<p>Una vez completada la instalaci\u00f3n en el volc\u00e1n Tromen, Neuqu\u00e9n ser\u00e1 la \u00fanica provincia en el pa\u00eds que contar\u00e1 con estaciones multiparam\u00e9tricas en los cinco volcanes m\u00e1s importantes de la regi\u00f3n. Estos incluyen, adem\u00e1s de Tromen, los volcanes Lan\u00edn, Copahue, Peteroa y Lan\u00edn, todos estrat\u00e9gicamente ubicados y cuidadosamente monitoreados para detectar cualquier signo de actividad que pueda poner en riesgo a las comunidades cercanas.<\/p>\n\n\n\n<p>Morales resalt\u00f3 que, aunque algunos otros lugares, como Mendoza, tienen estaciones de monitoreo en ciertos volcanes, Neuqu\u00e9n es la \u00fanica provincia que tiene monitoreados en tiempo real los cinco volcanes m\u00e1s relevantes seg\u00fan los criterios establecidos por SEGEMAR. \u00abEste logro no solo es un avance en t\u00e9rminos de seguridad, sino tambi\u00e9n un orgullo para la provincia\u00bb, expres\u00f3 el funcionario.<\/p>\n\n\n\n<h3 class=\"wp-block-heading\" id=\"h-desafios-logisticos-y-climaticos\">Desaf\u00edos log\u00edsticos y clim\u00e1ticos<\/h3>\n\n\n\n<p>El proyecto de monitoreo volc\u00e1nico no solo implica una inversi\u00f3n econ\u00f3mica significativa, sino tambi\u00e9n un esfuerzo log\u00edstico considerable, dado que las estaciones se instalan en lugares de dif\u00edcil acceso. El proceso incluye el transporte de equipos y materiales a trav\u00e9s de helic\u00f3pteros, lo que requiere una planificaci\u00f3n detallada para asegurar que todo el equipamiento llegue en condiciones \u00f3ptimas.<\/p>\n\n\n\n<p>Adem\u00e1s, las estaciones de monitoreo est\u00e1n ubicadas en zonas con condiciones clim\u00e1ticas extremas, lo que hace que el mantenimiento de los equipos sea un desaf\u00edo constante. Morales destac\u00f3 que, una vez instalados los equipos, se realizan mantenimientos peri\u00f3dicos para asegurar que todo el sistema contin\u00fae funcionando correctamente, ya que las condiciones del clima pueden afectar el rendimiento de los sensores y equipos de comunicaci\u00f3n.<\/p>\n\n\n\n<h3 class=\"wp-block-heading\" id=\"h-monitoreo-en-tiempo-real-para-la-seguridad-de-la-comunidad\">Monitoreo en tiempo real para la seguridad de la comunidad<\/h3>\n\n\n\n<p>La capacidad de monitorear estos volcanes en tiempo real es crucial para la prevenci\u00f3n de desastres naturales, ya que permite detectar cualquier cambio en la actividad volc\u00e1nica antes de que se convierta en una amenaza para la poblaci\u00f3n. Adem\u00e1s, a trav\u00e9s del sitio web de SEGEMAR, los ciudadanos pueden acceder a las im\u00e1genes en vivo de las c\u00e1maras instaladas en los volcanes, lo que ofrece una mayor transparencia en el proceso de monitoreo.<\/p>\n\n\n\n<p>En conclusi\u00f3n, Neuqu\u00e9n se posiciona como un referente en el monitoreo y gesti\u00f3n de riesgos volc\u00e1nicos, demostrando el compromiso de la provincia con la seguridad, la prevenci\u00f3n y la innovaci\u00f3n tecnol\u00f3gica en el \u00e1mbito de la protecci\u00f3n civil. Este avance en el monitoreo de sus volcanes fortalece no solo la seguridad local, sino tambi\u00e9n el conocimiento cient\u00edfico sobre la actividad volc\u00e1nica en la regi\u00f3n.<\/p>\n","protected":false},"excerpt":{"rendered":"","protected":false},"author":2,"featured_media":91667,"comment_status":"open","ping_status":"open","sticky":false,"template":"","format":"standard","meta":{"site-sidebar-layout":"default","site-content-layout":"","ast-site-content-layout":"default","site-content-style":"default","site-sidebar-style":"default","ast-global-header-display":"","ast-banner-title-visibility":"","ast-main-header-display":"","ast-hfb-above-header-display":"","ast-hfb-below-header-display":"","ast-hfb-mobile-header-display":"","site-post-title":"","ast-breadcrumbs-content":"","ast-featured-img":"","footer-sml-layout":"","ast-disable-related-posts":"","theme-transparent-header-meta":"","adv-header-id-meta":"","stick-header-meta":"","header-above-stick-meta":"","header-main-stick-meta":"","header-below-stick-meta":"","astra-migrate-meta-layouts":"default","ast-page-background-enabled":"default","ast-page-background-meta":{"desktop":{"background-color":"var(--ast-global-color-5)","background-image":"","background-repeat":"repeat","background-position":"center center","background-size":"auto","background-attachment":"scroll","background-type":"","background-media":"","overlay-type":"","overlay-color":"","overlay-opacity":"","overlay-gradient":""},"tablet":{"background-color":"","background-image":"","background-repeat":"repeat","background-position":"center center","background-size":"auto","background-attachment":"scroll","background-type":"","background-media":"","overlay-type":"","overlay-color":"","overlay-opacity":"","overlay-gradient":""},"mobile":{"background-color":"","background-image":"","background-repeat":"repeat","background-position":"center center","background-size":"auto","background-attachment":"scroll","background-type":"","background-media":"","overlay-type":"","overlay-color":"","overlay-opacity":"","overlay-gradient":""}},"ast-content-background-meta":{"desktop":{"background-color":"var(--ast-global-color-4)","background-image":"","background-repeat":"repeat","background-position":"center center","background-size":"auto","background-attachment":"scroll","background-type":"","background-media":"","overlay-type":"","overlay-color":"","overlay-opacity":"","overlay-gradient":""},"tablet":{"background-color":"var(--ast-global-color-4)","background-image":"","background-repeat":"repeat","background-position":"center center","background-size":"auto","background-attachment":"scroll","background-type":"","background-media":"","overlay-type":"","overlay-color":"","overlay-opacity":"","overlay-gradient":""},"mobile":{"background-color":"var(--ast-global-color-4)","background-image":"","background-repeat":"repeat","background-position":"center center","background-size":"auto","background-attachment":"scroll","background-type":"","background-media":"","overlay-type":"","overlay-color":"","overlay-opacity":"","overlay-gradient":""}},"footnotes":""},"categories":[18,1,13],"tags":[],"class_list":["post-91665","post","type-post","status-publish","format-standard","has-post-thumbnail","hentry","category-neuquen","category-noticias","category-provinciales"],"yoast_head":"<!-- This site is optimized with the Yoast SEO Premium plugin v23.0 (Yoast SEO v27.5) - https:\/\/yoast.com\/product\/yoast-seo-premium-wordpress\/ -->\n<title>Neuqu\u00e9n ser\u00e1 la \u00fanica provincia con cinco volcanes monitoreados en tiempo real<\/title>\n<meta name=\"description\" content=\"Neuqu\u00e9n se posiciona como l\u00edder en la gesti\u00f3n de riesgos volc\u00e1nicos al convertirse en la \u00fanica provincia del pa\u00eds con cinco de sus volcanes m\u00e1s importantes monitoreados durante todo el d\u00eda en tiempo real.\" \/>\n<meta name=\"robots\" content=\"index, follow, max-snippet:-1, max-image-preview:large, max-video-preview:-1\" \/>\n<link rel=\"canonical\" href=\"https:\/\/patagoniambiental.com.ar\/info\/neuquen-sera-la-unica-provincia-con-cinco-volcanes-monitoreados-en-tiempo-real\/\" \/>\n<meta property=\"og:locale\" content=\"es_ES\" \/>\n<meta property=\"og:type\" content=\"article\" \/>\n<meta property=\"og:title\" content=\"Neuqu\u00e9n ser\u00e1 la \u00fanica provincia con cinco volcanes monitoreados en tiempo real\" \/>\n<meta property=\"og:description\" content=\"Neuqu\u00e9n se posiciona como l\u00edder en la gesti\u00f3n de riesgos volc\u00e1nicos al convertirse en la \u00fanica provincia del pa\u00eds con cinco de sus volcanes m\u00e1s importantes monitoreados durante todo el d\u00eda en tiempo real.\" \/>\n<meta property=\"og:url\" content=\"https:\/\/patagoniambiental.com.ar\/info\/neuquen-sera-la-unica-provincia-con-cinco-volcanes-monitoreados-en-tiempo-real\/\" \/>\n<meta property=\"og:site_name\" content=\"Patagonia Ambiental\" \/>\n<meta property=\"article:publisher\" content=\"https:\/\/www.facebook.com\/patagonia.ambiental\" \/>\n<meta property=\"article:author\" content=\"https:\/\/www.facebook.com\/share\/1C1V8Gv9BX\/?mibextid=qi2Omg\" \/>\n<meta property=\"article:published_time\" content=\"2024-11-29T16:24:03+00:00\" \/>\n<meta property=\"article:modified_time\" content=\"2025-05-04T19:17:46+00:00\" \/>\n<meta property=\"og:image\" content=\"https:\/\/patagoniambiental.com.ar\/info\/wp-content\/uploads\/2024\/11\/volcan1.jpg\" \/>\n\t<meta property=\"og:image:width\" content=\"852\" \/>\n\t<meta property=\"og:image:height\" content=\"471\" \/>\n\t<meta property=\"og:image:type\" content=\"image\/jpeg\" \/>\n<meta name=\"author\" content=\"Patagonia Ambiental\" \/>\n<meta name=\"twitter:card\" content=\"summary_large_image\" \/>\n<meta name=\"twitter:creator\" content=\"@PatAmb\" \/>\n<meta name=\"twitter:site\" content=\"@PatAmb\" \/>\n<script type=\"application\/ld+json\" class=\"yoast-schema-graph\">{\"@context\":\"https:\\\/\\\/schema.org\",\"@graph\":[{\"@type\":\"Article\",\"@id\":\"https:\\\/\\\/patagoniambiental.com.ar\\\/info\\\/neuquen-sera-la-unica-provincia-con-cinco-volcanes-monitoreados-en-tiempo-real\\\/#article\",\"isPartOf\":{\"@id\":\"https:\\\/\\\/patagoniambiental.com.ar\\\/info\\\/neuquen-sera-la-unica-provincia-con-cinco-volcanes-monitoreados-en-tiempo-real\\\/\"},\"author\":{\"name\":\"Patagonia Ambiental\",\"@id\":\"https:\\\/\\\/patagoniambiental.com.ar\\\/info\\\/#\\\/schema\\\/person\\\/db12bff64bbcbf6a253710bf0ea37b5d\"},\"headline\":\"Neuqu\u00e9n ser\u00e1 la \u00fanica provincia con cinco volcanes monitoreados en tiempo real\",\"datePublished\":\"2024-11-29T16:24:03+00:00\",\"dateModified\":\"2025-05-04T19:17:46+00:00\",\"mainEntityOfPage\":{\"@id\":\"https:\\\/\\\/patagoniambiental.com.ar\\\/info\\\/neuquen-sera-la-unica-provincia-con-cinco-volcanes-monitoreados-en-tiempo-real\\\/\"},\"wordCount\":939,\"commentCount\":0,\"publisher\":{\"@id\":\"https:\\\/\\\/patagoniambiental.com.ar\\\/info\\\/#organization\"},\"image\":{\"@id\":\"https:\\\/\\\/patagoniambiental.com.ar\\\/info\\\/neuquen-sera-la-unica-provincia-con-cinco-volcanes-monitoreados-en-tiempo-real\\\/#primaryimage\"},\"thumbnailUrl\":\"https:\\\/\\\/patagoniambiental.com.ar\\\/info\\\/wp-content\\\/uploads\\\/2024\\\/11\\\/volcan1.jpg\",\"articleSection\":[\"Neuqu\u00e9n\",\"Noticias\",\"Provinciales\"],\"inLanguage\":\"es\",\"potentialAction\":[{\"@type\":\"CommentAction\",\"name\":\"Comment\",\"target\":[\"https:\\\/\\\/patagoniambiental.com.ar\\\/info\\\/neuquen-sera-la-unica-provincia-con-cinco-volcanes-monitoreados-en-tiempo-real\\\/#respond\"]}]},{\"@type\":\"WebPage\",\"@id\":\"https:\\\/\\\/patagoniambiental.com.ar\\\/info\\\/neuquen-sera-la-unica-provincia-con-cinco-volcanes-monitoreados-en-tiempo-real\\\/\",\"url\":\"https:\\\/\\\/patagoniambiental.com.ar\\\/info\\\/neuquen-sera-la-unica-provincia-con-cinco-volcanes-monitoreados-en-tiempo-real\\\/\",\"name\":\"Neuqu\u00e9n ser\u00e1 la \u00fanica provincia con cinco volcanes monitoreados en tiempo real\",\"isPartOf\":{\"@id\":\"https:\\\/\\\/patagoniambiental.com.ar\\\/info\\\/#website\"},\"primaryImageOfPage\":{\"@id\":\"https:\\\/\\\/patagoniambiental.com.ar\\\/info\\\/neuquen-sera-la-unica-provincia-con-cinco-volcanes-monitoreados-en-tiempo-real\\\/#primaryimage\"},\"image\":{\"@id\":\"https:\\\/\\\/patagoniambiental.com.ar\\\/info\\\/neuquen-sera-la-unica-provincia-con-cinco-volcanes-monitoreados-en-tiempo-real\\\/#primaryimage\"},\"thumbnailUrl\":\"https:\\\/\\\/patagoniambiental.com.ar\\\/info\\\/wp-content\\\/uploads\\\/2024\\\/11\\\/volcan1.jpg\",\"datePublished\":\"2024-11-29T16:24:03+00:00\",\"dateModified\":\"2025-05-04T19:17:46+00:00\",\"description\":\"Neuqu\u00e9n se posiciona como l\u00edder en la gesti\u00f3n de riesgos volc\u00e1nicos al convertirse en la \u00fanica provincia del pa\u00eds con cinco de sus volcanes m\u00e1s importantes monitoreados durante todo el d\u00eda en tiempo real.\",\"breadcrumb\":{\"@id\":\"https:\\\/\\\/patagoniambiental.com.ar\\\/info\\\/neuquen-sera-la-unica-provincia-con-cinco-volcanes-monitoreados-en-tiempo-real\\\/#breadcrumb\"},\"inLanguage\":\"es\",\"potentialAction\":[{\"@type\":\"ReadAction\",\"target\":[\"https:\\\/\\\/patagoniambiental.com.ar\\\/info\\\/neuquen-sera-la-unica-provincia-con-cinco-volcanes-monitoreados-en-tiempo-real\\\/\"]}]},{\"@type\":\"ImageObject\",\"inLanguage\":\"es\",\"@id\":\"https:\\\/\\\/patagoniambiental.com.ar\\\/info\\\/neuquen-sera-la-unica-provincia-con-cinco-volcanes-monitoreados-en-tiempo-real\\\/#primaryimage\",\"url\":\"https:\\\/\\\/patagoniambiental.com.ar\\\/info\\\/wp-content\\\/uploads\\\/2024\\\/11\\\/volcan1.jpg\",\"contentUrl\":\"https:\\\/\\\/patagoniambiental.com.ar\\\/info\\\/wp-content\\\/uploads\\\/2024\\\/11\\\/volcan1.jpg\",\"width\":852,\"height\":471},{\"@type\":\"BreadcrumbList\",\"@id\":\"https:\\\/\\\/patagoniambiental.com.ar\\\/info\\\/neuquen-sera-la-unica-provincia-con-cinco-volcanes-monitoreados-en-tiempo-real\\\/#breadcrumb\",\"itemListElement\":[{\"@type\":\"ListItem\",\"position\":1,\"name\":\"Inicio\",\"item\":\"https:\\\/\\\/patagoniambiental.com.ar\\\/info\\\/\"},{\"@type\":\"ListItem\",\"position\":2,\"name\":\"Neuqu\u00e9n ser\u00e1 la \u00fanica provincia con cinco volcanes monitoreados en tiempo real\"}]},{\"@type\":\"WebSite\",\"@id\":\"https:\\\/\\\/patagoniambiental.com.ar\\\/info\\\/#website\",\"url\":\"https:\\\/\\\/patagoniambiental.com.ar\\\/info\\\/\",\"name\":\"Patagonia Ambiental\",\"description\":\"Monitoreo y an\u00e1lisis de la situaci\u00f3n geopol\u00edtica en el mundo y su implicancia en la Patagonia\",\"publisher\":{\"@id\":\"https:\\\/\\\/patagoniambiental.com.ar\\\/info\\\/#organization\"},\"potentialAction\":[{\"@type\":\"SearchAction\",\"target\":{\"@type\":\"EntryPoint\",\"urlTemplate\":\"https:\\\/\\\/patagoniambiental.com.ar\\\/info\\\/?s={search_term_string}\"},\"query-input\":{\"@type\":\"PropertyValueSpecification\",\"valueRequired\":true,\"valueName\":\"search_term_string\"}}],\"inLanguage\":\"es\"},{\"@type\":\"Organization\",\"@id\":\"https:\\\/\\\/patagoniambiental.com.ar\\\/info\\\/#organization\",\"name\":\"Patagonia Ambiental\",\"url\":\"https:\\\/\\\/patagoniambiental.com.ar\\\/info\\\/\",\"logo\":{\"@type\":\"ImageObject\",\"inLanguage\":\"es\",\"@id\":\"https:\\\/\\\/patagoniambiental.com.ar\\\/info\\\/#\\\/schema\\\/logo\\\/image\\\/\",\"url\":\"https:\\\/\\\/patagoniambiental.com.ar\\\/info\\\/wp-content\\\/uploads\\\/2025\\\/05\\\/LOGO-PATAGONIA-AMBIENTAL.png\",\"contentUrl\":\"https:\\\/\\\/patagoniambiental.com.ar\\\/info\\\/wp-content\\\/uploads\\\/2025\\\/05\\\/LOGO-PATAGONIA-AMBIENTAL.png\",\"width\":433,\"height\":250,\"caption\":\"Patagonia Ambiental\"},\"image\":{\"@id\":\"https:\\\/\\\/patagoniambiental.com.ar\\\/info\\\/#\\\/schema\\\/logo\\\/image\\\/\"},\"sameAs\":[\"https:\\\/\\\/www.facebook.com\\\/patagonia.ambiental\",\"https:\\\/\\\/x.com\\\/PatAmb\"]},{\"@type\":\"Person\",\"@id\":\"https:\\\/\\\/patagoniambiental.com.ar\\\/info\\\/#\\\/schema\\\/person\\\/db12bff64bbcbf6a253710bf0ea37b5d\",\"name\":\"Patagonia Ambiental\",\"description\":\"Andr\u00e9s Nievas T\u00e9cnico en manejo ambiental, consultor Ambiental y escritor para medios locales e internacionales sobre temas de geopolitica y medio ambiente.\",\"sameAs\":[\"http:\\\/\\\/www.patagoniambiental.com.ar\",\"https:\\\/\\\/www.facebook.com\\\/share\\\/1C1V8Gv9BX\\\/?mibextid=qi2Omg\",\"@patagoniambiental\",\"https:\\\/\\\/youtube.com\\\/@patagoniaambiental2023?si=BLt58t0wuXquxlYZ\"]}]}<\/script>\n<!-- \/ Yoast SEO Premium plugin. -->","yoast_head_json":{"title":"Neuqu\u00e9n ser\u00e1 la \u00fanica provincia con cinco volcanes monitoreados en tiempo real","description":"Neuqu\u00e9n se posiciona como l\u00edder en la gesti\u00f3n de riesgos volc\u00e1nicos al convertirse en la \u00fanica provincia del pa\u00eds con cinco de sus volcanes m\u00e1s importantes monitoreados durante todo el d\u00eda en tiempo real.","robots":{"index":"index","follow":"follow","max-snippet":"max-snippet:-1","max-image-preview":"max-image-preview:large","max-video-preview":"max-video-preview:-1"},"canonical":"https:\/\/patagoniambiental.com.ar\/info\/neuquen-sera-la-unica-provincia-con-cinco-volcanes-monitoreados-en-tiempo-real\/","og_locale":"es_ES","og_type":"article","og_title":"Neuqu\u00e9n ser\u00e1 la \u00fanica provincia con cinco volcanes monitoreados en tiempo real","og_description":"Neuqu\u00e9n se posiciona como l\u00edder en la gesti\u00f3n de riesgos volc\u00e1nicos al convertirse en la \u00fanica provincia del pa\u00eds con cinco de sus volcanes m\u00e1s importantes monitoreados durante todo el d\u00eda en tiempo real.","og_url":"https:\/\/patagoniambiental.com.ar\/info\/neuquen-sera-la-unica-provincia-con-cinco-volcanes-monitoreados-en-tiempo-real\/","og_site_name":"Patagonia Ambiental","article_publisher":"https:\/\/www.facebook.com\/patagonia.ambiental","article_author":"https:\/\/www.facebook.com\/share\/1C1V8Gv9BX\/?mibextid=qi2Omg","article_published_time":"2024-11-29T16:24:03+00:00","article_modified_time":"2025-05-04T19:17:46+00:00","og_image":[{"width":852,"height":471,"url":"https:\/\/patagoniambiental.com.ar\/info\/wp-content\/uploads\/2024\/11\/volcan1.jpg","type":"image\/jpeg"}],"author":"Patagonia Ambiental","twitter_card":"summary_large_image","twitter_creator":"@PatAmb","twitter_site":"@PatAmb","schema":{"@context":"https:\/\/schema.org","@graph":[{"@type":"Article","@id":"https:\/\/patagoniambiental.com.ar\/info\/neuquen-sera-la-unica-provincia-con-cinco-volcanes-monitoreados-en-tiempo-real\/#article","isPartOf":{"@id":"https:\/\/patagoniambiental.com.ar\/info\/neuquen-sera-la-unica-provincia-con-cinco-volcanes-monitoreados-en-tiempo-real\/"},"author":{"name":"Patagonia Ambiental","@id":"https:\/\/patagoniambiental.com.ar\/info\/#\/schema\/person\/db12bff64bbcbf6a253710bf0ea37b5d"},"headline":"Neuqu\u00e9n ser\u00e1 la \u00fanica provincia con cinco volcanes monitoreados en tiempo real","datePublished":"2024-11-29T16:24:03+00:00","dateModified":"2025-05-04T19:17:46+00:00","mainEntityOfPage":{"@id":"https:\/\/patagoniambiental.com.ar\/info\/neuquen-sera-la-unica-provincia-con-cinco-volcanes-monitoreados-en-tiempo-real\/"},"wordCount":939,"commentCount":0,"publisher":{"@id":"https:\/\/patagoniambiental.com.ar\/info\/#organization"},"image":{"@id":"https:\/\/patagoniambiental.com.ar\/info\/neuquen-sera-la-unica-provincia-con-cinco-volcanes-monitoreados-en-tiempo-real\/#primaryimage"},"thumbnailUrl":"https:\/\/patagoniambiental.com.ar\/info\/wp-content\/uploads\/2024\/11\/volcan1.jpg","articleSection":["Neuqu\u00e9n","Noticias","Provinciales"],"inLanguage":"es","potentialAction":[{"@type":"CommentAction","name":"Comment","target":["https:\/\/patagoniambiental.com.ar\/info\/neuquen-sera-la-unica-provincia-con-cinco-volcanes-monitoreados-en-tiempo-real\/#respond"]}]},{"@type":"WebPage","@id":"https:\/\/patagoniambiental.com.ar\/info\/neuquen-sera-la-unica-provincia-con-cinco-volcanes-monitoreados-en-tiempo-real\/","url":"https:\/\/patagoniambiental.com.ar\/info\/neuquen-sera-la-unica-provincia-con-cinco-volcanes-monitoreados-en-tiempo-real\/","name":"Neuqu\u00e9n ser\u00e1 la \u00fanica provincia con cinco volcanes monitoreados en tiempo real","isPartOf":{"@id":"https:\/\/patagoniambiental.com.ar\/info\/#website"},"primaryImageOfPage":{"@id":"https:\/\/patagoniambiental.com.ar\/info\/neuquen-sera-la-unica-provincia-con-cinco-volcanes-monitoreados-en-tiempo-real\/#primaryimage"},"image":{"@id":"https:\/\/patagoniambiental.com.ar\/info\/neuquen-sera-la-unica-provincia-con-cinco-volcanes-monitoreados-en-tiempo-real\/#primaryimage"},"thumbnailUrl":"https:\/\/patagoniambiental.com.ar\/info\/wp-content\/uploads\/2024\/11\/volcan1.jpg","datePublished":"2024-11-29T16:24:03+00:00","dateModified":"2025-05-04T19:17:46+00:00","description":"Neuqu\u00e9n se posiciona como l\u00edder en la gesti\u00f3n de riesgos volc\u00e1nicos al convertirse en la \u00fanica provincia del pa\u00eds con cinco de sus volcanes m\u00e1s importantes monitoreados durante todo el d\u00eda en tiempo real.","breadcrumb":{"@id":"https:\/\/patagoniambiental.com.ar\/info\/neuquen-sera-la-unica-provincia-con-cinco-volcanes-monitoreados-en-tiempo-real\/#breadcrumb"},"inLanguage":"es","potentialAction":[{"@type":"ReadAction","target":["https:\/\/patagoniambiental.com.ar\/info\/neuquen-sera-la-unica-provincia-con-cinco-volcanes-monitoreados-en-tiempo-real\/"]}]},{"@type":"ImageObject","inLanguage":"es","@id":"https:\/\/patagoniambiental.com.ar\/info\/neuquen-sera-la-unica-provincia-con-cinco-volcanes-monitoreados-en-tiempo-real\/#primaryimage","url":"https:\/\/patagoniambiental.com.ar\/info\/wp-content\/uploads\/2024\/11\/volcan1.jpg","contentUrl":"https:\/\/patagoniambiental.com.ar\/info\/wp-content\/uploads\/2024\/11\/volcan1.jpg","width":852,"height":471},{"@type":"BreadcrumbList","@id":"https:\/\/patagoniambiental.com.ar\/info\/neuquen-sera-la-unica-provincia-con-cinco-volcanes-monitoreados-en-tiempo-real\/#breadcrumb","itemListElement":[{"@type":"ListItem","position":1,"name":"Inicio","item":"https:\/\/patagoniambiental.com.ar\/info\/"},{"@type":"ListItem","position":2,"name":"Neuqu\u00e9n ser\u00e1 la \u00fanica provincia con cinco volcanes monitoreados en tiempo real"}]},{"@type":"WebSite","@id":"https:\/\/patagoniambiental.com.ar\/info\/#website","url":"https:\/\/patagoniambiental.com.ar\/info\/","name":"Patagonia Ambiental","description":"Monitoreo y an\u00e1lisis de la situaci\u00f3n geopol\u00edtica en el mundo y su implicancia en la Patagonia","publisher":{"@id":"https:\/\/patagoniambiental.com.ar\/info\/#organization"},"potentialAction":[{"@type":"SearchAction","target":{"@type":"EntryPoint","urlTemplate":"https:\/\/patagoniambiental.com.ar\/info\/?s={search_term_string}"},"query-input":{"@type":"PropertyValueSpecification","valueRequired":true,"valueName":"search_term_string"}}],"inLanguage":"es"},{"@type":"Organization","@id":"https:\/\/patagoniambiental.com.ar\/info\/#organization","name":"Patagonia Ambiental","url":"https:\/\/patagoniambiental.com.ar\/info\/","logo":{"@type":"ImageObject","inLanguage":"es","@id":"https:\/\/patagoniambiental.com.ar\/info\/#\/schema\/logo\/image\/","url":"https:\/\/patagoniambiental.com.ar\/info\/wp-content\/uploads\/2025\/05\/LOGO-PATAGONIA-AMBIENTAL.png","contentUrl":"https:\/\/patagoniambiental.com.ar\/info\/wp-content\/uploads\/2025\/05\/LOGO-PATAGONIA-AMBIENTAL.png","width":433,"height":250,"caption":"Patagonia Ambiental"},"image":{"@id":"https:\/\/patagoniambiental.com.ar\/info\/#\/schema\/logo\/image\/"},"sameAs":["https:\/\/www.facebook.com\/patagonia.ambiental","https:\/\/x.com\/PatAmb"]},{"@type":"Person","@id":"https:\/\/patagoniambiental.com.ar\/info\/#\/schema\/person\/db12bff64bbcbf6a253710bf0ea37b5d","name":"Patagonia Ambiental","description":"Andr\u00e9s Nievas T\u00e9cnico en manejo ambiental, consultor Ambiental y escritor para medios locales e internacionales sobre temas de geopolitica y medio ambiente.","sameAs":["http:\/\/www.patagoniambiental.com.ar","https:\/\/www.facebook.com\/share\/1C1V8Gv9BX\/?mibextid=qi2Omg","@patagoniambiental","https:\/\/youtube.com\/@patagoniaambiental2023?si=BLt58t0wuXquxlYZ"]}]}},"_links":{"self":[{"href":"https:\/\/patagoniambiental.com.ar\/info\/wp-json\/wp\/v2\/posts\/91665","targetHints":{"allow":["GET"]}}],"collection":[{"href":"https:\/\/patagoniambiental.com.ar\/info\/wp-json\/wp\/v2\/posts"}],"about":[{"href":"https:\/\/patagoniambiental.com.ar\/info\/wp-json\/wp\/v2\/types\/post"}],"author":[{"embeddable":true,"href":"https:\/\/patagoniambiental.com.ar\/info\/wp-json\/wp\/v2\/users\/2"}],"replies":[{"embeddable":true,"href":"https:\/\/patagoniambiental.com.ar\/info\/wp-json\/wp\/v2\/comments?post=91665"}],"version-history":[{"count":0,"href":"https:\/\/patagoniambiental.com.ar\/info\/wp-json\/wp\/v2\/posts\/91665\/revisions"}],"wp:featuredmedia":[{"embeddable":true,"href":"https:\/\/patagoniambiental.com.ar\/info\/wp-json\/wp\/v2\/media\/91667"}],"wp:attachment":[{"href":"https:\/\/patagoniambiental.com.ar\/info\/wp-json\/wp\/v2\/media?parent=91665"}],"wp:term":[{"taxonomy":"category","embeddable":true,"href":"https:\/\/patagoniambiental.com.ar\/info\/wp-json\/wp\/v2\/categories?post=91665"},{"taxonomy":"post_tag","embeddable":true,"href":"https:\/\/patagoniambiental.com.ar\/info\/wp-json\/wp\/v2\/tags?post=91665"}],"curies":[{"name":"wp","href":"https:\/\/api.w.org\/{rel}","templated":true}]}}