{"id":91671,"date":"2024-11-29T13:27:35","date_gmt":"2024-11-29T16:27:35","guid":{"rendered":"https:\/\/patagoniambiental.com.ar\/info\/?p=91671"},"modified":"2025-05-04T16:17:45","modified_gmt":"2025-05-04T19:17:45","slug":"neuquen-lanza-el-programa-chau-derroche-para-un-uso-eficiente-de-recursos","status":"publish","type":"post","link":"https:\/\/patagoniambiental.com.ar\/info\/neuquen-lanza-el-programa-chau-derroche-para-un-uso-eficiente-de-recursos\/","title":{"rendered":"Neuqu\u00e9n lanza el programa \u201cChau Derroche\u201d para un uso eficiente de recursos"},"content":{"rendered":"\n<!--more-->\n\n\n\n<p>Neuquen, 28 de noviembre de 2024.-La provincia de Neuqu\u00e9n present\u00f3 el innovador programa \u201cChau Derroche\u201d, una iniciativa destinada a optimizar el consumo de agua, electricidad, gas y otros recursos energ\u00e9ticos. El programa fue anunciado por el gobernador Rolando Figueroa en colaboraci\u00f3n con la Universidad Nacional del Comahue (UNCo) y los municipios de Neuqu\u00e9n capital, Alumin\u00e9 y Pic\u00fan Leuf\u00fa, y tiene como objetivo reducir el consumo innecesario de estos servicios esenciales mediante visitas domiciliarias.<\/p>\n\n\n\n<p><strong>Reducir el consumo y promover la conciencia ambiental<\/strong><\/p>\n\n\n\n<p>El programa comienza con una prueba piloto que abarcar\u00e1 900 viviendas distribuidas entre las tres localidades mencionadas. A trav\u00e9s de visitas casa por casa, se proporcionar\u00e1 folleter\u00eda educativa sobre el uso eficiente de los recursos y se verificar\u00e1 el estado de las instalaciones. La participaci\u00f3n ser\u00e1 voluntaria, y los vecinos podr\u00e1n inscribirse previamente a trav\u00e9s del sitio web oficial del programa: <a href=\"https:\/\/chauderroche.neuquen.gov.ar\/\">chauderroche.neuquen.gov.ar<\/a>.<\/p>\n\n\n\n<p>El gobernador Figueroa destac\u00f3 la importancia de abordar el consumo energ\u00e9tico de manera responsable y apunt\u00f3 que la gesti\u00f3n del agua es un tema clave para el desarrollo de la provincia. \u201cLa campa\u00f1a es un gran paso para cambiar la mentalidad sobre el uso de nuestros recursos, y para esto necesitamos la colaboraci\u00f3n de todos los ciudadanos\u201d, afirm\u00f3 Figueroa.<\/p>\n\n\n\n<p>El programa tambi\u00e9n busca corregir las deficiencias en las redes de distribuci\u00f3n, que seg\u00fan expertos locales, permiten un desperdicio considerable de agua potable. En este sentido, el ministro de Infraestructura, Rub\u00e9n Etcheverry, revel\u00f3 que, seg\u00fan la Organizaci\u00f3n Mundial de la Salud, el consumo promedio recomendado por persona es de 100 litros diarios, pero en Neuqu\u00e9n se consume hasta seis veces m\u00e1s, lo que genera una enorme presi\u00f3n sobre los recursos h\u00eddricos.<\/p>\n\n\n\n<p><strong>La colaboraci\u00f3n de la UNCo y los municipios<\/strong><\/p>\n\n\n\n<p>El programa cuenta con la colaboraci\u00f3n de la Facultad de Ingenier\u00eda de la UNCo, cuyo decano, Ana Mar\u00eda Basset, agradeci\u00f3 la oportunidad de participar en la iniciativa. Basset subray\u00f3 que el objetivo es ense\u00f1ar a los ciudadanos a cuidar los recursos naturales de la provincia, especialmente el agua y la energ\u00eda, dos elementos que son esenciales en una regi\u00f3n con caracter\u00edsticas geogr\u00e1ficas particulares.<\/p>\n\n\n\n<p>En su intervenci\u00f3n, Basset resalt\u00f3 la importancia de llevar el conocimiento directamente a los hogares, donde se encuentra la clave para lograr un cambio real en los h\u00e1bitos de consumo. \u201cDebemos ser responsables con los recursos que tenemos para garantizar su disponibilidad para las generaciones futuras\u201d, expres\u00f3.<\/p>\n\n\n\n<p><strong>El impacto econ\u00f3mico del derroche<\/strong><\/p>\n\n\n\n<p>El derroche de agua y energ\u00eda tiene consecuencias econ\u00f3micas y ambientales. Seg\u00fan el informe presentado durante el lanzamiento del programa, el desperdicio de agua debido a instalaciones defectuosas, como canillas que gotean, puede resultar en p\u00e9rdidas de hasta un metro c\u00fabico por mes, lo que equivale a aproximadamente 30.000 pesos por persona al a\u00f1o. Con 100.000 viviendas en la provincia, esto representa un ahorro potencial de hasta 36 millones de d\u00f3lares anuales solo evitando las p\u00e9rdidas por fugas en las redes y las instalaciones dom\u00e9sticas.<\/p>\n\n\n\n<p><strong>Objetivos y acciones del programa \u00abChau Derroche\u00bb<\/strong><\/p>\n\n\n\n<p>Entre los principales objetivos del programa \u201cChau Derroche\u201d se incluyen:<\/p>\n\n\n\n<ul class=\"wp-block-list\">\n<li>Promover la reparaci\u00f3n de p\u00e9rdidas de agua, gas y electricidad en las viviendas.<\/li>\n\n\n\n<li>Sustituir electrodom\u00e9sticos ineficientes o antiguos por modelos m\u00e1s eficientes.<\/li>\n\n\n\n<li>Mejorar la seguridad el\u00e9ctrica y la climatizaci\u00f3n en los hogares.<\/li>\n\n\n\n<li>Concientizar sobre el cuidado de los recursos y su impacto en el medio ambiente.<\/li>\n<\/ul>\n\n\n\n<p>El programa cuenta con el respaldo de diversas dependencias gubernamentales, como el Ministerio de Infraestructura (EPAS y EPEN), la cartera de Desarrollo Humano y la Direcci\u00f3n Provincial de Protecci\u00f3n Civil, as\u00ed como con la colaboraci\u00f3n activa de los municipios locales.<\/p>\n\n\n\n<p><strong>Un paso hacia la sostenibilidad<\/strong><\/p>\n\n\n\n<p>Este programa representa un avance significativo en la b\u00fasqueda de la sostenibilidad en Neuqu\u00e9n, no solo desde el punto de vista econ\u00f3mico, sino tambi\u00e9n desde una perspectiva ambiental. Al reducir el consumo excesivo de recursos, el gobierno provincial apuesta por un modelo m\u00e1s eficiente y responsable que pueda ser replicado en otras regiones del pa\u00eds. De esta manera, Neuqu\u00e9n se posiciona como un referente en la gesti\u00f3n eficiente de sus recursos naturales, con el objetivo de promover un desarrollo m\u00e1s equilibrado y sostenible para el futuro.<\/p>\n","protected":false},"excerpt":{"rendered":"","protected":false},"author":2,"featured_media":91672,"comment_status":"open","ping_status":"open","sticky":false,"template":"","format":"standard","meta":{"site-sidebar-layout":"default","site-content-layout":"","ast-site-content-layout":"default","site-content-style":"default","site-sidebar-style":"default","ast-global-header-display":"","ast-banner-title-visibility":"","ast-main-header-display":"","ast-hfb-above-header-display":"","ast-hfb-below-header-display":"","ast-hfb-mobile-header-display":"","site-post-title":"","ast-breadcrumbs-content":"","ast-featured-img":"","footer-sml-layout":"","ast-disable-related-posts":"","theme-transparent-header-meta":"","adv-header-id-meta":"","stick-header-meta":"","header-above-stick-meta":"","header-main-stick-meta":"","header-below-stick-meta":"","astra-migrate-meta-layouts":"default","ast-page-background-enabled":"default","ast-page-background-meta":{"desktop":{"background-color":"var(--ast-global-color-5)","background-image":"","background-repeat":"repeat","background-position":"center center","background-size":"auto","background-attachment":"scroll","background-type":"","background-media":"","overlay-type":"","overlay-color":"","overlay-opacity":"","overlay-gradient":""},"tablet":{"background-color":"","background-image":"","background-repeat":"repeat","background-position":"center center","background-size":"auto","background-attachment":"scroll","background-type":"","background-media":"","overlay-type":"","overlay-color":"","overlay-opacity":"","overlay-gradient":""},"mobile":{"background-color":"","background-image":"","background-repeat":"repeat","background-position":"center center","background-size":"auto","background-attachment":"scroll","background-type":"","background-media":"","overlay-type":"","overlay-color":"","overlay-opacity":"","overlay-gradient":""}},"ast-content-background-meta":{"desktop":{"background-color":"var(--ast-global-color-4)","background-image":"","background-repeat":"repeat","background-position":"center center","background-size":"auto","background-attachment":"scroll","background-type":"","background-media":"","overlay-type":"","overlay-color":"","overlay-opacity":"","overlay-gradient":""},"tablet":{"background-color":"var(--ast-global-color-4)","background-image":"","background-repeat":"repeat","background-position":"center center","background-size":"auto","background-attachment":"scroll","background-type":"","background-media":"","overlay-type":"","overlay-color":"","overlay-opacity":"","overlay-gradient":""},"mobile":{"background-color":"var(--ast-global-color-4)","background-image":"","background-repeat":"repeat","background-position":"center center","background-size":"auto","background-attachment":"scroll","background-type":"","background-media":"","overlay-type":"","overlay-color":"","overlay-opacity":"","overlay-gradient":""}},"footnotes":""},"categories":[18,1,13],"tags":[],"class_list":["post-91671","post","type-post","status-publish","format-standard","has-post-thumbnail","hentry","category-neuquen","category-noticias","category-provinciales"],"yoast_head":"<!-- This site is optimized with the Yoast SEO Premium plugin v23.0 (Yoast SEO v27.5) - https:\/\/yoast.com\/product\/yoast-seo-premium-wordpress\/ -->\n<title>Neuqu\u00e9n lanza el programa \u201cChau Derroche\u201d para un uso eficiente de recursos<\/title>\n<meta name=\"description\" content=\"La provincia de Neuqu\u00e9n present\u00f3 el innovador programa \u201cChau Derroche\u201d, una iniciativa destinada a optimizar el consumo de agua, electricidad, gas y otros recursos energ\u00e9ticos.\" \/>\n<meta name=\"robots\" content=\"index, follow, max-snippet:-1, max-image-preview:large, max-video-preview:-1\" \/>\n<link rel=\"canonical\" href=\"https:\/\/patagoniambiental.com.ar\/info\/neuquen-lanza-el-programa-chau-derroche-para-un-uso-eficiente-de-recursos\/\" \/>\n<meta property=\"og:locale\" content=\"es_ES\" \/>\n<meta property=\"og:type\" content=\"article\" \/>\n<meta property=\"og:title\" content=\"Neuqu\u00e9n lanza el programa \u201cChau Derroche\u201d para un uso eficiente de recursos\" \/>\n<meta property=\"og:description\" content=\"La provincia de Neuqu\u00e9n present\u00f3 el innovador programa \u201cChau Derroche\u201d, una iniciativa destinada a optimizar el consumo de agua, electricidad, gas y otros recursos energ\u00e9ticos.\" \/>\n<meta property=\"og:url\" content=\"https:\/\/patagoniambiental.com.ar\/info\/neuquen-lanza-el-programa-chau-derroche-para-un-uso-eficiente-de-recursos\/\" \/>\n<meta property=\"og:site_name\" content=\"Patagonia Ambiental\" \/>\n<meta property=\"article:publisher\" content=\"https:\/\/www.facebook.com\/patagonia.ambiental\" \/>\n<meta property=\"article:author\" content=\"https:\/\/www.facebook.com\/share\/1C1V8Gv9BX\/?mibextid=qi2Omg\" \/>\n<meta property=\"article:published_time\" content=\"2024-11-29T16:27:35+00:00\" \/>\n<meta property=\"article:modified_time\" content=\"2025-05-04T19:17:45+00:00\" \/>\n<meta property=\"og:image\" content=\"https:\/\/patagoniambiental.com.ar\/info\/wp-content\/uploads\/2024\/11\/1-53.jpg\" \/>\n\t<meta property=\"og:image:width\" content=\"832\" \/>\n\t<meta property=\"og:image:height\" content=\"446\" \/>\n\t<meta property=\"og:image:type\" content=\"image\/jpeg\" \/>\n<meta name=\"author\" content=\"Patagonia Ambiental\" \/>\n<meta name=\"twitter:card\" content=\"summary_large_image\" \/>\n<meta name=\"twitter:creator\" content=\"@PatAmb\" \/>\n<meta name=\"twitter:site\" content=\"@PatAmb\" \/>\n<script type=\"application\/ld+json\" class=\"yoast-schema-graph\">{\"@context\":\"https:\\\/\\\/schema.org\",\"@graph\":[{\"@type\":\"Article\",\"@id\":\"https:\\\/\\\/patagoniambiental.com.ar\\\/info\\\/neuquen-lanza-el-programa-chau-derroche-para-un-uso-eficiente-de-recursos\\\/#article\",\"isPartOf\":{\"@id\":\"https:\\\/\\\/patagoniambiental.com.ar\\\/info\\\/neuquen-lanza-el-programa-chau-derroche-para-un-uso-eficiente-de-recursos\\\/\"},\"author\":{\"name\":\"Patagonia Ambiental\",\"@id\":\"https:\\\/\\\/patagoniambiental.com.ar\\\/info\\\/#\\\/schema\\\/person\\\/db12bff64bbcbf6a253710bf0ea37b5d\"},\"headline\":\"Neuqu\u00e9n lanza el programa \u201cChau Derroche\u201d para un uso eficiente de recursos\",\"datePublished\":\"2024-11-29T16:27:35+00:00\",\"dateModified\":\"2025-05-04T19:17:45+00:00\",\"mainEntityOfPage\":{\"@id\":\"https:\\\/\\\/patagoniambiental.com.ar\\\/info\\\/neuquen-lanza-el-programa-chau-derroche-para-un-uso-eficiente-de-recursos\\\/\"},\"wordCount\":748,\"commentCount\":0,\"publisher\":{\"@id\":\"https:\\\/\\\/patagoniambiental.com.ar\\\/info\\\/#organization\"},\"image\":{\"@id\":\"https:\\\/\\\/patagoniambiental.com.ar\\\/info\\\/neuquen-lanza-el-programa-chau-derroche-para-un-uso-eficiente-de-recursos\\\/#primaryimage\"},\"thumbnailUrl\":\"https:\\\/\\\/patagoniambiental.com.ar\\\/info\\\/wp-content\\\/uploads\\\/2024\\\/11\\\/1-53.jpg\",\"articleSection\":[\"Neuqu\u00e9n\",\"Noticias\",\"Provinciales\"],\"inLanguage\":\"es\",\"potentialAction\":[{\"@type\":\"CommentAction\",\"name\":\"Comment\",\"target\":[\"https:\\\/\\\/patagoniambiental.com.ar\\\/info\\\/neuquen-lanza-el-programa-chau-derroche-para-un-uso-eficiente-de-recursos\\\/#respond\"]}]},{\"@type\":\"WebPage\",\"@id\":\"https:\\\/\\\/patagoniambiental.com.ar\\\/info\\\/neuquen-lanza-el-programa-chau-derroche-para-un-uso-eficiente-de-recursos\\\/\",\"url\":\"https:\\\/\\\/patagoniambiental.com.ar\\\/info\\\/neuquen-lanza-el-programa-chau-derroche-para-un-uso-eficiente-de-recursos\\\/\",\"name\":\"Neuqu\u00e9n lanza el programa \u201cChau Derroche\u201d para un uso eficiente de recursos\",\"isPartOf\":{\"@id\":\"https:\\\/\\\/patagoniambiental.com.ar\\\/info\\\/#website\"},\"primaryImageOfPage\":{\"@id\":\"https:\\\/\\\/patagoniambiental.com.ar\\\/info\\\/neuquen-lanza-el-programa-chau-derroche-para-un-uso-eficiente-de-recursos\\\/#primaryimage\"},\"image\":{\"@id\":\"https:\\\/\\\/patagoniambiental.com.ar\\\/info\\\/neuquen-lanza-el-programa-chau-derroche-para-un-uso-eficiente-de-recursos\\\/#primaryimage\"},\"thumbnailUrl\":\"https:\\\/\\\/patagoniambiental.com.ar\\\/info\\\/wp-content\\\/uploads\\\/2024\\\/11\\\/1-53.jpg\",\"datePublished\":\"2024-11-29T16:27:35+00:00\",\"dateModified\":\"2025-05-04T19:17:45+00:00\",\"description\":\"La provincia de Neuqu\u00e9n present\u00f3 el innovador programa \u201cChau Derroche\u201d, una iniciativa destinada a optimizar el consumo de agua, electricidad, gas y otros recursos energ\u00e9ticos.\",\"breadcrumb\":{\"@id\":\"https:\\\/\\\/patagoniambiental.com.ar\\\/info\\\/neuquen-lanza-el-programa-chau-derroche-para-un-uso-eficiente-de-recursos\\\/#breadcrumb\"},\"inLanguage\":\"es\",\"potentialAction\":[{\"@type\":\"ReadAction\",\"target\":[\"https:\\\/\\\/patagoniambiental.com.ar\\\/info\\\/neuquen-lanza-el-programa-chau-derroche-para-un-uso-eficiente-de-recursos\\\/\"]}]},{\"@type\":\"ImageObject\",\"inLanguage\":\"es\",\"@id\":\"https:\\\/\\\/patagoniambiental.com.ar\\\/info\\\/neuquen-lanza-el-programa-chau-derroche-para-un-uso-eficiente-de-recursos\\\/#primaryimage\",\"url\":\"https:\\\/\\\/patagoniambiental.com.ar\\\/info\\\/wp-content\\\/uploads\\\/2024\\\/11\\\/1-53.jpg\",\"contentUrl\":\"https:\\\/\\\/patagoniambiental.com.ar\\\/info\\\/wp-content\\\/uploads\\\/2024\\\/11\\\/1-53.jpg\",\"width\":832,\"height\":446},{\"@type\":\"BreadcrumbList\",\"@id\":\"https:\\\/\\\/patagoniambiental.com.ar\\\/info\\\/neuquen-lanza-el-programa-chau-derroche-para-un-uso-eficiente-de-recursos\\\/#breadcrumb\",\"itemListElement\":[{\"@type\":\"ListItem\",\"position\":1,\"name\":\"Inicio\",\"item\":\"https:\\\/\\\/patagoniambiental.com.ar\\\/info\\\/\"},{\"@type\":\"ListItem\",\"position\":2,\"name\":\"Neuqu\u00e9n lanza el programa \u201cChau Derroche\u201d para un uso eficiente de recursos\"}]},{\"@type\":\"WebSite\",\"@id\":\"https:\\\/\\\/patagoniambiental.com.ar\\\/info\\\/#website\",\"url\":\"https:\\\/\\\/patagoniambiental.com.ar\\\/info\\\/\",\"name\":\"Patagonia Ambiental\",\"description\":\"Monitoreo y an\u00e1lisis de la situaci\u00f3n geopol\u00edtica en el mundo y su implicancia en la Patagonia\",\"publisher\":{\"@id\":\"https:\\\/\\\/patagoniambiental.com.ar\\\/info\\\/#organization\"},\"potentialAction\":[{\"@type\":\"SearchAction\",\"target\":{\"@type\":\"EntryPoint\",\"urlTemplate\":\"https:\\\/\\\/patagoniambiental.com.ar\\\/info\\\/?s={search_term_string}\"},\"query-input\":{\"@type\":\"PropertyValueSpecification\",\"valueRequired\":true,\"valueName\":\"search_term_string\"}}],\"inLanguage\":\"es\"},{\"@type\":\"Organization\",\"@id\":\"https:\\\/\\\/patagoniambiental.com.ar\\\/info\\\/#organization\",\"name\":\"Patagonia Ambiental\",\"url\":\"https:\\\/\\\/patagoniambiental.com.ar\\\/info\\\/\",\"logo\":{\"@type\":\"ImageObject\",\"inLanguage\":\"es\",\"@id\":\"https:\\\/\\\/patagoniambiental.com.ar\\\/info\\\/#\\\/schema\\\/logo\\\/image\\\/\",\"url\":\"https:\\\/\\\/patagoniambiental.com.ar\\\/info\\\/wp-content\\\/uploads\\\/2025\\\/05\\\/LOGO-PATAGONIA-AMBIENTAL.png\",\"contentUrl\":\"https:\\\/\\\/patagoniambiental.com.ar\\\/info\\\/wp-content\\\/uploads\\\/2025\\\/05\\\/LOGO-PATAGONIA-AMBIENTAL.png\",\"width\":433,\"height\":250,\"caption\":\"Patagonia Ambiental\"},\"image\":{\"@id\":\"https:\\\/\\\/patagoniambiental.com.ar\\\/info\\\/#\\\/schema\\\/logo\\\/image\\\/\"},\"sameAs\":[\"https:\\\/\\\/www.facebook.com\\\/patagonia.ambiental\",\"https:\\\/\\\/x.com\\\/PatAmb\"]},{\"@type\":\"Person\",\"@id\":\"https:\\\/\\\/patagoniambiental.com.ar\\\/info\\\/#\\\/schema\\\/person\\\/db12bff64bbcbf6a253710bf0ea37b5d\",\"name\":\"Patagonia Ambiental\",\"description\":\"Andr\u00e9s Nievas T\u00e9cnico en manejo ambiental, consultor Ambiental y escritor para medios locales e internacionales sobre temas de geopolitica y medio ambiente.\",\"sameAs\":[\"http:\\\/\\\/www.patagoniambiental.com.ar\",\"https:\\\/\\\/www.facebook.com\\\/share\\\/1C1V8Gv9BX\\\/?mibextid=qi2Omg\",\"@patagoniambiental\",\"https:\\\/\\\/youtube.com\\\/@patagoniaambiental2023?si=BLt58t0wuXquxlYZ\"]}]}<\/script>\n<!-- \/ Yoast SEO Premium plugin. -->","yoast_head_json":{"title":"Neuqu\u00e9n lanza el programa \u201cChau Derroche\u201d para un uso eficiente de recursos","description":"La provincia de Neuqu\u00e9n present\u00f3 el innovador programa \u201cChau Derroche\u201d, una iniciativa destinada a optimizar el consumo de agua, electricidad, gas y otros recursos energ\u00e9ticos.","robots":{"index":"index","follow":"follow","max-snippet":"max-snippet:-1","max-image-preview":"max-image-preview:large","max-video-preview":"max-video-preview:-1"},"canonical":"https:\/\/patagoniambiental.com.ar\/info\/neuquen-lanza-el-programa-chau-derroche-para-un-uso-eficiente-de-recursos\/","og_locale":"es_ES","og_type":"article","og_title":"Neuqu\u00e9n lanza el programa \u201cChau Derroche\u201d para un uso eficiente de recursos","og_description":"La provincia de Neuqu\u00e9n present\u00f3 el innovador programa \u201cChau Derroche\u201d, una iniciativa destinada a optimizar el consumo de agua, electricidad, gas y otros recursos energ\u00e9ticos.","og_url":"https:\/\/patagoniambiental.com.ar\/info\/neuquen-lanza-el-programa-chau-derroche-para-un-uso-eficiente-de-recursos\/","og_site_name":"Patagonia Ambiental","article_publisher":"https:\/\/www.facebook.com\/patagonia.ambiental","article_author":"https:\/\/www.facebook.com\/share\/1C1V8Gv9BX\/?mibextid=qi2Omg","article_published_time":"2024-11-29T16:27:35+00:00","article_modified_time":"2025-05-04T19:17:45+00:00","og_image":[{"width":832,"height":446,"url":"https:\/\/patagoniambiental.com.ar\/info\/wp-content\/uploads\/2024\/11\/1-53.jpg","type":"image\/jpeg"}],"author":"Patagonia Ambiental","twitter_card":"summary_large_image","twitter_creator":"@PatAmb","twitter_site":"@PatAmb","schema":{"@context":"https:\/\/schema.org","@graph":[{"@type":"Article","@id":"https:\/\/patagoniambiental.com.ar\/info\/neuquen-lanza-el-programa-chau-derroche-para-un-uso-eficiente-de-recursos\/#article","isPartOf":{"@id":"https:\/\/patagoniambiental.com.ar\/info\/neuquen-lanza-el-programa-chau-derroche-para-un-uso-eficiente-de-recursos\/"},"author":{"name":"Patagonia Ambiental","@id":"https:\/\/patagoniambiental.com.ar\/info\/#\/schema\/person\/db12bff64bbcbf6a253710bf0ea37b5d"},"headline":"Neuqu\u00e9n lanza el programa \u201cChau Derroche\u201d para un uso eficiente de recursos","datePublished":"2024-11-29T16:27:35+00:00","dateModified":"2025-05-04T19:17:45+00:00","mainEntityOfPage":{"@id":"https:\/\/patagoniambiental.com.ar\/info\/neuquen-lanza-el-programa-chau-derroche-para-un-uso-eficiente-de-recursos\/"},"wordCount":748,"commentCount":0,"publisher":{"@id":"https:\/\/patagoniambiental.com.ar\/info\/#organization"},"image":{"@id":"https:\/\/patagoniambiental.com.ar\/info\/neuquen-lanza-el-programa-chau-derroche-para-un-uso-eficiente-de-recursos\/#primaryimage"},"thumbnailUrl":"https:\/\/patagoniambiental.com.ar\/info\/wp-content\/uploads\/2024\/11\/1-53.jpg","articleSection":["Neuqu\u00e9n","Noticias","Provinciales"],"inLanguage":"es","potentialAction":[{"@type":"CommentAction","name":"Comment","target":["https:\/\/patagoniambiental.com.ar\/info\/neuquen-lanza-el-programa-chau-derroche-para-un-uso-eficiente-de-recursos\/#respond"]}]},{"@type":"WebPage","@id":"https:\/\/patagoniambiental.com.ar\/info\/neuquen-lanza-el-programa-chau-derroche-para-un-uso-eficiente-de-recursos\/","url":"https:\/\/patagoniambiental.com.ar\/info\/neuquen-lanza-el-programa-chau-derroche-para-un-uso-eficiente-de-recursos\/","name":"Neuqu\u00e9n lanza el programa \u201cChau Derroche\u201d para un uso eficiente de recursos","isPartOf":{"@id":"https:\/\/patagoniambiental.com.ar\/info\/#website"},"primaryImageOfPage":{"@id":"https:\/\/patagoniambiental.com.ar\/info\/neuquen-lanza-el-programa-chau-derroche-para-un-uso-eficiente-de-recursos\/#primaryimage"},"image":{"@id":"https:\/\/patagoniambiental.com.ar\/info\/neuquen-lanza-el-programa-chau-derroche-para-un-uso-eficiente-de-recursos\/#primaryimage"},"thumbnailUrl":"https:\/\/patagoniambiental.com.ar\/info\/wp-content\/uploads\/2024\/11\/1-53.jpg","datePublished":"2024-11-29T16:27:35+00:00","dateModified":"2025-05-04T19:17:45+00:00","description":"La provincia de Neuqu\u00e9n present\u00f3 el innovador programa \u201cChau Derroche\u201d, una iniciativa destinada a optimizar el consumo de agua, electricidad, gas y otros recursos energ\u00e9ticos.","breadcrumb":{"@id":"https:\/\/patagoniambiental.com.ar\/info\/neuquen-lanza-el-programa-chau-derroche-para-un-uso-eficiente-de-recursos\/#breadcrumb"},"inLanguage":"es","potentialAction":[{"@type":"ReadAction","target":["https:\/\/patagoniambiental.com.ar\/info\/neuquen-lanza-el-programa-chau-derroche-para-un-uso-eficiente-de-recursos\/"]}]},{"@type":"ImageObject","inLanguage":"es","@id":"https:\/\/patagoniambiental.com.ar\/info\/neuquen-lanza-el-programa-chau-derroche-para-un-uso-eficiente-de-recursos\/#primaryimage","url":"https:\/\/patagoniambiental.com.ar\/info\/wp-content\/uploads\/2024\/11\/1-53.jpg","contentUrl":"https:\/\/patagoniambiental.com.ar\/info\/wp-content\/uploads\/2024\/11\/1-53.jpg","width":832,"height":446},{"@type":"BreadcrumbList","@id":"https:\/\/patagoniambiental.com.ar\/info\/neuquen-lanza-el-programa-chau-derroche-para-un-uso-eficiente-de-recursos\/#breadcrumb","itemListElement":[{"@type":"ListItem","position":1,"name":"Inicio","item":"https:\/\/patagoniambiental.com.ar\/info\/"},{"@type":"ListItem","position":2,"name":"Neuqu\u00e9n lanza el programa \u201cChau Derroche\u201d para un uso eficiente de recursos"}]},{"@type":"WebSite","@id":"https:\/\/patagoniambiental.com.ar\/info\/#website","url":"https:\/\/patagoniambiental.com.ar\/info\/","name":"Patagonia Ambiental","description":"Monitoreo y an\u00e1lisis de la situaci\u00f3n geopol\u00edtica en el mundo y su implicancia en la Patagonia","publisher":{"@id":"https:\/\/patagoniambiental.com.ar\/info\/#organization"},"potentialAction":[{"@type":"SearchAction","target":{"@type":"EntryPoint","urlTemplate":"https:\/\/patagoniambiental.com.ar\/info\/?s={search_term_string}"},"query-input":{"@type":"PropertyValueSpecification","valueRequired":true,"valueName":"search_term_string"}}],"inLanguage":"es"},{"@type":"Organization","@id":"https:\/\/patagoniambiental.com.ar\/info\/#organization","name":"Patagonia Ambiental","url":"https:\/\/patagoniambiental.com.ar\/info\/","logo":{"@type":"ImageObject","inLanguage":"es","@id":"https:\/\/patagoniambiental.com.ar\/info\/#\/schema\/logo\/image\/","url":"https:\/\/patagoniambiental.com.ar\/info\/wp-content\/uploads\/2025\/05\/LOGO-PATAGONIA-AMBIENTAL.png","contentUrl":"https:\/\/patagoniambiental.com.ar\/info\/wp-content\/uploads\/2025\/05\/LOGO-PATAGONIA-AMBIENTAL.png","width":433,"height":250,"caption":"Patagonia Ambiental"},"image":{"@id":"https:\/\/patagoniambiental.com.ar\/info\/#\/schema\/logo\/image\/"},"sameAs":["https:\/\/www.facebook.com\/patagonia.ambiental","https:\/\/x.com\/PatAmb"]},{"@type":"Person","@id":"https:\/\/patagoniambiental.com.ar\/info\/#\/schema\/person\/db12bff64bbcbf6a253710bf0ea37b5d","name":"Patagonia Ambiental","description":"Andr\u00e9s Nievas T\u00e9cnico en manejo ambiental, consultor Ambiental y escritor para medios locales e internacionales sobre temas de geopolitica y medio ambiente.","sameAs":["http:\/\/www.patagoniambiental.com.ar","https:\/\/www.facebook.com\/share\/1C1V8Gv9BX\/?mibextid=qi2Omg","@patagoniambiental","https:\/\/youtube.com\/@patagoniaambiental2023?si=BLt58t0wuXquxlYZ"]}]}},"_links":{"self":[{"href":"https:\/\/patagoniambiental.com.ar\/info\/wp-json\/wp\/v2\/posts\/91671","targetHints":{"allow":["GET"]}}],"collection":[{"href":"https:\/\/patagoniambiental.com.ar\/info\/wp-json\/wp\/v2\/posts"}],"about":[{"href":"https:\/\/patagoniambiental.com.ar\/info\/wp-json\/wp\/v2\/types\/post"}],"author":[{"embeddable":true,"href":"https:\/\/patagoniambiental.com.ar\/info\/wp-json\/wp\/v2\/users\/2"}],"replies":[{"embeddable":true,"href":"https:\/\/patagoniambiental.com.ar\/info\/wp-json\/wp\/v2\/comments?post=91671"}],"version-history":[{"count":0,"href":"https:\/\/patagoniambiental.com.ar\/info\/wp-json\/wp\/v2\/posts\/91671\/revisions"}],"wp:featuredmedia":[{"embeddable":true,"href":"https:\/\/patagoniambiental.com.ar\/info\/wp-json\/wp\/v2\/media\/91672"}],"wp:attachment":[{"href":"https:\/\/patagoniambiental.com.ar\/info\/wp-json\/wp\/v2\/media?parent=91671"}],"wp:term":[{"taxonomy":"category","embeddable":true,"href":"https:\/\/patagoniambiental.com.ar\/info\/wp-json\/wp\/v2\/categories?post=91671"},{"taxonomy":"post_tag","embeddable":true,"href":"https:\/\/patagoniambiental.com.ar\/info\/wp-json\/wp\/v2\/tags?post=91671"}],"curies":[{"name":"wp","href":"https:\/\/api.w.org\/{rel}","templated":true}]}}