{"id":91731,"date":"2024-12-09T12:01:10","date_gmt":"2024-12-09T15:01:10","guid":{"rendered":"https:\/\/patagoniambiental.com.ar\/info\/?p=91731"},"modified":"2025-05-04T16:17:31","modified_gmt":"2025-05-04T19:17:31","slug":"reunion-en-bariloche-refuerza-la-cooperacion-patagonica-frente-a-incendios-forestales","status":"publish","type":"post","link":"https:\/\/patagoniambiental.com.ar\/info\/reunion-en-bariloche-refuerza-la-cooperacion-patagonica-frente-a-incendios-forestales\/","title":{"rendered":"Reuni\u00f3n en Bariloche refuerza la cooperaci\u00f3n patag\u00f3nica frente a incendios forestales"},"content":{"rendered":"\n<!--more-->\n\n\n\n<p>Bariloche, Provincia de Rio Negro, 9 de diciembre e 2024. El Gobierno del Chubut, a trav\u00e9s de su participaci\u00f3n en una importante reuni\u00f3n en San Carlos de Bariloche, destac\u00f3 la necesidad de una respuesta conjunta ante los incendios forestales que amenazan la regi\u00f3n patag\u00f3nica. La convocatoria, que reuni\u00f3 a representantes de diversas provincias y organismos nacionales, se centr\u00f3 en coordinar esfuerzos para hacer frente a los desaf\u00edos de los pr\u00f3ximos d\u00edas, cuando se esperan condiciones clim\u00e1ticas que podr\u00edan aumentar el riesgo de siniestros en la zona.<\/p>\n\n\n\n<p><a href=\"https:\/\/patagoniambiental.com.ar\/info\/prohibicion-de-quemas-de-residuos-vegetales-en-chubut-para-prevenir-incendios\/\">Noticia relacionada: Prohibici\u00f3n de quemas de residuos vegetales en Chubut para prevenir incendios<\/a><\/p>\n\n\n\n<p>El evento, que forma parte de una serie de reuniones organizadas bajo el marco del Sistema Nacional para la Gesti\u00f3n Integral del Riesgo (SINAGIR), cont\u00f3 con la presencia de autoridades locales, provinciales y nacionales, con el objetivo de fortalecer la capacidad de respuesta ante emergencias. Desde la provincia de Chubut, el subsecretario de Protecci\u00f3n Ciudadana, Eduardo P\u00e9rez, asisti\u00f3 acompa\u00f1ado de miembros del Servicio Provincial del Manejo del Fuego, para unirse a la discusi\u00f3n sobre las estrategias a seguir en caso de incendios de gran magnitud.<\/p>\n\n\n\n<h2 class=\"wp-block-heading\" id=\"h-un-enfoque-integral-ante-los-incendios-en-la-patagonia\">Un enfoque integral ante los incendios en la Patagonia<\/h2>\n\n\n\n<p>El encuentro, realizado en la ciudad rionegrina de Bariloche, se centr\u00f3 en los pron\u00f3sticos meteorol\u00f3gicos que afectan a la regi\u00f3n en las pr\u00f3ximas semanas, un factor crucial para prever y mitigar los efectos de los incendios forestales. El cambio clim\u00e1tico ha incrementado la frecuencia y la intensidad de estos eventos, por lo que la coordinaci\u00f3n entre las provincias es esencial para una respuesta efectiva.<\/p>\n\n\n\n<p>Junto a los funcionarios de Chubut, participaron representantes de otras provincias patag\u00f3nicas como Neuqu\u00e9n, R\u00edo Negro, Santa Cruz y Tierra del Fuego. La colaboraci\u00f3n se extendi\u00f3 a nivel nacional, con la presencia de autoridades del Servicio Nacional de Manejo del Fuego y de la Direcci\u00f3n General de Protecci\u00f3n Civil de la Naci\u00f3n. Adem\u00e1s, se sumaron los miembros de las fuerzas armadas y de seguridad, como el Ej\u00e9rcito Argentino, Gendarmer\u00eda Nacional, la Polic\u00eda Federal y la Prefectura Naval, quienes jugar\u00e1n un papel clave en las intervenciones.<\/p>\n\n\n\n<p><a href=\"https:\/\/patagoniambiental.com.ar\/info\/chubut-refuerza-la-prevencion-de-incendios-en-la-cordillera-para-el-verano\/\">Noticia relacionada: Chubut refuerza la prevenci\u00f3n de incendios en la cordillera para el verano<\/a><\/p>\n\n\n\n<h2 class=\"wp-block-heading\" id=\"h-preparacion-ante-lo-inesperado\">Preparaci\u00f3n ante lo inesperado<\/h2>\n\n\n\n<p>Uno de los aspectos m\u00e1s destacados de la reuni\u00f3n fue la evaluaci\u00f3n de los recursos disponibles para enfrentar incendios, tanto humanos como materiales. A medida que la temporada estival se aproxima, las autoridades acordaron un plan de acci\u00f3n conjunto para asegurar que cada provincia cuente con los medios necesarios para actuar de manera r\u00e1pida y eficaz ante cualquier emergencia.<\/p>\n\n\n\n<p>Adem\u00e1s, se trat\u00f3 la importancia de la prevenci\u00f3n y el monitoreo constante de las condiciones del terreno, un tema fundamental para la gesti\u00f3n de riesgos. La colaboraci\u00f3n interprovincial es crucial, ya que los incendios no respetan fronteras y pueden extenderse r\u00e1pidamente, afectando varios territorios al mismo tiempo.<\/p>\n\n\n\n<h3 class=\"wp-block-heading\" id=\"h-la-importancia-de-la-colaboracion-regional\">La importancia de la colaboraci\u00f3n regional<\/h3>\n\n\n\n<p>Este tipo de encuentros son fundamentales para establecer una red de apoyo mutuo en la Patagonia, una regi\u00f3n en la que los incendios forestales representan una amenaza constante tanto para la biodiversidad como para las comunidades locales. La coordinaci\u00f3n entre las distintas provincias y los organismos de seguridad garantiza que se pueda actuar de manera organizada y sin\u00e9rgica, evitando duplicar esfuerzos y mejorando la efectividad en las intervenciones.<\/p>\n\n\n\n<p><a href=\"https:\/\/patagoniambiental.com.ar\/info\/incendios-forestales-chubut-es-la-provincia-patagonica-con-mayor-perdida-de-bosques\/\">Noticia relacionada: Chubut es la provincia patag\u00f3nica con mayor p\u00e9rdida de bosques por incendios<br><\/a><\/p>\n\n\n\n<p>Los incendios forestales en la Patagonia, que ya han causado graves p\u00e9rdidas en el pasado, requieren de un enfoque que combine la acci\u00f3n inmediata con pol\u00edticas de largo plazo para la prevenci\u00f3n. La regi\u00f3n, conocida por su ecosistema \u00fanico, enfrenta desaf\u00edos cada vez mayores debido a la sequedad de los suelos, la vegetaci\u00f3n densa y las altas temperaturas que caracterizan los meses de verano.<\/p>\n\n\n\n<h3 class=\"wp-block-heading\" id=\"h-compromiso-regional-ante-los-desastres-naturales\">Compromiso regional ante los desastres naturales<\/h3>\n\n\n\n<p>La participaci\u00f3n activa de Chubut y otras provincias patag\u00f3nicas en esta reuni\u00f3n refleja el compromiso con una gesti\u00f3n de riesgos m\u00e1s efectiva, que no solo considere la intervenci\u00f3n ante desastres, sino tambi\u00e9n la prevenci\u00f3n a largo plazo. Este tipo de iniciativas refuerzan la importancia de actuar con antelaci\u00f3n y en conjunto para mitigar los efectos de los incendios forestales, un fen\u00f3meno que est\u00e1 cambiando con el tiempo debido al impacto del cambio clim\u00e1tico.<\/p>\n\n\n\n<p>El encuentro de Bariloche fue un paso fundamental para garantizar que las provincias patag\u00f3nicas puedan enfrentar con \u00e9xito la temporada de incendios forestales, con un enfoque de cooperaci\u00f3n y preparaci\u00f3n ante lo inesperado. Las autoridades, con el apoyo de las fuerzas de seguridad y el trabajo coordinado entre provincias, se comprometen a proteger el medio ambiente y la seguridad de las comunidades frente a los incendios que amenazan la regi\u00f3n.<\/p>\n","protected":false},"excerpt":{"rendered":"","protected":false},"author":2,"featured_media":91732,"comment_status":"open","ping_status":"open","sticky":false,"template":"","format":"standard","meta":{"site-sidebar-layout":"default","site-content-layout":"","ast-site-content-layout":"default","site-content-style":"default","site-sidebar-style":"default","ast-global-header-display":"","ast-banner-title-visibility":"","ast-main-header-display":"","ast-hfb-above-header-display":"","ast-hfb-below-header-display":"","ast-hfb-mobile-header-display":"","site-post-title":"","ast-breadcrumbs-content":"","ast-featured-img":"","footer-sml-layout":"","ast-disable-related-posts":"","theme-transparent-header-meta":"","adv-header-id-meta":"","stick-header-meta":"","header-above-stick-meta":"","header-main-stick-meta":"","header-below-stick-meta":"","astra-migrate-meta-layouts":"default","ast-page-background-enabled":"default","ast-page-background-meta":{"desktop":{"background-color":"var(--ast-global-color-5)","background-image":"","background-repeat":"repeat","background-position":"center center","background-size":"auto","background-attachment":"scroll","background-type":"","background-media":"","overlay-type":"","overlay-color":"","overlay-opacity":"","overlay-gradient":""},"tablet":{"background-color":"","background-image":"","background-repeat":"repeat","background-position":"center center","background-size":"auto","background-attachment":"scroll","background-type":"","background-media":"","overlay-type":"","overlay-color":"","overlay-opacity":"","overlay-gradient":""},"mobile":{"background-color":"","background-image":"","background-repeat":"repeat","background-position":"center center","background-size":"auto","background-attachment":"scroll","background-type":"","background-media":"","overlay-type":"","overlay-color":"","overlay-opacity":"","overlay-gradient":""}},"ast-content-background-meta":{"desktop":{"background-color":"var(--ast-global-color-4)","background-image":"","background-repeat":"repeat","background-position":"center center","background-size":"auto","background-attachment":"scroll","background-type":"","background-media":"","overlay-type":"","overlay-color":"","overlay-opacity":"","overlay-gradient":""},"tablet":{"background-color":"var(--ast-global-color-4)","background-image":"","background-repeat":"repeat","background-position":"center center","background-size":"auto","background-attachment":"scroll","background-type":"","background-media":"","overlay-type":"","overlay-color":"","overlay-opacity":"","overlay-gradient":""},"mobile":{"background-color":"var(--ast-global-color-4)","background-image":"","background-repeat":"repeat","background-position":"center center","background-size":"auto","background-attachment":"scroll","background-type":"","background-media":"","overlay-type":"","overlay-color":"","overlay-opacity":"","overlay-gradient":""}},"footnotes":""},"categories":[26,1,13],"tags":[],"class_list":["post-91731","post","type-post","status-publish","format-standard","has-post-thumbnail","hentry","category-chubut","category-noticias","category-provinciales"],"yoast_head":"<!-- This site is optimized with the Yoast SEO Premium plugin v23.0 (Yoast SEO v27.5) - https:\/\/yoast.com\/product\/yoast-seo-premium-wordpress\/ -->\n<title>Reuni\u00f3n en Bariloche refuerza la cooperaci\u00f3n patag\u00f3nica frente a incendios forestales<\/title>\n<meta name=\"description\" content=\"El Gobierno del Chubut, a trav\u00e9s de su participaci\u00f3n en una reuni\u00f3n en Bariloche, destac\u00f3 la necesidad de una respuesta conjunta ante los incendios forestales que amenazan la regi\u00f3n patag\u00f3nica.\" \/>\n<meta name=\"robots\" content=\"index, follow, max-snippet:-1, max-image-preview:large, max-video-preview:-1\" \/>\n<link rel=\"canonical\" href=\"https:\/\/patagoniambiental.com.ar\/info\/reunion-en-bariloche-refuerza-la-cooperacion-patagonica-frente-a-incendios-forestales\/\" \/>\n<meta property=\"og:locale\" content=\"es_ES\" \/>\n<meta property=\"og:type\" content=\"article\" \/>\n<meta property=\"og:title\" content=\"Reuni\u00f3n en Bariloche refuerza la cooperaci\u00f3n patag\u00f3nica frente a incendios forestales\" \/>\n<meta property=\"og:description\" content=\"El Gobierno del Chubut, a trav\u00e9s de su participaci\u00f3n en una reuni\u00f3n en Bariloche, destac\u00f3 la necesidad de una respuesta conjunta ante los incendios forestales que amenazan la regi\u00f3n patag\u00f3nica.\" \/>\n<meta property=\"og:url\" content=\"https:\/\/patagoniambiental.com.ar\/info\/reunion-en-bariloche-refuerza-la-cooperacion-patagonica-frente-a-incendios-forestales\/\" \/>\n<meta property=\"og:site_name\" content=\"Patagonia Ambiental\" \/>\n<meta property=\"article:publisher\" content=\"https:\/\/www.facebook.com\/patagonia.ambiental\" \/>\n<meta property=\"article:author\" content=\"https:\/\/www.facebook.com\/share\/1C1V8Gv9BX\/?mibextid=qi2Omg\" \/>\n<meta property=\"article:published_time\" content=\"2024-12-09T15:01:10+00:00\" \/>\n<meta property=\"article:modified_time\" content=\"2025-05-04T19:17:31+00:00\" \/>\n<meta property=\"og:image\" content=\"https:\/\/patagoniambiental.com.ar\/info\/wp-content\/uploads\/2024\/12\/1733747590whatsapp-image-2024-12-08-at-4-32-38-pm.jpeg\" \/>\n\t<meta property=\"og:image:width\" content=\"1178\" \/>\n\t<meta property=\"og:image:height\" content=\"769\" \/>\n\t<meta property=\"og:image:type\" content=\"image\/jpeg\" \/>\n<meta name=\"author\" content=\"Patagonia Ambiental\" \/>\n<meta name=\"twitter:card\" content=\"summary_large_image\" \/>\n<meta name=\"twitter:creator\" content=\"@PatAmb\" \/>\n<meta name=\"twitter:site\" content=\"@PatAmb\" \/>\n<script type=\"application\/ld+json\" class=\"yoast-schema-graph\">{\"@context\":\"https:\\\/\\\/schema.org\",\"@graph\":[{\"@type\":\"Article\",\"@id\":\"https:\\\/\\\/patagoniambiental.com.ar\\\/info\\\/reunion-en-bariloche-refuerza-la-cooperacion-patagonica-frente-a-incendios-forestales\\\/#article\",\"isPartOf\":{\"@id\":\"https:\\\/\\\/patagoniambiental.com.ar\\\/info\\\/reunion-en-bariloche-refuerza-la-cooperacion-patagonica-frente-a-incendios-forestales\\\/\"},\"author\":{\"name\":\"Patagonia Ambiental\",\"@id\":\"https:\\\/\\\/patagoniambiental.com.ar\\\/info\\\/#\\\/schema\\\/person\\\/db12bff64bbcbf6a253710bf0ea37b5d\"},\"headline\":\"Reuni\u00f3n en Bariloche refuerza la cooperaci\u00f3n patag\u00f3nica frente a incendios forestales\",\"datePublished\":\"2024-12-09T15:01:10+00:00\",\"dateModified\":\"2025-05-04T19:17:31+00:00\",\"mainEntityOfPage\":{\"@id\":\"https:\\\/\\\/patagoniambiental.com.ar\\\/info\\\/reunion-en-bariloche-refuerza-la-cooperacion-patagonica-frente-a-incendios-forestales\\\/\"},\"wordCount\":853,\"commentCount\":0,\"publisher\":{\"@id\":\"https:\\\/\\\/patagoniambiental.com.ar\\\/info\\\/#organization\"},\"image\":{\"@id\":\"https:\\\/\\\/patagoniambiental.com.ar\\\/info\\\/reunion-en-bariloche-refuerza-la-cooperacion-patagonica-frente-a-incendios-forestales\\\/#primaryimage\"},\"thumbnailUrl\":\"https:\\\/\\\/patagoniambiental.com.ar\\\/info\\\/wp-content\\\/uploads\\\/2024\\\/12\\\/1733747590whatsapp-image-2024-12-08-at-4-32-38-pm.jpeg\",\"articleSection\":[\"Chubut\",\"Noticias\",\"Provinciales\"],\"inLanguage\":\"es\",\"potentialAction\":[{\"@type\":\"CommentAction\",\"name\":\"Comment\",\"target\":[\"https:\\\/\\\/patagoniambiental.com.ar\\\/info\\\/reunion-en-bariloche-refuerza-la-cooperacion-patagonica-frente-a-incendios-forestales\\\/#respond\"]}]},{\"@type\":\"WebPage\",\"@id\":\"https:\\\/\\\/patagoniambiental.com.ar\\\/info\\\/reunion-en-bariloche-refuerza-la-cooperacion-patagonica-frente-a-incendios-forestales\\\/\",\"url\":\"https:\\\/\\\/patagoniambiental.com.ar\\\/info\\\/reunion-en-bariloche-refuerza-la-cooperacion-patagonica-frente-a-incendios-forestales\\\/\",\"name\":\"Reuni\u00f3n en Bariloche refuerza la cooperaci\u00f3n patag\u00f3nica frente a incendios forestales\",\"isPartOf\":{\"@id\":\"https:\\\/\\\/patagoniambiental.com.ar\\\/info\\\/#website\"},\"primaryImageOfPage\":{\"@id\":\"https:\\\/\\\/patagoniambiental.com.ar\\\/info\\\/reunion-en-bariloche-refuerza-la-cooperacion-patagonica-frente-a-incendios-forestales\\\/#primaryimage\"},\"image\":{\"@id\":\"https:\\\/\\\/patagoniambiental.com.ar\\\/info\\\/reunion-en-bariloche-refuerza-la-cooperacion-patagonica-frente-a-incendios-forestales\\\/#primaryimage\"},\"thumbnailUrl\":\"https:\\\/\\\/patagoniambiental.com.ar\\\/info\\\/wp-content\\\/uploads\\\/2024\\\/12\\\/1733747590whatsapp-image-2024-12-08-at-4-32-38-pm.jpeg\",\"datePublished\":\"2024-12-09T15:01:10+00:00\",\"dateModified\":\"2025-05-04T19:17:31+00:00\",\"description\":\"El Gobierno del Chubut, a trav\u00e9s de su participaci\u00f3n en una reuni\u00f3n en Bariloche, destac\u00f3 la necesidad de una respuesta conjunta ante los incendios forestales que amenazan la regi\u00f3n patag\u00f3nica.\",\"breadcrumb\":{\"@id\":\"https:\\\/\\\/patagoniambiental.com.ar\\\/info\\\/reunion-en-bariloche-refuerza-la-cooperacion-patagonica-frente-a-incendios-forestales\\\/#breadcrumb\"},\"inLanguage\":\"es\",\"potentialAction\":[{\"@type\":\"ReadAction\",\"target\":[\"https:\\\/\\\/patagoniambiental.com.ar\\\/info\\\/reunion-en-bariloche-refuerza-la-cooperacion-patagonica-frente-a-incendios-forestales\\\/\"]}]},{\"@type\":\"ImageObject\",\"inLanguage\":\"es\",\"@id\":\"https:\\\/\\\/patagoniambiental.com.ar\\\/info\\\/reunion-en-bariloche-refuerza-la-cooperacion-patagonica-frente-a-incendios-forestales\\\/#primaryimage\",\"url\":\"https:\\\/\\\/patagoniambiental.com.ar\\\/info\\\/wp-content\\\/uploads\\\/2024\\\/12\\\/1733747590whatsapp-image-2024-12-08-at-4-32-38-pm.jpeg\",\"contentUrl\":\"https:\\\/\\\/patagoniambiental.com.ar\\\/info\\\/wp-content\\\/uploads\\\/2024\\\/12\\\/1733747590whatsapp-image-2024-12-08-at-4-32-38-pm.jpeg\",\"width\":919,\"height\":600},{\"@type\":\"BreadcrumbList\",\"@id\":\"https:\\\/\\\/patagoniambiental.com.ar\\\/info\\\/reunion-en-bariloche-refuerza-la-cooperacion-patagonica-frente-a-incendios-forestales\\\/#breadcrumb\",\"itemListElement\":[{\"@type\":\"ListItem\",\"position\":1,\"name\":\"Inicio\",\"item\":\"https:\\\/\\\/patagoniambiental.com.ar\\\/info\\\/\"},{\"@type\":\"ListItem\",\"position\":2,\"name\":\"Reuni\u00f3n en Bariloche refuerza la cooperaci\u00f3n patag\u00f3nica frente a incendios forestales\"}]},{\"@type\":\"WebSite\",\"@id\":\"https:\\\/\\\/patagoniambiental.com.ar\\\/info\\\/#website\",\"url\":\"https:\\\/\\\/patagoniambiental.com.ar\\\/info\\\/\",\"name\":\"Patagonia Ambiental\",\"description\":\"Monitoreo y an\u00e1lisis de la situaci\u00f3n geopol\u00edtica en el mundo y su implicancia en la Patagonia\",\"publisher\":{\"@id\":\"https:\\\/\\\/patagoniambiental.com.ar\\\/info\\\/#organization\"},\"potentialAction\":[{\"@type\":\"SearchAction\",\"target\":{\"@type\":\"EntryPoint\",\"urlTemplate\":\"https:\\\/\\\/patagoniambiental.com.ar\\\/info\\\/?s={search_term_string}\"},\"query-input\":{\"@type\":\"PropertyValueSpecification\",\"valueRequired\":true,\"valueName\":\"search_term_string\"}}],\"inLanguage\":\"es\"},{\"@type\":\"Organization\",\"@id\":\"https:\\\/\\\/patagoniambiental.com.ar\\\/info\\\/#organization\",\"name\":\"Patagonia Ambiental\",\"url\":\"https:\\\/\\\/patagoniambiental.com.ar\\\/info\\\/\",\"logo\":{\"@type\":\"ImageObject\",\"inLanguage\":\"es\",\"@id\":\"https:\\\/\\\/patagoniambiental.com.ar\\\/info\\\/#\\\/schema\\\/logo\\\/image\\\/\",\"url\":\"https:\\\/\\\/patagoniambiental.com.ar\\\/info\\\/wp-content\\\/uploads\\\/2025\\\/05\\\/LOGO-PATAGONIA-AMBIENTAL.png\",\"contentUrl\":\"https:\\\/\\\/patagoniambiental.com.ar\\\/info\\\/wp-content\\\/uploads\\\/2025\\\/05\\\/LOGO-PATAGONIA-AMBIENTAL.png\",\"width\":433,\"height\":250,\"caption\":\"Patagonia Ambiental\"},\"image\":{\"@id\":\"https:\\\/\\\/patagoniambiental.com.ar\\\/info\\\/#\\\/schema\\\/logo\\\/image\\\/\"},\"sameAs\":[\"https:\\\/\\\/www.facebook.com\\\/patagonia.ambiental\",\"https:\\\/\\\/x.com\\\/PatAmb\"]},{\"@type\":\"Person\",\"@id\":\"https:\\\/\\\/patagoniambiental.com.ar\\\/info\\\/#\\\/schema\\\/person\\\/db12bff64bbcbf6a253710bf0ea37b5d\",\"name\":\"Patagonia Ambiental\",\"description\":\"Andr\u00e9s Nievas T\u00e9cnico en manejo ambiental, consultor Ambiental y escritor para medios locales e internacionales sobre temas de geopolitica y medio ambiente.\",\"sameAs\":[\"http:\\\/\\\/www.patagoniambiental.com.ar\",\"https:\\\/\\\/www.facebook.com\\\/share\\\/1C1V8Gv9BX\\\/?mibextid=qi2Omg\",\"@patagoniambiental\",\"https:\\\/\\\/youtube.com\\\/@patagoniaambiental2023?si=BLt58t0wuXquxlYZ\"]}]}<\/script>\n<!-- \/ Yoast SEO Premium plugin. -->","yoast_head_json":{"title":"Reuni\u00f3n en Bariloche refuerza la cooperaci\u00f3n patag\u00f3nica frente a incendios forestales","description":"El Gobierno del Chubut, a trav\u00e9s de su participaci\u00f3n en una reuni\u00f3n en Bariloche, destac\u00f3 la necesidad de una respuesta conjunta ante los incendios forestales que amenazan la regi\u00f3n patag\u00f3nica.","robots":{"index":"index","follow":"follow","max-snippet":"max-snippet:-1","max-image-preview":"max-image-preview:large","max-video-preview":"max-video-preview:-1"},"canonical":"https:\/\/patagoniambiental.com.ar\/info\/reunion-en-bariloche-refuerza-la-cooperacion-patagonica-frente-a-incendios-forestales\/","og_locale":"es_ES","og_type":"article","og_title":"Reuni\u00f3n en Bariloche refuerza la cooperaci\u00f3n patag\u00f3nica frente a incendios forestales","og_description":"El Gobierno del Chubut, a trav\u00e9s de su participaci\u00f3n en una reuni\u00f3n en Bariloche, destac\u00f3 la necesidad de una respuesta conjunta ante los incendios forestales que amenazan la regi\u00f3n patag\u00f3nica.","og_url":"https:\/\/patagoniambiental.com.ar\/info\/reunion-en-bariloche-refuerza-la-cooperacion-patagonica-frente-a-incendios-forestales\/","og_site_name":"Patagonia Ambiental","article_publisher":"https:\/\/www.facebook.com\/patagonia.ambiental","article_author":"https:\/\/www.facebook.com\/share\/1C1V8Gv9BX\/?mibextid=qi2Omg","article_published_time":"2024-12-09T15:01:10+00:00","article_modified_time":"2025-05-04T19:17:31+00:00","og_image":[{"width":1178,"height":769,"url":"https:\/\/patagoniambiental.com.ar\/info\/wp-content\/uploads\/2024\/12\/1733747590whatsapp-image-2024-12-08-at-4-32-38-pm.jpeg","type":"image\/jpeg"}],"author":"Patagonia Ambiental","twitter_card":"summary_large_image","twitter_creator":"@PatAmb","twitter_site":"@PatAmb","schema":{"@context":"https:\/\/schema.org","@graph":[{"@type":"Article","@id":"https:\/\/patagoniambiental.com.ar\/info\/reunion-en-bariloche-refuerza-la-cooperacion-patagonica-frente-a-incendios-forestales\/#article","isPartOf":{"@id":"https:\/\/patagoniambiental.com.ar\/info\/reunion-en-bariloche-refuerza-la-cooperacion-patagonica-frente-a-incendios-forestales\/"},"author":{"name":"Patagonia Ambiental","@id":"https:\/\/patagoniambiental.com.ar\/info\/#\/schema\/person\/db12bff64bbcbf6a253710bf0ea37b5d"},"headline":"Reuni\u00f3n en Bariloche refuerza la cooperaci\u00f3n patag\u00f3nica frente a incendios forestales","datePublished":"2024-12-09T15:01:10+00:00","dateModified":"2025-05-04T19:17:31+00:00","mainEntityOfPage":{"@id":"https:\/\/patagoniambiental.com.ar\/info\/reunion-en-bariloche-refuerza-la-cooperacion-patagonica-frente-a-incendios-forestales\/"},"wordCount":853,"commentCount":0,"publisher":{"@id":"https:\/\/patagoniambiental.com.ar\/info\/#organization"},"image":{"@id":"https:\/\/patagoniambiental.com.ar\/info\/reunion-en-bariloche-refuerza-la-cooperacion-patagonica-frente-a-incendios-forestales\/#primaryimage"},"thumbnailUrl":"https:\/\/patagoniambiental.com.ar\/info\/wp-content\/uploads\/2024\/12\/1733747590whatsapp-image-2024-12-08-at-4-32-38-pm.jpeg","articleSection":["Chubut","Noticias","Provinciales"],"inLanguage":"es","potentialAction":[{"@type":"CommentAction","name":"Comment","target":["https:\/\/patagoniambiental.com.ar\/info\/reunion-en-bariloche-refuerza-la-cooperacion-patagonica-frente-a-incendios-forestales\/#respond"]}]},{"@type":"WebPage","@id":"https:\/\/patagoniambiental.com.ar\/info\/reunion-en-bariloche-refuerza-la-cooperacion-patagonica-frente-a-incendios-forestales\/","url":"https:\/\/patagoniambiental.com.ar\/info\/reunion-en-bariloche-refuerza-la-cooperacion-patagonica-frente-a-incendios-forestales\/","name":"Reuni\u00f3n en Bariloche refuerza la cooperaci\u00f3n patag\u00f3nica frente a incendios forestales","isPartOf":{"@id":"https:\/\/patagoniambiental.com.ar\/info\/#website"},"primaryImageOfPage":{"@id":"https:\/\/patagoniambiental.com.ar\/info\/reunion-en-bariloche-refuerza-la-cooperacion-patagonica-frente-a-incendios-forestales\/#primaryimage"},"image":{"@id":"https:\/\/patagoniambiental.com.ar\/info\/reunion-en-bariloche-refuerza-la-cooperacion-patagonica-frente-a-incendios-forestales\/#primaryimage"},"thumbnailUrl":"https:\/\/patagoniambiental.com.ar\/info\/wp-content\/uploads\/2024\/12\/1733747590whatsapp-image-2024-12-08-at-4-32-38-pm.jpeg","datePublished":"2024-12-09T15:01:10+00:00","dateModified":"2025-05-04T19:17:31+00:00","description":"El Gobierno del Chubut, a trav\u00e9s de su participaci\u00f3n en una reuni\u00f3n en Bariloche, destac\u00f3 la necesidad de una respuesta conjunta ante los incendios forestales que amenazan la regi\u00f3n patag\u00f3nica.","breadcrumb":{"@id":"https:\/\/patagoniambiental.com.ar\/info\/reunion-en-bariloche-refuerza-la-cooperacion-patagonica-frente-a-incendios-forestales\/#breadcrumb"},"inLanguage":"es","potentialAction":[{"@type":"ReadAction","target":["https:\/\/patagoniambiental.com.ar\/info\/reunion-en-bariloche-refuerza-la-cooperacion-patagonica-frente-a-incendios-forestales\/"]}]},{"@type":"ImageObject","inLanguage":"es","@id":"https:\/\/patagoniambiental.com.ar\/info\/reunion-en-bariloche-refuerza-la-cooperacion-patagonica-frente-a-incendios-forestales\/#primaryimage","url":"https:\/\/patagoniambiental.com.ar\/info\/wp-content\/uploads\/2024\/12\/1733747590whatsapp-image-2024-12-08-at-4-32-38-pm.jpeg","contentUrl":"https:\/\/patagoniambiental.com.ar\/info\/wp-content\/uploads\/2024\/12\/1733747590whatsapp-image-2024-12-08-at-4-32-38-pm.jpeg","width":919,"height":600},{"@type":"BreadcrumbList","@id":"https:\/\/patagoniambiental.com.ar\/info\/reunion-en-bariloche-refuerza-la-cooperacion-patagonica-frente-a-incendios-forestales\/#breadcrumb","itemListElement":[{"@type":"ListItem","position":1,"name":"Inicio","item":"https:\/\/patagoniambiental.com.ar\/info\/"},{"@type":"ListItem","position":2,"name":"Reuni\u00f3n en Bariloche refuerza la cooperaci\u00f3n patag\u00f3nica frente a incendios forestales"}]},{"@type":"WebSite","@id":"https:\/\/patagoniambiental.com.ar\/info\/#website","url":"https:\/\/patagoniambiental.com.ar\/info\/","name":"Patagonia Ambiental","description":"Monitoreo y an\u00e1lisis de la situaci\u00f3n geopol\u00edtica en el mundo y su implicancia en la Patagonia","publisher":{"@id":"https:\/\/patagoniambiental.com.ar\/info\/#organization"},"potentialAction":[{"@type":"SearchAction","target":{"@type":"EntryPoint","urlTemplate":"https:\/\/patagoniambiental.com.ar\/info\/?s={search_term_string}"},"query-input":{"@type":"PropertyValueSpecification","valueRequired":true,"valueName":"search_term_string"}}],"inLanguage":"es"},{"@type":"Organization","@id":"https:\/\/patagoniambiental.com.ar\/info\/#organization","name":"Patagonia Ambiental","url":"https:\/\/patagoniambiental.com.ar\/info\/","logo":{"@type":"ImageObject","inLanguage":"es","@id":"https:\/\/patagoniambiental.com.ar\/info\/#\/schema\/logo\/image\/","url":"https:\/\/patagoniambiental.com.ar\/info\/wp-content\/uploads\/2025\/05\/LOGO-PATAGONIA-AMBIENTAL.png","contentUrl":"https:\/\/patagoniambiental.com.ar\/info\/wp-content\/uploads\/2025\/05\/LOGO-PATAGONIA-AMBIENTAL.png","width":433,"height":250,"caption":"Patagonia Ambiental"},"image":{"@id":"https:\/\/patagoniambiental.com.ar\/info\/#\/schema\/logo\/image\/"},"sameAs":["https:\/\/www.facebook.com\/patagonia.ambiental","https:\/\/x.com\/PatAmb"]},{"@type":"Person","@id":"https:\/\/patagoniambiental.com.ar\/info\/#\/schema\/person\/db12bff64bbcbf6a253710bf0ea37b5d","name":"Patagonia Ambiental","description":"Andr\u00e9s Nievas T\u00e9cnico en manejo ambiental, consultor Ambiental y escritor para medios locales e internacionales sobre temas de geopolitica y medio ambiente.","sameAs":["http:\/\/www.patagoniambiental.com.ar","https:\/\/www.facebook.com\/share\/1C1V8Gv9BX\/?mibextid=qi2Omg","@patagoniambiental","https:\/\/youtube.com\/@patagoniaambiental2023?si=BLt58t0wuXquxlYZ"]}]}},"_links":{"self":[{"href":"https:\/\/patagoniambiental.com.ar\/info\/wp-json\/wp\/v2\/posts\/91731","targetHints":{"allow":["GET"]}}],"collection":[{"href":"https:\/\/patagoniambiental.com.ar\/info\/wp-json\/wp\/v2\/posts"}],"about":[{"href":"https:\/\/patagoniambiental.com.ar\/info\/wp-json\/wp\/v2\/types\/post"}],"author":[{"embeddable":true,"href":"https:\/\/patagoniambiental.com.ar\/info\/wp-json\/wp\/v2\/users\/2"}],"replies":[{"embeddable":true,"href":"https:\/\/patagoniambiental.com.ar\/info\/wp-json\/wp\/v2\/comments?post=91731"}],"version-history":[{"count":0,"href":"https:\/\/patagoniambiental.com.ar\/info\/wp-json\/wp\/v2\/posts\/91731\/revisions"}],"wp:featuredmedia":[{"embeddable":true,"href":"https:\/\/patagoniambiental.com.ar\/info\/wp-json\/wp\/v2\/media\/91732"}],"wp:attachment":[{"href":"https:\/\/patagoniambiental.com.ar\/info\/wp-json\/wp\/v2\/media?parent=91731"}],"wp:term":[{"taxonomy":"category","embeddable":true,"href":"https:\/\/patagoniambiental.com.ar\/info\/wp-json\/wp\/v2\/categories?post=91731"},{"taxonomy":"post_tag","embeddable":true,"href":"https:\/\/patagoniambiental.com.ar\/info\/wp-json\/wp\/v2\/tags?post=91731"}],"curies":[{"name":"wp","href":"https:\/\/api.w.org\/{rel}","templated":true}]}}