{"id":91734,"date":"2024-12-09T12:04:56","date_gmt":"2024-12-09T15:04:56","guid":{"rendered":"https:\/\/patagoniambiental.com.ar\/info\/?p=91734"},"modified":"2025-05-04T16:17:30","modified_gmt":"2025-05-04T19:17:30","slug":"chubut-destaca-avances-en-educacion-ambiental-en-encuentro-nacional-2024","status":"publish","type":"post","link":"https:\/\/patagoniambiental.com.ar\/info\/chubut-destaca-avances-en-educacion-ambiental-en-encuentro-nacional-2024\/","title":{"rendered":"Chubut destaca avances en educaci\u00f3n ambiental en Encuentro Nacional 2024"},"content":{"rendered":"\n<!--more-->\n\n\n\n<p>Buenos Aires, 9 e diciembre e 2024. Chubut ha dado un paso importante hacia la consolidaci\u00f3n de una educaci\u00f3n ambiental integral, presentando los logros alcanzados a nivel provincial durante el Encuentro Nacional de Educaci\u00f3n Ambiental 2024, celebrado en Buenos Aires. <\/p>\n\n\n\n<p>En este evento, organizado por el Consejo Federal de Medio Ambiente, se reunieron representantes de todas las provincias del pa\u00eds con el objetivo de promover el intercambio de experiencias y estrategias que fortalezcan la conciencia y educaci\u00f3n ambiental en Argentina.<\/p>\n\n\n\n<p>La provincia, bajo la gesti\u00f3n del gobernador Ignacio \u201cNacho\u201d Torres, ha logrado avances significativos en la integraci\u00f3n de pol\u00edticas ambientales en el sistema educativo, especialmente en un territorio tan extenso y diverso como el de Chubut. <\/p>\n\n\n\n<p>La Secretar\u00eda de Ambiente y Control del Desarrollo Sustentable de la provincia tuvo una participaci\u00f3n activa, exponiendo los programas y acciones que han permitido avanzar en la sensibilizaci\u00f3n y formaci\u00f3n ambiental de la ciudadan\u00eda.<\/p>\n\n\n\n<h3 class=\"wp-block-heading\" id=\"h-chubut-apuesta-a-la-integracion-y-capacitacion-ambiental\">Chubut apuesta a la integraci\u00f3n y capacitaci\u00f3n ambiental<\/h3>\n\n\n\n<p>En su intervenci\u00f3n, la subsecretaria provincial de Ambiente, Mar\u00eda Alejandra Feinstein, subray\u00f3 los retos particulares que enfrenta Chubut debido a su gran extensi\u00f3n geogr\u00e1fica y a la dispersi\u00f3n de su poblaci\u00f3n. No obstante, la funcionaria destac\u00f3 las fortalezas de la provincia, como un s\u00f3lido marco normativo y una estructura organizativa que permite llevar la educaci\u00f3n ambiental a las comunidades m\u00e1s alejadas.<\/p>\n\n\n\n<p>Uno de los logros m\u00e1s relevantes mencionados por Feinstein fue el aumento del n\u00famero de Promotores Ambientales Regionales, quienes desempe\u00f1an un rol clave en la identificaci\u00f3n de problemas ambientales locales y en la implementaci\u00f3n de soluciones adaptadas a las realidades espec\u00edficas de cada regi\u00f3n. En 2024, Chubut cuenta con el doble de Promotores Ambientales Regionales que el a\u00f1o pasado, alcanzando un total de 21, distribuidos en puntos clave del territorio provincial, incluidos municipios y comunas rurales.<\/p>\n\n\n\n<h3 class=\"wp-block-heading\" id=\"h-ley-yolanda-formacion-obligatoria-en-educacion-ambiental\">Ley Yolanda: Formaci\u00f3n obligatoria en educaci\u00f3n ambiental<\/h3>\n\n\n\n<p>Otro de los hitos destacados por la subsecretaria fue la implementaci\u00f3n del <em>Campus Virtual Educativo Ley Yolanda<\/em>, una herramienta digital destinada a capacitar a los empleados y funcionarios p\u00fablicos en cuestiones ambientales, con especial \u00e9nfasis en el cambio clim\u00e1tico y el desarrollo sostenible. <\/p>\n\n\n\n<p>Esta ley, sancionada en 2020, obliga a todo el personal del sector p\u00fablico a recibir formaci\u00f3n en educaci\u00f3n ambiental integral, lo que ha permitido a la provincia avanzar significativamente en la sensibilizaci\u00f3n interna. Actualmente, casi 400 funcionarios han completado la capacitaci\u00f3n, y se espera un incremento considerable en los pr\u00f3ximos a\u00f1os.<\/p>\n\n\n\n<p>Feinstein tambi\u00e9n subray\u00f3 que el sistema de educaci\u00f3n ambiental no se limita solo al \u00e1mbito p\u00fablico, sino que se extiende al \u00e1mbito educativo formal e informal. En este sentido, la provincia est\u00e1 implementando jornadas de capacitaci\u00f3n en escuelas, barrios, municipios, clubes y otras instituciones. <\/p>\n\n\n\n<p>Adem\u00e1s, se ha fortalecido el <em>Sistema Provincial de Informaci\u00f3n Ambiental<\/em>, utilizando plataformas digitales propias para difundir informaci\u00f3n relevante sobre el medio ambiente y promover el involucramiento de la comunidad.<\/p>\n\n\n\n<h3 class=\"wp-block-heading\" id=\"h-objetivos-claros-para-el-futuro\">Objetivos claros para el futuro<\/h3>\n\n\n\n<p>A pesar de los avances, Feinstein reconoci\u00f3 que a\u00fan queda mucho por hacer. Sin embargo, destac\u00f3 que se est\u00e1n sentando las bases para una educaci\u00f3n ambiental sostenible en Chubut, con objetivos claros para los pr\u00f3ximos a\u00f1os. Entre estos objetivos, resalt\u00f3 la importancia de asegurar una educaci\u00f3n ambiental integral, promover la sensibilizaci\u00f3n ciudadana a trav\u00e9s de actividades participativas, y fortalecer las capacidades de las comunidades m\u00e1s alejadas, donde los desaf\u00edos ambientales son a menudo m\u00e1s dif\u00edciles de abordar.<\/p>\n\n\n\n<p>El Encuentro Nacional de Educaci\u00f3n Ambiental 2024 tambi\u00e9n sirvi\u00f3 como un espacio de reflexi\u00f3n sobre los desaf\u00edos comunes que enfrentan las provincias argentinas en t\u00e9rminos de educaci\u00f3n y gesti\u00f3n ambiental, y permiti\u00f3 a Chubut compartir sus experiencias y aprender de las iniciativas de otras regiones. A trav\u00e9s de este tipo de encuentros, el pa\u00eds busca consolidar una red de actores comprometidos con la sostenibilidad y el cuidado del medio ambiente, fomentando una cultura ambiental que involucre tanto a las instituciones como a la sociedad civil.<\/p>\n\n\n\n<h3 class=\"wp-block-heading\" id=\"h-hacia-una-educacion-ambiental-inclusiva-y-efectiva\">Hacia una educaci\u00f3n ambiental inclusiva y efectiva<\/h3>\n\n\n\n<p>La participaci\u00f3n activa de Chubut en el Encuentro Nacional de Educaci\u00f3n Ambiental 2024 no solo puso en evidencia los logros alcanzados, sino tambi\u00e9n el compromiso de la provincia con la construcci\u00f3n de una cultura ambiental s\u00f3lida y sostenible. La educaci\u00f3n ambiental es vista no solo como una herramienta de sensibilizaci\u00f3n, sino tambi\u00e9n como una estrategia clave para impulsar acciones efectivas que permitan mitigar los impactos del cambio clim\u00e1tico y promover el desarrollo sostenible en todas las comunidades.<\/p>\n\n\n\n<p>El trabajo conjunto entre el gobierno provincial, las fuerzas p\u00fablicas, la sociedad civil y el sector educativo sigue siendo crucial para garantizar que las futuras generaciones comprendan la importancia de proteger y conservar el medio ambiente, asegurando as\u00ed un futuro m\u00e1s saludable y equilibrado para todos los habitantes de Chubut y de Argentina.<\/p>\n","protected":false},"excerpt":{"rendered":"","protected":false},"author":2,"featured_media":91735,"comment_status":"open","ping_status":"open","sticky":false,"template":"","format":"standard","meta":{"site-sidebar-layout":"default","site-content-layout":"","ast-site-content-layout":"default","site-content-style":"default","site-sidebar-style":"default","ast-global-header-display":"","ast-banner-title-visibility":"","ast-main-header-display":"","ast-hfb-above-header-display":"","ast-hfb-below-header-display":"","ast-hfb-mobile-header-display":"","site-post-title":"","ast-breadcrumbs-content":"","ast-featured-img":"","footer-sml-layout":"","ast-disable-related-posts":"","theme-transparent-header-meta":"","adv-header-id-meta":"","stick-header-meta":"","header-above-stick-meta":"","header-main-stick-meta":"","header-below-stick-meta":"","astra-migrate-meta-layouts":"default","ast-page-background-enabled":"default","ast-page-background-meta":{"desktop":{"background-color":"var(--ast-global-color-5)","background-image":"","background-repeat":"repeat","background-position":"center center","background-size":"auto","background-attachment":"scroll","background-type":"","background-media":"","overlay-type":"","overlay-color":"","overlay-opacity":"","overlay-gradient":""},"tablet":{"background-color":"","background-image":"","background-repeat":"repeat","background-position":"center center","background-size":"auto","background-attachment":"scroll","background-type":"","background-media":"","overlay-type":"","overlay-color":"","overlay-opacity":"","overlay-gradient":""},"mobile":{"background-color":"","background-image":"","background-repeat":"repeat","background-position":"center center","background-size":"auto","background-attachment":"scroll","background-type":"","background-media":"","overlay-type":"","overlay-color":"","overlay-opacity":"","overlay-gradient":""}},"ast-content-background-meta":{"desktop":{"background-color":"var(--ast-global-color-4)","background-image":"","background-repeat":"repeat","background-position":"center center","background-size":"auto","background-attachment":"scroll","background-type":"","background-media":"","overlay-type":"","overlay-color":"","overlay-opacity":"","overlay-gradient":""},"tablet":{"background-color":"var(--ast-global-color-4)","background-image":"","background-repeat":"repeat","background-position":"center center","background-size":"auto","background-attachment":"scroll","background-type":"","background-media":"","overlay-type":"","overlay-color":"","overlay-opacity":"","overlay-gradient":""},"mobile":{"background-color":"var(--ast-global-color-4)","background-image":"","background-repeat":"repeat","background-position":"center center","background-size":"auto","background-attachment":"scroll","background-type":"","background-media":"","overlay-type":"","overlay-color":"","overlay-opacity":"","overlay-gradient":""}},"footnotes":""},"categories":[26,1,13],"tags":[],"class_list":["post-91734","post","type-post","status-publish","format-standard","has-post-thumbnail","hentry","category-chubut","category-noticias","category-provinciales"],"yoast_head":"<!-- This site is optimized with the Yoast SEO Premium plugin v23.0 (Yoast SEO v27.5) - https:\/\/yoast.com\/product\/yoast-seo-premium-wordpress\/ -->\n<title>Chubut destaca avances en educaci\u00f3n ambiental en Encuentro Nacional 2024<\/title>\n<meta name=\"description\" content=\"Chubut ha dado un paso importante hacia la consolidaci\u00f3n de una educaci\u00f3n ambiental integral, presentando los logros alcanzados a nivel provincial durante el Encuentro Nacional de Educaci\u00f3n Ambiental 2024, celebrado en Buenos Aires.\" \/>\n<meta name=\"robots\" content=\"index, follow, max-snippet:-1, max-image-preview:large, max-video-preview:-1\" \/>\n<link rel=\"canonical\" href=\"https:\/\/patagoniambiental.com.ar\/info\/chubut-destaca-avances-en-educacion-ambiental-en-encuentro-nacional-2024\/\" \/>\n<meta property=\"og:locale\" content=\"es_ES\" \/>\n<meta property=\"og:type\" content=\"article\" \/>\n<meta property=\"og:title\" content=\"Chubut destaca avances en educaci\u00f3n ambiental en Encuentro Nacional 2024\" \/>\n<meta property=\"og:description\" content=\"Chubut ha dado un paso importante hacia la consolidaci\u00f3n de una educaci\u00f3n ambiental integral, presentando los logros alcanzados a nivel provincial durante el Encuentro Nacional de Educaci\u00f3n Ambiental 2024, celebrado en Buenos Aires.\" \/>\n<meta property=\"og:url\" content=\"https:\/\/patagoniambiental.com.ar\/info\/chubut-destaca-avances-en-educacion-ambiental-en-encuentro-nacional-2024\/\" \/>\n<meta property=\"og:site_name\" content=\"Patagonia Ambiental\" \/>\n<meta property=\"article:publisher\" content=\"https:\/\/www.facebook.com\/patagonia.ambiental\" \/>\n<meta property=\"article:author\" content=\"https:\/\/www.facebook.com\/share\/1C1V8Gv9BX\/?mibextid=qi2Omg\" \/>\n<meta property=\"article:published_time\" content=\"2024-12-09T15:04:56+00:00\" \/>\n<meta property=\"article:modified_time\" content=\"2025-05-04T19:17:30+00:00\" \/>\n<meta property=\"og:image\" content=\"https:\/\/patagoniambiental.com.ar\/info\/wp-content\/uploads\/2024\/12\/educacion-ambiental.jpeg\" \/>\n\t<meta property=\"og:image:width\" content=\"1600\" \/>\n\t<meta property=\"og:image:height\" content=\"1120\" \/>\n\t<meta property=\"og:image:type\" content=\"image\/jpeg\" \/>\n<meta name=\"author\" content=\"Patagonia Ambiental\" \/>\n<meta name=\"twitter:card\" content=\"summary_large_image\" \/>\n<meta name=\"twitter:creator\" content=\"@PatAmb\" \/>\n<meta name=\"twitter:site\" content=\"@PatAmb\" \/>\n<script type=\"application\/ld+json\" class=\"yoast-schema-graph\">{\"@context\":\"https:\\\/\\\/schema.org\",\"@graph\":[{\"@type\":\"Article\",\"@id\":\"https:\\\/\\\/patagoniambiental.com.ar\\\/info\\\/chubut-destaca-avances-en-educacion-ambiental-en-encuentro-nacional-2024\\\/#article\",\"isPartOf\":{\"@id\":\"https:\\\/\\\/patagoniambiental.com.ar\\\/info\\\/chubut-destaca-avances-en-educacion-ambiental-en-encuentro-nacional-2024\\\/\"},\"author\":{\"name\":\"Patagonia Ambiental\",\"@id\":\"https:\\\/\\\/patagoniambiental.com.ar\\\/info\\\/#\\\/schema\\\/person\\\/db12bff64bbcbf6a253710bf0ea37b5d\"},\"headline\":\"Chubut destaca avances en educaci\u00f3n ambiental en Encuentro Nacional 2024\",\"datePublished\":\"2024-12-09T15:04:56+00:00\",\"dateModified\":\"2025-05-04T19:17:30+00:00\",\"mainEntityOfPage\":{\"@id\":\"https:\\\/\\\/patagoniambiental.com.ar\\\/info\\\/chubut-destaca-avances-en-educacion-ambiental-en-encuentro-nacional-2024\\\/\"},\"wordCount\":858,\"commentCount\":0,\"publisher\":{\"@id\":\"https:\\\/\\\/patagoniambiental.com.ar\\\/info\\\/#organization\"},\"image\":{\"@id\":\"https:\\\/\\\/patagoniambiental.com.ar\\\/info\\\/chubut-destaca-avances-en-educacion-ambiental-en-encuentro-nacional-2024\\\/#primaryimage\"},\"thumbnailUrl\":\"https:\\\/\\\/patagoniambiental.com.ar\\\/info\\\/wp-content\\\/uploads\\\/2024\\\/12\\\/educacion-ambiental.jpeg\",\"articleSection\":[\"Chubut\",\"Noticias\",\"Provinciales\"],\"inLanguage\":\"es\",\"potentialAction\":[{\"@type\":\"CommentAction\",\"name\":\"Comment\",\"target\":[\"https:\\\/\\\/patagoniambiental.com.ar\\\/info\\\/chubut-destaca-avances-en-educacion-ambiental-en-encuentro-nacional-2024\\\/#respond\"]}]},{\"@type\":\"WebPage\",\"@id\":\"https:\\\/\\\/patagoniambiental.com.ar\\\/info\\\/chubut-destaca-avances-en-educacion-ambiental-en-encuentro-nacional-2024\\\/\",\"url\":\"https:\\\/\\\/patagoniambiental.com.ar\\\/info\\\/chubut-destaca-avances-en-educacion-ambiental-en-encuentro-nacional-2024\\\/\",\"name\":\"Chubut destaca avances en educaci\u00f3n ambiental en Encuentro Nacional 2024\",\"isPartOf\":{\"@id\":\"https:\\\/\\\/patagoniambiental.com.ar\\\/info\\\/#website\"},\"primaryImageOfPage\":{\"@id\":\"https:\\\/\\\/patagoniambiental.com.ar\\\/info\\\/chubut-destaca-avances-en-educacion-ambiental-en-encuentro-nacional-2024\\\/#primaryimage\"},\"image\":{\"@id\":\"https:\\\/\\\/patagoniambiental.com.ar\\\/info\\\/chubut-destaca-avances-en-educacion-ambiental-en-encuentro-nacional-2024\\\/#primaryimage\"},\"thumbnailUrl\":\"https:\\\/\\\/patagoniambiental.com.ar\\\/info\\\/wp-content\\\/uploads\\\/2024\\\/12\\\/educacion-ambiental.jpeg\",\"datePublished\":\"2024-12-09T15:04:56+00:00\",\"dateModified\":\"2025-05-04T19:17:30+00:00\",\"description\":\"Chubut ha dado un paso importante hacia la consolidaci\u00f3n de una educaci\u00f3n ambiental integral, presentando los logros alcanzados a nivel provincial durante el Encuentro Nacional de Educaci\u00f3n Ambiental 2024, celebrado en Buenos Aires.\",\"breadcrumb\":{\"@id\":\"https:\\\/\\\/patagoniambiental.com.ar\\\/info\\\/chubut-destaca-avances-en-educacion-ambiental-en-encuentro-nacional-2024\\\/#breadcrumb\"},\"inLanguage\":\"es\",\"potentialAction\":[{\"@type\":\"ReadAction\",\"target\":[\"https:\\\/\\\/patagoniambiental.com.ar\\\/info\\\/chubut-destaca-avances-en-educacion-ambiental-en-encuentro-nacional-2024\\\/\"]}]},{\"@type\":\"ImageObject\",\"inLanguage\":\"es\",\"@id\":\"https:\\\/\\\/patagoniambiental.com.ar\\\/info\\\/chubut-destaca-avances-en-educacion-ambiental-en-encuentro-nacional-2024\\\/#primaryimage\",\"url\":\"https:\\\/\\\/patagoniambiental.com.ar\\\/info\\\/wp-content\\\/uploads\\\/2024\\\/12\\\/educacion-ambiental.jpeg\",\"contentUrl\":\"https:\\\/\\\/patagoniambiental.com.ar\\\/info\\\/wp-content\\\/uploads\\\/2024\\\/12\\\/educacion-ambiental.jpeg\",\"width\":857,\"height\":600},{\"@type\":\"BreadcrumbList\",\"@id\":\"https:\\\/\\\/patagoniambiental.com.ar\\\/info\\\/chubut-destaca-avances-en-educacion-ambiental-en-encuentro-nacional-2024\\\/#breadcrumb\",\"itemListElement\":[{\"@type\":\"ListItem\",\"position\":1,\"name\":\"Inicio\",\"item\":\"https:\\\/\\\/patagoniambiental.com.ar\\\/info\\\/\"},{\"@type\":\"ListItem\",\"position\":2,\"name\":\"Chubut destaca avances en educaci\u00f3n ambiental en Encuentro Nacional 2024\"}]},{\"@type\":\"WebSite\",\"@id\":\"https:\\\/\\\/patagoniambiental.com.ar\\\/info\\\/#website\",\"url\":\"https:\\\/\\\/patagoniambiental.com.ar\\\/info\\\/\",\"name\":\"Patagonia Ambiental\",\"description\":\"Monitoreo y an\u00e1lisis de la situaci\u00f3n geopol\u00edtica en el mundo y su implicancia en la Patagonia\",\"publisher\":{\"@id\":\"https:\\\/\\\/patagoniambiental.com.ar\\\/info\\\/#organization\"},\"potentialAction\":[{\"@type\":\"SearchAction\",\"target\":{\"@type\":\"EntryPoint\",\"urlTemplate\":\"https:\\\/\\\/patagoniambiental.com.ar\\\/info\\\/?s={search_term_string}\"},\"query-input\":{\"@type\":\"PropertyValueSpecification\",\"valueRequired\":true,\"valueName\":\"search_term_string\"}}],\"inLanguage\":\"es\"},{\"@type\":\"Organization\",\"@id\":\"https:\\\/\\\/patagoniambiental.com.ar\\\/info\\\/#organization\",\"name\":\"Patagonia Ambiental\",\"url\":\"https:\\\/\\\/patagoniambiental.com.ar\\\/info\\\/\",\"logo\":{\"@type\":\"ImageObject\",\"inLanguage\":\"es\",\"@id\":\"https:\\\/\\\/patagoniambiental.com.ar\\\/info\\\/#\\\/schema\\\/logo\\\/image\\\/\",\"url\":\"https:\\\/\\\/patagoniambiental.com.ar\\\/info\\\/wp-content\\\/uploads\\\/2025\\\/05\\\/LOGO-PATAGONIA-AMBIENTAL.png\",\"contentUrl\":\"https:\\\/\\\/patagoniambiental.com.ar\\\/info\\\/wp-content\\\/uploads\\\/2025\\\/05\\\/LOGO-PATAGONIA-AMBIENTAL.png\",\"width\":433,\"height\":250,\"caption\":\"Patagonia Ambiental\"},\"image\":{\"@id\":\"https:\\\/\\\/patagoniambiental.com.ar\\\/info\\\/#\\\/schema\\\/logo\\\/image\\\/\"},\"sameAs\":[\"https:\\\/\\\/www.facebook.com\\\/patagonia.ambiental\",\"https:\\\/\\\/x.com\\\/PatAmb\"]},{\"@type\":\"Person\",\"@id\":\"https:\\\/\\\/patagoniambiental.com.ar\\\/info\\\/#\\\/schema\\\/person\\\/db12bff64bbcbf6a253710bf0ea37b5d\",\"name\":\"Patagonia Ambiental\",\"description\":\"Andr\u00e9s Nievas T\u00e9cnico en manejo ambiental, consultor Ambiental y escritor para medios locales e internacionales sobre temas de geopolitica y medio ambiente.\",\"sameAs\":[\"http:\\\/\\\/www.patagoniambiental.com.ar\",\"https:\\\/\\\/www.facebook.com\\\/share\\\/1C1V8Gv9BX\\\/?mibextid=qi2Omg\",\"@patagoniambiental\",\"https:\\\/\\\/youtube.com\\\/@patagoniaambiental2023?si=BLt58t0wuXquxlYZ\"]}]}<\/script>\n<!-- \/ Yoast SEO Premium plugin. -->","yoast_head_json":{"title":"Chubut destaca avances en educaci\u00f3n ambiental en Encuentro Nacional 2024","description":"Chubut ha dado un paso importante hacia la consolidaci\u00f3n de una educaci\u00f3n ambiental integral, presentando los logros alcanzados a nivel provincial durante el Encuentro Nacional de Educaci\u00f3n Ambiental 2024, celebrado en Buenos Aires.","robots":{"index":"index","follow":"follow","max-snippet":"max-snippet:-1","max-image-preview":"max-image-preview:large","max-video-preview":"max-video-preview:-1"},"canonical":"https:\/\/patagoniambiental.com.ar\/info\/chubut-destaca-avances-en-educacion-ambiental-en-encuentro-nacional-2024\/","og_locale":"es_ES","og_type":"article","og_title":"Chubut destaca avances en educaci\u00f3n ambiental en Encuentro Nacional 2024","og_description":"Chubut ha dado un paso importante hacia la consolidaci\u00f3n de una educaci\u00f3n ambiental integral, presentando los logros alcanzados a nivel provincial durante el Encuentro Nacional de Educaci\u00f3n Ambiental 2024, celebrado en Buenos Aires.","og_url":"https:\/\/patagoniambiental.com.ar\/info\/chubut-destaca-avances-en-educacion-ambiental-en-encuentro-nacional-2024\/","og_site_name":"Patagonia Ambiental","article_publisher":"https:\/\/www.facebook.com\/patagonia.ambiental","article_author":"https:\/\/www.facebook.com\/share\/1C1V8Gv9BX\/?mibextid=qi2Omg","article_published_time":"2024-12-09T15:04:56+00:00","article_modified_time":"2025-05-04T19:17:30+00:00","og_image":[{"width":1600,"height":1120,"url":"https:\/\/patagoniambiental.com.ar\/info\/wp-content\/uploads\/2024\/12\/educacion-ambiental.jpeg","type":"image\/jpeg"}],"author":"Patagonia Ambiental","twitter_card":"summary_large_image","twitter_creator":"@PatAmb","twitter_site":"@PatAmb","schema":{"@context":"https:\/\/schema.org","@graph":[{"@type":"Article","@id":"https:\/\/patagoniambiental.com.ar\/info\/chubut-destaca-avances-en-educacion-ambiental-en-encuentro-nacional-2024\/#article","isPartOf":{"@id":"https:\/\/patagoniambiental.com.ar\/info\/chubut-destaca-avances-en-educacion-ambiental-en-encuentro-nacional-2024\/"},"author":{"name":"Patagonia Ambiental","@id":"https:\/\/patagoniambiental.com.ar\/info\/#\/schema\/person\/db12bff64bbcbf6a253710bf0ea37b5d"},"headline":"Chubut destaca avances en educaci\u00f3n ambiental en Encuentro Nacional 2024","datePublished":"2024-12-09T15:04:56+00:00","dateModified":"2025-05-04T19:17:30+00:00","mainEntityOfPage":{"@id":"https:\/\/patagoniambiental.com.ar\/info\/chubut-destaca-avances-en-educacion-ambiental-en-encuentro-nacional-2024\/"},"wordCount":858,"commentCount":0,"publisher":{"@id":"https:\/\/patagoniambiental.com.ar\/info\/#organization"},"image":{"@id":"https:\/\/patagoniambiental.com.ar\/info\/chubut-destaca-avances-en-educacion-ambiental-en-encuentro-nacional-2024\/#primaryimage"},"thumbnailUrl":"https:\/\/patagoniambiental.com.ar\/info\/wp-content\/uploads\/2024\/12\/educacion-ambiental.jpeg","articleSection":["Chubut","Noticias","Provinciales"],"inLanguage":"es","potentialAction":[{"@type":"CommentAction","name":"Comment","target":["https:\/\/patagoniambiental.com.ar\/info\/chubut-destaca-avances-en-educacion-ambiental-en-encuentro-nacional-2024\/#respond"]}]},{"@type":"WebPage","@id":"https:\/\/patagoniambiental.com.ar\/info\/chubut-destaca-avances-en-educacion-ambiental-en-encuentro-nacional-2024\/","url":"https:\/\/patagoniambiental.com.ar\/info\/chubut-destaca-avances-en-educacion-ambiental-en-encuentro-nacional-2024\/","name":"Chubut destaca avances en educaci\u00f3n ambiental en Encuentro Nacional 2024","isPartOf":{"@id":"https:\/\/patagoniambiental.com.ar\/info\/#website"},"primaryImageOfPage":{"@id":"https:\/\/patagoniambiental.com.ar\/info\/chubut-destaca-avances-en-educacion-ambiental-en-encuentro-nacional-2024\/#primaryimage"},"image":{"@id":"https:\/\/patagoniambiental.com.ar\/info\/chubut-destaca-avances-en-educacion-ambiental-en-encuentro-nacional-2024\/#primaryimage"},"thumbnailUrl":"https:\/\/patagoniambiental.com.ar\/info\/wp-content\/uploads\/2024\/12\/educacion-ambiental.jpeg","datePublished":"2024-12-09T15:04:56+00:00","dateModified":"2025-05-04T19:17:30+00:00","description":"Chubut ha dado un paso importante hacia la consolidaci\u00f3n de una educaci\u00f3n ambiental integral, presentando los logros alcanzados a nivel provincial durante el Encuentro Nacional de Educaci\u00f3n Ambiental 2024, celebrado en Buenos Aires.","breadcrumb":{"@id":"https:\/\/patagoniambiental.com.ar\/info\/chubut-destaca-avances-en-educacion-ambiental-en-encuentro-nacional-2024\/#breadcrumb"},"inLanguage":"es","potentialAction":[{"@type":"ReadAction","target":["https:\/\/patagoniambiental.com.ar\/info\/chubut-destaca-avances-en-educacion-ambiental-en-encuentro-nacional-2024\/"]}]},{"@type":"ImageObject","inLanguage":"es","@id":"https:\/\/patagoniambiental.com.ar\/info\/chubut-destaca-avances-en-educacion-ambiental-en-encuentro-nacional-2024\/#primaryimage","url":"https:\/\/patagoniambiental.com.ar\/info\/wp-content\/uploads\/2024\/12\/educacion-ambiental.jpeg","contentUrl":"https:\/\/patagoniambiental.com.ar\/info\/wp-content\/uploads\/2024\/12\/educacion-ambiental.jpeg","width":857,"height":600},{"@type":"BreadcrumbList","@id":"https:\/\/patagoniambiental.com.ar\/info\/chubut-destaca-avances-en-educacion-ambiental-en-encuentro-nacional-2024\/#breadcrumb","itemListElement":[{"@type":"ListItem","position":1,"name":"Inicio","item":"https:\/\/patagoniambiental.com.ar\/info\/"},{"@type":"ListItem","position":2,"name":"Chubut destaca avances en educaci\u00f3n ambiental en Encuentro Nacional 2024"}]},{"@type":"WebSite","@id":"https:\/\/patagoniambiental.com.ar\/info\/#website","url":"https:\/\/patagoniambiental.com.ar\/info\/","name":"Patagonia Ambiental","description":"Monitoreo y an\u00e1lisis de la situaci\u00f3n geopol\u00edtica en el mundo y su implicancia en la Patagonia","publisher":{"@id":"https:\/\/patagoniambiental.com.ar\/info\/#organization"},"potentialAction":[{"@type":"SearchAction","target":{"@type":"EntryPoint","urlTemplate":"https:\/\/patagoniambiental.com.ar\/info\/?s={search_term_string}"},"query-input":{"@type":"PropertyValueSpecification","valueRequired":true,"valueName":"search_term_string"}}],"inLanguage":"es"},{"@type":"Organization","@id":"https:\/\/patagoniambiental.com.ar\/info\/#organization","name":"Patagonia Ambiental","url":"https:\/\/patagoniambiental.com.ar\/info\/","logo":{"@type":"ImageObject","inLanguage":"es","@id":"https:\/\/patagoniambiental.com.ar\/info\/#\/schema\/logo\/image\/","url":"https:\/\/patagoniambiental.com.ar\/info\/wp-content\/uploads\/2025\/05\/LOGO-PATAGONIA-AMBIENTAL.png","contentUrl":"https:\/\/patagoniambiental.com.ar\/info\/wp-content\/uploads\/2025\/05\/LOGO-PATAGONIA-AMBIENTAL.png","width":433,"height":250,"caption":"Patagonia Ambiental"},"image":{"@id":"https:\/\/patagoniambiental.com.ar\/info\/#\/schema\/logo\/image\/"},"sameAs":["https:\/\/www.facebook.com\/patagonia.ambiental","https:\/\/x.com\/PatAmb"]},{"@type":"Person","@id":"https:\/\/patagoniambiental.com.ar\/info\/#\/schema\/person\/db12bff64bbcbf6a253710bf0ea37b5d","name":"Patagonia Ambiental","description":"Andr\u00e9s Nievas T\u00e9cnico en manejo ambiental, consultor Ambiental y escritor para medios locales e internacionales sobre temas de geopolitica y medio ambiente.","sameAs":["http:\/\/www.patagoniambiental.com.ar","https:\/\/www.facebook.com\/share\/1C1V8Gv9BX\/?mibextid=qi2Omg","@patagoniambiental","https:\/\/youtube.com\/@patagoniaambiental2023?si=BLt58t0wuXquxlYZ"]}]}},"_links":{"self":[{"href":"https:\/\/patagoniambiental.com.ar\/info\/wp-json\/wp\/v2\/posts\/91734","targetHints":{"allow":["GET"]}}],"collection":[{"href":"https:\/\/patagoniambiental.com.ar\/info\/wp-json\/wp\/v2\/posts"}],"about":[{"href":"https:\/\/patagoniambiental.com.ar\/info\/wp-json\/wp\/v2\/types\/post"}],"author":[{"embeddable":true,"href":"https:\/\/patagoniambiental.com.ar\/info\/wp-json\/wp\/v2\/users\/2"}],"replies":[{"embeddable":true,"href":"https:\/\/patagoniambiental.com.ar\/info\/wp-json\/wp\/v2\/comments?post=91734"}],"version-history":[{"count":0,"href":"https:\/\/patagoniambiental.com.ar\/info\/wp-json\/wp\/v2\/posts\/91734\/revisions"}],"wp:featuredmedia":[{"embeddable":true,"href":"https:\/\/patagoniambiental.com.ar\/info\/wp-json\/wp\/v2\/media\/91735"}],"wp:attachment":[{"href":"https:\/\/patagoniambiental.com.ar\/info\/wp-json\/wp\/v2\/media?parent=91734"}],"wp:term":[{"taxonomy":"category","embeddable":true,"href":"https:\/\/patagoniambiental.com.ar\/info\/wp-json\/wp\/v2\/categories?post=91734"},{"taxonomy":"post_tag","embeddable":true,"href":"https:\/\/patagoniambiental.com.ar\/info\/wp-json\/wp\/v2\/tags?post=91734"}],"curies":[{"name":"wp","href":"https:\/\/api.w.org\/{rel}","templated":true}]}}