{"id":91737,"date":"2024-12-10T00:02:45","date_gmt":"2024-12-10T03:02:45","guid":{"rendered":"https:\/\/patagoniambiental.com.ar\/info\/?p=91737"},"modified":"2025-05-04T16:17:28","modified_gmt":"2025-05-04T19:17:28","slug":"nuevo-impulso-al-turismo-de-la-region-sur-con-la-inauguracion-de-centros-de-atencion-al-visitante","status":"publish","type":"post","link":"https:\/\/patagoniambiental.com.ar\/info\/nuevo-impulso-al-turismo-de-la-region-sur-con-la-inauguracion-de-centros-de-atencion-al-visitante\/","title":{"rendered":"Nuevo impulso al turismo de la Regi\u00f3n Sur con la inauguraci\u00f3n de Centros de Atenci\u00f3n al Visitante"},"content":{"rendered":"\n<!--more-->\n\n\n\n<p>Los Menucos, Provincia de Rio Negro, 9 de diciembre de 2024. Los M\u00e9nucos  y Sierra Colorada estrenan infraestructuras tur\u00edsticas como parte del Corredor Ruta de la Estepa<\/p>\n\n\n\n<p>El turismo en la Regi\u00f3n Sur de R\u00edo Negro recibi\u00f3 un importante impulso este s\u00e1bado con la inauguraci\u00f3n de dos nuevos Centros de Atenci\u00f3n al Visitante en Los Menucos y Sierra Colorada. Estas instalaciones tienen como objetivo promover y mejorar la oferta tur\u00edstica de la zona, una de las m\u00e1s atractivas para los viajeros que exploran el sur argentino, y ofrecer servicios de calidad a los turistas que transitan por la Ruta de la Estepa. Los actos fueron realizados en el marco de los aniversarios de cada localidad y contaron con la presencia de funcionarios provinciales y locales.<\/p>\n\n\n\n\n\n<p>Estos nuevos centros se suman a los ya inaugurados en Ramos Mex\u00eda y Valcheta, convirti\u00e9ndose en las \u00faltimas dos unidades tur\u00edsticas de la primera etapa del proyecto Corredor Ruta de la Estepa. Un ambicioso plan que busca potenciar el desarrollo econ\u00f3mico y tur\u00edstico de la regi\u00f3n, al tiempo que resalta su identidad ferroviaria. La implementaci\u00f3n de esta infraestructura es un paso m\u00e1s en la consolidaci\u00f3n de una de las rutas tur\u00edsticas m\u00e1s singulares del pa\u00eds, que conecta la Cordillera de los Andes con el oc\u00e9ano Atl\u00e1ntico, uniendo paisajes de estepa patag\u00f3nica con las maravillas naturales de la cordillera.<\/p>\n\n\n\n<p>Marisol Mart\u00ednez, directora de Pol\u00edticas Tur\u00edsticas de la Regi\u00f3n Este, expres\u00f3 durante la inauguraci\u00f3n: \u00abCon la apertura de estos nuevos centros, concluimos la primera etapa de la Ruta de la Estepa, un proyecto que comenz\u00f3 con la transformaci\u00f3n de vagones reciclados, adaptados como unidades tur\u00edsticas. Estos vagones no solo mejoran la infraestructura de la regi\u00f3n, sino que tambi\u00e9n ofrecen una propuesta \u00fanica para los turistas que buscan experiencias aut\u00e9nticas en un entorno de naturaleza y cultura\u00bb.<\/p>\n\n\n\n<p>El Corredor Ruta de la Estepa no solo busca consolidar destinos tur\u00edsticos consolidados como Los Menucos, Sierra Colorada, Valcheta y Ramos Mex\u00eda, sino que tambi\u00e9n apunta a poner en valor aquellos destinos emergentes que, gracias a este tipo de infraestructura, pueden ganar visibilidad y atraer a m\u00e1s visitantes.<\/p>\n\n\n\n<p>Adem\u00e1s, la funcionaria provincial anticip\u00f3 que el proyecto seguir\u00e1 avanzando con una segunda etapa que incluir\u00e1 la construcci\u00f3n de nuevas unidades en otras cuatro localidades de la regi\u00f3n. \u00abCon la segunda etapa del proyecto, que incluir\u00e1 m\u00e1s localidades, cerraremos el c\u00edrculo de la Ruta de la Estepa, d\u00e1ndole una identidad completamente ferroviaria a todo el corredor, lo que contribuir\u00e1 a diversificar y enriquecer la oferta tur\u00edstica de la provincia\u00bb, a\u00f1adi\u00f3 Mart\u00ednez.<\/p>\n\n\n\n<p>El Corredor Ruta de la Estepa tiene como objetivo no solo generar un mayor flujo de turistas, sino tambi\u00e9n impulsar el desarrollo local y mejorar la calidad de vida de los habitantes de la regi\u00f3n. La creaci\u00f3n de estos centros de atenci\u00f3n, junto con la restauraci\u00f3n de los vagones reciclados, forma parte de un esfuerzo por promover el turismo sustentable, integrando la historia ferroviaria con el paisaje patag\u00f3nico.<\/p>\n\n\n\n<p>Con una creciente afluencia de turistas que viajan desde la cordillera hacia la costa atl\u00e1ntica, y viceversa, la Ruta de la Estepa se perfila como uno de los principales ejes tur\u00edsticos de R\u00edo Negro. Este tipo de iniciativas refuerzan el atractivo de la regi\u00f3n, ofreciendo a los visitantes no solo infraestructura, sino tambi\u00e9n una experiencia enriquecedora y \u00fanica, en un entorno natural que preserva la tradici\u00f3n y cultura local.<\/p>\n\n\n\n<p>La inauguraci\u00f3n de los nuevos Centros de Atenci\u00f3n al Visitante en Los Menucos y Sierra Colorada marca un antes y un despu\u00e9s para el turismo rionegrino, y pone en evidencia el compromiso de la provincia con el desarrollo de proyectos que unen sostenibilidad, patrimonio hist\u00f3rico y promoci\u00f3n de destinos emergentes.<\/p>\n","protected":false},"excerpt":{"rendered":"","protected":false},"author":2,"featured_media":91738,"comment_status":"open","ping_status":"open","sticky":false,"template":"","format":"standard","meta":{"site-sidebar-layout":"default","site-content-layout":"","ast-site-content-layout":"default","site-content-style":"default","site-sidebar-style":"default","ast-global-header-display":"","ast-banner-title-visibility":"","ast-main-header-display":"","ast-hfb-above-header-display":"","ast-hfb-below-header-display":"","ast-hfb-mobile-header-display":"","site-post-title":"","ast-breadcrumbs-content":"","ast-featured-img":"","footer-sml-layout":"","ast-disable-related-posts":"","theme-transparent-header-meta":"","adv-header-id-meta":"","stick-header-meta":"","header-above-stick-meta":"","header-main-stick-meta":"","header-below-stick-meta":"","astra-migrate-meta-layouts":"default","ast-page-background-enabled":"default","ast-page-background-meta":{"desktop":{"background-color":"var(--ast-global-color-5)","background-image":"","background-repeat":"repeat","background-position":"center center","background-size":"auto","background-attachment":"scroll","background-type":"","background-media":"","overlay-type":"","overlay-color":"","overlay-opacity":"","overlay-gradient":""},"tablet":{"background-color":"","background-image":"","background-repeat":"repeat","background-position":"center center","background-size":"auto","background-attachment":"scroll","background-type":"","background-media":"","overlay-type":"","overlay-color":"","overlay-opacity":"","overlay-gradient":""},"mobile":{"background-color":"","background-image":"","background-repeat":"repeat","background-position":"center center","background-size":"auto","background-attachment":"scroll","background-type":"","background-media":"","overlay-type":"","overlay-color":"","overlay-opacity":"","overlay-gradient":""}},"ast-content-background-meta":{"desktop":{"background-color":"var(--ast-global-color-4)","background-image":"","background-repeat":"repeat","background-position":"center center","background-size":"auto","background-attachment":"scroll","background-type":"","background-media":"","overlay-type":"","overlay-color":"","overlay-opacity":"","overlay-gradient":""},"tablet":{"background-color":"var(--ast-global-color-4)","background-image":"","background-repeat":"repeat","background-position":"center center","background-size":"auto","background-attachment":"scroll","background-type":"","background-media":"","overlay-type":"","overlay-color":"","overlay-opacity":"","overlay-gradient":""},"mobile":{"background-color":"var(--ast-global-color-4)","background-image":"","background-repeat":"repeat","background-position":"center center","background-size":"auto","background-attachment":"scroll","background-type":"","background-media":"","overlay-type":"","overlay-color":"","overlay-opacity":"","overlay-gradient":""}},"footnotes":""},"categories":[1,13,14],"tags":[],"class_list":["post-91737","post","type-post","status-publish","format-standard","has-post-thumbnail","hentry","category-noticias","category-provinciales","category-rio-negro"],"yoast_head":"<!-- This site is optimized with the Yoast SEO Premium plugin v23.0 (Yoast SEO v27.5) - https:\/\/yoast.com\/product\/yoast-seo-premium-wordpress\/ -->\n<title>Nuevo impulso al turismo de la Regi\u00f3n Sur con la inauguraci\u00f3n de Centros de Atenci\u00f3n al Visitante<\/title>\n<meta name=\"description\" content=\"Los M\u00e9nucos y Sierra Colorada estrenan infraestructuras tur\u00edsticas como parte del Corredor Ruta de la Estepa\" \/>\n<meta name=\"robots\" content=\"index, follow, max-snippet:-1, max-image-preview:large, max-video-preview:-1\" \/>\n<link rel=\"canonical\" href=\"https:\/\/patagoniambiental.com.ar\/info\/nuevo-impulso-al-turismo-de-la-region-sur-con-la-inauguracion-de-centros-de-atencion-al-visitante\/\" \/>\n<meta property=\"og:locale\" content=\"es_ES\" \/>\n<meta property=\"og:type\" content=\"article\" \/>\n<meta property=\"og:title\" content=\"Nuevo impulso al turismo de la Regi\u00f3n Sur con la inauguraci\u00f3n de Centros de Atenci\u00f3n al Visitante\" \/>\n<meta property=\"og:description\" content=\"Los M\u00e9nucos y Sierra Colorada estrenan infraestructuras tur\u00edsticas como parte del Corredor Ruta de la Estepa\" \/>\n<meta property=\"og:url\" content=\"https:\/\/patagoniambiental.com.ar\/info\/nuevo-impulso-al-turismo-de-la-region-sur-con-la-inauguracion-de-centros-de-atencion-al-visitante\/\" \/>\n<meta property=\"og:site_name\" content=\"Patagonia Ambiental\" \/>\n<meta property=\"article:publisher\" content=\"https:\/\/www.facebook.com\/patagonia.ambiental\" \/>\n<meta property=\"article:author\" content=\"https:\/\/www.facebook.com\/share\/1C1V8Gv9BX\/?mibextid=qi2Omg\" \/>\n<meta property=\"article:published_time\" content=\"2024-12-10T03:02:45+00:00\" \/>\n<meta property=\"article:modified_time\" content=\"2025-05-04T19:17:28+00:00\" \/>\n<meta property=\"og:image\" content=\"https:\/\/patagoniambiental.com.ar\/info\/wp-content\/uploads\/2024\/12\/1733763919-73b09c47225cff8921f0.jpeg\" \/>\n\t<meta property=\"og:image:width\" content=\"1080\" \/>\n\t<meta property=\"og:image:height\" content=\"607\" \/>\n\t<meta property=\"og:image:type\" content=\"image\/jpeg\" \/>\n<meta name=\"author\" content=\"Patagonia Ambiental\" \/>\n<meta name=\"twitter:card\" content=\"summary_large_image\" \/>\n<meta name=\"twitter:creator\" content=\"@PatAmb\" \/>\n<meta name=\"twitter:site\" content=\"@PatAmb\" \/>\n<script type=\"application\/ld+json\" class=\"yoast-schema-graph\">{\"@context\":\"https:\\\/\\\/schema.org\",\"@graph\":[{\"@type\":\"Article\",\"@id\":\"https:\\\/\\\/patagoniambiental.com.ar\\\/info\\\/nuevo-impulso-al-turismo-de-la-region-sur-con-la-inauguracion-de-centros-de-atencion-al-visitante\\\/#article\",\"isPartOf\":{\"@id\":\"https:\\\/\\\/patagoniambiental.com.ar\\\/info\\\/nuevo-impulso-al-turismo-de-la-region-sur-con-la-inauguracion-de-centros-de-atencion-al-visitante\\\/\"},\"author\":{\"name\":\"Patagonia Ambiental\",\"@id\":\"https:\\\/\\\/patagoniambiental.com.ar\\\/info\\\/#\\\/schema\\\/person\\\/db12bff64bbcbf6a253710bf0ea37b5d\"},\"headline\":\"Nuevo impulso al turismo de la Regi\u00f3n Sur con la inauguraci\u00f3n de Centros de Atenci\u00f3n al Visitante\",\"datePublished\":\"2024-12-10T03:02:45+00:00\",\"dateModified\":\"2025-05-04T19:17:28+00:00\",\"mainEntityOfPage\":{\"@id\":\"https:\\\/\\\/patagoniambiental.com.ar\\\/info\\\/nuevo-impulso-al-turismo-de-la-region-sur-con-la-inauguracion-de-centros-de-atencion-al-visitante\\\/\"},\"wordCount\":687,\"commentCount\":0,\"publisher\":{\"@id\":\"https:\\\/\\\/patagoniambiental.com.ar\\\/info\\\/#organization\"},\"image\":{\"@id\":\"https:\\\/\\\/patagoniambiental.com.ar\\\/info\\\/nuevo-impulso-al-turismo-de-la-region-sur-con-la-inauguracion-de-centros-de-atencion-al-visitante\\\/#primaryimage\"},\"thumbnailUrl\":\"https:\\\/\\\/patagoniambiental.com.ar\\\/info\\\/wp-content\\\/uploads\\\/2024\\\/12\\\/1733763919-73b09c47225cff8921f0.jpeg\",\"articleSection\":[\"Noticias\",\"Provinciales\",\"R\u00edo Negro\"],\"inLanguage\":\"es\",\"potentialAction\":[{\"@type\":\"CommentAction\",\"name\":\"Comment\",\"target\":[\"https:\\\/\\\/patagoniambiental.com.ar\\\/info\\\/nuevo-impulso-al-turismo-de-la-region-sur-con-la-inauguracion-de-centros-de-atencion-al-visitante\\\/#respond\"]}]},{\"@type\":\"WebPage\",\"@id\":\"https:\\\/\\\/patagoniambiental.com.ar\\\/info\\\/nuevo-impulso-al-turismo-de-la-region-sur-con-la-inauguracion-de-centros-de-atencion-al-visitante\\\/\",\"url\":\"https:\\\/\\\/patagoniambiental.com.ar\\\/info\\\/nuevo-impulso-al-turismo-de-la-region-sur-con-la-inauguracion-de-centros-de-atencion-al-visitante\\\/\",\"name\":\"Nuevo impulso al turismo de la Regi\u00f3n Sur con la inauguraci\u00f3n de Centros de Atenci\u00f3n al Visitante\",\"isPartOf\":{\"@id\":\"https:\\\/\\\/patagoniambiental.com.ar\\\/info\\\/#website\"},\"primaryImageOfPage\":{\"@id\":\"https:\\\/\\\/patagoniambiental.com.ar\\\/info\\\/nuevo-impulso-al-turismo-de-la-region-sur-con-la-inauguracion-de-centros-de-atencion-al-visitante\\\/#primaryimage\"},\"image\":{\"@id\":\"https:\\\/\\\/patagoniambiental.com.ar\\\/info\\\/nuevo-impulso-al-turismo-de-la-region-sur-con-la-inauguracion-de-centros-de-atencion-al-visitante\\\/#primaryimage\"},\"thumbnailUrl\":\"https:\\\/\\\/patagoniambiental.com.ar\\\/info\\\/wp-content\\\/uploads\\\/2024\\\/12\\\/1733763919-73b09c47225cff8921f0.jpeg\",\"datePublished\":\"2024-12-10T03:02:45+00:00\",\"dateModified\":\"2025-05-04T19:17:28+00:00\",\"description\":\"Los M\u00e9nucos y Sierra Colorada estrenan infraestructuras tur\u00edsticas como parte del Corredor Ruta de la Estepa\",\"breadcrumb\":{\"@id\":\"https:\\\/\\\/patagoniambiental.com.ar\\\/info\\\/nuevo-impulso-al-turismo-de-la-region-sur-con-la-inauguracion-de-centros-de-atencion-al-visitante\\\/#breadcrumb\"},\"inLanguage\":\"es\",\"potentialAction\":[{\"@type\":\"ReadAction\",\"target\":[\"https:\\\/\\\/patagoniambiental.com.ar\\\/info\\\/nuevo-impulso-al-turismo-de-la-region-sur-con-la-inauguracion-de-centros-de-atencion-al-visitante\\\/\"]}]},{\"@type\":\"ImageObject\",\"inLanguage\":\"es\",\"@id\":\"https:\\\/\\\/patagoniambiental.com.ar\\\/info\\\/nuevo-impulso-al-turismo-de-la-region-sur-con-la-inauguracion-de-centros-de-atencion-al-visitante\\\/#primaryimage\",\"url\":\"https:\\\/\\\/patagoniambiental.com.ar\\\/info\\\/wp-content\\\/uploads\\\/2024\\\/12\\\/1733763919-73b09c47225cff8921f0.jpeg\",\"contentUrl\":\"https:\\\/\\\/patagoniambiental.com.ar\\\/info\\\/wp-content\\\/uploads\\\/2024\\\/12\\\/1733763919-73b09c47225cff8921f0.jpeg\",\"width\":1080,\"height\":607},{\"@type\":\"BreadcrumbList\",\"@id\":\"https:\\\/\\\/patagoniambiental.com.ar\\\/info\\\/nuevo-impulso-al-turismo-de-la-region-sur-con-la-inauguracion-de-centros-de-atencion-al-visitante\\\/#breadcrumb\",\"itemListElement\":[{\"@type\":\"ListItem\",\"position\":1,\"name\":\"Inicio\",\"item\":\"https:\\\/\\\/patagoniambiental.com.ar\\\/info\\\/\"},{\"@type\":\"ListItem\",\"position\":2,\"name\":\"Nuevo impulso al turismo de la Regi\u00f3n Sur con la inauguraci\u00f3n de Centros de Atenci\u00f3n al Visitante\"}]},{\"@type\":\"WebSite\",\"@id\":\"https:\\\/\\\/patagoniambiental.com.ar\\\/info\\\/#website\",\"url\":\"https:\\\/\\\/patagoniambiental.com.ar\\\/info\\\/\",\"name\":\"Patagonia Ambiental\",\"description\":\"Monitoreo y an\u00e1lisis de la situaci\u00f3n geopol\u00edtica en el mundo y su implicancia en la Patagonia\",\"publisher\":{\"@id\":\"https:\\\/\\\/patagoniambiental.com.ar\\\/info\\\/#organization\"},\"potentialAction\":[{\"@type\":\"SearchAction\",\"target\":{\"@type\":\"EntryPoint\",\"urlTemplate\":\"https:\\\/\\\/patagoniambiental.com.ar\\\/info\\\/?s={search_term_string}\"},\"query-input\":{\"@type\":\"PropertyValueSpecification\",\"valueRequired\":true,\"valueName\":\"search_term_string\"}}],\"inLanguage\":\"es\"},{\"@type\":\"Organization\",\"@id\":\"https:\\\/\\\/patagoniambiental.com.ar\\\/info\\\/#organization\",\"name\":\"Patagonia Ambiental\",\"url\":\"https:\\\/\\\/patagoniambiental.com.ar\\\/info\\\/\",\"logo\":{\"@type\":\"ImageObject\",\"inLanguage\":\"es\",\"@id\":\"https:\\\/\\\/patagoniambiental.com.ar\\\/info\\\/#\\\/schema\\\/logo\\\/image\\\/\",\"url\":\"https:\\\/\\\/patagoniambiental.com.ar\\\/info\\\/wp-content\\\/uploads\\\/2025\\\/05\\\/LOGO-PATAGONIA-AMBIENTAL.png\",\"contentUrl\":\"https:\\\/\\\/patagoniambiental.com.ar\\\/info\\\/wp-content\\\/uploads\\\/2025\\\/05\\\/LOGO-PATAGONIA-AMBIENTAL.png\",\"width\":433,\"height\":250,\"caption\":\"Patagonia Ambiental\"},\"image\":{\"@id\":\"https:\\\/\\\/patagoniambiental.com.ar\\\/info\\\/#\\\/schema\\\/logo\\\/image\\\/\"},\"sameAs\":[\"https:\\\/\\\/www.facebook.com\\\/patagonia.ambiental\",\"https:\\\/\\\/x.com\\\/PatAmb\"]},{\"@type\":\"Person\",\"@id\":\"https:\\\/\\\/patagoniambiental.com.ar\\\/info\\\/#\\\/schema\\\/person\\\/db12bff64bbcbf6a253710bf0ea37b5d\",\"name\":\"Patagonia Ambiental\",\"description\":\"Andr\u00e9s Nievas T\u00e9cnico en manejo ambiental, consultor Ambiental y escritor para medios locales e internacionales sobre temas de geopolitica y medio ambiente.\",\"sameAs\":[\"http:\\\/\\\/www.patagoniambiental.com.ar\",\"https:\\\/\\\/www.facebook.com\\\/share\\\/1C1V8Gv9BX\\\/?mibextid=qi2Omg\",\"@patagoniambiental\",\"https:\\\/\\\/youtube.com\\\/@patagoniaambiental2023?si=BLt58t0wuXquxlYZ\"]}]}<\/script>\n<!-- \/ Yoast SEO Premium plugin. -->","yoast_head_json":{"title":"Nuevo impulso al turismo de la Regi\u00f3n Sur con la inauguraci\u00f3n de Centros de Atenci\u00f3n al Visitante","description":"Los M\u00e9nucos y Sierra Colorada estrenan infraestructuras tur\u00edsticas como parte del Corredor Ruta de la Estepa","robots":{"index":"index","follow":"follow","max-snippet":"max-snippet:-1","max-image-preview":"max-image-preview:large","max-video-preview":"max-video-preview:-1"},"canonical":"https:\/\/patagoniambiental.com.ar\/info\/nuevo-impulso-al-turismo-de-la-region-sur-con-la-inauguracion-de-centros-de-atencion-al-visitante\/","og_locale":"es_ES","og_type":"article","og_title":"Nuevo impulso al turismo de la Regi\u00f3n Sur con la inauguraci\u00f3n de Centros de Atenci\u00f3n al Visitante","og_description":"Los M\u00e9nucos y Sierra Colorada estrenan infraestructuras tur\u00edsticas como parte del Corredor Ruta de la Estepa","og_url":"https:\/\/patagoniambiental.com.ar\/info\/nuevo-impulso-al-turismo-de-la-region-sur-con-la-inauguracion-de-centros-de-atencion-al-visitante\/","og_site_name":"Patagonia Ambiental","article_publisher":"https:\/\/www.facebook.com\/patagonia.ambiental","article_author":"https:\/\/www.facebook.com\/share\/1C1V8Gv9BX\/?mibextid=qi2Omg","article_published_time":"2024-12-10T03:02:45+00:00","article_modified_time":"2025-05-04T19:17:28+00:00","og_image":[{"width":1080,"height":607,"url":"https:\/\/patagoniambiental.com.ar\/info\/wp-content\/uploads\/2024\/12\/1733763919-73b09c47225cff8921f0.jpeg","type":"image\/jpeg"}],"author":"Patagonia Ambiental","twitter_card":"summary_large_image","twitter_creator":"@PatAmb","twitter_site":"@PatAmb","schema":{"@context":"https:\/\/schema.org","@graph":[{"@type":"Article","@id":"https:\/\/patagoniambiental.com.ar\/info\/nuevo-impulso-al-turismo-de-la-region-sur-con-la-inauguracion-de-centros-de-atencion-al-visitante\/#article","isPartOf":{"@id":"https:\/\/patagoniambiental.com.ar\/info\/nuevo-impulso-al-turismo-de-la-region-sur-con-la-inauguracion-de-centros-de-atencion-al-visitante\/"},"author":{"name":"Patagonia Ambiental","@id":"https:\/\/patagoniambiental.com.ar\/info\/#\/schema\/person\/db12bff64bbcbf6a253710bf0ea37b5d"},"headline":"Nuevo impulso al turismo de la Regi\u00f3n Sur con la inauguraci\u00f3n de Centros de Atenci\u00f3n al Visitante","datePublished":"2024-12-10T03:02:45+00:00","dateModified":"2025-05-04T19:17:28+00:00","mainEntityOfPage":{"@id":"https:\/\/patagoniambiental.com.ar\/info\/nuevo-impulso-al-turismo-de-la-region-sur-con-la-inauguracion-de-centros-de-atencion-al-visitante\/"},"wordCount":687,"commentCount":0,"publisher":{"@id":"https:\/\/patagoniambiental.com.ar\/info\/#organization"},"image":{"@id":"https:\/\/patagoniambiental.com.ar\/info\/nuevo-impulso-al-turismo-de-la-region-sur-con-la-inauguracion-de-centros-de-atencion-al-visitante\/#primaryimage"},"thumbnailUrl":"https:\/\/patagoniambiental.com.ar\/info\/wp-content\/uploads\/2024\/12\/1733763919-73b09c47225cff8921f0.jpeg","articleSection":["Noticias","Provinciales","R\u00edo Negro"],"inLanguage":"es","potentialAction":[{"@type":"CommentAction","name":"Comment","target":["https:\/\/patagoniambiental.com.ar\/info\/nuevo-impulso-al-turismo-de-la-region-sur-con-la-inauguracion-de-centros-de-atencion-al-visitante\/#respond"]}]},{"@type":"WebPage","@id":"https:\/\/patagoniambiental.com.ar\/info\/nuevo-impulso-al-turismo-de-la-region-sur-con-la-inauguracion-de-centros-de-atencion-al-visitante\/","url":"https:\/\/patagoniambiental.com.ar\/info\/nuevo-impulso-al-turismo-de-la-region-sur-con-la-inauguracion-de-centros-de-atencion-al-visitante\/","name":"Nuevo impulso al turismo de la Regi\u00f3n Sur con la inauguraci\u00f3n de Centros de Atenci\u00f3n al Visitante","isPartOf":{"@id":"https:\/\/patagoniambiental.com.ar\/info\/#website"},"primaryImageOfPage":{"@id":"https:\/\/patagoniambiental.com.ar\/info\/nuevo-impulso-al-turismo-de-la-region-sur-con-la-inauguracion-de-centros-de-atencion-al-visitante\/#primaryimage"},"image":{"@id":"https:\/\/patagoniambiental.com.ar\/info\/nuevo-impulso-al-turismo-de-la-region-sur-con-la-inauguracion-de-centros-de-atencion-al-visitante\/#primaryimage"},"thumbnailUrl":"https:\/\/patagoniambiental.com.ar\/info\/wp-content\/uploads\/2024\/12\/1733763919-73b09c47225cff8921f0.jpeg","datePublished":"2024-12-10T03:02:45+00:00","dateModified":"2025-05-04T19:17:28+00:00","description":"Los M\u00e9nucos y Sierra Colorada estrenan infraestructuras tur\u00edsticas como parte del Corredor Ruta de la Estepa","breadcrumb":{"@id":"https:\/\/patagoniambiental.com.ar\/info\/nuevo-impulso-al-turismo-de-la-region-sur-con-la-inauguracion-de-centros-de-atencion-al-visitante\/#breadcrumb"},"inLanguage":"es","potentialAction":[{"@type":"ReadAction","target":["https:\/\/patagoniambiental.com.ar\/info\/nuevo-impulso-al-turismo-de-la-region-sur-con-la-inauguracion-de-centros-de-atencion-al-visitante\/"]}]},{"@type":"ImageObject","inLanguage":"es","@id":"https:\/\/patagoniambiental.com.ar\/info\/nuevo-impulso-al-turismo-de-la-region-sur-con-la-inauguracion-de-centros-de-atencion-al-visitante\/#primaryimage","url":"https:\/\/patagoniambiental.com.ar\/info\/wp-content\/uploads\/2024\/12\/1733763919-73b09c47225cff8921f0.jpeg","contentUrl":"https:\/\/patagoniambiental.com.ar\/info\/wp-content\/uploads\/2024\/12\/1733763919-73b09c47225cff8921f0.jpeg","width":1080,"height":607},{"@type":"BreadcrumbList","@id":"https:\/\/patagoniambiental.com.ar\/info\/nuevo-impulso-al-turismo-de-la-region-sur-con-la-inauguracion-de-centros-de-atencion-al-visitante\/#breadcrumb","itemListElement":[{"@type":"ListItem","position":1,"name":"Inicio","item":"https:\/\/patagoniambiental.com.ar\/info\/"},{"@type":"ListItem","position":2,"name":"Nuevo impulso al turismo de la Regi\u00f3n Sur con la inauguraci\u00f3n de Centros de Atenci\u00f3n al Visitante"}]},{"@type":"WebSite","@id":"https:\/\/patagoniambiental.com.ar\/info\/#website","url":"https:\/\/patagoniambiental.com.ar\/info\/","name":"Patagonia Ambiental","description":"Monitoreo y an\u00e1lisis de la situaci\u00f3n geopol\u00edtica en el mundo y su implicancia en la Patagonia","publisher":{"@id":"https:\/\/patagoniambiental.com.ar\/info\/#organization"},"potentialAction":[{"@type":"SearchAction","target":{"@type":"EntryPoint","urlTemplate":"https:\/\/patagoniambiental.com.ar\/info\/?s={search_term_string}"},"query-input":{"@type":"PropertyValueSpecification","valueRequired":true,"valueName":"search_term_string"}}],"inLanguage":"es"},{"@type":"Organization","@id":"https:\/\/patagoniambiental.com.ar\/info\/#organization","name":"Patagonia Ambiental","url":"https:\/\/patagoniambiental.com.ar\/info\/","logo":{"@type":"ImageObject","inLanguage":"es","@id":"https:\/\/patagoniambiental.com.ar\/info\/#\/schema\/logo\/image\/","url":"https:\/\/patagoniambiental.com.ar\/info\/wp-content\/uploads\/2025\/05\/LOGO-PATAGONIA-AMBIENTAL.png","contentUrl":"https:\/\/patagoniambiental.com.ar\/info\/wp-content\/uploads\/2025\/05\/LOGO-PATAGONIA-AMBIENTAL.png","width":433,"height":250,"caption":"Patagonia Ambiental"},"image":{"@id":"https:\/\/patagoniambiental.com.ar\/info\/#\/schema\/logo\/image\/"},"sameAs":["https:\/\/www.facebook.com\/patagonia.ambiental","https:\/\/x.com\/PatAmb"]},{"@type":"Person","@id":"https:\/\/patagoniambiental.com.ar\/info\/#\/schema\/person\/db12bff64bbcbf6a253710bf0ea37b5d","name":"Patagonia Ambiental","description":"Andr\u00e9s Nievas T\u00e9cnico en manejo ambiental, consultor Ambiental y escritor para medios locales e internacionales sobre temas de geopolitica y medio ambiente.","sameAs":["http:\/\/www.patagoniambiental.com.ar","https:\/\/www.facebook.com\/share\/1C1V8Gv9BX\/?mibextid=qi2Omg","@patagoniambiental","https:\/\/youtube.com\/@patagoniaambiental2023?si=BLt58t0wuXquxlYZ"]}]}},"_links":{"self":[{"href":"https:\/\/patagoniambiental.com.ar\/info\/wp-json\/wp\/v2\/posts\/91737","targetHints":{"allow":["GET"]}}],"collection":[{"href":"https:\/\/patagoniambiental.com.ar\/info\/wp-json\/wp\/v2\/posts"}],"about":[{"href":"https:\/\/patagoniambiental.com.ar\/info\/wp-json\/wp\/v2\/types\/post"}],"author":[{"embeddable":true,"href":"https:\/\/patagoniambiental.com.ar\/info\/wp-json\/wp\/v2\/users\/2"}],"replies":[{"embeddable":true,"href":"https:\/\/patagoniambiental.com.ar\/info\/wp-json\/wp\/v2\/comments?post=91737"}],"version-history":[{"count":0,"href":"https:\/\/patagoniambiental.com.ar\/info\/wp-json\/wp\/v2\/posts\/91737\/revisions"}],"wp:featuredmedia":[{"embeddable":true,"href":"https:\/\/patagoniambiental.com.ar\/info\/wp-json\/wp\/v2\/media\/91738"}],"wp:attachment":[{"href":"https:\/\/patagoniambiental.com.ar\/info\/wp-json\/wp\/v2\/media?parent=91737"}],"wp:term":[{"taxonomy":"category","embeddable":true,"href":"https:\/\/patagoniambiental.com.ar\/info\/wp-json\/wp\/v2\/categories?post=91737"},{"taxonomy":"post_tag","embeddable":true,"href":"https:\/\/patagoniambiental.com.ar\/info\/wp-json\/wp\/v2\/tags?post=91737"}],"curies":[{"name":"wp","href":"https:\/\/api.w.org\/{rel}","templated":true}]}}