{"id":91778,"date":"2024-12-16T01:11:00","date_gmt":"2024-12-16T04:11:00","guid":{"rendered":"https:\/\/patagoniambiental.com.ar\/info\/?p=91778"},"modified":"2025-05-13T12:42:46","modified_gmt":"2025-05-13T15:42:46","slug":"comienza-la-descarga-de-componentes-para-el-parque-eolico-la-flecha-en-puerto-madryn","status":"publish","type":"post","link":"https:\/\/patagoniambiental.com.ar\/info\/comienza-la-descarga-de-componentes-para-el-parque-eolico-la-flecha-en-puerto-madryn\/","title":{"rendered":"Comienza la descarga de componentes para el parque e\u00f3lico \u00abLa Flecha\u00bb en Puerto Madryn"},"content":{"rendered":"\n<!--more-->\n\n\n\n<p>Puerto Madryn, 16 de diciembre de 2024. Este s\u00e1bado 16 de diciembre comenz\u00f3 en Puerto Madryn la descarga de los primeros componentes destinados a la construcci\u00f3n del parque e\u00f3lico \u00abLa Flecha\u00bb. Esta operaci\u00f3n, que tiene como objetivo la instalaci\u00f3n de 56 aerogeneradores, comenz\u00f3 con la llegada del buque <em>Boym<\/em> al Muelle Almirante Storni, en el Golfo Nuevo, y marca un hito en el impulso de las energ\u00edas renovables en la regi\u00f3n.<\/p>\n\n\n\n<p>La descarga de los componentes forma parte de un plan ambicioso que busca posicionar a la provincia de Chubut como un referente en energ\u00edas limpias, alineado con los esfuerzos del gobernador Ignacio \u00abNacho\u00bb Torres en promover un desarrollo econ\u00f3mico sostenible y responsable con el medio ambiente. En total, se esperan seis buques que transportar\u00e1n todas las piezas necesarias para completar la instalaci\u00f3n de los aerogeneradores.<\/p>\n\n\n\n<p>El buque <em>Boym<\/em> arrib\u00f3 en la madrugada del viernes con una carga significativa: las partes correspondientes a 10 aerogeneradores completos (a excepci\u00f3n de las torres), junto con 6 aspas de repuesto para otros parques e\u00f3licos ya operativos. Esta es solo la primera etapa de una operativa que se extender\u00e1 hasta el viernes de la pr\u00f3xima semana, con la llegada de m\u00e1s componentes en las siguientes semanas.<\/p>\n\n\n\n<p>La operaci\u00f3n es un reflejo de la capacidad log\u00edstica y operativa del Muelle Almirante Storni, considerado el principal puerto de aguas profundas de la Patagonia. En este sentido, el titular de la Administraci\u00f3n Portuaria de Puerto Madryn, Diego P\u00e9rez, subray\u00f3 la relevancia del proyecto, destacando que \u00abla descarga de estos componentes es un ejemplo m\u00e1s de la capacidad del puerto, que se consolida como un pilar fundamental en el desarrollo energ\u00e9tico de la regi\u00f3n\u00bb.<\/p>\n\n\n\n<p>El parque e\u00f3lico \u00abLa Flecha\u00bb representa un avance clave en la transici\u00f3n energ\u00e9tica de Chubut, un proyecto que no solo contribuir\u00e1 a la generaci\u00f3n de energ\u00eda limpia, sino que tambi\u00e9n impulsar\u00e1 el empleo y la econom\u00eda local. El siguiente arribo de buques est\u00e1 previsto para finales de enero de 2024, lo que asegurar\u00e1 el ritmo constante de los trabajos de instalaci\u00f3n.<\/p>\n\n\n\n<p>Este proyecto reafirma el compromiso de la provincia de Chubut con la sostenibilidad y la innovaci\u00f3n tecnol\u00f3gica en el sector de las energ\u00edas renovables. Con la implementaci\u00f3n de parques e\u00f3licos como \u00abLa Flecha\u00bb, se espera una notable mejora en la matriz energ\u00e9tica de la regi\u00f3n, adem\u00e1s de la atracci\u00f3n de inversiones en el sector.<\/p>\n\n\n\n<p>La finalizaci\u00f3n de la descarga y la posterior instalaci\u00f3n de los aerogeneradores consolidar\u00e1 a Puerto Madryn como un nodo estrat\u00e9gico en la infraestructura log\u00edstica de la Patagonia, no solo en el \u00e1mbito energ\u00e9tico, sino tambi\u00e9n en el desarrollo de la industria e\u00f3lica a nivel nacional.<\/p>\n","protected":false},"excerpt":{"rendered":"","protected":false},"author":2,"featured_media":91779,"comment_status":"open","ping_status":"open","sticky":false,"template":"","format":"standard","meta":{"site-sidebar-layout":"default","site-content-layout":"","ast-site-content-layout":"default","site-content-style":"default","site-sidebar-style":"default","ast-global-header-display":"","ast-banner-title-visibility":"","ast-main-header-display":"","ast-hfb-above-header-display":"","ast-hfb-below-header-display":"","ast-hfb-mobile-header-display":"","site-post-title":"","ast-breadcrumbs-content":"","ast-featured-img":"","footer-sml-layout":"","ast-disable-related-posts":"","theme-transparent-header-meta":"","adv-header-id-meta":"","stick-header-meta":"","header-above-stick-meta":"","header-main-stick-meta":"","header-below-stick-meta":"","astra-migrate-meta-layouts":"default","ast-page-background-enabled":"default","ast-page-background-meta":{"desktop":{"background-color":"var(--ast-global-color-5)","background-image":"","background-repeat":"repeat","background-position":"center center","background-size":"auto","background-attachment":"scroll","background-type":"","background-media":"","overlay-type":"","overlay-color":"","overlay-opacity":"","overlay-gradient":""},"tablet":{"background-color":"","background-image":"","background-repeat":"repeat","background-position":"center center","background-size":"auto","background-attachment":"scroll","background-type":"","background-media":"","overlay-type":"","overlay-color":"","overlay-opacity":"","overlay-gradient":""},"mobile":{"background-color":"","background-image":"","background-repeat":"repeat","background-position":"center center","background-size":"auto","background-attachment":"scroll","background-type":"","background-media":"","overlay-type":"","overlay-color":"","overlay-opacity":"","overlay-gradient":""}},"ast-content-background-meta":{"desktop":{"background-color":"var(--ast-global-color-4)","background-image":"","background-repeat":"repeat","background-position":"center center","background-size":"auto","background-attachment":"scroll","background-type":"","background-media":"","overlay-type":"","overlay-color":"","overlay-opacity":"","overlay-gradient":""},"tablet":{"background-color":"var(--ast-global-color-4)","background-image":"","background-repeat":"repeat","background-position":"center center","background-size":"auto","background-attachment":"scroll","background-type":"","background-media":"","overlay-type":"","overlay-color":"","overlay-opacity":"","overlay-gradient":""},"mobile":{"background-color":"var(--ast-global-color-4)","background-image":"","background-repeat":"repeat","background-position":"center center","background-size":"auto","background-attachment":"scroll","background-type":"","background-media":"","overlay-type":"","overlay-color":"","overlay-opacity":"","overlay-gradient":""}},"footnotes":""},"categories":[26,1,13],"tags":[],"class_list":["post-91778","post","type-post","status-publish","format-standard","has-post-thumbnail","hentry","category-chubut","category-noticias","category-provinciales"],"yoast_head":"<!-- This site is optimized with the Yoast SEO Premium plugin v23.0 (Yoast SEO v27.5) - https:\/\/yoast.com\/product\/yoast-seo-premium-wordpress\/ -->\n<title>Comienza la descarga de componentes para el parque e\u00f3lico &quot;La Flecha&quot; en Puerto Madryn<\/title>\n<meta name=\"description\" content=\"Este s\u00e1bado 16 de diciembre comenz\u00f3 en Puerto Madryn la descarga de los primeros componentes destinados a la construcci\u00f3n del parque e\u00f3lico &quot;La Flecha&quot;.\" \/>\n<meta name=\"robots\" content=\"index, follow, max-snippet:-1, max-image-preview:large, max-video-preview:-1\" \/>\n<link rel=\"canonical\" href=\"https:\/\/patagoniambiental.com.ar\/info\/comienza-la-descarga-de-componentes-para-el-parque-eolico-la-flecha-en-puerto-madryn\/\" \/>\n<meta property=\"og:locale\" content=\"es_ES\" \/>\n<meta property=\"og:type\" content=\"article\" \/>\n<meta property=\"og:title\" content=\"Comienza la descarga de componentes para el parque e\u00f3lico &quot;La Flecha&quot; en Puerto Madryn\" \/>\n<meta property=\"og:description\" content=\"Este s\u00e1bado 16 de diciembre comenz\u00f3 en Puerto Madryn la descarga de los primeros componentes destinados a la construcci\u00f3n del parque e\u00f3lico &quot;La Flecha&quot;.\" \/>\n<meta property=\"og:url\" content=\"https:\/\/patagoniambiental.com.ar\/info\/comienza-la-descarga-de-componentes-para-el-parque-eolico-la-flecha-en-puerto-madryn\/\" \/>\n<meta property=\"og:site_name\" content=\"Patagonia Ambiental\" \/>\n<meta property=\"article:publisher\" content=\"https:\/\/www.facebook.com\/patagonia.ambiental\" \/>\n<meta property=\"article:author\" content=\"https:\/\/www.facebook.com\/share\/1C1V8Gv9BX\/?mibextid=qi2Omg\" \/>\n<meta property=\"article:published_time\" content=\"2024-12-16T04:11:00+00:00\" \/>\n<meta property=\"article:modified_time\" content=\"2025-05-13T15:42:46+00:00\" \/>\n<meta property=\"og:image\" content=\"https:\/\/patagoniambiental.com.ar\/info\/wp-content\/uploads\/2024\/12\/17343521082024-12-14-descarga-la-flecha-003-1.jpeg\" \/>\n\t<meta property=\"og:image:width\" content=\"4160\" \/>\n\t<meta property=\"og:image:height\" content=\"2340\" \/>\n\t<meta property=\"og:image:type\" content=\"image\/jpeg\" \/>\n<meta name=\"author\" content=\"Patagonia Ambiental\" \/>\n<meta name=\"twitter:card\" content=\"summary_large_image\" \/>\n<meta name=\"twitter:creator\" content=\"@PatAmb\" \/>\n<meta name=\"twitter:site\" content=\"@PatAmb\" \/>\n<script type=\"application\/ld+json\" class=\"yoast-schema-graph\">{\"@context\":\"https:\\\/\\\/schema.org\",\"@graph\":[{\"@type\":\"Article\",\"@id\":\"https:\\\/\\\/patagoniambiental.com.ar\\\/info\\\/comienza-la-descarga-de-componentes-para-el-parque-eolico-la-flecha-en-puerto-madryn\\\/#article\",\"isPartOf\":{\"@id\":\"https:\\\/\\\/patagoniambiental.com.ar\\\/info\\\/comienza-la-descarga-de-componentes-para-el-parque-eolico-la-flecha-en-puerto-madryn\\\/\"},\"author\":{\"name\":\"Patagonia Ambiental\",\"@id\":\"https:\\\/\\\/patagoniambiental.com.ar\\\/info\\\/#\\\/schema\\\/person\\\/db12bff64bbcbf6a253710bf0ea37b5d\"},\"headline\":\"Comienza la descarga de componentes para el parque e\u00f3lico \u00abLa Flecha\u00bb en Puerto Madryn\",\"datePublished\":\"2024-12-16T04:11:00+00:00\",\"dateModified\":\"2025-05-13T15:42:46+00:00\",\"mainEntityOfPage\":{\"@id\":\"https:\\\/\\\/patagoniambiental.com.ar\\\/info\\\/comienza-la-descarga-de-componentes-para-el-parque-eolico-la-flecha-en-puerto-madryn\\\/\"},\"wordCount\":490,\"commentCount\":0,\"publisher\":{\"@id\":\"https:\\\/\\\/patagoniambiental.com.ar\\\/info\\\/#organization\"},\"image\":{\"@id\":\"https:\\\/\\\/patagoniambiental.com.ar\\\/info\\\/comienza-la-descarga-de-componentes-para-el-parque-eolico-la-flecha-en-puerto-madryn\\\/#primaryimage\"},\"thumbnailUrl\":\"https:\\\/\\\/patagoniambiental.com.ar\\\/info\\\/wp-content\\\/uploads\\\/2024\\\/12\\\/17343521082024-12-14-descarga-la-flecha-003-1.jpeg\",\"articleSection\":[\"Chubut\",\"Noticias\",\"Provinciales\"],\"inLanguage\":\"es\",\"potentialAction\":[{\"@type\":\"CommentAction\",\"name\":\"Comment\",\"target\":[\"https:\\\/\\\/patagoniambiental.com.ar\\\/info\\\/comienza-la-descarga-de-componentes-para-el-parque-eolico-la-flecha-en-puerto-madryn\\\/#respond\"]}]},{\"@type\":\"WebPage\",\"@id\":\"https:\\\/\\\/patagoniambiental.com.ar\\\/info\\\/comienza-la-descarga-de-componentes-para-el-parque-eolico-la-flecha-en-puerto-madryn\\\/\",\"url\":\"https:\\\/\\\/patagoniambiental.com.ar\\\/info\\\/comienza-la-descarga-de-componentes-para-el-parque-eolico-la-flecha-en-puerto-madryn\\\/\",\"name\":\"Comienza la descarga de componentes para el parque e\u00f3lico \\\"La Flecha\\\" en Puerto Madryn\",\"isPartOf\":{\"@id\":\"https:\\\/\\\/patagoniambiental.com.ar\\\/info\\\/#website\"},\"primaryImageOfPage\":{\"@id\":\"https:\\\/\\\/patagoniambiental.com.ar\\\/info\\\/comienza-la-descarga-de-componentes-para-el-parque-eolico-la-flecha-en-puerto-madryn\\\/#primaryimage\"},\"image\":{\"@id\":\"https:\\\/\\\/patagoniambiental.com.ar\\\/info\\\/comienza-la-descarga-de-componentes-para-el-parque-eolico-la-flecha-en-puerto-madryn\\\/#primaryimage\"},\"thumbnailUrl\":\"https:\\\/\\\/patagoniambiental.com.ar\\\/info\\\/wp-content\\\/uploads\\\/2024\\\/12\\\/17343521082024-12-14-descarga-la-flecha-003-1.jpeg\",\"datePublished\":\"2024-12-16T04:11:00+00:00\",\"dateModified\":\"2025-05-13T15:42:46+00:00\",\"description\":\"Este s\u00e1bado 16 de diciembre comenz\u00f3 en Puerto Madryn la descarga de los primeros componentes destinados a la construcci\u00f3n del parque e\u00f3lico \\\"La Flecha\\\".\",\"breadcrumb\":{\"@id\":\"https:\\\/\\\/patagoniambiental.com.ar\\\/info\\\/comienza-la-descarga-de-componentes-para-el-parque-eolico-la-flecha-en-puerto-madryn\\\/#breadcrumb\"},\"inLanguage\":\"es\",\"potentialAction\":[{\"@type\":\"ReadAction\",\"target\":[\"https:\\\/\\\/patagoniambiental.com.ar\\\/info\\\/comienza-la-descarga-de-componentes-para-el-parque-eolico-la-flecha-en-puerto-madryn\\\/\"]}]},{\"@type\":\"ImageObject\",\"inLanguage\":\"es\",\"@id\":\"https:\\\/\\\/patagoniambiental.com.ar\\\/info\\\/comienza-la-descarga-de-componentes-para-el-parque-eolico-la-flecha-en-puerto-madryn\\\/#primaryimage\",\"url\":\"https:\\\/\\\/patagoniambiental.com.ar\\\/info\\\/wp-content\\\/uploads\\\/2024\\\/12\\\/17343521082024-12-14-descarga-la-flecha-003-1.jpeg\",\"contentUrl\":\"https:\\\/\\\/patagoniambiental.com.ar\\\/info\\\/wp-content\\\/uploads\\\/2024\\\/12\\\/17343521082024-12-14-descarga-la-flecha-003-1.jpeg\",\"width\":1067,\"height\":600},{\"@type\":\"BreadcrumbList\",\"@id\":\"https:\\\/\\\/patagoniambiental.com.ar\\\/info\\\/comienza-la-descarga-de-componentes-para-el-parque-eolico-la-flecha-en-puerto-madryn\\\/#breadcrumb\",\"itemListElement\":[{\"@type\":\"ListItem\",\"position\":1,\"name\":\"Inicio\",\"item\":\"https:\\\/\\\/patagoniambiental.com.ar\\\/info\\\/\"},{\"@type\":\"ListItem\",\"position\":2,\"name\":\"Comienza la descarga de componentes para el parque e\u00f3lico \u00abLa Flecha\u00bb en Puerto Madryn\"}]},{\"@type\":\"WebSite\",\"@id\":\"https:\\\/\\\/patagoniambiental.com.ar\\\/info\\\/#website\",\"url\":\"https:\\\/\\\/patagoniambiental.com.ar\\\/info\\\/\",\"name\":\"Patagonia Ambiental\",\"description\":\"Monitoreo y an\u00e1lisis de la situaci\u00f3n geopol\u00edtica en el mundo y su implicancia en la Patagonia\",\"publisher\":{\"@id\":\"https:\\\/\\\/patagoniambiental.com.ar\\\/info\\\/#organization\"},\"potentialAction\":[{\"@type\":\"SearchAction\",\"target\":{\"@type\":\"EntryPoint\",\"urlTemplate\":\"https:\\\/\\\/patagoniambiental.com.ar\\\/info\\\/?s={search_term_string}\"},\"query-input\":{\"@type\":\"PropertyValueSpecification\",\"valueRequired\":true,\"valueName\":\"search_term_string\"}}],\"inLanguage\":\"es\"},{\"@type\":\"Organization\",\"@id\":\"https:\\\/\\\/patagoniambiental.com.ar\\\/info\\\/#organization\",\"name\":\"Patagonia Ambiental\",\"url\":\"https:\\\/\\\/patagoniambiental.com.ar\\\/info\\\/\",\"logo\":{\"@type\":\"ImageObject\",\"inLanguage\":\"es\",\"@id\":\"https:\\\/\\\/patagoniambiental.com.ar\\\/info\\\/#\\\/schema\\\/logo\\\/image\\\/\",\"url\":\"https:\\\/\\\/patagoniambiental.com.ar\\\/info\\\/wp-content\\\/uploads\\\/2025\\\/05\\\/LOGO-PATAGONIA-AMBIENTAL.png\",\"contentUrl\":\"https:\\\/\\\/patagoniambiental.com.ar\\\/info\\\/wp-content\\\/uploads\\\/2025\\\/05\\\/LOGO-PATAGONIA-AMBIENTAL.png\",\"width\":433,\"height\":250,\"caption\":\"Patagonia Ambiental\"},\"image\":{\"@id\":\"https:\\\/\\\/patagoniambiental.com.ar\\\/info\\\/#\\\/schema\\\/logo\\\/image\\\/\"},\"sameAs\":[\"https:\\\/\\\/www.facebook.com\\\/patagonia.ambiental\",\"https:\\\/\\\/x.com\\\/PatAmb\"]},{\"@type\":\"Person\",\"@id\":\"https:\\\/\\\/patagoniambiental.com.ar\\\/info\\\/#\\\/schema\\\/person\\\/db12bff64bbcbf6a253710bf0ea37b5d\",\"name\":\"Patagonia Ambiental\",\"description\":\"Andr\u00e9s Nievas T\u00e9cnico en manejo ambiental, consultor Ambiental y escritor para medios locales e internacionales sobre temas de geopolitica y medio ambiente.\",\"sameAs\":[\"http:\\\/\\\/www.patagoniambiental.com.ar\",\"https:\\\/\\\/www.facebook.com\\\/share\\\/1C1V8Gv9BX\\\/?mibextid=qi2Omg\",\"@patagoniambiental\",\"https:\\\/\\\/youtube.com\\\/@patagoniaambiental2023?si=BLt58t0wuXquxlYZ\"]}]}<\/script>\n<!-- \/ Yoast SEO Premium plugin. -->","yoast_head_json":{"title":"Comienza la descarga de componentes para el parque e\u00f3lico \"La Flecha\" en Puerto Madryn","description":"Este s\u00e1bado 16 de diciembre comenz\u00f3 en Puerto Madryn la descarga de los primeros componentes destinados a la construcci\u00f3n del parque e\u00f3lico \"La Flecha\".","robots":{"index":"index","follow":"follow","max-snippet":"max-snippet:-1","max-image-preview":"max-image-preview:large","max-video-preview":"max-video-preview:-1"},"canonical":"https:\/\/patagoniambiental.com.ar\/info\/comienza-la-descarga-de-componentes-para-el-parque-eolico-la-flecha-en-puerto-madryn\/","og_locale":"es_ES","og_type":"article","og_title":"Comienza la descarga de componentes para el parque e\u00f3lico \"La Flecha\" en Puerto Madryn","og_description":"Este s\u00e1bado 16 de diciembre comenz\u00f3 en Puerto Madryn la descarga de los primeros componentes destinados a la construcci\u00f3n del parque e\u00f3lico \"La Flecha\".","og_url":"https:\/\/patagoniambiental.com.ar\/info\/comienza-la-descarga-de-componentes-para-el-parque-eolico-la-flecha-en-puerto-madryn\/","og_site_name":"Patagonia Ambiental","article_publisher":"https:\/\/www.facebook.com\/patagonia.ambiental","article_author":"https:\/\/www.facebook.com\/share\/1C1V8Gv9BX\/?mibextid=qi2Omg","article_published_time":"2024-12-16T04:11:00+00:00","article_modified_time":"2025-05-13T15:42:46+00:00","og_image":[{"width":4160,"height":2340,"url":"https:\/\/patagoniambiental.com.ar\/info\/wp-content\/uploads\/2024\/12\/17343521082024-12-14-descarga-la-flecha-003-1.jpeg","type":"image\/jpeg"}],"author":"Patagonia Ambiental","twitter_card":"summary_large_image","twitter_creator":"@PatAmb","twitter_site":"@PatAmb","schema":{"@context":"https:\/\/schema.org","@graph":[{"@type":"Article","@id":"https:\/\/patagoniambiental.com.ar\/info\/comienza-la-descarga-de-componentes-para-el-parque-eolico-la-flecha-en-puerto-madryn\/#article","isPartOf":{"@id":"https:\/\/patagoniambiental.com.ar\/info\/comienza-la-descarga-de-componentes-para-el-parque-eolico-la-flecha-en-puerto-madryn\/"},"author":{"name":"Patagonia Ambiental","@id":"https:\/\/patagoniambiental.com.ar\/info\/#\/schema\/person\/db12bff64bbcbf6a253710bf0ea37b5d"},"headline":"Comienza la descarga de componentes para el parque e\u00f3lico \u00abLa Flecha\u00bb en Puerto Madryn","datePublished":"2024-12-16T04:11:00+00:00","dateModified":"2025-05-13T15:42:46+00:00","mainEntityOfPage":{"@id":"https:\/\/patagoniambiental.com.ar\/info\/comienza-la-descarga-de-componentes-para-el-parque-eolico-la-flecha-en-puerto-madryn\/"},"wordCount":490,"commentCount":0,"publisher":{"@id":"https:\/\/patagoniambiental.com.ar\/info\/#organization"},"image":{"@id":"https:\/\/patagoniambiental.com.ar\/info\/comienza-la-descarga-de-componentes-para-el-parque-eolico-la-flecha-en-puerto-madryn\/#primaryimage"},"thumbnailUrl":"https:\/\/patagoniambiental.com.ar\/info\/wp-content\/uploads\/2024\/12\/17343521082024-12-14-descarga-la-flecha-003-1.jpeg","articleSection":["Chubut","Noticias","Provinciales"],"inLanguage":"es","potentialAction":[{"@type":"CommentAction","name":"Comment","target":["https:\/\/patagoniambiental.com.ar\/info\/comienza-la-descarga-de-componentes-para-el-parque-eolico-la-flecha-en-puerto-madryn\/#respond"]}]},{"@type":"WebPage","@id":"https:\/\/patagoniambiental.com.ar\/info\/comienza-la-descarga-de-componentes-para-el-parque-eolico-la-flecha-en-puerto-madryn\/","url":"https:\/\/patagoniambiental.com.ar\/info\/comienza-la-descarga-de-componentes-para-el-parque-eolico-la-flecha-en-puerto-madryn\/","name":"Comienza la descarga de componentes para el parque e\u00f3lico \"La Flecha\" en Puerto Madryn","isPartOf":{"@id":"https:\/\/patagoniambiental.com.ar\/info\/#website"},"primaryImageOfPage":{"@id":"https:\/\/patagoniambiental.com.ar\/info\/comienza-la-descarga-de-componentes-para-el-parque-eolico-la-flecha-en-puerto-madryn\/#primaryimage"},"image":{"@id":"https:\/\/patagoniambiental.com.ar\/info\/comienza-la-descarga-de-componentes-para-el-parque-eolico-la-flecha-en-puerto-madryn\/#primaryimage"},"thumbnailUrl":"https:\/\/patagoniambiental.com.ar\/info\/wp-content\/uploads\/2024\/12\/17343521082024-12-14-descarga-la-flecha-003-1.jpeg","datePublished":"2024-12-16T04:11:00+00:00","dateModified":"2025-05-13T15:42:46+00:00","description":"Este s\u00e1bado 16 de diciembre comenz\u00f3 en Puerto Madryn la descarga de los primeros componentes destinados a la construcci\u00f3n del parque e\u00f3lico \"La Flecha\".","breadcrumb":{"@id":"https:\/\/patagoniambiental.com.ar\/info\/comienza-la-descarga-de-componentes-para-el-parque-eolico-la-flecha-en-puerto-madryn\/#breadcrumb"},"inLanguage":"es","potentialAction":[{"@type":"ReadAction","target":["https:\/\/patagoniambiental.com.ar\/info\/comienza-la-descarga-de-componentes-para-el-parque-eolico-la-flecha-en-puerto-madryn\/"]}]},{"@type":"ImageObject","inLanguage":"es","@id":"https:\/\/patagoniambiental.com.ar\/info\/comienza-la-descarga-de-componentes-para-el-parque-eolico-la-flecha-en-puerto-madryn\/#primaryimage","url":"https:\/\/patagoniambiental.com.ar\/info\/wp-content\/uploads\/2024\/12\/17343521082024-12-14-descarga-la-flecha-003-1.jpeg","contentUrl":"https:\/\/patagoniambiental.com.ar\/info\/wp-content\/uploads\/2024\/12\/17343521082024-12-14-descarga-la-flecha-003-1.jpeg","width":1067,"height":600},{"@type":"BreadcrumbList","@id":"https:\/\/patagoniambiental.com.ar\/info\/comienza-la-descarga-de-componentes-para-el-parque-eolico-la-flecha-en-puerto-madryn\/#breadcrumb","itemListElement":[{"@type":"ListItem","position":1,"name":"Inicio","item":"https:\/\/patagoniambiental.com.ar\/info\/"},{"@type":"ListItem","position":2,"name":"Comienza la descarga de componentes para el parque e\u00f3lico \u00abLa Flecha\u00bb en Puerto Madryn"}]},{"@type":"WebSite","@id":"https:\/\/patagoniambiental.com.ar\/info\/#website","url":"https:\/\/patagoniambiental.com.ar\/info\/","name":"Patagonia Ambiental","description":"Monitoreo y an\u00e1lisis de la situaci\u00f3n geopol\u00edtica en el mundo y su implicancia en la Patagonia","publisher":{"@id":"https:\/\/patagoniambiental.com.ar\/info\/#organization"},"potentialAction":[{"@type":"SearchAction","target":{"@type":"EntryPoint","urlTemplate":"https:\/\/patagoniambiental.com.ar\/info\/?s={search_term_string}"},"query-input":{"@type":"PropertyValueSpecification","valueRequired":true,"valueName":"search_term_string"}}],"inLanguage":"es"},{"@type":"Organization","@id":"https:\/\/patagoniambiental.com.ar\/info\/#organization","name":"Patagonia Ambiental","url":"https:\/\/patagoniambiental.com.ar\/info\/","logo":{"@type":"ImageObject","inLanguage":"es","@id":"https:\/\/patagoniambiental.com.ar\/info\/#\/schema\/logo\/image\/","url":"https:\/\/patagoniambiental.com.ar\/info\/wp-content\/uploads\/2025\/05\/LOGO-PATAGONIA-AMBIENTAL.png","contentUrl":"https:\/\/patagoniambiental.com.ar\/info\/wp-content\/uploads\/2025\/05\/LOGO-PATAGONIA-AMBIENTAL.png","width":433,"height":250,"caption":"Patagonia Ambiental"},"image":{"@id":"https:\/\/patagoniambiental.com.ar\/info\/#\/schema\/logo\/image\/"},"sameAs":["https:\/\/www.facebook.com\/patagonia.ambiental","https:\/\/x.com\/PatAmb"]},{"@type":"Person","@id":"https:\/\/patagoniambiental.com.ar\/info\/#\/schema\/person\/db12bff64bbcbf6a253710bf0ea37b5d","name":"Patagonia Ambiental","description":"Andr\u00e9s Nievas T\u00e9cnico en manejo ambiental, consultor Ambiental y escritor para medios locales e internacionales sobre temas de geopolitica y medio ambiente.","sameAs":["http:\/\/www.patagoniambiental.com.ar","https:\/\/www.facebook.com\/share\/1C1V8Gv9BX\/?mibextid=qi2Omg","@patagoniambiental","https:\/\/youtube.com\/@patagoniaambiental2023?si=BLt58t0wuXquxlYZ"]}]}},"_links":{"self":[{"href":"https:\/\/patagoniambiental.com.ar\/info\/wp-json\/wp\/v2\/posts\/91778","targetHints":{"allow":["GET"]}}],"collection":[{"href":"https:\/\/patagoniambiental.com.ar\/info\/wp-json\/wp\/v2\/posts"}],"about":[{"href":"https:\/\/patagoniambiental.com.ar\/info\/wp-json\/wp\/v2\/types\/post"}],"author":[{"embeddable":true,"href":"https:\/\/patagoniambiental.com.ar\/info\/wp-json\/wp\/v2\/users\/2"}],"replies":[{"embeddable":true,"href":"https:\/\/patagoniambiental.com.ar\/info\/wp-json\/wp\/v2\/comments?post=91778"}],"version-history":[{"count":0,"href":"https:\/\/patagoniambiental.com.ar\/info\/wp-json\/wp\/v2\/posts\/91778\/revisions"}],"wp:featuredmedia":[{"embeddable":true,"href":"https:\/\/patagoniambiental.com.ar\/info\/wp-json\/wp\/v2\/media\/91779"}],"wp:attachment":[{"href":"https:\/\/patagoniambiental.com.ar\/info\/wp-json\/wp\/v2\/media?parent=91778"}],"wp:term":[{"taxonomy":"category","embeddable":true,"href":"https:\/\/patagoniambiental.com.ar\/info\/wp-json\/wp\/v2\/categories?post=91778"},{"taxonomy":"post_tag","embeddable":true,"href":"https:\/\/patagoniambiental.com.ar\/info\/wp-json\/wp\/v2\/tags?post=91778"}],"curies":[{"name":"wp","href":"https:\/\/api.w.org\/{rel}","templated":true}]}}