{"id":91789,"date":"2024-12-20T11:47:00","date_gmt":"2024-12-20T14:47:00","guid":{"rendered":"https:\/\/patagoniambiental.com.ar\/info\/?p=91789"},"modified":"2025-05-04T16:16:00","modified_gmt":"2025-05-04T19:16:00","slug":"el-gobierno-de-chubut-continua-impulsando-la-formacion-en-temas-ambientales-con-un-nuevo-acuerdo-de-capacitacion","status":"publish","type":"post","link":"https:\/\/patagoniambiental.com.ar\/info\/el-gobierno-de-chubut-continua-impulsando-la-formacion-en-temas-ambientales-con-un-nuevo-acuerdo-de-capacitacion\/","title":{"rendered":"El Gobierno de Chubut contin\u00faa impulsando la formaci\u00f3n en temas ambientales con un nuevo acuerdo de capacitaci\u00f3n"},"content":{"rendered":"\n<!--more-->\n\n\n\n<p>Chubut, 20 de diciembre de 2024. En un paso m\u00e1s hacia la consolidaci\u00f3n de una gesti\u00f3n p\u00fablica comprometida con la sostenibilidad y la lucha contra el cambio clim\u00e1tico, el Gobierno de la provincia de Chubut sigue avanzando en la implementaci\u00f3n de la Ley Yolanda, con el objetivo de formar a los empleados p\u00fablicos en temas ambientales. En esta ocasi\u00f3n, m\u00e1s de 300 agentes p\u00fablicos capacitados hasta la fecha ver\u00e1n reforzada su formaci\u00f3n con la incorporaci\u00f3n de los trabajadores de Loter\u00eda del Chubut al programa.<\/p>\n\n\n\n<p>La Ley Nacional N\u00ba 27.592, conocida como Ley Yolanda, establece que todos los funcionarios p\u00fablicos de los tres poderes del Estado deben recibir formaci\u00f3n en cuestiones ambientales, integrando una perspectiva de desarrollo sostenible y priorizando la educaci\u00f3n en cambio clim\u00e1tico. En este contexto, la administraci\u00f3n del gobernador Ignacio \u00abNacho\u00bb Torres ha decidido ampliar la capacitaci\u00f3n, reforzando los esfuerzos para garantizar un futuro m\u00e1s verde y responsable para la provincia.<\/p>\n\n\n\n<h2 class=\"wp-block-heading\" id=\"h-el-nuevo-acuerdo-de-capacitacion-ambiental\">El Nuevo Acuerdo de Capacitaci\u00f3n Ambiental<\/h2>\n\n\n\n<p>Recientemente, el secretario de Ambiente y Control del Desarrollo Sustentable de Chubut, Juan Jos\u00e9 Rivera, firm\u00f3 un Acta Acuerdo junto al presidente de Loter\u00eda del Chubut, Ramiro Ibarra. Este acuerdo busca extender la capacitaci\u00f3n integral en cuestiones ambientales a todos los trabajadores de la entidad. \u00abLa capacitaci\u00f3n ambiental es fundamental para garantizar que todos los empleados p\u00fablicos comprendan la importancia de incorporar una perspectiva ecol\u00f3gica en sus decisiones y acciones cotidianas\u00bb, destac\u00f3 Rivera.<\/p>\n\n\n\n<p>La firma de este acuerdo forma parte de un proceso que, desde su implementaci\u00f3n, ha capacitado a m\u00e1s de 300 empleados de distintas dependencias gubernamentales en Chubut. A trav\u00e9s de este esfuerzo, la provincia no solo cumple con la legislaci\u00f3n nacional, sino que tambi\u00e9n fortalece su compromiso con la sostenibilidad en todos los niveles del sector p\u00fablico.<\/p>\n\n\n\n<h2 class=\"wp-block-heading\" id=\"h-alcances-y-objetivos-de-la-ley-yolanda\">Alcances y Objetivos de la Ley Yolanda<\/h2>\n\n\n\n<p>La Ley Yolanda tiene un enfoque integral que abarca desde la protecci\u00f3n de los recursos naturales hasta la acci\u00f3n frente al cambio clim\u00e1tico. Su prop\u00f3sito es asegurar que quienes ocupan cargos p\u00fablicos en el pa\u00eds est\u00e9n capacitados para tomar decisiones informadas y responsables en relaci\u00f3n con el cuidado del medio ambiente. En este sentido, Rivera resalt\u00f3: \u00abEste acuerdo con Loter\u00eda del Chubut es un paso m\u00e1s en la implementaci\u00f3n de la ley, y seguimos trabajando para extender este tipo de capacitaciones a municipios y comunas rurales, que tambi\u00e9n han mostrado un gran inter\u00e9s\u00bb.<\/p>\n\n\n\n<p>El programa de formaci\u00f3n no se limita a los temas b\u00e1sicos sobre medio ambiente, sino que se enfoca en una amplia gama de contenidos, como la gesti\u00f3n de residuos, el uso eficiente de los recursos naturales, y las estrategias para mitigar los efectos del cambio clim\u00e1tico. Este enfoque busca que los empleados p\u00fablicos no solo adquieran conocimientos t\u00e9cnicos, sino que tambi\u00e9n comprendan la importancia de su rol en la protecci\u00f3n del entorno.<\/p>\n\n\n\n<h2 class=\"wp-block-heading\" id=\"h-detalles-del-acuerdo-con-loteria-del-chubut\">Detalles del Acuerdo con Loter\u00eda del Chubut<\/h2>\n\n\n\n<p>El acuerdo firmado establece que la Secretar\u00eda de Ambiente y Control del Desarrollo Sustentable ser\u00e1 la encargada de brindar asistencia t\u00e9cnica a Loter\u00eda del Chubut durante la implementaci\u00f3n de la capacitaci\u00f3n. Adem\u00e1s, se pondr\u00e1 a disposici\u00f3n un campus virtual, donde los empleados podr\u00e1n acceder a los m\u00f3dulos de formaci\u00f3n que combinan contenidos obligatorios y optativos, acompa\u00f1ados de evaluaciones y bibliograf\u00eda relevante.<\/p>\n\n\n\n<p>Por su parte, Loter\u00eda del Chubut se compromete a asegurar que todos sus empleados participen activamente en la capacitaci\u00f3n, garantizando que esta sea obligatoria para todo el personal. Este enfoque busca generar un cambio cultural dentro de la instituci\u00f3n, fomentando la conciencia ambiental en todos los niveles de la organizaci\u00f3n.<\/p>\n\n\n\n<h2 class=\"wp-block-heading\" id=\"h-un-compromiso-gubernamental-con-la-sustentabilidad\">Un Compromiso Gubernamental con la Sustentabilidad<\/h2>\n\n\n\n<p>El gobernador Ignacio \u00abNacho\u00bb Torres ha enfatizado en reiteradas ocasiones la importancia de promover el desarrollo sostenible en Chubut. \u201cNo podemos pensar en el progreso de nuestra provincia sin tener en cuenta la sustentabilidad. La capacitaci\u00f3n ambiental es clave para formar empleados p\u00fablicos m\u00e1s responsables, pero tambi\u00e9n para construir un Estado que act\u00fae con mayor conciencia en cuanto al cuidado del medio ambiente y el bienestar de las futuras generaciones\u201d, afirm\u00f3 el mandatario.<\/p>\n\n\n\n<p>Con este nuevo acuerdo, el Gobierno de Chubut refuerza su compromiso con la implementaci\u00f3n de la Ley Yolanda, garantizando que m\u00e1s empleados del sector p\u00fablico adquieran las herramientas necesarias para integrar la sostenibilidad en su gesti\u00f3n diaria. As\u00ed, la provincia da un paso m\u00e1s hacia una administraci\u00f3n p\u00fablica m\u00e1s comprometida con la protecci\u00f3n del entorno y la promoci\u00f3n de un desarrollo que respete los l\u00edmites del planeta.<\/p>\n\n\n\n<h2 class=\"wp-block-heading\" id=\"h-hacia-un-futuro-mas-verde\">Hacia un Futuro M\u00e1s Verde<\/h2>\n\n\n\n<p>La firma de este Acta Acuerdo es una muestra del esfuerzo continuo por parte del Gobierno de Chubut para promover una cultura de responsabilidad ambiental entre los servidores p\u00fablicos. Con la incorporaci\u00f3n de nuevos actores como Loter\u00eda del Chubut, la capacitaci\u00f3n se expande para incluir a m\u00e1s \u00e1reas del sector p\u00fablico, contribuyendo a un futuro m\u00e1s sustentable para todos los chubutenses.<\/p>\n","protected":false},"excerpt":{"rendered":"","protected":false},"author":2,"featured_media":91790,"comment_status":"open","ping_status":"open","sticky":false,"template":"","format":"standard","meta":{"site-sidebar-layout":"default","site-content-layout":"","ast-site-content-layout":"default","site-content-style":"default","site-sidebar-style":"default","ast-global-header-display":"","ast-banner-title-visibility":"","ast-main-header-display":"","ast-hfb-above-header-display":"","ast-hfb-below-header-display":"","ast-hfb-mobile-header-display":"","site-post-title":"","ast-breadcrumbs-content":"","ast-featured-img":"","footer-sml-layout":"","ast-disable-related-posts":"","theme-transparent-header-meta":"","adv-header-id-meta":"","stick-header-meta":"","header-above-stick-meta":"","header-main-stick-meta":"","header-below-stick-meta":"","astra-migrate-meta-layouts":"default","ast-page-background-enabled":"default","ast-page-background-meta":{"desktop":{"background-color":"var(--ast-global-color-5)","background-image":"","background-repeat":"repeat","background-position":"center center","background-size":"auto","background-attachment":"scroll","background-type":"","background-media":"","overlay-type":"","overlay-color":"","overlay-opacity":"","overlay-gradient":""},"tablet":{"background-color":"","background-image":"","background-repeat":"repeat","background-position":"center center","background-size":"auto","background-attachment":"scroll","background-type":"","background-media":"","overlay-type":"","overlay-color":"","overlay-opacity":"","overlay-gradient":""},"mobile":{"background-color":"","background-image":"","background-repeat":"repeat","background-position":"center center","background-size":"auto","background-attachment":"scroll","background-type":"","background-media":"","overlay-type":"","overlay-color":"","overlay-opacity":"","overlay-gradient":""}},"ast-content-background-meta":{"desktop":{"background-color":"var(--ast-global-color-4)","background-image":"","background-repeat":"repeat","background-position":"center center","background-size":"auto","background-attachment":"scroll","background-type":"","background-media":"","overlay-type":"","overlay-color":"","overlay-opacity":"","overlay-gradient":""},"tablet":{"background-color":"var(--ast-global-color-4)","background-image":"","background-repeat":"repeat","background-position":"center center","background-size":"auto","background-attachment":"scroll","background-type":"","background-media":"","overlay-type":"","overlay-color":"","overlay-opacity":"","overlay-gradient":""},"mobile":{"background-color":"var(--ast-global-color-4)","background-image":"","background-repeat":"repeat","background-position":"center center","background-size":"auto","background-attachment":"scroll","background-type":"","background-media":"","overlay-type":"","overlay-color":"","overlay-opacity":"","overlay-gradient":""}},"footnotes":""},"categories":[26,1,13],"tags":[],"class_list":["post-91789","post","type-post","status-publish","format-standard","has-post-thumbnail","hentry","category-chubut","category-noticias","category-provinciales"],"yoast_head":"<!-- This site is optimized with the Yoast SEO Premium plugin v23.0 (Yoast SEO v27.5) - https:\/\/yoast.com\/product\/yoast-seo-premium-wordpress\/ -->\n<title>El Gobierno de Chubut contin\u00faa impulsando la formaci\u00f3n en temas ambientales con un nuevo acuerdo de capacitaci\u00f3n<\/title>\n<meta name=\"description\" content=\"En un paso m\u00e1s hacia la consolidaci\u00f3n de una gesti\u00f3n p\u00fablica comprometida con la sostenibilidad y la lucha contra el cambio clim\u00e1tico, el Gobierno de la provincia de Chubut sigue avanzando en la implementaci\u00f3n de la Ley Yolanda, con el objetivo de formar a los empleados p\u00fablicos en temas ambientales.\" \/>\n<meta name=\"robots\" content=\"index, follow, max-snippet:-1, max-image-preview:large, max-video-preview:-1\" \/>\n<link rel=\"canonical\" href=\"https:\/\/patagoniambiental.com.ar\/info\/el-gobierno-de-chubut-continua-impulsando-la-formacion-en-temas-ambientales-con-un-nuevo-acuerdo-de-capacitacion\/\" \/>\n<meta property=\"og:locale\" content=\"es_ES\" \/>\n<meta property=\"og:type\" content=\"article\" \/>\n<meta property=\"og:title\" content=\"El Gobierno de Chubut contin\u00faa impulsando la formaci\u00f3n en temas ambientales con un nuevo acuerdo de capacitaci\u00f3n\" \/>\n<meta property=\"og:description\" content=\"En un paso m\u00e1s hacia la consolidaci\u00f3n de una gesti\u00f3n p\u00fablica comprometida con la sostenibilidad y la lucha contra el cambio clim\u00e1tico, el Gobierno de la provincia de Chubut sigue avanzando en la implementaci\u00f3n de la Ley Yolanda, con el objetivo de formar a los empleados p\u00fablicos en temas ambientales.\" \/>\n<meta property=\"og:url\" content=\"https:\/\/patagoniambiental.com.ar\/info\/el-gobierno-de-chubut-continua-impulsando-la-formacion-en-temas-ambientales-con-un-nuevo-acuerdo-de-capacitacion\/\" \/>\n<meta property=\"og:site_name\" content=\"Patagonia Ambiental\" \/>\n<meta property=\"article:publisher\" content=\"https:\/\/www.facebook.com\/patagonia.ambiental\" \/>\n<meta property=\"article:author\" content=\"https:\/\/www.facebook.com\/share\/1C1V8Gv9BX\/?mibextid=qi2Omg\" \/>\n<meta property=\"article:published_time\" content=\"2024-12-20T14:47:00+00:00\" \/>\n<meta property=\"article:modified_time\" content=\"2025-05-04T19:16:00+00:00\" \/>\n<meta property=\"og:image\" content=\"https:\/\/patagoniambiental.com.ar\/info\/wp-content\/uploads\/2024\/12\/1734694311whatsapp-image-2024-12-19-at-1-17-16-pm.jpeg\" \/>\n\t<meta property=\"og:image:width\" content=\"1600\" \/>\n\t<meta property=\"og:image:height\" content=\"977\" \/>\n\t<meta property=\"og:image:type\" content=\"image\/jpeg\" \/>\n<meta name=\"author\" content=\"Patagonia Ambiental\" \/>\n<meta name=\"twitter:card\" content=\"summary_large_image\" \/>\n<meta name=\"twitter:creator\" content=\"@PatAmb\" \/>\n<meta name=\"twitter:site\" content=\"@PatAmb\" \/>\n<script type=\"application\/ld+json\" class=\"yoast-schema-graph\">{\"@context\":\"https:\\\/\\\/schema.org\",\"@graph\":[{\"@type\":\"Article\",\"@id\":\"https:\\\/\\\/patagoniambiental.com.ar\\\/info\\\/el-gobierno-de-chubut-continua-impulsando-la-formacion-en-temas-ambientales-con-un-nuevo-acuerdo-de-capacitacion\\\/#article\",\"isPartOf\":{\"@id\":\"https:\\\/\\\/patagoniambiental.com.ar\\\/info\\\/el-gobierno-de-chubut-continua-impulsando-la-formacion-en-temas-ambientales-con-un-nuevo-acuerdo-de-capacitacion\\\/\"},\"author\":{\"name\":\"Patagonia Ambiental\",\"@id\":\"https:\\\/\\\/patagoniambiental.com.ar\\\/info\\\/#\\\/schema\\\/person\\\/db12bff64bbcbf6a253710bf0ea37b5d\"},\"headline\":\"El Gobierno de Chubut contin\u00faa impulsando la formaci\u00f3n en temas ambientales con un nuevo acuerdo de capacitaci\u00f3n\",\"datePublished\":\"2024-12-20T14:47:00+00:00\",\"dateModified\":\"2025-05-04T19:16:00+00:00\",\"mainEntityOfPage\":{\"@id\":\"https:\\\/\\\/patagoniambiental.com.ar\\\/info\\\/el-gobierno-de-chubut-continua-impulsando-la-formacion-en-temas-ambientales-con-un-nuevo-acuerdo-de-capacitacion\\\/\"},\"wordCount\":901,\"commentCount\":0,\"publisher\":{\"@id\":\"https:\\\/\\\/patagoniambiental.com.ar\\\/info\\\/#organization\"},\"image\":{\"@id\":\"https:\\\/\\\/patagoniambiental.com.ar\\\/info\\\/el-gobierno-de-chubut-continua-impulsando-la-formacion-en-temas-ambientales-con-un-nuevo-acuerdo-de-capacitacion\\\/#primaryimage\"},\"thumbnailUrl\":\"https:\\\/\\\/patagoniambiental.com.ar\\\/info\\\/wp-content\\\/uploads\\\/2024\\\/12\\\/1734694311whatsapp-image-2024-12-19-at-1-17-16-pm.jpeg\",\"articleSection\":[\"Chubut\",\"Noticias\",\"Provinciales\"],\"inLanguage\":\"es\",\"potentialAction\":[{\"@type\":\"CommentAction\",\"name\":\"Comment\",\"target\":[\"https:\\\/\\\/patagoniambiental.com.ar\\\/info\\\/el-gobierno-de-chubut-continua-impulsando-la-formacion-en-temas-ambientales-con-un-nuevo-acuerdo-de-capacitacion\\\/#respond\"]}]},{\"@type\":\"WebPage\",\"@id\":\"https:\\\/\\\/patagoniambiental.com.ar\\\/info\\\/el-gobierno-de-chubut-continua-impulsando-la-formacion-en-temas-ambientales-con-un-nuevo-acuerdo-de-capacitacion\\\/\",\"url\":\"https:\\\/\\\/patagoniambiental.com.ar\\\/info\\\/el-gobierno-de-chubut-continua-impulsando-la-formacion-en-temas-ambientales-con-un-nuevo-acuerdo-de-capacitacion\\\/\",\"name\":\"El Gobierno de Chubut contin\u00faa impulsando la formaci\u00f3n en temas ambientales con un nuevo acuerdo de capacitaci\u00f3n\",\"isPartOf\":{\"@id\":\"https:\\\/\\\/patagoniambiental.com.ar\\\/info\\\/#website\"},\"primaryImageOfPage\":{\"@id\":\"https:\\\/\\\/patagoniambiental.com.ar\\\/info\\\/el-gobierno-de-chubut-continua-impulsando-la-formacion-en-temas-ambientales-con-un-nuevo-acuerdo-de-capacitacion\\\/#primaryimage\"},\"image\":{\"@id\":\"https:\\\/\\\/patagoniambiental.com.ar\\\/info\\\/el-gobierno-de-chubut-continua-impulsando-la-formacion-en-temas-ambientales-con-un-nuevo-acuerdo-de-capacitacion\\\/#primaryimage\"},\"thumbnailUrl\":\"https:\\\/\\\/patagoniambiental.com.ar\\\/info\\\/wp-content\\\/uploads\\\/2024\\\/12\\\/1734694311whatsapp-image-2024-12-19-at-1-17-16-pm.jpeg\",\"datePublished\":\"2024-12-20T14:47:00+00:00\",\"dateModified\":\"2025-05-04T19:16:00+00:00\",\"description\":\"En un paso m\u00e1s hacia la consolidaci\u00f3n de una gesti\u00f3n p\u00fablica comprometida con la sostenibilidad y la lucha contra el cambio clim\u00e1tico, el Gobierno de la provincia de Chubut sigue avanzando en la implementaci\u00f3n de la Ley Yolanda, con el objetivo de formar a los empleados p\u00fablicos en temas ambientales.\",\"breadcrumb\":{\"@id\":\"https:\\\/\\\/patagoniambiental.com.ar\\\/info\\\/el-gobierno-de-chubut-continua-impulsando-la-formacion-en-temas-ambientales-con-un-nuevo-acuerdo-de-capacitacion\\\/#breadcrumb\"},\"inLanguage\":\"es\",\"potentialAction\":[{\"@type\":\"ReadAction\",\"target\":[\"https:\\\/\\\/patagoniambiental.com.ar\\\/info\\\/el-gobierno-de-chubut-continua-impulsando-la-formacion-en-temas-ambientales-con-un-nuevo-acuerdo-de-capacitacion\\\/\"]}]},{\"@type\":\"ImageObject\",\"inLanguage\":\"es\",\"@id\":\"https:\\\/\\\/patagoniambiental.com.ar\\\/info\\\/el-gobierno-de-chubut-continua-impulsando-la-formacion-en-temas-ambientales-con-un-nuevo-acuerdo-de-capacitacion\\\/#primaryimage\",\"url\":\"https:\\\/\\\/patagoniambiental.com.ar\\\/info\\\/wp-content\\\/uploads\\\/2024\\\/12\\\/1734694311whatsapp-image-2024-12-19-at-1-17-16-pm.jpeg\",\"contentUrl\":\"https:\\\/\\\/patagoniambiental.com.ar\\\/info\\\/wp-content\\\/uploads\\\/2024\\\/12\\\/1734694311whatsapp-image-2024-12-19-at-1-17-16-pm.jpeg\",\"width\":983,\"height\":600},{\"@type\":\"BreadcrumbList\",\"@id\":\"https:\\\/\\\/patagoniambiental.com.ar\\\/info\\\/el-gobierno-de-chubut-continua-impulsando-la-formacion-en-temas-ambientales-con-un-nuevo-acuerdo-de-capacitacion\\\/#breadcrumb\",\"itemListElement\":[{\"@type\":\"ListItem\",\"position\":1,\"name\":\"Inicio\",\"item\":\"https:\\\/\\\/patagoniambiental.com.ar\\\/info\\\/\"},{\"@type\":\"ListItem\",\"position\":2,\"name\":\"El Gobierno de Chubut contin\u00faa impulsando la formaci\u00f3n en temas ambientales con un nuevo acuerdo de capacitaci\u00f3n\"}]},{\"@type\":\"WebSite\",\"@id\":\"https:\\\/\\\/patagoniambiental.com.ar\\\/info\\\/#website\",\"url\":\"https:\\\/\\\/patagoniambiental.com.ar\\\/info\\\/\",\"name\":\"Patagonia Ambiental\",\"description\":\"Monitoreo y an\u00e1lisis de la situaci\u00f3n geopol\u00edtica en el mundo y su implicancia en la Patagonia\",\"publisher\":{\"@id\":\"https:\\\/\\\/patagoniambiental.com.ar\\\/info\\\/#organization\"},\"potentialAction\":[{\"@type\":\"SearchAction\",\"target\":{\"@type\":\"EntryPoint\",\"urlTemplate\":\"https:\\\/\\\/patagoniambiental.com.ar\\\/info\\\/?s={search_term_string}\"},\"query-input\":{\"@type\":\"PropertyValueSpecification\",\"valueRequired\":true,\"valueName\":\"search_term_string\"}}],\"inLanguage\":\"es\"},{\"@type\":\"Organization\",\"@id\":\"https:\\\/\\\/patagoniambiental.com.ar\\\/info\\\/#organization\",\"name\":\"Patagonia Ambiental\",\"url\":\"https:\\\/\\\/patagoniambiental.com.ar\\\/info\\\/\",\"logo\":{\"@type\":\"ImageObject\",\"inLanguage\":\"es\",\"@id\":\"https:\\\/\\\/patagoniambiental.com.ar\\\/info\\\/#\\\/schema\\\/logo\\\/image\\\/\",\"url\":\"https:\\\/\\\/patagoniambiental.com.ar\\\/info\\\/wp-content\\\/uploads\\\/2025\\\/05\\\/LOGO-PATAGONIA-AMBIENTAL.png\",\"contentUrl\":\"https:\\\/\\\/patagoniambiental.com.ar\\\/info\\\/wp-content\\\/uploads\\\/2025\\\/05\\\/LOGO-PATAGONIA-AMBIENTAL.png\",\"width\":433,\"height\":250,\"caption\":\"Patagonia Ambiental\"},\"image\":{\"@id\":\"https:\\\/\\\/patagoniambiental.com.ar\\\/info\\\/#\\\/schema\\\/logo\\\/image\\\/\"},\"sameAs\":[\"https:\\\/\\\/www.facebook.com\\\/patagonia.ambiental\",\"https:\\\/\\\/x.com\\\/PatAmb\"]},{\"@type\":\"Person\",\"@id\":\"https:\\\/\\\/patagoniambiental.com.ar\\\/info\\\/#\\\/schema\\\/person\\\/db12bff64bbcbf6a253710bf0ea37b5d\",\"name\":\"Patagonia Ambiental\",\"description\":\"Andr\u00e9s Nievas T\u00e9cnico en manejo ambiental, consultor Ambiental y escritor para medios locales e internacionales sobre temas de geopolitica y medio ambiente.\",\"sameAs\":[\"http:\\\/\\\/www.patagoniambiental.com.ar\",\"https:\\\/\\\/www.facebook.com\\\/share\\\/1C1V8Gv9BX\\\/?mibextid=qi2Omg\",\"@patagoniambiental\",\"https:\\\/\\\/youtube.com\\\/@patagoniaambiental2023?si=BLt58t0wuXquxlYZ\"]}]}<\/script>\n<!-- \/ Yoast SEO Premium plugin. -->","yoast_head_json":{"title":"El Gobierno de Chubut contin\u00faa impulsando la formaci\u00f3n en temas ambientales con un nuevo acuerdo de capacitaci\u00f3n","description":"En un paso m\u00e1s hacia la consolidaci\u00f3n de una gesti\u00f3n p\u00fablica comprometida con la sostenibilidad y la lucha contra el cambio clim\u00e1tico, el Gobierno de la provincia de Chubut sigue avanzando en la implementaci\u00f3n de la Ley Yolanda, con el objetivo de formar a los empleados p\u00fablicos en temas ambientales.","robots":{"index":"index","follow":"follow","max-snippet":"max-snippet:-1","max-image-preview":"max-image-preview:large","max-video-preview":"max-video-preview:-1"},"canonical":"https:\/\/patagoniambiental.com.ar\/info\/el-gobierno-de-chubut-continua-impulsando-la-formacion-en-temas-ambientales-con-un-nuevo-acuerdo-de-capacitacion\/","og_locale":"es_ES","og_type":"article","og_title":"El Gobierno de Chubut contin\u00faa impulsando la formaci\u00f3n en temas ambientales con un nuevo acuerdo de capacitaci\u00f3n","og_description":"En un paso m\u00e1s hacia la consolidaci\u00f3n de una gesti\u00f3n p\u00fablica comprometida con la sostenibilidad y la lucha contra el cambio clim\u00e1tico, el Gobierno de la provincia de Chubut sigue avanzando en la implementaci\u00f3n de la Ley Yolanda, con el objetivo de formar a los empleados p\u00fablicos en temas ambientales.","og_url":"https:\/\/patagoniambiental.com.ar\/info\/el-gobierno-de-chubut-continua-impulsando-la-formacion-en-temas-ambientales-con-un-nuevo-acuerdo-de-capacitacion\/","og_site_name":"Patagonia Ambiental","article_publisher":"https:\/\/www.facebook.com\/patagonia.ambiental","article_author":"https:\/\/www.facebook.com\/share\/1C1V8Gv9BX\/?mibextid=qi2Omg","article_published_time":"2024-12-20T14:47:00+00:00","article_modified_time":"2025-05-04T19:16:00+00:00","og_image":[{"width":1600,"height":977,"url":"https:\/\/patagoniambiental.com.ar\/info\/wp-content\/uploads\/2024\/12\/1734694311whatsapp-image-2024-12-19-at-1-17-16-pm.jpeg","type":"image\/jpeg"}],"author":"Patagonia Ambiental","twitter_card":"summary_large_image","twitter_creator":"@PatAmb","twitter_site":"@PatAmb","schema":{"@context":"https:\/\/schema.org","@graph":[{"@type":"Article","@id":"https:\/\/patagoniambiental.com.ar\/info\/el-gobierno-de-chubut-continua-impulsando-la-formacion-en-temas-ambientales-con-un-nuevo-acuerdo-de-capacitacion\/#article","isPartOf":{"@id":"https:\/\/patagoniambiental.com.ar\/info\/el-gobierno-de-chubut-continua-impulsando-la-formacion-en-temas-ambientales-con-un-nuevo-acuerdo-de-capacitacion\/"},"author":{"name":"Patagonia Ambiental","@id":"https:\/\/patagoniambiental.com.ar\/info\/#\/schema\/person\/db12bff64bbcbf6a253710bf0ea37b5d"},"headline":"El Gobierno de Chubut contin\u00faa impulsando la formaci\u00f3n en temas ambientales con un nuevo acuerdo de capacitaci\u00f3n","datePublished":"2024-12-20T14:47:00+00:00","dateModified":"2025-05-04T19:16:00+00:00","mainEntityOfPage":{"@id":"https:\/\/patagoniambiental.com.ar\/info\/el-gobierno-de-chubut-continua-impulsando-la-formacion-en-temas-ambientales-con-un-nuevo-acuerdo-de-capacitacion\/"},"wordCount":901,"commentCount":0,"publisher":{"@id":"https:\/\/patagoniambiental.com.ar\/info\/#organization"},"image":{"@id":"https:\/\/patagoniambiental.com.ar\/info\/el-gobierno-de-chubut-continua-impulsando-la-formacion-en-temas-ambientales-con-un-nuevo-acuerdo-de-capacitacion\/#primaryimage"},"thumbnailUrl":"https:\/\/patagoniambiental.com.ar\/info\/wp-content\/uploads\/2024\/12\/1734694311whatsapp-image-2024-12-19-at-1-17-16-pm.jpeg","articleSection":["Chubut","Noticias","Provinciales"],"inLanguage":"es","potentialAction":[{"@type":"CommentAction","name":"Comment","target":["https:\/\/patagoniambiental.com.ar\/info\/el-gobierno-de-chubut-continua-impulsando-la-formacion-en-temas-ambientales-con-un-nuevo-acuerdo-de-capacitacion\/#respond"]}]},{"@type":"WebPage","@id":"https:\/\/patagoniambiental.com.ar\/info\/el-gobierno-de-chubut-continua-impulsando-la-formacion-en-temas-ambientales-con-un-nuevo-acuerdo-de-capacitacion\/","url":"https:\/\/patagoniambiental.com.ar\/info\/el-gobierno-de-chubut-continua-impulsando-la-formacion-en-temas-ambientales-con-un-nuevo-acuerdo-de-capacitacion\/","name":"El Gobierno de Chubut contin\u00faa impulsando la formaci\u00f3n en temas ambientales con un nuevo acuerdo de capacitaci\u00f3n","isPartOf":{"@id":"https:\/\/patagoniambiental.com.ar\/info\/#website"},"primaryImageOfPage":{"@id":"https:\/\/patagoniambiental.com.ar\/info\/el-gobierno-de-chubut-continua-impulsando-la-formacion-en-temas-ambientales-con-un-nuevo-acuerdo-de-capacitacion\/#primaryimage"},"image":{"@id":"https:\/\/patagoniambiental.com.ar\/info\/el-gobierno-de-chubut-continua-impulsando-la-formacion-en-temas-ambientales-con-un-nuevo-acuerdo-de-capacitacion\/#primaryimage"},"thumbnailUrl":"https:\/\/patagoniambiental.com.ar\/info\/wp-content\/uploads\/2024\/12\/1734694311whatsapp-image-2024-12-19-at-1-17-16-pm.jpeg","datePublished":"2024-12-20T14:47:00+00:00","dateModified":"2025-05-04T19:16:00+00:00","description":"En un paso m\u00e1s hacia la consolidaci\u00f3n de una gesti\u00f3n p\u00fablica comprometida con la sostenibilidad y la lucha contra el cambio clim\u00e1tico, el Gobierno de la provincia de Chubut sigue avanzando en la implementaci\u00f3n de la Ley Yolanda, con el objetivo de formar a los empleados p\u00fablicos en temas ambientales.","breadcrumb":{"@id":"https:\/\/patagoniambiental.com.ar\/info\/el-gobierno-de-chubut-continua-impulsando-la-formacion-en-temas-ambientales-con-un-nuevo-acuerdo-de-capacitacion\/#breadcrumb"},"inLanguage":"es","potentialAction":[{"@type":"ReadAction","target":["https:\/\/patagoniambiental.com.ar\/info\/el-gobierno-de-chubut-continua-impulsando-la-formacion-en-temas-ambientales-con-un-nuevo-acuerdo-de-capacitacion\/"]}]},{"@type":"ImageObject","inLanguage":"es","@id":"https:\/\/patagoniambiental.com.ar\/info\/el-gobierno-de-chubut-continua-impulsando-la-formacion-en-temas-ambientales-con-un-nuevo-acuerdo-de-capacitacion\/#primaryimage","url":"https:\/\/patagoniambiental.com.ar\/info\/wp-content\/uploads\/2024\/12\/1734694311whatsapp-image-2024-12-19-at-1-17-16-pm.jpeg","contentUrl":"https:\/\/patagoniambiental.com.ar\/info\/wp-content\/uploads\/2024\/12\/1734694311whatsapp-image-2024-12-19-at-1-17-16-pm.jpeg","width":983,"height":600},{"@type":"BreadcrumbList","@id":"https:\/\/patagoniambiental.com.ar\/info\/el-gobierno-de-chubut-continua-impulsando-la-formacion-en-temas-ambientales-con-un-nuevo-acuerdo-de-capacitacion\/#breadcrumb","itemListElement":[{"@type":"ListItem","position":1,"name":"Inicio","item":"https:\/\/patagoniambiental.com.ar\/info\/"},{"@type":"ListItem","position":2,"name":"El Gobierno de Chubut contin\u00faa impulsando la formaci\u00f3n en temas ambientales con un nuevo acuerdo de capacitaci\u00f3n"}]},{"@type":"WebSite","@id":"https:\/\/patagoniambiental.com.ar\/info\/#website","url":"https:\/\/patagoniambiental.com.ar\/info\/","name":"Patagonia Ambiental","description":"Monitoreo y an\u00e1lisis de la situaci\u00f3n geopol\u00edtica en el mundo y su implicancia en la Patagonia","publisher":{"@id":"https:\/\/patagoniambiental.com.ar\/info\/#organization"},"potentialAction":[{"@type":"SearchAction","target":{"@type":"EntryPoint","urlTemplate":"https:\/\/patagoniambiental.com.ar\/info\/?s={search_term_string}"},"query-input":{"@type":"PropertyValueSpecification","valueRequired":true,"valueName":"search_term_string"}}],"inLanguage":"es"},{"@type":"Organization","@id":"https:\/\/patagoniambiental.com.ar\/info\/#organization","name":"Patagonia Ambiental","url":"https:\/\/patagoniambiental.com.ar\/info\/","logo":{"@type":"ImageObject","inLanguage":"es","@id":"https:\/\/patagoniambiental.com.ar\/info\/#\/schema\/logo\/image\/","url":"https:\/\/patagoniambiental.com.ar\/info\/wp-content\/uploads\/2025\/05\/LOGO-PATAGONIA-AMBIENTAL.png","contentUrl":"https:\/\/patagoniambiental.com.ar\/info\/wp-content\/uploads\/2025\/05\/LOGO-PATAGONIA-AMBIENTAL.png","width":433,"height":250,"caption":"Patagonia Ambiental"},"image":{"@id":"https:\/\/patagoniambiental.com.ar\/info\/#\/schema\/logo\/image\/"},"sameAs":["https:\/\/www.facebook.com\/patagonia.ambiental","https:\/\/x.com\/PatAmb"]},{"@type":"Person","@id":"https:\/\/patagoniambiental.com.ar\/info\/#\/schema\/person\/db12bff64bbcbf6a253710bf0ea37b5d","name":"Patagonia Ambiental","description":"Andr\u00e9s Nievas T\u00e9cnico en manejo ambiental, consultor Ambiental y escritor para medios locales e internacionales sobre temas de geopolitica y medio ambiente.","sameAs":["http:\/\/www.patagoniambiental.com.ar","https:\/\/www.facebook.com\/share\/1C1V8Gv9BX\/?mibextid=qi2Omg","@patagoniambiental","https:\/\/youtube.com\/@patagoniaambiental2023?si=BLt58t0wuXquxlYZ"]}]}},"_links":{"self":[{"href":"https:\/\/patagoniambiental.com.ar\/info\/wp-json\/wp\/v2\/posts\/91789","targetHints":{"allow":["GET"]}}],"collection":[{"href":"https:\/\/patagoniambiental.com.ar\/info\/wp-json\/wp\/v2\/posts"}],"about":[{"href":"https:\/\/patagoniambiental.com.ar\/info\/wp-json\/wp\/v2\/types\/post"}],"author":[{"embeddable":true,"href":"https:\/\/patagoniambiental.com.ar\/info\/wp-json\/wp\/v2\/users\/2"}],"replies":[{"embeddable":true,"href":"https:\/\/patagoniambiental.com.ar\/info\/wp-json\/wp\/v2\/comments?post=91789"}],"version-history":[{"count":0,"href":"https:\/\/patagoniambiental.com.ar\/info\/wp-json\/wp\/v2\/posts\/91789\/revisions"}],"wp:featuredmedia":[{"embeddable":true,"href":"https:\/\/patagoniambiental.com.ar\/info\/wp-json\/wp\/v2\/media\/91790"}],"wp:attachment":[{"href":"https:\/\/patagoniambiental.com.ar\/info\/wp-json\/wp\/v2\/media?parent=91789"}],"wp:term":[{"taxonomy":"category","embeddable":true,"href":"https:\/\/patagoniambiental.com.ar\/info\/wp-json\/wp\/v2\/categories?post=91789"},{"taxonomy":"post_tag","embeddable":true,"href":"https:\/\/patagoniambiental.com.ar\/info\/wp-json\/wp\/v2\/tags?post=91789"}],"curies":[{"name":"wp","href":"https:\/\/api.w.org\/{rel}","templated":true}]}}