{"id":91842,"date":"2025-01-02T12:08:00","date_gmt":"2025-01-02T15:08:00","guid":{"rendered":"https:\/\/patagoniambiental.com.ar\/info\/?p=91842"},"modified":"2025-05-04T16:15:43","modified_gmt":"2025-05-04T19:15:43","slug":"chubut-impulsa-la-energia-solar-con-la-instalacion-de-un-totem-de-carga-en-eventos-masivos","status":"publish","type":"post","link":"https:\/\/patagoniambiental.com.ar\/info\/chubut-impulsa-la-energia-solar-con-la-instalacion-de-un-totem-de-carga-en-eventos-masivos\/","title":{"rendered":"Chubut impulsa la energ\u00eda solar con la instalaci\u00f3n de un t\u00f3tem de carga en eventos masivos"},"content":{"rendered":"\n<!--more-->\n\n\n\n<p>Chubut, 2 de enero de 2024. El Gobierno de Chubut contin\u00faa fortaleciendo su compromiso con las energ\u00edas renovables mediante la implementaci\u00f3n de nuevas tecnolog\u00edas. En esta ocasi\u00f3n, ha puesto en marcha un innovador proyecto: un t\u00f3tem de carga solar, destinado a recargar dispositivos electr\u00f3nicos durante eventos y actividades al aire libre. Esta iniciativa, promovida por la Secretar\u00eda de Ciencia y Tecnolog\u00eda, busca no solo ofrecer un servicio pr\u00e1ctico a la comunidad, sino tambi\u00e9n crear conciencia sobre los beneficios de las energ\u00edas limpias.<\/p>\n\n\n\n<h3 class=\"wp-block-heading\" id=\"h-un-paso-mas-hacia-la-transicion-energetica-en-chubut\">Un paso m\u00e1s hacia la transici\u00f3n energ\u00e9tica en Chubut<\/h3>\n\n\n\n<p>El gobernador Ignacio \u201cNacho\u201d Torres ha sido claro en su visi\u00f3n de impulsar el uso de energ\u00edas renovables en toda la provincia. Con este objetivo, el nuevo t\u00f3tem solar se sumar\u00e1 a las diversas acciones que se est\u00e1n llevando a cabo para promover fuentes de energ\u00eda m\u00e1s sostenibles. Este dispositivo, de dise\u00f1o innovador, ser\u00e1 instalado en eventos masivos, como las fiestas populares, donde se espera que tenga una gran aceptaci\u00f3n y visibilidad.<\/p>\n\n\n\n<h3 class=\"wp-block-heading\" id=\"h-tecnologia-avanzada-para-una-carga-eficiente\">Tecnolog\u00eda avanzada para una carga eficiente<\/h3>\n\n\n\n<p>El t\u00f3tem de carga solar est\u00e1 compuesto por tecnolog\u00eda de \u00faltima generaci\u00f3n y materiales de alta calidad. Incluye un panel solar fotovoltaico que convierte la luz solar en energ\u00eda el\u00e9ctrica, un regulador de carga que asegura un funcionamiento seguro y eficiente, y una bater\u00eda de ciclo profundo que almacena energ\u00eda para su uso durante la jornada. Adem\u00e1s, est\u00e1 equipado con puertos USB para la recarga de dispositivos electr\u00f3nicos como tel\u00e9fonos m\u00f3viles, tabletas y otros gadgets, permitiendo a los asistentes mantenerse conectados mientras disfrutan del evento.<\/p>\n\n\n\n<p>La estructura met\u00e1lica del t\u00f3tem est\u00e1 dise\u00f1ada para resistir las condiciones clim\u00e1ticas del exterior, lo que garantiza su durabilidad y funcionalidad en espacios abiertos. Su dise\u00f1o modular y port\u00e1til facilita su traslado e instalaci\u00f3n en diversos tipos de eventos y lugares.<\/p>\n\n\n\n<h3 class=\"wp-block-heading\" id=\"h-promocion-de-energias-limpias-en-el-dia-a-dia\">Promoci\u00f3n de energ\u00edas limpias en el d\u00eda a d\u00eda<\/h3>\n\n\n\n<p>Este t\u00f3tem no solo sirve como una herramienta pr\u00e1ctica para los participantes de los eventos, sino que tambi\u00e9n tiene un fuerte componente educativo. Con su presencia en fiestas populares y otras actividades masivas, el gobierno busca visibilizar los beneficios de la energ\u00eda solar, fomentando una mayor conciencia sobre la importancia de las energ\u00edas limpias y renovables en la vida cotidiana. Adem\u00e1s, esta acci\u00f3n se enmarca dentro del compromiso de la provincia con el desarrollo de tecnolog\u00edas sostenibles, que contribuyen al cuidado del medio ambiente y al avance de la transici\u00f3n energ\u00e9tica en Chubut.<\/p>\n\n\n\n<h3 class=\"wp-block-heading\" id=\"h-acompanando-la-movilidad-y-los-servicios-del-gobierno\">Acompa\u00f1ando la movilidad y los servicios del Gobierno<\/h3>\n\n\n\n<p>El t\u00f3tem solar se instalar\u00e1, adem\u00e1s, junto al cami\u00f3n m\u00f3vil del Ministerio de Gobierno, que realiza la tramitaci\u00f3n de documentos como el DNI en diversas localidades. De esta manera, no solo se ofrecer\u00e1 un servicio \u00fatil para los asistentes a estos eventos, sino que se reforzar\u00e1 la visibilidad de las pol\u00edticas p\u00fablicas orientadas al uso de energ\u00edas renovables.<\/p>\n\n\n\n<p>Esta acci\u00f3n demuestra que el gobierno provincial no solo busca fomentar la adopci\u00f3n de tecnolog\u00edas limpias en la infraestructura p\u00fablica, sino tambi\u00e9n involucrar a la ciudadan\u00eda en el proceso de transici\u00f3n hacia una matriz energ\u00e9tica m\u00e1s sostenible.<\/p>\n\n\n\n<h3 class=\"wp-block-heading\" id=\"h-compromiso-con-un-futuro-mas-sostenible\">Compromiso con un futuro m\u00e1s sostenible<\/h3>\n\n\n\n<p>Con proyectos como este, el Gobierno de Chubut reafirma su compromiso con el desarrollo de soluciones energ\u00e9ticas m\u00e1s limpias y accesibles para todos. A trav\u00e9s de iniciativas que combinan innovaci\u00f3n, sostenibilidad y educaci\u00f3n, se busca transformar la provincia en un referente en el uso de energ\u00edas renovables, aprovechando al m\u00e1ximo los recursos naturales disponibles y promoviendo el cuidado del medio ambiente.<\/p>\n\n\n\n<p>Este t\u00f3tem de carga solar es solo un ejemplo de los pasos que se est\u00e1n dando hacia una Chubut m\u00e1s verde, donde las energ\u00edas limpias juegan un papel central en el desarrollo social y econ\u00f3mico de la regi\u00f3n.<\/p>\n","protected":false},"excerpt":{"rendered":"","protected":false},"author":2,"featured_media":91843,"comment_status":"open","ping_status":"open","sticky":false,"template":"","format":"standard","meta":{"site-sidebar-layout":"default","site-content-layout":"","ast-site-content-layout":"default","site-content-style":"default","site-sidebar-style":"default","ast-global-header-display":"","ast-banner-title-visibility":"","ast-main-header-display":"","ast-hfb-above-header-display":"","ast-hfb-below-header-display":"","ast-hfb-mobile-header-display":"","site-post-title":"","ast-breadcrumbs-content":"","ast-featured-img":"","footer-sml-layout":"","ast-disable-related-posts":"","theme-transparent-header-meta":"","adv-header-id-meta":"","stick-header-meta":"","header-above-stick-meta":"","header-main-stick-meta":"","header-below-stick-meta":"","astra-migrate-meta-layouts":"default","ast-page-background-enabled":"default","ast-page-background-meta":{"desktop":{"background-color":"var(--ast-global-color-5)","background-image":"","background-repeat":"repeat","background-position":"center center","background-size":"auto","background-attachment":"scroll","background-type":"","background-media":"","overlay-type":"","overlay-color":"","overlay-opacity":"","overlay-gradient":""},"tablet":{"background-color":"","background-image":"","background-repeat":"repeat","background-position":"center center","background-size":"auto","background-attachment":"scroll","background-type":"","background-media":"","overlay-type":"","overlay-color":"","overlay-opacity":"","overlay-gradient":""},"mobile":{"background-color":"","background-image":"","background-repeat":"repeat","background-position":"center center","background-size":"auto","background-attachment":"scroll","background-type":"","background-media":"","overlay-type":"","overlay-color":"","overlay-opacity":"","overlay-gradient":""}},"ast-content-background-meta":{"desktop":{"background-color":"var(--ast-global-color-4)","background-image":"","background-repeat":"repeat","background-position":"center center","background-size":"auto","background-attachment":"scroll","background-type":"","background-media":"","overlay-type":"","overlay-color":"","overlay-opacity":"","overlay-gradient":""},"tablet":{"background-color":"var(--ast-global-color-4)","background-image":"","background-repeat":"repeat","background-position":"center center","background-size":"auto","background-attachment":"scroll","background-type":"","background-media":"","overlay-type":"","overlay-color":"","overlay-opacity":"","overlay-gradient":""},"mobile":{"background-color":"var(--ast-global-color-4)","background-image":"","background-repeat":"repeat","background-position":"center center","background-size":"auto","background-attachment":"scroll","background-type":"","background-media":"","overlay-type":"","overlay-color":"","overlay-opacity":"","overlay-gradient":""}},"footnotes":""},"categories":[26,1,13],"tags":[],"class_list":["post-91842","post","type-post","status-publish","format-standard","has-post-thumbnail","hentry","category-chubut","category-noticias","category-provinciales"],"yoast_head":"<!-- This site is optimized with the Yoast SEO Premium plugin v23.0 (Yoast SEO v27.5) - https:\/\/yoast.com\/product\/yoast-seo-premium-wordpress\/ -->\n<title>Chubut impulsa la energ\u00eda solar con la instalaci\u00f3n de un t\u00f3tem de carga en eventos masivos<\/title>\n<meta name=\"description\" content=\"El Gobierno de Chubut contin\u00faa fortaleciendo su compromiso con las energ\u00edas renovables mediante la implementaci\u00f3n de nuevas tecnolog\u00edas.\" \/>\n<meta name=\"robots\" content=\"index, follow, max-snippet:-1, max-image-preview:large, max-video-preview:-1\" \/>\n<link rel=\"canonical\" href=\"https:\/\/patagoniambiental.com.ar\/info\/chubut-impulsa-la-energia-solar-con-la-instalacion-de-un-totem-de-carga-en-eventos-masivos\/\" \/>\n<meta property=\"og:locale\" content=\"es_ES\" \/>\n<meta property=\"og:type\" content=\"article\" \/>\n<meta property=\"og:title\" content=\"Chubut impulsa la energ\u00eda solar con la instalaci\u00f3n de un t\u00f3tem de carga en eventos masivos\" \/>\n<meta property=\"og:description\" content=\"El Gobierno de Chubut contin\u00faa fortaleciendo su compromiso con las energ\u00edas renovables mediante la implementaci\u00f3n de nuevas tecnolog\u00edas.\" \/>\n<meta property=\"og:url\" content=\"https:\/\/patagoniambiental.com.ar\/info\/chubut-impulsa-la-energia-solar-con-la-instalacion-de-un-totem-de-carga-en-eventos-masivos\/\" \/>\n<meta property=\"og:site_name\" content=\"Patagonia Ambiental\" \/>\n<meta property=\"article:publisher\" content=\"https:\/\/www.facebook.com\/patagonia.ambiental\" \/>\n<meta property=\"article:author\" content=\"https:\/\/www.facebook.com\/share\/1C1V8Gv9BX\/?mibextid=qi2Omg\" \/>\n<meta property=\"article:published_time\" content=\"2025-01-02T15:08:00+00:00\" \/>\n<meta property=\"article:modified_time\" content=\"2025-05-04T19:15:43+00:00\" \/>\n<meta property=\"og:image\" content=\"https:\/\/patagoniambiental.com.ar\/info\/wp-content\/uploads\/2025\/01\/1735834621whatsapp-image-2024-12-29-at-12-34-42-pm.jpeg\" \/>\n\t<meta property=\"og:image:width\" content=\"873\" \/>\n\t<meta property=\"og:image:height\" content=\"575\" \/>\n\t<meta property=\"og:image:type\" content=\"image\/jpeg\" \/>\n<meta name=\"author\" content=\"Patagonia Ambiental\" \/>\n<meta name=\"twitter:card\" content=\"summary_large_image\" \/>\n<meta name=\"twitter:creator\" content=\"@PatAmb\" \/>\n<meta name=\"twitter:site\" content=\"@PatAmb\" \/>\n<script type=\"application\/ld+json\" class=\"yoast-schema-graph\">{\"@context\":\"https:\\\/\\\/schema.org\",\"@graph\":[{\"@type\":\"Article\",\"@id\":\"https:\\\/\\\/patagoniambiental.com.ar\\\/info\\\/chubut-impulsa-la-energia-solar-con-la-instalacion-de-un-totem-de-carga-en-eventos-masivos\\\/#article\",\"isPartOf\":{\"@id\":\"https:\\\/\\\/patagoniambiental.com.ar\\\/info\\\/chubut-impulsa-la-energia-solar-con-la-instalacion-de-un-totem-de-carga-en-eventos-masivos\\\/\"},\"author\":{\"name\":\"Patagonia Ambiental\",\"@id\":\"https:\\\/\\\/patagoniambiental.com.ar\\\/info\\\/#\\\/schema\\\/person\\\/db12bff64bbcbf6a253710bf0ea37b5d\"},\"headline\":\"Chubut impulsa la energ\u00eda solar con la instalaci\u00f3n de un t\u00f3tem de carga en eventos masivos\",\"datePublished\":\"2025-01-02T15:08:00+00:00\",\"dateModified\":\"2025-05-04T19:15:43+00:00\",\"mainEntityOfPage\":{\"@id\":\"https:\\\/\\\/patagoniambiental.com.ar\\\/info\\\/chubut-impulsa-la-energia-solar-con-la-instalacion-de-un-totem-de-carga-en-eventos-masivos\\\/\"},\"wordCount\":710,\"commentCount\":0,\"publisher\":{\"@id\":\"https:\\\/\\\/patagoniambiental.com.ar\\\/info\\\/#organization\"},\"image\":{\"@id\":\"https:\\\/\\\/patagoniambiental.com.ar\\\/info\\\/chubut-impulsa-la-energia-solar-con-la-instalacion-de-un-totem-de-carga-en-eventos-masivos\\\/#primaryimage\"},\"thumbnailUrl\":\"https:\\\/\\\/patagoniambiental.com.ar\\\/info\\\/wp-content\\\/uploads\\\/2025\\\/01\\\/1735834621whatsapp-image-2024-12-29-at-12-34-42-pm.jpeg\",\"articleSection\":[\"Chubut\",\"Noticias\",\"Provinciales\"],\"inLanguage\":\"es\",\"potentialAction\":[{\"@type\":\"CommentAction\",\"name\":\"Comment\",\"target\":[\"https:\\\/\\\/patagoniambiental.com.ar\\\/info\\\/chubut-impulsa-la-energia-solar-con-la-instalacion-de-un-totem-de-carga-en-eventos-masivos\\\/#respond\"]}]},{\"@type\":\"WebPage\",\"@id\":\"https:\\\/\\\/patagoniambiental.com.ar\\\/info\\\/chubut-impulsa-la-energia-solar-con-la-instalacion-de-un-totem-de-carga-en-eventos-masivos\\\/\",\"url\":\"https:\\\/\\\/patagoniambiental.com.ar\\\/info\\\/chubut-impulsa-la-energia-solar-con-la-instalacion-de-un-totem-de-carga-en-eventos-masivos\\\/\",\"name\":\"Chubut impulsa la energ\u00eda solar con la instalaci\u00f3n de un t\u00f3tem de carga en eventos masivos\",\"isPartOf\":{\"@id\":\"https:\\\/\\\/patagoniambiental.com.ar\\\/info\\\/#website\"},\"primaryImageOfPage\":{\"@id\":\"https:\\\/\\\/patagoniambiental.com.ar\\\/info\\\/chubut-impulsa-la-energia-solar-con-la-instalacion-de-un-totem-de-carga-en-eventos-masivos\\\/#primaryimage\"},\"image\":{\"@id\":\"https:\\\/\\\/patagoniambiental.com.ar\\\/info\\\/chubut-impulsa-la-energia-solar-con-la-instalacion-de-un-totem-de-carga-en-eventos-masivos\\\/#primaryimage\"},\"thumbnailUrl\":\"https:\\\/\\\/patagoniambiental.com.ar\\\/info\\\/wp-content\\\/uploads\\\/2025\\\/01\\\/1735834621whatsapp-image-2024-12-29-at-12-34-42-pm.jpeg\",\"datePublished\":\"2025-01-02T15:08:00+00:00\",\"dateModified\":\"2025-05-04T19:15:43+00:00\",\"description\":\"El Gobierno de Chubut contin\u00faa fortaleciendo su compromiso con las energ\u00edas renovables mediante la implementaci\u00f3n de nuevas tecnolog\u00edas.\",\"breadcrumb\":{\"@id\":\"https:\\\/\\\/patagoniambiental.com.ar\\\/info\\\/chubut-impulsa-la-energia-solar-con-la-instalacion-de-un-totem-de-carga-en-eventos-masivos\\\/#breadcrumb\"},\"inLanguage\":\"es\",\"potentialAction\":[{\"@type\":\"ReadAction\",\"target\":[\"https:\\\/\\\/patagoniambiental.com.ar\\\/info\\\/chubut-impulsa-la-energia-solar-con-la-instalacion-de-un-totem-de-carga-en-eventos-masivos\\\/\"]}]},{\"@type\":\"ImageObject\",\"inLanguage\":\"es\",\"@id\":\"https:\\\/\\\/patagoniambiental.com.ar\\\/info\\\/chubut-impulsa-la-energia-solar-con-la-instalacion-de-un-totem-de-carga-en-eventos-masivos\\\/#primaryimage\",\"url\":\"https:\\\/\\\/patagoniambiental.com.ar\\\/info\\\/wp-content\\\/uploads\\\/2025\\\/01\\\/1735834621whatsapp-image-2024-12-29-at-12-34-42-pm.jpeg\",\"contentUrl\":\"https:\\\/\\\/patagoniambiental.com.ar\\\/info\\\/wp-content\\\/uploads\\\/2025\\\/01\\\/1735834621whatsapp-image-2024-12-29-at-12-34-42-pm.jpeg\",\"width\":873,\"height\":575,\"caption\":\": Chubut impulsa la energ\u00eda solar con la instalaci\u00f3n de un t\u00f3tem de carga en eventos masivos\"},{\"@type\":\"BreadcrumbList\",\"@id\":\"https:\\\/\\\/patagoniambiental.com.ar\\\/info\\\/chubut-impulsa-la-energia-solar-con-la-instalacion-de-un-totem-de-carga-en-eventos-masivos\\\/#breadcrumb\",\"itemListElement\":[{\"@type\":\"ListItem\",\"position\":1,\"name\":\"Inicio\",\"item\":\"https:\\\/\\\/patagoniambiental.com.ar\\\/info\\\/\"},{\"@type\":\"ListItem\",\"position\":2,\"name\":\"Chubut impulsa la energ\u00eda solar con la instalaci\u00f3n de un t\u00f3tem de carga en eventos masivos\"}]},{\"@type\":\"WebSite\",\"@id\":\"https:\\\/\\\/patagoniambiental.com.ar\\\/info\\\/#website\",\"url\":\"https:\\\/\\\/patagoniambiental.com.ar\\\/info\\\/\",\"name\":\"Patagonia Ambiental\",\"description\":\"Monitoreo y an\u00e1lisis de la situaci\u00f3n geopol\u00edtica en el mundo y su implicancia en la Patagonia\",\"publisher\":{\"@id\":\"https:\\\/\\\/patagoniambiental.com.ar\\\/info\\\/#organization\"},\"potentialAction\":[{\"@type\":\"SearchAction\",\"target\":{\"@type\":\"EntryPoint\",\"urlTemplate\":\"https:\\\/\\\/patagoniambiental.com.ar\\\/info\\\/?s={search_term_string}\"},\"query-input\":{\"@type\":\"PropertyValueSpecification\",\"valueRequired\":true,\"valueName\":\"search_term_string\"}}],\"inLanguage\":\"es\"},{\"@type\":\"Organization\",\"@id\":\"https:\\\/\\\/patagoniambiental.com.ar\\\/info\\\/#organization\",\"name\":\"Patagonia Ambiental\",\"url\":\"https:\\\/\\\/patagoniambiental.com.ar\\\/info\\\/\",\"logo\":{\"@type\":\"ImageObject\",\"inLanguage\":\"es\",\"@id\":\"https:\\\/\\\/patagoniambiental.com.ar\\\/info\\\/#\\\/schema\\\/logo\\\/image\\\/\",\"url\":\"https:\\\/\\\/patagoniambiental.com.ar\\\/info\\\/wp-content\\\/uploads\\\/2025\\\/05\\\/LOGO-PATAGONIA-AMBIENTAL.png\",\"contentUrl\":\"https:\\\/\\\/patagoniambiental.com.ar\\\/info\\\/wp-content\\\/uploads\\\/2025\\\/05\\\/LOGO-PATAGONIA-AMBIENTAL.png\",\"width\":433,\"height\":250,\"caption\":\"Patagonia Ambiental\"},\"image\":{\"@id\":\"https:\\\/\\\/patagoniambiental.com.ar\\\/info\\\/#\\\/schema\\\/logo\\\/image\\\/\"},\"sameAs\":[\"https:\\\/\\\/www.facebook.com\\\/patagonia.ambiental\",\"https:\\\/\\\/x.com\\\/PatAmb\"]},{\"@type\":\"Person\",\"@id\":\"https:\\\/\\\/patagoniambiental.com.ar\\\/info\\\/#\\\/schema\\\/person\\\/db12bff64bbcbf6a253710bf0ea37b5d\",\"name\":\"Patagonia Ambiental\",\"description\":\"Andr\u00e9s Nievas T\u00e9cnico en manejo ambiental, consultor Ambiental y escritor para medios locales e internacionales sobre temas de geopolitica y medio ambiente.\",\"sameAs\":[\"http:\\\/\\\/www.patagoniambiental.com.ar\",\"https:\\\/\\\/www.facebook.com\\\/share\\\/1C1V8Gv9BX\\\/?mibextid=qi2Omg\",\"@patagoniambiental\",\"https:\\\/\\\/youtube.com\\\/@patagoniaambiental2023?si=BLt58t0wuXquxlYZ\"]}]}<\/script>\n<!-- \/ Yoast SEO Premium plugin. -->","yoast_head_json":{"title":"Chubut impulsa la energ\u00eda solar con la instalaci\u00f3n de un t\u00f3tem de carga en eventos masivos","description":"El Gobierno de Chubut contin\u00faa fortaleciendo su compromiso con las energ\u00edas renovables mediante la implementaci\u00f3n de nuevas tecnolog\u00edas.","robots":{"index":"index","follow":"follow","max-snippet":"max-snippet:-1","max-image-preview":"max-image-preview:large","max-video-preview":"max-video-preview:-1"},"canonical":"https:\/\/patagoniambiental.com.ar\/info\/chubut-impulsa-la-energia-solar-con-la-instalacion-de-un-totem-de-carga-en-eventos-masivos\/","og_locale":"es_ES","og_type":"article","og_title":"Chubut impulsa la energ\u00eda solar con la instalaci\u00f3n de un t\u00f3tem de carga en eventos masivos","og_description":"El Gobierno de Chubut contin\u00faa fortaleciendo su compromiso con las energ\u00edas renovables mediante la implementaci\u00f3n de nuevas tecnolog\u00edas.","og_url":"https:\/\/patagoniambiental.com.ar\/info\/chubut-impulsa-la-energia-solar-con-la-instalacion-de-un-totem-de-carga-en-eventos-masivos\/","og_site_name":"Patagonia Ambiental","article_publisher":"https:\/\/www.facebook.com\/patagonia.ambiental","article_author":"https:\/\/www.facebook.com\/share\/1C1V8Gv9BX\/?mibextid=qi2Omg","article_published_time":"2025-01-02T15:08:00+00:00","article_modified_time":"2025-05-04T19:15:43+00:00","og_image":[{"width":873,"height":575,"url":"https:\/\/patagoniambiental.com.ar\/info\/wp-content\/uploads\/2025\/01\/1735834621whatsapp-image-2024-12-29-at-12-34-42-pm.jpeg","type":"image\/jpeg"}],"author":"Patagonia Ambiental","twitter_card":"summary_large_image","twitter_creator":"@PatAmb","twitter_site":"@PatAmb","schema":{"@context":"https:\/\/schema.org","@graph":[{"@type":"Article","@id":"https:\/\/patagoniambiental.com.ar\/info\/chubut-impulsa-la-energia-solar-con-la-instalacion-de-un-totem-de-carga-en-eventos-masivos\/#article","isPartOf":{"@id":"https:\/\/patagoniambiental.com.ar\/info\/chubut-impulsa-la-energia-solar-con-la-instalacion-de-un-totem-de-carga-en-eventos-masivos\/"},"author":{"name":"Patagonia Ambiental","@id":"https:\/\/patagoniambiental.com.ar\/info\/#\/schema\/person\/db12bff64bbcbf6a253710bf0ea37b5d"},"headline":"Chubut impulsa la energ\u00eda solar con la instalaci\u00f3n de un t\u00f3tem de carga en eventos masivos","datePublished":"2025-01-02T15:08:00+00:00","dateModified":"2025-05-04T19:15:43+00:00","mainEntityOfPage":{"@id":"https:\/\/patagoniambiental.com.ar\/info\/chubut-impulsa-la-energia-solar-con-la-instalacion-de-un-totem-de-carga-en-eventos-masivos\/"},"wordCount":710,"commentCount":0,"publisher":{"@id":"https:\/\/patagoniambiental.com.ar\/info\/#organization"},"image":{"@id":"https:\/\/patagoniambiental.com.ar\/info\/chubut-impulsa-la-energia-solar-con-la-instalacion-de-un-totem-de-carga-en-eventos-masivos\/#primaryimage"},"thumbnailUrl":"https:\/\/patagoniambiental.com.ar\/info\/wp-content\/uploads\/2025\/01\/1735834621whatsapp-image-2024-12-29-at-12-34-42-pm.jpeg","articleSection":["Chubut","Noticias","Provinciales"],"inLanguage":"es","potentialAction":[{"@type":"CommentAction","name":"Comment","target":["https:\/\/patagoniambiental.com.ar\/info\/chubut-impulsa-la-energia-solar-con-la-instalacion-de-un-totem-de-carga-en-eventos-masivos\/#respond"]}]},{"@type":"WebPage","@id":"https:\/\/patagoniambiental.com.ar\/info\/chubut-impulsa-la-energia-solar-con-la-instalacion-de-un-totem-de-carga-en-eventos-masivos\/","url":"https:\/\/patagoniambiental.com.ar\/info\/chubut-impulsa-la-energia-solar-con-la-instalacion-de-un-totem-de-carga-en-eventos-masivos\/","name":"Chubut impulsa la energ\u00eda solar con la instalaci\u00f3n de un t\u00f3tem de carga en eventos masivos","isPartOf":{"@id":"https:\/\/patagoniambiental.com.ar\/info\/#website"},"primaryImageOfPage":{"@id":"https:\/\/patagoniambiental.com.ar\/info\/chubut-impulsa-la-energia-solar-con-la-instalacion-de-un-totem-de-carga-en-eventos-masivos\/#primaryimage"},"image":{"@id":"https:\/\/patagoniambiental.com.ar\/info\/chubut-impulsa-la-energia-solar-con-la-instalacion-de-un-totem-de-carga-en-eventos-masivos\/#primaryimage"},"thumbnailUrl":"https:\/\/patagoniambiental.com.ar\/info\/wp-content\/uploads\/2025\/01\/1735834621whatsapp-image-2024-12-29-at-12-34-42-pm.jpeg","datePublished":"2025-01-02T15:08:00+00:00","dateModified":"2025-05-04T19:15:43+00:00","description":"El Gobierno de Chubut contin\u00faa fortaleciendo su compromiso con las energ\u00edas renovables mediante la implementaci\u00f3n de nuevas tecnolog\u00edas.","breadcrumb":{"@id":"https:\/\/patagoniambiental.com.ar\/info\/chubut-impulsa-la-energia-solar-con-la-instalacion-de-un-totem-de-carga-en-eventos-masivos\/#breadcrumb"},"inLanguage":"es","potentialAction":[{"@type":"ReadAction","target":["https:\/\/patagoniambiental.com.ar\/info\/chubut-impulsa-la-energia-solar-con-la-instalacion-de-un-totem-de-carga-en-eventos-masivos\/"]}]},{"@type":"ImageObject","inLanguage":"es","@id":"https:\/\/patagoniambiental.com.ar\/info\/chubut-impulsa-la-energia-solar-con-la-instalacion-de-un-totem-de-carga-en-eventos-masivos\/#primaryimage","url":"https:\/\/patagoniambiental.com.ar\/info\/wp-content\/uploads\/2025\/01\/1735834621whatsapp-image-2024-12-29-at-12-34-42-pm.jpeg","contentUrl":"https:\/\/patagoniambiental.com.ar\/info\/wp-content\/uploads\/2025\/01\/1735834621whatsapp-image-2024-12-29-at-12-34-42-pm.jpeg","width":873,"height":575,"caption":": Chubut impulsa la energ\u00eda solar con la instalaci\u00f3n de un t\u00f3tem de carga en eventos masivos"},{"@type":"BreadcrumbList","@id":"https:\/\/patagoniambiental.com.ar\/info\/chubut-impulsa-la-energia-solar-con-la-instalacion-de-un-totem-de-carga-en-eventos-masivos\/#breadcrumb","itemListElement":[{"@type":"ListItem","position":1,"name":"Inicio","item":"https:\/\/patagoniambiental.com.ar\/info\/"},{"@type":"ListItem","position":2,"name":"Chubut impulsa la energ\u00eda solar con la instalaci\u00f3n de un t\u00f3tem de carga en eventos masivos"}]},{"@type":"WebSite","@id":"https:\/\/patagoniambiental.com.ar\/info\/#website","url":"https:\/\/patagoniambiental.com.ar\/info\/","name":"Patagonia Ambiental","description":"Monitoreo y an\u00e1lisis de la situaci\u00f3n geopol\u00edtica en el mundo y su implicancia en la Patagonia","publisher":{"@id":"https:\/\/patagoniambiental.com.ar\/info\/#organization"},"potentialAction":[{"@type":"SearchAction","target":{"@type":"EntryPoint","urlTemplate":"https:\/\/patagoniambiental.com.ar\/info\/?s={search_term_string}"},"query-input":{"@type":"PropertyValueSpecification","valueRequired":true,"valueName":"search_term_string"}}],"inLanguage":"es"},{"@type":"Organization","@id":"https:\/\/patagoniambiental.com.ar\/info\/#organization","name":"Patagonia Ambiental","url":"https:\/\/patagoniambiental.com.ar\/info\/","logo":{"@type":"ImageObject","inLanguage":"es","@id":"https:\/\/patagoniambiental.com.ar\/info\/#\/schema\/logo\/image\/","url":"https:\/\/patagoniambiental.com.ar\/info\/wp-content\/uploads\/2025\/05\/LOGO-PATAGONIA-AMBIENTAL.png","contentUrl":"https:\/\/patagoniambiental.com.ar\/info\/wp-content\/uploads\/2025\/05\/LOGO-PATAGONIA-AMBIENTAL.png","width":433,"height":250,"caption":"Patagonia Ambiental"},"image":{"@id":"https:\/\/patagoniambiental.com.ar\/info\/#\/schema\/logo\/image\/"},"sameAs":["https:\/\/www.facebook.com\/patagonia.ambiental","https:\/\/x.com\/PatAmb"]},{"@type":"Person","@id":"https:\/\/patagoniambiental.com.ar\/info\/#\/schema\/person\/db12bff64bbcbf6a253710bf0ea37b5d","name":"Patagonia Ambiental","description":"Andr\u00e9s Nievas T\u00e9cnico en manejo ambiental, consultor Ambiental y escritor para medios locales e internacionales sobre temas de geopolitica y medio ambiente.","sameAs":["http:\/\/www.patagoniambiental.com.ar","https:\/\/www.facebook.com\/share\/1C1V8Gv9BX\/?mibextid=qi2Omg","@patagoniambiental","https:\/\/youtube.com\/@patagoniaambiental2023?si=BLt58t0wuXquxlYZ"]}]}},"_links":{"self":[{"href":"https:\/\/patagoniambiental.com.ar\/info\/wp-json\/wp\/v2\/posts\/91842","targetHints":{"allow":["GET"]}}],"collection":[{"href":"https:\/\/patagoniambiental.com.ar\/info\/wp-json\/wp\/v2\/posts"}],"about":[{"href":"https:\/\/patagoniambiental.com.ar\/info\/wp-json\/wp\/v2\/types\/post"}],"author":[{"embeddable":true,"href":"https:\/\/patagoniambiental.com.ar\/info\/wp-json\/wp\/v2\/users\/2"}],"replies":[{"embeddable":true,"href":"https:\/\/patagoniambiental.com.ar\/info\/wp-json\/wp\/v2\/comments?post=91842"}],"version-history":[{"count":0,"href":"https:\/\/patagoniambiental.com.ar\/info\/wp-json\/wp\/v2\/posts\/91842\/revisions"}],"wp:featuredmedia":[{"embeddable":true,"href":"https:\/\/patagoniambiental.com.ar\/info\/wp-json\/wp\/v2\/media\/91843"}],"wp:attachment":[{"href":"https:\/\/patagoniambiental.com.ar\/info\/wp-json\/wp\/v2\/media?parent=91842"}],"wp:term":[{"taxonomy":"category","embeddable":true,"href":"https:\/\/patagoniambiental.com.ar\/info\/wp-json\/wp\/v2\/categories?post=91842"},{"taxonomy":"post_tag","embeddable":true,"href":"https:\/\/patagoniambiental.com.ar\/info\/wp-json\/wp\/v2\/tags?post=91842"}],"curies":[{"name":"wp","href":"https:\/\/api.w.org\/{rel}","templated":true}]}}