{"id":91848,"date":"2025-01-03T16:39:18","date_gmt":"2025-01-03T19:39:18","guid":{"rendered":"https:\/\/patagoniambiental.com.ar\/info\/?p=91848"},"modified":"2025-05-04T16:15:41","modified_gmt":"2025-05-04T19:15:41","slug":"rio-negro-declara-a-la-cotorra-como-especie-perjudicial-para-la-produccion-agricola","status":"publish","type":"post","link":"https:\/\/patagoniambiental.com.ar\/info\/rio-negro-declara-a-la-cotorra-como-especie-perjudicial-para-la-produccion-agricola\/","title":{"rendered":"R\u00edo Negro declara a la cotorra como especie perjudicial para la producci\u00f3n agr\u00edcola"},"content":{"rendered":"\n<!--more-->\n\n\n\n<p>Viedma, Provincia de Rio Negro, 3 de enero de 2025. El Ministerio de Desarrollo Econ\u00f3mico y Productivo de la <a href=\"http:\/\/www.rionegro.gov.ar\">provincia de R\u00edo Negro<\/a>, a trav\u00e9s de su Subsecretar\u00eda de Fauna, ha emitido una resoluci\u00f3n oficial en la que declara a la cotorra (Myiopsitta monachus) como una especie perjudicial para la producci\u00f3n. La medida responde al creciente impacto negativo que esta especie de ave ha tenido en los cultivos frutales y agr\u00edcolas de la regi\u00f3n, particularmente en los Valles de R\u00edo Negro y Neuqu\u00e9n, donde su poblaci\u00f3n ha experimentado un considerable aumento en los \u00faltimos a\u00f1os.<\/p>\n\n\n\n<p>La cotorra, conocida por sus caracter\u00edsticas de bandada y su capacidad para causar da\u00f1os masivos, representa una amenaza seria para la flora local. Las aves atacan especialmente especies de pepita, carozo y frutos secos, afectando de manera directa la calidad y cantidad de la producci\u00f3n agr\u00edcola. Este problema ha sido especialmente notorio en los cultivos frutales del Alto Valle, Valle Medio y Valle Inferior, \u00e1reas clave de la regi\u00f3n productiva de la Patagonia Norte.<\/p>\n\n\n\n<p>Con el fin de abordar esta problem\u00e1tica, la resoluci\u00f3n se enmarca dentro de un trabajo conjunto entre diversas instituciones y actores relevantes. Entre ellos se encuentran el Ministerio de Desarrollo Econ\u00f3mico, el Instituto Nacional de Tecnolog\u00eda Agropecuaria <a href=\"https:\/\/www.argentina.gob.ar\/inta\">(INTA)<\/a>, la provincia de Neuqu\u00e9n, las c\u00e1maras frut\u00edcolas, los productores locales y especialistas en fauna. La principal intenci\u00f3n es desarrollar estrategias efectivas de control de la especie, priorizando la sostenibilidad y el equilibrio ecol\u00f3gico, sin recurrir a la erradicaci\u00f3n total de la cotorra.<\/p>\n\n\n\n<p>El aumento de denuncias por parte de los productores es una clara muestra del impacto negativo que las cotorras est\u00e1n generando en los cultivos. Las aves se alimentan de flores, brotes y frutos en diferentes etapas de desarrollo, lo que provoca p\u00e9rdidas significativas para los agricultores. Los da\u00f1os son especialmente evidentes durante la temporada de cosecha, cuando las frutas atacadas quedan inutilizables, afectando no solo la rentabilidad de los productores, sino tambi\u00e9n la calidad de los productos destinados al mercado.<\/p>\n\n\n\n<p>Desde el Ministerio de Desarrollo Econ\u00f3mico y Productivo de R\u00edo Negro, se destaca la importancia de implementar medidas de control adecuadas, que no solo resguarden los intereses de los productores, sino que tambi\u00e9n protejan el equilibrio ambiental de la regi\u00f3n. La colaboraci\u00f3n entre los diferentes sectores involucrados ser\u00e1 clave para encontrar soluciones que permitan una fruticultura sostenible y rentable, minimizando los efectos adversos de las cotorras en el ecosistema agr\u00edcola de la Patagonia.<\/p>\n\n\n\n<p>El impacto de esta nueva medida se espera que sea positivo a largo plazo, ya que busca una soluci\u00f3n balanceada que favorezca tanto la productividad local como la preservaci\u00f3n del entorno natural.<\/p>\n","protected":false},"excerpt":{"rendered":"","protected":false},"author":2,"featured_media":91849,"comment_status":"open","ping_status":"open","sticky":false,"template":"","format":"standard","meta":{"site-sidebar-layout":"default","site-content-layout":"","ast-site-content-layout":"default","site-content-style":"default","site-sidebar-style":"default","ast-global-header-display":"","ast-banner-title-visibility":"","ast-main-header-display":"","ast-hfb-above-header-display":"","ast-hfb-below-header-display":"","ast-hfb-mobile-header-display":"","site-post-title":"","ast-breadcrumbs-content":"","ast-featured-img":"","footer-sml-layout":"","ast-disable-related-posts":"","theme-transparent-header-meta":"","adv-header-id-meta":"","stick-header-meta":"","header-above-stick-meta":"","header-main-stick-meta":"","header-below-stick-meta":"","astra-migrate-meta-layouts":"default","ast-page-background-enabled":"default","ast-page-background-meta":{"desktop":{"background-color":"var(--ast-global-color-5)","background-image":"","background-repeat":"repeat","background-position":"center center","background-size":"auto","background-attachment":"scroll","background-type":"","background-media":"","overlay-type":"","overlay-color":"","overlay-opacity":"","overlay-gradient":""},"tablet":{"background-color":"","background-image":"","background-repeat":"repeat","background-position":"center center","background-size":"auto","background-attachment":"scroll","background-type":"","background-media":"","overlay-type":"","overlay-color":"","overlay-opacity":"","overlay-gradient":""},"mobile":{"background-color":"","background-image":"","background-repeat":"repeat","background-position":"center center","background-size":"auto","background-attachment":"scroll","background-type":"","background-media":"","overlay-type":"","overlay-color":"","overlay-opacity":"","overlay-gradient":""}},"ast-content-background-meta":{"desktop":{"background-color":"var(--ast-global-color-4)","background-image":"","background-repeat":"repeat","background-position":"center center","background-size":"auto","background-attachment":"scroll","background-type":"","background-media":"","overlay-type":"","overlay-color":"","overlay-opacity":"","overlay-gradient":""},"tablet":{"background-color":"var(--ast-global-color-4)","background-image":"","background-repeat":"repeat","background-position":"center center","background-size":"auto","background-attachment":"scroll","background-type":"","background-media":"","overlay-type":"","overlay-color":"","overlay-opacity":"","overlay-gradient":""},"mobile":{"background-color":"var(--ast-global-color-4)","background-image":"","background-repeat":"repeat","background-position":"center center","background-size":"auto","background-attachment":"scroll","background-type":"","background-media":"","overlay-type":"","overlay-color":"","overlay-opacity":"","overlay-gradient":""}},"footnotes":""},"categories":[1,13,14],"tags":[],"class_list":["post-91848","post","type-post","status-publish","format-standard","has-post-thumbnail","hentry","category-noticias","category-provinciales","category-rio-negro"],"yoast_head":"<!-- This site is optimized with the Yoast SEO Premium plugin v23.0 (Yoast SEO v27.5) - https:\/\/yoast.com\/product\/yoast-seo-premium-wordpress\/ -->\n<title>R\u00edo Negro declara a la cotorra como especie perjudicial para la producci\u00f3n agr\u00edcola<\/title>\n<meta name=\"description\" content=\"El Ministerio de Desarrollo Econ\u00f3mico y Productivo de la provincia de R\u00edo Negro, a trav\u00e9s de su Subsecretar\u00eda de Fauna, ha emitido una resoluci\u00f3n oficial en la que declara a la cotorra (Myiopsitta monachus) como una especie perjudicial para la producci\u00f3n.\" \/>\n<meta name=\"robots\" content=\"index, follow, max-snippet:-1, max-image-preview:large, max-video-preview:-1\" \/>\n<link rel=\"canonical\" href=\"https:\/\/patagoniambiental.com.ar\/info\/rio-negro-declara-a-la-cotorra-como-especie-perjudicial-para-la-produccion-agricola\/\" \/>\n<meta property=\"og:locale\" content=\"es_ES\" \/>\n<meta property=\"og:type\" content=\"article\" \/>\n<meta property=\"og:title\" content=\"R\u00edo Negro declara a la cotorra como especie perjudicial para la producci\u00f3n agr\u00edcola\" \/>\n<meta property=\"og:description\" content=\"El Ministerio de Desarrollo Econ\u00f3mico y Productivo de la provincia de R\u00edo Negro, a trav\u00e9s de su Subsecretar\u00eda de Fauna, ha emitido una resoluci\u00f3n oficial en la que declara a la cotorra (Myiopsitta monachus) como una especie perjudicial para la producci\u00f3n.\" \/>\n<meta property=\"og:url\" content=\"https:\/\/patagoniambiental.com.ar\/info\/rio-negro-declara-a-la-cotorra-como-especie-perjudicial-para-la-produccion-agricola\/\" \/>\n<meta property=\"og:site_name\" content=\"Patagonia Ambiental\" \/>\n<meta property=\"article:publisher\" content=\"https:\/\/www.facebook.com\/patagonia.ambiental\" \/>\n<meta property=\"article:author\" content=\"https:\/\/www.facebook.com\/share\/1C1V8Gv9BX\/?mibextid=qi2Omg\" \/>\n<meta property=\"article:published_time\" content=\"2025-01-03T19:39:18+00:00\" \/>\n<meta property=\"article:modified_time\" content=\"2025-05-04T19:15:41+00:00\" \/>\n<meta property=\"og:image\" content=\"https:\/\/patagoniambiental.com.ar\/info\/wp-content\/uploads\/2025\/01\/1735909761-b32cfa26bb8a028475d4.jpeg\" \/>\n\t<meta property=\"og:image:width\" content=\"477\" \/>\n\t<meta property=\"og:image:height\" content=\"268\" \/>\n\t<meta property=\"og:image:type\" content=\"image\/jpeg\" \/>\n<meta name=\"author\" content=\"Patagonia Ambiental\" \/>\n<meta name=\"twitter:card\" content=\"summary_large_image\" \/>\n<meta name=\"twitter:creator\" content=\"@PatAmb\" \/>\n<meta name=\"twitter:site\" content=\"@PatAmb\" \/>\n<script type=\"application\/ld+json\" class=\"yoast-schema-graph\">{\"@context\":\"https:\\\/\\\/schema.org\",\"@graph\":[{\"@type\":\"Article\",\"@id\":\"https:\\\/\\\/patagoniambiental.com.ar\\\/info\\\/rio-negro-declara-a-la-cotorra-como-especie-perjudicial-para-la-produccion-agricola\\\/#article\",\"isPartOf\":{\"@id\":\"https:\\\/\\\/patagoniambiental.com.ar\\\/info\\\/rio-negro-declara-a-la-cotorra-como-especie-perjudicial-para-la-produccion-agricola\\\/\"},\"author\":{\"name\":\"Patagonia Ambiental\",\"@id\":\"https:\\\/\\\/patagoniambiental.com.ar\\\/info\\\/#\\\/schema\\\/person\\\/db12bff64bbcbf6a253710bf0ea37b5d\"},\"headline\":\"R\u00edo Negro declara a la cotorra como especie perjudicial para la producci\u00f3n agr\u00edcola\",\"datePublished\":\"2025-01-03T19:39:18+00:00\",\"dateModified\":\"2025-05-04T19:15:41+00:00\",\"mainEntityOfPage\":{\"@id\":\"https:\\\/\\\/patagoniambiental.com.ar\\\/info\\\/rio-negro-declara-a-la-cotorra-como-especie-perjudicial-para-la-produccion-agricola\\\/\"},\"wordCount\":487,\"commentCount\":0,\"publisher\":{\"@id\":\"https:\\\/\\\/patagoniambiental.com.ar\\\/info\\\/#organization\"},\"image\":{\"@id\":\"https:\\\/\\\/patagoniambiental.com.ar\\\/info\\\/rio-negro-declara-a-la-cotorra-como-especie-perjudicial-para-la-produccion-agricola\\\/#primaryimage\"},\"thumbnailUrl\":\"https:\\\/\\\/patagoniambiental.com.ar\\\/info\\\/wp-content\\\/uploads\\\/2025\\\/01\\\/1735909761-b32cfa26bb8a028475d4.jpeg\",\"articleSection\":[\"Noticias\",\"Provinciales\",\"R\u00edo Negro\"],\"inLanguage\":\"es\",\"potentialAction\":[{\"@type\":\"CommentAction\",\"name\":\"Comment\",\"target\":[\"https:\\\/\\\/patagoniambiental.com.ar\\\/info\\\/rio-negro-declara-a-la-cotorra-como-especie-perjudicial-para-la-produccion-agricola\\\/#respond\"]}]},{\"@type\":\"WebPage\",\"@id\":\"https:\\\/\\\/patagoniambiental.com.ar\\\/info\\\/rio-negro-declara-a-la-cotorra-como-especie-perjudicial-para-la-produccion-agricola\\\/\",\"url\":\"https:\\\/\\\/patagoniambiental.com.ar\\\/info\\\/rio-negro-declara-a-la-cotorra-como-especie-perjudicial-para-la-produccion-agricola\\\/\",\"name\":\"R\u00edo Negro declara a la cotorra como especie perjudicial para la producci\u00f3n agr\u00edcola\",\"isPartOf\":{\"@id\":\"https:\\\/\\\/patagoniambiental.com.ar\\\/info\\\/#website\"},\"primaryImageOfPage\":{\"@id\":\"https:\\\/\\\/patagoniambiental.com.ar\\\/info\\\/rio-negro-declara-a-la-cotorra-como-especie-perjudicial-para-la-produccion-agricola\\\/#primaryimage\"},\"image\":{\"@id\":\"https:\\\/\\\/patagoniambiental.com.ar\\\/info\\\/rio-negro-declara-a-la-cotorra-como-especie-perjudicial-para-la-produccion-agricola\\\/#primaryimage\"},\"thumbnailUrl\":\"https:\\\/\\\/patagoniambiental.com.ar\\\/info\\\/wp-content\\\/uploads\\\/2025\\\/01\\\/1735909761-b32cfa26bb8a028475d4.jpeg\",\"datePublished\":\"2025-01-03T19:39:18+00:00\",\"dateModified\":\"2025-05-04T19:15:41+00:00\",\"description\":\"El Ministerio de Desarrollo Econ\u00f3mico y Productivo de la provincia de R\u00edo Negro, a trav\u00e9s de su Subsecretar\u00eda de Fauna, ha emitido una resoluci\u00f3n oficial en la que declara a la cotorra (Myiopsitta monachus) como una especie perjudicial para la producci\u00f3n.\",\"breadcrumb\":{\"@id\":\"https:\\\/\\\/patagoniambiental.com.ar\\\/info\\\/rio-negro-declara-a-la-cotorra-como-especie-perjudicial-para-la-produccion-agricola\\\/#breadcrumb\"},\"inLanguage\":\"es\",\"potentialAction\":[{\"@type\":\"ReadAction\",\"target\":[\"https:\\\/\\\/patagoniambiental.com.ar\\\/info\\\/rio-negro-declara-a-la-cotorra-como-especie-perjudicial-para-la-produccion-agricola\\\/\"]}]},{\"@type\":\"ImageObject\",\"inLanguage\":\"es\",\"@id\":\"https:\\\/\\\/patagoniambiental.com.ar\\\/info\\\/rio-negro-declara-a-la-cotorra-como-especie-perjudicial-para-la-produccion-agricola\\\/#primaryimage\",\"url\":\"https:\\\/\\\/patagoniambiental.com.ar\\\/info\\\/wp-content\\\/uploads\\\/2025\\\/01\\\/1735909761-b32cfa26bb8a028475d4.jpeg\",\"contentUrl\":\"https:\\\/\\\/patagoniambiental.com.ar\\\/info\\\/wp-content\\\/uploads\\\/2025\\\/01\\\/1735909761-b32cfa26bb8a028475d4.jpeg\",\"width\":477,\"height\":268,\"caption\":\"R\u00edo Negro declara a la cotorra como especie perjudicial para la producci\u00f3n agr\u00edcola\"},{\"@type\":\"BreadcrumbList\",\"@id\":\"https:\\\/\\\/patagoniambiental.com.ar\\\/info\\\/rio-negro-declara-a-la-cotorra-como-especie-perjudicial-para-la-produccion-agricola\\\/#breadcrumb\",\"itemListElement\":[{\"@type\":\"ListItem\",\"position\":1,\"name\":\"Inicio\",\"item\":\"https:\\\/\\\/patagoniambiental.com.ar\\\/info\\\/\"},{\"@type\":\"ListItem\",\"position\":2,\"name\":\"R\u00edo Negro declara a la cotorra como especie perjudicial para la producci\u00f3n agr\u00edcola\"}]},{\"@type\":\"WebSite\",\"@id\":\"https:\\\/\\\/patagoniambiental.com.ar\\\/info\\\/#website\",\"url\":\"https:\\\/\\\/patagoniambiental.com.ar\\\/info\\\/\",\"name\":\"Patagonia Ambiental\",\"description\":\"Monitoreo y an\u00e1lisis de la situaci\u00f3n geopol\u00edtica en el mundo y su implicancia en la Patagonia\",\"publisher\":{\"@id\":\"https:\\\/\\\/patagoniambiental.com.ar\\\/info\\\/#organization\"},\"potentialAction\":[{\"@type\":\"SearchAction\",\"target\":{\"@type\":\"EntryPoint\",\"urlTemplate\":\"https:\\\/\\\/patagoniambiental.com.ar\\\/info\\\/?s={search_term_string}\"},\"query-input\":{\"@type\":\"PropertyValueSpecification\",\"valueRequired\":true,\"valueName\":\"search_term_string\"}}],\"inLanguage\":\"es\"},{\"@type\":\"Organization\",\"@id\":\"https:\\\/\\\/patagoniambiental.com.ar\\\/info\\\/#organization\",\"name\":\"Patagonia Ambiental\",\"url\":\"https:\\\/\\\/patagoniambiental.com.ar\\\/info\\\/\",\"logo\":{\"@type\":\"ImageObject\",\"inLanguage\":\"es\",\"@id\":\"https:\\\/\\\/patagoniambiental.com.ar\\\/info\\\/#\\\/schema\\\/logo\\\/image\\\/\",\"url\":\"https:\\\/\\\/patagoniambiental.com.ar\\\/info\\\/wp-content\\\/uploads\\\/2025\\\/05\\\/LOGO-PATAGONIA-AMBIENTAL.png\",\"contentUrl\":\"https:\\\/\\\/patagoniambiental.com.ar\\\/info\\\/wp-content\\\/uploads\\\/2025\\\/05\\\/LOGO-PATAGONIA-AMBIENTAL.png\",\"width\":433,\"height\":250,\"caption\":\"Patagonia Ambiental\"},\"image\":{\"@id\":\"https:\\\/\\\/patagoniambiental.com.ar\\\/info\\\/#\\\/schema\\\/logo\\\/image\\\/\"},\"sameAs\":[\"https:\\\/\\\/www.facebook.com\\\/patagonia.ambiental\",\"https:\\\/\\\/x.com\\\/PatAmb\"]},{\"@type\":\"Person\",\"@id\":\"https:\\\/\\\/patagoniambiental.com.ar\\\/info\\\/#\\\/schema\\\/person\\\/db12bff64bbcbf6a253710bf0ea37b5d\",\"name\":\"Patagonia Ambiental\",\"description\":\"Andr\u00e9s Nievas T\u00e9cnico en manejo ambiental, consultor Ambiental y escritor para medios locales e internacionales sobre temas de geopolitica y medio ambiente.\",\"sameAs\":[\"http:\\\/\\\/www.patagoniambiental.com.ar\",\"https:\\\/\\\/www.facebook.com\\\/share\\\/1C1V8Gv9BX\\\/?mibextid=qi2Omg\",\"@patagoniambiental\",\"https:\\\/\\\/youtube.com\\\/@patagoniaambiental2023?si=BLt58t0wuXquxlYZ\"]}]}<\/script>\n<!-- \/ Yoast SEO Premium plugin. -->","yoast_head_json":{"title":"R\u00edo Negro declara a la cotorra como especie perjudicial para la producci\u00f3n agr\u00edcola","description":"El Ministerio de Desarrollo Econ\u00f3mico y Productivo de la provincia de R\u00edo Negro, a trav\u00e9s de su Subsecretar\u00eda de Fauna, ha emitido una resoluci\u00f3n oficial en la que declara a la cotorra (Myiopsitta monachus) como una especie perjudicial para la producci\u00f3n.","robots":{"index":"index","follow":"follow","max-snippet":"max-snippet:-1","max-image-preview":"max-image-preview:large","max-video-preview":"max-video-preview:-1"},"canonical":"https:\/\/patagoniambiental.com.ar\/info\/rio-negro-declara-a-la-cotorra-como-especie-perjudicial-para-la-produccion-agricola\/","og_locale":"es_ES","og_type":"article","og_title":"R\u00edo Negro declara a la cotorra como especie perjudicial para la producci\u00f3n agr\u00edcola","og_description":"El Ministerio de Desarrollo Econ\u00f3mico y Productivo de la provincia de R\u00edo Negro, a trav\u00e9s de su Subsecretar\u00eda de Fauna, ha emitido una resoluci\u00f3n oficial en la que declara a la cotorra (Myiopsitta monachus) como una especie perjudicial para la producci\u00f3n.","og_url":"https:\/\/patagoniambiental.com.ar\/info\/rio-negro-declara-a-la-cotorra-como-especie-perjudicial-para-la-produccion-agricola\/","og_site_name":"Patagonia Ambiental","article_publisher":"https:\/\/www.facebook.com\/patagonia.ambiental","article_author":"https:\/\/www.facebook.com\/share\/1C1V8Gv9BX\/?mibextid=qi2Omg","article_published_time":"2025-01-03T19:39:18+00:00","article_modified_time":"2025-05-04T19:15:41+00:00","og_image":[{"width":477,"height":268,"url":"https:\/\/patagoniambiental.com.ar\/info\/wp-content\/uploads\/2025\/01\/1735909761-b32cfa26bb8a028475d4.jpeg","type":"image\/jpeg"}],"author":"Patagonia Ambiental","twitter_card":"summary_large_image","twitter_creator":"@PatAmb","twitter_site":"@PatAmb","schema":{"@context":"https:\/\/schema.org","@graph":[{"@type":"Article","@id":"https:\/\/patagoniambiental.com.ar\/info\/rio-negro-declara-a-la-cotorra-como-especie-perjudicial-para-la-produccion-agricola\/#article","isPartOf":{"@id":"https:\/\/patagoniambiental.com.ar\/info\/rio-negro-declara-a-la-cotorra-como-especie-perjudicial-para-la-produccion-agricola\/"},"author":{"name":"Patagonia Ambiental","@id":"https:\/\/patagoniambiental.com.ar\/info\/#\/schema\/person\/db12bff64bbcbf6a253710bf0ea37b5d"},"headline":"R\u00edo Negro declara a la cotorra como especie perjudicial para la producci\u00f3n agr\u00edcola","datePublished":"2025-01-03T19:39:18+00:00","dateModified":"2025-05-04T19:15:41+00:00","mainEntityOfPage":{"@id":"https:\/\/patagoniambiental.com.ar\/info\/rio-negro-declara-a-la-cotorra-como-especie-perjudicial-para-la-produccion-agricola\/"},"wordCount":487,"commentCount":0,"publisher":{"@id":"https:\/\/patagoniambiental.com.ar\/info\/#organization"},"image":{"@id":"https:\/\/patagoniambiental.com.ar\/info\/rio-negro-declara-a-la-cotorra-como-especie-perjudicial-para-la-produccion-agricola\/#primaryimage"},"thumbnailUrl":"https:\/\/patagoniambiental.com.ar\/info\/wp-content\/uploads\/2025\/01\/1735909761-b32cfa26bb8a028475d4.jpeg","articleSection":["Noticias","Provinciales","R\u00edo Negro"],"inLanguage":"es","potentialAction":[{"@type":"CommentAction","name":"Comment","target":["https:\/\/patagoniambiental.com.ar\/info\/rio-negro-declara-a-la-cotorra-como-especie-perjudicial-para-la-produccion-agricola\/#respond"]}]},{"@type":"WebPage","@id":"https:\/\/patagoniambiental.com.ar\/info\/rio-negro-declara-a-la-cotorra-como-especie-perjudicial-para-la-produccion-agricola\/","url":"https:\/\/patagoniambiental.com.ar\/info\/rio-negro-declara-a-la-cotorra-como-especie-perjudicial-para-la-produccion-agricola\/","name":"R\u00edo Negro declara a la cotorra como especie perjudicial para la producci\u00f3n agr\u00edcola","isPartOf":{"@id":"https:\/\/patagoniambiental.com.ar\/info\/#website"},"primaryImageOfPage":{"@id":"https:\/\/patagoniambiental.com.ar\/info\/rio-negro-declara-a-la-cotorra-como-especie-perjudicial-para-la-produccion-agricola\/#primaryimage"},"image":{"@id":"https:\/\/patagoniambiental.com.ar\/info\/rio-negro-declara-a-la-cotorra-como-especie-perjudicial-para-la-produccion-agricola\/#primaryimage"},"thumbnailUrl":"https:\/\/patagoniambiental.com.ar\/info\/wp-content\/uploads\/2025\/01\/1735909761-b32cfa26bb8a028475d4.jpeg","datePublished":"2025-01-03T19:39:18+00:00","dateModified":"2025-05-04T19:15:41+00:00","description":"El Ministerio de Desarrollo Econ\u00f3mico y Productivo de la provincia de R\u00edo Negro, a trav\u00e9s de su Subsecretar\u00eda de Fauna, ha emitido una resoluci\u00f3n oficial en la que declara a la cotorra (Myiopsitta monachus) como una especie perjudicial para la producci\u00f3n.","breadcrumb":{"@id":"https:\/\/patagoniambiental.com.ar\/info\/rio-negro-declara-a-la-cotorra-como-especie-perjudicial-para-la-produccion-agricola\/#breadcrumb"},"inLanguage":"es","potentialAction":[{"@type":"ReadAction","target":["https:\/\/patagoniambiental.com.ar\/info\/rio-negro-declara-a-la-cotorra-como-especie-perjudicial-para-la-produccion-agricola\/"]}]},{"@type":"ImageObject","inLanguage":"es","@id":"https:\/\/patagoniambiental.com.ar\/info\/rio-negro-declara-a-la-cotorra-como-especie-perjudicial-para-la-produccion-agricola\/#primaryimage","url":"https:\/\/patagoniambiental.com.ar\/info\/wp-content\/uploads\/2025\/01\/1735909761-b32cfa26bb8a028475d4.jpeg","contentUrl":"https:\/\/patagoniambiental.com.ar\/info\/wp-content\/uploads\/2025\/01\/1735909761-b32cfa26bb8a028475d4.jpeg","width":477,"height":268,"caption":"R\u00edo Negro declara a la cotorra como especie perjudicial para la producci\u00f3n agr\u00edcola"},{"@type":"BreadcrumbList","@id":"https:\/\/patagoniambiental.com.ar\/info\/rio-negro-declara-a-la-cotorra-como-especie-perjudicial-para-la-produccion-agricola\/#breadcrumb","itemListElement":[{"@type":"ListItem","position":1,"name":"Inicio","item":"https:\/\/patagoniambiental.com.ar\/info\/"},{"@type":"ListItem","position":2,"name":"R\u00edo Negro declara a la cotorra como especie perjudicial para la producci\u00f3n agr\u00edcola"}]},{"@type":"WebSite","@id":"https:\/\/patagoniambiental.com.ar\/info\/#website","url":"https:\/\/patagoniambiental.com.ar\/info\/","name":"Patagonia Ambiental","description":"Monitoreo y an\u00e1lisis de la situaci\u00f3n geopol\u00edtica en el mundo y su implicancia en la Patagonia","publisher":{"@id":"https:\/\/patagoniambiental.com.ar\/info\/#organization"},"potentialAction":[{"@type":"SearchAction","target":{"@type":"EntryPoint","urlTemplate":"https:\/\/patagoniambiental.com.ar\/info\/?s={search_term_string}"},"query-input":{"@type":"PropertyValueSpecification","valueRequired":true,"valueName":"search_term_string"}}],"inLanguage":"es"},{"@type":"Organization","@id":"https:\/\/patagoniambiental.com.ar\/info\/#organization","name":"Patagonia Ambiental","url":"https:\/\/patagoniambiental.com.ar\/info\/","logo":{"@type":"ImageObject","inLanguage":"es","@id":"https:\/\/patagoniambiental.com.ar\/info\/#\/schema\/logo\/image\/","url":"https:\/\/patagoniambiental.com.ar\/info\/wp-content\/uploads\/2025\/05\/LOGO-PATAGONIA-AMBIENTAL.png","contentUrl":"https:\/\/patagoniambiental.com.ar\/info\/wp-content\/uploads\/2025\/05\/LOGO-PATAGONIA-AMBIENTAL.png","width":433,"height":250,"caption":"Patagonia Ambiental"},"image":{"@id":"https:\/\/patagoniambiental.com.ar\/info\/#\/schema\/logo\/image\/"},"sameAs":["https:\/\/www.facebook.com\/patagonia.ambiental","https:\/\/x.com\/PatAmb"]},{"@type":"Person","@id":"https:\/\/patagoniambiental.com.ar\/info\/#\/schema\/person\/db12bff64bbcbf6a253710bf0ea37b5d","name":"Patagonia Ambiental","description":"Andr\u00e9s Nievas T\u00e9cnico en manejo ambiental, consultor Ambiental y escritor para medios locales e internacionales sobre temas de geopolitica y medio ambiente.","sameAs":["http:\/\/www.patagoniambiental.com.ar","https:\/\/www.facebook.com\/share\/1C1V8Gv9BX\/?mibextid=qi2Omg","@patagoniambiental","https:\/\/youtube.com\/@patagoniaambiental2023?si=BLt58t0wuXquxlYZ"]}]}},"_links":{"self":[{"href":"https:\/\/patagoniambiental.com.ar\/info\/wp-json\/wp\/v2\/posts\/91848","targetHints":{"allow":["GET"]}}],"collection":[{"href":"https:\/\/patagoniambiental.com.ar\/info\/wp-json\/wp\/v2\/posts"}],"about":[{"href":"https:\/\/patagoniambiental.com.ar\/info\/wp-json\/wp\/v2\/types\/post"}],"author":[{"embeddable":true,"href":"https:\/\/patagoniambiental.com.ar\/info\/wp-json\/wp\/v2\/users\/2"}],"replies":[{"embeddable":true,"href":"https:\/\/patagoniambiental.com.ar\/info\/wp-json\/wp\/v2\/comments?post=91848"}],"version-history":[{"count":0,"href":"https:\/\/patagoniambiental.com.ar\/info\/wp-json\/wp\/v2\/posts\/91848\/revisions"}],"wp:featuredmedia":[{"embeddable":true,"href":"https:\/\/patagoniambiental.com.ar\/info\/wp-json\/wp\/v2\/media\/91849"}],"wp:attachment":[{"href":"https:\/\/patagoniambiental.com.ar\/info\/wp-json\/wp\/v2\/media?parent=91848"}],"wp:term":[{"taxonomy":"category","embeddable":true,"href":"https:\/\/patagoniambiental.com.ar\/info\/wp-json\/wp\/v2\/categories?post=91848"},{"taxonomy":"post_tag","embeddable":true,"href":"https:\/\/patagoniambiental.com.ar\/info\/wp-json\/wp\/v2\/tags?post=91848"}],"curies":[{"name":"wp","href":"https:\/\/api.w.org\/{rel}","templated":true}]}}